{"id":4325,"date":"2010-03-09T15:34:13","date_gmt":"2010-03-09T12:34:13","guid":{"rendered":"http:\/\/localhost\/wordpress\/2010\/03\/09\/dingin-bir-ses-mutevazi-bir-kisilik-hakan-yesilyurt-ve-sarkilari\/"},"modified":"2010-03-09T15:34:13","modified_gmt":"2010-03-09T12:34:13","slug":"dingin-bir-ses-mutevazi-bir-kisilik-hakan-yesilyurt-ve-sarkilari","status":"publish","type":"post","link":"https:\/\/narteks.net\/index.php\/2010\/03\/09\/dingin-bir-ses-mutevazi-bir-kisilik-hakan-yesilyurt-ve-sarkilari\/","title":{"rendered":"Dingin bir ses | M\u00fctevazi bir ki\u015filik &#8211; Hakan Ye\u015filyurt ve \u015fark\u0131lar\u0131"},"content":{"rendered":"<p style=\"text-align: justify;\"><img loading=\"lazy\" decoding=\"async\" src=\"images\/stories\/hakanyesilyurt.jpg\" border=\"0\" width=\"155\" height=\"205\" style=\"float: left;\" \/>Aslen Sivas&#8217;l\u0131 olan Hakan Ye\u015filyurt 1973 y\u0131l\u0131nda Ankara&#8217;da do\u011fdu.Profesyonel M\u00fczik hayat\u0131na bir d\u00f6nem \u00f6zg\u00fcn m\u00fczi\u011fin \u00f6nemli gruplar\u0131ndan &#8221; Adal\u0131lar &#8221; da ba\u015flad\u0131.Grubun solistli\u011fini\u00a0 yapan sanat\u00e7\u0131n\u0131n vokalistli\u011finide Seza K\u0131rg\u0131z yap\u0131yordu.Grubun \u00e7\u0131karm\u0131\u015f oldu\u011fu\u00a0 &#8216;Adal\u0131lar 2&#8217; ve &#8216;Biz Halk\u0131z&#8217; alb\u00fcmlerinde yer ald\u0131. Grup &#8221; Adal\u0131lar t\u00fcrk\u00fc s\u00f6yler &#8221; Alb\u00fcm\u00fcnden sonra kaset \u00e7\u0131karmam\u0131\u015ft\u0131r.Profesyonel m\u00fczik hayat\u0131na yanl\u0131z devam eden Hakan Ye\u015filyurt&#8217;un ilk solo alb\u00fcm\u00fc &#8216;Efteyla&#8217; ad\u0131yla yay\u0131nland\u0131, daha sonra &#8216;Ate\u015f H\u0131rs\u0131z\u0131&#8217; ve &#8216;\u00c7\u00f6kertme&#8217; isimli alb\u00fcmleri ile dinleyicileriyle bulu\u015ftu, 2007 y\u0131l\u0131nda yay\u0131nlanan &#8216;Sen A\u015fks\u0131n&#8217; adl\u0131 alb\u00fcm\u00fc m\u00fczik marketlerdeki yerini ald\u0131. Kemal Sahir G\u00fcrel ile birlikte bir d\u00f6nem yay\u0131nlanan &#8221; Kur\u015fun yaras\u0131 &#8221; dizisinin m\u00fcziklerinide yapm\u0131\u015ft\u0131r.Dingin bir sesi,m\u00fctevazi ki\u015fili\u011fi ve yapt\u0131\u011f\u0131 ba\u015far\u0131l\u0131 \u00e7al\u0131\u015fmalarla \u00e7ok geni\u015f olmasa da sad\u0131k bir dinleyici kitlesine sahip olmu\u015ftur.<\/p>\n<p><!--more--><\/p>\n<p>\u00a0<\/p>\n<p>\u00a0<\/p>\n<p>\n<object width=\"400\" height=\"315\" data=\"http:\/\/www.humyo.com\/E\/10044311-281475270417331\/10044311-281475270401535\/10044311-281475270402475\/10044311-281475270403399\/10044311-281475270404991\/10044311-281475270406275\/10044311-281475270407203\/10044311-281475270417939\/10044311-281475270408043\/10044311-281475270409127\/10044311-281475270419099\/10044311-281475270420089\/10044311-281475270410887\/10044311-281475270411637\/10044311-281475270412697\/10044311-281475270413915\/10044311-281475270420965\/10044311-281475270421715\/10044311-281475270414539\/10044311-281475270415351\/10044311-281475270416315\/10044311-281475270422943\/10044311-281475270404185\/10044311-281475270423989\/10044311-281475270424581\" type=\"application\/x-shockwave-flash\"><param name=\"flashvars\" value=\"autostart=true&amp;imagestart=true&amp;displayheight=236\" \/><param name=\"src\" value=\"http:\/\/www.humyo.com\/E\/10044311-281475270417331\/10044311-281475270401535\/10044311-281475270402475\/10044311-281475270403399\/10044311-281475270404991\/10044311-281475270406275\/10044311-281475270407203\/10044311-281475270417939\/10044311-281475270408043\/10044311-281475270409127\/10044311-281475270419099\/10044311-281475270420089\/10044311-281475270410887\/10044311-281475270411637\/10044311-281475270412697\/10044311-281475270413915\/10044311-281475270420965\/10044311-281475270421715\/10044311-281475270414539\/10044311-281475270415351\/10044311-281475270416315\/10044311-281475270422943\/10044311-281475270404185\/10044311-281475270423989\/10044311-281475270424581\" \/><\/object><\/p>\n","protected":false},"excerpt":{"rendered":"<p>Aslen Sivas&#8217;l\u0131 olan Hakan Ye\u015filyurt 1973 y\u0131l\u0131nda Ankara&#8217;da do\u011fdu.Profesyonel M\u00fczik hayat\u0131na bir d\u00f6nem \u00f6zg\u00fcn m\u00fczi\u011fin \u00f6nemli gruplar\u0131ndan &#8221; Adal\u0131lar &#8221; da ba\u015flad\u0131.Grubun solistli\u011fini\u00a0 yapan sanat\u00e7\u0131n\u0131n vokalistli\u011finide Seza K\u0131rg\u0131z yap\u0131yordu.Grubun \u00e7\u0131karm\u0131\u015f oldu\u011fu\u00a0 &#8216;Adal\u0131lar 2&#8217; ve &#8216;Biz Halk\u0131z&#8217; alb\u00fcmlerinde yer ald\u0131. Grup &#8221; Adal\u0131lar t\u00fcrk\u00fc s\u00f6yler &#8221; Alb\u00fcm\u00fcnden sonra kaset \u00e7\u0131karmam\u0131\u015ft\u0131r.Profesyonel m\u00fczik hayat\u0131na yanl\u0131z devam eden Hakan [&hellip;]<\/p>\n","protected":false},"author":1,"featured_media":0,"comment_status":"open","ping_status":"open","sticky":false,"template":"","format":"standard","meta":{"footnotes":""},"categories":[100],"tags":[],"class_list":{"0":"post-4325","1":"post","2":"type-post","3":"status-publish","4":"format-standard","6":"category-muzisyenler"},"yoast_head":"<!-- This site is optimized with the Yoast SEO Premium plugin v24.9 (Yoast SEO v24.9) - https:\/\/yoast.com\/wordpress\/plugins\/seo\/ -->\n<title>Dingin bir ses | M\u00fctevazi bir ki\u015filik - Hakan Ye\u015filyurt ve \u015fark\u0131lar\u0131 - narteks.net<\/title>\n<meta name=\"robots\" content=\"index, follow, max-snippet:-1, max-image-preview:large, max-video-preview:-1\" \/>\n<link rel=\"canonical\" href=\"https:\/\/narteks.net\/index.php\/2010\/03\/09\/dingin-bir-ses-mutevazi-bir-kisilik-hakan-yesilyurt-ve-sarkilari\/\" \/>\n<meta property=\"og:locale\" content=\"tr_TR\" \/>\n<meta property=\"og:type\" content=\"article\" \/>\n<meta property=\"og:title\" content=\"Dingin bir ses | M\u00fctevazi bir ki\u015filik - Hakan Ye\u015filyurt ve \u015fark\u0131lar\u0131\" \/>\n<meta property=\"og:description\" content=\"Aslen Sivas&#8217;l\u0131 olan Hakan Ye\u015filyurt 1973 y\u0131l\u0131nda Ankara&#8217;da do\u011fdu.Profesyonel M\u00fczik hayat\u0131na bir d\u00f6nem \u00f6zg\u00fcn m\u00fczi\u011fin \u00f6nemli gruplar\u0131ndan &#8221; Adal\u0131lar &#8221; da ba\u015flad\u0131.Grubun solistli\u011fini\u00a0 yapan sanat\u00e7\u0131n\u0131n vokalistli\u011finide Seza K\u0131rg\u0131z yap\u0131yordu.Grubun \u00e7\u0131karm\u0131\u015f oldu\u011fu\u00a0 &#8216;Adal\u0131lar 2&#8217; ve &#8216;Biz Halk\u0131z&#8217; alb\u00fcmlerinde yer ald\u0131. Grup &#8221; Adal\u0131lar t\u00fcrk\u00fc s\u00f6yler &#8221; Alb\u00fcm\u00fcnden sonra kaset \u00e7\u0131karmam\u0131\u015ft\u0131r.Profesyonel m\u00fczik hayat\u0131na yanl\u0131z devam eden Hakan [&hellip;]\" \/>\n<meta property=\"og:url\" content=\"https:\/\/narteks.net\/index.php\/2010\/03\/09\/dingin-bir-ses-mutevazi-bir-kisilik-hakan-yesilyurt-ve-sarkilari\/\" \/>\n<meta property=\"og:site_name\" content=\"narteks.net\" \/>\n<meta property=\"article:published_time\" content=\"2010-03-09T12:34:13+00:00\" \/>\n<meta property=\"og:image\" content=\"https:\/\/narteks.net\/wp-content\/uploads\/narteks.png\" \/>\n\t<meta property=\"og:image:width\" content=\"300\" \/>\n\t<meta property=\"og:image:height\" content=\"90\" \/>\n\t<meta property=\"og:image:type\" content=\"image\/png\" \/>\n<meta name=\"author\" content=\"Tar\u0131k\" \/>\n<meta name=\"twitter:card\" content=\"summary_large_image\" \/>\n<meta name=\"twitter:creator\" content=\"@narteks\" \/>\n<meta name=\"twitter:site\" content=\"@narteks\" \/>\n<meta name=\"twitter:label1\" content=\"Yazan:\" \/>\n\t<meta name=\"twitter:data1\" content=\"Tar\u0131k\" \/>\n\t<meta name=\"twitter:label2\" content=\"Tahmini okuma s\u00fcresi\" \/>\n\t<meta name=\"twitter:data2\" content=\"1 dakika\" \/>\n<script type=\"application\/ld+json\" class=\"yoast-schema-graph\">{\"@context\":\"https:\/\/schema.org\",\"@graph\":[{\"@type\":\"Article\",\"@id\":\"https:\/\/narteks.net\/index.php\/2010\/03\/09\/dingin-bir-ses-mutevazi-bir-kisilik-hakan-yesilyurt-ve-sarkilari\/#article\",\"isPartOf\":{\"@id\":\"https:\/\/narteks.net\/index.php\/2010\/03\/09\/dingin-bir-ses-mutevazi-bir-kisilik-hakan-yesilyurt-ve-sarkilari\/\"},\"author\":{\"name\":\"Tar\u0131k\",\"@id\":\"https:\/\/narteks.net\/#\/schema\/person\/61f37d9834294b72d31d274e7ed79bca\"},\"headline\":\"Dingin bir ses | M\u00fctevazi bir ki\u015filik &#8211; Hakan Ye\u015filyurt ve \u015fark\u0131lar\u0131\",\"datePublished\":\"2010-03-09T12:34:13+00:00\",\"mainEntityOfPage\":{\"@id\":\"https:\/\/narteks.net\/index.php\/2010\/03\/09\/dingin-bir-ses-mutevazi-bir-kisilik-hakan-yesilyurt-ve-sarkilari\/\"},\"wordCount\":195,\"commentCount\":0,\"publisher\":{\"@id\":\"https:\/\/narteks.net\/#organization\"},\"articleSection\":[\"M\u00fczisyenler\"],\"inLanguage\":\"tr\",\"potentialAction\":[{\"@type\":\"CommentAction\",\"name\":\"Comment\",\"target\":[\"https:\/\/narteks.net\/index.php\/2010\/03\/09\/dingin-bir-ses-mutevazi-bir-kisilik-hakan-yesilyurt-ve-sarkilari\/#respond\"]}]},{\"@type\":\"WebPage\",\"@id\":\"https:\/\/narteks.net\/index.php\/2010\/03\/09\/dingin-bir-ses-mutevazi-bir-kisilik-hakan-yesilyurt-ve-sarkilari\/\",\"url\":\"https:\/\/narteks.net\/index.php\/2010\/03\/09\/dingin-bir-ses-mutevazi-bir-kisilik-hakan-yesilyurt-ve-sarkilari\/\",\"name\":\"Dingin bir ses | M\u00fctevazi bir ki\u015filik - Hakan Ye\u015filyurt ve \u015fark\u0131lar\u0131 - narteks.net\",\"isPartOf\":{\"@id\":\"https:\/\/narteks.net\/#website\"},\"datePublished\":\"2010-03-09T12:34:13+00:00\",\"breadcrumb\":{\"@id\":\"https:\/\/narteks.net\/index.php\/2010\/03\/09\/dingin-bir-ses-mutevazi-bir-kisilik-hakan-yesilyurt-ve-sarkilari\/#breadcrumb\"},\"inLanguage\":\"tr\",\"potentialAction\":[{\"@type\":\"ReadAction\",\"target\":[\"https:\/\/narteks.net\/index.php\/2010\/03\/09\/dingin-bir-ses-mutevazi-bir-kisilik-hakan-yesilyurt-ve-sarkilari\/\"]}]},{\"@type\":\"BreadcrumbList\",\"@id\":\"https:\/\/narteks.net\/index.php\/2010\/03\/09\/dingin-bir-ses-mutevazi-bir-kisilik-hakan-yesilyurt-ve-sarkilari\/#breadcrumb\",\"itemListElement\":[{\"@type\":\"ListItem\",\"position\":1,\"name\":\"Anasayfa\",\"item\":\"https:\/\/narteks.net\/\"},{\"@type\":\"ListItem\",\"position\":2,\"name\":\"Dingin bir ses | M\u00fctevazi bir ki\u015filik &#8211; Hakan Ye\u015filyurt ve \u015fark\u0131lar\u0131\"}]},{\"@type\":\"WebSite\",\"@id\":\"https:\/\/narteks.net\/#website\",\"url\":\"https:\/\/narteks.net\/\",\"name\":\"narteks.net\",\"description\":\"K\u00fclt\u00fcr Sanat Edebiyat Felsefe\",\"publisher\":{\"@id\":\"https:\/\/narteks.net\/#organization\"},\"alternateName\":\"K\u00fclt\u00fcr Sanat Edebiyat Felsefe\",\"potentialAction\":[{\"@type\":\"SearchAction\",\"target\":{\"@type\":\"EntryPoint\",\"urlTemplate\":\"https:\/\/narteks.net\/?s={search_term_string}\"},\"query-input\":{\"@type\":\"PropertyValueSpecification\",\"valueRequired\":true,\"valueName\":\"search_term_string\"}}],\"inLanguage\":\"tr\"},{\"@type\":\"Organization\",\"@id\":\"https:\/\/narteks.net\/#organization\",\"name\":\"narteks.net\",\"url\":\"https:\/\/narteks.net\/\",\"logo\":{\"@type\":\"ImageObject\",\"inLanguage\":\"tr\",\"@id\":\"https:\/\/narteks.net\/#\/schema\/logo\/image\/\",\"url\":\"https:\/\/narteks.net\/wp-content\/uploads\/narteks.png\",\"contentUrl\":\"https:\/\/narteks.net\/wp-content\/uploads\/narteks.png\",\"width\":300,\"height\":90,\"caption\":\"narteks.net\"},\"image\":{\"@id\":\"https:\/\/narteks.net\/#\/schema\/logo\/image\/\"},\"sameAs\":[\"https:\/\/x.com\/narteks\",\"https:\/\/instagram.com\/narteksnet\"]},{\"@type\":\"Person\",\"@id\":\"https:\/\/narteks.net\/#\/schema\/person\/61f37d9834294b72d31d274e7ed79bca\",\"name\":\"Tar\u0131k\",\"image\":{\"@type\":\"ImageObject\",\"inLanguage\":\"tr\",\"@id\":\"https:\/\/narteks.net\/#\/schema\/person\/image\/\",\"url\":\"https:\/\/secure.gravatar.com\/avatar\/50865afb55632c4ae467e0af0930f6510aa2297d8014be502a55b14f3b7550cf?s=96&d=mm&r=g\",\"contentUrl\":\"https:\/\/secure.gravatar.com\/avatar\/50865afb55632c4ae467e0af0930f6510aa2297d8014be502a55b14f3b7550cf?s=96&d=mm&r=g\",\"caption\":\"Tar\u0131k\"},\"sameAs\":[\"http:\/\/narteks.net\"],\"url\":\"https:\/\/narteks.net\/index.php\/author\/narbak\/\"}]}<\/script>\n<!-- \/ Yoast SEO Premium plugin. -->","yoast_head_json":{"title":"Dingin bir ses | M\u00fctevazi bir ki\u015filik - Hakan Ye\u015filyurt ve \u015fark\u0131lar\u0131 - narteks.net","robots":{"index":"index","follow":"follow","max-snippet":"max-snippet:-1","max-image-preview":"max-image-preview:large","max-video-preview":"max-video-preview:-1"},"canonical":"https:\/\/narteks.net\/index.php\/2010\/03\/09\/dingin-bir-ses-mutevazi-bir-kisilik-hakan-yesilyurt-ve-sarkilari\/","og_locale":"tr_TR","og_type":"article","og_title":"Dingin bir ses | M\u00fctevazi bir ki\u015filik - Hakan Ye\u015filyurt ve \u015fark\u0131lar\u0131","og_description":"Aslen Sivas&#8217;l\u0131 olan Hakan Ye\u015filyurt 1973 y\u0131l\u0131nda Ankara&#8217;da do\u011fdu.Profesyonel M\u00fczik hayat\u0131na bir d\u00f6nem \u00f6zg\u00fcn m\u00fczi\u011fin \u00f6nemli gruplar\u0131ndan &#8221; Adal\u0131lar &#8221; da ba\u015flad\u0131.Grubun solistli\u011fini\u00a0 yapan sanat\u00e7\u0131n\u0131n vokalistli\u011finide Seza K\u0131rg\u0131z yap\u0131yordu.Grubun \u00e7\u0131karm\u0131\u015f oldu\u011fu\u00a0 &#8216;Adal\u0131lar 2&#8217; ve &#8216;Biz Halk\u0131z&#8217; alb\u00fcmlerinde yer ald\u0131. Grup &#8221; Adal\u0131lar t\u00fcrk\u00fc s\u00f6yler &#8221; Alb\u00fcm\u00fcnden sonra kaset \u00e7\u0131karmam\u0131\u015ft\u0131r.Profesyonel m\u00fczik hayat\u0131na yanl\u0131z devam eden Hakan [&hellip;]","og_url":"https:\/\/narteks.net\/index.php\/2010\/03\/09\/dingin-bir-ses-mutevazi-bir-kisilik-hakan-yesilyurt-ve-sarkilari\/","og_site_name":"narteks.net","article_published_time":"2010-03-09T12:34:13+00:00","og_image":[{"width":300,"height":90,"url":"https:\/\/narteks.net\/wp-content\/uploads\/narteks.png","type":"image\/png"}],"author":"Tar\u0131k","twitter_card":"summary_large_image","twitter_creator":"@narteks","twitter_site":"@narteks","twitter_misc":{"Yazan:":"Tar\u0131k","Tahmini okuma s\u00fcresi":"1 dakika"},"schema":{"@context":"https:\/\/schema.org","@graph":[{"@type":"Article","@id":"https:\/\/narteks.net\/index.php\/2010\/03\/09\/dingin-bir-ses-mutevazi-bir-kisilik-hakan-yesilyurt-ve-sarkilari\/#article","isPartOf":{"@id":"https:\/\/narteks.net\/index.php\/2010\/03\/09\/dingin-bir-ses-mutevazi-bir-kisilik-hakan-yesilyurt-ve-sarkilari\/"},"author":{"name":"Tar\u0131k","@id":"https:\/\/narteks.net\/#\/schema\/person\/61f37d9834294b72d31d274e7ed79bca"},"headline":"Dingin bir ses | M\u00fctevazi bir ki\u015filik &#8211; Hakan Ye\u015filyurt ve \u015fark\u0131lar\u0131","datePublished":"2010-03-09T12:34:13+00:00","mainEntityOfPage":{"@id":"https:\/\/narteks.net\/index.php\/2010\/03\/09\/dingin-bir-ses-mutevazi-bir-kisilik-hakan-yesilyurt-ve-sarkilari\/"},"wordCount":195,"commentCount":0,"publisher":{"@id":"https:\/\/narteks.net\/#organization"},"articleSection":["M\u00fczisyenler"],"inLanguage":"tr","potentialAction":[{"@type":"CommentAction","name":"Comment","target":["https:\/\/narteks.net\/index.php\/2010\/03\/09\/dingin-bir-ses-mutevazi-bir-kisilik-hakan-yesilyurt-ve-sarkilari\/#respond"]}]},{"@type":"WebPage","@id":"https:\/\/narteks.net\/index.php\/2010\/03\/09\/dingin-bir-ses-mutevazi-bir-kisilik-hakan-yesilyurt-ve-sarkilari\/","url":"https:\/\/narteks.net\/index.php\/2010\/03\/09\/dingin-bir-ses-mutevazi-bir-kisilik-hakan-yesilyurt-ve-sarkilari\/","name":"Dingin bir ses | M\u00fctevazi bir ki\u015filik - Hakan Ye\u015filyurt ve \u015fark\u0131lar\u0131 - narteks.net","isPartOf":{"@id":"https:\/\/narteks.net\/#website"},"datePublished":"2010-03-09T12:34:13+00:00","breadcrumb":{"@id":"https:\/\/narteks.net\/index.php\/2010\/03\/09\/dingin-bir-ses-mutevazi-bir-kisilik-hakan-yesilyurt-ve-sarkilari\/#breadcrumb"},"inLanguage":"tr","potentialAction":[{"@type":"ReadAction","target":["https:\/\/narteks.net\/index.php\/2010\/03\/09\/dingin-bir-ses-mutevazi-bir-kisilik-hakan-yesilyurt-ve-sarkilari\/"]}]},{"@type":"BreadcrumbList","@id":"https:\/\/narteks.net\/index.php\/2010\/03\/09\/dingin-bir-ses-mutevazi-bir-kisilik-hakan-yesilyurt-ve-sarkilari\/#breadcrumb","itemListElement":[{"@type":"ListItem","position":1,"name":"Anasayfa","item":"https:\/\/narteks.net\/"},{"@type":"ListItem","position":2,"name":"Dingin bir ses | M\u00fctevazi bir ki\u015filik &#8211; Hakan Ye\u015filyurt ve \u015fark\u0131lar\u0131"}]},{"@type":"WebSite","@id":"https:\/\/narteks.net\/#website","url":"https:\/\/narteks.net\/","name":"narteks.net","description":"K\u00fclt\u00fcr Sanat Edebiyat Felsefe","publisher":{"@id":"https:\/\/narteks.net\/#organization"},"alternateName":"K\u00fclt\u00fcr Sanat Edebiyat Felsefe","potentialAction":[{"@type":"SearchAction","target":{"@type":"EntryPoint","urlTemplate":"https:\/\/narteks.net\/?s={search_term_string}"},"query-input":{"@type":"PropertyValueSpecification","valueRequired":true,"valueName":"search_term_string"}}],"inLanguage":"tr"},{"@type":"Organization","@id":"https:\/\/narteks.net\/#organization","name":"narteks.net","url":"https:\/\/narteks.net\/","logo":{"@type":"ImageObject","inLanguage":"tr","@id":"https:\/\/narteks.net\/#\/schema\/logo\/image\/","url":"https:\/\/narteks.net\/wp-content\/uploads\/narteks.png","contentUrl":"https:\/\/narteks.net\/wp-content\/uploads\/narteks.png","width":300,"height":90,"caption":"narteks.net"},"image":{"@id":"https:\/\/narteks.net\/#\/schema\/logo\/image\/"},"sameAs":["https:\/\/x.com\/narteks","https:\/\/instagram.com\/narteksnet"]},{"@type":"Person","@id":"https:\/\/narteks.net\/#\/schema\/person\/61f37d9834294b72d31d274e7ed79bca","name":"Tar\u0131k","image":{"@type":"ImageObject","inLanguage":"tr","@id":"https:\/\/narteks.net\/#\/schema\/person\/image\/","url":"https:\/\/secure.gravatar.com\/avatar\/50865afb55632c4ae467e0af0930f6510aa2297d8014be502a55b14f3b7550cf?s=96&d=mm&r=g","contentUrl":"https:\/\/secure.gravatar.com\/avatar\/50865afb55632c4ae467e0af0930f6510aa2297d8014be502a55b14f3b7550cf?s=96&d=mm&r=g","caption":"Tar\u0131k"},"sameAs":["http:\/\/narteks.net"],"url":"https:\/\/narteks.net\/index.php\/author\/narbak\/"}]}},"_links":{"self":[{"href":"https:\/\/narteks.net\/index.php\/wp-json\/wp\/v2\/posts\/4325","targetHints":{"allow":["GET"]}}],"collection":[{"href":"https:\/\/narteks.net\/index.php\/wp-json\/wp\/v2\/posts"}],"about":[{"href":"https:\/\/narteks.net\/index.php\/wp-json\/wp\/v2\/types\/post"}],"author":[{"embeddable":true,"href":"https:\/\/narteks.net\/index.php\/wp-json\/wp\/v2\/users\/1"}],"replies":[{"embeddable":true,"href":"https:\/\/narteks.net\/index.php\/wp-json\/wp\/v2\/comments?post=4325"}],"version-history":[{"count":0,"href":"https:\/\/narteks.net\/index.php\/wp-json\/wp\/v2\/posts\/4325\/revisions"}],"wp:attachment":[{"href":"https:\/\/narteks.net\/index.php\/wp-json\/wp\/v2\/media?parent=4325"}],"wp:term":[{"taxonomy":"category","embeddable":true,"href":"https:\/\/narteks.net\/index.php\/wp-json\/wp\/v2\/categories?post=4325"},{"taxonomy":"post_tag","embeddable":true,"href":"https:\/\/narteks.net\/index.php\/wp-json\/wp\/v2\/tags?post=4325"}],"curies":[{"name":"wp","href":"https:\/\/api.w.org\/{rel}","templated":true}]}}