{"id":4326,"date":"2010-03-09T18:58:27","date_gmt":"2010-03-09T15:58:27","guid":{"rendered":"http:\/\/localhost\/wordpress\/2010\/03\/09\/kizilderili-olma-istegi-franz-kafka\/"},"modified":"2010-03-09T18:58:27","modified_gmt":"2010-03-09T15:58:27","slug":"kizilderili-olma-istegi-franz-kafka","status":"publish","type":"post","link":"https:\/\/narteks.net\/index.php\/2010\/03\/09\/kizilderili-olma-istegi-franz-kafka\/","title":{"rendered":"K\u0131z\u0131lderili Olma \u0130ste\u011fi | Franz Kafka"},"content":{"rendered":"<p><img loading=\"lazy\" decoding=\"async\" src=\"http:\/\/img170.imageshack.us\/img170\/1262\/indiensfromwwwmetacafecom7kq8.jpg\" border=\"0\" width=\"155\" height=\"205\" \/><\/p>\n<p>K\u0131z\u0131lderili Olma \u0130ste\u011fi<\/p>\n<p>Bir k\u0131z\u0131lderili olsa insan.<br \/>Ko\u015fan bir at \u00fczerinde bo\u015flukta e\u011filmi\u015f,<br \/>titreyip duran yer \u00fczerinde k\u0131sa s\u00fcrelerle aral\u0131ks\u0131z titreyip dursa,<br \/>\u00fczengilerden \u00e7ekse aya\u011f\u0131n\u0131, yani \u00fczengi diye bir \u015fey olmasa,<br \/>dizginleri atsa elinden, yani dizgin diye bir \u015fey olmasa<br \/>ve \u00f6n\u00fcnde uzanan araziye d\u00fcmd\u00fcz bi\u00e7ilmi\u015f bir k\u0131r g\u00f6z\u00fcyle baksa<br \/>ve derken at\u0131n bir boynu ve bir ba\u015f\u0131 oldu\u011funu an\u0131msasa.<\/p>\n<p>F. Kafka<\/p>\n","protected":false},"excerpt":{"rendered":"<p>K\u0131z\u0131lderili Olma \u0130ste\u011fi Bir k\u0131z\u0131lderili olsa insan.Ko\u015fan bir at \u00fczerinde bo\u015flukta e\u011filmi\u015f,titreyip duran yer \u00fczerinde k\u0131sa s\u00fcrelerle aral\u0131ks\u0131z titreyip dursa,\u00fczengilerden \u00e7ekse aya\u011f\u0131n\u0131, yani \u00fczengi diye bir \u015fey olmasa,dizginleri atsa elinden, yani dizgin diye bir \u015fey olmasave \u00f6n\u00fcnde uzanan araziye d\u00fcmd\u00fcz bi\u00e7ilmi\u015f bir k\u0131r g\u00f6z\u00fcyle baksave derken at\u0131n bir boynu ve bir ba\u015f\u0131 oldu\u011funu an\u0131msasa. F. [&hellip;]<\/p>\n","protected":false},"author":1,"featured_media":0,"comment_status":"open","ping_status":"open","sticky":false,"template":"","format":"standard","meta":{"footnotes":""},"categories":[138],"tags":[],"class_list":{"0":"post-4326","1":"post","2":"type-post","3":"status-publish","4":"format-standard","6":"category-edebiyat-dunya"},"yoast_head":"<!-- This site is optimized with the Yoast SEO Premium plugin v24.9 (Yoast SEO v24.9) - https:\/\/yoast.com\/wordpress\/plugins\/seo\/ -->\n<title>K\u0131z\u0131lderili Olma \u0130ste\u011fi | Franz Kafka - narteks.net<\/title>\n<meta name=\"robots\" content=\"index, follow, max-snippet:-1, max-image-preview:large, max-video-preview:-1\" \/>\n<link rel=\"canonical\" href=\"https:\/\/narteks.net\/index.php\/2010\/03\/09\/kizilderili-olma-istegi-franz-kafka\/\" \/>\n<meta property=\"og:locale\" content=\"tr_TR\" \/>\n<meta property=\"og:type\" content=\"article\" \/>\n<meta property=\"og:title\" content=\"K\u0131z\u0131lderili Olma \u0130ste\u011fi | Franz Kafka\" \/>\n<meta property=\"og:description\" content=\"K\u0131z\u0131lderili Olma \u0130ste\u011fi Bir k\u0131z\u0131lderili olsa insan.Ko\u015fan bir at \u00fczerinde bo\u015flukta e\u011filmi\u015f,titreyip duran yer \u00fczerinde k\u0131sa s\u00fcrelerle aral\u0131ks\u0131z titreyip dursa,\u00fczengilerden \u00e7ekse aya\u011f\u0131n\u0131, yani \u00fczengi diye bir \u015fey olmasa,dizginleri atsa elinden, yani dizgin diye bir \u015fey olmasave \u00f6n\u00fcnde uzanan araziye d\u00fcmd\u00fcz bi\u00e7ilmi\u015f bir k\u0131r g\u00f6z\u00fcyle baksave derken at\u0131n bir boynu ve bir ba\u015f\u0131 oldu\u011funu an\u0131msasa. F. [&hellip;]\" \/>\n<meta property=\"og:url\" content=\"https:\/\/narteks.net\/index.php\/2010\/03\/09\/kizilderili-olma-istegi-franz-kafka\/\" \/>\n<meta property=\"og:site_name\" content=\"narteks.net\" \/>\n<meta property=\"article:published_time\" content=\"2010-03-09T15:58:27+00:00\" \/>\n<meta property=\"og:image\" content=\"http:\/\/img170.imageshack.us\/img170\/1262\/indiensfromwwwmetacafecom7kq8.jpg\" \/>\n<meta name=\"author\" content=\"Tar\u0131k\" \/>\n<meta name=\"twitter:card\" content=\"summary_large_image\" \/>\n<meta name=\"twitter:creator\" content=\"@narteks\" \/>\n<meta name=\"twitter:site\" content=\"@narteks\" \/>\n<meta name=\"twitter:label1\" content=\"Yazan:\" \/>\n\t<meta name=\"twitter:data1\" content=\"Tar\u0131k\" \/>\n<script type=\"application\/ld+json\" class=\"yoast-schema-graph\">{\"@context\":\"https:\/\/schema.org\",\"@graph\":[{\"@type\":\"Article\",\"@id\":\"https:\/\/narteks.net\/index.php\/2010\/03\/09\/kizilderili-olma-istegi-franz-kafka\/#article\",\"isPartOf\":{\"@id\":\"https:\/\/narteks.net\/index.php\/2010\/03\/09\/kizilderili-olma-istegi-franz-kafka\/\"},\"author\":{\"name\":\"Tar\u0131k\",\"@id\":\"https:\/\/narteks.net\/#\/schema\/person\/61f37d9834294b72d31d274e7ed79bca\"},\"headline\":\"K\u0131z\u0131lderili Olma \u0130ste\u011fi | Franz Kafka\",\"datePublished\":\"2010-03-09T15:58:27+00:00\",\"mainEntityOfPage\":{\"@id\":\"https:\/\/narteks.net\/index.php\/2010\/03\/09\/kizilderili-olma-istegi-franz-kafka\/\"},\"wordCount\":91,\"commentCount\":0,\"publisher\":{\"@id\":\"https:\/\/narteks.net\/#organization\"},\"image\":{\"@id\":\"https:\/\/narteks.net\/index.php\/2010\/03\/09\/kizilderili-olma-istegi-franz-kafka\/#primaryimage\"},\"thumbnailUrl\":\"http:\/\/img170.imageshack.us\/img170\/1262\/indiensfromwwwmetacafecom7kq8.jpg\",\"articleSection\":[\"Edebiyat ( D\u00fcnya )\"],\"inLanguage\":\"tr\",\"potentialAction\":[{\"@type\":\"CommentAction\",\"name\":\"Comment\",\"target\":[\"https:\/\/narteks.net\/index.php\/2010\/03\/09\/kizilderili-olma-istegi-franz-kafka\/#respond\"]}]},{\"@type\":\"WebPage\",\"@id\":\"https:\/\/narteks.net\/index.php\/2010\/03\/09\/kizilderili-olma-istegi-franz-kafka\/\",\"url\":\"https:\/\/narteks.net\/index.php\/2010\/03\/09\/kizilderili-olma-istegi-franz-kafka\/\",\"name\":\"K\u0131z\u0131lderili Olma \u0130ste\u011fi | Franz Kafka - narteks.net\",\"isPartOf\":{\"@id\":\"https:\/\/narteks.net\/#website\"},\"primaryImageOfPage\":{\"@id\":\"https:\/\/narteks.net\/index.php\/2010\/03\/09\/kizilderili-olma-istegi-franz-kafka\/#primaryimage\"},\"image\":{\"@id\":\"https:\/\/narteks.net\/index.php\/2010\/03\/09\/kizilderili-olma-istegi-franz-kafka\/#primaryimage\"},\"thumbnailUrl\":\"http:\/\/img170.imageshack.us\/img170\/1262\/indiensfromwwwmetacafecom7kq8.jpg\",\"datePublished\":\"2010-03-09T15:58:27+00:00\",\"breadcrumb\":{\"@id\":\"https:\/\/narteks.net\/index.php\/2010\/03\/09\/kizilderili-olma-istegi-franz-kafka\/#breadcrumb\"},\"inLanguage\":\"tr\",\"potentialAction\":[{\"@type\":\"ReadAction\",\"target\":[\"https:\/\/narteks.net\/index.php\/2010\/03\/09\/kizilderili-olma-istegi-franz-kafka\/\"]}]},{\"@type\":\"ImageObject\",\"inLanguage\":\"tr\",\"@id\":\"https:\/\/narteks.net\/index.php\/2010\/03\/09\/kizilderili-olma-istegi-franz-kafka\/#primaryimage\",\"url\":\"http:\/\/img170.imageshack.us\/img170\/1262\/indiensfromwwwmetacafecom7kq8.jpg\",\"contentUrl\":\"http:\/\/img170.imageshack.us\/img170\/1262\/indiensfromwwwmetacafecom7kq8.jpg\"},{\"@type\":\"BreadcrumbList\",\"@id\":\"https:\/\/narteks.net\/index.php\/2010\/03\/09\/kizilderili-olma-istegi-franz-kafka\/#breadcrumb\",\"itemListElement\":[{\"@type\":\"ListItem\",\"position\":1,\"name\":\"Anasayfa\",\"item\":\"https:\/\/narteks.net\/\"},{\"@type\":\"ListItem\",\"position\":2,\"name\":\"K\u0131z\u0131lderili Olma \u0130ste\u011fi | Franz Kafka\"}]},{\"@type\":\"WebSite\",\"@id\":\"https:\/\/narteks.net\/#website\",\"url\":\"https:\/\/narteks.net\/\",\"name\":\"narteks.net\",\"description\":\"K\u00fclt\u00fcr Sanat Edebiyat Felsefe\",\"publisher\":{\"@id\":\"https:\/\/narteks.net\/#organization\"},\"alternateName\":\"K\u00fclt\u00fcr Sanat Edebiyat Felsefe\",\"potentialAction\":[{\"@type\":\"SearchAction\",\"target\":{\"@type\":\"EntryPoint\",\"urlTemplate\":\"https:\/\/narteks.net\/?s={search_term_string}\"},\"query-input\":{\"@type\":\"PropertyValueSpecification\",\"valueRequired\":true,\"valueName\":\"search_term_string\"}}],\"inLanguage\":\"tr\"},{\"@type\":\"Organization\",\"@id\":\"https:\/\/narteks.net\/#organization\",\"name\":\"narteks.net\",\"url\":\"https:\/\/narteks.net\/\",\"logo\":{\"@type\":\"ImageObject\",\"inLanguage\":\"tr\",\"@id\":\"https:\/\/narteks.net\/#\/schema\/logo\/image\/\",\"url\":\"https:\/\/narteks.net\/wp-content\/uploads\/narteks.png\",\"contentUrl\":\"https:\/\/narteks.net\/wp-content\/uploads\/narteks.png\",\"width\":300,\"height\":90,\"caption\":\"narteks.net\"},\"image\":{\"@id\":\"https:\/\/narteks.net\/#\/schema\/logo\/image\/\"},\"sameAs\":[\"https:\/\/x.com\/narteks\",\"https:\/\/instagram.com\/narteksnet\"]},{\"@type\":\"Person\",\"@id\":\"https:\/\/narteks.net\/#\/schema\/person\/61f37d9834294b72d31d274e7ed79bca\",\"name\":\"Tar\u0131k\",\"image\":{\"@type\":\"ImageObject\",\"inLanguage\":\"tr\",\"@id\":\"https:\/\/narteks.net\/#\/schema\/person\/image\/\",\"url\":\"https:\/\/secure.gravatar.com\/avatar\/50865afb55632c4ae467e0af0930f6510aa2297d8014be502a55b14f3b7550cf?s=96&d=mm&r=g\",\"contentUrl\":\"https:\/\/secure.gravatar.com\/avatar\/50865afb55632c4ae467e0af0930f6510aa2297d8014be502a55b14f3b7550cf?s=96&d=mm&r=g\",\"caption\":\"Tar\u0131k\"},\"sameAs\":[\"http:\/\/narteks.net\"],\"url\":\"https:\/\/narteks.net\/index.php\/author\/narbak\/\"}]}<\/script>\n<!-- \/ Yoast SEO Premium plugin. -->","yoast_head_json":{"title":"K\u0131z\u0131lderili Olma \u0130ste\u011fi | Franz Kafka - narteks.net","robots":{"index":"index","follow":"follow","max-snippet":"max-snippet:-1","max-image-preview":"max-image-preview:large","max-video-preview":"max-video-preview:-1"},"canonical":"https:\/\/narteks.net\/index.php\/2010\/03\/09\/kizilderili-olma-istegi-franz-kafka\/","og_locale":"tr_TR","og_type":"article","og_title":"K\u0131z\u0131lderili Olma \u0130ste\u011fi | Franz Kafka","og_description":"K\u0131z\u0131lderili Olma \u0130ste\u011fi Bir k\u0131z\u0131lderili olsa insan.Ko\u015fan bir at \u00fczerinde bo\u015flukta e\u011filmi\u015f,titreyip duran yer \u00fczerinde k\u0131sa s\u00fcrelerle aral\u0131ks\u0131z titreyip dursa,\u00fczengilerden \u00e7ekse aya\u011f\u0131n\u0131, yani \u00fczengi diye bir \u015fey olmasa,dizginleri atsa elinden, yani dizgin diye bir \u015fey olmasave \u00f6n\u00fcnde uzanan araziye d\u00fcmd\u00fcz bi\u00e7ilmi\u015f bir k\u0131r g\u00f6z\u00fcyle baksave derken at\u0131n bir boynu ve bir ba\u015f\u0131 oldu\u011funu an\u0131msasa. F. [&hellip;]","og_url":"https:\/\/narteks.net\/index.php\/2010\/03\/09\/kizilderili-olma-istegi-franz-kafka\/","og_site_name":"narteks.net","article_published_time":"2010-03-09T15:58:27+00:00","og_image":[{"url":"http:\/\/img170.imageshack.us\/img170\/1262\/indiensfromwwwmetacafecom7kq8.jpg","type":"","width":"","height":""}],"author":"Tar\u0131k","twitter_card":"summary_large_image","twitter_creator":"@narteks","twitter_site":"@narteks","twitter_misc":{"Yazan:":"Tar\u0131k"},"schema":{"@context":"https:\/\/schema.org","@graph":[{"@type":"Article","@id":"https:\/\/narteks.net\/index.php\/2010\/03\/09\/kizilderili-olma-istegi-franz-kafka\/#article","isPartOf":{"@id":"https:\/\/narteks.net\/index.php\/2010\/03\/09\/kizilderili-olma-istegi-franz-kafka\/"},"author":{"name":"Tar\u0131k","@id":"https:\/\/narteks.net\/#\/schema\/person\/61f37d9834294b72d31d274e7ed79bca"},"headline":"K\u0131z\u0131lderili Olma \u0130ste\u011fi | Franz Kafka","datePublished":"2010-03-09T15:58:27+00:00","mainEntityOfPage":{"@id":"https:\/\/narteks.net\/index.php\/2010\/03\/09\/kizilderili-olma-istegi-franz-kafka\/"},"wordCount":91,"commentCount":0,"publisher":{"@id":"https:\/\/narteks.net\/#organization"},"image":{"@id":"https:\/\/narteks.net\/index.php\/2010\/03\/09\/kizilderili-olma-istegi-franz-kafka\/#primaryimage"},"thumbnailUrl":"http:\/\/img170.imageshack.us\/img170\/1262\/indiensfromwwwmetacafecom7kq8.jpg","articleSection":["Edebiyat ( D\u00fcnya )"],"inLanguage":"tr","potentialAction":[{"@type":"CommentAction","name":"Comment","target":["https:\/\/narteks.net\/index.php\/2010\/03\/09\/kizilderili-olma-istegi-franz-kafka\/#respond"]}]},{"@type":"WebPage","@id":"https:\/\/narteks.net\/index.php\/2010\/03\/09\/kizilderili-olma-istegi-franz-kafka\/","url":"https:\/\/narteks.net\/index.php\/2010\/03\/09\/kizilderili-olma-istegi-franz-kafka\/","name":"K\u0131z\u0131lderili Olma \u0130ste\u011fi | Franz Kafka - narteks.net","isPartOf":{"@id":"https:\/\/narteks.net\/#website"},"primaryImageOfPage":{"@id":"https:\/\/narteks.net\/index.php\/2010\/03\/09\/kizilderili-olma-istegi-franz-kafka\/#primaryimage"},"image":{"@id":"https:\/\/narteks.net\/index.php\/2010\/03\/09\/kizilderili-olma-istegi-franz-kafka\/#primaryimage"},"thumbnailUrl":"http:\/\/img170.imageshack.us\/img170\/1262\/indiensfromwwwmetacafecom7kq8.jpg","datePublished":"2010-03-09T15:58:27+00:00","breadcrumb":{"@id":"https:\/\/narteks.net\/index.php\/2010\/03\/09\/kizilderili-olma-istegi-franz-kafka\/#breadcrumb"},"inLanguage":"tr","potentialAction":[{"@type":"ReadAction","target":["https:\/\/narteks.net\/index.php\/2010\/03\/09\/kizilderili-olma-istegi-franz-kafka\/"]}]},{"@type":"ImageObject","inLanguage":"tr","@id":"https:\/\/narteks.net\/index.php\/2010\/03\/09\/kizilderili-olma-istegi-franz-kafka\/#primaryimage","url":"http:\/\/img170.imageshack.us\/img170\/1262\/indiensfromwwwmetacafecom7kq8.jpg","contentUrl":"http:\/\/img170.imageshack.us\/img170\/1262\/indiensfromwwwmetacafecom7kq8.jpg"},{"@type":"BreadcrumbList","@id":"https:\/\/narteks.net\/index.php\/2010\/03\/09\/kizilderili-olma-istegi-franz-kafka\/#breadcrumb","itemListElement":[{"@type":"ListItem","position":1,"name":"Anasayfa","item":"https:\/\/narteks.net\/"},{"@type":"ListItem","position":2,"name":"K\u0131z\u0131lderili Olma \u0130ste\u011fi | Franz Kafka"}]},{"@type":"WebSite","@id":"https:\/\/narteks.net\/#website","url":"https:\/\/narteks.net\/","name":"narteks.net","description":"K\u00fclt\u00fcr Sanat Edebiyat Felsefe","publisher":{"@id":"https:\/\/narteks.net\/#organization"},"alternateName":"K\u00fclt\u00fcr Sanat Edebiyat Felsefe","potentialAction":[{"@type":"SearchAction","target":{"@type":"EntryPoint","urlTemplate":"https:\/\/narteks.net\/?s={search_term_string}"},"query-input":{"@type":"PropertyValueSpecification","valueRequired":true,"valueName":"search_term_string"}}],"inLanguage":"tr"},{"@type":"Organization","@id":"https:\/\/narteks.net\/#organization","name":"narteks.net","url":"https:\/\/narteks.net\/","logo":{"@type":"ImageObject","inLanguage":"tr","@id":"https:\/\/narteks.net\/#\/schema\/logo\/image\/","url":"https:\/\/narteks.net\/wp-content\/uploads\/narteks.png","contentUrl":"https:\/\/narteks.net\/wp-content\/uploads\/narteks.png","width":300,"height":90,"caption":"narteks.net"},"image":{"@id":"https:\/\/narteks.net\/#\/schema\/logo\/image\/"},"sameAs":["https:\/\/x.com\/narteks","https:\/\/instagram.com\/narteksnet"]},{"@type":"Person","@id":"https:\/\/narteks.net\/#\/schema\/person\/61f37d9834294b72d31d274e7ed79bca","name":"Tar\u0131k","image":{"@type":"ImageObject","inLanguage":"tr","@id":"https:\/\/narteks.net\/#\/schema\/person\/image\/","url":"https:\/\/secure.gravatar.com\/avatar\/50865afb55632c4ae467e0af0930f6510aa2297d8014be502a55b14f3b7550cf?s=96&d=mm&r=g","contentUrl":"https:\/\/secure.gravatar.com\/avatar\/50865afb55632c4ae467e0af0930f6510aa2297d8014be502a55b14f3b7550cf?s=96&d=mm&r=g","caption":"Tar\u0131k"},"sameAs":["http:\/\/narteks.net"],"url":"https:\/\/narteks.net\/index.php\/author\/narbak\/"}]}},"_links":{"self":[{"href":"https:\/\/narteks.net\/index.php\/wp-json\/wp\/v2\/posts\/4326","targetHints":{"allow":["GET"]}}],"collection":[{"href":"https:\/\/narteks.net\/index.php\/wp-json\/wp\/v2\/posts"}],"about":[{"href":"https:\/\/narteks.net\/index.php\/wp-json\/wp\/v2\/types\/post"}],"author":[{"embeddable":true,"href":"https:\/\/narteks.net\/index.php\/wp-json\/wp\/v2\/users\/1"}],"replies":[{"embeddable":true,"href":"https:\/\/narteks.net\/index.php\/wp-json\/wp\/v2\/comments?post=4326"}],"version-history":[{"count":0,"href":"https:\/\/narteks.net\/index.php\/wp-json\/wp\/v2\/posts\/4326\/revisions"}],"wp:attachment":[{"href":"https:\/\/narteks.net\/index.php\/wp-json\/wp\/v2\/media?parent=4326"}],"wp:term":[{"taxonomy":"category","embeddable":true,"href":"https:\/\/narteks.net\/index.php\/wp-json\/wp\/v2\/categories?post=4326"},{"taxonomy":"post_tag","embeddable":true,"href":"https:\/\/narteks.net\/index.php\/wp-json\/wp\/v2\/tags?post=4326"}],"curies":[{"name":"wp","href":"https:\/\/api.w.org\/{rel}","templated":true}]}}