{"id":4329,"date":"2010-03-10T13:06:14","date_gmt":"2010-03-10T10:06:14","guid":{"rendered":"http:\/\/localhost\/wordpress\/2010\/03\/10\/bazen-tulumunu-alip-koy-koy-calarak-gezen-adam-birol-topaloglu-ve-lazca-sarkilar\/"},"modified":"2010-03-10T13:06:14","modified_gmt":"2010-03-10T10:06:14","slug":"bazen-tulumunu-alip-koy-koy-calarak-gezen-adam-birol-topaloglu-ve-lazca-sarkilar","status":"publish","type":"post","link":"https:\/\/narteks.net\/index.php\/2010\/03\/10\/bazen-tulumunu-alip-koy-koy-calarak-gezen-adam-birol-topaloglu-ve-lazca-sarkilar\/","title":{"rendered":"Bazen tulumunu al\u0131p k\u00f6y k\u00f6y \u00e7alarak gezen Adam | Birol Topalo\u011flu ve Lazca \u015fark\u0131lar"},"content":{"rendered":"<p style=\"text-align: justify;\"><img loading=\"lazy\" decoding=\"async\" src=\"images\/stories\/birol-topaloglu.jpg\" border=\"0\" width=\"155\" height=\"205\" style=\"float: left;\" \/>Rize\u2019nin Pazar il\u00e7esi Apso (Su\u00e7at\u0131) k\u00f6y\u00fcnde d\u00fcnyaya geldi. \u00c7ocuklu\u011fu annesinden duydu\u011fu ninniler, destanlar ve a\u011f\u0131tlarla ge\u00e7ti. K\u00f6y d\u00fc\u011f\u00fcnlerinde hayranl\u0131kla dinledi\u011fi tulum ve kemen\u00e7enin sesi ise ileride hayat\u0131n\u0131n ak\u0131\u015f\u0131n\u0131 de\u011fi\u015ftirecekti.<\/p>\n<p style=\"text-align: justify;\">\u0130lk kemen\u00e7esi m\u0131s\u0131r g\u00f6vdesinden (\u011feri), ilk tulumu da kabak yapra\u011f\u0131 ve s\u0131yr\u0131lm\u0131\u015f taze k\u0131z\u0131la\u011fa\u00e7 dal\u0131ndand\u0131. 10 ya\u015f\u0131nda a\u011fabeyinin sayesinde ba\u011flama ile tan\u0131\u015ft\u0131. Gaziantep ODT\u00dc Elektrik-Elektronik M\u00fchendisli\u011fi B\u00f6l\u00fcm\u00fc\u2019nde \u00f6\u011frenim g\u00f6r\u00fcrken T\u00fcrk Halk Bilimleri Toplulu\u011fu (THBT) \u00e7al\u0131\u015fmalar\u0131na kat\u0131ld\u0131. Bu y\u0131llarda sahnelemek \u00fczere halk ozanlar\u0131 \u00fczerine yapt\u0131\u011f\u0131 ara\u015ft\u0131rmalar, halk edebiyat\u0131n\u0131n ve derlemelerin \u00f6nemini farkettirdi. B\u00f6ylece Laz ve Karadeniz halk \u015fark\u0131lar\u0131 \u00fczerine ara\u015ft\u0131rma ve derlemelere ba\u015flad\u0131. \u00d6\u011frenimini tamamlad\u0131ktan sonra m\u00fchendislik alan\u0131nda k\u0131sa bir s\u00fcre, yurt i\u00e7i ve yurt d\u0131\u015f\u0131nda \u00e7e\u015fitli projelerde yer ald\u0131. Sonras\u0131nda ise m\u00fczi\u011fi amat\u00f6r bir u\u011fra\u015f\u0131n \u00f6tesinde, bir ifade ve ya\u015fam bi\u00e7imi olarak se\u00e7ti. Bu se\u00e7imde ilkokul s\u0131ralar\u0131na kadar bildi\u011fi tek dil olan Lazca; ve do\u011fup b\u00fcy\u00fcd\u00fc\u011f\u00fc k\u00fclt\u00fcr\u00fc do\u011fru bir \u015fekilde anlatma iste\u011fi etkili oldu. Uzun y\u0131llar ba\u011flama \u00e7almas\u0131na ra\u011fmen, yapt\u0131\u011f\u0131 m\u00fczi\u011fin yap\u0131s\u0131na uygun olarak geleneksel \u00e7alg\u0131lar olan tulum, kemen\u00e7e ve \u00e7onguriye y\u00f6neldi. Tahta zeminde oynanan horonlardan \u00e7\u0131kan ayak seslerinden esinlenerek \u011euni (karakovan) ad\u0131n\u0131 verdi\u011fi a\u011fa\u00e7tan yap\u0131lm\u0131\u015f m\u00fczik aletini, vurmal\u0131 \u00e7alg\u0131lara kazand\u0131rd\u0131.<\/p>\n<p>Pop\u00fcler Karadeniz m\u00fczi\u011finde yozla\u015ft\u0131r\u0131larak kullan\u0131lan tulum ve kemen\u00e7enin, asl\u0131na uygun bir \u015fekilde icra edilerek de geni\u015f kitlelere ula\u015fabilece\u011fini g\u00f6sterdi. Yapt\u0131\u011f\u0131 m\u00fczikte baz\u0131 y\u00f6resel olmayan, modern enstr\u00fcmanlara da yer vermesine ra\u011fmen bunlar\u0131n geleneksel yap\u0131y\u0131 bozmamas\u0131na \u00f6zen g\u00f6sterdi. Gerek T\u00fcrkiye, gerekse yurt d\u0131\u015f\u0131nda bir\u00e7ok \u00f6nemli konser, festival ve etkinliklerde yer alarak yerel de\u011ferlerin asl\u0131nda ne kadar evrensel oldu\u011funu da g\u00f6stermi\u015f oldu.<\/p>\n<p>1997\u2019de Kalan M\u00fczik etiketi ile d\u00fcnyada tamam\u0131 Lazca \u015fark\u0131lardan olu\u015fan ilk alb\u00fcm\u00fc \u201cHeyamo\u201d&#8217; yu yapt\u0131. Bu alb\u00fcmde yer alan \u201cHeyamo\u201d ve \u201cDidou Nana\u201d \u015fark\u0131lar\u0131 ayn\u0131 y\u0131l Fransa-Marsilya\u2019da yap\u0131lan D\u00fcnya Etnik M\u00fczik Fuar\u0131\u2019nda ilgi oda\u011f\u0131 oldu.<\/p>\n<p style=\"text-align: justify;\">Kaynak : www.biroltopaloglu.com<\/p>\n<p style=\"text-align: justify;\">Otantik Karadeniz m\u00fczi\u011fini olduk\u00e7a ba\u015far\u0131l\u0131 yorumlayan B. Topalo\u011flu ve ekibi; son birka\u00e7 y\u0131ld\u0131r \u00e7e\u015fitli illerde d\u00fczenlenen yayla ve bahar \u015fenliklerinde, &#8220;bar\u0131\u015f&#8221; konserlerinde bu halk ezgilerini halka sunmaktad\u0131rlar.<\/p>\n<p>\u00a0<\/p>\n<p>\n<object width=\"400\" height=\"300\" data=\"http:\/\/www.humyo.com\/E\/10422871-281475394448899\/10422871-281475394450069\/10422871-281475394449173\/10422871-281475394450505\/10422871-281475394451303\/10422871-281475394452251\/10422871-281475394452911\/10422871-281475394453233\/10422871-281475394453743\/10422871-281475394454563\/10422871-281475394455001\/10422871-281475394455923\/10422871-281475394456313\/10422871-281475394464883\/10422871-281475394465505\/10422871-281475394465119\/10422871-281475394465883\/10422871-281475394466519\/10422871-281475394467205\/10422871-281475394467599\/10422871-281475394467937\/10422871-281475394468633\/10422871-281475394469109\/10422871-281475394470319\/10422871-281475394471193\/10422871-281475394472009\/10422871-281475394473773\/10422871-281475394474379\/10422871-281475394475507\/10422871-281475394476465\/10422871-281475394477093\/10422871-281475394477639\/10422871-281475394481109\/10422871-281475394482445?a=dRqomK95P18%2CVAbD_ELoPSE%2CPT-oQeYiO34%2C5QyuW_1QI9Q%2CayPYy00ccv8%2ChNVpPxabmfg%2CPZdKERQAVnI%2Cx1xCSHHAxfY%2CgHT0W2BJLs4%2CzB53pzCgSzk%2Cp2B410BAQSE%2CACnD7u_8Vzs%2C_LFWTXqiLqc%2C8dEqeRWTD14%2CwEHw1r8T2VI%2Cn_SepyEtTME%2CUTbaqHYWOu4%2CyHHx_lLcf2s%2C5z6IJeY2NQ4%2CxptpPxtcq2A%2CGOJoe_DNXsk%2CgCFt7mtbkAM%2CeSs2YL9gUcU%2CIjk5TKoz6JM%2C_QWXm97Lu6E%2CXe4yzhk8Vjs%2CtGXcijOXC8I%2CAt3qy6DWTKw%2Cdm4NkaK16Tc%2C96U6UgHJ_Mg%2CNuNsP51FuVM%2CL0dBAfmCNzM%2CtG5JYNZ9G7I%2CbIcZzgu6-vw\" type=\"application\/x-shockwave-flash\"><param name=\"flashvars\" value=\"autostart=true&amp;usefullscreen=true&amp;\" \/><param name=\"src\" value=\"http:\/\/www.humyo.com\/E\/10422871-281475394448899\/10422871-281475394450069\/10422871-281475394449173\/10422871-281475394450505\/10422871-281475394451303\/10422871-281475394452251\/10422871-281475394452911\/10422871-281475394453233\/10422871-281475394453743\/10422871-281475394454563\/10422871-281475394455001\/10422871-281475394455923\/10422871-281475394456313\/10422871-281475394464883\/10422871-281475394465505\/10422871-281475394465119\/10422871-281475394465883\/10422871-281475394466519\/10422871-281475394467205\/10422871-281475394467599\/10422871-281475394467937\/10422871-281475394468633\/10422871-281475394469109\/10422871-281475394470319\/10422871-281475394471193\/10422871-281475394472009\/10422871-281475394473773\/10422871-281475394474379\/10422871-281475394475507\/10422871-281475394476465\/10422871-281475394477093\/10422871-281475394477639\/10422871-281475394481109\/10422871-281475394482445?a=dRqomK95P18%2CVAbD_ELoPSE%2CPT-oQeYiO34%2C5QyuW_1QI9Q%2CayPYy00ccv8%2ChNVpPxabmfg%2CPZdKERQAVnI%2Cx1xCSHHAxfY%2CgHT0W2BJLs4%2CzB53pzCgSzk%2Cp2B410BAQSE%2CACnD7u_8Vzs%2C_LFWTXqiLqc%2C8dEqeRWTD14%2CwEHw1r8T2VI%2Cn_SepyEtTME%2CUTbaqHYWOu4%2CyHHx_lLcf2s%2C5z6IJeY2NQ4%2CxptpPxtcq2A%2CGOJoe_DNXsk%2CgCFt7mtbkAM%2CeSs2YL9gUcU%2CIjk5TKoz6JM%2C_QWXm97Lu6E%2CXe4yzhk8Vjs%2CtGXcijOXC8I%2CAt3qy6DWTKw%2Cdm4NkaK16Tc%2C96U6UgHJ_Mg%2CNuNsP51FuVM%2CL0dBAfmCNzM%2CtG5JYNZ9G7I%2CbIcZzgu6-vw\" \/><param name=\"allowfullscreen\" value=\"true\" \/><\/object><\/p>\n","protected":false},"excerpt":{"rendered":"<p>Rize\u2019nin Pazar il\u00e7esi Apso (Su\u00e7at\u0131) k\u00f6y\u00fcnde d\u00fcnyaya geldi. \u00c7ocuklu\u011fu annesinden duydu\u011fu ninniler, destanlar ve a\u011f\u0131tlarla ge\u00e7ti. K\u00f6y d\u00fc\u011f\u00fcnlerinde hayranl\u0131kla dinledi\u011fi tulum ve kemen\u00e7enin sesi ise ileride hayat\u0131n\u0131n ak\u0131\u015f\u0131n\u0131 de\u011fi\u015ftirecekti. \u0130lk kemen\u00e7esi m\u0131s\u0131r g\u00f6vdesinden (\u011feri), ilk tulumu da kabak yapra\u011f\u0131 ve s\u0131yr\u0131lm\u0131\u015f taze k\u0131z\u0131la\u011fa\u00e7 dal\u0131ndand\u0131. 10 ya\u015f\u0131nda a\u011fabeyinin sayesinde ba\u011flama ile tan\u0131\u015ft\u0131. Gaziantep ODT\u00dc Elektrik-Elektronik M\u00fchendisli\u011fi [&hellip;]<\/p>\n","protected":false},"author":1,"featured_media":0,"comment_status":"open","ping_status":"open","sticky":false,"template":"","format":"standard","meta":{"footnotes":""},"categories":[100],"tags":[],"class_list":{"0":"post-4329","1":"post","2":"type-post","3":"status-publish","4":"format-standard","6":"category-muzisyenler"},"yoast_head":"<!-- This site is optimized with the Yoast SEO Premium plugin v24.9 (Yoast SEO v24.9) - https:\/\/yoast.com\/wordpress\/plugins\/seo\/ -->\n<title>Bazen tulumunu al\u0131p k\u00f6y k\u00f6y \u00e7alarak gezen Adam | Birol Topalo\u011flu ve Lazca \u015fark\u0131lar - narteks.net<\/title>\n<meta name=\"robots\" content=\"index, follow, max-snippet:-1, max-image-preview:large, max-video-preview:-1\" \/>\n<link rel=\"canonical\" href=\"https:\/\/narteks.net\/index.php\/2010\/03\/10\/bazen-tulumunu-alip-koy-koy-calarak-gezen-adam-birol-topaloglu-ve-lazca-sarkilar\/\" \/>\n<meta property=\"og:locale\" content=\"tr_TR\" \/>\n<meta property=\"og:type\" content=\"article\" \/>\n<meta property=\"og:title\" content=\"Bazen tulumunu al\u0131p k\u00f6y k\u00f6y \u00e7alarak gezen Adam | Birol Topalo\u011flu ve Lazca \u015fark\u0131lar\" \/>\n<meta property=\"og:description\" content=\"Rize\u2019nin Pazar il\u00e7esi Apso (Su\u00e7at\u0131) k\u00f6y\u00fcnde d\u00fcnyaya geldi. \u00c7ocuklu\u011fu annesinden duydu\u011fu ninniler, destanlar ve a\u011f\u0131tlarla ge\u00e7ti. K\u00f6y d\u00fc\u011f\u00fcnlerinde hayranl\u0131kla dinledi\u011fi tulum ve kemen\u00e7enin sesi ise ileride hayat\u0131n\u0131n ak\u0131\u015f\u0131n\u0131 de\u011fi\u015ftirecekti. \u0130lk kemen\u00e7esi m\u0131s\u0131r g\u00f6vdesinden (\u011feri), ilk tulumu da kabak yapra\u011f\u0131 ve s\u0131yr\u0131lm\u0131\u015f taze k\u0131z\u0131la\u011fa\u00e7 dal\u0131ndand\u0131. 10 ya\u015f\u0131nda a\u011fabeyinin sayesinde ba\u011flama ile tan\u0131\u015ft\u0131. Gaziantep ODT\u00dc Elektrik-Elektronik M\u00fchendisli\u011fi [&hellip;]\" \/>\n<meta property=\"og:url\" content=\"https:\/\/narteks.net\/index.php\/2010\/03\/10\/bazen-tulumunu-alip-koy-koy-calarak-gezen-adam-birol-topaloglu-ve-lazca-sarkilar\/\" \/>\n<meta property=\"og:site_name\" content=\"narteks.net\" \/>\n<meta property=\"article:published_time\" content=\"2010-03-10T10:06:14+00:00\" \/>\n<meta property=\"og:image\" content=\"https:\/\/narteks.net\/wp-content\/uploads\/narteks.png\" \/>\n\t<meta property=\"og:image:width\" content=\"300\" \/>\n\t<meta property=\"og:image:height\" content=\"90\" \/>\n\t<meta property=\"og:image:type\" content=\"image\/png\" \/>\n<meta name=\"author\" content=\"Tar\u0131k\" \/>\n<meta name=\"twitter:card\" content=\"summary_large_image\" \/>\n<meta name=\"twitter:creator\" content=\"@narteks\" \/>\n<meta name=\"twitter:site\" content=\"@narteks\" \/>\n<meta name=\"twitter:label1\" content=\"Yazan:\" \/>\n\t<meta name=\"twitter:data1\" content=\"Tar\u0131k\" \/>\n\t<meta name=\"twitter:label2\" content=\"Tahmini okuma s\u00fcresi\" \/>\n\t<meta name=\"twitter:data2\" content=\"2 dakika\" \/>\n<script type=\"application\/ld+json\" class=\"yoast-schema-graph\">{\"@context\":\"https:\/\/schema.org\",\"@graph\":[{\"@type\":\"Article\",\"@id\":\"https:\/\/narteks.net\/index.php\/2010\/03\/10\/bazen-tulumunu-alip-koy-koy-calarak-gezen-adam-birol-topaloglu-ve-lazca-sarkilar\/#article\",\"isPartOf\":{\"@id\":\"https:\/\/narteks.net\/index.php\/2010\/03\/10\/bazen-tulumunu-alip-koy-koy-calarak-gezen-adam-birol-topaloglu-ve-lazca-sarkilar\/\"},\"author\":{\"name\":\"Tar\u0131k\",\"@id\":\"https:\/\/narteks.net\/#\/schema\/person\/61f37d9834294b72d31d274e7ed79bca\"},\"headline\":\"Bazen tulumunu al\u0131p k\u00f6y k\u00f6y \u00e7alarak gezen Adam | Birol Topalo\u011flu ve Lazca \u015fark\u0131lar\",\"datePublished\":\"2010-03-10T10:06:14+00:00\",\"mainEntityOfPage\":{\"@id\":\"https:\/\/narteks.net\/index.php\/2010\/03\/10\/bazen-tulumunu-alip-koy-koy-calarak-gezen-adam-birol-topaloglu-ve-lazca-sarkilar\/\"},\"wordCount\":477,\"commentCount\":0,\"publisher\":{\"@id\":\"https:\/\/narteks.net\/#organization\"},\"articleSection\":[\"M\u00fczisyenler\"],\"inLanguage\":\"tr\",\"potentialAction\":[{\"@type\":\"CommentAction\",\"name\":\"Comment\",\"target\":[\"https:\/\/narteks.net\/index.php\/2010\/03\/10\/bazen-tulumunu-alip-koy-koy-calarak-gezen-adam-birol-topaloglu-ve-lazca-sarkilar\/#respond\"]}]},{\"@type\":\"WebPage\",\"@id\":\"https:\/\/narteks.net\/index.php\/2010\/03\/10\/bazen-tulumunu-alip-koy-koy-calarak-gezen-adam-birol-topaloglu-ve-lazca-sarkilar\/\",\"url\":\"https:\/\/narteks.net\/index.php\/2010\/03\/10\/bazen-tulumunu-alip-koy-koy-calarak-gezen-adam-birol-topaloglu-ve-lazca-sarkilar\/\",\"name\":\"Bazen tulumunu al\u0131p k\u00f6y k\u00f6y \u00e7alarak gezen Adam | Birol Topalo\u011flu ve Lazca \u015fark\u0131lar - narteks.net\",\"isPartOf\":{\"@id\":\"https:\/\/narteks.net\/#website\"},\"datePublished\":\"2010-03-10T10:06:14+00:00\",\"breadcrumb\":{\"@id\":\"https:\/\/narteks.net\/index.php\/2010\/03\/10\/bazen-tulumunu-alip-koy-koy-calarak-gezen-adam-birol-topaloglu-ve-lazca-sarkilar\/#breadcrumb\"},\"inLanguage\":\"tr\",\"potentialAction\":[{\"@type\":\"ReadAction\",\"target\":[\"https:\/\/narteks.net\/index.php\/2010\/03\/10\/bazen-tulumunu-alip-koy-koy-calarak-gezen-adam-birol-topaloglu-ve-lazca-sarkilar\/\"]}]},{\"@type\":\"BreadcrumbList\",\"@id\":\"https:\/\/narteks.net\/index.php\/2010\/03\/10\/bazen-tulumunu-alip-koy-koy-calarak-gezen-adam-birol-topaloglu-ve-lazca-sarkilar\/#breadcrumb\",\"itemListElement\":[{\"@type\":\"ListItem\",\"position\":1,\"name\":\"Anasayfa\",\"item\":\"https:\/\/narteks.net\/\"},{\"@type\":\"ListItem\",\"position\":2,\"name\":\"Bazen tulumunu al\u0131p k\u00f6y k\u00f6y \u00e7alarak gezen Adam | Birol Topalo\u011flu ve Lazca \u015fark\u0131lar\"}]},{\"@type\":\"WebSite\",\"@id\":\"https:\/\/narteks.net\/#website\",\"url\":\"https:\/\/narteks.net\/\",\"name\":\"narteks.net\",\"description\":\"K\u00fclt\u00fcr Sanat Edebiyat Felsefe\",\"publisher\":{\"@id\":\"https:\/\/narteks.net\/#organization\"},\"alternateName\":\"K\u00fclt\u00fcr Sanat Edebiyat Felsefe\",\"potentialAction\":[{\"@type\":\"SearchAction\",\"target\":{\"@type\":\"EntryPoint\",\"urlTemplate\":\"https:\/\/narteks.net\/?s={search_term_string}\"},\"query-input\":{\"@type\":\"PropertyValueSpecification\",\"valueRequired\":true,\"valueName\":\"search_term_string\"}}],\"inLanguage\":\"tr\"},{\"@type\":\"Organization\",\"@id\":\"https:\/\/narteks.net\/#organization\",\"name\":\"narteks.net\",\"url\":\"https:\/\/narteks.net\/\",\"logo\":{\"@type\":\"ImageObject\",\"inLanguage\":\"tr\",\"@id\":\"https:\/\/narteks.net\/#\/schema\/logo\/image\/\",\"url\":\"https:\/\/narteks.net\/wp-content\/uploads\/narteks.png\",\"contentUrl\":\"https:\/\/narteks.net\/wp-content\/uploads\/narteks.png\",\"width\":300,\"height\":90,\"caption\":\"narteks.net\"},\"image\":{\"@id\":\"https:\/\/narteks.net\/#\/schema\/logo\/image\/\"},\"sameAs\":[\"https:\/\/x.com\/narteks\",\"https:\/\/instagram.com\/narteksnet\"]},{\"@type\":\"Person\",\"@id\":\"https:\/\/narteks.net\/#\/schema\/person\/61f37d9834294b72d31d274e7ed79bca\",\"name\":\"Tar\u0131k\",\"image\":{\"@type\":\"ImageObject\",\"inLanguage\":\"tr\",\"@id\":\"https:\/\/narteks.net\/#\/schema\/person\/image\/\",\"url\":\"https:\/\/secure.gravatar.com\/avatar\/50865afb55632c4ae467e0af0930f6510aa2297d8014be502a55b14f3b7550cf?s=96&d=mm&r=g\",\"contentUrl\":\"https:\/\/secure.gravatar.com\/avatar\/50865afb55632c4ae467e0af0930f6510aa2297d8014be502a55b14f3b7550cf?s=96&d=mm&r=g\",\"caption\":\"Tar\u0131k\"},\"sameAs\":[\"http:\/\/narteks.net\"],\"url\":\"https:\/\/narteks.net\/index.php\/author\/narbak\/\"}]}<\/script>\n<!-- \/ Yoast SEO Premium plugin. -->","yoast_head_json":{"title":"Bazen tulumunu al\u0131p k\u00f6y k\u00f6y \u00e7alarak gezen Adam | Birol Topalo\u011flu ve Lazca \u015fark\u0131lar - narteks.net","robots":{"index":"index","follow":"follow","max-snippet":"max-snippet:-1","max-image-preview":"max-image-preview:large","max-video-preview":"max-video-preview:-1"},"canonical":"https:\/\/narteks.net\/index.php\/2010\/03\/10\/bazen-tulumunu-alip-koy-koy-calarak-gezen-adam-birol-topaloglu-ve-lazca-sarkilar\/","og_locale":"tr_TR","og_type":"article","og_title":"Bazen tulumunu al\u0131p k\u00f6y k\u00f6y \u00e7alarak gezen Adam | Birol Topalo\u011flu ve Lazca \u015fark\u0131lar","og_description":"Rize\u2019nin Pazar il\u00e7esi Apso (Su\u00e7at\u0131) k\u00f6y\u00fcnde d\u00fcnyaya geldi. \u00c7ocuklu\u011fu annesinden duydu\u011fu ninniler, destanlar ve a\u011f\u0131tlarla ge\u00e7ti. K\u00f6y d\u00fc\u011f\u00fcnlerinde hayranl\u0131kla dinledi\u011fi tulum ve kemen\u00e7enin sesi ise ileride hayat\u0131n\u0131n ak\u0131\u015f\u0131n\u0131 de\u011fi\u015ftirecekti. \u0130lk kemen\u00e7esi m\u0131s\u0131r g\u00f6vdesinden (\u011feri), ilk tulumu da kabak yapra\u011f\u0131 ve s\u0131yr\u0131lm\u0131\u015f taze k\u0131z\u0131la\u011fa\u00e7 dal\u0131ndand\u0131. 10 ya\u015f\u0131nda a\u011fabeyinin sayesinde ba\u011flama ile tan\u0131\u015ft\u0131. Gaziantep ODT\u00dc Elektrik-Elektronik M\u00fchendisli\u011fi [&hellip;]","og_url":"https:\/\/narteks.net\/index.php\/2010\/03\/10\/bazen-tulumunu-alip-koy-koy-calarak-gezen-adam-birol-topaloglu-ve-lazca-sarkilar\/","og_site_name":"narteks.net","article_published_time":"2010-03-10T10:06:14+00:00","og_image":[{"width":300,"height":90,"url":"https:\/\/narteks.net\/wp-content\/uploads\/narteks.png","type":"image\/png"}],"author":"Tar\u0131k","twitter_card":"summary_large_image","twitter_creator":"@narteks","twitter_site":"@narteks","twitter_misc":{"Yazan:":"Tar\u0131k","Tahmini okuma s\u00fcresi":"2 dakika"},"schema":{"@context":"https:\/\/schema.org","@graph":[{"@type":"Article","@id":"https:\/\/narteks.net\/index.php\/2010\/03\/10\/bazen-tulumunu-alip-koy-koy-calarak-gezen-adam-birol-topaloglu-ve-lazca-sarkilar\/#article","isPartOf":{"@id":"https:\/\/narteks.net\/index.php\/2010\/03\/10\/bazen-tulumunu-alip-koy-koy-calarak-gezen-adam-birol-topaloglu-ve-lazca-sarkilar\/"},"author":{"name":"Tar\u0131k","@id":"https:\/\/narteks.net\/#\/schema\/person\/61f37d9834294b72d31d274e7ed79bca"},"headline":"Bazen tulumunu al\u0131p k\u00f6y k\u00f6y \u00e7alarak gezen Adam | Birol Topalo\u011flu ve Lazca \u015fark\u0131lar","datePublished":"2010-03-10T10:06:14+00:00","mainEntityOfPage":{"@id":"https:\/\/narteks.net\/index.php\/2010\/03\/10\/bazen-tulumunu-alip-koy-koy-calarak-gezen-adam-birol-topaloglu-ve-lazca-sarkilar\/"},"wordCount":477,"commentCount":0,"publisher":{"@id":"https:\/\/narteks.net\/#organization"},"articleSection":["M\u00fczisyenler"],"inLanguage":"tr","potentialAction":[{"@type":"CommentAction","name":"Comment","target":["https:\/\/narteks.net\/index.php\/2010\/03\/10\/bazen-tulumunu-alip-koy-koy-calarak-gezen-adam-birol-topaloglu-ve-lazca-sarkilar\/#respond"]}]},{"@type":"WebPage","@id":"https:\/\/narteks.net\/index.php\/2010\/03\/10\/bazen-tulumunu-alip-koy-koy-calarak-gezen-adam-birol-topaloglu-ve-lazca-sarkilar\/","url":"https:\/\/narteks.net\/index.php\/2010\/03\/10\/bazen-tulumunu-alip-koy-koy-calarak-gezen-adam-birol-topaloglu-ve-lazca-sarkilar\/","name":"Bazen tulumunu al\u0131p k\u00f6y k\u00f6y \u00e7alarak gezen Adam | Birol Topalo\u011flu ve Lazca \u015fark\u0131lar - narteks.net","isPartOf":{"@id":"https:\/\/narteks.net\/#website"},"datePublished":"2010-03-10T10:06:14+00:00","breadcrumb":{"@id":"https:\/\/narteks.net\/index.php\/2010\/03\/10\/bazen-tulumunu-alip-koy-koy-calarak-gezen-adam-birol-topaloglu-ve-lazca-sarkilar\/#breadcrumb"},"inLanguage":"tr","potentialAction":[{"@type":"ReadAction","target":["https:\/\/narteks.net\/index.php\/2010\/03\/10\/bazen-tulumunu-alip-koy-koy-calarak-gezen-adam-birol-topaloglu-ve-lazca-sarkilar\/"]}]},{"@type":"BreadcrumbList","@id":"https:\/\/narteks.net\/index.php\/2010\/03\/10\/bazen-tulumunu-alip-koy-koy-calarak-gezen-adam-birol-topaloglu-ve-lazca-sarkilar\/#breadcrumb","itemListElement":[{"@type":"ListItem","position":1,"name":"Anasayfa","item":"https:\/\/narteks.net\/"},{"@type":"ListItem","position":2,"name":"Bazen tulumunu al\u0131p k\u00f6y k\u00f6y \u00e7alarak gezen Adam | Birol Topalo\u011flu ve Lazca \u015fark\u0131lar"}]},{"@type":"WebSite","@id":"https:\/\/narteks.net\/#website","url":"https:\/\/narteks.net\/","name":"narteks.net","description":"K\u00fclt\u00fcr Sanat Edebiyat Felsefe","publisher":{"@id":"https:\/\/narteks.net\/#organization"},"alternateName":"K\u00fclt\u00fcr Sanat Edebiyat Felsefe","potentialAction":[{"@type":"SearchAction","target":{"@type":"EntryPoint","urlTemplate":"https:\/\/narteks.net\/?s={search_term_string}"},"query-input":{"@type":"PropertyValueSpecification","valueRequired":true,"valueName":"search_term_string"}}],"inLanguage":"tr"},{"@type":"Organization","@id":"https:\/\/narteks.net\/#organization","name":"narteks.net","url":"https:\/\/narteks.net\/","logo":{"@type":"ImageObject","inLanguage":"tr","@id":"https:\/\/narteks.net\/#\/schema\/logo\/image\/","url":"https:\/\/narteks.net\/wp-content\/uploads\/narteks.png","contentUrl":"https:\/\/narteks.net\/wp-content\/uploads\/narteks.png","width":300,"height":90,"caption":"narteks.net"},"image":{"@id":"https:\/\/narteks.net\/#\/schema\/logo\/image\/"},"sameAs":["https:\/\/x.com\/narteks","https:\/\/instagram.com\/narteksnet"]},{"@type":"Person","@id":"https:\/\/narteks.net\/#\/schema\/person\/61f37d9834294b72d31d274e7ed79bca","name":"Tar\u0131k","image":{"@type":"ImageObject","inLanguage":"tr","@id":"https:\/\/narteks.net\/#\/schema\/person\/image\/","url":"https:\/\/secure.gravatar.com\/avatar\/50865afb55632c4ae467e0af0930f6510aa2297d8014be502a55b14f3b7550cf?s=96&d=mm&r=g","contentUrl":"https:\/\/secure.gravatar.com\/avatar\/50865afb55632c4ae467e0af0930f6510aa2297d8014be502a55b14f3b7550cf?s=96&d=mm&r=g","caption":"Tar\u0131k"},"sameAs":["http:\/\/narteks.net"],"url":"https:\/\/narteks.net\/index.php\/author\/narbak\/"}]}},"_links":{"self":[{"href":"https:\/\/narteks.net\/index.php\/wp-json\/wp\/v2\/posts\/4329","targetHints":{"allow":["GET"]}}],"collection":[{"href":"https:\/\/narteks.net\/index.php\/wp-json\/wp\/v2\/posts"}],"about":[{"href":"https:\/\/narteks.net\/index.php\/wp-json\/wp\/v2\/types\/post"}],"author":[{"embeddable":true,"href":"https:\/\/narteks.net\/index.php\/wp-json\/wp\/v2\/users\/1"}],"replies":[{"embeddable":true,"href":"https:\/\/narteks.net\/index.php\/wp-json\/wp\/v2\/comments?post=4329"}],"version-history":[{"count":0,"href":"https:\/\/narteks.net\/index.php\/wp-json\/wp\/v2\/posts\/4329\/revisions"}],"wp:attachment":[{"href":"https:\/\/narteks.net\/index.php\/wp-json\/wp\/v2\/media?parent=4329"}],"wp:term":[{"taxonomy":"category","embeddable":true,"href":"https:\/\/narteks.net\/index.php\/wp-json\/wp\/v2\/categories?post=4329"},{"taxonomy":"post_tag","embeddable":true,"href":"https:\/\/narteks.net\/index.php\/wp-json\/wp\/v2\/tags?post=4329"}],"curies":[{"name":"wp","href":"https:\/\/api.w.org\/{rel}","templated":true}]}}