{"id":4338,"date":"2010-03-13T12:58:43","date_gmt":"2010-03-13T09:58:43","guid":{"rendered":"http:\/\/localhost\/wordpress\/2010\/03\/13\/felsefe-ve-karikatur-iliskisi-server-tanilli\/"},"modified":"2010-03-13T12:58:43","modified_gmt":"2010-03-13T09:58:43","slug":"felsefe-ve-karikatur-iliskisi-server-tanilli","status":"publish","type":"post","link":"https:\/\/narteks.net\/index.php\/2010\/03\/13\/felsefe-ve-karikatur-iliskisi-server-tanilli\/","title":{"rendered":"Felsefe ve Karikat\u00fcr \u0130li\u015fkisi | Server Tanilli"},"content":{"rendered":"<p style=\"text-align: justify;\"><img loading=\"lazy\" decoding=\"async\" src=\"http:\/\/www.okumasitesi.com\/photos\/1176732208.jpg\" border=\"0\" width=\"155\" height=\"205\" style=\"float: left;\" \/>Felsefe ile karikat\u00fcr kar\u015f\u0131la\u015ft\u0131r\u0131ld\u0131\u011f\u0131nda, ilk bak\u0131\u015fta \u015fu farkl\u0131l\u0131k  g\u00f6ze \u00e7arp\u0131yor: Felsefe s\u00f6zle ya da yaz\u0131yla dile getirilen bir fikr\u00ee  \u00e7aba; karikat\u00fcr ise, mizah\u0131n \u00e7izgiye d\u00f6k\u00fclmesi. S\u00f6z ya da yaz\u0131, felsefe  i\u00e7in yetiyor, ama mizah\u0131n karikat\u00fcr olabilmesi, d\u00fc\u015f\u00fcncenin \u00e7izgiye ya da  bi\u00e7imlere d\u00f6k\u00fclmesiyle m\u00fcmk\u00fcn; karikat\u00fcr, b\u00f6yle g\u00fcld\u00fcrebiliyor, ya da  d\u00fc\u015f\u00fcnd\u00fcr\u00fcyor.<\/p>\n<p>Bu farkl\u0131l\u0131\u011f\u0131n d\u0131\u015f\u0131nda ise, her iki alanda  birbirine benzerlikler var. En ba\u015ftaki de \u015fu: Felsefe, insanl\u0131\u011f\u0131n  evrensel sorunlar\u0131 \u00fcst\u00fcnde, akla dayanarak d\u00fc\u015f\u00fcnmeye \u00e7a\u011fr\u0131, edinilmi\u015f  bilgi ve kan\u0131lar\u0131 yeniden d\u00fc\u015f\u00fcnmek, g\u00f6zden ge\u00e7irmek, daha do\u011frusu  sorgulamakt\u0131r, diye tan\u0131mlan\u0131r; \u201cakl\u0131n ele\u015ftirici tavr\u0131\u201dd\u0131r o.  Karikat\u00fcr, bu bak\u0131mdan ona benzer: O da, yerle\u015fik d\u00fc\u015f\u00fcnceyi tekrarlamaz,  tersine sorgular, ele\u015ftiri getirir ona ve \u00f6n\u00fcm\u00fcze daha \u00f6nce fark\u0131na  varmad\u0131\u011f\u0131m\u0131z bir ba\u015fka a\u00e7\u0131 koyar. Madalyonun tersini g\u00f6sterme, her  ikisinde de ortak yan.<\/p>\n<p style=\"text-align: justify;\">\u00d6yle oldu\u011fu i\u00e7in de, felsefe ve  karikat\u00fcrde bir \u201cyol a\u00e7\u0131c\u0131\u201d, bir \u201c\u00f6nc\u00fc\u201d, kimi zaman bir \u201cba\u015fkald\u0131ran\u201d  nitelik g\u00f6r\u00fcr\u00fcz. Her ikisi de, halin b\u00fcy\u00fck \u00e7o\u011funlu\u011funda, oport\u00fcnizme  kar\u015f\u0131, uydumcu olmayan birer tav\u0131rd\u0131r.\u201d<\/p>\n<p>Her ikisinin de korkutucu  olmas\u0131n\u0131n alt\u0131nda bu var.<\/p>\n<p>Bug\u00fcnk\u00fc demokratik sistemler d\u0131\u015f\u0131nda,  felsefe horlan\u0131r ya da yasaklan\u0131r; karikat\u00fcr\u00fcn ise fazla irkiltti\u011finde  arkas\u0131na d\u00fc\u015f\u00fcl\u00fcr. Kald\u0131 ki, demokrasiler demokrasi olmadan \u00f6nce de,  filozof ve karikat\u00fcrc\u00fc, ad\u0131m ba\u015f\u0131nda kovu\u015fturulmu\u015f, yasaklanm\u0131\u015ft\u0131r.  Otoriter, hele hele totaliter rejimler, akl\u0131n sorgulamas\u0131n\u0131n sonuna  kadar g\u00f6t\u00fcr\u00fclmesini, bir de fazla g\u00fcl\u00fcnmesini ho\u015f kar\u015f\u0131lamazlar.<\/p>\n<p>Felsefe  yaln\u0131z d\u00fc\u015f\u00fcnd\u00fcrmek, sorgulamakla kalmaz, hele devrimci felsefe ise,  \u00f6n\u00fcm\u00fcze yeni bir toplum tasar\u0131s\u0131 koyar. Eski \u00e7a\u011flar\u0131 bir yana b\u0131rakal\u0131m,  R\u00f6nesans\u2019la beraber, Thomas More\u2019dan ba\u015flayarak, bu tasar\u0131lar\u0131n  \u201c\u00fctopya\u201dlar bi\u00e7iminde i\u015flendi\u011fini biliyoruz. S\u00f6z konusu eserler ufuk  a\u00e7\u0131c\u0131 olmu\u015f ve insanlar\u0131 enikonu bilin\u00e7lendirmi\u015flerdir. G\u00fcn\u00fcm\u00fczde \u00e7izgi  romanlar, insano\u011flunun gelece\u011fini de d\u00fc\u015flerken, karikat\u00fcr, i\u015fte bu \u00e7izgi  romanlar arac\u0131l\u0131\u011f\u0131yla, insan soyunun ya\u015fad\u0131\u011f\u0131 bug\u00fcnk\u00fc d\u00fcnyay\u0131 ele\u015ftirip  yeni bir d\u00fcnyan\u0131n kurulmas\u0131nda bir g\u00f6rev de y\u00fckleniyor.<\/p>\n<p>Bunun en  son bir \u00f6rne\u011fi olarak, Turhan Sel\u00e7uk\u2019un \u201cAbd\u00fclcanbaz\u201d\u0131n\u0131  g\u00f6sterebiliriz. UFO\u2019lar\u0131n, halk\u0131n merak\u0131n\u0131 s\u00f6m\u00fcren, bir yerde bilimsel  bilgilere de ters d\u00fc\u015fen \u015farlatanca bir konu oldu\u011funu biliyoruz. Ne var  ki, \u00fcnl\u00fc karikat\u00fcrc\u00fc, Milliyet\u2019te, 1998\u2019in sonlar\u0131nda ba\u015flay\u0131p 1999\u2019un  \u015eubat sonlar\u0131na kadar s\u00fcren \u201cUFO\u2019lar\u201d adl\u0131 \u00e7izgi roman\u0131nda, konudan  olumlu bir \u00fctopya \u00e7\u0131karmas\u0131n\u0131 bilmi\u015fti: \u0130ki y\u0131l \u00f6nce UFO\u2019lar d\u00fcnyam\u0131za  gelmi\u015flerdi; gelenler, uzay\u0131n derinliklerinden yola \u00e7\u0131km\u0131\u015f Buzkar  gezegenindendiler. Bizdekinden \u00e7ok ilerde bir teknik ve uygarl\u0131\u011fa sahip  bu yarat\u0131klar kavgas\u0131z d\u00f6v\u00fc\u015fs\u00fcz gelmi\u015f ve d\u00fcnyam\u0131z\u0131 eski sorun ve  \u00e7eki\u015fmelerin batakl\u0131\u011f\u0131nda b\u0131rakarak, yine kavgas\u0131z d\u00f6v\u00fc\u015fs\u00fcz \u00e7ekip  gitmi\u015flerdi.<\/p>\n<p>B\u00fcy\u00fck karikat\u00fcrc\u00fc, bu hayal\u00ee olaydan kalkarak,  sonunda, o \u00e7izgi roman\u0131n en \u00fcnl\u00fc ki\u015filerinden birinin, \u00fcnl\u00fc bilgin  Karanfil Hoca\u2019n\u0131n a\u011fz\u0131ndan, gelenlerin ileri, e\u015fit\u00e7i, bar\u0131\u015f\u00e7\u0131 d\u00fczenini  \u00f6rnek tutarak, d\u00fcnyam\u0131z\u0131n ac\u0131 bir ele\u015ftirisini yapar; Buzkar\u2019la D\u00fcnya,  uygarl\u0131kla ilkellik aras\u0131nda bizi d\u00fc\u015f\u00fcnmeye \u00e7a\u011f\u0131r\u0131r.<\/p>\n<p>\u00dctopyad\u0131r  \u00e7izdi\u011fi, ama olumlu, yap\u0131c\u0131, giderek ilerici bir \u00fctopya!<\/p>\n<p>Ka\u00e7  y\u00fczy\u0131ll\u0131k bir gelene\u011fin bir karikat\u00fcrc\u00fcn\u00fcn \u00e7izgilerinde yeniden dile  geli\u015fi.<\/p>\n<p>Felsefeyle karikat\u00fcr\u00fcn, T\u00fcrkiye\u2019nin ko\u015fullar\u0131nda elele  vermesinden do\u011fal bir \u015fey de yoktur. \u00c7a\u011fda\u015fl\u0131\u011f\u0131 ideal edinmi\u015f bir  toplum, ister istemez k\u00f6hnemi\u015f kurum ve ili\u015fkilerini sorgulayacak ve  daha ileri, daha insanca bir toplumun \u00f6zlemini duyacakt\u0131r. \u00d6yle olunca  da, en ba\u015fta iki \u015feye ihtiyac\u0131 vard\u0131r: Ak\u0131lc\u0131 d\u00fc\u015f\u00fcnceye ve g\u00fclen  d\u00fc\u015f\u00fcnceye.<\/p>\n<p>Yani felsefeye ve karikat\u00fcre&#8230;<\/p>\n<p>SERVER TAN\u0130LL\u0130<\/p>\n<p>\u00a0<\/p>\n","protected":false},"excerpt":{"rendered":"<p>Felsefe ile karikat\u00fcr kar\u015f\u0131la\u015ft\u0131r\u0131ld\u0131\u011f\u0131nda, ilk bak\u0131\u015fta \u015fu farkl\u0131l\u0131k g\u00f6ze \u00e7arp\u0131yor: Felsefe s\u00f6zle ya da yaz\u0131yla dile getirilen bir fikr\u00ee \u00e7aba; karikat\u00fcr ise, mizah\u0131n \u00e7izgiye d\u00f6k\u00fclmesi. S\u00f6z ya da yaz\u0131, felsefe i\u00e7in yetiyor, ama mizah\u0131n karikat\u00fcr olabilmesi, d\u00fc\u015f\u00fcncenin \u00e7izgiye ya da bi\u00e7imlere d\u00f6k\u00fclmesiyle m\u00fcmk\u00fcn; karikat\u00fcr, b\u00f6yle g\u00fcld\u00fcrebiliyor, ya da d\u00fc\u015f\u00fcnd\u00fcr\u00fcyor. Bu farkl\u0131l\u0131\u011f\u0131n d\u0131\u015f\u0131nda ise, her iki [&hellip;]<\/p>\n","protected":false},"author":1,"featured_media":0,"comment_status":"open","ping_status":"open","sticky":false,"template":"","format":"standard","meta":{"footnotes":""},"categories":[103],"tags":[],"class_list":{"0":"post-4338","1":"post","2":"type-post","3":"status-publish","4":"format-standard","6":"category-felsefe-genel"},"yoast_head":"<!-- This site is optimized with the Yoast SEO Premium plugin v24.9 (Yoast SEO v24.9) - https:\/\/yoast.com\/wordpress\/plugins\/seo\/ -->\n<title>Felsefe ve Karikat\u00fcr \u0130li\u015fkisi | Server Tanilli - narteks.net<\/title>\n<meta name=\"robots\" content=\"index, follow, max-snippet:-1, max-image-preview:large, max-video-preview:-1\" \/>\n<link rel=\"canonical\" href=\"https:\/\/narteks.net\/index.php\/2010\/03\/13\/felsefe-ve-karikatur-iliskisi-server-tanilli\/\" \/>\n<meta property=\"og:locale\" content=\"tr_TR\" \/>\n<meta property=\"og:type\" content=\"article\" \/>\n<meta property=\"og:title\" content=\"Felsefe ve Karikat\u00fcr \u0130li\u015fkisi | Server Tanilli\" \/>\n<meta property=\"og:description\" content=\"Felsefe ile karikat\u00fcr kar\u015f\u0131la\u015ft\u0131r\u0131ld\u0131\u011f\u0131nda, ilk bak\u0131\u015fta \u015fu farkl\u0131l\u0131k g\u00f6ze \u00e7arp\u0131yor: Felsefe s\u00f6zle ya da yaz\u0131yla dile getirilen bir fikr\u00ee \u00e7aba; karikat\u00fcr ise, mizah\u0131n \u00e7izgiye d\u00f6k\u00fclmesi. S\u00f6z ya da yaz\u0131, felsefe i\u00e7in yetiyor, ama mizah\u0131n karikat\u00fcr olabilmesi, d\u00fc\u015f\u00fcncenin \u00e7izgiye ya da bi\u00e7imlere d\u00f6k\u00fclmesiyle m\u00fcmk\u00fcn; karikat\u00fcr, b\u00f6yle g\u00fcld\u00fcrebiliyor, ya da d\u00fc\u015f\u00fcnd\u00fcr\u00fcyor. Bu farkl\u0131l\u0131\u011f\u0131n d\u0131\u015f\u0131nda ise, her iki [&hellip;]\" \/>\n<meta property=\"og:url\" content=\"https:\/\/narteks.net\/index.php\/2010\/03\/13\/felsefe-ve-karikatur-iliskisi-server-tanilli\/\" \/>\n<meta property=\"og:site_name\" content=\"narteks.net\" \/>\n<meta property=\"article:published_time\" content=\"2010-03-13T09:58:43+00:00\" \/>\n<meta property=\"og:image\" content=\"http:\/\/www.okumasitesi.com\/photos\/1176732208.jpg\" \/>\n<meta name=\"author\" content=\"Tar\u0131k\" \/>\n<meta name=\"twitter:card\" content=\"summary_large_image\" \/>\n<meta name=\"twitter:creator\" content=\"@narteks\" \/>\n<meta name=\"twitter:site\" content=\"@narteks\" \/>\n<meta name=\"twitter:label1\" content=\"Yazan:\" \/>\n\t<meta name=\"twitter:data1\" content=\"Tar\u0131k\" \/>\n\t<meta name=\"twitter:label2\" content=\"Tahmini okuma s\u00fcresi\" \/>\n\t<meta name=\"twitter:data2\" content=\"4 dakika\" \/>\n<script type=\"application\/ld+json\" class=\"yoast-schema-graph\">{\"@context\":\"https:\/\/schema.org\",\"@graph\":[{\"@type\":\"Article\",\"@id\":\"https:\/\/narteks.net\/index.php\/2010\/03\/13\/felsefe-ve-karikatur-iliskisi-server-tanilli\/#article\",\"isPartOf\":{\"@id\":\"https:\/\/narteks.net\/index.php\/2010\/03\/13\/felsefe-ve-karikatur-iliskisi-server-tanilli\/\"},\"author\":{\"name\":\"Tar\u0131k\",\"@id\":\"https:\/\/narteks.net\/#\/schema\/person\/61f37d9834294b72d31d274e7ed79bca\"},\"headline\":\"Felsefe ve Karikat\u00fcr \u0130li\u015fkisi | Server Tanilli\",\"datePublished\":\"2010-03-13T09:58:43+00:00\",\"mainEntityOfPage\":{\"@id\":\"https:\/\/narteks.net\/index.php\/2010\/03\/13\/felsefe-ve-karikatur-iliskisi-server-tanilli\/\"},\"wordCount\":733,\"commentCount\":0,\"publisher\":{\"@id\":\"https:\/\/narteks.net\/#organization\"},\"image\":{\"@id\":\"https:\/\/narteks.net\/index.php\/2010\/03\/13\/felsefe-ve-karikatur-iliskisi-server-tanilli\/#primaryimage\"},\"thumbnailUrl\":\"http:\/\/www.okumasitesi.com\/photos\/1176732208.jpg\",\"articleSection\":[\"Felsefe (Genel)\"],\"inLanguage\":\"tr\",\"potentialAction\":[{\"@type\":\"CommentAction\",\"name\":\"Comment\",\"target\":[\"https:\/\/narteks.net\/index.php\/2010\/03\/13\/felsefe-ve-karikatur-iliskisi-server-tanilli\/#respond\"]}]},{\"@type\":\"WebPage\",\"@id\":\"https:\/\/narteks.net\/index.php\/2010\/03\/13\/felsefe-ve-karikatur-iliskisi-server-tanilli\/\",\"url\":\"https:\/\/narteks.net\/index.php\/2010\/03\/13\/felsefe-ve-karikatur-iliskisi-server-tanilli\/\",\"name\":\"Felsefe ve Karikat\u00fcr \u0130li\u015fkisi | Server Tanilli - narteks.net\",\"isPartOf\":{\"@id\":\"https:\/\/narteks.net\/#website\"},\"primaryImageOfPage\":{\"@id\":\"https:\/\/narteks.net\/index.php\/2010\/03\/13\/felsefe-ve-karikatur-iliskisi-server-tanilli\/#primaryimage\"},\"image\":{\"@id\":\"https:\/\/narteks.net\/index.php\/2010\/03\/13\/felsefe-ve-karikatur-iliskisi-server-tanilli\/#primaryimage\"},\"thumbnailUrl\":\"http:\/\/www.okumasitesi.com\/photos\/1176732208.jpg\",\"datePublished\":\"2010-03-13T09:58:43+00:00\",\"breadcrumb\":{\"@id\":\"https:\/\/narteks.net\/index.php\/2010\/03\/13\/felsefe-ve-karikatur-iliskisi-server-tanilli\/#breadcrumb\"},\"inLanguage\":\"tr\",\"potentialAction\":[{\"@type\":\"ReadAction\",\"target\":[\"https:\/\/narteks.net\/index.php\/2010\/03\/13\/felsefe-ve-karikatur-iliskisi-server-tanilli\/\"]}]},{\"@type\":\"ImageObject\",\"inLanguage\":\"tr\",\"@id\":\"https:\/\/narteks.net\/index.php\/2010\/03\/13\/felsefe-ve-karikatur-iliskisi-server-tanilli\/#primaryimage\",\"url\":\"http:\/\/www.okumasitesi.com\/photos\/1176732208.jpg\",\"contentUrl\":\"http:\/\/www.okumasitesi.com\/photos\/1176732208.jpg\"},{\"@type\":\"BreadcrumbList\",\"@id\":\"https:\/\/narteks.net\/index.php\/2010\/03\/13\/felsefe-ve-karikatur-iliskisi-server-tanilli\/#breadcrumb\",\"itemListElement\":[{\"@type\":\"ListItem\",\"position\":1,\"name\":\"Anasayfa\",\"item\":\"https:\/\/narteks.net\/\"},{\"@type\":\"ListItem\",\"position\":2,\"name\":\"Felsefe ve Karikat\u00fcr \u0130li\u015fkisi | Server Tanilli\"}]},{\"@type\":\"WebSite\",\"@id\":\"https:\/\/narteks.net\/#website\",\"url\":\"https:\/\/narteks.net\/\",\"name\":\"narteks.net\",\"description\":\"K\u00fclt\u00fcr Sanat Edebiyat Felsefe\",\"publisher\":{\"@id\":\"https:\/\/narteks.net\/#organization\"},\"alternateName\":\"K\u00fclt\u00fcr Sanat Edebiyat Felsefe\",\"potentialAction\":[{\"@type\":\"SearchAction\",\"target\":{\"@type\":\"EntryPoint\",\"urlTemplate\":\"https:\/\/narteks.net\/?s={search_term_string}\"},\"query-input\":{\"@type\":\"PropertyValueSpecification\",\"valueRequired\":true,\"valueName\":\"search_term_string\"}}],\"inLanguage\":\"tr\"},{\"@type\":\"Organization\",\"@id\":\"https:\/\/narteks.net\/#organization\",\"name\":\"narteks.net\",\"url\":\"https:\/\/narteks.net\/\",\"logo\":{\"@type\":\"ImageObject\",\"inLanguage\":\"tr\",\"@id\":\"https:\/\/narteks.net\/#\/schema\/logo\/image\/\",\"url\":\"https:\/\/narteks.net\/wp-content\/uploads\/narteks.png\",\"contentUrl\":\"https:\/\/narteks.net\/wp-content\/uploads\/narteks.png\",\"width\":300,\"height\":90,\"caption\":\"narteks.net\"},\"image\":{\"@id\":\"https:\/\/narteks.net\/#\/schema\/logo\/image\/\"},\"sameAs\":[\"https:\/\/x.com\/narteks\",\"https:\/\/instagram.com\/narteksnet\"]},{\"@type\":\"Person\",\"@id\":\"https:\/\/narteks.net\/#\/schema\/person\/61f37d9834294b72d31d274e7ed79bca\",\"name\":\"Tar\u0131k\",\"image\":{\"@type\":\"ImageObject\",\"inLanguage\":\"tr\",\"@id\":\"https:\/\/narteks.net\/#\/schema\/person\/image\/\",\"url\":\"https:\/\/secure.gravatar.com\/avatar\/50865afb55632c4ae467e0af0930f6510aa2297d8014be502a55b14f3b7550cf?s=96&d=mm&r=g\",\"contentUrl\":\"https:\/\/secure.gravatar.com\/avatar\/50865afb55632c4ae467e0af0930f6510aa2297d8014be502a55b14f3b7550cf?s=96&d=mm&r=g\",\"caption\":\"Tar\u0131k\"},\"sameAs\":[\"http:\/\/narteks.net\"],\"url\":\"https:\/\/narteks.net\/index.php\/author\/narbak\/\"}]}<\/script>\n<!-- \/ Yoast SEO Premium plugin. -->","yoast_head_json":{"title":"Felsefe ve Karikat\u00fcr \u0130li\u015fkisi | Server Tanilli - narteks.net","robots":{"index":"index","follow":"follow","max-snippet":"max-snippet:-1","max-image-preview":"max-image-preview:large","max-video-preview":"max-video-preview:-1"},"canonical":"https:\/\/narteks.net\/index.php\/2010\/03\/13\/felsefe-ve-karikatur-iliskisi-server-tanilli\/","og_locale":"tr_TR","og_type":"article","og_title":"Felsefe ve Karikat\u00fcr \u0130li\u015fkisi | Server Tanilli","og_description":"Felsefe ile karikat\u00fcr kar\u015f\u0131la\u015ft\u0131r\u0131ld\u0131\u011f\u0131nda, ilk bak\u0131\u015fta \u015fu farkl\u0131l\u0131k g\u00f6ze \u00e7arp\u0131yor: Felsefe s\u00f6zle ya da yaz\u0131yla dile getirilen bir fikr\u00ee \u00e7aba; karikat\u00fcr ise, mizah\u0131n \u00e7izgiye d\u00f6k\u00fclmesi. S\u00f6z ya da yaz\u0131, felsefe i\u00e7in yetiyor, ama mizah\u0131n karikat\u00fcr olabilmesi, d\u00fc\u015f\u00fcncenin \u00e7izgiye ya da bi\u00e7imlere d\u00f6k\u00fclmesiyle m\u00fcmk\u00fcn; karikat\u00fcr, b\u00f6yle g\u00fcld\u00fcrebiliyor, ya da d\u00fc\u015f\u00fcnd\u00fcr\u00fcyor. Bu farkl\u0131l\u0131\u011f\u0131n d\u0131\u015f\u0131nda ise, her iki [&hellip;]","og_url":"https:\/\/narteks.net\/index.php\/2010\/03\/13\/felsefe-ve-karikatur-iliskisi-server-tanilli\/","og_site_name":"narteks.net","article_published_time":"2010-03-13T09:58:43+00:00","og_image":[{"url":"http:\/\/www.okumasitesi.com\/photos\/1176732208.jpg","type":"","width":"","height":""}],"author":"Tar\u0131k","twitter_card":"summary_large_image","twitter_creator":"@narteks","twitter_site":"@narteks","twitter_misc":{"Yazan:":"Tar\u0131k","Tahmini okuma s\u00fcresi":"4 dakika"},"schema":{"@context":"https:\/\/schema.org","@graph":[{"@type":"Article","@id":"https:\/\/narteks.net\/index.php\/2010\/03\/13\/felsefe-ve-karikatur-iliskisi-server-tanilli\/#article","isPartOf":{"@id":"https:\/\/narteks.net\/index.php\/2010\/03\/13\/felsefe-ve-karikatur-iliskisi-server-tanilli\/"},"author":{"name":"Tar\u0131k","@id":"https:\/\/narteks.net\/#\/schema\/person\/61f37d9834294b72d31d274e7ed79bca"},"headline":"Felsefe ve Karikat\u00fcr \u0130li\u015fkisi | Server Tanilli","datePublished":"2010-03-13T09:58:43+00:00","mainEntityOfPage":{"@id":"https:\/\/narteks.net\/index.php\/2010\/03\/13\/felsefe-ve-karikatur-iliskisi-server-tanilli\/"},"wordCount":733,"commentCount":0,"publisher":{"@id":"https:\/\/narteks.net\/#organization"},"image":{"@id":"https:\/\/narteks.net\/index.php\/2010\/03\/13\/felsefe-ve-karikatur-iliskisi-server-tanilli\/#primaryimage"},"thumbnailUrl":"http:\/\/www.okumasitesi.com\/photos\/1176732208.jpg","articleSection":["Felsefe (Genel)"],"inLanguage":"tr","potentialAction":[{"@type":"CommentAction","name":"Comment","target":["https:\/\/narteks.net\/index.php\/2010\/03\/13\/felsefe-ve-karikatur-iliskisi-server-tanilli\/#respond"]}]},{"@type":"WebPage","@id":"https:\/\/narteks.net\/index.php\/2010\/03\/13\/felsefe-ve-karikatur-iliskisi-server-tanilli\/","url":"https:\/\/narteks.net\/index.php\/2010\/03\/13\/felsefe-ve-karikatur-iliskisi-server-tanilli\/","name":"Felsefe ve Karikat\u00fcr \u0130li\u015fkisi | Server Tanilli - narteks.net","isPartOf":{"@id":"https:\/\/narteks.net\/#website"},"primaryImageOfPage":{"@id":"https:\/\/narteks.net\/index.php\/2010\/03\/13\/felsefe-ve-karikatur-iliskisi-server-tanilli\/#primaryimage"},"image":{"@id":"https:\/\/narteks.net\/index.php\/2010\/03\/13\/felsefe-ve-karikatur-iliskisi-server-tanilli\/#primaryimage"},"thumbnailUrl":"http:\/\/www.okumasitesi.com\/photos\/1176732208.jpg","datePublished":"2010-03-13T09:58:43+00:00","breadcrumb":{"@id":"https:\/\/narteks.net\/index.php\/2010\/03\/13\/felsefe-ve-karikatur-iliskisi-server-tanilli\/#breadcrumb"},"inLanguage":"tr","potentialAction":[{"@type":"ReadAction","target":["https:\/\/narteks.net\/index.php\/2010\/03\/13\/felsefe-ve-karikatur-iliskisi-server-tanilli\/"]}]},{"@type":"ImageObject","inLanguage":"tr","@id":"https:\/\/narteks.net\/index.php\/2010\/03\/13\/felsefe-ve-karikatur-iliskisi-server-tanilli\/#primaryimage","url":"http:\/\/www.okumasitesi.com\/photos\/1176732208.jpg","contentUrl":"http:\/\/www.okumasitesi.com\/photos\/1176732208.jpg"},{"@type":"BreadcrumbList","@id":"https:\/\/narteks.net\/index.php\/2010\/03\/13\/felsefe-ve-karikatur-iliskisi-server-tanilli\/#breadcrumb","itemListElement":[{"@type":"ListItem","position":1,"name":"Anasayfa","item":"https:\/\/narteks.net\/"},{"@type":"ListItem","position":2,"name":"Felsefe ve Karikat\u00fcr \u0130li\u015fkisi | Server Tanilli"}]},{"@type":"WebSite","@id":"https:\/\/narteks.net\/#website","url":"https:\/\/narteks.net\/","name":"narteks.net","description":"K\u00fclt\u00fcr Sanat Edebiyat Felsefe","publisher":{"@id":"https:\/\/narteks.net\/#organization"},"alternateName":"K\u00fclt\u00fcr Sanat Edebiyat Felsefe","potentialAction":[{"@type":"SearchAction","target":{"@type":"EntryPoint","urlTemplate":"https:\/\/narteks.net\/?s={search_term_string}"},"query-input":{"@type":"PropertyValueSpecification","valueRequired":true,"valueName":"search_term_string"}}],"inLanguage":"tr"},{"@type":"Organization","@id":"https:\/\/narteks.net\/#organization","name":"narteks.net","url":"https:\/\/narteks.net\/","logo":{"@type":"ImageObject","inLanguage":"tr","@id":"https:\/\/narteks.net\/#\/schema\/logo\/image\/","url":"https:\/\/narteks.net\/wp-content\/uploads\/narteks.png","contentUrl":"https:\/\/narteks.net\/wp-content\/uploads\/narteks.png","width":300,"height":90,"caption":"narteks.net"},"image":{"@id":"https:\/\/narteks.net\/#\/schema\/logo\/image\/"},"sameAs":["https:\/\/x.com\/narteks","https:\/\/instagram.com\/narteksnet"]},{"@type":"Person","@id":"https:\/\/narteks.net\/#\/schema\/person\/61f37d9834294b72d31d274e7ed79bca","name":"Tar\u0131k","image":{"@type":"ImageObject","inLanguage":"tr","@id":"https:\/\/narteks.net\/#\/schema\/person\/image\/","url":"https:\/\/secure.gravatar.com\/avatar\/50865afb55632c4ae467e0af0930f6510aa2297d8014be502a55b14f3b7550cf?s=96&d=mm&r=g","contentUrl":"https:\/\/secure.gravatar.com\/avatar\/50865afb55632c4ae467e0af0930f6510aa2297d8014be502a55b14f3b7550cf?s=96&d=mm&r=g","caption":"Tar\u0131k"},"sameAs":["http:\/\/narteks.net"],"url":"https:\/\/narteks.net\/index.php\/author\/narbak\/"}]}},"_links":{"self":[{"href":"https:\/\/narteks.net\/index.php\/wp-json\/wp\/v2\/posts\/4338","targetHints":{"allow":["GET"]}}],"collection":[{"href":"https:\/\/narteks.net\/index.php\/wp-json\/wp\/v2\/posts"}],"about":[{"href":"https:\/\/narteks.net\/index.php\/wp-json\/wp\/v2\/types\/post"}],"author":[{"embeddable":true,"href":"https:\/\/narteks.net\/index.php\/wp-json\/wp\/v2\/users\/1"}],"replies":[{"embeddable":true,"href":"https:\/\/narteks.net\/index.php\/wp-json\/wp\/v2\/comments?post=4338"}],"version-history":[{"count":0,"href":"https:\/\/narteks.net\/index.php\/wp-json\/wp\/v2\/posts\/4338\/revisions"}],"wp:attachment":[{"href":"https:\/\/narteks.net\/index.php\/wp-json\/wp\/v2\/media?parent=4338"}],"wp:term":[{"taxonomy":"category","embeddable":true,"href":"https:\/\/narteks.net\/index.php\/wp-json\/wp\/v2\/categories?post=4338"},{"taxonomy":"post_tag","embeddable":true,"href":"https:\/\/narteks.net\/index.php\/wp-json\/wp\/v2\/tags?post=4338"}],"curies":[{"name":"wp","href":"https:\/\/api.w.org\/{rel}","templated":true}]}}