{"id":434,"date":"2009-03-13T14:25:31","date_gmt":"2009-03-13T11:25:31","guid":{"rendered":"http:\/\/localhost\/wordpress\/2009\/03\/13\/karadir-kaslari-ferman-yazdirir\/"},"modified":"2009-03-13T14:25:31","modified_gmt":"2009-03-13T11:25:31","slug":"karadir-kaslari-ferman-yazdirir","status":"publish","type":"post","link":"https:\/\/narteks.net\/index.php\/2009\/03\/13\/karadir-kaslari-ferman-yazdirir\/","title":{"rendered":"Karad\u0131r Ka\u015flar\u0131 Ferman Yazd\u0131r\u0131r"},"content":{"rendered":"<p style=\"text-align: justify;\"><span style=\"font-size: 14pt;\"><strong> Karad\u0131r Ka\u015flar\u0131 Ferman Yazd\u0131r\u0131r<\/strong><\/span><\/p>\n<p>Karad\u0131r ka\u015flar\u0131n ferman yazd\u0131r\u0131r,<br \/>Bu a\u015fk beni diyar diyar gezdirir,<br \/>Lokman Hekim gelse, yaram azd\u0131r\u0131r,<br \/>Yaram\u0131 sarmaya yar kendi gelsin.<\/p>\n<p>Karad\u0131r Ka\u015flar\u0131n Ferman Yazd\u0131r\u0131r t\u00fcrk\u00fcs\u00fcn\u00fcn kahraman\u0131 MUSTAFA TUNA ile 14 ARALIK 2002 tarihinde SEY\u0130TGAZ\u0130 \u2018deki evinde DSP Eski\u015fehir Milletvekili NECAT\u0130 ALBAY ile birlikte yapt\u0131\u011f\u0131m s\u00f6yle\u015fi&#8230;Mustafa TUNA ,ast\u0131m hastas\u0131..Zor nefes al\u0131yor,arada bir yan\u0131ndaki ast\u0131m ilac\u0131 aletinden nefes \u00e7ekiyordu. Zaman zaman konu\u015furken zorland\u0131.<\/p>\n<p>-Say\u0131n Mustafa Tuna y\u0131l 1944&#8230;Siz Seyitgazi\u2019lisiniz, kom\u015fu k\u0131z\u0131na tutuluyorsunuz. Ama baban\u0131z evlenmenize kar\u015f\u0131 \u00e7\u0131k\u0131yor. Neden?<\/p>\n<p>-K\u0131z\u0131n babas\u0131 Rum&#8217;dan d\u00f6nme idi Babam \u2018Ben soyuma Rum kan\u0131 katmam\u2019 diye itiraz etti. Kan\u0131m\u0131za kar\u0131\u015fmas\u0131n dedi. Belki de isabetliydi. D\u00fc\u015f\u00fcncesi \u00f6yleydi. Ama g\u00f6n\u00fcl ferman dinlemedi\u011fi i\u00e7in, biz k\u0131z\u0131 ka\u00e7\u0131rmak zorunda kald\u0131k.<\/p>\n<p>-Nas\u0131l ve kiminle ka\u00e7\u0131rd\u0131n\u0131z?<\/p>\n<p>-Arabac\u0131 Ra\u015fit vard\u0131. Arkada\u015f\u0131md\u0131. K\u0131z ni\u015fanlan\u0131nca, biz Ra\u015fit\u2019in arabas\u0131yla ka\u00e7\u0131rmaya karar verdik. Benim arac\u0131 kad\u0131nlar\u0131m vard\u0131. Haber getirip g\u00f6t\u00fcren&#8230; Onlardan k\u0131z\u0131n ertesi g\u00fcn \u00e7e\u015fmeye gelece\u011fini \u00f6\u011frendim. Bir yandan da k\u0131z\u0131n k\u0131na haz\u0131rl\u0131\u011f\u0131 var. Bu i\u015f bitiyor, biz bunu \u00f6nleyelim dedik. K\u0131z\u0131n eviyle, Kuru\u00e7e\u015fme aras\u0131nda dar bir sokak var. Arabay\u0131 soka\u011f\u0131n ba\u015f\u0131na \u00e7ektik. Birg\u00fcn \u00f6nceden de atlar\u0131 nallatm\u0131\u015f\u0131z. Her\u015fey haz\u0131r. K\u0131z testileri su doldurup, omuzuna alm\u0131\u015f. Sokak dar ka\u00e7acak-g\u00f6\u00e7ecek yer yok. Sabah\u0131n da k\u00f6r\u00fc&#8230; Saat 7-8 gibi. K\u0131z\u0131 yakalad\u0131m. Duvara \u00e7arpt\u0131m. Omuzundaki su testileri k\u0131r\u0131ld\u0131. Kucaklay\u0131p arabaya att\u0131m. Atlar\u0131 k\u0131rba\u00e7lad\u0131k. Yola koyulduk. Kalabal\u0131k bir g\u00fcnd\u00fc. Arabac\u0131 yolu \u015fa\u015f\u0131rd\u0131. Planlad\u0131\u011f\u0131m\u0131z yola gitmedi. Eski\u015fehir yoluna sapt\u0131. Zaten arabac\u0131 Ra\u015fit saral\u0131yd\u0131. N\u00f6beti tuttu, titriyor. K\u0131z ba\u011f\u0131r\u0131yor. Bir elimle k\u0131z\u0131n a\u011fz\u0131n\u0131 kapat\u0131yor, \u00f6tekiyle Ra\u015fit\u2019i tutuyorum. Yular\u0131 kavray\u0131p, atlar\u0131n s\u0131rt\u0131na binece\u011fim ama, bu defa \u00f6tekiler arabadan d\u00fc\u015fecekler. Atlar ba\u015f\u0131 bo\u015f ko\u015fuyorlar. Aniden bir de kar\u015f\u0131dan kamyon \u00e7\u0131kt\u0131. Eski\u015fehir taraf\u0131ndan geliyor. Kamyonu g\u00f6ren atlar \u00fcrkt\u00fc, anayoldan \u00e7\u0131k\u0131p, orman yoluna sapt\u0131 araba.<\/p>\n<p>-Ve ormanlar\u0131n g\u00fcmb\u00fcrt\u00fcs\u00fc ba\u015flad\u0131. Hangi ormand\u0131 bu?<\/p>\n<p>-KIZILTEPE ORMANI diyoruz. \u015eu kar\u015f\u0131daki orman, Eski\u015fehir yolunda. Atlar orman\u0131n i\u00e7ine dald\u0131. O arada millet de pe\u015fimize d\u00fc\u015fm\u00fc\u015f&#8230; Jandarma s\u00fcvarisi bir yandan \u00e7evirdi; k\u0131z\u0131n ni\u015fanl\u0131s\u0131n\u0131n akrabalar\u0131 \u00f6te yandan. \u00dcst\u00fcm\u00fcze geldiler. Nihayet arabay\u0131 \u00e7evirdiler. Teslim olmak zorunda kald\u0131k.<\/p>\n<p>-Al\u0131p g\u00f6t\u00fcrd\u00fcler sizi&#8230;<\/p>\n<p>-G\u00f6t\u00fcrd\u00fcler, tevkif ettiler..27 g\u00fcn yatt\u0131m. Sorgu hakimi samimi bir arkada\u015f\u0131md\u0131. Ben o zamanlar Halkevi \u00e7al\u0131\u015fmalar\u0131na kat\u0131l\u0131yorum. Oradan tan\u0131\u015f\u0131yoruz. Beni hapishane bah\u00e7esinde volta atarken g\u00f6rm\u00fc\u015f, i\u015faret etti bana. \u2018Hayrola n\u2019ap\u0131yorsun orada?\u2019 diye sordu. Ben de ellerimi \u00fcst\u00fcste \u00e7aprazlay\u0131p, tevkif edildim dedim. Gardiyan\u0131 g\u00f6nderdi \u2018yaz, tahliyemi istiyorum de\u2019 dedi. Yazd\u0131m, imzalad\u0131m. \u2018Sen a\u015fa\u011f\u0131 in. \u015eimdi seni b\u0131rakacaklar\u2019 dedi. A\u015fa\u011f\u0131 indim, beni tahliye ettiler. O zaman sorgu hakiminin yetkisi vard\u0131. Ben tahliye oldum. Ama mahkeme devam ediyor. Dosya a\u011f\u0131r cezaya, Eski\u015fehir\u2018e g\u00f6nderildi. Duru\u015fmaya \u00e7a\u011f\u0131rd\u0131lar. Mahkemeye gittim. \u0130lk duru\u015fmada beni tevkif ettiler.<\/p>\n<p>-Su\u00e7 k\u0131z ka\u00e7\u0131rma tabii ki ?<\/p>\n<p>-Evet evet. 431\u2019e 62 inci madde gere\u011fince dava a\u00e7\u0131ld\u0131. Mahkeme devam ediyor. \u0130kinci duru\u015fmaya karde\u015fimle babam, RAZ\u0130YE\u2019yi de getirdiler.<\/p>\n<p>-Baban\u0131z araya girdi yani?<\/p>\n<p>-Evet, babam araya giriyor, k\u0131z\u0131n ifade vermesini istiyor. Al\u0131p mahkemeye k\u0131z\u0131 getiriyorlar. \u2018Ben g\u00f6nl\u00fcmle gittim. Beni ka\u00e7\u0131ran olmad\u0131. Ya\u015f\u0131m k\u00fc\u00e7\u00fckt\u00fc,beni zorla evermek istediler, ben de Mustafa\u2019ya r\u0131zamla ka\u00e7t\u0131m. Zorla filan g\u00f6t\u00fcr\u00fclmedim.\u2019 Bunlar zapta ge\u00e7ti. Savc\u0131 itiraz etti: \u2018K\u0131z\u0131n ya\u015f\u0131 k\u00fc\u00e7\u00fck, tan\u0131kl\u0131\u011f\u0131 ge\u00e7erli de\u011fil\u2018 dedi. Ben de \u2018Say\u0131n yarg\u0131\u00e7, akit ki\u015fiyi re\u015fit k\u0131lar. O zaman k\u00fc\u00e7\u00fckt\u00fc ama, olay olmu\u015f. Ki\u015fi re\u015fit say\u0131l\u0131r \u2018 dedim. Beraatimi ve tahliyemi istedim. \u0130\u00e7eri girdiler, bir saat kadar kald\u0131lar. Sonra karar\u0131 a\u00e7\u0131klad\u0131lar. Bir seneye mahkum edildim. Yaln\u0131z bu arada bir \u015fey anlatmam gerek KARAKULAK diye biri var Seyitgazi\u2019de&#8230; Vars\u0131l. Benim onunla bir meselem var. Ben ilk 27 g\u00fcn yat\u0131p \u00e7\u0131kt\u0131\u011f\u0131mda, pe\u015fime adam tak\u0131yor&#8230;Beni vurdurtmak istiyor. Adam\u0131n birine y\u00fcz lira veriyor. O da benim arkada\u015f\u0131md\u0131. Gelip bana durumu anlatt\u0131. Biz o y\u00fcz lirayla,gidip g\u00fczel bir rak\u0131 i\u00e7tik. Sonra Karakulak\u2019\u0131 yolda \u00e7evirip rezil ettim. Beni vurdurtmak i\u00e7in verdi\u011fi y\u00fcz lirayla i\u00e7ki i\u00e7ti\u011fimizi s\u00f6yledim. Boynuma sar\u0131ld\u0131, g\u00f6nl\u00fcm\u00fc ald\u0131. Day\u0131 ye\u011fen olduk. Aram\u0131z iyile\u015fti. Ama sonradan \u00f6\u011frendim ki, bir senelik tevkifat\u0131mda onun parma\u011f\u0131 var. Benim ceza almam i\u00e7in mahkemeyi etkilemi\u015f. Y\u0131l 1944, tek parti d\u00f6nemi&#8230;Bu t\u00fcr \u015feyler kolay oluyordu. Velhas\u0131l biz bir y\u0131l yataca\u011f\u0131z. Ben temyiz ettim, fakat savc\u0131n\u0131n k\u0131z\u0131 da mahkeme kaleminde memur olarak \u00e7al\u0131\u015f\u0131yor. Kay\u0131ttan ge\u00e7irdi\u011fim dilek\u00e7eyi, temyize g\u00f6ndermiyor. Ama dilek\u00e7enin tarih ve numaras\u0131 elimde var. Bana karar tebli\u011f ediliyor, bak\u0131yorum temyiz iste\u011fim yok&#8230;Yazmam\u0131\u015flar. \u0130tiraz ettim. Elimdeki tarih-numaray\u0131 g\u00f6sterdim. Zaten tahliyeme iki ay kalm\u0131\u015f. Gardiyana on lira verdim, yeni yazd\u0131\u011f\u0131m dilek\u00e7eyi bakanl\u0131\u011fa g\u00f6nderdim. Tahkikat a\u00e7\u0131ld\u0131, m\u00fcfetti\u015f geldi. Hakl\u0131 \u00e7\u0131kt\u0131m ama, bir sene yatt\u0131m.<\/p>\n<p>-Siz bu arada olay\u0131 t\u00fcrk\u00fcye mi d\u00f6kt\u00fcn\u00fcz?<\/p>\n<p>-Ben Seyitgazi\u2019deki ilk yirmi yedi g\u00fcnl\u00fck hapisli\u011fimde, sazla t\u00fcrk\u00fcy\u00fc s\u00f6ylemeye ba\u015flam\u0131\u015ft\u0131m. Hapishaneden, d\u0131\u015far\u0131ya ta\u015ft\u0131 t\u00fcrk\u00fc&#8230; B\u00fct\u00fcn Eski\u015fehir\u2019in dilinde. \u00d6yle me\u015fhur oldu ki t\u00fcrk\u00fc, Eski\u015fehir y\u0131k\u0131l\u0131yor. Hapishanede berber Gazi vard\u0131, idaml\u0131k. Seyitgazi\u2019den. O beni koruyor. Kimse bana dokunam\u0131yor hapishanede. Tatarlar var. &#8220;Leylalar&#8221; diye bir t\u00fcrk\u00fc s\u00f6yl\u00fcyorlar. C\u00fcmb\u00fc\u015f\u00fcn bini, bir para. Bizim t\u00fcrk\u00fc de her tarafa yay\u0131ld\u0131. Ben g\u00fcn\u00fcm\u00fc tamamlay\u0131p \u00e7\u0131kaca\u011f\u0131m s\u0131rada, Hakk\u0131 Efendi, yani k\u0131z\u0131n babas\u0131 haber g\u00f6nderiyor, &#8220;tahliye oldu\u011funda do\u011fruca bizim eve gelsin g\u00f6r\u00fc\u015felim&#8221; diyor. Ama babam kabul etmiyor. Ben babam\u0131 kar\u015f\u0131ma al\u0131p da onlara gitmedim.<\/p>\n<p>-Yani g\u00f6r\u00fc\u015fmediniz&#8230;<\/p>\n<p>-Ben k\u0131zla g\u00f6r\u00fc\u015f\u00fcyorum, ama babas\u0131na gitmedim. Hatta hi\u00e7 unutmuyorum, arac\u0131lar vas\u0131tas\u0131yla k\u0131z bana bir \u00e7evre g\u00f6ndermi\u015fti. Bakt\u0131m olmayacak, babam reddediyor, 1948\u2018de terk-i diyar eyleyip, Ankara\u2019ya gittim. Orada i\u015f bulup \u00e7al\u0131\u015ft\u0131m. \u0130n\u015faatlarda \u00e7al\u0131\u015ft\u0131m, ta\u015feronluk yapt\u0131m.<\/p>\n<p>-E\u015finiz Hikmet Han\u0131mla nas\u0131l tan\u0131\u015ft\u0131n\u0131z?<\/p>\n<p>-Benim \u00e7al\u0131\u015ft\u0131\u011f\u0131m insanlar\u0131n akrabas\u0131 idi. Her zaman g\u00f6r\u00fcyordum. K\u0131smetmi\u015f, istettim evlendik.<\/p>\n<p>-\u015eimdi \u015funu \u00f6\u011frenmek istiyorum &#8216;Karad\u0131r Ka\u015flar\u0131n Ferman Yazd\u0131r\u0131r T\u00fcrk\u00fcs\u00fc&#8217; bu anlatt\u0131\u011f\u0131n\u0131z ya\u015fam \u00f6yk\u00fcn\u00fcz\u00fcn yans\u0131mas\u0131 m\u0131? Yani size ait de\u011fil mi?<\/p>\n<p>-Bestesi de g\u00fcftesi de bana ait.<\/p>\n<p>-Ba\u015fka t\u00fcrk\u00fc yakt\u0131n\u0131z m\u0131?<\/p>\n<p>-\u015eiirlerim \u00e7ok, ama ba\u015fka t\u00fcrk\u00fcm yok.<\/p>\n<p>-Bu t\u00fcrk\u00fc \u00e7ok tutuldu. Herkes kendinden bir par\u00e7a buluyor bu t\u00fcrk\u00fcde&#8230; \u00d6\u011frenmek istiyorum \u2018Karad\u0131r Ka\u015flar\u0131n Ferman Yazd\u0131r\u0131r\u2019 ne demek sizce?<\/p>\n<p>-Yani hat\u0131ra yazd\u0131r\u0131yor demek.<\/p>\n<p>-Ka\u015flar\u0131 kara m\u0131yd\u0131?<\/p>\n<p>-Karayd\u0131, \u00e7ok da g\u00fczeldi rahmetli can\u0131m &#8230;(Burada Mustafa Tuna\u2019n\u0131n g\u00f6zleri doluyor&#8230; A\u011flamakl\u0131 oluyor)<\/p>\n<p>-\u2018Bu a\u015fk beni diyar diyar gezdirir\u2019&#8230;<\/p>\n<p>-Gezdirdi, uzun y\u0131llar gurbette ya\u015fad\u0131m. Yirmi iki y\u0131l Seyitgazi\u2019ye hi\u00e7 gelmedim&#8230;<\/p>\n<p>-\u2018Lokman hekim gelse, yarem azd\u0131r\u0131r\u2019&#8230;<\/p>\n<p>-\u00c7are yok yani&#8230;<\/p>\n<p>-\u00c7are yok \u2018Yaremi sarmaya yar kendi gelsin\u2019<\/p>\n<p>-\u00c7ok s\u00f6zleri var t\u00fcrk\u00fcn\u00fcn &#8230;Ama unutmu\u015fum.<\/p>\n<p>\u2018Anas\u0131 \u00dcmm\u00fc de babas\u0131 Hakk\u0131,<br \/>Bizi ay\u0131rmaya var m\u0131yd\u0131 hakk\u0131,<br \/>Kuru\u00e7e\u015fme suyu \u00e7a\u011flay\u0131p akar,<br \/>Anas\u0131 \u00e7\u0131km\u0131\u015f da yollara bakar.\u2019<\/p>\n<p>-Anas\u0131n\u0131n ad\u0131 \u00dcmm\u00fc, babas\u0131n\u0131n ad\u0131 da Hakk\u0131 m\u0131yd\u0131?<\/p>\n<p>-\u2018Ormanlar\u0131n g\u00fcmb\u00fcrt\u00fcs\u00fc ba\u015f\u0131ma vurur, Sevdi\u011fimin hayali kar\u015f\u0131mda durur.\u2019 ne demek?<\/p>\n<p>Atlar ormana girdi ya&#8230;Onu kastediyorum.<\/p>\n<p>-\u2018K\u0131z\u0131ltepe ard\u0131\u00e7lar\u0131 sallan\u0131r, Birg\u00fcn evvel atlar\u0131m\u0131z nallan\u0131r\u2019. Bir g\u00fcn evvel Ra\u015fit atlar\u0131 nallat\u0131p, arabay\u0131 haz\u0131rlam\u0131\u015f yani&#8230;\u00d6yle mi?<\/p>\n<p>-Evet evet&#8230;K\u0131z\u0131ltepe orman\u0131 da Eski\u015fehir yolu \u00fczerindeki orman&#8230;<\/p>\n<p>-Sonra Hikmet Han\u0131mla evlendiniz. Siz mutlu oldunuz, kar\u015f\u0131 taraf\u0131n durumu n\u2019oldu?<\/p>\n<p>-O \u00e7ok \u00fczg\u00fcn \u00f6ld\u00fc can\u0131m&#8230;<\/p>\n<p>-Yak\u0131nda m\u0131 \u00f6ld\u00fc?<\/p>\n<p>-1989\u2019\u0131n 21 Temmuz\u2019unda \u00f6ld\u00fc. \u015eu \u015fiirle and\u0131m ben..<\/p>\n<p>\u2018A\u00e7m\u0131\u015f kollar\u0131n\u0131 kara toprak,<br \/>Seni ba\u011fr\u0131na basmak i\u00e7in,<br \/>Ni\u00e7in ni\u00e7in ni\u00e7in,<br \/>\u00c7ekti\u011fin \u0131zd\u0131raplar i\u00e7in.\u2019<\/p>\n<p>(S\u00f6z\u00fcn buras\u0131nda Necati Albay, araya giriyor.)<\/p>\n<p>-Mustafa Abi, senin t\u00fcrk\u00fcde unuttu\u011fun yeri ben hat\u0131rlatmak istiyorum.<\/p>\n<p>\u2018Dolana dolana geldim bacana,<br \/>\u00c7ay m\u0131 demletirsin Kadir kocana,<br \/>Dan\u0131\u015ft\u0131n da m\u0131 geldin Sultan Elif Hocana<br \/>\u00d6l\u00fcm ver Allah\u0131m, ayr\u0131l\u0131k verme\u2019<\/p>\n<p>-Bunlar kim?<\/p>\n<p>-(Necati Albay) Kadir evlendi\u011fi adam, Sultan Elif de , Demirci Guru Memed\u2019in karde\u015fi, arac\u0131l\u0131k yap\u0131yormu\u015f.<\/p>\n<p>-Benim yirmiyedi g\u00fcnl\u00fck hapisli\u011fimde d\u00fc\u011f\u00fcn yap\u0131ld\u0131, evlendi. Alt\u0131 ay, bir sene kocas\u0131yla kald\u0131. Benim i\u00e7in ifade verdikten sonra, kocas\u0131n\u0131n evine gitmedi, babas\u0131n\u0131n evine d\u00f6nd\u00fc. \u0130\u015fte o zaman babas\u0131 hapisten \u00e7\u0131k\u0131nca do\u011fru bize gelsin dedi. Resmen bo\u015fanmam\u0131\u015flard\u0131; ayr\u0131yd\u0131lar. Babam da r\u0131za g\u00f6stermeyince ben buralar\u0131 terkettim.<\/p>\n<p>-Ne zaman terkettiniz; ka\u00e7 y\u0131l sonra d\u00f6nd\u00fcn\u00fcz Seyitgazi\u2019ye?<\/p>\n<p>-1948 y\u0131l\u0131nda terkettim; 1975 y\u0131l\u0131nda d\u00f6nd\u00fcm. \u00c7ocuklar\u0131n \u00e7o\u011fu gurbette do\u011fdu.<\/p>\n<p>-(Necati Albay) Babas\u0131yla k\u00fcsken arada bir \u2018K\u00f6yl\u00fc Gazetesi\u2019 g\u00f6nderirdi Seyitgazi\u2019ye. Beni de aralar\u0131na al\u0131rlard\u0131, babas\u0131 Ahmet Amca bana okuturdu gazeteyi. Mustafa Abi\u2019nin haberini \u00f6yle al\u0131rd\u0131k.<\/p>\n<p>-Mustafa Bey, siz uygar bir insans\u0131n\u0131z, t\u00fcrk\u00fc yakanlar\u0131n duygusall\u0131\u011f\u0131 fazlad\u0131r. Hayat\u0131n\u0131 o t\u00fcrk\u00fcye ba\u011flar, etkisinden kurtulamaz. Ama siz bunlar\u0131 a\u015fm\u0131\u015fs\u0131n\u0131z. Mutlu bir evlilik yapm\u0131\u015fs\u0131n\u0131z. Meslek edinmi\u015fsiniz. Yeti\u015fkin \u00e7ocuklar\u0131n\u0131z var. Ya\u015famda ba\u015far\u0131l\u0131s\u0131n\u0131z. Ama burada benim \u00f6\u011frenmek istedi\u011fim \u015fey \u015fu; k\u0131z\u0131 ba\u015fkas\u0131na zoraki vermeleri, baban\u0131z\u0131n da itiraz\u0131 m\u0131 sizi etkiledi? Olay\u0131n nedeni bu mu yani?<\/p>\n<p>-Evet.<\/p>\n<p>-K\u0131z ile sonra hi\u00e7 kar\u015f\u0131la\u015ft\u0131n\u0131z m\u0131?<\/p>\n<p>-Kocas\u0131 \u00f6ld\u00fckten sonra bir iki kar\u015f\u0131la\u015ft\u0131k. Ailesiyle s\u00fcrekli g\u00f6r\u00fc\u015f\u00fcyoruz. Tabii konu hassas oldu\u011fu i\u00e7in kimse \u00fcst\u00fcne gitmiyor.<\/p>\n<p>-Mustafa Bey, peki bu t\u00fcrk\u00fc burada, Seyitgazi\u2018de do\u011fmu\u015f, Zonguldak\u2019a nas\u0131l maledilmi\u015f?<\/p>\n<p>-Vallahi bilmiyorum ki&#8230;<\/p>\n<p>-(Necati Albay) A\u011fabey benim hat\u0131r\u0131mda kalan \u015fu; ben sana hat\u0131rlatay\u0131m da sen ne dersen de&#8230; Bu t\u00fcrk\u00fcy\u00fc sen Zonguldak\u2019ta \u00e7al\u0131\u015f\u0131rken, hani orada bir yerde \u00e7al\u0131\u015fm\u0131\u015fs\u0131n ya!<\/p>\n<p>-Bart\u0131n\u2019da &#8230;<\/p>\n<p>-Hah!. Oralarda \u00e7al\u0131\u015f\u0131rken, Zonguldak t\u00fcrk\u00fcs\u00fc diye verdin. Buraya maledilmesin, aileler \u00fcz\u00fclmesin diye. Benim hat\u0131rlad\u0131\u011f\u0131m, 1975\u2019te sen buraya d\u00f6nd\u00fc\u011f\u00fcnde seninle konu\u015ftuk. O zaman sen bana b\u00f6yle anlatt\u0131n.<\/p>\n<p>-Bu hastal\u0131k bende unutkanl\u0131k yapt\u0131. Bir\u00e7ok \u015feyi hat\u0131rlayam\u0131yorum. T\u00fcrk\u00fcn\u00fcn \u00e7ok s\u00f6z\u00fcn\u00fc de unuttum. Hat\u0131ra defterim vard\u0131. Onu da yakt\u0131m.<\/p>\n<p>-\u015eimdi i\u015fi yerine oturtmak gerek. Bu t\u00fcrk\u00fc Seyitgazi\u2019li iki gencin ya\u015fad\u0131\u011f\u0131 olay \u00fcst\u00fcne yak\u0131lm\u0131\u015f. Olay\u0131n taze olmas\u0131 nedeniyle kimi ayr\u0131nt\u0131lar gizlenmi\u015f. Ama art\u0131k olan olmu\u015f, \u00f6len \u00f6lm\u00fc\u015f&#8230; Ger\u00e7ek neyse ortaya \u00e7\u0131ks\u0131n. T\u00fcrk\u00fc de do\u011fdu\u011fu yere maledilsin.<\/p>\n<p>-Elli altm\u0131\u015f sene ge\u00e7ti aradan. Ben yazd\u0131\u011f\u0131m \u015feyleri hat\u0131rlam\u0131yorum<\/p>\n<p>-Bart\u0131n\u2019da ne i\u015f yapt\u0131n\u0131z?<\/p>\n<p>-Tapu Kadastro\u2019da \u00e7al\u0131\u015f\u0131yordum. Ge\u00e7ici g\u00f6revle gittim. 1950\u2019li y\u0131llar olsa gerek.<\/p>\n<p>-Mustafa Bey, bu bir fikri \u00fcr\u00fcn. Araba \u00fcretmek, tarlada bir \u015fey yeti\u015ftirmek gibi&#8230; Fikir \u00fcretimi&#8230; Size ait olan bu \u00fcr\u00fcn\u00fc ba\u015fkalar\u0131 sahiplenmi\u015f. Hem de siz sebep olmu\u015fsunuz. Allah gecinden versin size bir \u015fey olsa, bina mal-m\u00fclk ge\u00e7er gider. Ama bunlar kal\u0131c\u0131d\u0131r. Bunlarla an\u0131l\u0131rs\u0131n\u0131z.<\/p>\n<p>-\u0130\u015fte bilmiyorum gayri&#8230; Benim ad\u0131ma bir \u015fey kaydettirmedim. Kimse \u00fcz\u00fcls\u00fcn istemedim<\/p>\n<p>(Necati Albay elindeki dizeleri okuyor.)<\/p>\n<p>\u2018Minareye \u00e7\u0131k\u0131p bize bakt\u0131lar,<br \/>Arkam\u0131za candarmay\u0131 takt\u0131lar,<br \/>Arabada sar\u0131l\u0131p da yatt\u0131lar,<br \/>\u00d6l\u00fcm ver Allah\u0131m ,ayr\u0131l\u0131k verme.\u2019<\/p>\n<p>-Necati Bey daha iyi biliyor. Halka malolmu\u015f. Ben unutuldum art\u0131k, halk\u0131n oldu t\u00fcrk\u00fc.<\/p>\n<p>-Necati Bey, siz bir ay \u00f6ncesine, yani 3 Kas\u0131m 2002 se\u00e7imlerine kadar DSP Eski\u015fehir Milletvekili idiniz. Benim de \u00e7ok eski bir arkada\u015f\u0131ms\u0131n\u0131z. Bana da bu t\u00fcrk\u00fcy\u00fc ara\u015ft\u0131rmam i\u00e7in yard\u0131mc\u0131 oldunuz. Anla\u015f\u0131l\u0131yor ki, \u2018Karad\u0131r Ka\u015flar\u0131n Ferman Yazd\u0131r\u0131r\u2019 t\u00fcrk\u00fcs\u00fc, do\u011fdu\u011fu yere mal edilmemi\u015f. TRT kay\u0131tlar\u0131nda Zonguldak g\u00f6r\u00fcn\u00fcyor. Oysa olay burada, Seyitgazi\u2019de ge\u00e7mi\u015f. Sizin de \u00e7ocukluk an\u0131lar\u0131n\u0131zda yeri var. Bana bu t\u00fcrk\u00fcn\u00fcn bu b\u00f6lgeye ve Mustafa Bey\u2019e ait oldu\u011funu nas\u0131l a\u00e7\u0131klayabilirsiniz?<\/p>\n<p>-\u015eimdi Ya\u015far\u2019c\u0131\u011f\u0131m, Mustafa Abim, benim \u00e7ok sevdi\u011fim birlikte oldu\u011fum, beraber g\u00fcn ge\u00e7irdi\u011fim bir ki\u015fi. Mustafa Abi yeti\u015fme \u00e7a\u011f\u0131nda, Seyitgazi\u2019yi terketti gitti. Nedeni bir k\u0131z ka\u00e7\u0131rma olay\u0131d\u0131r. Mustafa Abi\u2019nin babas\u0131 ile de yak\u0131nl\u0131\u011f\u0131m vard\u0131. Zaman zaman bir araya geldi\u011fimizde, &#8216;Ah o\u011flum, benim bir o\u011flum var, \u015fimdi buralarda de\u011fil\u2019 der i\u00e7 ge\u00e7irirdi.<\/p>\n<p>-Bu olaya m\u00fcdahalesinden \u00f6t\u00fcr\u00fc \u00fcz\u00fcnt\u00fc duyar m\u0131yd\u0131?<\/p>\n<p>-Duymaz m\u0131yd\u0131? Ben ger\u00e7ekten Mustafa Abi\u2019yi \u00e7ok merak ederdim. Onu tan\u0131mam\u0131\u015ft\u0131m. Ama Ahmet Amca\u2019n\u0131n anlat\u0131m\u0131ndan biliyordum. Nerede oldu\u011funu bilmezdim. Ama zaman zaman ondan \u2018K\u00f6yl\u00fc Gazetesi \u2018 gelirdi. Kahvede oturan ihtiyarlara gazeteyi okurdum. Yani benim bu aileyle b\u00f6yle bir yak\u0131nl\u0131\u011f\u0131m vard\u0131. Bu K\u00f6yl\u00fc Gazetesi, Ahmet Amca ile o\u011flu aras\u0131nda ve bizler aras\u0131nda bir ileti\u015fim arac\u0131yd\u0131. Sonra aradan y\u0131llar ge\u00e7ti, san\u0131yorum 70\u2019li y\u0131llard\u0131. Mustafa Abi emekli oldu. Seyitgazi\u2019ye geldi. Tan\u0131\u015ft\u0131k. Bu \u015fimdi i\u00e7inde bulundu\u011fumuz evleri yapt\u0131rd\u0131. Buraya yerle\u015fti. Dostluk \u00f6yle ba\u015flad\u0131.<\/p>\n<p>-Bu t\u00fcrk\u00fcn\u00fcn ona ait oldu\u011fu konusu&#8230;<\/p>\n<p>-Bu t\u00fcrk\u00fcn\u00fcn ona ait oldu\u011funu bilmeyen yoktur Seyitgazi\u2019de&#8230; T\u00fcrk\u00fcn\u00fcn s\u00f6zlerinde ge\u00e7en yerler de Seyitgazi\u2019nin yer adlar\u0131d\u0131r. \u00d6rne\u011fin K\u0131z\u0131ltepe, Eski\u015fehir\u2019den Seyitgazi\u2019ye gelirken yol \u00fcst\u00fcnde g\u00f6rd\u00fc\u011f\u00fcm\u00fcz tomruk y\u0131\u011f\u0131l\u0131 tepenin ad\u0131d\u0131r. Ve de ard\u0131\u00e7lar vard\u0131r. \u2018Ard\u0131\u00e7l\u0131k\u2019 denir. Bu da ge\u00e7iyor t\u00fcrk\u00fcde. K\u0131z\u0131ltepe\u2019nin alt\u0131nda deve yolu vard\u0131r. \u2018Develerin g\u00fcmb\u00fcrt\u00fcs\u00fc\u2019 diye ge\u00e7iyor. Eskiden deve kervanlar\u0131 bu yoldan ge\u00e7erdi. Boyunlar\u0131nda \u00e7anlar vard\u0131. \u2018Develerin g\u00fcmb\u00fcrt\u00fcs\u00fc , ba\u015f\u0131ma vurur\u2019 laf\u0131 da budur. Yani \u2018Derelerin g\u00fcmb\u00fcrt\u00fcs\u00fc\u2019 de\u011fil&#8230;\u2019Develerin g\u00fcmb\u00fcrt\u00fcs\u00fc\u2019 d\u00fcr o. Ve bu da K\u0131z\u0131ltepe\u2019nin yan\u0131ndan ge\u00e7en deve yoludur. Kahramanlar\u0131 belli olan \u2018Karad\u0131r Ka\u015flar\u0131n\u2019 t\u00fcrk\u00fcs\u00fc Seyitgazi\u2019de yarat\u0131lm\u0131\u015f bir t\u00fcrk\u00fcd\u00fcr. Ama Mustafa Abi bunu kimseye zarar vermemek i\u00e7in ge\u00e7ici olarak \u00e7al\u0131\u015ft\u0131\u011f\u0131 Zonguldak\u2019a maletmi\u015ftir. \u00c7\u00fcnk\u00fc aileler rencide olsun istemiyordu. K\u0131z evlenmi\u015fti. \u00c7ocuklar\u0131 vard\u0131. B\u00f6ylece t\u00fcrk\u00fc oradan halka maloldu. Her Seyitgazi\u2019li bu t\u00fcrk\u00fcn\u00fcn olay\u0131n\u0131 bilirdi. Vaktiyle bu t\u00fcrk\u00fc radyodan \u00e7al\u0131n\u0131rken, Seyitgazi\u2019liler olaya duyduklar\u0131 sayg\u0131dan \u00f6t\u00fcr\u00fc radyolar\u0131n\u0131 kapat\u0131rlard\u0131. Yani s\u00f6z\u00fcn k\u0131sas\u0131 bu t\u00fcrk\u00fc saz\u0131yla, s\u00f6z\u00fcyle Seyitgazi\u2019lidir. Mustafa Abi\u2019nin ya\u015fam \u00f6yk\u00fcs\u00fcd\u00fcr.<\/p>\n<p>-Peki Mustafa Bey sizin e\u011fitiminiz neydi?<\/p>\n<p>-Burada Seyitgazi\u2019de o zaman ortaokul yoktu. \u0130lkokulu burada bitirdim, Kalecik\u2018te ortaokul diplomas\u0131 ald\u0131m. Tapu Kadastro\u2019ya girdim. Orada tekam\u00fcl kurslar\u0131na devam ettim. Kademe kademe ilerleyip, tapu m\u00fcd\u00fcrl\u00fc\u011f\u00fcnden emekli oldum.1921 do\u011fumluyum.<\/p>\n<p>-Mustafa Bey sizi bu hasta halinizde epeyce yorduk. \u00c7ok te\u015fekk\u00fcr ederim. Ama \u00f6nemli bir saptama yapt\u0131\u011f\u0131m\u0131za inan\u0131yorum. E\u011fer izin verirseniz, t\u00fcrk\u00fcn\u00fcn kimli\u011finin de\u011fi\u015fmesi i\u00e7in gerekli giri\u015fimleri yapaca\u011f\u0131m. MESAM ve TRT\u2019ye bu anlatt\u0131klar\u0131n\u0131z\u0131 aktaraca\u011f\u0131m. T\u00fcrk Halk M\u00fczi\u011fimizin \u00f6nemli \u00fcr\u00fcnlerinden biri olan Karad\u0131r Ka\u015flar\u0131n Ferman Yazd\u0131r\u0131r t\u00fcrk\u00fcs\u00fcn\u00fcn\u2019n\u00fcn as\u0131l kayna\u011f\u0131na, yani SEY\u0130TGAZ\u0130\u2019ye ve \u015fahs\u0131n\u0131za kaydedilmesi i\u00e7in \u00e7aba g\u00f6sterece\u011fim.<\/p>\n<p>-Kimseye zarar gelsin istemiyorum. Hatta k\u0131z\u0131n ad\u0131 hi\u00e7 ge\u00e7mese iyi olur. Gerisi size kalm\u0131\u015f, n\u2018aparsan\u0131z yap\u0131n<\/p>\n<p>KARADIR KA\u015eLARIN FERMAN YAZDIRIR.<\/p>\n<p>Karad\u0131r ka\u015flar\u0131n ferman yazd\u0131r\u0131r,<br \/>Bu a\u015fk beni diyar diyar gezdirir,<br \/>Lokman Hekim gelse, yaram azd\u0131r\u0131r,<br \/>Yaram\u0131 sarmaya yar kendi gelsin.<\/p>\n<p> Ormanlardan a\u015fa\u011f\u0131 a\u015far ge\u00e7erim,<br \/> Nazl\u0131 yari kaybettim a\u011flar gezerim<br \/> Ormanlar\u0131n g\u00fcmb\u00fcrt\u00fcs\u00fc, ba\u015f\u0131ma vurur,<br \/> Nazl\u0131 yarin hayali kar\u015f\u0131mda durur.<\/p>\n<p>Karad\u0131r ka\u015flar\u0131n benzer k\u00f6m\u00fcre,<br \/>Yardan ayr\u0131lmas\u0131 zarar \u00f6m\u00fcre,<br \/>Kollar\u0131mdan ba\u011flasalar demire,<br \/>K\u0131rar\u0131m demiri, giderim yare.<\/p>\n<p> Ormanlardan a\u015fa\u011f\u0131 a\u015far giderim,<br \/> Nazl\u0131 yari kaybettim,a\u011flar gezerim,<br \/> Ormanlar\u0131n g\u00fcmb\u00fcrt\u00fcs\u00fc, ba\u015f\u0131ma vurur,<br \/> Nazl\u0131 yarin hayali kar\u015f\u0131mda durur.<\/p>\n<p>Uzaklara gittim,gelirimdiye,<br \/>Tabancam\u0131 doldurdum vururum<br \/>Hi\u00e7 akl\u0131ma gelmez \u00f6l\u00fcr\u00fcm diye,<br \/>\u00d6l\u00fcm ver Allah\u0131m ayr\u0131l\u0131k verme.<\/p>\n<p> Ormanlardan a\u015fa\u011f\u0131 a\u015far giderim,<br \/> Nazl\u0131 yari kaybettim,a\u011flar gezerim,<br \/> Ormanlar\u0131n g\u00fcmb\u00fcrt\u00fcs\u00fc, ba\u015f\u0131ma vurur,<br \/> Nazl\u0131 yarin hayali kar\u015f\u0131mda durur.<\/p>\n<p>\u00dc\u00e7 g\u00fczel oturmu\u015f karaya bakmaz,<br \/>\u0130nsan sevdi\u011fini dilden b\u0131rakmaz,<br \/>Hey Allahtan korkmaz, kuldan utanmaz,<br \/>G\u00f6n\u00fcl defterinden sildin mi beni.<\/p>\n<p> Ormanlardan a\u015fa\u011f\u0131 a\u015far giderim,<br \/> Nazl\u0131 yari kaybettim,a\u011flar gezerim,<br \/> Ormanlar\u0131n g\u00fcmb\u00fcrt\u00fcs\u00fc, ba\u015f\u0131ma vurur,<br \/> Nazl\u0131 yarin hayali kar\u015f\u0131mda durur.<\/p>\n<p>KAYNAKLAR:<br \/>1-TRT M\u00fczik Dairesi Y. THM S\u00f6zl\u00fc Eserler Antolojisi -2<br \/>Sayfa 519,Y\u00f6re Zonguldak,Kaynak: \u0130.Ye\u015filg\u00fcl , Derleyen :A.Yamac\u0131<br \/>2-TRT M\u00fczik Dairesi Y.THM\u2019den Se\u00e7meler, 1998 2. Bask\u0131<br \/>Sayfa 314,315 Y\u00f6re:Zonguldak, Kaynak: Feriha \u00d6zen, Derleyen : S.Yaver Ataman<br \/>3-Folklor ve T\u00fcrk\u00fclerimiz, Mehmet \u00d6zbek \u00d6t\u00fcken Y.2. bask\u0131 1981,<br \/>Sayfa:175, Y\u00f6re: Giresun, Kaynak ki\u015fi: Feriha K\u0131nal\u0131<\/p>\n<p>Kaynak:<br \/>Ya\u015far \u00d6z\u00fcrk\u00fct <br \/>\u00d6yk\u00fcleriyle\u00a0 T\u00fcrk\u00fcler 4<br \/>\u0130stanbul, 2003<\/p>\n","protected":false},"excerpt":{"rendered":"<p>Karad\u0131r Ka\u015flar\u0131 Ferman Yazd\u0131r\u0131r Karad\u0131r ka\u015flar\u0131n ferman yazd\u0131r\u0131r,Bu a\u015fk beni diyar diyar gezdirir,Lokman Hekim gelse, yaram azd\u0131r\u0131r,Yaram\u0131 sarmaya yar kendi gelsin. Karad\u0131r Ka\u015flar\u0131n Ferman Yazd\u0131r\u0131r t\u00fcrk\u00fcs\u00fcn\u00fcn kahraman\u0131 MUSTAFA TUNA ile 14 ARALIK 2002 tarihinde SEY\u0130TGAZ\u0130 \u2018deki evinde DSP Eski\u015fehir Milletvekili NECAT\u0130 ALBAY ile birlikte yapt\u0131\u011f\u0131m s\u00f6yle\u015fi&#8230;Mustafa TUNA ,ast\u0131m hastas\u0131..Zor nefes al\u0131yor,arada bir yan\u0131ndaki ast\u0131m ilac\u0131 [&hellip;]<\/p>\n","protected":false},"author":1,"featured_media":0,"comment_status":"open","ping_status":"open","sticky":false,"template":"","format":"standard","meta":{"footnotes":""},"categories":[55],"tags":[],"class_list":{"0":"post-434","1":"post","2":"type-post","3":"status-publish","4":"format-standard","6":"category-oykuleriyle-turkuler"},"yoast_head":"<!-- This site is optimized with the Yoast SEO Premium plugin v24.9 (Yoast SEO v24.9) - https:\/\/yoast.com\/wordpress\/plugins\/seo\/ -->\n<title>Karad\u0131r Ka\u015flar\u0131 Ferman Yazd\u0131r\u0131r - narteks.net<\/title>\n<meta name=\"robots\" content=\"index, follow, max-snippet:-1, max-image-preview:large, max-video-preview:-1\" \/>\n<link rel=\"canonical\" href=\"https:\/\/narteks.net\/index.php\/2009\/03\/13\/karadir-kaslari-ferman-yazdirir\/\" \/>\n<meta property=\"og:locale\" content=\"tr_TR\" \/>\n<meta property=\"og:type\" content=\"article\" \/>\n<meta property=\"og:title\" content=\"Karad\u0131r Ka\u015flar\u0131 Ferman Yazd\u0131r\u0131r\" \/>\n<meta property=\"og:description\" content=\"Karad\u0131r Ka\u015flar\u0131 Ferman Yazd\u0131r\u0131r Karad\u0131r ka\u015flar\u0131n ferman yazd\u0131r\u0131r,Bu a\u015fk beni diyar diyar gezdirir,Lokman Hekim gelse, yaram azd\u0131r\u0131r,Yaram\u0131 sarmaya yar kendi gelsin. Karad\u0131r Ka\u015flar\u0131n Ferman Yazd\u0131r\u0131r t\u00fcrk\u00fcs\u00fcn\u00fcn kahraman\u0131 MUSTAFA TUNA ile 14 ARALIK 2002 tarihinde SEY\u0130TGAZ\u0130 \u2018deki evinde DSP Eski\u015fehir Milletvekili NECAT\u0130 ALBAY ile birlikte yapt\u0131\u011f\u0131m s\u00f6yle\u015fi&#8230;Mustafa TUNA ,ast\u0131m hastas\u0131..Zor nefes al\u0131yor,arada bir yan\u0131ndaki ast\u0131m ilac\u0131 [&hellip;]\" \/>\n<meta property=\"og:url\" content=\"https:\/\/narteks.net\/index.php\/2009\/03\/13\/karadir-kaslari-ferman-yazdirir\/\" \/>\n<meta property=\"og:site_name\" content=\"narteks.net\" \/>\n<meta property=\"article:published_time\" content=\"2009-03-13T11:25:31+00:00\" \/>\n<meta property=\"og:image\" content=\"https:\/\/narteks.net\/wp-content\/uploads\/narteks.png\" \/>\n\t<meta property=\"og:image:width\" content=\"300\" \/>\n\t<meta property=\"og:image:height\" content=\"90\" \/>\n\t<meta property=\"og:image:type\" content=\"image\/png\" \/>\n<meta name=\"author\" content=\"Tar\u0131k\" \/>\n<meta name=\"twitter:card\" content=\"summary_large_image\" \/>\n<meta name=\"twitter:creator\" content=\"@narteks\" \/>\n<meta name=\"twitter:site\" content=\"@narteks\" \/>\n<meta name=\"twitter:label1\" content=\"Yazan:\" \/>\n\t<meta name=\"twitter:data1\" content=\"Tar\u0131k\" \/>\n\t<meta name=\"twitter:label2\" content=\"Tahmini okuma s\u00fcresi\" \/>\n\t<meta name=\"twitter:data2\" content=\"16 dakika\" \/>\n<script type=\"application\/ld+json\" class=\"yoast-schema-graph\">{\"@context\":\"https:\/\/schema.org\",\"@graph\":[{\"@type\":\"Article\",\"@id\":\"https:\/\/narteks.net\/index.php\/2009\/03\/13\/karadir-kaslari-ferman-yazdirir\/#article\",\"isPartOf\":{\"@id\":\"https:\/\/narteks.net\/index.php\/2009\/03\/13\/karadir-kaslari-ferman-yazdirir\/\"},\"author\":{\"name\":\"Tar\u0131k\",\"@id\":\"https:\/\/narteks.net\/#\/schema\/person\/61f37d9834294b72d31d274e7ed79bca\"},\"headline\":\"Karad\u0131r Ka\u015flar\u0131 Ferman Yazd\u0131r\u0131r\",\"datePublished\":\"2009-03-13T11:25:31+00:00\",\"mainEntityOfPage\":{\"@id\":\"https:\/\/narteks.net\/index.php\/2009\/03\/13\/karadir-kaslari-ferman-yazdirir\/\"},\"wordCount\":3245,\"commentCount\":0,\"publisher\":{\"@id\":\"https:\/\/narteks.net\/#organization\"},\"articleSection\":[\"\u00d6yk\u00fcleriyle T\u00fcrk\u00fcler\"],\"inLanguage\":\"tr\",\"potentialAction\":[{\"@type\":\"CommentAction\",\"name\":\"Comment\",\"target\":[\"https:\/\/narteks.net\/index.php\/2009\/03\/13\/karadir-kaslari-ferman-yazdirir\/#respond\"]}]},{\"@type\":\"WebPage\",\"@id\":\"https:\/\/narteks.net\/index.php\/2009\/03\/13\/karadir-kaslari-ferman-yazdirir\/\",\"url\":\"https:\/\/narteks.net\/index.php\/2009\/03\/13\/karadir-kaslari-ferman-yazdirir\/\",\"name\":\"Karad\u0131r Ka\u015flar\u0131 Ferman Yazd\u0131r\u0131r - narteks.net\",\"isPartOf\":{\"@id\":\"https:\/\/narteks.net\/#website\"},\"datePublished\":\"2009-03-13T11:25:31+00:00\",\"breadcrumb\":{\"@id\":\"https:\/\/narteks.net\/index.php\/2009\/03\/13\/karadir-kaslari-ferman-yazdirir\/#breadcrumb\"},\"inLanguage\":\"tr\",\"potentialAction\":[{\"@type\":\"ReadAction\",\"target\":[\"https:\/\/narteks.net\/index.php\/2009\/03\/13\/karadir-kaslari-ferman-yazdirir\/\"]}]},{\"@type\":\"BreadcrumbList\",\"@id\":\"https:\/\/narteks.net\/index.php\/2009\/03\/13\/karadir-kaslari-ferman-yazdirir\/#breadcrumb\",\"itemListElement\":[{\"@type\":\"ListItem\",\"position\":1,\"name\":\"Anasayfa\",\"item\":\"https:\/\/narteks.net\/\"},{\"@type\":\"ListItem\",\"position\":2,\"name\":\"Karad\u0131r Ka\u015flar\u0131 Ferman Yazd\u0131r\u0131r\"}]},{\"@type\":\"WebSite\",\"@id\":\"https:\/\/narteks.net\/#website\",\"url\":\"https:\/\/narteks.net\/\",\"name\":\"narteks.net\",\"description\":\"K\u00fclt\u00fcr Sanat Edebiyat Felsefe\",\"publisher\":{\"@id\":\"https:\/\/narteks.net\/#organization\"},\"alternateName\":\"K\u00fclt\u00fcr Sanat Edebiyat Felsefe\",\"potentialAction\":[{\"@type\":\"SearchAction\",\"target\":{\"@type\":\"EntryPoint\",\"urlTemplate\":\"https:\/\/narteks.net\/?s={search_term_string}\"},\"query-input\":{\"@type\":\"PropertyValueSpecification\",\"valueRequired\":true,\"valueName\":\"search_term_string\"}}],\"inLanguage\":\"tr\"},{\"@type\":\"Organization\",\"@id\":\"https:\/\/narteks.net\/#organization\",\"name\":\"narteks.net\",\"url\":\"https:\/\/narteks.net\/\",\"logo\":{\"@type\":\"ImageObject\",\"inLanguage\":\"tr\",\"@id\":\"https:\/\/narteks.net\/#\/schema\/logo\/image\/\",\"url\":\"https:\/\/narteks.net\/wp-content\/uploads\/narteks.png\",\"contentUrl\":\"https:\/\/narteks.net\/wp-content\/uploads\/narteks.png\",\"width\":300,\"height\":90,\"caption\":\"narteks.net\"},\"image\":{\"@id\":\"https:\/\/narteks.net\/#\/schema\/logo\/image\/\"},\"sameAs\":[\"https:\/\/x.com\/narteks\",\"https:\/\/instagram.com\/narteksnet\"]},{\"@type\":\"Person\",\"@id\":\"https:\/\/narteks.net\/#\/schema\/person\/61f37d9834294b72d31d274e7ed79bca\",\"name\":\"Tar\u0131k\",\"image\":{\"@type\":\"ImageObject\",\"inLanguage\":\"tr\",\"@id\":\"https:\/\/narteks.net\/#\/schema\/person\/image\/\",\"url\":\"https:\/\/secure.gravatar.com\/avatar\/50865afb55632c4ae467e0af0930f6510aa2297d8014be502a55b14f3b7550cf?s=96&d=mm&r=g\",\"contentUrl\":\"https:\/\/secure.gravatar.com\/avatar\/50865afb55632c4ae467e0af0930f6510aa2297d8014be502a55b14f3b7550cf?s=96&d=mm&r=g\",\"caption\":\"Tar\u0131k\"},\"sameAs\":[\"http:\/\/narteks.net\"],\"url\":\"https:\/\/narteks.net\/index.php\/author\/narbak\/\"}]}<\/script>\n<!-- \/ Yoast SEO Premium plugin. -->","yoast_head_json":{"title":"Karad\u0131r Ka\u015flar\u0131 Ferman Yazd\u0131r\u0131r - narteks.net","robots":{"index":"index","follow":"follow","max-snippet":"max-snippet:-1","max-image-preview":"max-image-preview:large","max-video-preview":"max-video-preview:-1"},"canonical":"https:\/\/narteks.net\/index.php\/2009\/03\/13\/karadir-kaslari-ferman-yazdirir\/","og_locale":"tr_TR","og_type":"article","og_title":"Karad\u0131r Ka\u015flar\u0131 Ferman Yazd\u0131r\u0131r","og_description":"Karad\u0131r Ka\u015flar\u0131 Ferman Yazd\u0131r\u0131r Karad\u0131r ka\u015flar\u0131n ferman yazd\u0131r\u0131r,Bu a\u015fk beni diyar diyar gezdirir,Lokman Hekim gelse, yaram azd\u0131r\u0131r,Yaram\u0131 sarmaya yar kendi gelsin. Karad\u0131r Ka\u015flar\u0131n Ferman Yazd\u0131r\u0131r t\u00fcrk\u00fcs\u00fcn\u00fcn kahraman\u0131 MUSTAFA TUNA ile 14 ARALIK 2002 tarihinde SEY\u0130TGAZ\u0130 \u2018deki evinde DSP Eski\u015fehir Milletvekili NECAT\u0130 ALBAY ile birlikte yapt\u0131\u011f\u0131m s\u00f6yle\u015fi&#8230;Mustafa TUNA ,ast\u0131m hastas\u0131..Zor nefes al\u0131yor,arada bir yan\u0131ndaki ast\u0131m ilac\u0131 [&hellip;]","og_url":"https:\/\/narteks.net\/index.php\/2009\/03\/13\/karadir-kaslari-ferman-yazdirir\/","og_site_name":"narteks.net","article_published_time":"2009-03-13T11:25:31+00:00","og_image":[{"width":300,"height":90,"url":"https:\/\/narteks.net\/wp-content\/uploads\/narteks.png","type":"image\/png"}],"author":"Tar\u0131k","twitter_card":"summary_large_image","twitter_creator":"@narteks","twitter_site":"@narteks","twitter_misc":{"Yazan:":"Tar\u0131k","Tahmini okuma s\u00fcresi":"16 dakika"},"schema":{"@context":"https:\/\/schema.org","@graph":[{"@type":"Article","@id":"https:\/\/narteks.net\/index.php\/2009\/03\/13\/karadir-kaslari-ferman-yazdirir\/#article","isPartOf":{"@id":"https:\/\/narteks.net\/index.php\/2009\/03\/13\/karadir-kaslari-ferman-yazdirir\/"},"author":{"name":"Tar\u0131k","@id":"https:\/\/narteks.net\/#\/schema\/person\/61f37d9834294b72d31d274e7ed79bca"},"headline":"Karad\u0131r Ka\u015flar\u0131 Ferman Yazd\u0131r\u0131r","datePublished":"2009-03-13T11:25:31+00:00","mainEntityOfPage":{"@id":"https:\/\/narteks.net\/index.php\/2009\/03\/13\/karadir-kaslari-ferman-yazdirir\/"},"wordCount":3245,"commentCount":0,"publisher":{"@id":"https:\/\/narteks.net\/#organization"},"articleSection":["\u00d6yk\u00fcleriyle T\u00fcrk\u00fcler"],"inLanguage":"tr","potentialAction":[{"@type":"CommentAction","name":"Comment","target":["https:\/\/narteks.net\/index.php\/2009\/03\/13\/karadir-kaslari-ferman-yazdirir\/#respond"]}]},{"@type":"WebPage","@id":"https:\/\/narteks.net\/index.php\/2009\/03\/13\/karadir-kaslari-ferman-yazdirir\/","url":"https:\/\/narteks.net\/index.php\/2009\/03\/13\/karadir-kaslari-ferman-yazdirir\/","name":"Karad\u0131r Ka\u015flar\u0131 Ferman Yazd\u0131r\u0131r - narteks.net","isPartOf":{"@id":"https:\/\/narteks.net\/#website"},"datePublished":"2009-03-13T11:25:31+00:00","breadcrumb":{"@id":"https:\/\/narteks.net\/index.php\/2009\/03\/13\/karadir-kaslari-ferman-yazdirir\/#breadcrumb"},"inLanguage":"tr","potentialAction":[{"@type":"ReadAction","target":["https:\/\/narteks.net\/index.php\/2009\/03\/13\/karadir-kaslari-ferman-yazdirir\/"]}]},{"@type":"BreadcrumbList","@id":"https:\/\/narteks.net\/index.php\/2009\/03\/13\/karadir-kaslari-ferman-yazdirir\/#breadcrumb","itemListElement":[{"@type":"ListItem","position":1,"name":"Anasayfa","item":"https:\/\/narteks.net\/"},{"@type":"ListItem","position":2,"name":"Karad\u0131r Ka\u015flar\u0131 Ferman Yazd\u0131r\u0131r"}]},{"@type":"WebSite","@id":"https:\/\/narteks.net\/#website","url":"https:\/\/narteks.net\/","name":"narteks.net","description":"K\u00fclt\u00fcr Sanat Edebiyat Felsefe","publisher":{"@id":"https:\/\/narteks.net\/#organization"},"alternateName":"K\u00fclt\u00fcr Sanat Edebiyat Felsefe","potentialAction":[{"@type":"SearchAction","target":{"@type":"EntryPoint","urlTemplate":"https:\/\/narteks.net\/?s={search_term_string}"},"query-input":{"@type":"PropertyValueSpecification","valueRequired":true,"valueName":"search_term_string"}}],"inLanguage":"tr"},{"@type":"Organization","@id":"https:\/\/narteks.net\/#organization","name":"narteks.net","url":"https:\/\/narteks.net\/","logo":{"@type":"ImageObject","inLanguage":"tr","@id":"https:\/\/narteks.net\/#\/schema\/logo\/image\/","url":"https:\/\/narteks.net\/wp-content\/uploads\/narteks.png","contentUrl":"https:\/\/narteks.net\/wp-content\/uploads\/narteks.png","width":300,"height":90,"caption":"narteks.net"},"image":{"@id":"https:\/\/narteks.net\/#\/schema\/logo\/image\/"},"sameAs":["https:\/\/x.com\/narteks","https:\/\/instagram.com\/narteksnet"]},{"@type":"Person","@id":"https:\/\/narteks.net\/#\/schema\/person\/61f37d9834294b72d31d274e7ed79bca","name":"Tar\u0131k","image":{"@type":"ImageObject","inLanguage":"tr","@id":"https:\/\/narteks.net\/#\/schema\/person\/image\/","url":"https:\/\/secure.gravatar.com\/avatar\/50865afb55632c4ae467e0af0930f6510aa2297d8014be502a55b14f3b7550cf?s=96&d=mm&r=g","contentUrl":"https:\/\/secure.gravatar.com\/avatar\/50865afb55632c4ae467e0af0930f6510aa2297d8014be502a55b14f3b7550cf?s=96&d=mm&r=g","caption":"Tar\u0131k"},"sameAs":["http:\/\/narteks.net"],"url":"https:\/\/narteks.net\/index.php\/author\/narbak\/"}]}},"_links":{"self":[{"href":"https:\/\/narteks.net\/index.php\/wp-json\/wp\/v2\/posts\/434","targetHints":{"allow":["GET"]}}],"collection":[{"href":"https:\/\/narteks.net\/index.php\/wp-json\/wp\/v2\/posts"}],"about":[{"href":"https:\/\/narteks.net\/index.php\/wp-json\/wp\/v2\/types\/post"}],"author":[{"embeddable":true,"href":"https:\/\/narteks.net\/index.php\/wp-json\/wp\/v2\/users\/1"}],"replies":[{"embeddable":true,"href":"https:\/\/narteks.net\/index.php\/wp-json\/wp\/v2\/comments?post=434"}],"version-history":[{"count":0,"href":"https:\/\/narteks.net\/index.php\/wp-json\/wp\/v2\/posts\/434\/revisions"}],"wp:attachment":[{"href":"https:\/\/narteks.net\/index.php\/wp-json\/wp\/v2\/media?parent=434"}],"wp:term":[{"taxonomy":"category","embeddable":true,"href":"https:\/\/narteks.net\/index.php\/wp-json\/wp\/v2\/categories?post=434"},{"taxonomy":"post_tag","embeddable":true,"href":"https:\/\/narteks.net\/index.php\/wp-json\/wp\/v2\/tags?post=434"}],"curies":[{"name":"wp","href":"https:\/\/api.w.org\/{rel}","templated":true}]}}