{"id":4345,"date":"2010-03-16T21:54:53","date_gmt":"2010-03-16T18:54:53","guid":{"rendered":"http:\/\/localhost\/wordpress\/2010\/03\/16\/turkuleri-bati-senteziyle-harmanlayan-bir-yorumcu-mustafa-ozarslan\/"},"modified":"2010-03-16T21:54:53","modified_gmt":"2010-03-16T18:54:53","slug":"turkuleri-bati-senteziyle-harmanlayan-bir-yorumcu-mustafa-ozarslan","status":"publish","type":"post","link":"https:\/\/narteks.net\/index.php\/2010\/03\/16\/turkuleri-bati-senteziyle-harmanlayan-bir-yorumcu-mustafa-ozarslan\/","title":{"rendered":"T\u00fcrk\u00fcleri bat\u0131 senteziyle harmanlayan bir yorumcu | Mustafa \u00d6zarslan"},"content":{"rendered":"<p style=\"text-align: justify;\"><img loading=\"lazy\" decoding=\"async\" src=\"images\/stories\/mustafa-ozarslan.jpg\" border=\"0\" width=\"155\" height=\"205\" style=\"float: left;\" \/>1970 y\u0131l\u0131nda \u015eark\u0131\u015fla&#8217;n\u0131n Sar\u0131kaya k\u00f6y\u00fcnde do\u011fmu\u015ftur, aslen Bayburtludur \u0130lk, orta ve Lise \u00f6\u011frenimi Ankara \u00c7ankaya 50.Y\u0131l Lisesinde y\u00fcksek \u00f6\u011frenimimi Eski\u015fehir Anadolu \u00dcniversitesi \u0130\u015fletme Fak\u00fcltesi\u2019nde tamamlad\u0131. 1994 y\u0131l\u0131nda O\u011fuz Aksa\u00e7 ile birlikte m\u00fczik \u00e7al\u0131\u015fmalar\u0131na ba\u015flad\u0131 ve birlikte Grup \u00c7\u0131\u011f\u2019\u0131 kurdu. Do\u011fa\u00e7lamay\u0131 ve t\u00fcrk\u00fclerin asl\u0131n\u0131 bozmadan ba\u015fka uluslar\u0131n m\u00fczikal formlar\u0131n\u0131 da (Caz, Rock, Blues, vb.) t\u00fcrk\u00fcler i\u00e7inde kullanmaya \u00e7al\u0131\u015ft\u0131.<\/p>\n<p>5 adet Grup \u00c7\u0131\u011f alb\u00fcm\u00fcn\u00fcn yan\u0131 s\u0131ra, Salk\u0131m S\u00f6\u011f\u00fct 2 ve Salk\u0131m S\u00f6\u011f\u00fct 3, Muhabbet T\u00fcrk\u00fcleri, \u015eeyda T\u00fcrk\u00fcler, ve Dost Kervan\u0131 alb\u00fcmlerinde de yer ald\u0131. Ayr\u0131ca Selda Ba\u011fcan, Yavuz Bing\u00f6l, Umuda Ezgi, Nurettin Ren\u00e7ber, Seza K\u0131rg\u0131z, Yol Arkada\u015flar\u0131, Abidin, Mehmet \u00d6zcan, Tayfun Talipo\u011flu, \u00d6zcan T\u00fcre ve Hakan Ye\u015filyurt gibi bir\u00e7ok sanat\u00e7\u0131n\u0131n alb\u00fcmlerinde solo ve vokal olarak destek verdi.2003 y\u0131l\u0131nda ilk solo alb\u00fcm\u00fc Sevdal\u0131 Turna T\u00fcrk\u00fcler&#8217;i \u00e7\u0131kard\u0131 3 y\u0131l aradan sonra 2006 y\u0131l\u0131nda ikinci solo alb\u00fcm\u00fc olan Beyhude&#8217;yi \u00e7\u0131kard\u0131.<\/p>\n<p style=\"text-align: justify;\">Y\u00f6n fm&#8217;de Sabahat Akkiraz&#8217;la birlikte sahne ald\u0131\u011f\u0131 konserler dizisi b\u00fcy\u00fck be\u011feni toplad\u0131. 2008 y\u0131l\u0131nda Birlikte T\u00fcrk\u00fcler S\u00f6yl\u00fcyoruz isimli, Sabahat Akkiraz&#8217;la ortak bir alb\u00fcm yapt\u0131lar.<\/p>\n<p><strong>Alb\u00fcmleri<\/strong><\/p>\n<p>Grup \u00c7\u0131\u011f<\/p>\n<p> * \u00c7\u0131\u011f T\u00fcrk\u00fcleri (1998)<br \/> * Yayla \u00c7i\u00e7e\u011fi (2000)<br \/> * Nida (2002)<br \/> * Mevsim (2004)<br \/> * \u00c7\u0131\u011f Halaylar\u0131 (2005)<\/p>\n<p>Solo<\/p>\n<p> * Sevdal\u0131 Turna &#8211; T\u00fcrk\u00fcler (2003)<br \/> * Beyhude (2006)<\/p>\n<p>&#8220;Birlikte T\u00fcrk\u00fcler S\u00f6yl\u00fcyoruz(Sabahat Akkiraz)(2008)<\/p>\n<p>\n<object width=\"400\" height=\"315\" data=\"http:\/\/www.humyo.com\/E\/10044311-281475279838061\/10044311-281475279839237\/10044311-281475279840705\/10044311-281475279848667\/10044311-281475279849455\/10044311-281475279850561\/10044311-281475279851229\/10044311-281475279852071\/10044311-281475279852899\/10044311-281475279853623\/10044311-281475279854729\/10044311-281475279855689\/10044311-281475279856535\/10044311-281475279857463\/10044311-281475279859773\/10044311-281475279860671\/10044311-281475279861553\/10044311-281475279862219\/10044311-281475279862771\/10044311-281475279863459\/10044311-281475279864191\/10044311-281475279864889\/10044311-281475279866101\/10044311-281475279866849\/10044311-281475279867725\/10044311-281475279868481\/10044311-281475279870075\/10044311-281475279870847\/10044311-281475279871439\/10044311-281475279872175\" type=\"application\/x-shockwave-flash\"><param name=\"flashvars\" value=\"autostart=true&amp;imagestart=true&amp;displayheight=236\" \/><param name=\"src\" value=\"http:\/\/www.humyo.com\/E\/10044311-281475279838061\/10044311-281475279839237\/10044311-281475279840705\/10044311-281475279848667\/10044311-281475279849455\/10044311-281475279850561\/10044311-281475279851229\/10044311-281475279852071\/10044311-281475279852899\/10044311-281475279853623\/10044311-281475279854729\/10044311-281475279855689\/10044311-281475279856535\/10044311-281475279857463\/10044311-281475279859773\/10044311-281475279860671\/10044311-281475279861553\/10044311-281475279862219\/10044311-281475279862771\/10044311-281475279863459\/10044311-281475279864191\/10044311-281475279864889\/10044311-281475279866101\/10044311-281475279866849\/10044311-281475279867725\/10044311-281475279868481\/10044311-281475279870075\/10044311-281475279870847\/10044311-281475279871439\/10044311-281475279872175\" \/><\/object><\/p>\n","protected":false},"excerpt":{"rendered":"<p>1970 y\u0131l\u0131nda \u015eark\u0131\u015fla&#8217;n\u0131n Sar\u0131kaya k\u00f6y\u00fcnde do\u011fmu\u015ftur, aslen Bayburtludur \u0130lk, orta ve Lise \u00f6\u011frenimi Ankara \u00c7ankaya 50.Y\u0131l Lisesinde y\u00fcksek \u00f6\u011frenimimi Eski\u015fehir Anadolu \u00dcniversitesi \u0130\u015fletme Fak\u00fcltesi\u2019nde tamamlad\u0131. 1994 y\u0131l\u0131nda O\u011fuz Aksa\u00e7 ile birlikte m\u00fczik \u00e7al\u0131\u015fmalar\u0131na ba\u015flad\u0131 ve birlikte Grup \u00c7\u0131\u011f\u2019\u0131 kurdu. Do\u011fa\u00e7lamay\u0131 ve t\u00fcrk\u00fclerin asl\u0131n\u0131 bozmadan ba\u015fka uluslar\u0131n m\u00fczikal formlar\u0131n\u0131 da (Caz, Rock, Blues, vb.) t\u00fcrk\u00fcler i\u00e7inde [&hellip;]<\/p>\n","protected":false},"author":1,"featured_media":0,"comment_status":"open","ping_status":"open","sticky":false,"template":"","format":"standard","meta":{"footnotes":""},"categories":[100],"tags":[],"class_list":{"0":"post-4345","1":"post","2":"type-post","3":"status-publish","4":"format-standard","6":"category-muzisyenler"},"yoast_head":"<!-- This site is optimized with the Yoast SEO Premium plugin v24.9 (Yoast SEO v24.9) - https:\/\/yoast.com\/wordpress\/plugins\/seo\/ -->\n<title>T\u00fcrk\u00fcleri bat\u0131 senteziyle harmanlayan bir yorumcu | Mustafa \u00d6zarslan - narteks.net<\/title>\n<meta name=\"robots\" content=\"index, follow, max-snippet:-1, max-image-preview:large, max-video-preview:-1\" \/>\n<link rel=\"canonical\" href=\"https:\/\/narteks.net\/index.php\/2010\/03\/16\/turkuleri-bati-senteziyle-harmanlayan-bir-yorumcu-mustafa-ozarslan\/\" \/>\n<meta property=\"og:locale\" content=\"tr_TR\" \/>\n<meta property=\"og:type\" content=\"article\" \/>\n<meta property=\"og:title\" content=\"T\u00fcrk\u00fcleri bat\u0131 senteziyle harmanlayan bir yorumcu | Mustafa \u00d6zarslan\" \/>\n<meta property=\"og:description\" content=\"1970 y\u0131l\u0131nda \u015eark\u0131\u015fla&#8217;n\u0131n Sar\u0131kaya k\u00f6y\u00fcnde do\u011fmu\u015ftur, aslen Bayburtludur \u0130lk, orta ve Lise \u00f6\u011frenimi Ankara \u00c7ankaya 50.Y\u0131l Lisesinde y\u00fcksek \u00f6\u011frenimimi Eski\u015fehir Anadolu \u00dcniversitesi \u0130\u015fletme Fak\u00fcltesi\u2019nde tamamlad\u0131. 1994 y\u0131l\u0131nda O\u011fuz Aksa\u00e7 ile birlikte m\u00fczik \u00e7al\u0131\u015fmalar\u0131na ba\u015flad\u0131 ve birlikte Grup \u00c7\u0131\u011f\u2019\u0131 kurdu. Do\u011fa\u00e7lamay\u0131 ve t\u00fcrk\u00fclerin asl\u0131n\u0131 bozmadan ba\u015fka uluslar\u0131n m\u00fczikal formlar\u0131n\u0131 da (Caz, Rock, Blues, vb.) t\u00fcrk\u00fcler i\u00e7inde [&hellip;]\" \/>\n<meta property=\"og:url\" content=\"https:\/\/narteks.net\/index.php\/2010\/03\/16\/turkuleri-bati-senteziyle-harmanlayan-bir-yorumcu-mustafa-ozarslan\/\" \/>\n<meta property=\"og:site_name\" content=\"narteks.net\" \/>\n<meta property=\"article:published_time\" content=\"2010-03-16T18:54:53+00:00\" \/>\n<meta property=\"og:image\" content=\"https:\/\/narteks.net\/wp-content\/uploads\/narteks.png\" \/>\n\t<meta property=\"og:image:width\" content=\"300\" \/>\n\t<meta property=\"og:image:height\" content=\"90\" \/>\n\t<meta property=\"og:image:type\" content=\"image\/png\" \/>\n<meta name=\"author\" content=\"Tar\u0131k\" \/>\n<meta name=\"twitter:card\" content=\"summary_large_image\" \/>\n<meta name=\"twitter:creator\" content=\"@narteks\" \/>\n<meta name=\"twitter:site\" content=\"@narteks\" \/>\n<meta name=\"twitter:label1\" content=\"Yazan:\" \/>\n\t<meta name=\"twitter:data1\" content=\"Tar\u0131k\" \/>\n\t<meta name=\"twitter:label2\" content=\"Tahmini okuma s\u00fcresi\" \/>\n\t<meta name=\"twitter:data2\" content=\"1 dakika\" \/>\n<script type=\"application\/ld+json\" class=\"yoast-schema-graph\">{\"@context\":\"https:\/\/schema.org\",\"@graph\":[{\"@type\":\"Article\",\"@id\":\"https:\/\/narteks.net\/index.php\/2010\/03\/16\/turkuleri-bati-senteziyle-harmanlayan-bir-yorumcu-mustafa-ozarslan\/#article\",\"isPartOf\":{\"@id\":\"https:\/\/narteks.net\/index.php\/2010\/03\/16\/turkuleri-bati-senteziyle-harmanlayan-bir-yorumcu-mustafa-ozarslan\/\"},\"author\":{\"name\":\"Tar\u0131k\",\"@id\":\"https:\/\/narteks.net\/#\/schema\/person\/61f37d9834294b72d31d274e7ed79bca\"},\"headline\":\"T\u00fcrk\u00fcleri bat\u0131 senteziyle harmanlayan bir yorumcu | Mustafa \u00d6zarslan\",\"datePublished\":\"2010-03-16T18:54:53+00:00\",\"mainEntityOfPage\":{\"@id\":\"https:\/\/narteks.net\/index.php\/2010\/03\/16\/turkuleri-bati-senteziyle-harmanlayan-bir-yorumcu-mustafa-ozarslan\/\"},\"wordCount\":271,\"commentCount\":0,\"publisher\":{\"@id\":\"https:\/\/narteks.net\/#organization\"},\"articleSection\":[\"M\u00fczisyenler\"],\"inLanguage\":\"tr\",\"potentialAction\":[{\"@type\":\"CommentAction\",\"name\":\"Comment\",\"target\":[\"https:\/\/narteks.net\/index.php\/2010\/03\/16\/turkuleri-bati-senteziyle-harmanlayan-bir-yorumcu-mustafa-ozarslan\/#respond\"]}]},{\"@type\":\"WebPage\",\"@id\":\"https:\/\/narteks.net\/index.php\/2010\/03\/16\/turkuleri-bati-senteziyle-harmanlayan-bir-yorumcu-mustafa-ozarslan\/\",\"url\":\"https:\/\/narteks.net\/index.php\/2010\/03\/16\/turkuleri-bati-senteziyle-harmanlayan-bir-yorumcu-mustafa-ozarslan\/\",\"name\":\"T\u00fcrk\u00fcleri bat\u0131 senteziyle harmanlayan bir yorumcu | Mustafa \u00d6zarslan - narteks.net\",\"isPartOf\":{\"@id\":\"https:\/\/narteks.net\/#website\"},\"datePublished\":\"2010-03-16T18:54:53+00:00\",\"breadcrumb\":{\"@id\":\"https:\/\/narteks.net\/index.php\/2010\/03\/16\/turkuleri-bati-senteziyle-harmanlayan-bir-yorumcu-mustafa-ozarslan\/#breadcrumb\"},\"inLanguage\":\"tr\",\"potentialAction\":[{\"@type\":\"ReadAction\",\"target\":[\"https:\/\/narteks.net\/index.php\/2010\/03\/16\/turkuleri-bati-senteziyle-harmanlayan-bir-yorumcu-mustafa-ozarslan\/\"]}]},{\"@type\":\"BreadcrumbList\",\"@id\":\"https:\/\/narteks.net\/index.php\/2010\/03\/16\/turkuleri-bati-senteziyle-harmanlayan-bir-yorumcu-mustafa-ozarslan\/#breadcrumb\",\"itemListElement\":[{\"@type\":\"ListItem\",\"position\":1,\"name\":\"Anasayfa\",\"item\":\"https:\/\/narteks.net\/\"},{\"@type\":\"ListItem\",\"position\":2,\"name\":\"T\u00fcrk\u00fcleri bat\u0131 senteziyle harmanlayan bir yorumcu | Mustafa \u00d6zarslan\"}]},{\"@type\":\"WebSite\",\"@id\":\"https:\/\/narteks.net\/#website\",\"url\":\"https:\/\/narteks.net\/\",\"name\":\"narteks.net\",\"description\":\"K\u00fclt\u00fcr Sanat Edebiyat Felsefe\",\"publisher\":{\"@id\":\"https:\/\/narteks.net\/#organization\"},\"alternateName\":\"K\u00fclt\u00fcr Sanat Edebiyat Felsefe\",\"potentialAction\":[{\"@type\":\"SearchAction\",\"target\":{\"@type\":\"EntryPoint\",\"urlTemplate\":\"https:\/\/narteks.net\/?s={search_term_string}\"},\"query-input\":{\"@type\":\"PropertyValueSpecification\",\"valueRequired\":true,\"valueName\":\"search_term_string\"}}],\"inLanguage\":\"tr\"},{\"@type\":\"Organization\",\"@id\":\"https:\/\/narteks.net\/#organization\",\"name\":\"narteks.net\",\"url\":\"https:\/\/narteks.net\/\",\"logo\":{\"@type\":\"ImageObject\",\"inLanguage\":\"tr\",\"@id\":\"https:\/\/narteks.net\/#\/schema\/logo\/image\/\",\"url\":\"https:\/\/narteks.net\/wp-content\/uploads\/narteks.png\",\"contentUrl\":\"https:\/\/narteks.net\/wp-content\/uploads\/narteks.png\",\"width\":300,\"height\":90,\"caption\":\"narteks.net\"},\"image\":{\"@id\":\"https:\/\/narteks.net\/#\/schema\/logo\/image\/\"},\"sameAs\":[\"https:\/\/x.com\/narteks\",\"https:\/\/instagram.com\/narteksnet\"]},{\"@type\":\"Person\",\"@id\":\"https:\/\/narteks.net\/#\/schema\/person\/61f37d9834294b72d31d274e7ed79bca\",\"name\":\"Tar\u0131k\",\"image\":{\"@type\":\"ImageObject\",\"inLanguage\":\"tr\",\"@id\":\"https:\/\/narteks.net\/#\/schema\/person\/image\/\",\"url\":\"https:\/\/secure.gravatar.com\/avatar\/50865afb55632c4ae467e0af0930f6510aa2297d8014be502a55b14f3b7550cf?s=96&d=mm&r=g\",\"contentUrl\":\"https:\/\/secure.gravatar.com\/avatar\/50865afb55632c4ae467e0af0930f6510aa2297d8014be502a55b14f3b7550cf?s=96&d=mm&r=g\",\"caption\":\"Tar\u0131k\"},\"sameAs\":[\"http:\/\/narteks.net\"],\"url\":\"https:\/\/narteks.net\/index.php\/author\/narbak\/\"}]}<\/script>\n<!-- \/ Yoast SEO Premium plugin. -->","yoast_head_json":{"title":"T\u00fcrk\u00fcleri bat\u0131 senteziyle harmanlayan bir yorumcu | Mustafa \u00d6zarslan - narteks.net","robots":{"index":"index","follow":"follow","max-snippet":"max-snippet:-1","max-image-preview":"max-image-preview:large","max-video-preview":"max-video-preview:-1"},"canonical":"https:\/\/narteks.net\/index.php\/2010\/03\/16\/turkuleri-bati-senteziyle-harmanlayan-bir-yorumcu-mustafa-ozarslan\/","og_locale":"tr_TR","og_type":"article","og_title":"T\u00fcrk\u00fcleri bat\u0131 senteziyle harmanlayan bir yorumcu | Mustafa \u00d6zarslan","og_description":"1970 y\u0131l\u0131nda \u015eark\u0131\u015fla&#8217;n\u0131n Sar\u0131kaya k\u00f6y\u00fcnde do\u011fmu\u015ftur, aslen Bayburtludur \u0130lk, orta ve Lise \u00f6\u011frenimi Ankara \u00c7ankaya 50.Y\u0131l Lisesinde y\u00fcksek \u00f6\u011frenimimi Eski\u015fehir Anadolu \u00dcniversitesi \u0130\u015fletme Fak\u00fcltesi\u2019nde tamamlad\u0131. 1994 y\u0131l\u0131nda O\u011fuz Aksa\u00e7 ile birlikte m\u00fczik \u00e7al\u0131\u015fmalar\u0131na ba\u015flad\u0131 ve birlikte Grup \u00c7\u0131\u011f\u2019\u0131 kurdu. Do\u011fa\u00e7lamay\u0131 ve t\u00fcrk\u00fclerin asl\u0131n\u0131 bozmadan ba\u015fka uluslar\u0131n m\u00fczikal formlar\u0131n\u0131 da (Caz, Rock, Blues, vb.) t\u00fcrk\u00fcler i\u00e7inde [&hellip;]","og_url":"https:\/\/narteks.net\/index.php\/2010\/03\/16\/turkuleri-bati-senteziyle-harmanlayan-bir-yorumcu-mustafa-ozarslan\/","og_site_name":"narteks.net","article_published_time":"2010-03-16T18:54:53+00:00","og_image":[{"width":300,"height":90,"url":"https:\/\/narteks.net\/wp-content\/uploads\/narteks.png","type":"image\/png"}],"author":"Tar\u0131k","twitter_card":"summary_large_image","twitter_creator":"@narteks","twitter_site":"@narteks","twitter_misc":{"Yazan:":"Tar\u0131k","Tahmini okuma s\u00fcresi":"1 dakika"},"schema":{"@context":"https:\/\/schema.org","@graph":[{"@type":"Article","@id":"https:\/\/narteks.net\/index.php\/2010\/03\/16\/turkuleri-bati-senteziyle-harmanlayan-bir-yorumcu-mustafa-ozarslan\/#article","isPartOf":{"@id":"https:\/\/narteks.net\/index.php\/2010\/03\/16\/turkuleri-bati-senteziyle-harmanlayan-bir-yorumcu-mustafa-ozarslan\/"},"author":{"name":"Tar\u0131k","@id":"https:\/\/narteks.net\/#\/schema\/person\/61f37d9834294b72d31d274e7ed79bca"},"headline":"T\u00fcrk\u00fcleri bat\u0131 senteziyle harmanlayan bir yorumcu | Mustafa \u00d6zarslan","datePublished":"2010-03-16T18:54:53+00:00","mainEntityOfPage":{"@id":"https:\/\/narteks.net\/index.php\/2010\/03\/16\/turkuleri-bati-senteziyle-harmanlayan-bir-yorumcu-mustafa-ozarslan\/"},"wordCount":271,"commentCount":0,"publisher":{"@id":"https:\/\/narteks.net\/#organization"},"articleSection":["M\u00fczisyenler"],"inLanguage":"tr","potentialAction":[{"@type":"CommentAction","name":"Comment","target":["https:\/\/narteks.net\/index.php\/2010\/03\/16\/turkuleri-bati-senteziyle-harmanlayan-bir-yorumcu-mustafa-ozarslan\/#respond"]}]},{"@type":"WebPage","@id":"https:\/\/narteks.net\/index.php\/2010\/03\/16\/turkuleri-bati-senteziyle-harmanlayan-bir-yorumcu-mustafa-ozarslan\/","url":"https:\/\/narteks.net\/index.php\/2010\/03\/16\/turkuleri-bati-senteziyle-harmanlayan-bir-yorumcu-mustafa-ozarslan\/","name":"T\u00fcrk\u00fcleri bat\u0131 senteziyle harmanlayan bir yorumcu | Mustafa \u00d6zarslan - narteks.net","isPartOf":{"@id":"https:\/\/narteks.net\/#website"},"datePublished":"2010-03-16T18:54:53+00:00","breadcrumb":{"@id":"https:\/\/narteks.net\/index.php\/2010\/03\/16\/turkuleri-bati-senteziyle-harmanlayan-bir-yorumcu-mustafa-ozarslan\/#breadcrumb"},"inLanguage":"tr","potentialAction":[{"@type":"ReadAction","target":["https:\/\/narteks.net\/index.php\/2010\/03\/16\/turkuleri-bati-senteziyle-harmanlayan-bir-yorumcu-mustafa-ozarslan\/"]}]},{"@type":"BreadcrumbList","@id":"https:\/\/narteks.net\/index.php\/2010\/03\/16\/turkuleri-bati-senteziyle-harmanlayan-bir-yorumcu-mustafa-ozarslan\/#breadcrumb","itemListElement":[{"@type":"ListItem","position":1,"name":"Anasayfa","item":"https:\/\/narteks.net\/"},{"@type":"ListItem","position":2,"name":"T\u00fcrk\u00fcleri bat\u0131 senteziyle harmanlayan bir yorumcu | Mustafa \u00d6zarslan"}]},{"@type":"WebSite","@id":"https:\/\/narteks.net\/#website","url":"https:\/\/narteks.net\/","name":"narteks.net","description":"K\u00fclt\u00fcr Sanat Edebiyat Felsefe","publisher":{"@id":"https:\/\/narteks.net\/#organization"},"alternateName":"K\u00fclt\u00fcr Sanat Edebiyat Felsefe","potentialAction":[{"@type":"SearchAction","target":{"@type":"EntryPoint","urlTemplate":"https:\/\/narteks.net\/?s={search_term_string}"},"query-input":{"@type":"PropertyValueSpecification","valueRequired":true,"valueName":"search_term_string"}}],"inLanguage":"tr"},{"@type":"Organization","@id":"https:\/\/narteks.net\/#organization","name":"narteks.net","url":"https:\/\/narteks.net\/","logo":{"@type":"ImageObject","inLanguage":"tr","@id":"https:\/\/narteks.net\/#\/schema\/logo\/image\/","url":"https:\/\/narteks.net\/wp-content\/uploads\/narteks.png","contentUrl":"https:\/\/narteks.net\/wp-content\/uploads\/narteks.png","width":300,"height":90,"caption":"narteks.net"},"image":{"@id":"https:\/\/narteks.net\/#\/schema\/logo\/image\/"},"sameAs":["https:\/\/x.com\/narteks","https:\/\/instagram.com\/narteksnet"]},{"@type":"Person","@id":"https:\/\/narteks.net\/#\/schema\/person\/61f37d9834294b72d31d274e7ed79bca","name":"Tar\u0131k","image":{"@type":"ImageObject","inLanguage":"tr","@id":"https:\/\/narteks.net\/#\/schema\/person\/image\/","url":"https:\/\/secure.gravatar.com\/avatar\/50865afb55632c4ae467e0af0930f6510aa2297d8014be502a55b14f3b7550cf?s=96&d=mm&r=g","contentUrl":"https:\/\/secure.gravatar.com\/avatar\/50865afb55632c4ae467e0af0930f6510aa2297d8014be502a55b14f3b7550cf?s=96&d=mm&r=g","caption":"Tar\u0131k"},"sameAs":["http:\/\/narteks.net"],"url":"https:\/\/narteks.net\/index.php\/author\/narbak\/"}]}},"_links":{"self":[{"href":"https:\/\/narteks.net\/index.php\/wp-json\/wp\/v2\/posts\/4345","targetHints":{"allow":["GET"]}}],"collection":[{"href":"https:\/\/narteks.net\/index.php\/wp-json\/wp\/v2\/posts"}],"about":[{"href":"https:\/\/narteks.net\/index.php\/wp-json\/wp\/v2\/types\/post"}],"author":[{"embeddable":true,"href":"https:\/\/narteks.net\/index.php\/wp-json\/wp\/v2\/users\/1"}],"replies":[{"embeddable":true,"href":"https:\/\/narteks.net\/index.php\/wp-json\/wp\/v2\/comments?post=4345"}],"version-history":[{"count":0,"href":"https:\/\/narteks.net\/index.php\/wp-json\/wp\/v2\/posts\/4345\/revisions"}],"wp:attachment":[{"href":"https:\/\/narteks.net\/index.php\/wp-json\/wp\/v2\/media?parent=4345"}],"wp:term":[{"taxonomy":"category","embeddable":true,"href":"https:\/\/narteks.net\/index.php\/wp-json\/wp\/v2\/categories?post=4345"},{"taxonomy":"post_tag","embeddable":true,"href":"https:\/\/narteks.net\/index.php\/wp-json\/wp\/v2\/tags?post=4345"}],"curies":[{"name":"wp","href":"https:\/\/api.w.org\/{rel}","templated":true}]}}