{"id":4346,"date":"2010-03-17T00:33:33","date_gmt":"2010-03-16T21:33:33","guid":{"rendered":"http:\/\/localhost\/wordpress\/2010\/03\/17\/kul-bellek-erkan-kucuk\/"},"modified":"2010-03-17T00:33:33","modified_gmt":"2010-03-16T21:33:33","slug":"kul-bellek-erkan-kucuk","status":"publish","type":"post","link":"https:\/\/narteks.net\/index.php\/2010\/03\/17\/kul-bellek-erkan-kucuk\/","title":{"rendered":"K\u00dcL BELLEK | Erkan K\u00fc\u00e7\u00fck"},"content":{"rendered":"<p style=\"text-align: justify;\">Beliz G\u00fc\u00e7bilmez&#8217;in yaz\u0131p Mahir G\u00fcn\u015f\u0131ray&#8217;\u0131n y\u00f6netti\u011fi \u201cK\u00fcl Bellek\u201d adl\u0131 oyun \u0130stanbul DT\u2019 de sahnelenmeye devam ediyor.\u00a0 \u201cK\u00fcl Bellek\u201d aynen ad\u0131 gibi metaforik derinli\u011fi olan ve izleyicisinden zihinsel anlamda kat\u0131l\u0131m bekleyen bir oyun . Zira TV, dizi k\u00fclt\u00fcr\u00fcyle yo\u011frulmu\u015f s\u0131radan, s\u0131\u011f anlat\u0131larla akl\u0131 yontulmu\u015f apolitik \u00e7o\u011funluk a\u00e7\u0131s\u0131ndan al\u0131mlanmas\u0131n\u0131n zor olaca\u011f\u0131 s\u00f6ylenebilir. <\/p>\n<p>K\u00fcl bellek iki ki\u015filik bir oyun. Oyundaki epizotlar belli tekrarlar\u0131n \u00fczerinde kurulu. Dikkat \u00e7eken birka\u00e7 noktay\u0131 belirtelim: Oyunda epizotlar gen\u00e7 adam\u0131n\u00a0 ya\u015fl\u0131 kad\u0131n\u0131 bulmas\u0131yla ba\u015flar. Kad\u0131n a\u00e7\u0131s\u0131ndan bu ki\u015fi yabanc\u0131d\u0131r. Bunun i\u00e7in adam\u00a0 kad\u0131na kendisini tan\u0131t\u0131r; zira adam\u0131n s\u00f6yledi\u011fine g\u00f6re\u00a0 ge\u00e7mi\u015fte bir tan\u0131\u015f\u0131kl\u0131klar\u0131 olmu\u015ftur. Ya\u015fl\u0131 kad\u0131n adam\u0131 hat\u0131rlar.\u00a0 Aralar\u0131nda s\u0131cak bir ileti\u015fim olu\u015fur. Birlikte ortak an\u0131lardan konu\u015furlar. Ancak diyalog ilerledik\u00e7e \u00f6nce adam\u0131n tarz\u0131nda, s\u00f6yleminde bir \u015feyler de\u011fi\u015fir; sesinde, s\u00f6z\u00fcnde, bedeninde \u00f6fkenin i\u015faretleri a\u00e7\u0131\u011fa \u00e7\u0131kar. Kad\u0131na y\u00f6nelik olumsuz ithamlarda bulunmaya ba\u015flar ve onu ge\u00e7mi\u015fte yapt\u0131klar\u0131 i\u00e7in su\u00e7lar. Bunun ard\u0131ndan bir d\u00f6n\u00fc\u015f\u00fcm de kad\u0131nda meydana gelir.\u00a0 Ba\u015fta kabul etti\u011fi kimli\u011fi reddeder. Ger\u00e7ek de bir ba\u015fkas\u0131 oldu\u011funu, adam\u0131 tan\u0131mad\u0131\u011f\u0131n\u0131 \u00f6fkeyle ifade eder. Bu noktada elindeki silah\u0131 adama \u00e7evirmi\u015ftir. Su\u00e7lanmaktan, cezaland\u0131r\u0131lmaktan, kimli\u011fini reddederek uzakla\u015fmaya \u00e7al\u0131\u015f\u0131r. Bu yap\u0131 neredeyse b\u00fct\u00fcn hik\u00e2yelerde ortakla\u015f\u0131r. \u00d6yk\u00fcler, isimler de\u011fi\u015fir yaln\u0131zca. Bir epizodun sonunda kad\u0131n\u0131n kendini tan\u0131mlad\u0131\u011f\u0131 yeni ismi sonraki epizotta devam eder. Ancak sona do\u011fru k\u0131r\u0131lmaya u\u011frar.<\/p>\n<p> Oyunun bu epizodik yap\u0131s\u0131 i\u00e7inde ortaya \u00e7\u0131kan baz\u0131 \u00e7a\u011fr\u0131\u015f\u0131msal unsurlar\u0131n etkisiyle,\u00a0 her b\u00f6l\u00fcmde, yeni bir anlat\u0131 zaman\u0131na ge\u00e7i\u015f yap\u0131l\u0131r. \u015eimdiki zaman\u0131n i\u00e7inden ge\u00e7mi\u015fe do\u011fru olan bu g\u00f6sterimin muhtevas\u0131nda T\u00fcrkiye\u2019nin toplumsal, tarihsel-politik ya\u015fanm\u0131\u015fl\u0131klar\u0131 g\u00f6zler \u00f6n\u00fcne serilir.\u00a0\u00a0 Oyunun politik s\u00f6ylemi \u00f6zellikle bu d\u00fczlemde g\u00f6sterdikleriyle belirir. Bu anlat\u0131 izleyicinin de i\u00e7inde ya\u015fad\u0131\u011f\u0131, belki de deneyimledi\u011fi somut tarihsel durumlard\u0131r. On iki eyl\u00fclden, i\u015fkencelere, kaybedilen insanlardan, infaz edilen U\u011fur Kaymaza, t\u00f6renin yok etti\u011fi kad\u0131nlara vb. tarihsel politik bir\u00e7ok olay g\u00f6sterilir.\u00a0 Bu ge\u00e7mi\u015fe d\u00f6n\u00fc\u015f\u00fcn -ara anlat\u0131- ard\u0131ndan kad\u0131n ve adam\u0131n \u015fimdiki zamandaki ya\u015fant\u0131s\u0131na d\u00f6n\u00fcl\u00fcr. <\/p>\n<p>Ge\u00e7mi\u015f zaman\u0131n, d\u0131\u015fsal, hik\u00e2yesi a\u00e7\u0131k politik olaylar\u0131 sergilerken \u015fimdiki zaman\u0131n, yani kad\u0131n ve erke\u011fin hikayesi, tam yere k\u00f6k sal\u0131p anlam kazanacakm\u0131\u015f gibi g\u00f6r\u00fcn\u00fcrken her seferinde anlat\u0131 ayaklar\u0131n\u0131 yerden \u00e7eker, konar g\u00f6\u00e7er; bu y\u00fczden belirsiz bir durumda belleksiz bir halde buluruz kendimizi. Hik\u00e2ye bir t\u00fcrl\u00fc d\u00fcz \u00e7izgisel bir k\u0131vama gelmez.\u00a0 Y\u00fczer-gezer bir yap\u0131 ortaya \u00e7\u0131kar.\u00a0 Ancak, diyalektik bir i\u015fleyi\u015fle,\u00a0 \u015fimdiki zaman\u0131n ikili kaygan diyalogunun anlam kazanmas\u0131 toplumsal, d\u0131\u015f zamandaki (ge\u00e7mi\u015fe d\u00f6n\u00fc\u015fler) anlat\u0131yla ili\u015fkilendi\u011finde m\u00fcmk\u00fcn olur. Toplumsal zaman\u0131n ( ge\u00e7mi\u015fe d\u00f6n\u00fc\u015fler) kapsay\u0131c\u0131l\u0131\u011f\u0131 i\u00e7indeki kad\u0131n\u0131n kopu\u015fu, ka\u00e7\u0131\u015f\u0131, anlam\u0131n\u0131 bulur.<\/p>\n<p> Hayatlar\u0131m\u0131z s\u00fcrekli tekrarlar \u00fczerine kurulmu\u015f gibidir. Hayatlar\u0131m\u0131z\u0131, tarihsel sosyal ger\u00e7eklik kar\u015f\u0131s\u0131nda belleksiz ve aynen ya\u015fl\u0131 kad\u0131n gibi bir ka\u00e7\u0131\u015f i\u00e7inde y\u00fcze\u011fen bir \u015fekilde derine inmeden yani hakikati kabullenmeden, onunla y\u00fczle\u015fmeden s\u00fcrd\u00fcr\u00fcr\u00fcz.\u00a0 Ya\u015fanm\u0131\u015fl\u0131klardan, onca adaletsizliklerden, \u00e7irkinlikten geriye kalan ate\u015fi s\u00f6nm\u00fc\u015f edilgenle\u015fmi\u015f olan k\u00fcl halindeki insand\u0131r.\u00a0 Bu unutu\u015f, ka\u00e7\u0131\u015f halini oyunun yazar\u0131 Beliz G\u00fc\u00e7bilmez&#8217;in\u00a0 kitab\u0131 \u201cZaman zemin zuhur\u201d dan ald\u0131\u011f\u0131m\u0131z bir pasajla netle\u015ftirelim :<\/p>\n<p>\u201cunutmak\u201d(\u2026) 12 Eyl\u00fcl\u2019den, Sivas\u2019a, depremden, mangal zehirlenmesine; \u015fampiyonluklarda ve d\u00fc\u011f\u00fcnlerde at\u0131lan \u201czevk kur\u015funlar\u0131\u201d ile \u00f6len insanlardan, \u015eile denizinde bo\u011fulmalara kadar, sadece politik de\u011fil g\u00fcndelik meselelerde bile daha \u00f6nce ya\u015fanan ac\u0131dan ya da felaketten ders \u00e7\u0131karamayan, \u00e7\u00fcnk\u00fc ald\u0131\u011f\u0131 dersi h\u0131zla unutarak gerekli anda an\u0131msayamayan ve zaten \u00e7oktan \u0131skartaya \u00e7\u0131km\u0131\u015f belle\u011fiyle bir unutulu\u015f ikliminde ya\u015fayan T\u00fcrk insan\u0131n\u0131n bu refleksi g\u00f6r\u00fcnd\u00fc\u011f\u00fcnden daha yayg\u0131n olmal\u0131.. ( zaman zemin zuhur- Beliz G\u00fc\u00e7bilmez- Deniz yay. S.10)<\/p>\n<p>Yukar\u0131da oyunun i\u00e7eriksel yap\u0131s\u0131na bir par\u00e7a de\u011finmi\u015fken bunu\u00a0 di\u011fer alanlarda k\u0131sa da olsa s\u00fcrd\u00fcrelim. <br \/>Oyun hacim sahnede ev i\u00e7i dekorda, her epizot i\u00e7in kad\u0131n\u0131n ba\u015fta sunulan kimli\u011fine uygun olarak farkl\u0131 dekor par\u00e7alar\u0131yla oynan\u0131r. \u00d6rne\u011fin \u00f6\u011fretim \u00fcyesi olan tip i\u00e7in \u00fcst\u00fcnde kitap olan bir masa vard\u0131r. Yada \u00f6z\u00fcrl\u00fc kad\u0131n i\u00e7in tekerlekli sandalye.\u00a0 Beri yandan mek\u00e2n\u0131n duvarlar\u0131nda siyah beyaz insan siluetleri.\u00a0 \u00c7ok par\u00e7al\u0131 bir anlat\u0131s\u0131 olan \u201cK\u00fcl Bellek\u201d oyunu i\u00e7in oyunla uyumlu ve anlam\u0131 g\u00fc\u00e7lendiren bir yap\u0131ya sahip olarak iyi tasarlanm\u0131\u015f bir dekordu. <\/p>\n<p>Beliz G\u00fc\u00e7bilmez&#8217;in zekice kurgulanm\u0131\u015f derinli\u011fi olan politik s\u00f6z\u00fcn\u00fc sanatsal ve felsefi noktadan s\u00f6yleyebilen bu oyunu Mahir G\u00fcn\u015f\u0131ray&#8217;\u0131n ba\u015far\u0131l\u0131 rejisiyle mutlaka seyredin. Ya\u015fad\u0131\u011f\u0131m\u0131z ger\u00e7ekli\u011fi birde bu perspektiften izleyin. Pop\u00fcler k\u00fclt\u00fcr\u00fcn yaratt\u0131\u011f\u0131 d\u00fc\u015f\u00fcnce tembelli\u011fimizin a\u015f\u0131lmas\u0131nda b\u00f6yle sanatsal m\u00fcdahalelere ihtiya\u00e7 var kan\u0131mca. \u201cK\u00fcl Bellek\u201d\u00a0 Sezonun iyi oyunlar\u0131ndan biri. <\/p>\n<p>K\u00fcl Bellek<br \/>Yazan: Beliz G\u00fc\u00e7bilmez<br \/>Y\u00f6neten: Mahir G\u00fcn\u015firay<br \/>Dekor Tasar\u0131m: Claude Leon<br \/>Giysi Tasar\u0131m: Claude Leon<br \/>I\u015f\u0131k Tasar\u0131m: Nejat Karaorman<br \/>M\u00fczik: \u00dcmit K\u0131van\u00e7<\/p>\n<p>Sahne Amiri: Erg\u00fcl Muslu<br \/>Kond\u00fcvit: Tankut Sara\u00e7o\u011flu<br \/>I\u015f\u0131k Kumanda: Kemal Ba\u015far<\/p>\n<p>Rol Da\u011f\u0131l\u0131m\u0131: <br \/>Ye\u015fim G\u00fcl, Bedir Bedir<\/p>\n","protected":false},"excerpt":{"rendered":"<p>Beliz G\u00fc\u00e7bilmez&#8217;in yaz\u0131p Mahir G\u00fcn\u015f\u0131ray&#8217;\u0131n y\u00f6netti\u011fi \u201cK\u00fcl Bellek\u201d adl\u0131 oyun \u0130stanbul DT\u2019 de sahnelenmeye devam ediyor.\u00a0 \u201cK\u00fcl Bellek\u201d aynen ad\u0131 gibi metaforik derinli\u011fi olan ve izleyicisinden zihinsel anlamda kat\u0131l\u0131m bekleyen bir oyun . Zira TV, dizi k\u00fclt\u00fcr\u00fcyle yo\u011frulmu\u015f s\u0131radan, s\u0131\u011f anlat\u0131larla akl\u0131 yontulmu\u015f apolitik \u00e7o\u011funluk a\u00e7\u0131s\u0131ndan al\u0131mlanmas\u0131n\u0131n zor olaca\u011f\u0131 s\u00f6ylenebilir. K\u00fcl bellek iki ki\u015filik bir [&hellip;]<\/p>\n","protected":false},"author":1,"featured_media":0,"comment_status":"open","ping_status":"open","sticky":false,"template":"","format":"standard","meta":{"footnotes":""},"categories":[140],"tags":[],"class_list":{"0":"post-4346","1":"post","2":"type-post","3":"status-publish","4":"format-standard","6":"category-erkan-kucuk-makale"},"yoast_head":"<!-- This site is optimized with the Yoast SEO Premium plugin v24.9 (Yoast SEO v24.9) - https:\/\/yoast.com\/wordpress\/plugins\/seo\/ -->\n<title>K\u00dcL BELLEK | Erkan K\u00fc\u00e7\u00fck - narteks.net<\/title>\n<meta name=\"robots\" content=\"index, follow, max-snippet:-1, max-image-preview:large, max-video-preview:-1\" \/>\n<link rel=\"canonical\" href=\"https:\/\/narteks.net\/index.php\/2010\/03\/17\/kul-bellek-erkan-kucuk\/\" \/>\n<meta property=\"og:locale\" content=\"tr_TR\" \/>\n<meta property=\"og:type\" content=\"article\" \/>\n<meta property=\"og:title\" content=\"K\u00dcL BELLEK | Erkan K\u00fc\u00e7\u00fck\" \/>\n<meta property=\"og:description\" content=\"Beliz G\u00fc\u00e7bilmez&#8217;in yaz\u0131p Mahir G\u00fcn\u015f\u0131ray&#8217;\u0131n y\u00f6netti\u011fi \u201cK\u00fcl Bellek\u201d adl\u0131 oyun \u0130stanbul DT\u2019 de sahnelenmeye devam ediyor.\u00a0 \u201cK\u00fcl Bellek\u201d aynen ad\u0131 gibi metaforik derinli\u011fi olan ve izleyicisinden zihinsel anlamda kat\u0131l\u0131m bekleyen bir oyun . Zira TV, dizi k\u00fclt\u00fcr\u00fcyle yo\u011frulmu\u015f s\u0131radan, s\u0131\u011f anlat\u0131larla akl\u0131 yontulmu\u015f apolitik \u00e7o\u011funluk a\u00e7\u0131s\u0131ndan al\u0131mlanmas\u0131n\u0131n zor olaca\u011f\u0131 s\u00f6ylenebilir. K\u00fcl bellek iki ki\u015filik bir [&hellip;]\" \/>\n<meta property=\"og:url\" content=\"https:\/\/narteks.net\/index.php\/2010\/03\/17\/kul-bellek-erkan-kucuk\/\" \/>\n<meta property=\"og:site_name\" content=\"narteks.net\" \/>\n<meta property=\"article:published_time\" content=\"2010-03-16T21:33:33+00:00\" \/>\n<meta property=\"og:image\" content=\"https:\/\/narteks.net\/wp-content\/uploads\/narteks.png\" \/>\n\t<meta property=\"og:image:width\" content=\"300\" \/>\n\t<meta property=\"og:image:height\" content=\"90\" \/>\n\t<meta property=\"og:image:type\" content=\"image\/png\" \/>\n<meta name=\"author\" content=\"Tar\u0131k\" \/>\n<meta name=\"twitter:card\" content=\"summary_large_image\" \/>\n<meta name=\"twitter:creator\" content=\"@narteks\" \/>\n<meta name=\"twitter:site\" content=\"@narteks\" \/>\n<meta name=\"twitter:label1\" content=\"Yazan:\" \/>\n\t<meta name=\"twitter:data1\" content=\"Tar\u0131k\" \/>\n\t<meta name=\"twitter:label2\" content=\"Tahmini okuma s\u00fcresi\" \/>\n\t<meta name=\"twitter:data2\" content=\"5 dakika\" \/>\n<script type=\"application\/ld+json\" class=\"yoast-schema-graph\">{\"@context\":\"https:\/\/schema.org\",\"@graph\":[{\"@type\":\"Article\",\"@id\":\"https:\/\/narteks.net\/index.php\/2010\/03\/17\/kul-bellek-erkan-kucuk\/#article\",\"isPartOf\":{\"@id\":\"https:\/\/narteks.net\/index.php\/2010\/03\/17\/kul-bellek-erkan-kucuk\/\"},\"author\":{\"name\":\"Tar\u0131k\",\"@id\":\"https:\/\/narteks.net\/#\/schema\/person\/61f37d9834294b72d31d274e7ed79bca\"},\"headline\":\"K\u00dcL BELLEK | Erkan K\u00fc\u00e7\u00fck\",\"datePublished\":\"2010-03-16T21:33:33+00:00\",\"mainEntityOfPage\":{\"@id\":\"https:\/\/narteks.net\/index.php\/2010\/03\/17\/kul-bellek-erkan-kucuk\/\"},\"wordCount\":1014,\"commentCount\":0,\"publisher\":{\"@id\":\"https:\/\/narteks.net\/#organization\"},\"articleSection\":[\"Erkan K\u00fc\u00e7\u00fck (Makale)\"],\"inLanguage\":\"tr\",\"potentialAction\":[{\"@type\":\"CommentAction\",\"name\":\"Comment\",\"target\":[\"https:\/\/narteks.net\/index.php\/2010\/03\/17\/kul-bellek-erkan-kucuk\/#respond\"]}]},{\"@type\":\"WebPage\",\"@id\":\"https:\/\/narteks.net\/index.php\/2010\/03\/17\/kul-bellek-erkan-kucuk\/\",\"url\":\"https:\/\/narteks.net\/index.php\/2010\/03\/17\/kul-bellek-erkan-kucuk\/\",\"name\":\"K\u00dcL BELLEK | Erkan K\u00fc\u00e7\u00fck - narteks.net\",\"isPartOf\":{\"@id\":\"https:\/\/narteks.net\/#website\"},\"datePublished\":\"2010-03-16T21:33:33+00:00\",\"breadcrumb\":{\"@id\":\"https:\/\/narteks.net\/index.php\/2010\/03\/17\/kul-bellek-erkan-kucuk\/#breadcrumb\"},\"inLanguage\":\"tr\",\"potentialAction\":[{\"@type\":\"ReadAction\",\"target\":[\"https:\/\/narteks.net\/index.php\/2010\/03\/17\/kul-bellek-erkan-kucuk\/\"]}]},{\"@type\":\"BreadcrumbList\",\"@id\":\"https:\/\/narteks.net\/index.php\/2010\/03\/17\/kul-bellek-erkan-kucuk\/#breadcrumb\",\"itemListElement\":[{\"@type\":\"ListItem\",\"position\":1,\"name\":\"Anasayfa\",\"item\":\"https:\/\/narteks.net\/\"},{\"@type\":\"ListItem\",\"position\":2,\"name\":\"K\u00dcL BELLEK | Erkan K\u00fc\u00e7\u00fck\"}]},{\"@type\":\"WebSite\",\"@id\":\"https:\/\/narteks.net\/#website\",\"url\":\"https:\/\/narteks.net\/\",\"name\":\"narteks.net\",\"description\":\"K\u00fclt\u00fcr Sanat Edebiyat Felsefe\",\"publisher\":{\"@id\":\"https:\/\/narteks.net\/#organization\"},\"alternateName\":\"K\u00fclt\u00fcr Sanat Edebiyat Felsefe\",\"potentialAction\":[{\"@type\":\"SearchAction\",\"target\":{\"@type\":\"EntryPoint\",\"urlTemplate\":\"https:\/\/narteks.net\/?s={search_term_string}\"},\"query-input\":{\"@type\":\"PropertyValueSpecification\",\"valueRequired\":true,\"valueName\":\"search_term_string\"}}],\"inLanguage\":\"tr\"},{\"@type\":\"Organization\",\"@id\":\"https:\/\/narteks.net\/#organization\",\"name\":\"narteks.net\",\"url\":\"https:\/\/narteks.net\/\",\"logo\":{\"@type\":\"ImageObject\",\"inLanguage\":\"tr\",\"@id\":\"https:\/\/narteks.net\/#\/schema\/logo\/image\/\",\"url\":\"https:\/\/narteks.net\/wp-content\/uploads\/narteks.png\",\"contentUrl\":\"https:\/\/narteks.net\/wp-content\/uploads\/narteks.png\",\"width\":300,\"height\":90,\"caption\":\"narteks.net\"},\"image\":{\"@id\":\"https:\/\/narteks.net\/#\/schema\/logo\/image\/\"},\"sameAs\":[\"https:\/\/x.com\/narteks\",\"https:\/\/instagram.com\/narteksnet\"]},{\"@type\":\"Person\",\"@id\":\"https:\/\/narteks.net\/#\/schema\/person\/61f37d9834294b72d31d274e7ed79bca\",\"name\":\"Tar\u0131k\",\"image\":{\"@type\":\"ImageObject\",\"inLanguage\":\"tr\",\"@id\":\"https:\/\/narteks.net\/#\/schema\/person\/image\/\",\"url\":\"https:\/\/secure.gravatar.com\/avatar\/50865afb55632c4ae467e0af0930f6510aa2297d8014be502a55b14f3b7550cf?s=96&d=mm&r=g\",\"contentUrl\":\"https:\/\/secure.gravatar.com\/avatar\/50865afb55632c4ae467e0af0930f6510aa2297d8014be502a55b14f3b7550cf?s=96&d=mm&r=g\",\"caption\":\"Tar\u0131k\"},\"sameAs\":[\"http:\/\/narteks.net\"],\"url\":\"https:\/\/narteks.net\/index.php\/author\/narbak\/\"}]}<\/script>\n<!-- \/ Yoast SEO Premium plugin. -->","yoast_head_json":{"title":"K\u00dcL BELLEK | Erkan K\u00fc\u00e7\u00fck - narteks.net","robots":{"index":"index","follow":"follow","max-snippet":"max-snippet:-1","max-image-preview":"max-image-preview:large","max-video-preview":"max-video-preview:-1"},"canonical":"https:\/\/narteks.net\/index.php\/2010\/03\/17\/kul-bellek-erkan-kucuk\/","og_locale":"tr_TR","og_type":"article","og_title":"K\u00dcL BELLEK | Erkan K\u00fc\u00e7\u00fck","og_description":"Beliz G\u00fc\u00e7bilmez&#8217;in yaz\u0131p Mahir G\u00fcn\u015f\u0131ray&#8217;\u0131n y\u00f6netti\u011fi \u201cK\u00fcl Bellek\u201d adl\u0131 oyun \u0130stanbul DT\u2019 de sahnelenmeye devam ediyor.\u00a0 \u201cK\u00fcl Bellek\u201d aynen ad\u0131 gibi metaforik derinli\u011fi olan ve izleyicisinden zihinsel anlamda kat\u0131l\u0131m bekleyen bir oyun . Zira TV, dizi k\u00fclt\u00fcr\u00fcyle yo\u011frulmu\u015f s\u0131radan, s\u0131\u011f anlat\u0131larla akl\u0131 yontulmu\u015f apolitik \u00e7o\u011funluk a\u00e7\u0131s\u0131ndan al\u0131mlanmas\u0131n\u0131n zor olaca\u011f\u0131 s\u00f6ylenebilir. K\u00fcl bellek iki ki\u015filik bir [&hellip;]","og_url":"https:\/\/narteks.net\/index.php\/2010\/03\/17\/kul-bellek-erkan-kucuk\/","og_site_name":"narteks.net","article_published_time":"2010-03-16T21:33:33+00:00","og_image":[{"width":300,"height":90,"url":"https:\/\/narteks.net\/wp-content\/uploads\/narteks.png","type":"image\/png"}],"author":"Tar\u0131k","twitter_card":"summary_large_image","twitter_creator":"@narteks","twitter_site":"@narteks","twitter_misc":{"Yazan:":"Tar\u0131k","Tahmini okuma s\u00fcresi":"5 dakika"},"schema":{"@context":"https:\/\/schema.org","@graph":[{"@type":"Article","@id":"https:\/\/narteks.net\/index.php\/2010\/03\/17\/kul-bellek-erkan-kucuk\/#article","isPartOf":{"@id":"https:\/\/narteks.net\/index.php\/2010\/03\/17\/kul-bellek-erkan-kucuk\/"},"author":{"name":"Tar\u0131k","@id":"https:\/\/narteks.net\/#\/schema\/person\/61f37d9834294b72d31d274e7ed79bca"},"headline":"K\u00dcL BELLEK | Erkan K\u00fc\u00e7\u00fck","datePublished":"2010-03-16T21:33:33+00:00","mainEntityOfPage":{"@id":"https:\/\/narteks.net\/index.php\/2010\/03\/17\/kul-bellek-erkan-kucuk\/"},"wordCount":1014,"commentCount":0,"publisher":{"@id":"https:\/\/narteks.net\/#organization"},"articleSection":["Erkan K\u00fc\u00e7\u00fck (Makale)"],"inLanguage":"tr","potentialAction":[{"@type":"CommentAction","name":"Comment","target":["https:\/\/narteks.net\/index.php\/2010\/03\/17\/kul-bellek-erkan-kucuk\/#respond"]}]},{"@type":"WebPage","@id":"https:\/\/narteks.net\/index.php\/2010\/03\/17\/kul-bellek-erkan-kucuk\/","url":"https:\/\/narteks.net\/index.php\/2010\/03\/17\/kul-bellek-erkan-kucuk\/","name":"K\u00dcL BELLEK | Erkan K\u00fc\u00e7\u00fck - narteks.net","isPartOf":{"@id":"https:\/\/narteks.net\/#website"},"datePublished":"2010-03-16T21:33:33+00:00","breadcrumb":{"@id":"https:\/\/narteks.net\/index.php\/2010\/03\/17\/kul-bellek-erkan-kucuk\/#breadcrumb"},"inLanguage":"tr","potentialAction":[{"@type":"ReadAction","target":["https:\/\/narteks.net\/index.php\/2010\/03\/17\/kul-bellek-erkan-kucuk\/"]}]},{"@type":"BreadcrumbList","@id":"https:\/\/narteks.net\/index.php\/2010\/03\/17\/kul-bellek-erkan-kucuk\/#breadcrumb","itemListElement":[{"@type":"ListItem","position":1,"name":"Anasayfa","item":"https:\/\/narteks.net\/"},{"@type":"ListItem","position":2,"name":"K\u00dcL BELLEK | Erkan K\u00fc\u00e7\u00fck"}]},{"@type":"WebSite","@id":"https:\/\/narteks.net\/#website","url":"https:\/\/narteks.net\/","name":"narteks.net","description":"K\u00fclt\u00fcr Sanat Edebiyat Felsefe","publisher":{"@id":"https:\/\/narteks.net\/#organization"},"alternateName":"K\u00fclt\u00fcr Sanat Edebiyat Felsefe","potentialAction":[{"@type":"SearchAction","target":{"@type":"EntryPoint","urlTemplate":"https:\/\/narteks.net\/?s={search_term_string}"},"query-input":{"@type":"PropertyValueSpecification","valueRequired":true,"valueName":"search_term_string"}}],"inLanguage":"tr"},{"@type":"Organization","@id":"https:\/\/narteks.net\/#organization","name":"narteks.net","url":"https:\/\/narteks.net\/","logo":{"@type":"ImageObject","inLanguage":"tr","@id":"https:\/\/narteks.net\/#\/schema\/logo\/image\/","url":"https:\/\/narteks.net\/wp-content\/uploads\/narteks.png","contentUrl":"https:\/\/narteks.net\/wp-content\/uploads\/narteks.png","width":300,"height":90,"caption":"narteks.net"},"image":{"@id":"https:\/\/narteks.net\/#\/schema\/logo\/image\/"},"sameAs":["https:\/\/x.com\/narteks","https:\/\/instagram.com\/narteksnet"]},{"@type":"Person","@id":"https:\/\/narteks.net\/#\/schema\/person\/61f37d9834294b72d31d274e7ed79bca","name":"Tar\u0131k","image":{"@type":"ImageObject","inLanguage":"tr","@id":"https:\/\/narteks.net\/#\/schema\/person\/image\/","url":"https:\/\/secure.gravatar.com\/avatar\/50865afb55632c4ae467e0af0930f6510aa2297d8014be502a55b14f3b7550cf?s=96&d=mm&r=g","contentUrl":"https:\/\/secure.gravatar.com\/avatar\/50865afb55632c4ae467e0af0930f6510aa2297d8014be502a55b14f3b7550cf?s=96&d=mm&r=g","caption":"Tar\u0131k"},"sameAs":["http:\/\/narteks.net"],"url":"https:\/\/narteks.net\/index.php\/author\/narbak\/"}]}},"_links":{"self":[{"href":"https:\/\/narteks.net\/index.php\/wp-json\/wp\/v2\/posts\/4346","targetHints":{"allow":["GET"]}}],"collection":[{"href":"https:\/\/narteks.net\/index.php\/wp-json\/wp\/v2\/posts"}],"about":[{"href":"https:\/\/narteks.net\/index.php\/wp-json\/wp\/v2\/types\/post"}],"author":[{"embeddable":true,"href":"https:\/\/narteks.net\/index.php\/wp-json\/wp\/v2\/users\/1"}],"replies":[{"embeddable":true,"href":"https:\/\/narteks.net\/index.php\/wp-json\/wp\/v2\/comments?post=4346"}],"version-history":[{"count":0,"href":"https:\/\/narteks.net\/index.php\/wp-json\/wp\/v2\/posts\/4346\/revisions"}],"wp:attachment":[{"href":"https:\/\/narteks.net\/index.php\/wp-json\/wp\/v2\/media?parent=4346"}],"wp:term":[{"taxonomy":"category","embeddable":true,"href":"https:\/\/narteks.net\/index.php\/wp-json\/wp\/v2\/categories?post=4346"},{"taxonomy":"post_tag","embeddable":true,"href":"https:\/\/narteks.net\/index.php\/wp-json\/wp\/v2\/tags?post=4346"}],"curies":[{"name":"wp","href":"https:\/\/api.w.org\/{rel}","templated":true}]}}