{"id":435,"date":"2009-03-13T14:27:42","date_gmt":"2009-03-13T11:27:42","guid":{"rendered":"http:\/\/localhost\/wordpress\/2009\/03\/13\/karakas-gozlerin-elmas\/"},"modified":"2009-03-13T14:27:42","modified_gmt":"2009-03-13T11:27:42","slug":"karakas-gozlerin-elmas","status":"publish","type":"post","link":"https:\/\/narteks.net\/index.php\/2009\/03\/13\/karakas-gozlerin-elmas\/","title":{"rendered":"Karaka\u015f G\u00f6zlerin Elmas"},"content":{"rendered":"<p style=\"text-align: justify;\"><span style=\"font-size: 14pt;\"><strong> Karaka\u015f G\u00f6zlerin Elmas<\/strong><\/span><\/p>\n<p>G\u00fcfte ve bestesi tamamen bana ait bulunan yukar\u0131da ba\u015fl\u0131\u011f\u0131 ta\u015f\u0131yan bu t\u00fcrk\u00fcm baz\u0131 as\u0131ls\u0131z dedikodulara da vesile olmu\u015ftur. Ben bu durumu hi\u00e7bir zaman \u00fcz\u00fclmedim. Bilhassa sevindim.\u00c7\u00fcnk\u00fc, yurdum Ni\u011fde\u2019deki m\u00fczik sever insanlar ruhunda \u00e7\u00f6reklenen bir \u015f\u00fcpheyi, \u00f6\u011frenmekle yetinecekler kan\u0131s\u0131nday\u0131m.<\/p>\n<p>Gerek s\u00f6zle, gerekse gazete ve mektupla, bu t\u00fcrk\u00fcn\u00fcn hakiki sahibini \u00f6\u011frenmek isteyen ve yak\u0131n alaka g\u00f6steren vatanda\u015flar\u0131ma burada ayr\u0131 ayr\u0131 te\u015fekk\u00fcr ederim.<\/p>\n<p>1948 y\u0131l\u0131nda \u0130stanbul da \u00e7al\u0131\u015ft\u0131\u011f\u0131m bir pavyonda, Emel ad\u0131mla kara ka\u015fl\u0131, kara g\u00f6zl\u00fc, hafif esmere ka\u00e7an tenli bir k\u0131za tutulmu\u015ftum. Bu her bekar insanda olagelen, tabiat anan\u0131n sevki tabii dedikleri bir kanundu.<\/p>\n<p>Aradan y\u0131llar ge\u00e7mesine ra\u011fmen Emel\u2019i hi\u00e7bir zaman unutam\u0131yorum. 1959 y\u0131l\u0131nda Gaziantep \u00f6\u011fretmen okulu m\u00fczik \u00f6\u011fretmeni Nezihi Babacaner\u2019in daveti \u00fczerine Gaziantep\u2019e. \u00d6\u011fretmen Okulunda yap\u0131lacak folklor toplulu\u011funa i\u015ftirak etmek \u00fczere gitmi\u015ftim. Bu s\u0131rada bir pavyonla anla\u015ft\u0131m ve \u00e7al\u0131\u015fmaya ba\u015flad\u0131m. Aksam sahneye \u00e7\u0131kt\u0131\u011f\u0131mda Emel\u2019i de o pavyonda g\u00f6rd\u00fcm. Aradan onbir y\u0131l gibi bir zaman ge\u00e7mesine ra\u011fmen tesad\u00fcfler yine birbirimizi bir araya getirmi\u015fti.<\/p>\n<p>Yatt\u0131\u011f\u0131m yatakhanenin kar\u015f\u0131s\u0131ndaki odada Emel\u2019in de yatak odas\u0131 vard\u0131. \u0130lk a\u015fk\u0131n verdi\u011fi hazz\u0131n tesirinden kendimi kurtaramam\u0131\u015f olmal\u0131y\u0131m ki o gece sabaha kadar uyuyamad\u0131m.<br \/>\u015eafak s\u00f6kerken kap\u0131m vuruldu ve ya\u015fl\u0131 bir han\u0131m yan\u0131ma geldi. Evlad\u0131m ni\u00e7in uyumuyorsun dedi. Bende kalbimdeki duygular\u0131 ya\u015fl\u0131 han\u0131ma anlatt\u0131m. Me\u011fer ya\u015fl\u0131 han\u0131m Emel\u2019in annesi imi\u015f. Biraz sonra Emel de yan\u0131m\u0131za geldi. Art\u0131k dedi, aram\u0131zdaki da\u011flar burada sona ermeli. Nede olsa kalp ferman dinlemez derler. Fakat Emel\u2019in annesinin ya\u015fl\u0131 ve gittik\u00e7e \u00e7irkinle\u015fen hali bana bir acayip g\u00f6r\u00fcnm\u00fc\u015f olacak ki, o anda, m\u0131sralar\u0131n\u0131 a\u015fa\u011f\u0131da okuyaca\u011f\u0131n\u0131z KARAKA\u015e G\u00d6ZLER\u0130N ELMAS t\u00fcrk\u00fcs\u00fcn\u00fcn beste ve g\u00fcfteleri bende bir \u015fim\u015fek h\u0131z\u0131yla uyan\u0131verdi. Onlar gittikten sonra kaleme ve ka\u011f\u0131da sar\u0131larak t\u00fcrk\u00fcy\u00fc yazd\u0131 ve ak\u015fama pavyonda okumak \u00fczere de kendi kendime saz\u0131mla talimini yapt\u0131m. Bu suretle bu t\u00fcrk\u00fc o anda ve o saniyede orada bestelendi ve g\u00fcftelendi.<\/p>\n<p>Ni\u011fde\u2019ye konser vermek \u00fczere gelen Aliye Akk\u0131l\u0131\u00e7\u2019a da ayn\u0131 t\u00fcrk\u00fcm\u00fcn bestelerini verdim. Emin Aldemir ile birlikle Ni\u011fde\u2019de 1960 y\u0131l\u0131nda s\u00f6ylediler ve \u00e7ald\u0131lar.<\/p>\n<p>\u0130\u015fte bu tarihten den sonra t\u00fcrk\u00fcm yurdun d\u00f6rt buca\u011f\u0131na yay\u0131k vermekle g\u00fcn\u00fcm\u00fcz\u00fcn me\u015fhuru oldu.<\/p>\n<p>Karaka\u015f G\u00f6zlerin Elmas<\/p>\n<p>Karaka\u015f G\u00f6zlerin Elmas<br \/>Bu G\u00fczellik Sen De Kalmaz<br \/>Pi\u015fman Olun Kimseler Almaz<br \/>Annene Bak G\u00f6r Halini<\/p>\n<p> Gel G\u00fczelim Beni Yakma<br \/> Seni Seven Kalbi Y\u0131kma<br \/> Allah Dahi Kalbi Y\u0131kmaz<br \/> \u00d6ld\u00fcr\u00fcc\u00fc G\u00f6zle Bakma<\/p>\n<p>\u0130nsanlar\u0131n Kalbi Belli<br \/>Canl\u0131lar\u0131 Ya\u015fatan Odur<br \/>Bir Saniye G\u00f6nl\u00fcn\u00fc K\u0131r Da<br \/>Gel De Benim Kalbime Gir<\/p>\n<p> Gel G\u00fczelim Beni Yakma<br \/> Seni Seven Kalbi Y\u0131kma<br \/> Allah Dahi Kalbi Y\u0131kmaz<br \/> \u00d6ld\u00fcr\u00fcc\u00fc G\u00f6zle Bakma<\/p>\n<p>Ne Gecem Ne G\u00fcnd\u00fcz\u00fcm Belli<br \/>Ya\u015f\u0131m Oldu K\u0131rkdokuz Elli<br \/>Ba\u011fr\u0131m Yan\u0131k G\u00f6zlerim Nemli<br \/>Yalan D\u00fcnya Yakt\u0131n Beni<\/p>\n<p> Gel G\u00fczelim Beni Yakma<br \/> Seni Seven Kalbi Y\u0131kma<br \/> Allah Dahi Kalbi Y\u0131kmaz<br \/> \u00d6ld\u00fcr\u00fcc\u00fc G\u00f6zle Bakma<\/p>\n<p>Ercan S\u00f6yler Hakiki S\u00f6z\u00fc<br \/>Ge\u00e7ti Bahar Getirdik Yaz\u0131<br \/>Bir G\u00fcn \u00d6l\u00fcr O Zal\u0131m\u0131n K\u0131z\u0131<br \/>Annene Bak G\u00f6r Halini<\/p>\n<p> Gel G\u00fczelim Beni Yakma<br \/> Seni Seven Kalbi Y\u0131kma<br \/> Allah Dahi Kalbi Y\u0131kmaz<br \/> \u00d6ld\u00fcr\u00fcc\u00fc G\u00f6zle Bakma<\/p>\n<p>Kaynak:<br \/>Ali Ercan<br \/>Karaka\u015f G\u00f6zlerin Elmas ve Ni\u011fde T\u00fcrk\u00fcleri<br \/>Ni\u011fde, 1965<\/p>\n","protected":false},"excerpt":{"rendered":"<p>Karaka\u015f G\u00f6zlerin Elmas G\u00fcfte ve bestesi tamamen bana ait bulunan yukar\u0131da ba\u015fl\u0131\u011f\u0131 ta\u015f\u0131yan bu t\u00fcrk\u00fcm baz\u0131 as\u0131ls\u0131z dedikodulara da vesile olmu\u015ftur. Ben bu durumu hi\u00e7bir zaman \u00fcz\u00fclmedim. Bilhassa sevindim.\u00c7\u00fcnk\u00fc, yurdum Ni\u011fde\u2019deki m\u00fczik sever insanlar ruhunda \u00e7\u00f6reklenen bir \u015f\u00fcpheyi, \u00f6\u011frenmekle yetinecekler kan\u0131s\u0131nday\u0131m. Gerek s\u00f6zle, gerekse gazete ve mektupla, bu t\u00fcrk\u00fcn\u00fcn hakiki sahibini \u00f6\u011frenmek isteyen ve yak\u0131n [&hellip;]<\/p>\n","protected":false},"author":1,"featured_media":0,"comment_status":"open","ping_status":"open","sticky":false,"template":"","format":"standard","meta":{"footnotes":""},"categories":[55],"tags":[],"class_list":{"0":"post-435","1":"post","2":"type-post","3":"status-publish","4":"format-standard","6":"category-oykuleriyle-turkuler"},"yoast_head":"<!-- This site is optimized with the Yoast SEO Premium plugin v24.9 (Yoast SEO v24.9) - https:\/\/yoast.com\/wordpress\/plugins\/seo\/ -->\n<title>Karaka\u015f G\u00f6zlerin Elmas - narteks.net<\/title>\n<meta name=\"robots\" content=\"index, follow, max-snippet:-1, max-image-preview:large, max-video-preview:-1\" \/>\n<link rel=\"canonical\" href=\"https:\/\/narteks.net\/index.php\/2009\/03\/13\/karakas-gozlerin-elmas\/\" \/>\n<meta property=\"og:locale\" content=\"tr_TR\" \/>\n<meta property=\"og:type\" content=\"article\" \/>\n<meta property=\"og:title\" content=\"Karaka\u015f G\u00f6zlerin Elmas\" \/>\n<meta property=\"og:description\" content=\"Karaka\u015f G\u00f6zlerin Elmas G\u00fcfte ve bestesi tamamen bana ait bulunan yukar\u0131da ba\u015fl\u0131\u011f\u0131 ta\u015f\u0131yan bu t\u00fcrk\u00fcm baz\u0131 as\u0131ls\u0131z dedikodulara da vesile olmu\u015ftur. Ben bu durumu hi\u00e7bir zaman \u00fcz\u00fclmedim. Bilhassa sevindim.\u00c7\u00fcnk\u00fc, yurdum Ni\u011fde\u2019deki m\u00fczik sever insanlar ruhunda \u00e7\u00f6reklenen bir \u015f\u00fcpheyi, \u00f6\u011frenmekle yetinecekler kan\u0131s\u0131nday\u0131m. Gerek s\u00f6zle, gerekse gazete ve mektupla, bu t\u00fcrk\u00fcn\u00fcn hakiki sahibini \u00f6\u011frenmek isteyen ve yak\u0131n [&hellip;]\" \/>\n<meta property=\"og:url\" content=\"https:\/\/narteks.net\/index.php\/2009\/03\/13\/karakas-gozlerin-elmas\/\" \/>\n<meta property=\"og:site_name\" content=\"narteks.net\" \/>\n<meta property=\"article:published_time\" content=\"2009-03-13T11:27:42+00:00\" \/>\n<meta property=\"og:image\" content=\"https:\/\/narteks.net\/wp-content\/uploads\/narteks.png\" \/>\n\t<meta property=\"og:image:width\" content=\"300\" \/>\n\t<meta property=\"og:image:height\" content=\"90\" \/>\n\t<meta property=\"og:image:type\" content=\"image\/png\" \/>\n<meta name=\"author\" content=\"Tar\u0131k\" \/>\n<meta name=\"twitter:card\" content=\"summary_large_image\" \/>\n<meta name=\"twitter:creator\" content=\"@narteks\" \/>\n<meta name=\"twitter:site\" content=\"@narteks\" \/>\n<meta name=\"twitter:label1\" content=\"Yazan:\" \/>\n\t<meta name=\"twitter:data1\" content=\"Tar\u0131k\" \/>\n\t<meta name=\"twitter:label2\" content=\"Tahmini okuma s\u00fcresi\" \/>\n\t<meta name=\"twitter:data2\" content=\"3 dakika\" \/>\n<script type=\"application\/ld+json\" class=\"yoast-schema-graph\">{\"@context\":\"https:\/\/schema.org\",\"@graph\":[{\"@type\":\"Article\",\"@id\":\"https:\/\/narteks.net\/index.php\/2009\/03\/13\/karakas-gozlerin-elmas\/#article\",\"isPartOf\":{\"@id\":\"https:\/\/narteks.net\/index.php\/2009\/03\/13\/karakas-gozlerin-elmas\/\"},\"author\":{\"name\":\"Tar\u0131k\",\"@id\":\"https:\/\/narteks.net\/#\/schema\/person\/61f37d9834294b72d31d274e7ed79bca\"},\"headline\":\"Karaka\u015f G\u00f6zlerin Elmas\",\"datePublished\":\"2009-03-13T11:27:42+00:00\",\"mainEntityOfPage\":{\"@id\":\"https:\/\/narteks.net\/index.php\/2009\/03\/13\/karakas-gozlerin-elmas\/\"},\"wordCount\":667,\"commentCount\":0,\"publisher\":{\"@id\":\"https:\/\/narteks.net\/#organization\"},\"articleSection\":[\"\u00d6yk\u00fcleriyle T\u00fcrk\u00fcler\"],\"inLanguage\":\"tr\",\"potentialAction\":[{\"@type\":\"CommentAction\",\"name\":\"Comment\",\"target\":[\"https:\/\/narteks.net\/index.php\/2009\/03\/13\/karakas-gozlerin-elmas\/#respond\"]}]},{\"@type\":\"WebPage\",\"@id\":\"https:\/\/narteks.net\/index.php\/2009\/03\/13\/karakas-gozlerin-elmas\/\",\"url\":\"https:\/\/narteks.net\/index.php\/2009\/03\/13\/karakas-gozlerin-elmas\/\",\"name\":\"Karaka\u015f G\u00f6zlerin Elmas - narteks.net\",\"isPartOf\":{\"@id\":\"https:\/\/narteks.net\/#website\"},\"datePublished\":\"2009-03-13T11:27:42+00:00\",\"breadcrumb\":{\"@id\":\"https:\/\/narteks.net\/index.php\/2009\/03\/13\/karakas-gozlerin-elmas\/#breadcrumb\"},\"inLanguage\":\"tr\",\"potentialAction\":[{\"@type\":\"ReadAction\",\"target\":[\"https:\/\/narteks.net\/index.php\/2009\/03\/13\/karakas-gozlerin-elmas\/\"]}]},{\"@type\":\"BreadcrumbList\",\"@id\":\"https:\/\/narteks.net\/index.php\/2009\/03\/13\/karakas-gozlerin-elmas\/#breadcrumb\",\"itemListElement\":[{\"@type\":\"ListItem\",\"position\":1,\"name\":\"Anasayfa\",\"item\":\"https:\/\/narteks.net\/\"},{\"@type\":\"ListItem\",\"position\":2,\"name\":\"Karaka\u015f G\u00f6zlerin Elmas\"}]},{\"@type\":\"WebSite\",\"@id\":\"https:\/\/narteks.net\/#website\",\"url\":\"https:\/\/narteks.net\/\",\"name\":\"narteks.net\",\"description\":\"K\u00fclt\u00fcr Sanat Edebiyat Felsefe\",\"publisher\":{\"@id\":\"https:\/\/narteks.net\/#organization\"},\"alternateName\":\"K\u00fclt\u00fcr Sanat Edebiyat Felsefe\",\"potentialAction\":[{\"@type\":\"SearchAction\",\"target\":{\"@type\":\"EntryPoint\",\"urlTemplate\":\"https:\/\/narteks.net\/?s={search_term_string}\"},\"query-input\":{\"@type\":\"PropertyValueSpecification\",\"valueRequired\":true,\"valueName\":\"search_term_string\"}}],\"inLanguage\":\"tr\"},{\"@type\":\"Organization\",\"@id\":\"https:\/\/narteks.net\/#organization\",\"name\":\"narteks.net\",\"url\":\"https:\/\/narteks.net\/\",\"logo\":{\"@type\":\"ImageObject\",\"inLanguage\":\"tr\",\"@id\":\"https:\/\/narteks.net\/#\/schema\/logo\/image\/\",\"url\":\"https:\/\/narteks.net\/wp-content\/uploads\/narteks.png\",\"contentUrl\":\"https:\/\/narteks.net\/wp-content\/uploads\/narteks.png\",\"width\":300,\"height\":90,\"caption\":\"narteks.net\"},\"image\":{\"@id\":\"https:\/\/narteks.net\/#\/schema\/logo\/image\/\"},\"sameAs\":[\"https:\/\/x.com\/narteks\",\"https:\/\/instagram.com\/narteksnet\"]},{\"@type\":\"Person\",\"@id\":\"https:\/\/narteks.net\/#\/schema\/person\/61f37d9834294b72d31d274e7ed79bca\",\"name\":\"Tar\u0131k\",\"image\":{\"@type\":\"ImageObject\",\"inLanguage\":\"tr\",\"@id\":\"https:\/\/narteks.net\/#\/schema\/person\/image\/\",\"url\":\"https:\/\/secure.gravatar.com\/avatar\/50865afb55632c4ae467e0af0930f6510aa2297d8014be502a55b14f3b7550cf?s=96&d=mm&r=g\",\"contentUrl\":\"https:\/\/secure.gravatar.com\/avatar\/50865afb55632c4ae467e0af0930f6510aa2297d8014be502a55b14f3b7550cf?s=96&d=mm&r=g\",\"caption\":\"Tar\u0131k\"},\"sameAs\":[\"http:\/\/narteks.net\"],\"url\":\"https:\/\/narteks.net\/index.php\/author\/narbak\/\"}]}<\/script>\n<!-- \/ Yoast SEO Premium plugin. -->","yoast_head_json":{"title":"Karaka\u015f G\u00f6zlerin Elmas - narteks.net","robots":{"index":"index","follow":"follow","max-snippet":"max-snippet:-1","max-image-preview":"max-image-preview:large","max-video-preview":"max-video-preview:-1"},"canonical":"https:\/\/narteks.net\/index.php\/2009\/03\/13\/karakas-gozlerin-elmas\/","og_locale":"tr_TR","og_type":"article","og_title":"Karaka\u015f G\u00f6zlerin Elmas","og_description":"Karaka\u015f G\u00f6zlerin Elmas G\u00fcfte ve bestesi tamamen bana ait bulunan yukar\u0131da ba\u015fl\u0131\u011f\u0131 ta\u015f\u0131yan bu t\u00fcrk\u00fcm baz\u0131 as\u0131ls\u0131z dedikodulara da vesile olmu\u015ftur. Ben bu durumu hi\u00e7bir zaman \u00fcz\u00fclmedim. Bilhassa sevindim.\u00c7\u00fcnk\u00fc, yurdum Ni\u011fde\u2019deki m\u00fczik sever insanlar ruhunda \u00e7\u00f6reklenen bir \u015f\u00fcpheyi, \u00f6\u011frenmekle yetinecekler kan\u0131s\u0131nday\u0131m. Gerek s\u00f6zle, gerekse gazete ve mektupla, bu t\u00fcrk\u00fcn\u00fcn hakiki sahibini \u00f6\u011frenmek isteyen ve yak\u0131n [&hellip;]","og_url":"https:\/\/narteks.net\/index.php\/2009\/03\/13\/karakas-gozlerin-elmas\/","og_site_name":"narteks.net","article_published_time":"2009-03-13T11:27:42+00:00","og_image":[{"width":300,"height":90,"url":"https:\/\/narteks.net\/wp-content\/uploads\/narteks.png","type":"image\/png"}],"author":"Tar\u0131k","twitter_card":"summary_large_image","twitter_creator":"@narteks","twitter_site":"@narteks","twitter_misc":{"Yazan:":"Tar\u0131k","Tahmini okuma s\u00fcresi":"3 dakika"},"schema":{"@context":"https:\/\/schema.org","@graph":[{"@type":"Article","@id":"https:\/\/narteks.net\/index.php\/2009\/03\/13\/karakas-gozlerin-elmas\/#article","isPartOf":{"@id":"https:\/\/narteks.net\/index.php\/2009\/03\/13\/karakas-gozlerin-elmas\/"},"author":{"name":"Tar\u0131k","@id":"https:\/\/narteks.net\/#\/schema\/person\/61f37d9834294b72d31d274e7ed79bca"},"headline":"Karaka\u015f G\u00f6zlerin Elmas","datePublished":"2009-03-13T11:27:42+00:00","mainEntityOfPage":{"@id":"https:\/\/narteks.net\/index.php\/2009\/03\/13\/karakas-gozlerin-elmas\/"},"wordCount":667,"commentCount":0,"publisher":{"@id":"https:\/\/narteks.net\/#organization"},"articleSection":["\u00d6yk\u00fcleriyle T\u00fcrk\u00fcler"],"inLanguage":"tr","potentialAction":[{"@type":"CommentAction","name":"Comment","target":["https:\/\/narteks.net\/index.php\/2009\/03\/13\/karakas-gozlerin-elmas\/#respond"]}]},{"@type":"WebPage","@id":"https:\/\/narteks.net\/index.php\/2009\/03\/13\/karakas-gozlerin-elmas\/","url":"https:\/\/narteks.net\/index.php\/2009\/03\/13\/karakas-gozlerin-elmas\/","name":"Karaka\u015f G\u00f6zlerin Elmas - narteks.net","isPartOf":{"@id":"https:\/\/narteks.net\/#website"},"datePublished":"2009-03-13T11:27:42+00:00","breadcrumb":{"@id":"https:\/\/narteks.net\/index.php\/2009\/03\/13\/karakas-gozlerin-elmas\/#breadcrumb"},"inLanguage":"tr","potentialAction":[{"@type":"ReadAction","target":["https:\/\/narteks.net\/index.php\/2009\/03\/13\/karakas-gozlerin-elmas\/"]}]},{"@type":"BreadcrumbList","@id":"https:\/\/narteks.net\/index.php\/2009\/03\/13\/karakas-gozlerin-elmas\/#breadcrumb","itemListElement":[{"@type":"ListItem","position":1,"name":"Anasayfa","item":"https:\/\/narteks.net\/"},{"@type":"ListItem","position":2,"name":"Karaka\u015f G\u00f6zlerin Elmas"}]},{"@type":"WebSite","@id":"https:\/\/narteks.net\/#website","url":"https:\/\/narteks.net\/","name":"narteks.net","description":"K\u00fclt\u00fcr Sanat Edebiyat Felsefe","publisher":{"@id":"https:\/\/narteks.net\/#organization"},"alternateName":"K\u00fclt\u00fcr Sanat Edebiyat Felsefe","potentialAction":[{"@type":"SearchAction","target":{"@type":"EntryPoint","urlTemplate":"https:\/\/narteks.net\/?s={search_term_string}"},"query-input":{"@type":"PropertyValueSpecification","valueRequired":true,"valueName":"search_term_string"}}],"inLanguage":"tr"},{"@type":"Organization","@id":"https:\/\/narteks.net\/#organization","name":"narteks.net","url":"https:\/\/narteks.net\/","logo":{"@type":"ImageObject","inLanguage":"tr","@id":"https:\/\/narteks.net\/#\/schema\/logo\/image\/","url":"https:\/\/narteks.net\/wp-content\/uploads\/narteks.png","contentUrl":"https:\/\/narteks.net\/wp-content\/uploads\/narteks.png","width":300,"height":90,"caption":"narteks.net"},"image":{"@id":"https:\/\/narteks.net\/#\/schema\/logo\/image\/"},"sameAs":["https:\/\/x.com\/narteks","https:\/\/instagram.com\/narteksnet"]},{"@type":"Person","@id":"https:\/\/narteks.net\/#\/schema\/person\/61f37d9834294b72d31d274e7ed79bca","name":"Tar\u0131k","image":{"@type":"ImageObject","inLanguage":"tr","@id":"https:\/\/narteks.net\/#\/schema\/person\/image\/","url":"https:\/\/secure.gravatar.com\/avatar\/50865afb55632c4ae467e0af0930f6510aa2297d8014be502a55b14f3b7550cf?s=96&d=mm&r=g","contentUrl":"https:\/\/secure.gravatar.com\/avatar\/50865afb55632c4ae467e0af0930f6510aa2297d8014be502a55b14f3b7550cf?s=96&d=mm&r=g","caption":"Tar\u0131k"},"sameAs":["http:\/\/narteks.net"],"url":"https:\/\/narteks.net\/index.php\/author\/narbak\/"}]}},"_links":{"self":[{"href":"https:\/\/narteks.net\/index.php\/wp-json\/wp\/v2\/posts\/435","targetHints":{"allow":["GET"]}}],"collection":[{"href":"https:\/\/narteks.net\/index.php\/wp-json\/wp\/v2\/posts"}],"about":[{"href":"https:\/\/narteks.net\/index.php\/wp-json\/wp\/v2\/types\/post"}],"author":[{"embeddable":true,"href":"https:\/\/narteks.net\/index.php\/wp-json\/wp\/v2\/users\/1"}],"replies":[{"embeddable":true,"href":"https:\/\/narteks.net\/index.php\/wp-json\/wp\/v2\/comments?post=435"}],"version-history":[{"count":0,"href":"https:\/\/narteks.net\/index.php\/wp-json\/wp\/v2\/posts\/435\/revisions"}],"wp:attachment":[{"href":"https:\/\/narteks.net\/index.php\/wp-json\/wp\/v2\/media?parent=435"}],"wp:term":[{"taxonomy":"category","embeddable":true,"href":"https:\/\/narteks.net\/index.php\/wp-json\/wp\/v2\/categories?post=435"},{"taxonomy":"post_tag","embeddable":true,"href":"https:\/\/narteks.net\/index.php\/wp-json\/wp\/v2\/tags?post=435"}],"curies":[{"name":"wp","href":"https:\/\/api.w.org\/{rel}","templated":true}]}}