{"id":4350,"date":"2010-03-17T14:58:35","date_gmt":"2010-03-17T11:58:35","guid":{"rendered":"http:\/\/localhost\/wordpress\/2010\/03\/17\/vahdetname\/"},"modified":"2010-03-17T14:58:35","modified_gmt":"2010-03-17T11:58:35","slug":"vahdetname","status":"publish","type":"post","link":"https:\/\/narteks.net\/index.php\/2010\/03\/17\/vahdetname\/","title":{"rendered":"VAHDETNAME"},"content":{"rendered":"<p>\u00a0<\/p>\n<p>Daha Allah ile cihan yok iken<br \/>Biz an\u0131 var edip ilan eyledik<br \/>Hakk&#8217;a hi\u00e7bir layik mekan yok iken<br \/>Hanemize ald\u0131k mihman eyledik<\/p>\n<p>Kendisinin ismi hen\u00fcz yok idi<br \/>ismi \u015f\u00f6yle dursun cismi yok idi<br \/>Hi\u00e7bir k\u0131yafeti resmi yok idi<br \/>\u015eekil verip t\u0131pk\u0131 insan eyledik<\/p>\n<p>Allah ile burda birle\u015ftik<br \/>Nokta-i amaya girdik birle\u015ftik<br \/>S\u0131rr-\u0131 K\u00fcnt\u00fc kenzi orda s\u00f6yle\u015ftik<br \/>\u0130smi \u015ferifini Rahman eyledik<\/p>\n<p>A\u015fikar olunca zat \u00fc s\u0131fat\u0131<br \/>Kaan dedik var ettik bu semavat\u0131<br \/>Birlikte yaratt\u0131k hep kainat\u0131<br \/>Nam \u00fc ni\u015fan\u0131n\u0131 cihan eyledik<\/p>\n<p>Yerleri g\u00f6kleri yapt\u0131k yedi kat<br \/>Alt\u0131 g\u00fcnde tamam oldu kainat<br \/>Yaratt\u0131k i\u00e7inde bunca mahlukat<br \/>Erzak\u0131n\u0131 verdik ihsan eyledik<\/p>\n<p>As\u0131ls\u0131z fas\u0131ls\u0131z yapt\u0131k cenneti<br \/>Huri g\u0131lmanlara verdik ziyneti<br \/>T\u00fcrl\u00fc vaidlerle her bir milleti<br \/>Sevindirip sad \u00fc handan eyledik<\/p>\n<p>Bir cehennem kazd\u0131k gayetle derin<br \/>Laf ate\u015fi ile eyledik tezyin<br \/>K\u0131ldan gayet ince k\u0131l\u0131\u00e7tan keskin<br \/>\u00dcst\u00fcne bir k\u00f6pr\u00fc mizan eyledik<\/p>\n<p>Ger\u00e7i K\u00fcn emriyle var oldu cihan<br \/>Ar\u015f-\u0131 K\u00fcrs\u00fc gezdik durduk bir zaman<br \/>Bo\u015f kalmas\u0131n diye bu kevn\u00fc mekan<br \/>Ademin halk\u0131n\u0131 ferman eyledik<\/p>\n<p>\u0130rfan olan bilir s\u0131rr\u0131 m\u00fcphemi<br \/>\u0130zhar etmek i\u00e7in ism-i azami<br \/>\u00c7amurdan yo\u011furduk yapt\u0131k ademi<br \/>Ruhumuzdan bir ruh revan eyledik<\/p>\n<p>Adem ile Havva birlik idiler<br \/>Ne g\u00fczel bir mekan bulduk dediler<br \/>Cennetin i\u00e7inde bu\u011fday yediler<br \/>S\u00fcrd\u00fck bir tarafa puyan eyledik<\/p>\n<p>Adem ile Havvadan geldi \u00e7ok insan<br \/>Nebiler Veliler oldu m\u00fcmayan<br \/>Y\u00fczbin kerre doldu bosald\u0131 cihan<br \/>Nuh Naciyullah&#8217;a tufan eyledik<\/p>\n<p>Salihe bir deve eyledik ihsan<br \/>Kayan\u0131n i\u00e7inden \u00e7\u0131kt\u0131 nagehan<br \/>Pek \u00e7oklar\u0131 buna etmedi iman<br \/>Anlar\u0131 hak ile yeksan eyledik<\/p>\n<p>Bir zaman Eshabikefhi uyuttuk<br \/>Hazreti Musa&#8217;y\u0131 Tur&#8217;da okuttuk<br \/>Siti \u00e7ulha yapt\u0131k bezler dokuttuk<br \/>\u0130dris&#8217;e bi\u00e7tirip kaftan eyledik<\/p>\n<p>S\u00fcleyman&#8217;\u0131 dehre sultan eyledik<br \/>Eyyub&#8217;a ac\u0131d\u0131k derman eyledik<br \/>Yakub&#8217;u a\u011flatt\u0131k nalan eyledik<br \/>Musa&#8217;y\u0131 Suayb&#8217;a \u00e7oban eyledik<\/p>\n<p>Yusuf&#8217;u kuyuya att\u0131rm\u0131\u015f idik<br \/>M\u0131s\u0131r&#8217;da kul diye satt\u0131rm\u0131\u015f idik<br \/>Zeliha&#8217;y\u0131 ona \u00e7att\u0131rm\u0131\u015f idik<br \/>Zellesinden bendi zindan eyledik<\/p>\n<p>Davut peygambere \u00e7att\u0131rd\u0131k udu<br \/>Kazadan kurtard\u0131k L\u00c3\u2019t ile H\u00c3\u2019d&#8217;u<br \/>Bak ne hale koyduk nar-\u0131 Nemrud&#8217;u<br \/>\u0130brahim&#8217;e ba\u011f u bostan eyledik<\/p>\n<p>\u0130smail&#8217;e bedel cennetten kurban<br \/>G\u00f6nderdik \u015fad oldu Halil\u00fcrrahman<br \/>Bal\u0131\u011f\u0131n karn\u0131n\u0131 bir hayli zaman<br \/>Yunus peygambere mekan eyledik<\/p>\n<p>Bir mescide soktuk Meryem Anay\u0131<br \/>Pedersiz do\u011furttuk orda isa&#8217;y\u0131<br \/>Bir A\u011fa\u00e7 i\u00e7inde Zekeriyya&#8217;y\u0131<br \/>Bi\u00e7tirip kan\u0131na R\u0131zan eyledik<\/p>\n<p>Beytimukaddeste Kud\u00fcs sehrinde<br \/>Nehri Seria&#8217;da Erden nehrinde<br \/>Tathir etmek i\u00e7in g\u00fcn\u00fcn birinde<br \/>Yahya&#8217;y&#8217;\u0131 &#8216;\u0131sa&#8217;y\u0131 &#8216;uryan eyledik<\/p>\n<p>B\u00f6yle cilvelerle vakit ge\u00e7irdik<br \/>Bu enbiya ile \u00e7ok i\u015f bitirdik<br \/>Ba\u015fka bir Nebiyyizisan getirdik<br \/>An\u0131n her nutkunu Kur&#8217;an eyledik<\/p>\n<p>Kuffar\u0131 Kurey\u015fi ettik bahane<br \/>Mehmet Mustafa geldi cihane<br \/>Halk\u0131 davet etmek i\u00e7in imane<br \/>Murtaza&#8217;y\u0131 ona ihvan eyledik<\/p>\n<p>Ana k\u0131yas olmaz asla bir nebi<br \/>Nebiler sahidir Hakk&#8217;\u0131n habibi<br \/>Biz an\u0131 Nebiyyi-ihsan eyledik<\/p>\n<p>Hak Muhammed Ali ile birle\u015fti<br \/>Hep beraber kabekavseyne gittik<br \/>O makamda pek \u00e7ok muhabbet ettik<br \/>Leylerelesray\u0131 seyran eyledik<\/p>\n<p>Bu s\u00f6zleri sanma he insan anlar<br \/>Ku\u015f dilidir bunu S\u00fcleyman anlar<br \/>Bu s\u0131rr\u0131 m\u00fcphemi arifan anlar<br \/>\u00c7\u00fcnk\u00fc cahillerden pinhan eyledik<\/p>\n<p>Hak ile hak idik biz ezeliden<br \/>Ta ruz-i Elestte Kalubelide<br \/>Mekan-\u0131 H\u00fcda&#8217;da bezm-i celide<br \/>Cemalini g\u00f6rd\u00fck iman eyledik<\/p>\n<p>Vahdet alemini bilmeyen insan<br \/>insan suretinde kald\u0131 bir hayvan<br \/>Bizden ayr\u0131 de\u011fil Hazreti S\u00fcphan<br \/>Bunu Kur&#8217;an ile ayan eyledik<\/p>\n<p>S\u00f6zlerimiz bizim pek muhakkakt\u0131r<br \/>Do\u011fan \u00f6len yapan bozan hep Hakt\u0131r<br \/>Her nereye baksan Hakk\u0131 mutlakt\u0131r<br \/>Ahval-i vahdeti beyan eyledik<\/p>\n<p>Vahdet saray\u0131na giren i\u00e7in<br \/>Hakk\u0131 heykelyak\u0131n g\u00f6renler i\u00e7in<br \/>Bu s\u0131rr\u0131 Harabi bilenler i\u00e7in<br \/>Birlik meydan\u0131nda \u00e7evlan eyledik<\/p>\n<p>Edip HARAB\u0130<\/p>\n","protected":false},"excerpt":{"rendered":"<p>\u00a0 Daha Allah ile cihan yok ikenBiz an\u0131 var edip ilan eyledikHakk&#8217;a hi\u00e7bir layik mekan yok ikenHanemize ald\u0131k mihman eyledik Kendisinin ismi hen\u00fcz yok idiismi \u015f\u00f6yle dursun cismi yok idiHi\u00e7bir k\u0131yafeti resmi yok idi\u015eekil verip t\u0131pk\u0131 insan eyledik Allah ile burda birle\u015ftikNokta-i amaya girdik birle\u015ftikS\u0131rr-\u0131 K\u00fcnt\u00fc kenzi orda s\u00f6yle\u015ftik\u0130smi \u015ferifini Rahman eyledik A\u015fikar olunca zat [&hellip;]<\/p>\n","protected":false},"author":1,"featured_media":0,"comment_status":"open","ping_status":"open","sticky":false,"template":"","format":"standard","meta":{"footnotes":""},"categories":[142],"tags":[],"class_list":{"0":"post-4350","1":"post","2":"type-post","3":"status-publish","4":"format-standard","6":"category-edip-harabi"},"yoast_head":"<!-- This site is optimized with the Yoast SEO Premium plugin v24.9 (Yoast SEO v24.9) - https:\/\/yoast.com\/wordpress\/plugins\/seo\/ -->\n<title>VAHDETNAME - narteks.net<\/title>\n<meta name=\"robots\" content=\"index, follow, max-snippet:-1, max-image-preview:large, max-video-preview:-1\" \/>\n<link rel=\"canonical\" href=\"https:\/\/narteks.net\/index.php\/2010\/03\/17\/vahdetname\/\" \/>\n<meta property=\"og:locale\" content=\"tr_TR\" \/>\n<meta property=\"og:type\" content=\"article\" \/>\n<meta property=\"og:title\" content=\"VAHDETNAME\" \/>\n<meta property=\"og:description\" content=\"\u00a0 Daha Allah ile cihan yok ikenBiz an\u0131 var edip ilan eyledikHakk&#8217;a hi\u00e7bir layik mekan yok ikenHanemize ald\u0131k mihman eyledik Kendisinin ismi hen\u00fcz yok idiismi \u015f\u00f6yle dursun cismi yok idiHi\u00e7bir k\u0131yafeti resmi yok idi\u015eekil verip t\u0131pk\u0131 insan eyledik Allah ile burda birle\u015ftikNokta-i amaya girdik birle\u015ftikS\u0131rr-\u0131 K\u00fcnt\u00fc kenzi orda s\u00f6yle\u015ftik\u0130smi \u015ferifini Rahman eyledik A\u015fikar olunca zat [&hellip;]\" \/>\n<meta property=\"og:url\" content=\"https:\/\/narteks.net\/index.php\/2010\/03\/17\/vahdetname\/\" \/>\n<meta property=\"og:site_name\" content=\"narteks.net\" \/>\n<meta property=\"article:published_time\" content=\"2010-03-17T11:58:35+00:00\" \/>\n<meta property=\"og:image\" content=\"https:\/\/narteks.net\/wp-content\/uploads\/narteks.png\" \/>\n\t<meta property=\"og:image:width\" content=\"300\" \/>\n\t<meta property=\"og:image:height\" content=\"90\" \/>\n\t<meta property=\"og:image:type\" content=\"image\/png\" \/>\n<meta name=\"author\" content=\"Tar\u0131k\" \/>\n<meta name=\"twitter:card\" content=\"summary_large_image\" \/>\n<meta name=\"twitter:creator\" content=\"@narteks\" \/>\n<meta name=\"twitter:site\" content=\"@narteks\" \/>\n<meta name=\"twitter:label1\" content=\"Yazan:\" \/>\n\t<meta name=\"twitter:data1\" content=\"Tar\u0131k\" \/>\n\t<meta name=\"twitter:label2\" content=\"Tahmini okuma s\u00fcresi\" \/>\n\t<meta name=\"twitter:data2\" content=\"3 dakika\" \/>\n<script type=\"application\/ld+json\" class=\"yoast-schema-graph\">{\"@context\":\"https:\/\/schema.org\",\"@graph\":[{\"@type\":\"Article\",\"@id\":\"https:\/\/narteks.net\/index.php\/2010\/03\/17\/vahdetname\/#article\",\"isPartOf\":{\"@id\":\"https:\/\/narteks.net\/index.php\/2010\/03\/17\/vahdetname\/\"},\"author\":{\"name\":\"Tar\u0131k\",\"@id\":\"https:\/\/narteks.net\/#\/schema\/person\/61f37d9834294b72d31d274e7ed79bca\"},\"headline\":\"VAHDETNAME\",\"datePublished\":\"2010-03-17T11:58:35+00:00\",\"mainEntityOfPage\":{\"@id\":\"https:\/\/narteks.net\/index.php\/2010\/03\/17\/vahdetname\/\"},\"wordCount\":567,\"commentCount\":0,\"publisher\":{\"@id\":\"https:\/\/narteks.net\/#organization\"},\"articleSection\":[\"Edip HARAB\u0130\"],\"inLanguage\":\"tr\",\"potentialAction\":[{\"@type\":\"CommentAction\",\"name\":\"Comment\",\"target\":[\"https:\/\/narteks.net\/index.php\/2010\/03\/17\/vahdetname\/#respond\"]}]},{\"@type\":\"WebPage\",\"@id\":\"https:\/\/narteks.net\/index.php\/2010\/03\/17\/vahdetname\/\",\"url\":\"https:\/\/narteks.net\/index.php\/2010\/03\/17\/vahdetname\/\",\"name\":\"VAHDETNAME - narteks.net\",\"isPartOf\":{\"@id\":\"https:\/\/narteks.net\/#website\"},\"datePublished\":\"2010-03-17T11:58:35+00:00\",\"breadcrumb\":{\"@id\":\"https:\/\/narteks.net\/index.php\/2010\/03\/17\/vahdetname\/#breadcrumb\"},\"inLanguage\":\"tr\",\"potentialAction\":[{\"@type\":\"ReadAction\",\"target\":[\"https:\/\/narteks.net\/index.php\/2010\/03\/17\/vahdetname\/\"]}]},{\"@type\":\"BreadcrumbList\",\"@id\":\"https:\/\/narteks.net\/index.php\/2010\/03\/17\/vahdetname\/#breadcrumb\",\"itemListElement\":[{\"@type\":\"ListItem\",\"position\":1,\"name\":\"Anasayfa\",\"item\":\"https:\/\/narteks.net\/\"},{\"@type\":\"ListItem\",\"position\":2,\"name\":\"VAHDETNAME\"}]},{\"@type\":\"WebSite\",\"@id\":\"https:\/\/narteks.net\/#website\",\"url\":\"https:\/\/narteks.net\/\",\"name\":\"narteks.net\",\"description\":\"K\u00fclt\u00fcr Sanat Edebiyat Felsefe\",\"publisher\":{\"@id\":\"https:\/\/narteks.net\/#organization\"},\"alternateName\":\"K\u00fclt\u00fcr Sanat Edebiyat Felsefe\",\"potentialAction\":[{\"@type\":\"SearchAction\",\"target\":{\"@type\":\"EntryPoint\",\"urlTemplate\":\"https:\/\/narteks.net\/?s={search_term_string}\"},\"query-input\":{\"@type\":\"PropertyValueSpecification\",\"valueRequired\":true,\"valueName\":\"search_term_string\"}}],\"inLanguage\":\"tr\"},{\"@type\":\"Organization\",\"@id\":\"https:\/\/narteks.net\/#organization\",\"name\":\"narteks.net\",\"url\":\"https:\/\/narteks.net\/\",\"logo\":{\"@type\":\"ImageObject\",\"inLanguage\":\"tr\",\"@id\":\"https:\/\/narteks.net\/#\/schema\/logo\/image\/\",\"url\":\"https:\/\/narteks.net\/wp-content\/uploads\/narteks.png\",\"contentUrl\":\"https:\/\/narteks.net\/wp-content\/uploads\/narteks.png\",\"width\":300,\"height\":90,\"caption\":\"narteks.net\"},\"image\":{\"@id\":\"https:\/\/narteks.net\/#\/schema\/logo\/image\/\"},\"sameAs\":[\"https:\/\/x.com\/narteks\",\"https:\/\/instagram.com\/narteksnet\"]},{\"@type\":\"Person\",\"@id\":\"https:\/\/narteks.net\/#\/schema\/person\/61f37d9834294b72d31d274e7ed79bca\",\"name\":\"Tar\u0131k\",\"image\":{\"@type\":\"ImageObject\",\"inLanguage\":\"tr\",\"@id\":\"https:\/\/narteks.net\/#\/schema\/person\/image\/\",\"url\":\"https:\/\/secure.gravatar.com\/avatar\/50865afb55632c4ae467e0af0930f6510aa2297d8014be502a55b14f3b7550cf?s=96&d=mm&r=g\",\"contentUrl\":\"https:\/\/secure.gravatar.com\/avatar\/50865afb55632c4ae467e0af0930f6510aa2297d8014be502a55b14f3b7550cf?s=96&d=mm&r=g\",\"caption\":\"Tar\u0131k\"},\"sameAs\":[\"http:\/\/narteks.net\"],\"url\":\"https:\/\/narteks.net\/index.php\/author\/narbak\/\"}]}<\/script>\n<!-- \/ Yoast SEO Premium plugin. -->","yoast_head_json":{"title":"VAHDETNAME - narteks.net","robots":{"index":"index","follow":"follow","max-snippet":"max-snippet:-1","max-image-preview":"max-image-preview:large","max-video-preview":"max-video-preview:-1"},"canonical":"https:\/\/narteks.net\/index.php\/2010\/03\/17\/vahdetname\/","og_locale":"tr_TR","og_type":"article","og_title":"VAHDETNAME","og_description":"\u00a0 Daha Allah ile cihan yok ikenBiz an\u0131 var edip ilan eyledikHakk&#8217;a hi\u00e7bir layik mekan yok ikenHanemize ald\u0131k mihman eyledik Kendisinin ismi hen\u00fcz yok idiismi \u015f\u00f6yle dursun cismi yok idiHi\u00e7bir k\u0131yafeti resmi yok idi\u015eekil verip t\u0131pk\u0131 insan eyledik Allah ile burda birle\u015ftikNokta-i amaya girdik birle\u015ftikS\u0131rr-\u0131 K\u00fcnt\u00fc kenzi orda s\u00f6yle\u015ftik\u0130smi \u015ferifini Rahman eyledik A\u015fikar olunca zat [&hellip;]","og_url":"https:\/\/narteks.net\/index.php\/2010\/03\/17\/vahdetname\/","og_site_name":"narteks.net","article_published_time":"2010-03-17T11:58:35+00:00","og_image":[{"width":300,"height":90,"url":"https:\/\/narteks.net\/wp-content\/uploads\/narteks.png","type":"image\/png"}],"author":"Tar\u0131k","twitter_card":"summary_large_image","twitter_creator":"@narteks","twitter_site":"@narteks","twitter_misc":{"Yazan:":"Tar\u0131k","Tahmini okuma s\u00fcresi":"3 dakika"},"schema":{"@context":"https:\/\/schema.org","@graph":[{"@type":"Article","@id":"https:\/\/narteks.net\/index.php\/2010\/03\/17\/vahdetname\/#article","isPartOf":{"@id":"https:\/\/narteks.net\/index.php\/2010\/03\/17\/vahdetname\/"},"author":{"name":"Tar\u0131k","@id":"https:\/\/narteks.net\/#\/schema\/person\/61f37d9834294b72d31d274e7ed79bca"},"headline":"VAHDETNAME","datePublished":"2010-03-17T11:58:35+00:00","mainEntityOfPage":{"@id":"https:\/\/narteks.net\/index.php\/2010\/03\/17\/vahdetname\/"},"wordCount":567,"commentCount":0,"publisher":{"@id":"https:\/\/narteks.net\/#organization"},"articleSection":["Edip HARAB\u0130"],"inLanguage":"tr","potentialAction":[{"@type":"CommentAction","name":"Comment","target":["https:\/\/narteks.net\/index.php\/2010\/03\/17\/vahdetname\/#respond"]}]},{"@type":"WebPage","@id":"https:\/\/narteks.net\/index.php\/2010\/03\/17\/vahdetname\/","url":"https:\/\/narteks.net\/index.php\/2010\/03\/17\/vahdetname\/","name":"VAHDETNAME - narteks.net","isPartOf":{"@id":"https:\/\/narteks.net\/#website"},"datePublished":"2010-03-17T11:58:35+00:00","breadcrumb":{"@id":"https:\/\/narteks.net\/index.php\/2010\/03\/17\/vahdetname\/#breadcrumb"},"inLanguage":"tr","potentialAction":[{"@type":"ReadAction","target":["https:\/\/narteks.net\/index.php\/2010\/03\/17\/vahdetname\/"]}]},{"@type":"BreadcrumbList","@id":"https:\/\/narteks.net\/index.php\/2010\/03\/17\/vahdetname\/#breadcrumb","itemListElement":[{"@type":"ListItem","position":1,"name":"Anasayfa","item":"https:\/\/narteks.net\/"},{"@type":"ListItem","position":2,"name":"VAHDETNAME"}]},{"@type":"WebSite","@id":"https:\/\/narteks.net\/#website","url":"https:\/\/narteks.net\/","name":"narteks.net","description":"K\u00fclt\u00fcr Sanat Edebiyat Felsefe","publisher":{"@id":"https:\/\/narteks.net\/#organization"},"alternateName":"K\u00fclt\u00fcr Sanat Edebiyat Felsefe","potentialAction":[{"@type":"SearchAction","target":{"@type":"EntryPoint","urlTemplate":"https:\/\/narteks.net\/?s={search_term_string}"},"query-input":{"@type":"PropertyValueSpecification","valueRequired":true,"valueName":"search_term_string"}}],"inLanguage":"tr"},{"@type":"Organization","@id":"https:\/\/narteks.net\/#organization","name":"narteks.net","url":"https:\/\/narteks.net\/","logo":{"@type":"ImageObject","inLanguage":"tr","@id":"https:\/\/narteks.net\/#\/schema\/logo\/image\/","url":"https:\/\/narteks.net\/wp-content\/uploads\/narteks.png","contentUrl":"https:\/\/narteks.net\/wp-content\/uploads\/narteks.png","width":300,"height":90,"caption":"narteks.net"},"image":{"@id":"https:\/\/narteks.net\/#\/schema\/logo\/image\/"},"sameAs":["https:\/\/x.com\/narteks","https:\/\/instagram.com\/narteksnet"]},{"@type":"Person","@id":"https:\/\/narteks.net\/#\/schema\/person\/61f37d9834294b72d31d274e7ed79bca","name":"Tar\u0131k","image":{"@type":"ImageObject","inLanguage":"tr","@id":"https:\/\/narteks.net\/#\/schema\/person\/image\/","url":"https:\/\/secure.gravatar.com\/avatar\/50865afb55632c4ae467e0af0930f6510aa2297d8014be502a55b14f3b7550cf?s=96&d=mm&r=g","contentUrl":"https:\/\/secure.gravatar.com\/avatar\/50865afb55632c4ae467e0af0930f6510aa2297d8014be502a55b14f3b7550cf?s=96&d=mm&r=g","caption":"Tar\u0131k"},"sameAs":["http:\/\/narteks.net"],"url":"https:\/\/narteks.net\/index.php\/author\/narbak\/"}]}},"_links":{"self":[{"href":"https:\/\/narteks.net\/index.php\/wp-json\/wp\/v2\/posts\/4350","targetHints":{"allow":["GET"]}}],"collection":[{"href":"https:\/\/narteks.net\/index.php\/wp-json\/wp\/v2\/posts"}],"about":[{"href":"https:\/\/narteks.net\/index.php\/wp-json\/wp\/v2\/types\/post"}],"author":[{"embeddable":true,"href":"https:\/\/narteks.net\/index.php\/wp-json\/wp\/v2\/users\/1"}],"replies":[{"embeddable":true,"href":"https:\/\/narteks.net\/index.php\/wp-json\/wp\/v2\/comments?post=4350"}],"version-history":[{"count":0,"href":"https:\/\/narteks.net\/index.php\/wp-json\/wp\/v2\/posts\/4350\/revisions"}],"wp:attachment":[{"href":"https:\/\/narteks.net\/index.php\/wp-json\/wp\/v2\/media?parent=4350"}],"wp:term":[{"taxonomy":"category","embeddable":true,"href":"https:\/\/narteks.net\/index.php\/wp-json\/wp\/v2\/categories?post=4350"},{"taxonomy":"post_tag","embeddable":true,"href":"https:\/\/narteks.net\/index.php\/wp-json\/wp\/v2\/tags?post=4350"}],"curies":[{"name":"wp","href":"https:\/\/api.w.org\/{rel}","templated":true}]}}