{"id":4355,"date":"2010-03-17T15:01:07","date_gmt":"2010-03-17T12:01:07","guid":{"rendered":"http:\/\/localhost\/wordpress\/2010\/03\/17\/ey-dervis\/"},"modified":"2010-03-17T15:01:07","modified_gmt":"2010-03-17T12:01:07","slug":"ey-dervis","status":"publish","type":"post","link":"https:\/\/narteks.net\/index.php\/2010\/03\/17\/ey-dervis\/","title":{"rendered":"EY DERV\u0130\u015e"},"content":{"rendered":"<p>\u00a0<\/p>\n<p>Ey dervi\u015f a\u00e7l\u0131ktan etme \u015fikayet<br \/>Tekkeyi bekleyen \u00e7orba i\u00e7ermi\u015f<br \/>Derya kenar\u0131nda kalma nihayet<br \/>At\u0131 alan \u00dcsk\u00fcdar\u2019\u0131 ge\u00e7ermi\u015f<\/p>\n<p>Bir insan\u0131n do\u011fru \u00f6z\u00fc olursa<br \/>Hakk\u0131 ispat eder s\u00f6z\u00fc olursa<br \/>Kendini g\u00f6recek g\u00f6z\u00fc olursa<br \/>Pirincin ta\u015f\u0131n\u0131 g\u00f6r\u00fcp se\u00e7ermi\u015f<\/p>\n<p>Hazreti peygamber bak ne s\u00f6ylemi\u015f<br \/>Harabi\u2019 de ona iman eylemi\u015f <br \/>D\u00fcnya mezrea-i ahiret imi\u015f<br \/>\u0130nsan ekti\u011fini mutlak bi\u00e7ermi\u015f<\/p>\n<p>Edip HARAB\u0130<\/p>\n","protected":false},"excerpt":{"rendered":"<p>\u00a0 Ey dervi\u015f a\u00e7l\u0131ktan etme \u015fikayetTekkeyi bekleyen \u00e7orba i\u00e7ermi\u015fDerya kenar\u0131nda kalma nihayetAt\u0131 alan \u00dcsk\u00fcdar\u2019\u0131 ge\u00e7ermi\u015f Bir insan\u0131n do\u011fru \u00f6z\u00fc olursaHakk\u0131 ispat eder s\u00f6z\u00fc olursaKendini g\u00f6recek g\u00f6z\u00fc olursaPirincin ta\u015f\u0131n\u0131 g\u00f6r\u00fcp se\u00e7ermi\u015f Hazreti peygamber bak ne s\u00f6ylemi\u015fHarabi\u2019 de ona iman eylemi\u015f D\u00fcnya mezrea-i ahiret imi\u015f\u0130nsan ekti\u011fini mutlak bi\u00e7ermi\u015f Edip HARAB\u0130<\/p>\n","protected":false},"author":1,"featured_media":0,"comment_status":"open","ping_status":"open","sticky":false,"template":"","format":"standard","meta":{"footnotes":""},"categories":[142],"tags":[],"class_list":{"0":"post-4355","1":"post","2":"type-post","3":"status-publish","4":"format-standard","6":"category-edip-harabi"},"yoast_head":"<!-- This site is optimized with the Yoast SEO Premium plugin v24.9 (Yoast SEO v24.9) - https:\/\/yoast.com\/wordpress\/plugins\/seo\/ -->\n<title>EY DERV\u0130\u015e - narteks.net<\/title>\n<meta name=\"robots\" content=\"index, follow, max-snippet:-1, max-image-preview:large, max-video-preview:-1\" \/>\n<link rel=\"canonical\" href=\"https:\/\/narteks.net\/index.php\/2010\/03\/17\/ey-dervis\/\" \/>\n<meta property=\"og:locale\" content=\"tr_TR\" \/>\n<meta property=\"og:type\" content=\"article\" \/>\n<meta property=\"og:title\" content=\"EY DERV\u0130\u015e\" \/>\n<meta property=\"og:description\" content=\"\u00a0 Ey dervi\u015f a\u00e7l\u0131ktan etme \u015fikayetTekkeyi bekleyen \u00e7orba i\u00e7ermi\u015fDerya kenar\u0131nda kalma nihayetAt\u0131 alan \u00dcsk\u00fcdar\u2019\u0131 ge\u00e7ermi\u015f Bir insan\u0131n do\u011fru \u00f6z\u00fc olursaHakk\u0131 ispat eder s\u00f6z\u00fc olursaKendini g\u00f6recek g\u00f6z\u00fc olursaPirincin ta\u015f\u0131n\u0131 g\u00f6r\u00fcp se\u00e7ermi\u015f Hazreti peygamber bak ne s\u00f6ylemi\u015fHarabi\u2019 de ona iman eylemi\u015f D\u00fcnya mezrea-i ahiret imi\u015f\u0130nsan ekti\u011fini mutlak bi\u00e7ermi\u015f Edip HARAB\u0130\" \/>\n<meta property=\"og:url\" content=\"https:\/\/narteks.net\/index.php\/2010\/03\/17\/ey-dervis\/\" \/>\n<meta property=\"og:site_name\" content=\"narteks.net\" \/>\n<meta property=\"article:published_time\" content=\"2010-03-17T12:01:07+00:00\" \/>\n<meta property=\"og:image\" content=\"https:\/\/narteks.net\/wp-content\/uploads\/narteks.png\" \/>\n\t<meta property=\"og:image:width\" content=\"300\" \/>\n\t<meta property=\"og:image:height\" content=\"90\" \/>\n\t<meta property=\"og:image:type\" content=\"image\/png\" \/>\n<meta name=\"author\" content=\"Tar\u0131k\" \/>\n<meta name=\"twitter:card\" content=\"summary_large_image\" \/>\n<meta name=\"twitter:creator\" content=\"@narteks\" \/>\n<meta name=\"twitter:site\" content=\"@narteks\" \/>\n<meta name=\"twitter:label1\" content=\"Yazan:\" \/>\n\t<meta name=\"twitter:data1\" content=\"Tar\u0131k\" \/>\n<script type=\"application\/ld+json\" class=\"yoast-schema-graph\">{\"@context\":\"https:\/\/schema.org\",\"@graph\":[{\"@type\":\"Article\",\"@id\":\"https:\/\/narteks.net\/index.php\/2010\/03\/17\/ey-dervis\/#article\",\"isPartOf\":{\"@id\":\"https:\/\/narteks.net\/index.php\/2010\/03\/17\/ey-dervis\/\"},\"author\":{\"name\":\"Tar\u0131k\",\"@id\":\"https:\/\/narteks.net\/#\/schema\/person\/61f37d9834294b72d31d274e7ed79bca\"},\"headline\":\"EY DERV\u0130\u015e\",\"datePublished\":\"2010-03-17T12:01:07+00:00\",\"mainEntityOfPage\":{\"@id\":\"https:\/\/narteks.net\/index.php\/2010\/03\/17\/ey-dervis\/\"},\"wordCount\":71,\"commentCount\":0,\"publisher\":{\"@id\":\"https:\/\/narteks.net\/#organization\"},\"articleSection\":[\"Edip HARAB\u0130\"],\"inLanguage\":\"tr\",\"potentialAction\":[{\"@type\":\"CommentAction\",\"name\":\"Comment\",\"target\":[\"https:\/\/narteks.net\/index.php\/2010\/03\/17\/ey-dervis\/#respond\"]}]},{\"@type\":\"WebPage\",\"@id\":\"https:\/\/narteks.net\/index.php\/2010\/03\/17\/ey-dervis\/\",\"url\":\"https:\/\/narteks.net\/index.php\/2010\/03\/17\/ey-dervis\/\",\"name\":\"EY DERV\u0130\u015e - narteks.net\",\"isPartOf\":{\"@id\":\"https:\/\/narteks.net\/#website\"},\"datePublished\":\"2010-03-17T12:01:07+00:00\",\"breadcrumb\":{\"@id\":\"https:\/\/narteks.net\/index.php\/2010\/03\/17\/ey-dervis\/#breadcrumb\"},\"inLanguage\":\"tr\",\"potentialAction\":[{\"@type\":\"ReadAction\",\"target\":[\"https:\/\/narteks.net\/index.php\/2010\/03\/17\/ey-dervis\/\"]}]},{\"@type\":\"BreadcrumbList\",\"@id\":\"https:\/\/narteks.net\/index.php\/2010\/03\/17\/ey-dervis\/#breadcrumb\",\"itemListElement\":[{\"@type\":\"ListItem\",\"position\":1,\"name\":\"Anasayfa\",\"item\":\"https:\/\/narteks.net\/\"},{\"@type\":\"ListItem\",\"position\":2,\"name\":\"EY DERV\u0130\u015e\"}]},{\"@type\":\"WebSite\",\"@id\":\"https:\/\/narteks.net\/#website\",\"url\":\"https:\/\/narteks.net\/\",\"name\":\"narteks.net\",\"description\":\"K\u00fclt\u00fcr Sanat Edebiyat Felsefe\",\"publisher\":{\"@id\":\"https:\/\/narteks.net\/#organization\"},\"alternateName\":\"K\u00fclt\u00fcr Sanat Edebiyat Felsefe\",\"potentialAction\":[{\"@type\":\"SearchAction\",\"target\":{\"@type\":\"EntryPoint\",\"urlTemplate\":\"https:\/\/narteks.net\/?s={search_term_string}\"},\"query-input\":{\"@type\":\"PropertyValueSpecification\",\"valueRequired\":true,\"valueName\":\"search_term_string\"}}],\"inLanguage\":\"tr\"},{\"@type\":\"Organization\",\"@id\":\"https:\/\/narteks.net\/#organization\",\"name\":\"narteks.net\",\"url\":\"https:\/\/narteks.net\/\",\"logo\":{\"@type\":\"ImageObject\",\"inLanguage\":\"tr\",\"@id\":\"https:\/\/narteks.net\/#\/schema\/logo\/image\/\",\"url\":\"https:\/\/narteks.net\/wp-content\/uploads\/narteks.png\",\"contentUrl\":\"https:\/\/narteks.net\/wp-content\/uploads\/narteks.png\",\"width\":300,\"height\":90,\"caption\":\"narteks.net\"},\"image\":{\"@id\":\"https:\/\/narteks.net\/#\/schema\/logo\/image\/\"},\"sameAs\":[\"https:\/\/x.com\/narteks\",\"https:\/\/instagram.com\/narteksnet\"]},{\"@type\":\"Person\",\"@id\":\"https:\/\/narteks.net\/#\/schema\/person\/61f37d9834294b72d31d274e7ed79bca\",\"name\":\"Tar\u0131k\",\"image\":{\"@type\":\"ImageObject\",\"inLanguage\":\"tr\",\"@id\":\"https:\/\/narteks.net\/#\/schema\/person\/image\/\",\"url\":\"https:\/\/secure.gravatar.com\/avatar\/50865afb55632c4ae467e0af0930f6510aa2297d8014be502a55b14f3b7550cf?s=96&d=mm&r=g\",\"contentUrl\":\"https:\/\/secure.gravatar.com\/avatar\/50865afb55632c4ae467e0af0930f6510aa2297d8014be502a55b14f3b7550cf?s=96&d=mm&r=g\",\"caption\":\"Tar\u0131k\"},\"sameAs\":[\"http:\/\/narteks.net\"],\"url\":\"https:\/\/narteks.net\/index.php\/author\/narbak\/\"}]}<\/script>\n<!-- \/ Yoast SEO Premium plugin. -->","yoast_head_json":{"title":"EY DERV\u0130\u015e - narteks.net","robots":{"index":"index","follow":"follow","max-snippet":"max-snippet:-1","max-image-preview":"max-image-preview:large","max-video-preview":"max-video-preview:-1"},"canonical":"https:\/\/narteks.net\/index.php\/2010\/03\/17\/ey-dervis\/","og_locale":"tr_TR","og_type":"article","og_title":"EY DERV\u0130\u015e","og_description":"\u00a0 Ey dervi\u015f a\u00e7l\u0131ktan etme \u015fikayetTekkeyi bekleyen \u00e7orba i\u00e7ermi\u015fDerya kenar\u0131nda kalma nihayetAt\u0131 alan \u00dcsk\u00fcdar\u2019\u0131 ge\u00e7ermi\u015f Bir insan\u0131n do\u011fru \u00f6z\u00fc olursaHakk\u0131 ispat eder s\u00f6z\u00fc olursaKendini g\u00f6recek g\u00f6z\u00fc olursaPirincin ta\u015f\u0131n\u0131 g\u00f6r\u00fcp se\u00e7ermi\u015f Hazreti peygamber bak ne s\u00f6ylemi\u015fHarabi\u2019 de ona iman eylemi\u015f D\u00fcnya mezrea-i ahiret imi\u015f\u0130nsan ekti\u011fini mutlak bi\u00e7ermi\u015f Edip HARAB\u0130","og_url":"https:\/\/narteks.net\/index.php\/2010\/03\/17\/ey-dervis\/","og_site_name":"narteks.net","article_published_time":"2010-03-17T12:01:07+00:00","og_image":[{"width":300,"height":90,"url":"https:\/\/narteks.net\/wp-content\/uploads\/narteks.png","type":"image\/png"}],"author":"Tar\u0131k","twitter_card":"summary_large_image","twitter_creator":"@narteks","twitter_site":"@narteks","twitter_misc":{"Yazan:":"Tar\u0131k"},"schema":{"@context":"https:\/\/schema.org","@graph":[{"@type":"Article","@id":"https:\/\/narteks.net\/index.php\/2010\/03\/17\/ey-dervis\/#article","isPartOf":{"@id":"https:\/\/narteks.net\/index.php\/2010\/03\/17\/ey-dervis\/"},"author":{"name":"Tar\u0131k","@id":"https:\/\/narteks.net\/#\/schema\/person\/61f37d9834294b72d31d274e7ed79bca"},"headline":"EY DERV\u0130\u015e","datePublished":"2010-03-17T12:01:07+00:00","mainEntityOfPage":{"@id":"https:\/\/narteks.net\/index.php\/2010\/03\/17\/ey-dervis\/"},"wordCount":71,"commentCount":0,"publisher":{"@id":"https:\/\/narteks.net\/#organization"},"articleSection":["Edip HARAB\u0130"],"inLanguage":"tr","potentialAction":[{"@type":"CommentAction","name":"Comment","target":["https:\/\/narteks.net\/index.php\/2010\/03\/17\/ey-dervis\/#respond"]}]},{"@type":"WebPage","@id":"https:\/\/narteks.net\/index.php\/2010\/03\/17\/ey-dervis\/","url":"https:\/\/narteks.net\/index.php\/2010\/03\/17\/ey-dervis\/","name":"EY DERV\u0130\u015e - narteks.net","isPartOf":{"@id":"https:\/\/narteks.net\/#website"},"datePublished":"2010-03-17T12:01:07+00:00","breadcrumb":{"@id":"https:\/\/narteks.net\/index.php\/2010\/03\/17\/ey-dervis\/#breadcrumb"},"inLanguage":"tr","potentialAction":[{"@type":"ReadAction","target":["https:\/\/narteks.net\/index.php\/2010\/03\/17\/ey-dervis\/"]}]},{"@type":"BreadcrumbList","@id":"https:\/\/narteks.net\/index.php\/2010\/03\/17\/ey-dervis\/#breadcrumb","itemListElement":[{"@type":"ListItem","position":1,"name":"Anasayfa","item":"https:\/\/narteks.net\/"},{"@type":"ListItem","position":2,"name":"EY DERV\u0130\u015e"}]},{"@type":"WebSite","@id":"https:\/\/narteks.net\/#website","url":"https:\/\/narteks.net\/","name":"narteks.net","description":"K\u00fclt\u00fcr Sanat Edebiyat Felsefe","publisher":{"@id":"https:\/\/narteks.net\/#organization"},"alternateName":"K\u00fclt\u00fcr Sanat Edebiyat Felsefe","potentialAction":[{"@type":"SearchAction","target":{"@type":"EntryPoint","urlTemplate":"https:\/\/narteks.net\/?s={search_term_string}"},"query-input":{"@type":"PropertyValueSpecification","valueRequired":true,"valueName":"search_term_string"}}],"inLanguage":"tr"},{"@type":"Organization","@id":"https:\/\/narteks.net\/#organization","name":"narteks.net","url":"https:\/\/narteks.net\/","logo":{"@type":"ImageObject","inLanguage":"tr","@id":"https:\/\/narteks.net\/#\/schema\/logo\/image\/","url":"https:\/\/narteks.net\/wp-content\/uploads\/narteks.png","contentUrl":"https:\/\/narteks.net\/wp-content\/uploads\/narteks.png","width":300,"height":90,"caption":"narteks.net"},"image":{"@id":"https:\/\/narteks.net\/#\/schema\/logo\/image\/"},"sameAs":["https:\/\/x.com\/narteks","https:\/\/instagram.com\/narteksnet"]},{"@type":"Person","@id":"https:\/\/narteks.net\/#\/schema\/person\/61f37d9834294b72d31d274e7ed79bca","name":"Tar\u0131k","image":{"@type":"ImageObject","inLanguage":"tr","@id":"https:\/\/narteks.net\/#\/schema\/person\/image\/","url":"https:\/\/secure.gravatar.com\/avatar\/50865afb55632c4ae467e0af0930f6510aa2297d8014be502a55b14f3b7550cf?s=96&d=mm&r=g","contentUrl":"https:\/\/secure.gravatar.com\/avatar\/50865afb55632c4ae467e0af0930f6510aa2297d8014be502a55b14f3b7550cf?s=96&d=mm&r=g","caption":"Tar\u0131k"},"sameAs":["http:\/\/narteks.net"],"url":"https:\/\/narteks.net\/index.php\/author\/narbak\/"}]}},"_links":{"self":[{"href":"https:\/\/narteks.net\/index.php\/wp-json\/wp\/v2\/posts\/4355","targetHints":{"allow":["GET"]}}],"collection":[{"href":"https:\/\/narteks.net\/index.php\/wp-json\/wp\/v2\/posts"}],"about":[{"href":"https:\/\/narteks.net\/index.php\/wp-json\/wp\/v2\/types\/post"}],"author":[{"embeddable":true,"href":"https:\/\/narteks.net\/index.php\/wp-json\/wp\/v2\/users\/1"}],"replies":[{"embeddable":true,"href":"https:\/\/narteks.net\/index.php\/wp-json\/wp\/v2\/comments?post=4355"}],"version-history":[{"count":0,"href":"https:\/\/narteks.net\/index.php\/wp-json\/wp\/v2\/posts\/4355\/revisions"}],"wp:attachment":[{"href":"https:\/\/narteks.net\/index.php\/wp-json\/wp\/v2\/media?parent=4355"}],"wp:term":[{"taxonomy":"category","embeddable":true,"href":"https:\/\/narteks.net\/index.php\/wp-json\/wp\/v2\/categories?post=4355"},{"taxonomy":"post_tag","embeddable":true,"href":"https:\/\/narteks.net\/index.php\/wp-json\/wp\/v2\/tags?post=4355"}],"curies":[{"name":"wp","href":"https:\/\/api.w.org\/{rel}","templated":true}]}}