{"id":4356,"date":"2010-03-17T15:01:28","date_gmt":"2010-03-17T12:01:28","guid":{"rendered":"http:\/\/localhost\/wordpress\/2010\/03\/17\/vardir\/"},"modified":"2010-03-17T15:01:28","modified_gmt":"2010-03-17T12:01:28","slug":"vardir","status":"publish","type":"post","link":"https:\/\/narteks.net\/index.php\/2010\/03\/17\/vardir\/","title":{"rendered":"VARDIR"},"content":{"rendered":"<p>\u00a0<\/p>\n<p>Cahiller \u00e7ekemez ehli kemali<br \/>Zira s\u00f6zlerinin hikmeti vard\u0131r<br \/>Nas\u0131l anlatay\u0131m bilmem bu hali<br \/>Ehli dilin \u015fan u \u015f\u00f6hreti vard\u0131r<\/p>\n<p>V\u00fccudu m\u00fcrdemi kamil \u00fc irfan<br \/>S\u0131zd\u0131r\u0131lm\u0131\u015f alt\u0131n gibidir her an<br \/>Her nereye gitse olsa numayan<br \/>\u0130tibar ederler k\u0131ymeti vard\u0131r<\/p>\n<p>Kamillerin ilm \u00fc irfan\u0131 malum<br \/>Akl\u0131 fikri fazl\u0131 irfan\u0131 malum<br \/>S\u00f6z\u00fc \u00f6z\u00fc do\u011fru vicdan\u0131 malum<br \/>Her m\u00fc\u015fk\u00fcli halle kudreti vard\u0131r<\/p>\n<p>Bir insan cahil \u00fc nadan olursa<br \/>\u0130nsan suretinde hayvan olursa<br \/>Harabi\u2019ye kar\u015f\u0131 d\u00fc\u015fman olursa <br \/>Mutlak onda haset illeti vard\u0131r<\/p>\n<p>Edip HARAB\u0130<\/p>\n","protected":false},"excerpt":{"rendered":"<p>\u00a0 Cahiller \u00e7ekemez ehli kemaliZira s\u00f6zlerinin hikmeti vard\u0131rNas\u0131l anlatay\u0131m bilmem bu haliEhli dilin \u015fan u \u015f\u00f6hreti vard\u0131r V\u00fccudu m\u00fcrdemi kamil \u00fc irfanS\u0131zd\u0131r\u0131lm\u0131\u015f alt\u0131n gibidir her anHer nereye gitse olsa numayan\u0130tibar ederler k\u0131ymeti vard\u0131r Kamillerin ilm \u00fc irfan\u0131 malumAkl\u0131 fikri fazl\u0131 irfan\u0131 malumS\u00f6z\u00fc \u00f6z\u00fc do\u011fru vicdan\u0131 malumHer m\u00fc\u015fk\u00fcli halle kudreti vard\u0131r Bir insan cahil \u00fc nadan [&hellip;]<\/p>\n","protected":false},"author":1,"featured_media":0,"comment_status":"open","ping_status":"open","sticky":false,"template":"","format":"standard","meta":{"footnotes":""},"categories":[142],"tags":[],"class_list":{"0":"post-4356","1":"post","2":"type-post","3":"status-publish","4":"format-standard","6":"category-edip-harabi"},"yoast_head":"<!-- This site is optimized with the Yoast SEO Premium plugin v24.9 (Yoast SEO v24.9) - https:\/\/yoast.com\/wordpress\/plugins\/seo\/ -->\n<title>VARDIR - narteks.net<\/title>\n<meta name=\"robots\" content=\"index, follow, max-snippet:-1, max-image-preview:large, max-video-preview:-1\" \/>\n<link rel=\"canonical\" href=\"https:\/\/narteks.net\/index.php\/2010\/03\/17\/vardir\/\" \/>\n<meta property=\"og:locale\" content=\"tr_TR\" \/>\n<meta property=\"og:type\" content=\"article\" \/>\n<meta property=\"og:title\" content=\"VARDIR\" \/>\n<meta property=\"og:description\" content=\"\u00a0 Cahiller \u00e7ekemez ehli kemaliZira s\u00f6zlerinin hikmeti vard\u0131rNas\u0131l anlatay\u0131m bilmem bu haliEhli dilin \u015fan u \u015f\u00f6hreti vard\u0131r V\u00fccudu m\u00fcrdemi kamil \u00fc irfanS\u0131zd\u0131r\u0131lm\u0131\u015f alt\u0131n gibidir her anHer nereye gitse olsa numayan\u0130tibar ederler k\u0131ymeti vard\u0131r Kamillerin ilm \u00fc irfan\u0131 malumAkl\u0131 fikri fazl\u0131 irfan\u0131 malumS\u00f6z\u00fc \u00f6z\u00fc do\u011fru vicdan\u0131 malumHer m\u00fc\u015fk\u00fcli halle kudreti vard\u0131r Bir insan cahil \u00fc nadan [&hellip;]\" \/>\n<meta property=\"og:url\" content=\"https:\/\/narteks.net\/index.php\/2010\/03\/17\/vardir\/\" \/>\n<meta property=\"og:site_name\" content=\"narteks.net\" \/>\n<meta property=\"article:published_time\" content=\"2010-03-17T12:01:28+00:00\" \/>\n<meta property=\"og:image\" content=\"https:\/\/narteks.net\/wp-content\/uploads\/narteks.png\" \/>\n\t<meta property=\"og:image:width\" content=\"300\" \/>\n\t<meta property=\"og:image:height\" content=\"90\" \/>\n\t<meta property=\"og:image:type\" content=\"image\/png\" \/>\n<meta name=\"author\" content=\"Tar\u0131k\" \/>\n<meta name=\"twitter:card\" content=\"summary_large_image\" \/>\n<meta name=\"twitter:creator\" content=\"@narteks\" \/>\n<meta name=\"twitter:site\" content=\"@narteks\" \/>\n<meta name=\"twitter:label1\" content=\"Yazan:\" \/>\n\t<meta name=\"twitter:data1\" content=\"Tar\u0131k\" \/>\n<script type=\"application\/ld+json\" class=\"yoast-schema-graph\">{\"@context\":\"https:\/\/schema.org\",\"@graph\":[{\"@type\":\"Article\",\"@id\":\"https:\/\/narteks.net\/index.php\/2010\/03\/17\/vardir\/#article\",\"isPartOf\":{\"@id\":\"https:\/\/narteks.net\/index.php\/2010\/03\/17\/vardir\/\"},\"author\":{\"name\":\"Tar\u0131k\",\"@id\":\"https:\/\/narteks.net\/#\/schema\/person\/61f37d9834294b72d31d274e7ed79bca\"},\"headline\":\"VARDIR\",\"datePublished\":\"2010-03-17T12:01:28+00:00\",\"mainEntityOfPage\":{\"@id\":\"https:\/\/narteks.net\/index.php\/2010\/03\/17\/vardir\/\"},\"wordCount\":89,\"commentCount\":0,\"publisher\":{\"@id\":\"https:\/\/narteks.net\/#organization\"},\"articleSection\":[\"Edip HARAB\u0130\"],\"inLanguage\":\"tr\",\"potentialAction\":[{\"@type\":\"CommentAction\",\"name\":\"Comment\",\"target\":[\"https:\/\/narteks.net\/index.php\/2010\/03\/17\/vardir\/#respond\"]}]},{\"@type\":\"WebPage\",\"@id\":\"https:\/\/narteks.net\/index.php\/2010\/03\/17\/vardir\/\",\"url\":\"https:\/\/narteks.net\/index.php\/2010\/03\/17\/vardir\/\",\"name\":\"VARDIR - narteks.net\",\"isPartOf\":{\"@id\":\"https:\/\/narteks.net\/#website\"},\"datePublished\":\"2010-03-17T12:01:28+00:00\",\"breadcrumb\":{\"@id\":\"https:\/\/narteks.net\/index.php\/2010\/03\/17\/vardir\/#breadcrumb\"},\"inLanguage\":\"tr\",\"potentialAction\":[{\"@type\":\"ReadAction\",\"target\":[\"https:\/\/narteks.net\/index.php\/2010\/03\/17\/vardir\/\"]}]},{\"@type\":\"BreadcrumbList\",\"@id\":\"https:\/\/narteks.net\/index.php\/2010\/03\/17\/vardir\/#breadcrumb\",\"itemListElement\":[{\"@type\":\"ListItem\",\"position\":1,\"name\":\"Anasayfa\",\"item\":\"https:\/\/narteks.net\/\"},{\"@type\":\"ListItem\",\"position\":2,\"name\":\"VARDIR\"}]},{\"@type\":\"WebSite\",\"@id\":\"https:\/\/narteks.net\/#website\",\"url\":\"https:\/\/narteks.net\/\",\"name\":\"narteks.net\",\"description\":\"K\u00fclt\u00fcr Sanat Edebiyat Felsefe\",\"publisher\":{\"@id\":\"https:\/\/narteks.net\/#organization\"},\"alternateName\":\"K\u00fclt\u00fcr Sanat Edebiyat Felsefe\",\"potentialAction\":[{\"@type\":\"SearchAction\",\"target\":{\"@type\":\"EntryPoint\",\"urlTemplate\":\"https:\/\/narteks.net\/?s={search_term_string}\"},\"query-input\":{\"@type\":\"PropertyValueSpecification\",\"valueRequired\":true,\"valueName\":\"search_term_string\"}}],\"inLanguage\":\"tr\"},{\"@type\":\"Organization\",\"@id\":\"https:\/\/narteks.net\/#organization\",\"name\":\"narteks.net\",\"url\":\"https:\/\/narteks.net\/\",\"logo\":{\"@type\":\"ImageObject\",\"inLanguage\":\"tr\",\"@id\":\"https:\/\/narteks.net\/#\/schema\/logo\/image\/\",\"url\":\"https:\/\/narteks.net\/wp-content\/uploads\/narteks.png\",\"contentUrl\":\"https:\/\/narteks.net\/wp-content\/uploads\/narteks.png\",\"width\":300,\"height\":90,\"caption\":\"narteks.net\"},\"image\":{\"@id\":\"https:\/\/narteks.net\/#\/schema\/logo\/image\/\"},\"sameAs\":[\"https:\/\/x.com\/narteks\",\"https:\/\/instagram.com\/narteksnet\"]},{\"@type\":\"Person\",\"@id\":\"https:\/\/narteks.net\/#\/schema\/person\/61f37d9834294b72d31d274e7ed79bca\",\"name\":\"Tar\u0131k\",\"image\":{\"@type\":\"ImageObject\",\"inLanguage\":\"tr\",\"@id\":\"https:\/\/narteks.net\/#\/schema\/person\/image\/\",\"url\":\"https:\/\/secure.gravatar.com\/avatar\/50865afb55632c4ae467e0af0930f6510aa2297d8014be502a55b14f3b7550cf?s=96&d=mm&r=g\",\"contentUrl\":\"https:\/\/secure.gravatar.com\/avatar\/50865afb55632c4ae467e0af0930f6510aa2297d8014be502a55b14f3b7550cf?s=96&d=mm&r=g\",\"caption\":\"Tar\u0131k\"},\"sameAs\":[\"http:\/\/narteks.net\"],\"url\":\"https:\/\/narteks.net\/index.php\/author\/narbak\/\"}]}<\/script>\n<!-- \/ Yoast SEO Premium plugin. -->","yoast_head_json":{"title":"VARDIR - narteks.net","robots":{"index":"index","follow":"follow","max-snippet":"max-snippet:-1","max-image-preview":"max-image-preview:large","max-video-preview":"max-video-preview:-1"},"canonical":"https:\/\/narteks.net\/index.php\/2010\/03\/17\/vardir\/","og_locale":"tr_TR","og_type":"article","og_title":"VARDIR","og_description":"\u00a0 Cahiller \u00e7ekemez ehli kemaliZira s\u00f6zlerinin hikmeti vard\u0131rNas\u0131l anlatay\u0131m bilmem bu haliEhli dilin \u015fan u \u015f\u00f6hreti vard\u0131r V\u00fccudu m\u00fcrdemi kamil \u00fc irfanS\u0131zd\u0131r\u0131lm\u0131\u015f alt\u0131n gibidir her anHer nereye gitse olsa numayan\u0130tibar ederler k\u0131ymeti vard\u0131r Kamillerin ilm \u00fc irfan\u0131 malumAkl\u0131 fikri fazl\u0131 irfan\u0131 malumS\u00f6z\u00fc \u00f6z\u00fc do\u011fru vicdan\u0131 malumHer m\u00fc\u015fk\u00fcli halle kudreti vard\u0131r Bir insan cahil \u00fc nadan [&hellip;]","og_url":"https:\/\/narteks.net\/index.php\/2010\/03\/17\/vardir\/","og_site_name":"narteks.net","article_published_time":"2010-03-17T12:01:28+00:00","og_image":[{"width":300,"height":90,"url":"https:\/\/narteks.net\/wp-content\/uploads\/narteks.png","type":"image\/png"}],"author":"Tar\u0131k","twitter_card":"summary_large_image","twitter_creator":"@narteks","twitter_site":"@narteks","twitter_misc":{"Yazan:":"Tar\u0131k"},"schema":{"@context":"https:\/\/schema.org","@graph":[{"@type":"Article","@id":"https:\/\/narteks.net\/index.php\/2010\/03\/17\/vardir\/#article","isPartOf":{"@id":"https:\/\/narteks.net\/index.php\/2010\/03\/17\/vardir\/"},"author":{"name":"Tar\u0131k","@id":"https:\/\/narteks.net\/#\/schema\/person\/61f37d9834294b72d31d274e7ed79bca"},"headline":"VARDIR","datePublished":"2010-03-17T12:01:28+00:00","mainEntityOfPage":{"@id":"https:\/\/narteks.net\/index.php\/2010\/03\/17\/vardir\/"},"wordCount":89,"commentCount":0,"publisher":{"@id":"https:\/\/narteks.net\/#organization"},"articleSection":["Edip HARAB\u0130"],"inLanguage":"tr","potentialAction":[{"@type":"CommentAction","name":"Comment","target":["https:\/\/narteks.net\/index.php\/2010\/03\/17\/vardir\/#respond"]}]},{"@type":"WebPage","@id":"https:\/\/narteks.net\/index.php\/2010\/03\/17\/vardir\/","url":"https:\/\/narteks.net\/index.php\/2010\/03\/17\/vardir\/","name":"VARDIR - narteks.net","isPartOf":{"@id":"https:\/\/narteks.net\/#website"},"datePublished":"2010-03-17T12:01:28+00:00","breadcrumb":{"@id":"https:\/\/narteks.net\/index.php\/2010\/03\/17\/vardir\/#breadcrumb"},"inLanguage":"tr","potentialAction":[{"@type":"ReadAction","target":["https:\/\/narteks.net\/index.php\/2010\/03\/17\/vardir\/"]}]},{"@type":"BreadcrumbList","@id":"https:\/\/narteks.net\/index.php\/2010\/03\/17\/vardir\/#breadcrumb","itemListElement":[{"@type":"ListItem","position":1,"name":"Anasayfa","item":"https:\/\/narteks.net\/"},{"@type":"ListItem","position":2,"name":"VARDIR"}]},{"@type":"WebSite","@id":"https:\/\/narteks.net\/#website","url":"https:\/\/narteks.net\/","name":"narteks.net","description":"K\u00fclt\u00fcr Sanat Edebiyat Felsefe","publisher":{"@id":"https:\/\/narteks.net\/#organization"},"alternateName":"K\u00fclt\u00fcr Sanat Edebiyat Felsefe","potentialAction":[{"@type":"SearchAction","target":{"@type":"EntryPoint","urlTemplate":"https:\/\/narteks.net\/?s={search_term_string}"},"query-input":{"@type":"PropertyValueSpecification","valueRequired":true,"valueName":"search_term_string"}}],"inLanguage":"tr"},{"@type":"Organization","@id":"https:\/\/narteks.net\/#organization","name":"narteks.net","url":"https:\/\/narteks.net\/","logo":{"@type":"ImageObject","inLanguage":"tr","@id":"https:\/\/narteks.net\/#\/schema\/logo\/image\/","url":"https:\/\/narteks.net\/wp-content\/uploads\/narteks.png","contentUrl":"https:\/\/narteks.net\/wp-content\/uploads\/narteks.png","width":300,"height":90,"caption":"narteks.net"},"image":{"@id":"https:\/\/narteks.net\/#\/schema\/logo\/image\/"},"sameAs":["https:\/\/x.com\/narteks","https:\/\/instagram.com\/narteksnet"]},{"@type":"Person","@id":"https:\/\/narteks.net\/#\/schema\/person\/61f37d9834294b72d31d274e7ed79bca","name":"Tar\u0131k","image":{"@type":"ImageObject","inLanguage":"tr","@id":"https:\/\/narteks.net\/#\/schema\/person\/image\/","url":"https:\/\/secure.gravatar.com\/avatar\/50865afb55632c4ae467e0af0930f6510aa2297d8014be502a55b14f3b7550cf?s=96&d=mm&r=g","contentUrl":"https:\/\/secure.gravatar.com\/avatar\/50865afb55632c4ae467e0af0930f6510aa2297d8014be502a55b14f3b7550cf?s=96&d=mm&r=g","caption":"Tar\u0131k"},"sameAs":["http:\/\/narteks.net"],"url":"https:\/\/narteks.net\/index.php\/author\/narbak\/"}]}},"_links":{"self":[{"href":"https:\/\/narteks.net\/index.php\/wp-json\/wp\/v2\/posts\/4356","targetHints":{"allow":["GET"]}}],"collection":[{"href":"https:\/\/narteks.net\/index.php\/wp-json\/wp\/v2\/posts"}],"about":[{"href":"https:\/\/narteks.net\/index.php\/wp-json\/wp\/v2\/types\/post"}],"author":[{"embeddable":true,"href":"https:\/\/narteks.net\/index.php\/wp-json\/wp\/v2\/users\/1"}],"replies":[{"embeddable":true,"href":"https:\/\/narteks.net\/index.php\/wp-json\/wp\/v2\/comments?post=4356"}],"version-history":[{"count":0,"href":"https:\/\/narteks.net\/index.php\/wp-json\/wp\/v2\/posts\/4356\/revisions"}],"wp:attachment":[{"href":"https:\/\/narteks.net\/index.php\/wp-json\/wp\/v2\/media?parent=4356"}],"wp:term":[{"taxonomy":"category","embeddable":true,"href":"https:\/\/narteks.net\/index.php\/wp-json\/wp\/v2\/categories?post=4356"},{"taxonomy":"post_tag","embeddable":true,"href":"https:\/\/narteks.net\/index.php\/wp-json\/wp\/v2\/tags?post=4356"}],"curies":[{"name":"wp","href":"https:\/\/api.w.org\/{rel}","templated":true}]}}