{"id":436,"date":"2009-03-13T14:28:40","date_gmt":"2009-03-13T11:28:40","guid":{"rendered":"http:\/\/localhost\/wordpress\/2009\/03\/13\/katircioglu\/"},"modified":"2009-03-13T14:28:40","modified_gmt":"2009-03-13T11:28:40","slug":"katircioglu","status":"publish","type":"post","link":"https:\/\/narteks.net\/index.php\/2009\/03\/13\/katircioglu\/","title":{"rendered":"Kat\u0131rc\u0131o\u011flu"},"content":{"rendered":"<p style=\"text-align: justify;\"><span style=\"font-size: 14pt;\"><strong>Kat\u0131rc\u0131o\u011flu<\/strong><\/span><\/p>\n<p>Ni\u011fde&#8217;li mahalli sanat\u00e7\u0131 Ali ERCAN &#8220;Kara Ka\u015f G\u00f6zlerin Elmas ve Ni\u011fde T\u00fcrk\u00fcleri&#8221; adl\u0131 kitab\u0131nda t\u00fcrk\u00fcn\u00fcn hikayesini \u015f\u00f6yle anlatmaktad\u0131r.<\/p>\n<p>&#8220;Bu s\u00fclalede 65 sene evvel \u00e7ok gen\u00e7 ve yak\u0131\u015f\u0131kl\u0131 babayi\u011fitli\u011fi de Ni\u011fde&#8217;nin dilinde olan bir pehlivan var imi\u015f. Bu pehlivan\u0131n ismi Murtaza, Yedi \u00e7erilikte bir zahire \u00e7uval\u0131n\u0131 s\u0131rt\u0131na ald\u0131\u011f\u0131 zaman Al\u00e2attin Camii&#8217;ne \u00e7\u0131kar ve inermi\u015f. Esas sanat\u0131 f\u0131r\u0131nc\u0131l\u0131k olan Murtaza arkada\u015flar\u0131 aras\u0131nda bu bahsi her zaman kazan\u0131rm\u0131\u015f. <\/p>\n<p>Bu y\u00fczden arkada\u015flar\u0131 Murtaza&#8217; y\u0131 \u00e7ekememi\u015f ve nihayet bir g\u00fcn kalle\u015f\u00e7e S\u0131rali mahallesinin dar bir soka\u011f\u0131nda b\u0131\u00e7aklayarak \u00f6ld\u00fcrm\u00fc\u015fler. Bu olay\u0131n hikayesini bu g\u00fcn i\u00e7in hayatta olan ve K\u0131\u011fl\u0131 Camii ge\u00e7idinde kuru kahvecilik yapan Murtaza Kat\u0131rc\u0131o\u011flu bana \u015f\u00f6yle anlatt\u0131:<\/p>\n<p>Merhum Murtaza, amca zademin o\u011flu olup o \u00f6ld\u00fckten sonra onun ismini bana takm\u0131\u015flar. Amcam\u0131n o\u011flu bir g\u00fcn oturak aleminde bulunuyor. Bilindi\u011fi \u00fczere eski oturak alemlerinde tenekelerle rak\u0131, k\u00fcplerle \u015farap i\u00e7ilir,bir iki kad\u0131nla beraber ba\u011f evlerinde ,kelerlerde \u0131\u015f\u0131klar\u0131 \u00e7am ve bezir \u00e7\u0131ras\u0131 e\u011flencelere devem ederlermi\u015f. B\u00f6yle bir e\u011flencede bir g\u00fcn Murtaza da bulunuyor. Kalabal\u0131k i\u00e7erisinde en gen\u00e7 ve en yak\u0131\u015f\u0131kl\u0131 babayi\u011fit olan Murtaza&#8217; ya o alemdeki kad\u0131nlardan biri a\u015f\u0131k oluyor. Gerek k\u0131skan\u00e7l\u0131k, gerekse Murtaza&#8217;n\u0131n babayi\u011fitli\u011fini \u00e7ekememezlik ba\u015f g\u00f6steriyor ve o zaman\u0131n gen\u00e7leri aralar\u0131nda Murtaza&#8217;n\u0131n me\u00e7hul bir ki\u015fi taraf\u0131ndan \u00f6ld\u00fcr\u00fclmesine karar veriyorlar. Yukar\u0131da dedi\u011fimiz gibi, g\u00fcn\u00fcn birinde S\u0131rali mahallesinde \u015eakir A\u011fa&#8217;n\u0131n evinin kar\u015f\u0131s\u0131ndaki karanl\u0131k bir soka\u011fa pusu kuruyorlar ve bir b\u0131\u00e7ak darbesiyle ba\u011f\u0131rsaklar\u0131 yere d\u00f6k\u00fcl\u00fcyor. O halinde Murtaza ba\u011f\u0131rsaklar\u0131n\u0131 kucaklay\u0131p demir kap\u0131ya kadar o vaziyette gidiyor ve orada d\u00fc\u015f\u00fcyor. Tesad\u00fcf olacak ya bu olaydan bir g\u00fcn evvel Haf\u0131z \u0130zzet isminde bir \u015fah\u0131s a\u011fz\u0131ndan bir laf ka\u00e7\u0131rarak b\u00fct\u00fcn e\u015fine dostuna yar\u0131n cenaze namaz\u0131na buyurun diyor. Esas\u0131nda Haf\u0131z \u0130zzet&#8217; in Murtaza&#8217;n\u0131n \u00f6l\u00fcm\u00fc hakk\u0131nda hi\u00e7bir ilgisi yokmu\u015f ve dilinin c\u00fcr\u00fcm\u00fc i\u00e7in de 15 sene hapis yatm\u0131\u015f. Zaman\u0131n a\u015f\u0131klar\u0131ndan birisi de bu olay \u00fczerine Kat\u0131rc\u0131o\u011flu Bozla\u011f\u0131&#8217;n\u0131 yakm\u0131\u015f.&#8221; <\/p>\n<p>Kaynak:<br \/>ERCAN, Ali, Kara Ka\u015f G\u00f6zlerin Elmas <br \/>ve Ni\u011fde T\u00fcrk\u00fcleri,s.32, 33, Ni\u011fde \u0130l Bas\u0131m Evi, Ni\u011fde, 1965<\/p>\n<p>\u00d6\u011frt. G\u00f6r. Hakan Taty\u00fcz<\/p>\n","protected":false},"excerpt":{"rendered":"<p>Kat\u0131rc\u0131o\u011flu Ni\u011fde&#8217;li mahalli sanat\u00e7\u0131 Ali ERCAN &#8220;Kara Ka\u015f G\u00f6zlerin Elmas ve Ni\u011fde T\u00fcrk\u00fcleri&#8221; adl\u0131 kitab\u0131nda t\u00fcrk\u00fcn\u00fcn hikayesini \u015f\u00f6yle anlatmaktad\u0131r. &#8220;Bu s\u00fclalede 65 sene evvel \u00e7ok gen\u00e7 ve yak\u0131\u015f\u0131kl\u0131 babayi\u011fitli\u011fi de Ni\u011fde&#8217;nin dilinde olan bir pehlivan var imi\u015f. Bu pehlivan\u0131n ismi Murtaza, Yedi \u00e7erilikte bir zahire \u00e7uval\u0131n\u0131 s\u0131rt\u0131na ald\u0131\u011f\u0131 zaman Al\u00e2attin Camii&#8217;ne \u00e7\u0131kar ve inermi\u015f. Esas [&hellip;]<\/p>\n","protected":false},"author":1,"featured_media":0,"comment_status":"open","ping_status":"open","sticky":false,"template":"","format":"standard","meta":{"footnotes":""},"categories":[55],"tags":[],"class_list":{"0":"post-436","1":"post","2":"type-post","3":"status-publish","4":"format-standard","6":"category-oykuleriyle-turkuler"},"yoast_head":"<!-- This site is optimized with the Yoast SEO Premium plugin v24.9 (Yoast SEO v24.9) - https:\/\/yoast.com\/wordpress\/plugins\/seo\/ -->\n<title>Kat\u0131rc\u0131o\u011flu - narteks.net<\/title>\n<meta name=\"robots\" content=\"index, follow, max-snippet:-1, max-image-preview:large, max-video-preview:-1\" \/>\n<link rel=\"canonical\" href=\"https:\/\/narteks.net\/index.php\/2009\/03\/13\/katircioglu\/\" \/>\n<meta property=\"og:locale\" content=\"tr_TR\" \/>\n<meta property=\"og:type\" content=\"article\" \/>\n<meta property=\"og:title\" content=\"Kat\u0131rc\u0131o\u011flu\" \/>\n<meta property=\"og:description\" content=\"Kat\u0131rc\u0131o\u011flu Ni\u011fde&#8217;li mahalli sanat\u00e7\u0131 Ali ERCAN &#8220;Kara Ka\u015f G\u00f6zlerin Elmas ve Ni\u011fde T\u00fcrk\u00fcleri&#8221; adl\u0131 kitab\u0131nda t\u00fcrk\u00fcn\u00fcn hikayesini \u015f\u00f6yle anlatmaktad\u0131r. &#8220;Bu s\u00fclalede 65 sene evvel \u00e7ok gen\u00e7 ve yak\u0131\u015f\u0131kl\u0131 babayi\u011fitli\u011fi de Ni\u011fde&#8217;nin dilinde olan bir pehlivan var imi\u015f. Bu pehlivan\u0131n ismi Murtaza, Yedi \u00e7erilikte bir zahire \u00e7uval\u0131n\u0131 s\u0131rt\u0131na ald\u0131\u011f\u0131 zaman Al\u00e2attin Camii&#8217;ne \u00e7\u0131kar ve inermi\u015f. Esas [&hellip;]\" \/>\n<meta property=\"og:url\" content=\"https:\/\/narteks.net\/index.php\/2009\/03\/13\/katircioglu\/\" \/>\n<meta property=\"og:site_name\" content=\"narteks.net\" \/>\n<meta property=\"article:published_time\" content=\"2009-03-13T11:28:40+00:00\" \/>\n<meta property=\"og:image\" content=\"https:\/\/narteks.net\/wp-content\/uploads\/narteks.png\" \/>\n\t<meta property=\"og:image:width\" content=\"300\" \/>\n\t<meta property=\"og:image:height\" content=\"90\" \/>\n\t<meta property=\"og:image:type\" content=\"image\/png\" \/>\n<meta name=\"author\" content=\"Tar\u0131k\" \/>\n<meta name=\"twitter:card\" content=\"summary_large_image\" \/>\n<meta name=\"twitter:creator\" content=\"@narteks\" \/>\n<meta name=\"twitter:site\" content=\"@narteks\" \/>\n<meta name=\"twitter:label1\" content=\"Yazan:\" \/>\n\t<meta name=\"twitter:data1\" content=\"Tar\u0131k\" \/>\n\t<meta name=\"twitter:label2\" content=\"Tahmini okuma s\u00fcresi\" \/>\n\t<meta name=\"twitter:data2\" content=\"2 dakika\" \/>\n<script type=\"application\/ld+json\" class=\"yoast-schema-graph\">{\"@context\":\"https:\/\/schema.org\",\"@graph\":[{\"@type\":\"Article\",\"@id\":\"https:\/\/narteks.net\/index.php\/2009\/03\/13\/katircioglu\/#article\",\"isPartOf\":{\"@id\":\"https:\/\/narteks.net\/index.php\/2009\/03\/13\/katircioglu\/\"},\"author\":{\"name\":\"Tar\u0131k\",\"@id\":\"https:\/\/narteks.net\/#\/schema\/person\/61f37d9834294b72d31d274e7ed79bca\"},\"headline\":\"Kat\u0131rc\u0131o\u011flu\",\"datePublished\":\"2009-03-13T11:28:40+00:00\",\"mainEntityOfPage\":{\"@id\":\"https:\/\/narteks.net\/index.php\/2009\/03\/13\/katircioglu\/\"},\"wordCount\":449,\"commentCount\":0,\"publisher\":{\"@id\":\"https:\/\/narteks.net\/#organization\"},\"articleSection\":[\"\u00d6yk\u00fcleriyle T\u00fcrk\u00fcler\"],\"inLanguage\":\"tr\",\"potentialAction\":[{\"@type\":\"CommentAction\",\"name\":\"Comment\",\"target\":[\"https:\/\/narteks.net\/index.php\/2009\/03\/13\/katircioglu\/#respond\"]}]},{\"@type\":\"WebPage\",\"@id\":\"https:\/\/narteks.net\/index.php\/2009\/03\/13\/katircioglu\/\",\"url\":\"https:\/\/narteks.net\/index.php\/2009\/03\/13\/katircioglu\/\",\"name\":\"Kat\u0131rc\u0131o\u011flu - narteks.net\",\"isPartOf\":{\"@id\":\"https:\/\/narteks.net\/#website\"},\"datePublished\":\"2009-03-13T11:28:40+00:00\",\"breadcrumb\":{\"@id\":\"https:\/\/narteks.net\/index.php\/2009\/03\/13\/katircioglu\/#breadcrumb\"},\"inLanguage\":\"tr\",\"potentialAction\":[{\"@type\":\"ReadAction\",\"target\":[\"https:\/\/narteks.net\/index.php\/2009\/03\/13\/katircioglu\/\"]}]},{\"@type\":\"BreadcrumbList\",\"@id\":\"https:\/\/narteks.net\/index.php\/2009\/03\/13\/katircioglu\/#breadcrumb\",\"itemListElement\":[{\"@type\":\"ListItem\",\"position\":1,\"name\":\"Anasayfa\",\"item\":\"https:\/\/narteks.net\/\"},{\"@type\":\"ListItem\",\"position\":2,\"name\":\"Kat\u0131rc\u0131o\u011flu\"}]},{\"@type\":\"WebSite\",\"@id\":\"https:\/\/narteks.net\/#website\",\"url\":\"https:\/\/narteks.net\/\",\"name\":\"narteks.net\",\"description\":\"K\u00fclt\u00fcr Sanat Edebiyat Felsefe\",\"publisher\":{\"@id\":\"https:\/\/narteks.net\/#organization\"},\"alternateName\":\"K\u00fclt\u00fcr Sanat Edebiyat Felsefe\",\"potentialAction\":[{\"@type\":\"SearchAction\",\"target\":{\"@type\":\"EntryPoint\",\"urlTemplate\":\"https:\/\/narteks.net\/?s={search_term_string}\"},\"query-input\":{\"@type\":\"PropertyValueSpecification\",\"valueRequired\":true,\"valueName\":\"search_term_string\"}}],\"inLanguage\":\"tr\"},{\"@type\":\"Organization\",\"@id\":\"https:\/\/narteks.net\/#organization\",\"name\":\"narteks.net\",\"url\":\"https:\/\/narteks.net\/\",\"logo\":{\"@type\":\"ImageObject\",\"inLanguage\":\"tr\",\"@id\":\"https:\/\/narteks.net\/#\/schema\/logo\/image\/\",\"url\":\"https:\/\/narteks.net\/wp-content\/uploads\/narteks.png\",\"contentUrl\":\"https:\/\/narteks.net\/wp-content\/uploads\/narteks.png\",\"width\":300,\"height\":90,\"caption\":\"narteks.net\"},\"image\":{\"@id\":\"https:\/\/narteks.net\/#\/schema\/logo\/image\/\"},\"sameAs\":[\"https:\/\/x.com\/narteks\",\"https:\/\/instagram.com\/narteksnet\"]},{\"@type\":\"Person\",\"@id\":\"https:\/\/narteks.net\/#\/schema\/person\/61f37d9834294b72d31d274e7ed79bca\",\"name\":\"Tar\u0131k\",\"image\":{\"@type\":\"ImageObject\",\"inLanguage\":\"tr\",\"@id\":\"https:\/\/narteks.net\/#\/schema\/person\/image\/\",\"url\":\"https:\/\/secure.gravatar.com\/avatar\/50865afb55632c4ae467e0af0930f6510aa2297d8014be502a55b14f3b7550cf?s=96&d=mm&r=g\",\"contentUrl\":\"https:\/\/secure.gravatar.com\/avatar\/50865afb55632c4ae467e0af0930f6510aa2297d8014be502a55b14f3b7550cf?s=96&d=mm&r=g\",\"caption\":\"Tar\u0131k\"},\"sameAs\":[\"http:\/\/narteks.net\"],\"url\":\"https:\/\/narteks.net\/index.php\/author\/narbak\/\"}]}<\/script>\n<!-- \/ Yoast SEO Premium plugin. -->","yoast_head_json":{"title":"Kat\u0131rc\u0131o\u011flu - narteks.net","robots":{"index":"index","follow":"follow","max-snippet":"max-snippet:-1","max-image-preview":"max-image-preview:large","max-video-preview":"max-video-preview:-1"},"canonical":"https:\/\/narteks.net\/index.php\/2009\/03\/13\/katircioglu\/","og_locale":"tr_TR","og_type":"article","og_title":"Kat\u0131rc\u0131o\u011flu","og_description":"Kat\u0131rc\u0131o\u011flu Ni\u011fde&#8217;li mahalli sanat\u00e7\u0131 Ali ERCAN &#8220;Kara Ka\u015f G\u00f6zlerin Elmas ve Ni\u011fde T\u00fcrk\u00fcleri&#8221; adl\u0131 kitab\u0131nda t\u00fcrk\u00fcn\u00fcn hikayesini \u015f\u00f6yle anlatmaktad\u0131r. &#8220;Bu s\u00fclalede 65 sene evvel \u00e7ok gen\u00e7 ve yak\u0131\u015f\u0131kl\u0131 babayi\u011fitli\u011fi de Ni\u011fde&#8217;nin dilinde olan bir pehlivan var imi\u015f. Bu pehlivan\u0131n ismi Murtaza, Yedi \u00e7erilikte bir zahire \u00e7uval\u0131n\u0131 s\u0131rt\u0131na ald\u0131\u011f\u0131 zaman Al\u00e2attin Camii&#8217;ne \u00e7\u0131kar ve inermi\u015f. Esas [&hellip;]","og_url":"https:\/\/narteks.net\/index.php\/2009\/03\/13\/katircioglu\/","og_site_name":"narteks.net","article_published_time":"2009-03-13T11:28:40+00:00","og_image":[{"width":300,"height":90,"url":"https:\/\/narteks.net\/wp-content\/uploads\/narteks.png","type":"image\/png"}],"author":"Tar\u0131k","twitter_card":"summary_large_image","twitter_creator":"@narteks","twitter_site":"@narteks","twitter_misc":{"Yazan:":"Tar\u0131k","Tahmini okuma s\u00fcresi":"2 dakika"},"schema":{"@context":"https:\/\/schema.org","@graph":[{"@type":"Article","@id":"https:\/\/narteks.net\/index.php\/2009\/03\/13\/katircioglu\/#article","isPartOf":{"@id":"https:\/\/narteks.net\/index.php\/2009\/03\/13\/katircioglu\/"},"author":{"name":"Tar\u0131k","@id":"https:\/\/narteks.net\/#\/schema\/person\/61f37d9834294b72d31d274e7ed79bca"},"headline":"Kat\u0131rc\u0131o\u011flu","datePublished":"2009-03-13T11:28:40+00:00","mainEntityOfPage":{"@id":"https:\/\/narteks.net\/index.php\/2009\/03\/13\/katircioglu\/"},"wordCount":449,"commentCount":0,"publisher":{"@id":"https:\/\/narteks.net\/#organization"},"articleSection":["\u00d6yk\u00fcleriyle T\u00fcrk\u00fcler"],"inLanguage":"tr","potentialAction":[{"@type":"CommentAction","name":"Comment","target":["https:\/\/narteks.net\/index.php\/2009\/03\/13\/katircioglu\/#respond"]}]},{"@type":"WebPage","@id":"https:\/\/narteks.net\/index.php\/2009\/03\/13\/katircioglu\/","url":"https:\/\/narteks.net\/index.php\/2009\/03\/13\/katircioglu\/","name":"Kat\u0131rc\u0131o\u011flu - narteks.net","isPartOf":{"@id":"https:\/\/narteks.net\/#website"},"datePublished":"2009-03-13T11:28:40+00:00","breadcrumb":{"@id":"https:\/\/narteks.net\/index.php\/2009\/03\/13\/katircioglu\/#breadcrumb"},"inLanguage":"tr","potentialAction":[{"@type":"ReadAction","target":["https:\/\/narteks.net\/index.php\/2009\/03\/13\/katircioglu\/"]}]},{"@type":"BreadcrumbList","@id":"https:\/\/narteks.net\/index.php\/2009\/03\/13\/katircioglu\/#breadcrumb","itemListElement":[{"@type":"ListItem","position":1,"name":"Anasayfa","item":"https:\/\/narteks.net\/"},{"@type":"ListItem","position":2,"name":"Kat\u0131rc\u0131o\u011flu"}]},{"@type":"WebSite","@id":"https:\/\/narteks.net\/#website","url":"https:\/\/narteks.net\/","name":"narteks.net","description":"K\u00fclt\u00fcr Sanat Edebiyat Felsefe","publisher":{"@id":"https:\/\/narteks.net\/#organization"},"alternateName":"K\u00fclt\u00fcr Sanat Edebiyat Felsefe","potentialAction":[{"@type":"SearchAction","target":{"@type":"EntryPoint","urlTemplate":"https:\/\/narteks.net\/?s={search_term_string}"},"query-input":{"@type":"PropertyValueSpecification","valueRequired":true,"valueName":"search_term_string"}}],"inLanguage":"tr"},{"@type":"Organization","@id":"https:\/\/narteks.net\/#organization","name":"narteks.net","url":"https:\/\/narteks.net\/","logo":{"@type":"ImageObject","inLanguage":"tr","@id":"https:\/\/narteks.net\/#\/schema\/logo\/image\/","url":"https:\/\/narteks.net\/wp-content\/uploads\/narteks.png","contentUrl":"https:\/\/narteks.net\/wp-content\/uploads\/narteks.png","width":300,"height":90,"caption":"narteks.net"},"image":{"@id":"https:\/\/narteks.net\/#\/schema\/logo\/image\/"},"sameAs":["https:\/\/x.com\/narteks","https:\/\/instagram.com\/narteksnet"]},{"@type":"Person","@id":"https:\/\/narteks.net\/#\/schema\/person\/61f37d9834294b72d31d274e7ed79bca","name":"Tar\u0131k","image":{"@type":"ImageObject","inLanguage":"tr","@id":"https:\/\/narteks.net\/#\/schema\/person\/image\/","url":"https:\/\/secure.gravatar.com\/avatar\/50865afb55632c4ae467e0af0930f6510aa2297d8014be502a55b14f3b7550cf?s=96&d=mm&r=g","contentUrl":"https:\/\/secure.gravatar.com\/avatar\/50865afb55632c4ae467e0af0930f6510aa2297d8014be502a55b14f3b7550cf?s=96&d=mm&r=g","caption":"Tar\u0131k"},"sameAs":["http:\/\/narteks.net"],"url":"https:\/\/narteks.net\/index.php\/author\/narbak\/"}]}},"_links":{"self":[{"href":"https:\/\/narteks.net\/index.php\/wp-json\/wp\/v2\/posts\/436","targetHints":{"allow":["GET"]}}],"collection":[{"href":"https:\/\/narteks.net\/index.php\/wp-json\/wp\/v2\/posts"}],"about":[{"href":"https:\/\/narteks.net\/index.php\/wp-json\/wp\/v2\/types\/post"}],"author":[{"embeddable":true,"href":"https:\/\/narteks.net\/index.php\/wp-json\/wp\/v2\/users\/1"}],"replies":[{"embeddable":true,"href":"https:\/\/narteks.net\/index.php\/wp-json\/wp\/v2\/comments?post=436"}],"version-history":[{"count":0,"href":"https:\/\/narteks.net\/index.php\/wp-json\/wp\/v2\/posts\/436\/revisions"}],"wp:attachment":[{"href":"https:\/\/narteks.net\/index.php\/wp-json\/wp\/v2\/media?parent=436"}],"wp:term":[{"taxonomy":"category","embeddable":true,"href":"https:\/\/narteks.net\/index.php\/wp-json\/wp\/v2\/categories?post=436"},{"taxonomy":"post_tag","embeddable":true,"href":"https:\/\/narteks.net\/index.php\/wp-json\/wp\/v2\/tags?post=436"}],"curies":[{"name":"wp","href":"https:\/\/api.w.org\/{rel}","templated":true}]}}