{"id":4362,"date":"2010-03-17T15:05:11","date_gmt":"2010-03-17T12:05:11","guid":{"rendered":"http:\/\/localhost\/wordpress\/2010\/03\/17\/kerbela-mersiyesi-1\/"},"modified":"2010-03-17T15:05:11","modified_gmt":"2010-03-17T12:05:11","slug":"kerbela-mersiyesi-1","status":"publish","type":"post","link":"https:\/\/narteks.net\/index.php\/2010\/03\/17\/kerbela-mersiyesi-1\/","title":{"rendered":"KERBELA MERS\u0130YES\u0130 1"},"content":{"rendered":"<p>\u00a0<\/p>\n<p>Etmeyip \u015eah-\u0131 Peygamber&#8217;den haya Hak&#8217;tan hazer<br \/>Kufiyan-\u0131 bi-vefalar nakz-\u0131 ahd etmi\u015f me\u011fer<br \/>Kurret&#8217;\u00fcl ayn-\u0131 Resul&#8217;\u00fc eylemi\u015fler derbeder<br \/>Var ise gel hat\u0131r-\u0131 \u015eah-\u0131 Resulullah me\u011fer<\/p>\n<p>Ey saba var Kerbela de\u015ftinden eyle bir g\u00fczer<br \/>Ver bize lutfet H\u00fcseyin ibn-i Ali&#8217;den bir haber<\/p>\n<p>Te\u015fnegane k\u0131l nazar bir katre su bulmu\u015f mudur<br \/>G\u00fclistan-\u0131 Ahmed-i Muhtar&#8217;\u0131 g\u00f6r solmu\u015f mudur<br \/>Kerbela topra\u011f\u0131 hep al kan ile dolmu\u015f mudur<br \/>Bul H\u00fcseyn-i Kerbela&#8217;y\u0131 bak \u015fehid olmu\u015f mudur<\/p>\n<p>Ey saba var Kerbela de\u015ftinden eyle bir g\u00fczer<br \/>Ver bize lutfet H\u00fcseyin ibn-i Ali&#8217;den bir haber<\/p>\n<p>K\u0131rd\u0131lar m\u0131 G\u00fclbang-i \u015eah-\u0131 Nebi&#8217;nin dalini<br \/>Kestiler mi ol Aliyyel Murteza&#8217;n\u0131n palini<br \/>Hi\u00e7 soran var m\u0131 gariban\u0131n ahvalini<br \/>Eyle tahkik hanedan-\u0131 Ehl-i Beyt&#8217;in halini<\/p>\n<p>Ey saba var Kerbela de\u015ftinden eyle bir g\u00fczer<br \/>Ver bize lutfet H\u00fcseyin ibn-i Ali&#8217;den bir haber<\/p>\n<p>Gel yetimler haline rahmet H\u00fcda&#8217;n\u0131n a\u015fk\u0131na<br \/>Sad\u0131k&#8217;ul va&#8217;d\u00fcl emin ol Mustafa&#8217;n\u0131n a\u015fk\u0131na<br \/>Fatih-i Hayber Aliyyel Murteza&#8217;n\u0131n a\u015fk\u0131na<br \/>Kaffe-i ervah-\u0131 pak Enbiya&#8217;n\u0131n a\u015fk\u0131na<\/p>\n<p>Ey saba var Kerbela de\u015ftinden eyle bir g\u00fczer<br \/>Ver bize lutfet H\u00fcseyin ibn-i Ali&#8217;den bir haber<\/p>\n<p>Hazret-i Abbas \u015fehid olmu\u015f mu eyle c\u00fcst \u00fc cu<br \/>Kavm-i S\u00fcfyan ordugah-\u0131 \u015eah&#8217;a etmi\u015f mi g\u00fclu<br \/>Zapt\u0131na alm\u0131\u015f m\u0131d\u0131r nehr-i F\u0131rat&#8217;\u0131 ol adu<br \/>Verdiler mi bak yetimana acep bir katre su<\/p>\n<p>Ey saba var Kerbela de\u015ftinden eyle bir g\u00fczer<br \/>Ver bize lutfet H\u00fcseyin ibn-i Ali&#8217;den bir haber<\/p>\n<p>Anda var bak Habib-i Kibriya&#8217;n\u0131n halini<br \/>Saki-i kevser Aliyyel Murteza&#8217;n\u0131n halini<br \/>Eyle tahkik busegah-\u0131 Mustafa&#8217;n\u0131n halini<br \/>Evliya v\u00fc Enbiya Hayr\u00fcnnisa&#8217;n\u0131n halini<\/p>\n<p>Ey saba var Kerbela de\u015ftinden eyle bir g\u00fczer<br \/>Ver bize lutfet H\u00fcseyin ibn-i Ali&#8217;den bir haber<\/p>\n<p>Zulm ile sedd oldu mu rah-\u0131 \u015fehid-i Kerbela<br \/>\u00c7\u0131kt\u0131 m\u0131 eflak dek ah-\u0131 \u015fehid-i Kerbela<br \/>Bak zevale erdi mi mah-\u0131 \u015fehid-i Kerbela<br \/>Hun ile alude mi \u015eah-\u0131 \u015fehid-i Kerbela<\/p>\n<p>Ey saba var Kerbela de\u015ftinden eyle bir g\u00fczer<br \/>Ver bize lutfet H\u00fcseyin ibn-i Ali&#8217;den bir haber<\/p>\n<p>Masuman u mazluman hep anda kurban oldu mu<br \/>Damen-i pak-i sekine Zeynep al kan oldu mu<br \/>Kas\u0131m u Leyla Zeliha hep peri\u015fan oldu mu<br \/>Ehl-i Beyt&#8217;e bak esir-i Al-i Mervan oldu mu<\/p>\n<p>Ey saba var Kerbela de\u015ftinden eyle bir g\u00fczer<br \/>Ver bize lutfet H\u00fcseyin ibn-i Ali&#8217;den bir haber<\/p>\n<p>Bir haber yok mu Harabi \u015eah&#8217;dan hasretteyiz<br \/>A\u011flayup \u015fam u seher ah d\u00fczah-\u0131 gurbetteyiz<br \/>Hat\u0131r-\u0131 na\u015fad etme p\u00fcr h\u00fczn \u00fc keder uzletteyiz<br \/>Biz harab\u0131z matem-i cansuz ile mihnetteyiz<\/p>\n<p>Ey saba var Kerbela de\u015ftinden eyle bir g\u00fczer<br \/>Ver bize lutfet H\u00fcseyin ibn-i Ali&#8217;den bir haber<\/p>\n<p>Edip HARAB\u0130<\/p>\n","protected":false},"excerpt":{"rendered":"<p>\u00a0 Etmeyip \u015eah-\u0131 Peygamber&#8217;den haya Hak&#8217;tan hazerKufiyan-\u0131 bi-vefalar nakz-\u0131 ahd etmi\u015f me\u011ferKurret&#8217;\u00fcl ayn-\u0131 Resul&#8217;\u00fc eylemi\u015fler derbederVar ise gel hat\u0131r-\u0131 \u015eah-\u0131 Resulullah me\u011fer Ey saba var Kerbela de\u015ftinden eyle bir g\u00fczerVer bize lutfet H\u00fcseyin ibn-i Ali&#8217;den bir haber Te\u015fnegane k\u0131l nazar bir katre su bulmu\u015f mudurG\u00fclistan-\u0131 Ahmed-i Muhtar&#8217;\u0131 g\u00f6r solmu\u015f mudurKerbela topra\u011f\u0131 hep al kan ile [&hellip;]<\/p>\n","protected":false},"author":1,"featured_media":0,"comment_status":"open","ping_status":"open","sticky":false,"template":"","format":"standard","meta":{"footnotes":""},"categories":[142],"tags":[],"class_list":{"0":"post-4362","1":"post","2":"type-post","3":"status-publish","4":"format-standard","6":"category-edip-harabi"},"yoast_head":"<!-- This site is optimized with the Yoast SEO Premium plugin v24.9 (Yoast SEO v24.9) - https:\/\/yoast.com\/wordpress\/plugins\/seo\/ -->\n<title>KERBELA MERS\u0130YES\u0130 1 - narteks.net<\/title>\n<meta name=\"robots\" content=\"index, follow, max-snippet:-1, max-image-preview:large, max-video-preview:-1\" \/>\n<link rel=\"canonical\" href=\"https:\/\/narteks.net\/index.php\/2010\/03\/17\/kerbela-mersiyesi-1\/\" \/>\n<meta property=\"og:locale\" content=\"tr_TR\" \/>\n<meta property=\"og:type\" content=\"article\" \/>\n<meta property=\"og:title\" content=\"KERBELA MERS\u0130YES\u0130 1\" \/>\n<meta property=\"og:description\" content=\"\u00a0 Etmeyip \u015eah-\u0131 Peygamber&#8217;den haya Hak&#8217;tan hazerKufiyan-\u0131 bi-vefalar nakz-\u0131 ahd etmi\u015f me\u011ferKurret&#8217;\u00fcl ayn-\u0131 Resul&#8217;\u00fc eylemi\u015fler derbederVar ise gel hat\u0131r-\u0131 \u015eah-\u0131 Resulullah me\u011fer Ey saba var Kerbela de\u015ftinden eyle bir g\u00fczerVer bize lutfet H\u00fcseyin ibn-i Ali&#8217;den bir haber Te\u015fnegane k\u0131l nazar bir katre su bulmu\u015f mudurG\u00fclistan-\u0131 Ahmed-i Muhtar&#8217;\u0131 g\u00f6r solmu\u015f mudurKerbela topra\u011f\u0131 hep al kan ile [&hellip;]\" \/>\n<meta property=\"og:url\" content=\"https:\/\/narteks.net\/index.php\/2010\/03\/17\/kerbela-mersiyesi-1\/\" \/>\n<meta property=\"og:site_name\" content=\"narteks.net\" \/>\n<meta property=\"article:published_time\" content=\"2010-03-17T12:05:11+00:00\" \/>\n<meta property=\"og:image\" content=\"https:\/\/narteks.net\/wp-content\/uploads\/narteks.png\" \/>\n\t<meta property=\"og:image:width\" content=\"300\" \/>\n\t<meta property=\"og:image:height\" content=\"90\" \/>\n\t<meta property=\"og:image:type\" content=\"image\/png\" \/>\n<meta name=\"author\" content=\"Tar\u0131k\" \/>\n<meta name=\"twitter:card\" content=\"summary_large_image\" \/>\n<meta name=\"twitter:creator\" content=\"@narteks\" \/>\n<meta name=\"twitter:site\" content=\"@narteks\" \/>\n<meta name=\"twitter:label1\" content=\"Yazan:\" \/>\n\t<meta name=\"twitter:data1\" content=\"Tar\u0131k\" \/>\n\t<meta name=\"twitter:label2\" content=\"Tahmini okuma s\u00fcresi\" \/>\n\t<meta name=\"twitter:data2\" content=\"2 dakika\" \/>\n<script type=\"application\/ld+json\" class=\"yoast-schema-graph\">{\"@context\":\"https:\/\/schema.org\",\"@graph\":[{\"@type\":\"Article\",\"@id\":\"https:\/\/narteks.net\/index.php\/2010\/03\/17\/kerbela-mersiyesi-1\/#article\",\"isPartOf\":{\"@id\":\"https:\/\/narteks.net\/index.php\/2010\/03\/17\/kerbela-mersiyesi-1\/\"},\"author\":{\"name\":\"Tar\u0131k\",\"@id\":\"https:\/\/narteks.net\/#\/schema\/person\/61f37d9834294b72d31d274e7ed79bca\"},\"headline\":\"KERBELA MERS\u0130YES\u0130 1\",\"datePublished\":\"2010-03-17T12:05:11+00:00\",\"mainEntityOfPage\":{\"@id\":\"https:\/\/narteks.net\/index.php\/2010\/03\/17\/kerbela-mersiyesi-1\/\"},\"wordCount\":430,\"commentCount\":0,\"publisher\":{\"@id\":\"https:\/\/narteks.net\/#organization\"},\"articleSection\":[\"Edip HARAB\u0130\"],\"inLanguage\":\"tr\",\"potentialAction\":[{\"@type\":\"CommentAction\",\"name\":\"Comment\",\"target\":[\"https:\/\/narteks.net\/index.php\/2010\/03\/17\/kerbela-mersiyesi-1\/#respond\"]}]},{\"@type\":\"WebPage\",\"@id\":\"https:\/\/narteks.net\/index.php\/2010\/03\/17\/kerbela-mersiyesi-1\/\",\"url\":\"https:\/\/narteks.net\/index.php\/2010\/03\/17\/kerbela-mersiyesi-1\/\",\"name\":\"KERBELA MERS\u0130YES\u0130 1 - narteks.net\",\"isPartOf\":{\"@id\":\"https:\/\/narteks.net\/#website\"},\"datePublished\":\"2010-03-17T12:05:11+00:00\",\"breadcrumb\":{\"@id\":\"https:\/\/narteks.net\/index.php\/2010\/03\/17\/kerbela-mersiyesi-1\/#breadcrumb\"},\"inLanguage\":\"tr\",\"potentialAction\":[{\"@type\":\"ReadAction\",\"target\":[\"https:\/\/narteks.net\/index.php\/2010\/03\/17\/kerbela-mersiyesi-1\/\"]}]},{\"@type\":\"BreadcrumbList\",\"@id\":\"https:\/\/narteks.net\/index.php\/2010\/03\/17\/kerbela-mersiyesi-1\/#breadcrumb\",\"itemListElement\":[{\"@type\":\"ListItem\",\"position\":1,\"name\":\"Anasayfa\",\"item\":\"https:\/\/narteks.net\/\"},{\"@type\":\"ListItem\",\"position\":2,\"name\":\"KERBELA MERS\u0130YES\u0130 1\"}]},{\"@type\":\"WebSite\",\"@id\":\"https:\/\/narteks.net\/#website\",\"url\":\"https:\/\/narteks.net\/\",\"name\":\"narteks.net\",\"description\":\"K\u00fclt\u00fcr Sanat Edebiyat Felsefe\",\"publisher\":{\"@id\":\"https:\/\/narteks.net\/#organization\"},\"alternateName\":\"K\u00fclt\u00fcr Sanat Edebiyat Felsefe\",\"potentialAction\":[{\"@type\":\"SearchAction\",\"target\":{\"@type\":\"EntryPoint\",\"urlTemplate\":\"https:\/\/narteks.net\/?s={search_term_string}\"},\"query-input\":{\"@type\":\"PropertyValueSpecification\",\"valueRequired\":true,\"valueName\":\"search_term_string\"}}],\"inLanguage\":\"tr\"},{\"@type\":\"Organization\",\"@id\":\"https:\/\/narteks.net\/#organization\",\"name\":\"narteks.net\",\"url\":\"https:\/\/narteks.net\/\",\"logo\":{\"@type\":\"ImageObject\",\"inLanguage\":\"tr\",\"@id\":\"https:\/\/narteks.net\/#\/schema\/logo\/image\/\",\"url\":\"https:\/\/narteks.net\/wp-content\/uploads\/narteks.png\",\"contentUrl\":\"https:\/\/narteks.net\/wp-content\/uploads\/narteks.png\",\"width\":300,\"height\":90,\"caption\":\"narteks.net\"},\"image\":{\"@id\":\"https:\/\/narteks.net\/#\/schema\/logo\/image\/\"},\"sameAs\":[\"https:\/\/x.com\/narteks\",\"https:\/\/instagram.com\/narteksnet\"]},{\"@type\":\"Person\",\"@id\":\"https:\/\/narteks.net\/#\/schema\/person\/61f37d9834294b72d31d274e7ed79bca\",\"name\":\"Tar\u0131k\",\"image\":{\"@type\":\"ImageObject\",\"inLanguage\":\"tr\",\"@id\":\"https:\/\/narteks.net\/#\/schema\/person\/image\/\",\"url\":\"https:\/\/secure.gravatar.com\/avatar\/50865afb55632c4ae467e0af0930f6510aa2297d8014be502a55b14f3b7550cf?s=96&d=mm&r=g\",\"contentUrl\":\"https:\/\/secure.gravatar.com\/avatar\/50865afb55632c4ae467e0af0930f6510aa2297d8014be502a55b14f3b7550cf?s=96&d=mm&r=g\",\"caption\":\"Tar\u0131k\"},\"sameAs\":[\"http:\/\/narteks.net\"],\"url\":\"https:\/\/narteks.net\/index.php\/author\/narbak\/\"}]}<\/script>\n<!-- \/ Yoast SEO Premium plugin. -->","yoast_head_json":{"title":"KERBELA MERS\u0130YES\u0130 1 - narteks.net","robots":{"index":"index","follow":"follow","max-snippet":"max-snippet:-1","max-image-preview":"max-image-preview:large","max-video-preview":"max-video-preview:-1"},"canonical":"https:\/\/narteks.net\/index.php\/2010\/03\/17\/kerbela-mersiyesi-1\/","og_locale":"tr_TR","og_type":"article","og_title":"KERBELA MERS\u0130YES\u0130 1","og_description":"\u00a0 Etmeyip \u015eah-\u0131 Peygamber&#8217;den haya Hak&#8217;tan hazerKufiyan-\u0131 bi-vefalar nakz-\u0131 ahd etmi\u015f me\u011ferKurret&#8217;\u00fcl ayn-\u0131 Resul&#8217;\u00fc eylemi\u015fler derbederVar ise gel hat\u0131r-\u0131 \u015eah-\u0131 Resulullah me\u011fer Ey saba var Kerbela de\u015ftinden eyle bir g\u00fczerVer bize lutfet H\u00fcseyin ibn-i Ali&#8217;den bir haber Te\u015fnegane k\u0131l nazar bir katre su bulmu\u015f mudurG\u00fclistan-\u0131 Ahmed-i Muhtar&#8217;\u0131 g\u00f6r solmu\u015f mudurKerbela topra\u011f\u0131 hep al kan ile [&hellip;]","og_url":"https:\/\/narteks.net\/index.php\/2010\/03\/17\/kerbela-mersiyesi-1\/","og_site_name":"narteks.net","article_published_time":"2010-03-17T12:05:11+00:00","og_image":[{"width":300,"height":90,"url":"https:\/\/narteks.net\/wp-content\/uploads\/narteks.png","type":"image\/png"}],"author":"Tar\u0131k","twitter_card":"summary_large_image","twitter_creator":"@narteks","twitter_site":"@narteks","twitter_misc":{"Yazan:":"Tar\u0131k","Tahmini okuma s\u00fcresi":"2 dakika"},"schema":{"@context":"https:\/\/schema.org","@graph":[{"@type":"Article","@id":"https:\/\/narteks.net\/index.php\/2010\/03\/17\/kerbela-mersiyesi-1\/#article","isPartOf":{"@id":"https:\/\/narteks.net\/index.php\/2010\/03\/17\/kerbela-mersiyesi-1\/"},"author":{"name":"Tar\u0131k","@id":"https:\/\/narteks.net\/#\/schema\/person\/61f37d9834294b72d31d274e7ed79bca"},"headline":"KERBELA MERS\u0130YES\u0130 1","datePublished":"2010-03-17T12:05:11+00:00","mainEntityOfPage":{"@id":"https:\/\/narteks.net\/index.php\/2010\/03\/17\/kerbela-mersiyesi-1\/"},"wordCount":430,"commentCount":0,"publisher":{"@id":"https:\/\/narteks.net\/#organization"},"articleSection":["Edip HARAB\u0130"],"inLanguage":"tr","potentialAction":[{"@type":"CommentAction","name":"Comment","target":["https:\/\/narteks.net\/index.php\/2010\/03\/17\/kerbela-mersiyesi-1\/#respond"]}]},{"@type":"WebPage","@id":"https:\/\/narteks.net\/index.php\/2010\/03\/17\/kerbela-mersiyesi-1\/","url":"https:\/\/narteks.net\/index.php\/2010\/03\/17\/kerbela-mersiyesi-1\/","name":"KERBELA MERS\u0130YES\u0130 1 - narteks.net","isPartOf":{"@id":"https:\/\/narteks.net\/#website"},"datePublished":"2010-03-17T12:05:11+00:00","breadcrumb":{"@id":"https:\/\/narteks.net\/index.php\/2010\/03\/17\/kerbela-mersiyesi-1\/#breadcrumb"},"inLanguage":"tr","potentialAction":[{"@type":"ReadAction","target":["https:\/\/narteks.net\/index.php\/2010\/03\/17\/kerbela-mersiyesi-1\/"]}]},{"@type":"BreadcrumbList","@id":"https:\/\/narteks.net\/index.php\/2010\/03\/17\/kerbela-mersiyesi-1\/#breadcrumb","itemListElement":[{"@type":"ListItem","position":1,"name":"Anasayfa","item":"https:\/\/narteks.net\/"},{"@type":"ListItem","position":2,"name":"KERBELA MERS\u0130YES\u0130 1"}]},{"@type":"WebSite","@id":"https:\/\/narteks.net\/#website","url":"https:\/\/narteks.net\/","name":"narteks.net","description":"K\u00fclt\u00fcr Sanat Edebiyat Felsefe","publisher":{"@id":"https:\/\/narteks.net\/#organization"},"alternateName":"K\u00fclt\u00fcr Sanat Edebiyat Felsefe","potentialAction":[{"@type":"SearchAction","target":{"@type":"EntryPoint","urlTemplate":"https:\/\/narteks.net\/?s={search_term_string}"},"query-input":{"@type":"PropertyValueSpecification","valueRequired":true,"valueName":"search_term_string"}}],"inLanguage":"tr"},{"@type":"Organization","@id":"https:\/\/narteks.net\/#organization","name":"narteks.net","url":"https:\/\/narteks.net\/","logo":{"@type":"ImageObject","inLanguage":"tr","@id":"https:\/\/narteks.net\/#\/schema\/logo\/image\/","url":"https:\/\/narteks.net\/wp-content\/uploads\/narteks.png","contentUrl":"https:\/\/narteks.net\/wp-content\/uploads\/narteks.png","width":300,"height":90,"caption":"narteks.net"},"image":{"@id":"https:\/\/narteks.net\/#\/schema\/logo\/image\/"},"sameAs":["https:\/\/x.com\/narteks","https:\/\/instagram.com\/narteksnet"]},{"@type":"Person","@id":"https:\/\/narteks.net\/#\/schema\/person\/61f37d9834294b72d31d274e7ed79bca","name":"Tar\u0131k","image":{"@type":"ImageObject","inLanguage":"tr","@id":"https:\/\/narteks.net\/#\/schema\/person\/image\/","url":"https:\/\/secure.gravatar.com\/avatar\/50865afb55632c4ae467e0af0930f6510aa2297d8014be502a55b14f3b7550cf?s=96&d=mm&r=g","contentUrl":"https:\/\/secure.gravatar.com\/avatar\/50865afb55632c4ae467e0af0930f6510aa2297d8014be502a55b14f3b7550cf?s=96&d=mm&r=g","caption":"Tar\u0131k"},"sameAs":["http:\/\/narteks.net"],"url":"https:\/\/narteks.net\/index.php\/author\/narbak\/"}]}},"_links":{"self":[{"href":"https:\/\/narteks.net\/index.php\/wp-json\/wp\/v2\/posts\/4362","targetHints":{"allow":["GET"]}}],"collection":[{"href":"https:\/\/narteks.net\/index.php\/wp-json\/wp\/v2\/posts"}],"about":[{"href":"https:\/\/narteks.net\/index.php\/wp-json\/wp\/v2\/types\/post"}],"author":[{"embeddable":true,"href":"https:\/\/narteks.net\/index.php\/wp-json\/wp\/v2\/users\/1"}],"replies":[{"embeddable":true,"href":"https:\/\/narteks.net\/index.php\/wp-json\/wp\/v2\/comments?post=4362"}],"version-history":[{"count":0,"href":"https:\/\/narteks.net\/index.php\/wp-json\/wp\/v2\/posts\/4362\/revisions"}],"wp:attachment":[{"href":"https:\/\/narteks.net\/index.php\/wp-json\/wp\/v2\/media?parent=4362"}],"wp:term":[{"taxonomy":"category","embeddable":true,"href":"https:\/\/narteks.net\/index.php\/wp-json\/wp\/v2\/categories?post=4362"},{"taxonomy":"post_tag","embeddable":true,"href":"https:\/\/narteks.net\/index.php\/wp-json\/wp\/v2\/tags?post=4362"}],"curies":[{"name":"wp","href":"https:\/\/api.w.org\/{rel}","templated":true}]}}