{"id":4364,"date":"2010-03-17T15:06:18","date_gmt":"2010-03-17T12:06:18","guid":{"rendered":"http:\/\/localhost\/wordpress\/2010\/03\/17\/varlik-deryasina\/"},"modified":"2010-03-17T15:06:18","modified_gmt":"2010-03-17T12:06:18","slug":"varlik-deryasina","status":"publish","type":"post","link":"https:\/\/narteks.net\/index.php\/2010\/03\/17\/varlik-deryasina\/","title":{"rendered":"VARLIK DERYASINA"},"content":{"rendered":"<p>\u00a0<\/p>\n<p>Varl\u0131k deryas\u0131na dalma ey karde\u015f<br \/>Karda\u015fl\u0131kta birlik dirlik isterler<br \/>Benlik davas\u0131ndan ge\u00e7 yava\u015f yava\u015f<br \/>Muhiplikte birlik dirlik isterler<\/p>\n<p>Er ol Hakk\u0131yla ge\u00e7ir bu demi<br \/>Berzaha d\u00fc\u015f\u00fcr\u00fcr benlik ademi<br \/>Resulullah dedi \u201cLahmike lahmi\u2019<br \/>Dervi\u015flikte birlik dirlik isterler<\/p>\n<p>HARAB\u0130 kemteri s\u00f6yleten Hakt\u0131r<br \/>Senlik benlik lafz\u0131 burda yasakt\u0131r<br \/>Kendini be\u011fenmek \u00e7\u0131kmaz sokakt\u0131r<br \/>Hakerenler birlik dirlik isterler.<\/p>\n<p>Edip HARAB\u0130<\/p>\n","protected":false},"excerpt":{"rendered":"<p>\u00a0 Varl\u0131k deryas\u0131na dalma ey karde\u015fKarda\u015fl\u0131kta birlik dirlik isterlerBenlik davas\u0131ndan ge\u00e7 yava\u015f yava\u015fMuhiplikte birlik dirlik isterler Er ol Hakk\u0131yla ge\u00e7ir bu demiBerzaha d\u00fc\u015f\u00fcr\u00fcr benlik ademiResulullah dedi \u201cLahmike lahmi\u2019Dervi\u015flikte birlik dirlik isterler HARAB\u0130 kemteri s\u00f6yleten Hakt\u0131rSenlik benlik lafz\u0131 burda yasakt\u0131rKendini be\u011fenmek \u00e7\u0131kmaz sokakt\u0131rHakerenler birlik dirlik isterler. Edip HARAB\u0130<\/p>\n","protected":false},"author":1,"featured_media":0,"comment_status":"open","ping_status":"open","sticky":false,"template":"","format":"standard","meta":{"footnotes":""},"categories":[142],"tags":[],"class_list":{"0":"post-4364","1":"post","2":"type-post","3":"status-publish","4":"format-standard","6":"category-edip-harabi"},"yoast_head":"<!-- This site is optimized with the Yoast SEO Premium plugin v24.9 (Yoast SEO v24.9) - https:\/\/yoast.com\/wordpress\/plugins\/seo\/ -->\n<title>VARLIK DERYASINA - narteks.net<\/title>\n<meta name=\"robots\" content=\"index, follow, max-snippet:-1, max-image-preview:large, max-video-preview:-1\" \/>\n<link rel=\"canonical\" href=\"https:\/\/narteks.net\/index.php\/2010\/03\/17\/varlik-deryasina\/\" \/>\n<meta property=\"og:locale\" content=\"tr_TR\" \/>\n<meta property=\"og:type\" content=\"article\" \/>\n<meta property=\"og:title\" content=\"VARLIK DERYASINA\" \/>\n<meta property=\"og:description\" content=\"\u00a0 Varl\u0131k deryas\u0131na dalma ey karde\u015fKarda\u015fl\u0131kta birlik dirlik isterlerBenlik davas\u0131ndan ge\u00e7 yava\u015f yava\u015fMuhiplikte birlik dirlik isterler Er ol Hakk\u0131yla ge\u00e7ir bu demiBerzaha d\u00fc\u015f\u00fcr\u00fcr benlik ademiResulullah dedi \u201cLahmike lahmi\u2019Dervi\u015flikte birlik dirlik isterler HARAB\u0130 kemteri s\u00f6yleten Hakt\u0131rSenlik benlik lafz\u0131 burda yasakt\u0131rKendini be\u011fenmek \u00e7\u0131kmaz sokakt\u0131rHakerenler birlik dirlik isterler. Edip HARAB\u0130\" \/>\n<meta property=\"og:url\" content=\"https:\/\/narteks.net\/index.php\/2010\/03\/17\/varlik-deryasina\/\" \/>\n<meta property=\"og:site_name\" content=\"narteks.net\" \/>\n<meta property=\"article:published_time\" content=\"2010-03-17T12:06:18+00:00\" \/>\n<meta property=\"og:image\" content=\"https:\/\/narteks.net\/wp-content\/uploads\/narteks.png\" \/>\n\t<meta property=\"og:image:width\" content=\"300\" \/>\n\t<meta property=\"og:image:height\" content=\"90\" \/>\n\t<meta property=\"og:image:type\" content=\"image\/png\" \/>\n<meta name=\"author\" content=\"Tar\u0131k\" \/>\n<meta name=\"twitter:card\" content=\"summary_large_image\" \/>\n<meta name=\"twitter:creator\" content=\"@narteks\" \/>\n<meta name=\"twitter:site\" content=\"@narteks\" \/>\n<meta name=\"twitter:label1\" content=\"Yazan:\" \/>\n\t<meta name=\"twitter:data1\" content=\"Tar\u0131k\" \/>\n<script type=\"application\/ld+json\" class=\"yoast-schema-graph\">{\"@context\":\"https:\/\/schema.org\",\"@graph\":[{\"@type\":\"Article\",\"@id\":\"https:\/\/narteks.net\/index.php\/2010\/03\/17\/varlik-deryasina\/#article\",\"isPartOf\":{\"@id\":\"https:\/\/narteks.net\/index.php\/2010\/03\/17\/varlik-deryasina\/\"},\"author\":{\"name\":\"Tar\u0131k\",\"@id\":\"https:\/\/narteks.net\/#\/schema\/person\/61f37d9834294b72d31d274e7ed79bca\"},\"headline\":\"VARLIK DERYASINA\",\"datePublished\":\"2010-03-17T12:06:18+00:00\",\"mainEntityOfPage\":{\"@id\":\"https:\/\/narteks.net\/index.php\/2010\/03\/17\/varlik-deryasina\/\"},\"wordCount\":66,\"commentCount\":0,\"publisher\":{\"@id\":\"https:\/\/narteks.net\/#organization\"},\"articleSection\":[\"Edip HARAB\u0130\"],\"inLanguage\":\"tr\",\"potentialAction\":[{\"@type\":\"CommentAction\",\"name\":\"Comment\",\"target\":[\"https:\/\/narteks.net\/index.php\/2010\/03\/17\/varlik-deryasina\/#respond\"]}]},{\"@type\":\"WebPage\",\"@id\":\"https:\/\/narteks.net\/index.php\/2010\/03\/17\/varlik-deryasina\/\",\"url\":\"https:\/\/narteks.net\/index.php\/2010\/03\/17\/varlik-deryasina\/\",\"name\":\"VARLIK DERYASINA - narteks.net\",\"isPartOf\":{\"@id\":\"https:\/\/narteks.net\/#website\"},\"datePublished\":\"2010-03-17T12:06:18+00:00\",\"breadcrumb\":{\"@id\":\"https:\/\/narteks.net\/index.php\/2010\/03\/17\/varlik-deryasina\/#breadcrumb\"},\"inLanguage\":\"tr\",\"potentialAction\":[{\"@type\":\"ReadAction\",\"target\":[\"https:\/\/narteks.net\/index.php\/2010\/03\/17\/varlik-deryasina\/\"]}]},{\"@type\":\"BreadcrumbList\",\"@id\":\"https:\/\/narteks.net\/index.php\/2010\/03\/17\/varlik-deryasina\/#breadcrumb\",\"itemListElement\":[{\"@type\":\"ListItem\",\"position\":1,\"name\":\"Anasayfa\",\"item\":\"https:\/\/narteks.net\/\"},{\"@type\":\"ListItem\",\"position\":2,\"name\":\"VARLIK DERYASINA\"}]},{\"@type\":\"WebSite\",\"@id\":\"https:\/\/narteks.net\/#website\",\"url\":\"https:\/\/narteks.net\/\",\"name\":\"narteks.net\",\"description\":\"K\u00fclt\u00fcr Sanat Edebiyat Felsefe\",\"publisher\":{\"@id\":\"https:\/\/narteks.net\/#organization\"},\"alternateName\":\"K\u00fclt\u00fcr Sanat Edebiyat Felsefe\",\"potentialAction\":[{\"@type\":\"SearchAction\",\"target\":{\"@type\":\"EntryPoint\",\"urlTemplate\":\"https:\/\/narteks.net\/?s={search_term_string}\"},\"query-input\":{\"@type\":\"PropertyValueSpecification\",\"valueRequired\":true,\"valueName\":\"search_term_string\"}}],\"inLanguage\":\"tr\"},{\"@type\":\"Organization\",\"@id\":\"https:\/\/narteks.net\/#organization\",\"name\":\"narteks.net\",\"url\":\"https:\/\/narteks.net\/\",\"logo\":{\"@type\":\"ImageObject\",\"inLanguage\":\"tr\",\"@id\":\"https:\/\/narteks.net\/#\/schema\/logo\/image\/\",\"url\":\"https:\/\/narteks.net\/wp-content\/uploads\/narteks.png\",\"contentUrl\":\"https:\/\/narteks.net\/wp-content\/uploads\/narteks.png\",\"width\":300,\"height\":90,\"caption\":\"narteks.net\"},\"image\":{\"@id\":\"https:\/\/narteks.net\/#\/schema\/logo\/image\/\"},\"sameAs\":[\"https:\/\/x.com\/narteks\",\"https:\/\/instagram.com\/narteksnet\"]},{\"@type\":\"Person\",\"@id\":\"https:\/\/narteks.net\/#\/schema\/person\/61f37d9834294b72d31d274e7ed79bca\",\"name\":\"Tar\u0131k\",\"image\":{\"@type\":\"ImageObject\",\"inLanguage\":\"tr\",\"@id\":\"https:\/\/narteks.net\/#\/schema\/person\/image\/\",\"url\":\"https:\/\/secure.gravatar.com\/avatar\/50865afb55632c4ae467e0af0930f6510aa2297d8014be502a55b14f3b7550cf?s=96&d=mm&r=g\",\"contentUrl\":\"https:\/\/secure.gravatar.com\/avatar\/50865afb55632c4ae467e0af0930f6510aa2297d8014be502a55b14f3b7550cf?s=96&d=mm&r=g\",\"caption\":\"Tar\u0131k\"},\"sameAs\":[\"http:\/\/narteks.net\"],\"url\":\"https:\/\/narteks.net\/index.php\/author\/narbak\/\"}]}<\/script>\n<!-- \/ Yoast SEO Premium plugin. -->","yoast_head_json":{"title":"VARLIK DERYASINA - narteks.net","robots":{"index":"index","follow":"follow","max-snippet":"max-snippet:-1","max-image-preview":"max-image-preview:large","max-video-preview":"max-video-preview:-1"},"canonical":"https:\/\/narteks.net\/index.php\/2010\/03\/17\/varlik-deryasina\/","og_locale":"tr_TR","og_type":"article","og_title":"VARLIK DERYASINA","og_description":"\u00a0 Varl\u0131k deryas\u0131na dalma ey karde\u015fKarda\u015fl\u0131kta birlik dirlik isterlerBenlik davas\u0131ndan ge\u00e7 yava\u015f yava\u015fMuhiplikte birlik dirlik isterler Er ol Hakk\u0131yla ge\u00e7ir bu demiBerzaha d\u00fc\u015f\u00fcr\u00fcr benlik ademiResulullah dedi \u201cLahmike lahmi\u2019Dervi\u015flikte birlik dirlik isterler HARAB\u0130 kemteri s\u00f6yleten Hakt\u0131rSenlik benlik lafz\u0131 burda yasakt\u0131rKendini be\u011fenmek \u00e7\u0131kmaz sokakt\u0131rHakerenler birlik dirlik isterler. Edip HARAB\u0130","og_url":"https:\/\/narteks.net\/index.php\/2010\/03\/17\/varlik-deryasina\/","og_site_name":"narteks.net","article_published_time":"2010-03-17T12:06:18+00:00","og_image":[{"width":300,"height":90,"url":"https:\/\/narteks.net\/wp-content\/uploads\/narteks.png","type":"image\/png"}],"author":"Tar\u0131k","twitter_card":"summary_large_image","twitter_creator":"@narteks","twitter_site":"@narteks","twitter_misc":{"Yazan:":"Tar\u0131k"},"schema":{"@context":"https:\/\/schema.org","@graph":[{"@type":"Article","@id":"https:\/\/narteks.net\/index.php\/2010\/03\/17\/varlik-deryasina\/#article","isPartOf":{"@id":"https:\/\/narteks.net\/index.php\/2010\/03\/17\/varlik-deryasina\/"},"author":{"name":"Tar\u0131k","@id":"https:\/\/narteks.net\/#\/schema\/person\/61f37d9834294b72d31d274e7ed79bca"},"headline":"VARLIK DERYASINA","datePublished":"2010-03-17T12:06:18+00:00","mainEntityOfPage":{"@id":"https:\/\/narteks.net\/index.php\/2010\/03\/17\/varlik-deryasina\/"},"wordCount":66,"commentCount":0,"publisher":{"@id":"https:\/\/narteks.net\/#organization"},"articleSection":["Edip HARAB\u0130"],"inLanguage":"tr","potentialAction":[{"@type":"CommentAction","name":"Comment","target":["https:\/\/narteks.net\/index.php\/2010\/03\/17\/varlik-deryasina\/#respond"]}]},{"@type":"WebPage","@id":"https:\/\/narteks.net\/index.php\/2010\/03\/17\/varlik-deryasina\/","url":"https:\/\/narteks.net\/index.php\/2010\/03\/17\/varlik-deryasina\/","name":"VARLIK DERYASINA - narteks.net","isPartOf":{"@id":"https:\/\/narteks.net\/#website"},"datePublished":"2010-03-17T12:06:18+00:00","breadcrumb":{"@id":"https:\/\/narteks.net\/index.php\/2010\/03\/17\/varlik-deryasina\/#breadcrumb"},"inLanguage":"tr","potentialAction":[{"@type":"ReadAction","target":["https:\/\/narteks.net\/index.php\/2010\/03\/17\/varlik-deryasina\/"]}]},{"@type":"BreadcrumbList","@id":"https:\/\/narteks.net\/index.php\/2010\/03\/17\/varlik-deryasina\/#breadcrumb","itemListElement":[{"@type":"ListItem","position":1,"name":"Anasayfa","item":"https:\/\/narteks.net\/"},{"@type":"ListItem","position":2,"name":"VARLIK DERYASINA"}]},{"@type":"WebSite","@id":"https:\/\/narteks.net\/#website","url":"https:\/\/narteks.net\/","name":"narteks.net","description":"K\u00fclt\u00fcr Sanat Edebiyat Felsefe","publisher":{"@id":"https:\/\/narteks.net\/#organization"},"alternateName":"K\u00fclt\u00fcr Sanat Edebiyat Felsefe","potentialAction":[{"@type":"SearchAction","target":{"@type":"EntryPoint","urlTemplate":"https:\/\/narteks.net\/?s={search_term_string}"},"query-input":{"@type":"PropertyValueSpecification","valueRequired":true,"valueName":"search_term_string"}}],"inLanguage":"tr"},{"@type":"Organization","@id":"https:\/\/narteks.net\/#organization","name":"narteks.net","url":"https:\/\/narteks.net\/","logo":{"@type":"ImageObject","inLanguage":"tr","@id":"https:\/\/narteks.net\/#\/schema\/logo\/image\/","url":"https:\/\/narteks.net\/wp-content\/uploads\/narteks.png","contentUrl":"https:\/\/narteks.net\/wp-content\/uploads\/narteks.png","width":300,"height":90,"caption":"narteks.net"},"image":{"@id":"https:\/\/narteks.net\/#\/schema\/logo\/image\/"},"sameAs":["https:\/\/x.com\/narteks","https:\/\/instagram.com\/narteksnet"]},{"@type":"Person","@id":"https:\/\/narteks.net\/#\/schema\/person\/61f37d9834294b72d31d274e7ed79bca","name":"Tar\u0131k","image":{"@type":"ImageObject","inLanguage":"tr","@id":"https:\/\/narteks.net\/#\/schema\/person\/image\/","url":"https:\/\/secure.gravatar.com\/avatar\/50865afb55632c4ae467e0af0930f6510aa2297d8014be502a55b14f3b7550cf?s=96&d=mm&r=g","contentUrl":"https:\/\/secure.gravatar.com\/avatar\/50865afb55632c4ae467e0af0930f6510aa2297d8014be502a55b14f3b7550cf?s=96&d=mm&r=g","caption":"Tar\u0131k"},"sameAs":["http:\/\/narteks.net"],"url":"https:\/\/narteks.net\/index.php\/author\/narbak\/"}]}},"_links":{"self":[{"href":"https:\/\/narteks.net\/index.php\/wp-json\/wp\/v2\/posts\/4364","targetHints":{"allow":["GET"]}}],"collection":[{"href":"https:\/\/narteks.net\/index.php\/wp-json\/wp\/v2\/posts"}],"about":[{"href":"https:\/\/narteks.net\/index.php\/wp-json\/wp\/v2\/types\/post"}],"author":[{"embeddable":true,"href":"https:\/\/narteks.net\/index.php\/wp-json\/wp\/v2\/users\/1"}],"replies":[{"embeddable":true,"href":"https:\/\/narteks.net\/index.php\/wp-json\/wp\/v2\/comments?post=4364"}],"version-history":[{"count":0,"href":"https:\/\/narteks.net\/index.php\/wp-json\/wp\/v2\/posts\/4364\/revisions"}],"wp:attachment":[{"href":"https:\/\/narteks.net\/index.php\/wp-json\/wp\/v2\/media?parent=4364"}],"wp:term":[{"taxonomy":"category","embeddable":true,"href":"https:\/\/narteks.net\/index.php\/wp-json\/wp\/v2\/categories?post=4364"},{"taxonomy":"post_tag","embeddable":true,"href":"https:\/\/narteks.net\/index.php\/wp-json\/wp\/v2\/tags?post=4364"}],"curies":[{"name":"wp","href":"https:\/\/api.w.org\/{rel}","templated":true}]}}