{"id":4368,"date":"2010-03-17T16:43:04","date_gmt":"2010-03-17T13:43:04","guid":{"rendered":"http:\/\/localhost\/wordpress\/2010\/03\/17\/adonis-biyografisi\/"},"modified":"2010-03-17T16:43:04","modified_gmt":"2010-03-17T13:43:04","slug":"adonis-biyografisi","status":"publish","type":"post","link":"https:\/\/narteks.net\/index.php\/2010\/03\/17\/adonis-biyografisi\/","title":{"rendered":"ADON\u0130S  Biyografisi"},"content":{"rendered":"<p style=\"text-align: justify;\"><img loading=\"lazy\" decoding=\"async\" src=\"http:\/\/www.muverrih.net\/wp-content\/uploads\/2009\/12\/adonis.jpg\" border=\"0\" width=\"155\" height=\"205\" \/><\/p>\n<p style=\"text-align: justify;\">Adonis 1930\u2032da Suriye\u2019de d\u00fcnyaya geldi. 1961\u2032de L\u00fcbnan vatanda\u015fl\u0131\u011f\u0131na ge\u00e7meden \u00f6nceki ad\u0131 Ali Ahmet Sait\u2019ti. Beyrut \u00dcniversitesi\u2019nde Arap Edebiyat\u0131 \u00f6\u011fretmenli\u011fi yapt\u0131; 1989\u2032da UNESCO\u2019nun Arap Devletleri Birli\u011fi\u2019nde g\u00f6revli delege oldu. Beyrut\u2019ta \u015eiir (1957) , Mevak\u0131f (1968) dergilerini kurdu. Bu dergiler Arap \u015fiirini geleneksel kal\u0131plardan kurtarma ve yabanc\u0131 \u015fiirleri tan\u0131tma amac\u0131n\u0131 g\u00fcd\u00fcyordu. Adonis, Avrupa ve Amerika edebiyat\u0131 konular\u0131ndaki derin bilgisi sayesinde \u00e7a\u011fda\u015f Arap \u015fiirinde \u00e7ok \u00f6nemli bir yer tutar.<\/p>\n<p style=\"text-align: justify;\">Ayn\u0131 zamanda ele\u015ftirmen ve \u00e7evirmendir; plastik sanatlarla, kaligrafiyle ve kolajla da ilgilenmektedir. Paris\u2019te ya\u015fayan Adonis, \u201cSyria-Lebanon Award of the Innternational Poetry Forum\u201d (1971) , \u201cLe Grand Prix des Biennales de Poeise\u201d (1986) ve \u201cUluslararas\u0131 Naz\u0131m Hikmet \u015eiir \u00d6d\u00fcl\u00fc\u201d (1995) \u00f6d\u00fcllerini ald\u0131. 1983\u2032te Mallarme Akademisi\u2019ne yabanc\u0131 \u00fcye se\u00e7ildi. Ba\u015fl\u0131ca yap\u0131tlar\u0131 aras\u0131nda \u015eaml\u0131 Mihyar\u2019\u0131n \u015eark\u0131lar\u0131, \u0130kinci G\u00fcne\u015fler, Zaman Kentler, New York\u2019a Mezar, Arap \u015eiirine Giri\u015f say\u0131labilir. T\u00fcrk\u00e7ede Ayna ve D\u00fc\u015f, Dallar\u0131n G\u00fcncesi, G\u00fcllerin Ayd\u0131nl\u0131\u011f\u0131ndan, G\u00fcne\u015fin Ayetine Uyarak D\u00fc\u015f G\u00f6r\u00fcyorum, New York\u2019a Mezar adl\u0131 \u015fiir kitaplar\u0131 var.<\/p>\n","protected":false},"excerpt":{"rendered":"<p>Adonis 1930\u2032da Suriye\u2019de d\u00fcnyaya geldi. 1961\u2032de L\u00fcbnan vatanda\u015fl\u0131\u011f\u0131na ge\u00e7meden \u00f6nceki ad\u0131 Ali Ahmet Sait\u2019ti. Beyrut \u00dcniversitesi\u2019nde Arap Edebiyat\u0131 \u00f6\u011fretmenli\u011fi yapt\u0131; 1989\u2032da UNESCO\u2019nun Arap Devletleri Birli\u011fi\u2019nde g\u00f6revli delege oldu. Beyrut\u2019ta \u015eiir (1957) , Mevak\u0131f (1968) dergilerini kurdu. Bu dergiler Arap \u015fiirini geleneksel kal\u0131plardan kurtarma ve yabanc\u0131 \u015fiirleri tan\u0131tma amac\u0131n\u0131 g\u00fcd\u00fcyordu. Adonis, Avrupa ve Amerika edebiyat\u0131 konular\u0131ndaki [&hellip;]<\/p>\n","protected":false},"author":1,"featured_media":0,"comment_status":"open","ping_status":"open","sticky":false,"template":"","format":"standard","meta":{"footnotes":""},"categories":[143],"tags":[],"class_list":{"0":"post-4368","1":"post","2":"type-post","3":"status-publish","4":"format-standard","6":"category-adonis"},"yoast_head":"<!-- This site is optimized with the Yoast SEO Premium plugin v24.9 (Yoast SEO v24.9) - https:\/\/yoast.com\/wordpress\/plugins\/seo\/ -->\n<title>ADON\u0130S Biyografisi - narteks.net<\/title>\n<meta name=\"robots\" content=\"index, follow, max-snippet:-1, max-image-preview:large, max-video-preview:-1\" \/>\n<link rel=\"canonical\" href=\"https:\/\/narteks.net\/index.php\/2010\/03\/17\/adonis-biyografisi\/\" \/>\n<meta property=\"og:locale\" content=\"tr_TR\" \/>\n<meta property=\"og:type\" content=\"article\" \/>\n<meta property=\"og:title\" content=\"ADON\u0130S Biyografisi\" \/>\n<meta property=\"og:description\" content=\"Adonis 1930\u2032da Suriye\u2019de d\u00fcnyaya geldi. 1961\u2032de L\u00fcbnan vatanda\u015fl\u0131\u011f\u0131na ge\u00e7meden \u00f6nceki ad\u0131 Ali Ahmet Sait\u2019ti. Beyrut \u00dcniversitesi\u2019nde Arap Edebiyat\u0131 \u00f6\u011fretmenli\u011fi yapt\u0131; 1989\u2032da UNESCO\u2019nun Arap Devletleri Birli\u011fi\u2019nde g\u00f6revli delege oldu. Beyrut\u2019ta \u015eiir (1957) , Mevak\u0131f (1968) dergilerini kurdu. Bu dergiler Arap \u015fiirini geleneksel kal\u0131plardan kurtarma ve yabanc\u0131 \u015fiirleri tan\u0131tma amac\u0131n\u0131 g\u00fcd\u00fcyordu. Adonis, Avrupa ve Amerika edebiyat\u0131 konular\u0131ndaki [&hellip;]\" \/>\n<meta property=\"og:url\" content=\"https:\/\/narteks.net\/index.php\/2010\/03\/17\/adonis-biyografisi\/\" \/>\n<meta property=\"og:site_name\" content=\"narteks.net\" \/>\n<meta property=\"article:published_time\" content=\"2010-03-17T13:43:04+00:00\" \/>\n<meta property=\"og:image\" content=\"http:\/\/www.muverrih.net\/wp-content\/uploads\/2009\/12\/adonis.jpg\" \/>\n<meta name=\"author\" content=\"Tar\u0131k\" \/>\n<meta name=\"twitter:card\" content=\"summary_large_image\" \/>\n<meta name=\"twitter:creator\" content=\"@narteks\" \/>\n<meta name=\"twitter:site\" content=\"@narteks\" \/>\n<meta name=\"twitter:label1\" content=\"Yazan:\" \/>\n\t<meta name=\"twitter:data1\" content=\"Tar\u0131k\" \/>\n\t<meta name=\"twitter:label2\" content=\"Tahmini okuma s\u00fcresi\" \/>\n\t<meta name=\"twitter:data2\" content=\"1 dakika\" \/>\n<script type=\"application\/ld+json\" class=\"yoast-schema-graph\">{\"@context\":\"https:\/\/schema.org\",\"@graph\":[{\"@type\":\"Article\",\"@id\":\"https:\/\/narteks.net\/index.php\/2010\/03\/17\/adonis-biyografisi\/#article\",\"isPartOf\":{\"@id\":\"https:\/\/narteks.net\/index.php\/2010\/03\/17\/adonis-biyografisi\/\"},\"author\":{\"name\":\"Tar\u0131k\",\"@id\":\"https:\/\/narteks.net\/#\/schema\/person\/61f37d9834294b72d31d274e7ed79bca\"},\"headline\":\"ADON\u0130S Biyografisi\",\"datePublished\":\"2010-03-17T13:43:04+00:00\",\"mainEntityOfPage\":{\"@id\":\"https:\/\/narteks.net\/index.php\/2010\/03\/17\/adonis-biyografisi\/\"},\"wordCount\":198,\"commentCount\":0,\"publisher\":{\"@id\":\"https:\/\/narteks.net\/#organization\"},\"image\":{\"@id\":\"https:\/\/narteks.net\/index.php\/2010\/03\/17\/adonis-biyografisi\/#primaryimage\"},\"thumbnailUrl\":\"http:\/\/www.muverrih.net\/wp-content\/uploads\/2009\/12\/adonis.jpg\",\"articleSection\":[\"ADON\u0130S\"],\"inLanguage\":\"tr\",\"potentialAction\":[{\"@type\":\"CommentAction\",\"name\":\"Comment\",\"target\":[\"https:\/\/narteks.net\/index.php\/2010\/03\/17\/adonis-biyografisi\/#respond\"]}]},{\"@type\":\"WebPage\",\"@id\":\"https:\/\/narteks.net\/index.php\/2010\/03\/17\/adonis-biyografisi\/\",\"url\":\"https:\/\/narteks.net\/index.php\/2010\/03\/17\/adonis-biyografisi\/\",\"name\":\"ADON\u0130S Biyografisi - narteks.net\",\"isPartOf\":{\"@id\":\"https:\/\/narteks.net\/#website\"},\"primaryImageOfPage\":{\"@id\":\"https:\/\/narteks.net\/index.php\/2010\/03\/17\/adonis-biyografisi\/#primaryimage\"},\"image\":{\"@id\":\"https:\/\/narteks.net\/index.php\/2010\/03\/17\/adonis-biyografisi\/#primaryimage\"},\"thumbnailUrl\":\"http:\/\/www.muverrih.net\/wp-content\/uploads\/2009\/12\/adonis.jpg\",\"datePublished\":\"2010-03-17T13:43:04+00:00\",\"breadcrumb\":{\"@id\":\"https:\/\/narteks.net\/index.php\/2010\/03\/17\/adonis-biyografisi\/#breadcrumb\"},\"inLanguage\":\"tr\",\"potentialAction\":[{\"@type\":\"ReadAction\",\"target\":[\"https:\/\/narteks.net\/index.php\/2010\/03\/17\/adonis-biyografisi\/\"]}]},{\"@type\":\"ImageObject\",\"inLanguage\":\"tr\",\"@id\":\"https:\/\/narteks.net\/index.php\/2010\/03\/17\/adonis-biyografisi\/#primaryimage\",\"url\":\"http:\/\/www.muverrih.net\/wp-content\/uploads\/2009\/12\/adonis.jpg\",\"contentUrl\":\"http:\/\/www.muverrih.net\/wp-content\/uploads\/2009\/12\/adonis.jpg\"},{\"@type\":\"BreadcrumbList\",\"@id\":\"https:\/\/narteks.net\/index.php\/2010\/03\/17\/adonis-biyografisi\/#breadcrumb\",\"itemListElement\":[{\"@type\":\"ListItem\",\"position\":1,\"name\":\"Anasayfa\",\"item\":\"https:\/\/narteks.net\/\"},{\"@type\":\"ListItem\",\"position\":2,\"name\":\"ADON\u0130S Biyografisi\"}]},{\"@type\":\"WebSite\",\"@id\":\"https:\/\/narteks.net\/#website\",\"url\":\"https:\/\/narteks.net\/\",\"name\":\"narteks.net\",\"description\":\"K\u00fclt\u00fcr Sanat Edebiyat Felsefe\",\"publisher\":{\"@id\":\"https:\/\/narteks.net\/#organization\"},\"alternateName\":\"K\u00fclt\u00fcr Sanat Edebiyat Felsefe\",\"potentialAction\":[{\"@type\":\"SearchAction\",\"target\":{\"@type\":\"EntryPoint\",\"urlTemplate\":\"https:\/\/narteks.net\/?s={search_term_string}\"},\"query-input\":{\"@type\":\"PropertyValueSpecification\",\"valueRequired\":true,\"valueName\":\"search_term_string\"}}],\"inLanguage\":\"tr\"},{\"@type\":\"Organization\",\"@id\":\"https:\/\/narteks.net\/#organization\",\"name\":\"narteks.net\",\"url\":\"https:\/\/narteks.net\/\",\"logo\":{\"@type\":\"ImageObject\",\"inLanguage\":\"tr\",\"@id\":\"https:\/\/narteks.net\/#\/schema\/logo\/image\/\",\"url\":\"https:\/\/narteks.net\/wp-content\/uploads\/narteks.png\",\"contentUrl\":\"https:\/\/narteks.net\/wp-content\/uploads\/narteks.png\",\"width\":300,\"height\":90,\"caption\":\"narteks.net\"},\"image\":{\"@id\":\"https:\/\/narteks.net\/#\/schema\/logo\/image\/\"},\"sameAs\":[\"https:\/\/x.com\/narteks\",\"https:\/\/instagram.com\/narteksnet\"]},{\"@type\":\"Person\",\"@id\":\"https:\/\/narteks.net\/#\/schema\/person\/61f37d9834294b72d31d274e7ed79bca\",\"name\":\"Tar\u0131k\",\"image\":{\"@type\":\"ImageObject\",\"inLanguage\":\"tr\",\"@id\":\"https:\/\/narteks.net\/#\/schema\/person\/image\/\",\"url\":\"https:\/\/secure.gravatar.com\/avatar\/50865afb55632c4ae467e0af0930f6510aa2297d8014be502a55b14f3b7550cf?s=96&d=mm&r=g\",\"contentUrl\":\"https:\/\/secure.gravatar.com\/avatar\/50865afb55632c4ae467e0af0930f6510aa2297d8014be502a55b14f3b7550cf?s=96&d=mm&r=g\",\"caption\":\"Tar\u0131k\"},\"sameAs\":[\"http:\/\/narteks.net\"],\"url\":\"https:\/\/narteks.net\/index.php\/author\/narbak\/\"}]}<\/script>\n<!-- \/ Yoast SEO Premium plugin. -->","yoast_head_json":{"title":"ADON\u0130S Biyografisi - narteks.net","robots":{"index":"index","follow":"follow","max-snippet":"max-snippet:-1","max-image-preview":"max-image-preview:large","max-video-preview":"max-video-preview:-1"},"canonical":"https:\/\/narteks.net\/index.php\/2010\/03\/17\/adonis-biyografisi\/","og_locale":"tr_TR","og_type":"article","og_title":"ADON\u0130S Biyografisi","og_description":"Adonis 1930\u2032da Suriye\u2019de d\u00fcnyaya geldi. 1961\u2032de L\u00fcbnan vatanda\u015fl\u0131\u011f\u0131na ge\u00e7meden \u00f6nceki ad\u0131 Ali Ahmet Sait\u2019ti. Beyrut \u00dcniversitesi\u2019nde Arap Edebiyat\u0131 \u00f6\u011fretmenli\u011fi yapt\u0131; 1989\u2032da UNESCO\u2019nun Arap Devletleri Birli\u011fi\u2019nde g\u00f6revli delege oldu. Beyrut\u2019ta \u015eiir (1957) , Mevak\u0131f (1968) dergilerini kurdu. Bu dergiler Arap \u015fiirini geleneksel kal\u0131plardan kurtarma ve yabanc\u0131 \u015fiirleri tan\u0131tma amac\u0131n\u0131 g\u00fcd\u00fcyordu. Adonis, Avrupa ve Amerika edebiyat\u0131 konular\u0131ndaki [&hellip;]","og_url":"https:\/\/narteks.net\/index.php\/2010\/03\/17\/adonis-biyografisi\/","og_site_name":"narteks.net","article_published_time":"2010-03-17T13:43:04+00:00","og_image":[{"url":"http:\/\/www.muverrih.net\/wp-content\/uploads\/2009\/12\/adonis.jpg","type":"","width":"","height":""}],"author":"Tar\u0131k","twitter_card":"summary_large_image","twitter_creator":"@narteks","twitter_site":"@narteks","twitter_misc":{"Yazan:":"Tar\u0131k","Tahmini okuma s\u00fcresi":"1 dakika"},"schema":{"@context":"https:\/\/schema.org","@graph":[{"@type":"Article","@id":"https:\/\/narteks.net\/index.php\/2010\/03\/17\/adonis-biyografisi\/#article","isPartOf":{"@id":"https:\/\/narteks.net\/index.php\/2010\/03\/17\/adonis-biyografisi\/"},"author":{"name":"Tar\u0131k","@id":"https:\/\/narteks.net\/#\/schema\/person\/61f37d9834294b72d31d274e7ed79bca"},"headline":"ADON\u0130S Biyografisi","datePublished":"2010-03-17T13:43:04+00:00","mainEntityOfPage":{"@id":"https:\/\/narteks.net\/index.php\/2010\/03\/17\/adonis-biyografisi\/"},"wordCount":198,"commentCount":0,"publisher":{"@id":"https:\/\/narteks.net\/#organization"},"image":{"@id":"https:\/\/narteks.net\/index.php\/2010\/03\/17\/adonis-biyografisi\/#primaryimage"},"thumbnailUrl":"http:\/\/www.muverrih.net\/wp-content\/uploads\/2009\/12\/adonis.jpg","articleSection":["ADON\u0130S"],"inLanguage":"tr","potentialAction":[{"@type":"CommentAction","name":"Comment","target":["https:\/\/narteks.net\/index.php\/2010\/03\/17\/adonis-biyografisi\/#respond"]}]},{"@type":"WebPage","@id":"https:\/\/narteks.net\/index.php\/2010\/03\/17\/adonis-biyografisi\/","url":"https:\/\/narteks.net\/index.php\/2010\/03\/17\/adonis-biyografisi\/","name":"ADON\u0130S Biyografisi - narteks.net","isPartOf":{"@id":"https:\/\/narteks.net\/#website"},"primaryImageOfPage":{"@id":"https:\/\/narteks.net\/index.php\/2010\/03\/17\/adonis-biyografisi\/#primaryimage"},"image":{"@id":"https:\/\/narteks.net\/index.php\/2010\/03\/17\/adonis-biyografisi\/#primaryimage"},"thumbnailUrl":"http:\/\/www.muverrih.net\/wp-content\/uploads\/2009\/12\/adonis.jpg","datePublished":"2010-03-17T13:43:04+00:00","breadcrumb":{"@id":"https:\/\/narteks.net\/index.php\/2010\/03\/17\/adonis-biyografisi\/#breadcrumb"},"inLanguage":"tr","potentialAction":[{"@type":"ReadAction","target":["https:\/\/narteks.net\/index.php\/2010\/03\/17\/adonis-biyografisi\/"]}]},{"@type":"ImageObject","inLanguage":"tr","@id":"https:\/\/narteks.net\/index.php\/2010\/03\/17\/adonis-biyografisi\/#primaryimage","url":"http:\/\/www.muverrih.net\/wp-content\/uploads\/2009\/12\/adonis.jpg","contentUrl":"http:\/\/www.muverrih.net\/wp-content\/uploads\/2009\/12\/adonis.jpg"},{"@type":"BreadcrumbList","@id":"https:\/\/narteks.net\/index.php\/2010\/03\/17\/adonis-biyografisi\/#breadcrumb","itemListElement":[{"@type":"ListItem","position":1,"name":"Anasayfa","item":"https:\/\/narteks.net\/"},{"@type":"ListItem","position":2,"name":"ADON\u0130S Biyografisi"}]},{"@type":"WebSite","@id":"https:\/\/narteks.net\/#website","url":"https:\/\/narteks.net\/","name":"narteks.net","description":"K\u00fclt\u00fcr Sanat Edebiyat Felsefe","publisher":{"@id":"https:\/\/narteks.net\/#organization"},"alternateName":"K\u00fclt\u00fcr Sanat Edebiyat Felsefe","potentialAction":[{"@type":"SearchAction","target":{"@type":"EntryPoint","urlTemplate":"https:\/\/narteks.net\/?s={search_term_string}"},"query-input":{"@type":"PropertyValueSpecification","valueRequired":true,"valueName":"search_term_string"}}],"inLanguage":"tr"},{"@type":"Organization","@id":"https:\/\/narteks.net\/#organization","name":"narteks.net","url":"https:\/\/narteks.net\/","logo":{"@type":"ImageObject","inLanguage":"tr","@id":"https:\/\/narteks.net\/#\/schema\/logo\/image\/","url":"https:\/\/narteks.net\/wp-content\/uploads\/narteks.png","contentUrl":"https:\/\/narteks.net\/wp-content\/uploads\/narteks.png","width":300,"height":90,"caption":"narteks.net"},"image":{"@id":"https:\/\/narteks.net\/#\/schema\/logo\/image\/"},"sameAs":["https:\/\/x.com\/narteks","https:\/\/instagram.com\/narteksnet"]},{"@type":"Person","@id":"https:\/\/narteks.net\/#\/schema\/person\/61f37d9834294b72d31d274e7ed79bca","name":"Tar\u0131k","image":{"@type":"ImageObject","inLanguage":"tr","@id":"https:\/\/narteks.net\/#\/schema\/person\/image\/","url":"https:\/\/secure.gravatar.com\/avatar\/50865afb55632c4ae467e0af0930f6510aa2297d8014be502a55b14f3b7550cf?s=96&d=mm&r=g","contentUrl":"https:\/\/secure.gravatar.com\/avatar\/50865afb55632c4ae467e0af0930f6510aa2297d8014be502a55b14f3b7550cf?s=96&d=mm&r=g","caption":"Tar\u0131k"},"sameAs":["http:\/\/narteks.net"],"url":"https:\/\/narteks.net\/index.php\/author\/narbak\/"}]}},"_links":{"self":[{"href":"https:\/\/narteks.net\/index.php\/wp-json\/wp\/v2\/posts\/4368","targetHints":{"allow":["GET"]}}],"collection":[{"href":"https:\/\/narteks.net\/index.php\/wp-json\/wp\/v2\/posts"}],"about":[{"href":"https:\/\/narteks.net\/index.php\/wp-json\/wp\/v2\/types\/post"}],"author":[{"embeddable":true,"href":"https:\/\/narteks.net\/index.php\/wp-json\/wp\/v2\/users\/1"}],"replies":[{"embeddable":true,"href":"https:\/\/narteks.net\/index.php\/wp-json\/wp\/v2\/comments?post=4368"}],"version-history":[{"count":0,"href":"https:\/\/narteks.net\/index.php\/wp-json\/wp\/v2\/posts\/4368\/revisions"}],"wp:attachment":[{"href":"https:\/\/narteks.net\/index.php\/wp-json\/wp\/v2\/media?parent=4368"}],"wp:term":[{"taxonomy":"category","embeddable":true,"href":"https:\/\/narteks.net\/index.php\/wp-json\/wp\/v2\/categories?post=4368"},{"taxonomy":"post_tag","embeddable":true,"href":"https:\/\/narteks.net\/index.php\/wp-json\/wp\/v2\/tags?post=4368"}],"curies":[{"name":"wp","href":"https:\/\/api.w.org\/{rel}","templated":true}]}}