{"id":437,"date":"2009-03-13T14:29:57","date_gmt":"2009-03-13T11:29:57","guid":{"rendered":"http:\/\/localhost\/wordpress\/2009\/03\/13\/kesik-cayir-bicilir-mi\/"},"modified":"2009-03-13T14:29:57","modified_gmt":"2009-03-13T11:29:57","slug":"kesik-cayir-bicilir-mi","status":"publish","type":"post","link":"https:\/\/narteks.net\/index.php\/2009\/03\/13\/kesik-cayir-bicilir-mi\/","title":{"rendered":"Kesik \u00c7ay\u0131r Bi\u00e7ilir Mi?"},"content":{"rendered":"<p style=\"text-align: justify;\"><span style=\"font-size: 14pt;\"><strong>Kesik \u00c7ay\u0131r Bi\u00e7ilir Mi?<\/strong><\/span><\/p>\n<p>Meram ba\u011flar\u0131, Meram \u00e7ay\u0131rlar\u0131 tan\u0131kt\u0131r, b\u00f6ylesi yi\u011fit her anaya k\u0131smet olmaz. \u0130nad\u0131na mertti, inad\u0131na yi\u011fit, inad\u0131na ya\u011f\u0131zd\u0131.<\/p>\n<p>Konya&#8217;n\u0131n valisi o y\u0131l Meram&#8217;da otururdu hep. Meram o zamanlar da en sayg\u0131de\u011fer yeriydi \u015fehrin, Mevlevi dedeleri Meram&#8217;dayd\u0131, \u00e7elebiler hepten Meram&#8217;dayd\u0131. Ve Vali pa\u015fan\u0131n y\u00e2veri, gen\u00e7 y\u00e2veri Meram&#8217;dan \u00e7ok az inerdi Konya&#8217;ya. B\u00fct\u00fcn oralar bu gen\u00e7 adam\u0131, o da b\u00fct\u00fcn oralar\u0131 tan\u0131rd\u0131, iyi tan\u0131rd\u0131.<\/p>\n<p>Y\u00e2ver, fesini sola do\u011fru devirdi. G\u00fcz demiydi. Serindi ama o yan\u0131yordu. Korkmuyordu. Oysa Kocam\u0131\u015f bir gece yollara d\u00fc\u015fm\u00fc\u015ft\u00fc &#8220;Dutlu&#8221;dan Meram&#8217;a do\u011fru, ak\u015fam namaz\u0131ndan sonra. Korkmuyordu.<\/p>\n<p> &#8220;S\u0131rt\u0131ma sepken ya\u011f\u0131yor.&#8221;<br \/> &#8220;Yanuben yorgun gelirim.&#8221; <\/p>\n<p>demi\u015f elin o\u011flu zaman\u0131nda. Y\u00e2ver i\u015fte bu h\u00e2l idi. Konya severdi bu delikanl\u0131y\u0131; O da Konya&#8217;y\u0131. Ama Konya&#8217;dan daha \u00e7ok sevdi\u011fi bir \u015fey bir ki\u015fi, bir hatun ki\u015fi vard\u0131. Meram&#8217;a ilk zamanlar s\u0131k gelirdi. Asl\u0131 Konaya&#8217;l\u0131 de\u011fildi.<\/p>\n<p>Sevdice\u011fi bir Mevlev\u00ee \u00e7elebisinin k\u0131z\u0131yd\u0131. D\u00fc\u015f\u00fcn\u00fcn, Allah etmesin dile d\u00fc\u015ferlerse \u00f6tesi yoktu bu i\u015fin. Allah etmesin dile d\u00fc\u015ferlerse, Musalla mezarl\u0131\u011f\u0131nda selviler h\u00fczzam makam\u0131ndan bir \u015fark\u0131yla ba\u015flay\u0131verirlerdi. Allah etmesin, gen\u00e7ti. Konya&#8217;n\u0131n delikanl\u0131s\u0131 zaten pek hay\u0131r okumuyordu ad\u0131n\u0131n \u00fcst\u00fcne. Allah etmesin. Ama yine de kotkmuyordu i\u015fte.<\/p>\n<p>Sevdice\u011fi bir Mevlev\u00ee \u00e7elebisinin k\u0131z\u0131yd\u0131. Gelirken- giderken bir \u015feyler olmu\u015ftu. Bir \u015feyler olmu\u015ftu \u00e7\u00fcnk\u00fc. Loraslar\u0131ndan kalkan ebabil ku\u015flar\u0131, kanatlar\u0131nda &#8220;G\u00fcnayd\u0131nlar&#8221; getirdilerdi bir g\u00fcn. Ebabil ku\u015flar\u0131n\u0131n g\u00f6zleri kahverengiydi, sol ellerinin \u00fcst\u00fcnde bir &#8220;Ben&#8221; vard\u0131 ebabil ku\u015flar\u0131n\u0131n.<\/p>\n<p>Bu gece onunla bulu\u015facakt\u0131. \u0130lk bulu\u015fmalar\u0131 de\u011fildi bu \u015f\u00fcphesiz. Ama Meram&#8217;\u0131n o \u00f6rdekba\u015f\u0131 ve \u015fili \u00e7ay\u0131rlar\u0131 o &#8220;incecik&#8221; \u00e7ay\u0131rlar\u0131 tan\u0131k olsun ki en mutlusuna gidiyordu bulu\u015fmalar\u0131n\u0131n.<\/p>\n<p>Y\u00e2ver fesini sol yana devirdi ve b\u0131y\u0131klar\u0131n\u0131 burdu. Eli-aya\u011f\u0131 yan\u0131yor gibiydi. Kerpi\u00e7 duvar\u0131 a\u015fm\u0131ya \u00e7al\u0131\u015ft\u0131. Ceketi tozland\u0131, ald\u0131rmad\u0131, hemen \u015f\u00f6yle silkiverdi eliyle, ince \u00e7ay\u0131rlar aya\u011f\u0131na dola\u015ft\u0131lar ald\u0131rmad\u0131.<\/p>\n<p>\u00c7elebi k\u0131z\u0131, Zerdalinin alt\u0131na vard\u0131. G\u00f6zleri apayd\u0131nl\u0131kt\u0131, kahverengiydi.<br \/>Y\u00e2ver yan\u0131na gelince, oturuverirdi \u00e7ay\u0131rlar\u0131n \u00fcst\u00fcne. Y\u00e2ver o cesaretsiz elleriyle \u00e7elebi k\u0131z\u0131n elini tutacak oldu, edemedi. Oturdu.<\/p>\n<p>Konya pul pul dirildi g\u00f6zbebeklerine. Yaln\u0131z Konya de\u011fil d\u00fcnyalar onundu. Anas\u0131n\u0131 hat\u0131rlad\u0131, bir zaman sonra, memleketini hat\u0131rlad\u0131, sonra kalk\u0131p gitmek istedi, niye istedi bilmem, gidemedi.Oturdu.<\/p>\n<p>Derken efendim sekiz iklimden ipil ipil bir bat\u0131 r\u00fczgar\u0131n\u0131n seranad\u0131 ba\u015flad\u0131. K\u0131z konu\u015fuyordu. \u00c7elebi k\u0131z\u0131. Derken efendim, Dere taraf\u0131ndan bir b\u00fclb\u00fcl\u00fc vurdular, ne hacetti, k\u0131z konu\u015fuyordu, y\u00e2ver \u00f6ld\u00fc \u00f6ld\u00fc dirildi.<\/p>\n<p>Konu\u015ftular. K\u0131z\u0131n elleri y\u00e2verin ellerinde serindi. Uzun uzun konu\u015ftular. A\u015fkt\u0131 bu dost. Sevgiydi. Ne Konya vard\u0131 \u00f6nlerinde, ne zerdali a\u011fa\u00e7lar\u0131, Ne Meram, ne pa\u015fa, ne \u00e7ay\u0131rlar ve ne de sekiz taraflar\u0131ndan sekiz kara binayla onlar\u0131 g\u00f6zetleyen sekiz Konya u\u015fa\u011f\u0131.<\/p>\n<p>Derken efendim, y\u00e2ver &#8220;Haydi ho\u015f\u00e7akalas\u0131z&#8221; diyecekti, diyemedi. Derken efendim sekiz karabina sekiz kur\u015fun ku\u015ftu y\u00e2verin surat\u0131na. Derken efendim, y\u00e2ver &#8220;gidem&#8221; dedi, gidemedi. \u00d6nce salland\u0131 sa\u011f aya\u011f\u0131n\u0131n \u00fczerinde \u00fc\u00e7 kez. Sonra sa yan\u0131na devrildi. K\u0131p\u0131rdayamad\u0131 bile. Sekiz Konya delikanl\u0131s\u0131 i\u00e7in sanki bir \u015fey olmam\u0131\u015ft\u0131. Dere y\u00f6resine do\u011fru &#8220;Konyal\u0131&#8221; y\u0131 \u00e7a\u011f\u0131raraktan y\u00fcr\u00fcd\u00fcler.<\/p>\n<p>Sabah yak\u0131nd\u0131. \u00c7elebi k\u0131z\u0131 \u00f6l\u00fc sevgilinin \u00fcst\u00fcne e\u011fildi. \u00d6ylece kald\u0131.<br \/>G\u00fcn \u0131\u015f\u0131\u011f\u0131nda \u00f6l\u00fc y\u00e2veri ve \u00e7elebi k\u0131z\u0131n\u0131 &#8220;incecik&#8221; \u00e7ay\u0131rlar\u0131n \u00fcst\u00fcnde buldular.<br \/>Pa\u015fa, vali pa\u015fa, y\u00e2verin anas\u0131na yan\u0131k k\u00fcnyesini g\u00f6nderdi yar\u0131ntesi g\u00fcn\u00fc.<\/p>\n<p>&#8220;\u0130nce \u00e7ay\u0131r bi\u00e7ilir mi<br \/>Sular ayaz i\u00e7ilir mi<br \/>Bana yardan vaz ge\u00e7 derler<br \/>Y\u00e2r tat&#8217;lolur ge\u00e7ilir mi&#8221;<\/p>\n<p>Sonra arkas\u0131ndan, mezar ta\u015f\u0131 olsun garibin diye bu t\u00fcrk\u00fcy\u00fc yak\u0131verdiler. &#8220;\u0130nce \u00e7ay\u0131r bi\u00e7ilir mi?&#8221; Bi\u00e7tiler bile.<\/p>\n<p>&#8220;Aman ben yand\u0131m, pa\u015fam ben yand\u0131m, <br \/>Ellerin k\u00f6y\u00fcnde vuruldum kald\u0131m.&#8221;<\/p>\n<p>Kaynak:<br \/>Kamil U\u011eURLU<br \/>Bir Konya T\u00fcrk\u00fcs\u00fcn\u00fcn Do\u011fu\u015f Hikayesi<br \/>T\u00fcrk Folklor Ara\u015ft\u0131rmalar\u0131-Kas\u0131m 1963<\/p>\n","protected":false},"excerpt":{"rendered":"<p>Kesik \u00c7ay\u0131r Bi\u00e7ilir Mi? Meram ba\u011flar\u0131, Meram \u00e7ay\u0131rlar\u0131 tan\u0131kt\u0131r, b\u00f6ylesi yi\u011fit her anaya k\u0131smet olmaz. \u0130nad\u0131na mertti, inad\u0131na yi\u011fit, inad\u0131na ya\u011f\u0131zd\u0131. Konya&#8217;n\u0131n valisi o y\u0131l Meram&#8217;da otururdu hep. Meram o zamanlar da en sayg\u0131de\u011fer yeriydi \u015fehrin, Mevlevi dedeleri Meram&#8217;dayd\u0131, \u00e7elebiler hepten Meram&#8217;dayd\u0131. Ve Vali pa\u015fan\u0131n y\u00e2veri, gen\u00e7 y\u00e2veri Meram&#8217;dan \u00e7ok az inerdi Konya&#8217;ya. B\u00fct\u00fcn oralar [&hellip;]<\/p>\n","protected":false},"author":1,"featured_media":0,"comment_status":"open","ping_status":"open","sticky":false,"template":"","format":"standard","meta":{"footnotes":""},"categories":[55],"tags":[],"class_list":{"0":"post-437","1":"post","2":"type-post","3":"status-publish","4":"format-standard","6":"category-oykuleriyle-turkuler"},"yoast_head":"<!-- This site is optimized with the Yoast SEO Premium plugin v24.9 (Yoast SEO v24.9) - https:\/\/yoast.com\/wordpress\/plugins\/seo\/ -->\n<title>Kesik \u00c7ay\u0131r Bi\u00e7ilir Mi? - narteks.net<\/title>\n<meta name=\"robots\" content=\"index, follow, max-snippet:-1, max-image-preview:large, max-video-preview:-1\" \/>\n<link rel=\"canonical\" href=\"https:\/\/narteks.net\/index.php\/2009\/03\/13\/kesik-cayir-bicilir-mi\/\" \/>\n<meta property=\"og:locale\" content=\"tr_TR\" \/>\n<meta property=\"og:type\" content=\"article\" \/>\n<meta property=\"og:title\" content=\"Kesik \u00c7ay\u0131r Bi\u00e7ilir Mi?\" \/>\n<meta property=\"og:description\" content=\"Kesik \u00c7ay\u0131r Bi\u00e7ilir Mi? Meram ba\u011flar\u0131, Meram \u00e7ay\u0131rlar\u0131 tan\u0131kt\u0131r, b\u00f6ylesi yi\u011fit her anaya k\u0131smet olmaz. \u0130nad\u0131na mertti, inad\u0131na yi\u011fit, inad\u0131na ya\u011f\u0131zd\u0131. Konya&#8217;n\u0131n valisi o y\u0131l Meram&#8217;da otururdu hep. Meram o zamanlar da en sayg\u0131de\u011fer yeriydi \u015fehrin, Mevlevi dedeleri Meram&#8217;dayd\u0131, \u00e7elebiler hepten Meram&#8217;dayd\u0131. Ve Vali pa\u015fan\u0131n y\u00e2veri, gen\u00e7 y\u00e2veri Meram&#8217;dan \u00e7ok az inerdi Konya&#8217;ya. B\u00fct\u00fcn oralar [&hellip;]\" \/>\n<meta property=\"og:url\" content=\"https:\/\/narteks.net\/index.php\/2009\/03\/13\/kesik-cayir-bicilir-mi\/\" \/>\n<meta property=\"og:site_name\" content=\"narteks.net\" \/>\n<meta property=\"article:published_time\" content=\"2009-03-13T11:29:57+00:00\" \/>\n<meta property=\"og:image\" content=\"https:\/\/narteks.net\/wp-content\/uploads\/narteks.png\" \/>\n\t<meta property=\"og:image:width\" content=\"300\" \/>\n\t<meta property=\"og:image:height\" content=\"90\" \/>\n\t<meta property=\"og:image:type\" content=\"image\/png\" \/>\n<meta name=\"author\" content=\"Tar\u0131k\" \/>\n<meta name=\"twitter:card\" content=\"summary_large_image\" \/>\n<meta name=\"twitter:creator\" content=\"@narteks\" \/>\n<meta name=\"twitter:site\" content=\"@narteks\" \/>\n<meta name=\"twitter:label1\" content=\"Yazan:\" \/>\n\t<meta name=\"twitter:data1\" content=\"Tar\u0131k\" \/>\n\t<meta name=\"twitter:label2\" content=\"Tahmini okuma s\u00fcresi\" \/>\n\t<meta name=\"twitter:data2\" content=\"4 dakika\" \/>\n<script type=\"application\/ld+json\" class=\"yoast-schema-graph\">{\"@context\":\"https:\/\/schema.org\",\"@graph\":[{\"@type\":\"Article\",\"@id\":\"https:\/\/narteks.net\/index.php\/2009\/03\/13\/kesik-cayir-bicilir-mi\/#article\",\"isPartOf\":{\"@id\":\"https:\/\/narteks.net\/index.php\/2009\/03\/13\/kesik-cayir-bicilir-mi\/\"},\"author\":{\"name\":\"Tar\u0131k\",\"@id\":\"https:\/\/narteks.net\/#\/schema\/person\/61f37d9834294b72d31d274e7ed79bca\"},\"headline\":\"Kesik \u00c7ay\u0131r Bi\u00e7ilir Mi?\",\"datePublished\":\"2009-03-13T11:29:57+00:00\",\"mainEntityOfPage\":{\"@id\":\"https:\/\/narteks.net\/index.php\/2009\/03\/13\/kesik-cayir-bicilir-mi\/\"},\"wordCount\":755,\"commentCount\":0,\"publisher\":{\"@id\":\"https:\/\/narteks.net\/#organization\"},\"articleSection\":[\"\u00d6yk\u00fcleriyle T\u00fcrk\u00fcler\"],\"inLanguage\":\"tr\",\"potentialAction\":[{\"@type\":\"CommentAction\",\"name\":\"Comment\",\"target\":[\"https:\/\/narteks.net\/index.php\/2009\/03\/13\/kesik-cayir-bicilir-mi\/#respond\"]}]},{\"@type\":\"WebPage\",\"@id\":\"https:\/\/narteks.net\/index.php\/2009\/03\/13\/kesik-cayir-bicilir-mi\/\",\"url\":\"https:\/\/narteks.net\/index.php\/2009\/03\/13\/kesik-cayir-bicilir-mi\/\",\"name\":\"Kesik \u00c7ay\u0131r Bi\u00e7ilir Mi? - narteks.net\",\"isPartOf\":{\"@id\":\"https:\/\/narteks.net\/#website\"},\"datePublished\":\"2009-03-13T11:29:57+00:00\",\"breadcrumb\":{\"@id\":\"https:\/\/narteks.net\/index.php\/2009\/03\/13\/kesik-cayir-bicilir-mi\/#breadcrumb\"},\"inLanguage\":\"tr\",\"potentialAction\":[{\"@type\":\"ReadAction\",\"target\":[\"https:\/\/narteks.net\/index.php\/2009\/03\/13\/kesik-cayir-bicilir-mi\/\"]}]},{\"@type\":\"BreadcrumbList\",\"@id\":\"https:\/\/narteks.net\/index.php\/2009\/03\/13\/kesik-cayir-bicilir-mi\/#breadcrumb\",\"itemListElement\":[{\"@type\":\"ListItem\",\"position\":1,\"name\":\"Anasayfa\",\"item\":\"https:\/\/narteks.net\/\"},{\"@type\":\"ListItem\",\"position\":2,\"name\":\"Kesik \u00c7ay\u0131r Bi\u00e7ilir Mi?\"}]},{\"@type\":\"WebSite\",\"@id\":\"https:\/\/narteks.net\/#website\",\"url\":\"https:\/\/narteks.net\/\",\"name\":\"narteks.net\",\"description\":\"K\u00fclt\u00fcr Sanat Edebiyat Felsefe\",\"publisher\":{\"@id\":\"https:\/\/narteks.net\/#organization\"},\"alternateName\":\"K\u00fclt\u00fcr Sanat Edebiyat Felsefe\",\"potentialAction\":[{\"@type\":\"SearchAction\",\"target\":{\"@type\":\"EntryPoint\",\"urlTemplate\":\"https:\/\/narteks.net\/?s={search_term_string}\"},\"query-input\":{\"@type\":\"PropertyValueSpecification\",\"valueRequired\":true,\"valueName\":\"search_term_string\"}}],\"inLanguage\":\"tr\"},{\"@type\":\"Organization\",\"@id\":\"https:\/\/narteks.net\/#organization\",\"name\":\"narteks.net\",\"url\":\"https:\/\/narteks.net\/\",\"logo\":{\"@type\":\"ImageObject\",\"inLanguage\":\"tr\",\"@id\":\"https:\/\/narteks.net\/#\/schema\/logo\/image\/\",\"url\":\"https:\/\/narteks.net\/wp-content\/uploads\/narteks.png\",\"contentUrl\":\"https:\/\/narteks.net\/wp-content\/uploads\/narteks.png\",\"width\":300,\"height\":90,\"caption\":\"narteks.net\"},\"image\":{\"@id\":\"https:\/\/narteks.net\/#\/schema\/logo\/image\/\"},\"sameAs\":[\"https:\/\/x.com\/narteks\",\"https:\/\/instagram.com\/narteksnet\"]},{\"@type\":\"Person\",\"@id\":\"https:\/\/narteks.net\/#\/schema\/person\/61f37d9834294b72d31d274e7ed79bca\",\"name\":\"Tar\u0131k\",\"image\":{\"@type\":\"ImageObject\",\"inLanguage\":\"tr\",\"@id\":\"https:\/\/narteks.net\/#\/schema\/person\/image\/\",\"url\":\"https:\/\/secure.gravatar.com\/avatar\/50865afb55632c4ae467e0af0930f6510aa2297d8014be502a55b14f3b7550cf?s=96&d=mm&r=g\",\"contentUrl\":\"https:\/\/secure.gravatar.com\/avatar\/50865afb55632c4ae467e0af0930f6510aa2297d8014be502a55b14f3b7550cf?s=96&d=mm&r=g\",\"caption\":\"Tar\u0131k\"},\"sameAs\":[\"http:\/\/narteks.net\"],\"url\":\"https:\/\/narteks.net\/index.php\/author\/narbak\/\"}]}<\/script>\n<!-- \/ Yoast SEO Premium plugin. -->","yoast_head_json":{"title":"Kesik \u00c7ay\u0131r Bi\u00e7ilir Mi? - narteks.net","robots":{"index":"index","follow":"follow","max-snippet":"max-snippet:-1","max-image-preview":"max-image-preview:large","max-video-preview":"max-video-preview:-1"},"canonical":"https:\/\/narteks.net\/index.php\/2009\/03\/13\/kesik-cayir-bicilir-mi\/","og_locale":"tr_TR","og_type":"article","og_title":"Kesik \u00c7ay\u0131r Bi\u00e7ilir Mi?","og_description":"Kesik \u00c7ay\u0131r Bi\u00e7ilir Mi? Meram ba\u011flar\u0131, Meram \u00e7ay\u0131rlar\u0131 tan\u0131kt\u0131r, b\u00f6ylesi yi\u011fit her anaya k\u0131smet olmaz. \u0130nad\u0131na mertti, inad\u0131na yi\u011fit, inad\u0131na ya\u011f\u0131zd\u0131. Konya&#8217;n\u0131n valisi o y\u0131l Meram&#8217;da otururdu hep. Meram o zamanlar da en sayg\u0131de\u011fer yeriydi \u015fehrin, Mevlevi dedeleri Meram&#8217;dayd\u0131, \u00e7elebiler hepten Meram&#8217;dayd\u0131. Ve Vali pa\u015fan\u0131n y\u00e2veri, gen\u00e7 y\u00e2veri Meram&#8217;dan \u00e7ok az inerdi Konya&#8217;ya. B\u00fct\u00fcn oralar [&hellip;]","og_url":"https:\/\/narteks.net\/index.php\/2009\/03\/13\/kesik-cayir-bicilir-mi\/","og_site_name":"narteks.net","article_published_time":"2009-03-13T11:29:57+00:00","og_image":[{"width":300,"height":90,"url":"https:\/\/narteks.net\/wp-content\/uploads\/narteks.png","type":"image\/png"}],"author":"Tar\u0131k","twitter_card":"summary_large_image","twitter_creator":"@narteks","twitter_site":"@narteks","twitter_misc":{"Yazan:":"Tar\u0131k","Tahmini okuma s\u00fcresi":"4 dakika"},"schema":{"@context":"https:\/\/schema.org","@graph":[{"@type":"Article","@id":"https:\/\/narteks.net\/index.php\/2009\/03\/13\/kesik-cayir-bicilir-mi\/#article","isPartOf":{"@id":"https:\/\/narteks.net\/index.php\/2009\/03\/13\/kesik-cayir-bicilir-mi\/"},"author":{"name":"Tar\u0131k","@id":"https:\/\/narteks.net\/#\/schema\/person\/61f37d9834294b72d31d274e7ed79bca"},"headline":"Kesik \u00c7ay\u0131r Bi\u00e7ilir Mi?","datePublished":"2009-03-13T11:29:57+00:00","mainEntityOfPage":{"@id":"https:\/\/narteks.net\/index.php\/2009\/03\/13\/kesik-cayir-bicilir-mi\/"},"wordCount":755,"commentCount":0,"publisher":{"@id":"https:\/\/narteks.net\/#organization"},"articleSection":["\u00d6yk\u00fcleriyle T\u00fcrk\u00fcler"],"inLanguage":"tr","potentialAction":[{"@type":"CommentAction","name":"Comment","target":["https:\/\/narteks.net\/index.php\/2009\/03\/13\/kesik-cayir-bicilir-mi\/#respond"]}]},{"@type":"WebPage","@id":"https:\/\/narteks.net\/index.php\/2009\/03\/13\/kesik-cayir-bicilir-mi\/","url":"https:\/\/narteks.net\/index.php\/2009\/03\/13\/kesik-cayir-bicilir-mi\/","name":"Kesik \u00c7ay\u0131r Bi\u00e7ilir Mi? - narteks.net","isPartOf":{"@id":"https:\/\/narteks.net\/#website"},"datePublished":"2009-03-13T11:29:57+00:00","breadcrumb":{"@id":"https:\/\/narteks.net\/index.php\/2009\/03\/13\/kesik-cayir-bicilir-mi\/#breadcrumb"},"inLanguage":"tr","potentialAction":[{"@type":"ReadAction","target":["https:\/\/narteks.net\/index.php\/2009\/03\/13\/kesik-cayir-bicilir-mi\/"]}]},{"@type":"BreadcrumbList","@id":"https:\/\/narteks.net\/index.php\/2009\/03\/13\/kesik-cayir-bicilir-mi\/#breadcrumb","itemListElement":[{"@type":"ListItem","position":1,"name":"Anasayfa","item":"https:\/\/narteks.net\/"},{"@type":"ListItem","position":2,"name":"Kesik \u00c7ay\u0131r Bi\u00e7ilir Mi?"}]},{"@type":"WebSite","@id":"https:\/\/narteks.net\/#website","url":"https:\/\/narteks.net\/","name":"narteks.net","description":"K\u00fclt\u00fcr Sanat Edebiyat Felsefe","publisher":{"@id":"https:\/\/narteks.net\/#organization"},"alternateName":"K\u00fclt\u00fcr Sanat Edebiyat Felsefe","potentialAction":[{"@type":"SearchAction","target":{"@type":"EntryPoint","urlTemplate":"https:\/\/narteks.net\/?s={search_term_string}"},"query-input":{"@type":"PropertyValueSpecification","valueRequired":true,"valueName":"search_term_string"}}],"inLanguage":"tr"},{"@type":"Organization","@id":"https:\/\/narteks.net\/#organization","name":"narteks.net","url":"https:\/\/narteks.net\/","logo":{"@type":"ImageObject","inLanguage":"tr","@id":"https:\/\/narteks.net\/#\/schema\/logo\/image\/","url":"https:\/\/narteks.net\/wp-content\/uploads\/narteks.png","contentUrl":"https:\/\/narteks.net\/wp-content\/uploads\/narteks.png","width":300,"height":90,"caption":"narteks.net"},"image":{"@id":"https:\/\/narteks.net\/#\/schema\/logo\/image\/"},"sameAs":["https:\/\/x.com\/narteks","https:\/\/instagram.com\/narteksnet"]},{"@type":"Person","@id":"https:\/\/narteks.net\/#\/schema\/person\/61f37d9834294b72d31d274e7ed79bca","name":"Tar\u0131k","image":{"@type":"ImageObject","inLanguage":"tr","@id":"https:\/\/narteks.net\/#\/schema\/person\/image\/","url":"https:\/\/secure.gravatar.com\/avatar\/50865afb55632c4ae467e0af0930f6510aa2297d8014be502a55b14f3b7550cf?s=96&d=mm&r=g","contentUrl":"https:\/\/secure.gravatar.com\/avatar\/50865afb55632c4ae467e0af0930f6510aa2297d8014be502a55b14f3b7550cf?s=96&d=mm&r=g","caption":"Tar\u0131k"},"sameAs":["http:\/\/narteks.net"],"url":"https:\/\/narteks.net\/index.php\/author\/narbak\/"}]}},"_links":{"self":[{"href":"https:\/\/narteks.net\/index.php\/wp-json\/wp\/v2\/posts\/437","targetHints":{"allow":["GET"]}}],"collection":[{"href":"https:\/\/narteks.net\/index.php\/wp-json\/wp\/v2\/posts"}],"about":[{"href":"https:\/\/narteks.net\/index.php\/wp-json\/wp\/v2\/types\/post"}],"author":[{"embeddable":true,"href":"https:\/\/narteks.net\/index.php\/wp-json\/wp\/v2\/users\/1"}],"replies":[{"embeddable":true,"href":"https:\/\/narteks.net\/index.php\/wp-json\/wp\/v2\/comments?post=437"}],"version-history":[{"count":0,"href":"https:\/\/narteks.net\/index.php\/wp-json\/wp\/v2\/posts\/437\/revisions"}],"wp:attachment":[{"href":"https:\/\/narteks.net\/index.php\/wp-json\/wp\/v2\/media?parent=437"}],"wp:term":[{"taxonomy":"category","embeddable":true,"href":"https:\/\/narteks.net\/index.php\/wp-json\/wp\/v2\/categories?post=437"},{"taxonomy":"post_tag","embeddable":true,"href":"https:\/\/narteks.net\/index.php\/wp-json\/wp\/v2\/tags?post=437"}],"curies":[{"name":"wp","href":"https:\/\/api.w.org\/{rel}","templated":true}]}}