{"id":4377,"date":"2010-03-18T11:03:15","date_gmt":"2010-03-18T08:03:15","guid":{"rendered":"http:\/\/localhost\/wordpress\/2010\/03\/18\/tozlu-da-olsa-taniyor-insan-kendini-unutulan-oguz-atay\/"},"modified":"2010-03-18T11:03:15","modified_gmt":"2010-03-18T08:03:15","slug":"tozlu-da-olsa-taniyor-insan-kendini-unutulan-oguz-atay","status":"publish","type":"post","link":"https:\/\/narteks.net\/index.php\/2010\/03\/18\/tozlu-da-olsa-taniyor-insan-kendini-unutulan-oguz-atay\/","title":{"rendered":"Tozlu da olsa tan\u0131yor insan kendini | Unutulan &#8211; O\u011fuz Atay"},"content":{"rendered":"<p style=\"text-align: justify;\"><img decoding=\"async\" src=\"images\/stories\/oguz_atay.jpg\" border=\"0\" style=\"float: left;\" \/>Ben tavan aras\u0131nday\u0131m sevgilim!&#8221; diye ba\u011f\u0131rd\u0131 delikten a\u015fa\u011f\u0131 do\u011fru. &#8220;Eski kitaplar bug\u00fcnlerde \u00e7ok para ediyor. Bir bakmak istiyorum onlara.&#8221; Son s\u00f6zlerimi duydu mu? &#8220;Oras\u0131 \u00e7ok karanl\u0131kt\u0131r; dur, sana bir fener vereyim.&#8221; \u0130yi. Durgun bir g\u00fcn. B\u00fct\u00fcn hayat\u0131m boyunca s\u00fcrekli bir ilgi arad\u0131\u011f\u0131m\u0131 s\u00f6ylerdi birisi bana. G\u00fcl\u00fcmsedi\u011fimi g\u00f6steren bir ayna olsayd\u0131; biraz da \u0131\u015f\u0131k.<\/p>\n<p>&#8220;Bir yerini k\u0131rars\u0131n karanl\u0131kta.&#8221; Delikten yukar\u0131 do\u011fru bir el feneri uzand\u0131. Fenerli elin ucundaki \u0131\u015f\u0131k, rastgele \u00f6nemsiz bir k\u00f6\u015feyi ayd\u0131nlatt\u0131; bu eli ok\u015fad\u0131. El kayboldu. Ne d\u00fc\u015f\u00fcn\u00fcyor acaba? G\u00fcl\u00fcmsedi: Yine mi d\u00fc\u015f\u00fcn\u00fcyor?<\/p>\n<p style=\"text-align: justify;\">Y\u0131llard\u0131r bu tozlu, \u00f6r\u00fcmcekli karanl\u0131\u011fa \u00e7\u0131kmam\u0131\u015ft\u0131. I\u015f\u0131\u011f\u0131 g\u00f6ren baz\u0131 b\u00f6cekler ka\u00e7\u0131\u015ft\u0131lar. Korku; fakat yararl\u0131 olaca\u011f\u0131n\u0131 d\u00fc\u015f\u00fcnmek kuvvetlendirdi onu. Belki de hi\u00e7bir \u015fey s\u00f6ylemeden ba\u015farmal\u0131yd\u0131m bu i\u015fi. Benden bir kar\u015f\u0131l\u0131k beklemiyor. Ona yard\u0131m etmek mi bu? Bilmiyorum, bazen kar\u0131\u015ft\u0131r\u0131yorum; \u00f6zellikle, ba\u015f\u0131mda u\u011fultular oldu\u011fu zamanlar. Onun gibi d\u00fc\u015f\u00fcnmeyi bilmek isterdim. Bana belli etmemeye \u00e7al\u0131\u015farak izliyor beni. \u00c7ekiniyor. Acele etmeliyim \u00f6yleyse. Feneri yak\u0131n bir yer tuttu; annesiyle babas\u0131n\u0131n resimleri. Aralar\u0131nda eski bir ayakkab\u0131 torbas\u0131, k\u0131r\u0131k birka\u00e7 lamba. Neden hi\u00e7 sevmediler birbirlerini? \u00d6lecekler diye \u00f6ylesine korkmu\u015ftum ki.<\/p>\n<p>Torbay\u0131 kar\u0131\u015ft\u0131rd\u0131: Tuvaletle gitti\u011fim ilk baloda giymi\u015ftim bunlar\u0131. Her gece biriyle d\u0131\u015far\u0131 \u00e7\u0131kard\u0131m, dans etmek i\u00e7in Aman Allah&#8217;\u0131m! Nas\u0131l yapm\u0131\u015f\u0131m bunu? Ellerinin tozunu elbisenin \u00fcst\u00fcne sildi. Mor ayakkab\u0131lar\u0131na bakt\u0131: Buru\u015fmu\u015flar, k\u00fcflenmi\u015fler. Sol aya\u011f\u0131na giydi birini: \u00d6l\u00e7\u00fclerin hi\u00e7 de\u011fi\u015fmemi\u015f. Utand\u0131, yine de \u00e7\u0131karamad\u0131 aya\u011f\u0131ndan. Topallayarak bir iki ad\u0131m att\u0131. Sonra resimlere yakla\u015ft\u0131, diz \u00e7\u00f6kt\u00fc, yan yana getirdi onlar\u0131. Dirse\u011fiyle tozlar\u0131n\u0131 sildi biraz. Beni de kendilerini de anlamad\u0131lar. Ne kadar a\u011flam\u0131\u015ft\u0131m. A\u015fa\u011f\u0131da onlara bir yer bulabilir miyim? Koridorda sand\u0131k odas\u0131nda&#8230; Sa\u00e7mal\u0131yorum. Onlar\u0131 unutmad\u0131m, onlar\u0131 unutmad\u0131m.<\/p>\n<p>Babas\u0131n\u0131n y\u00fcz\u00fcnde gururlu bir somurtkanl\u0131k vard\u0131. Ayn\u0131 duvara asamam onlar\u0131. Evin d\u00fczenini h\u0131zla g\u00f6z\u00fcn\u00fcn \u00f6n\u00fcnden ge\u00e7irdi. Yan yana olmak istemezlerdi; mezarda bile. Resimlerden birini ald\u0131; feneri yere b\u0131rakm\u0131\u015ft\u0131, hangi resmi ald\u0131\u011f\u0131n\u0131 bilemedi. Y\u00fcksek\u00e7e bir yere koydu onu. Biraz tela\u015flanm\u0131\u015ft\u0131; dizini bir tahtaya \u00e7arpt\u0131. Sendeledi, yere d\u00fc\u015ft\u00fc; hafif bir d\u00fc\u015f\u00fc\u015f. Kalkmaya cesaret edemedi; emekleyerek fenerin yan\u0131na gitti. Bir torba daha. Bo\u015faltt\u0131: Eski foto\u011fraflar! Amac\u0131ndan uzakla\u015f\u0131yordu.<\/p>\n<p>Bana bask\u0131 yapt\u0131\u011f\u0131n\u0131 d\u00fc\u015f\u00fcnmemeliyim. Y\u00fcz\u00fcne kar\u015f\u0131 s\u00f6ylesem bile, i\u00e7imden ge\u00e7irmemeliyim bunu. Aceleyle resimleri yere yayd\u0131, el fenerini dola\u015ft\u0131rd\u0131 tozlu karart\u0131lar \u00fczerinde. Ba\u015fka bir eve \u00e7\u0131km\u0131\u015f olabilirdim, bir daha hi\u00e7 g\u00f6rmeyece\u011fim birine b\u0131rakm\u0131\u015f olabilirdim b\u00fct\u00fcn bunlar\u0131. Resimleri kar\u0131\u015ft\u0131rd\u0131: Ne kadar \u00e7ok resim \u00e7ektirmi\u015fim ya rabbi! \u00c7o\u011fu da iyi \u00e7\u0131kmam\u0131\u015f. G\u00fcl\u00fcmsedi: O zamanlar ne kdar uzunmu\u015f etekler! \u00c7irkin bir uzunluk. Duru\u015flar da g\u00fcl\u00fcn\u00e7 Kim bilir hangi filmden? Arakam\u0131 d\u00f6n\u00fcp y\u00fcr\u00fcyormu\u015f gibi yapm\u0131\u015f\u0131m da birden ba\u015f\u0131m\u0131 \u00e7evirmi\u015fim. Kime bakm\u0131\u015f\u0131m acaba? Ayn\u0131 elbiseyle bir resim daha.<\/p>\n<p>Yan\u0131mda biri var. Resim \u00e7ok tozlanm\u0131\u015ft\u0131. Tozlu da olsa tan\u0131yor insan kendini. Parma\u011f\u0131n\u0131 \u0131slatt\u0131 diliyle; tozlar \u00f6nce \u00e7amur oldu, sonra&#8230; \u0130lk kocas\u0131n\u0131n g\u00fcl\u00fcmseyen y\u00fcz\u00fcn\u00fc g\u00f6rd\u00fc parma\u011f\u0131n\u0131n ucunda. Aman yarabbi! Bir zamanlar evliydim ben de&#8230; sonra yine evliydim. \u0130nsan bir g\u00fcnde varam\u0131yor bir yere, ne yapal\u0131m? Nereye? Tan\u0131mlayamad\u0131\u011f\u0131m, bir ad veremedi\u011fim duygular y\u00fcz\u00fcnden ne kdar \u00fcz\u00fclm\u00fc\u015ft\u00fck. E\u011fildi, bir avu\u00e7 resim ald\u0131 yerden: Bu resim \u00e7ekilmeden \u00f6nce, nas\u0131l hi\u00e7 yoktan bir mesele \u00e7\u0131karm\u0131\u015ft\u0131m, sonra da y\u00fcr\u00fcy\u00fcp gitmi\u015ftim. Sonra ne olmu\u015ftu? Sonra&#8230; Buradas\u0131n ya&#8230; bu evde. Demek sonra ghi\u00e7bir \u015fey olmad\u0131 onunla ilgili. Ne k\u00f6t\u00fc, ne de iyi bir \u015fey: demek ki hi\u00e7bir \u015fey.<\/p>\n<p>Ama bunu hissetmedim; ge\u00e7i\u015fler \u00f6yle sezdirmeden oldu ki&#8230; Hay\u0131r, d\u00fc\u015f\u00fcncelerin kar\u0131\u015ft\u0131; basit anlam\u0131yla s\u00f6zlerin&#8230; Bununla ne ilgisi var? Fakat ben&#8230; ondan ka\u00e7arken, nas\u0131l oldu da birden ba\u015f\u0131m\u0131 \u00e7evirip bu resmi \u00e7ektirdim. Hep b\u00f6yle mi durdum resimlerde? Y\u00fcksek\u00e7e bir yere oturdu, ba\u015f\u0131n\u0131 ellerinin aras\u0131na al\u0131p d\u00fc\u015f\u00fcnmeye ba\u015flad\u0131. Onun da y\u00fcz\u00fc kim bilir nas\u0131ld\u0131? Herhalde ben su\u00e7luyum, resim \u00e7ekilirken de\u011fil&#8230; belki o s\u0131rada hakl\u0131yd\u0131m, muhakkak hakl\u0131yd\u0131m. \u00c7ok daha \u00f6nce&#8230; \u00e7ok daha \u00f6nce&#8230;<\/p>\n<p>Bir an \u00f6nce kitaplara ula\u015fmak istedi, geriye do\u011fru bu sonsuz yolculuk bitsin istedi. Eski balo ayakkab\u0131s\u0131n\u0131 aya\u011f\u0131ndan \u00e7\u0131karmaya \u00e7al\u0131\u015ft\u0131. Sonra arkas\u0131 kapal\u0131 yumu\u015fak terliklerini bulamad\u0131 bir t\u00fcrl\u00fc. Sendeleyerek el fenerine do\u011fru y\u00fcr\u00fcd\u00fc. \u0130lerdeki k\u00f6\u015fede olmal\u0131yd\u0131 kitap sand\u0131\u011f\u0131. Fakat orada kitap sand\u0131\u011f\u0131na benzemeyen karanl\u0131k \u00e7\u0131k\u0131nt\u0131lar vard\u0131. Feneri bu garip y\u0131\u011f\u0131na do\u011fru tuttu. Korkuyla geri \u00e7ekildi: Biri vard\u0131 orda, oturan buir. Feneri al\u0131p b\u00fct\u00fcn g\u00fcc\u00fcyle deli\u011fe ka\u00e7mak istedi, k\u0131m\u0131ldayamad\u0131. Korkusuna ra\u011fmen fenerle birlikte, ona yakla\u015ft\u0131. Ne yapm\u0131\u015fsa korkusuna ra\u011fmen yapm\u0131\u015ft\u0131 hayat\u0131 boyunca. Yoksa \u00e7oktan kaybolup gitmi\u015fti. Feneri onun y\u00fcz\u00fcne tuttu:<\/p>\n<p>Aman Allah&#8217;\u0131m! Eski sevgilisi yat\u0131yordu yerde. Tozlanm\u0131\u015f, \u00f6r\u00fcmcek ba\u011flam\u0131\u015f; tavan aras\u0131ndaki her \u015fey gibi. Kitap sand\u0131\u011f\u0131na ver resim tahtalar\u0131na \u00f6r\u00fcmcek a\u011flar\u0131yla tutturulmu\u015f eski bir heykel gibi. Sa\u011f kolu bir masan\u0131n kenar\u0131na dayal\u0131; parmaklar\u0131 kalem tutar gibi a\u015fa\u011f\u0131 ayr\u0131lm\u0131\u015f, bo\u015flukta. Dizleri titredi, di\u015fleri birbirine \u00e7arpt\u0131, aya\u011f\u0131n\u0131n alt\u0131ndan kay\u0131p gitti d\u00f6\u015feme; kayarken de aya\u011f\u0131na \u00e7arpan resim masas\u0131 devrildi. Kol yine bo\u015flukta kald\u0131: \u00d6r\u00fcmcek a\u011flar\u0131yla tavana tutturulmu\u015ftu. Bu eliyle ne yapmak istedi:? Bir \u015feyler mi yazmaya \u00e7al\u0131\u015ft\u0131? Ne yaz\u0131k, hi\u00e7bir zaman bilemeyece\u011fim. Sol yerdeydi., bir tabanca tutuyordu. Ah! Kendini mi \u00f6ld\u00fcrd\u00fc yoksa? Olamaz!Bir \u015fey yapsayd\u0131 ben bilirdim; her \u015feyi s\u00f6ylerdi bana. \u00d6yle konu\u015fmu\u015ftuk. Beni b\u0131rakmazd\u0131 yaln\u0131z ba\u015f\u0131ma.<\/p>\n<p>Sonra hat\u0131rlad\u0131: Bir g\u00fcn tavan aras\u0131na \u00e7\u0131km\u0131\u015ft\u0131 eski sevgilisi, \u015fiddetli bir kavgadan sonra. \u0130kisinin de, art\u0131k dayanam\u0131yorum, dedi\u011fi bir g\u00fcn. Ayr\u0131nt\u0131lar\u0131 bulmaya \u00e7al\u0131\u015ft\u0131: Belki de b\u00fcy\u00fck bir tart\u0131\u015fma olmam\u0131\u015ft\u0131. Biraz kavgal\u0131yd\u0131lar galiba. G\u00fcl\u00fcmsedi Bu biraz s\u00f6z\u00fcne k\u0131zard\u0131. Onu tavan aras\u0131nda b\u0131rak\u0131p soka\u011fa f\u0131rlam\u0131\u015ft\u0131. \u00d6lece\u011fini hissediyordu. Peki ama neden? Bilmiyordu; duygunun \u015fiddeti kalm\u0131\u015ft\u0131 akl\u0131nda sadece. Sonra &#8216;onu&#8217; g\u00f6rm\u00fc\u015ft\u00fc sokakta: B\u00fct\u00fcn mutsuzlu\u011funa, kendini zay\u0131f hissetmesine, \u00f6lmek istemesine ra\u011fmen &#8216;onun&#8217; g\u00f6zlerindeki ilgiyi, insan\u0131 al\u0131p g\u00f6t\u00fcren ba\u015fkal\u0131\u011f\u0131 fark etmi\u015fti nedense. O g\u00fcn eve yaln\u0131z d\u00f6nm\u00fc\u015ft\u00fc tabii. Ne kadar daha \u00e7ok g\u00fcn eve yaln\u0131z d\u00f6nd\u00fcm onda sonra da. \u015eimdi kar\u015f\u0131mda konu\u015fsayd\u0131. &#8216;Ne kadar dah \u00e7ok&#8217; olur mu? Deseydi. Titreyen dizlerinin \u00fcst\u00fcne \u00e7\u00f6kt\u00fc, el fenerini tutu onun y\u00fcz\u00fcne: G\u00f6zleri a\u00e7\u0131kt\u0131, canl\u0131yd\u0131. Bakamad\u0131, ba\u015f\u0131n\u0131 karanl\u0131\u011fa \u00e7evirdi.<\/p>\n<p>Sonra bakt\u0131 yine; onu, \u00f6l\u00fcm kal\u0131m meselelerinde yaln\u0131z b\u0131rakmayan g\u00fcc\u00fcnden yararland\u0131 yine. Hi\u00e7 bozulmam\u0131\u015f; ge\u00e7 kalmasayd\u0131m b\u00f6yle olmazd\u0131 belki. \u00dcz\u00fcld\u00fc. Fakat hi\u00e7 de\u011fi\u015fmemi\u015f; son g\u00f6rd\u00fc\u011f\u00fcm gibi, g\u00f6zleri bile a\u00e7\u0131k. Yaln\u0131z, g\u00f6zlerin bu canl\u0131l\u0131\u011f\u0131nda bir ba\u015fkal\u0131k var: Her \u015feyi bildi\u011fi halde duygulanamayan bir ifade. G\u00f6r\u00fcn\u00fc\u015f\u00fcme bakma, i\u00e7im \u00f6ld\u00fc art\u0131k diye korkuturdu beni. \u0130nanmazd\u0131m. \u00d6yle \u015feyler bulup s\u00f6ylerdi ki \u00f6ld\u00fc\u011f\u00fc halde. Belki beni izliyor yine. Yerini de\u011fi\u015ftirdi. Benimle ilgili de\u011filsin diyerek \u00fczerdim onu. Hay\u0131r bakm\u0131yor bana. Belki de d\u00fc\u015f\u00fcn\u00fcyor. Birden konu\u015fmaya ba\u015flard\u0131. B\u00fct\u00fcn bunlar\u0131 ne zaman d\u00fc\u015f\u00fcn\u00fcyorsun diye sorard\u0131m ona.<\/p>\n<p>Ne zaman d\u00fc\u015f\u00fcnd\u00fc\u011f\u00fcn\u00fc bir t\u00fcrl\u00fc g\u00f6remiyorum. Hay\u0131r, ger\u00e7ekten \u00f6lmedi; \u00e7\u00fcnk\u00fc ben ya\u015fayamazd\u0131m \u00f6lseydi. Bunu biliyordu. Bu kadar yak\u0131n\u0131mda oldu\u011funu bilmiyordum ama sen bir yerde var olursan ya\u015fayabilirim ancak demi\u015ftim. Nas\u0131l olursan ol, var oldu\u011funu bilmek bana yeter demi\u015ftim. Bunu kavgadan \u00e7ok \u00f6nce s\u00f6ylemi\u015ftim asma \u00e7al\u0131\u015fmam\u0131z\u0131n hi\u00e7bir \u015feyi de\u011fi\u015ftirmeyece\u011fini biliyordu. Sonra onu bir s\u00fcre g\u00f6rmek istemedi\u011fim halde, onun orada oldu\u011funu bildi\u011fim halde, tavan aras\u0131na bir t\u00fcrl\u00fc \u00e7\u0131kamad\u0131\u011f\u0131m halde onu d\u00fc\u015f\u00fcnd\u00fc\u011f\u00fcm\u00fc, onsuz ya\u015fayamayaca\u011f\u0131m\u0131 biliyordu. Sonra neden aramad\u0131m? B\u00fcr t\u00fcrl\u00fc f\u0131rsat olmad\u0131; her an onu d\u00fc\u015f\u00fcnd\u00fc\u011f\u00fcm halde hep bir engel \u00e7\u0131kt\u0131. A\u015fa\u011f\u0131da yeni se4sler, yeni g\u00fcr\u00fclt\u00fcler duydu\u011fu i\u00e7in inmedi bir s\u00fcre herhalde. Oysa biliyordu: Aram\u0131zda, hi\u00e7bir yeni varl\u0131\u011f\u0131n \u00f6nemi yoktu; konu\u015fmu\u015ftuk b\u00fct\u00fcn bunlar\u0131. Ben de onun inmesini beklemi\u015f olmal\u0131y\u0131m. Beni \u00fczmek i\u00e7in inmedi\u011fini d\u00fc\u015f\u00fcnd\u00fcm \u00f6nceleri. Sonra&#8230;<\/p>\n<p>Bir t\u00fcrl\u00fc olmad\u0131 i\u015fte. \u00c7\u0131kamad\u0131m: Gelenler, gidenler, ge\u00e7im s\u0131k\u0131nt\u0131s\u0131, yemek, bula\u015f\u0131k, evin temizli\u011fi &#8216;onun&#8217; bak\u0131m\u0131 (\u00e7ocuk gibiydi, kendisine bakmas\u0131n\u0131 bilmiyordu), babamla annemin \u00f6l\u00fcm\u00fc, bir \u015feyler yapma tela\u015f\u0131, \u00f6n\u00fcmde hep yap\u0131lmas\u0131 gereken i\u015flerin y\u0131\u011f\u0131lmas\u0131. Orada tavan aras\u0131nda oldu\u011funu unuttum sonunda. (Onu unutmad\u0131m tabii). Ne bileyim, daha mutsuz insanlar vard\u0131; onlarla u\u011fra\u015ft\u0131m. Tavan aras\u0131nda bu kadar kalaca\u011f\u0131n\u0131 da d\u00fc\u015f\u00fcnemedim herhalde. Bir yolunu bulup gitmi\u015ftir diye d\u00fc\u015f\u00fcnd\u00fcm. Ba\u015fka nas\u0131l d\u00fc\u015f\u00fcnebilirdim? Ya\u015famam i\u00e7in, onun her an var olmas\u0131 gerekliydi. Ba\u015fka t\u00fcrl\u00fc hissetseydim, \u00f6lm\u00fc\u015ft\u00fcm \u015fimdi. Ayr\u0131ca, ka\u00e7 kere tavan aras\u0131na \u00e7\u0131kmay\u0131 i\u00e7imden ge\u00e7irdim. Hele kendini \u00f6ld\u00fcrd\u00fc\u011f\u00fcn\u00fc duysayd\u0131m, muhakkak \u00e7\u0131kard\u0131m. Darg\u0131n oldu\u011fumuza filan bakmazd\u0131m.<\/p>\n<p>Duydum mu yoksa? Bir keresinde yukar\u0131da bir g\u00fcr\u00fclt\u00fc olmu\u015ftu galiba, r\u00fczgar bir kap\u0131y\u0131 \u00e7arpt\u0131 sanm\u0131\u015ft\u0131m. Fakat nas\u0131l olur? Onun tavan aras\u0131na \u00e7\u0131kmas\u0131ndan g\u00fcnlerce sonra duymu\u015ftum bu sesi. Ve ben g\u00fcnlerce bir k\u00f6\u015feye b\u00fcz\u00fcl\u00fcp kalm\u0131\u015ft\u0131m. Hi\u00e7bir yere \u00e7\u0131kamam\u0131\u015ft\u0131m. Ate\u015f etmi\u015fti demek. Yoksa kalbine&#8230;<\/p>\n<p>Titreyerek e\u011fildi: Kalbine bakmal\u0131y\u0131m. Elbisesinin sol yan\u0131 \u00e7\u00fcr\u00fcm\u00fc\u015ft\u00fc; elinin hafif bir dokunu\u015fuyla da\u011f\u0131ld\u0131. \u0130\u00e7inden bir s\u00fcr\u00fc hamamb\u00f6ce\u011fi \u00e7\u0131karak ortal\u0131\u011fa yay\u0131ld\u0131. Onun bak\u0131m\u0131yla ilgilenmedim, elbiselerini hi\u00e7 g\u00f6zden ge\u00e7irmedim; belki de dikmedi\u011fim bir s\u00f6k\u00fckten yemeye ba\u015flad\u0131lar hamamb\u00f6cekleri onu. Deli\u011fi b\u00fcy\u00fctt\u00fcler sonunda. Eliyle elbisenin alt\u0131n\u0131 yoklad\u0131. Neyse i\u00e7 \u00e7ama\u015f\u0131rlar\u0131ndan \u00f6teye ge\u00e7ememi\u015fler.<\/p>\n<p>Derisi oldu\u011fu gibi duruyor. Teni \u00e7ok s\u0131cak say\u0131lmaz ama kalbi yerindedir herhalde. Korkarak g\u00f6\u011fs\u00fcn\u00fcn sol yan\u0131na dokundu: \u0130\u015fte orada biliyorum. Ba\u015fka t\u00fcrl\u00fc ya\u015fayamazd\u0131m \u00e7\u00fcnk\u00fc. (\u00c7\u00fcnk\u00fc&#8217;y\u00fc c\u00fcmlenin ba\u015f\u0131nda s\u00f6ylemeliydim, \u015fimdi k\u0131zacak. Evet, her an onun s\u00f6zlerini d\u00fc\u015f\u00fcnerek ya\u015fad\u0131m, \u015fimdi acaba ne der diye d\u00fc\u015f\u00fcnd\u00fcm.) Yaln\u0131z bu kadar\u0131 \u00e7\u00fcr\u00fcm\u00fc\u015f. \u0130yi. \u015eimdi onu nas\u0131l inand\u0131rabilirim b\u00fct\u00fcn bu s\u00fcreyi onunla birlikte ya\u015fad\u0131\u011f\u0131ma? Onun unutmu\u015f gibi ya\u015farken onu d\u00fc\u015f\u00fcnd\u00fc\u011f\u00fcme? Anlamaz, g\u00f6r\u00fcn\u00fc\u015fe kap\u0131l\u0131r, anlamaz. Ba\u015fkas\u0131na rastlad\u0131\u011f\u0131m i\u00e7in, bu yeni ili\u015fkinin her \u015feyi unutturdu\u011funu d\u00fc\u015f\u00fcn\u00fcr.Oysa her \u015feyi hat\u0131rl\u0131yorum; tavan aras\u0131na \u00e7\u0131kt\u0131\u011f\u0131 g\u00fcn bu elbiseyi giydi\u011fini bile. El fenerini \u00f6l\u00fcn\u00fcn \u00fczerinde dola\u015ft\u0131rd\u0131: \u00d6r\u00fcmcek a\u011flar\u0131n\u0131n gerisinde sesli bir g\u00f6r\u00fcn\u00fc\u015f\u00fc var.<\/p>\n<p>Yaln\u0131z a\u011flar\u0131n aras\u0131ndan elimi, onun kalbine g\u00f6t\u00fcrd\u00fc\u011f\u00fcm yer biraz karanl\u0131k. R\u00fcya gibi bir resim. Birlikte hi\u00e7 resim \u00e7ektirmemi\u015ftik. Bir s\u00fcr\u00fc \u015fey gibi bunu da yapamad\u0131k nedense; bir t\u00fcrl\u00fc olmad\u0131. Bir ko\u015fu\u015fma, durmadan bir \u015feylerle u\u011fra\u015fma&#8230; Neden ko\u015fuyorduk, acelemiz neydi? Tavan aras\u0131na \u00e7\u0131kt\u0131\u011f\u0131 g\u00fcne kadar, bir \u015feyin arkas\u0131ndan hep ba\u015fka bir \u015fey yapt\u0131k, hi\u00e7 durmad\u0131k, hi\u00e7 tekrarlamad\u0131k. Sonra k\u00f6\u015femde kald\u0131m g\u00fcnlerce; ne yedim ne d\u00fc\u015f\u00fcnd\u00fcm. Sigara i\u00e7tim durmadan.<\/p>\n<p>Evi ya\u015fanmaz bir duruma getirdim sonunda. Bir sava\u015f sonu karga\u015fal\u0131\u011f\u0131 sard\u0131 her yan\u0131. D\u00fczen i\u00e7inde ya\u015famay\u0131 bir bak\u0131ma sevdi\u011fim halde, dayan\u0131lmaz bir pislik ve pasakl\u0131l\u0131k i\u00e7inde \u00e7\u0131rp\u0131nd\u0131m. Belki de b\u00f6ylece kendimi cezaland\u0131rm\u0131\u015f oldum. Soka\u011fa f\u0131rlamak, &#8216;ona&#8217; gitmek i\u00e7in, \u00f6ld\u00fcr\u00fcc\u00fc bir \u00fcmitsizli\u011fe d\u00fc\u015fmek istedim. Kim bilir? Belki de, kendim i\u00e7in b\u00f6yle k\u00f6t\u00fc \u015feyler d\u00fc\u015f\u00fcnmemi istersin diye s\u00f6yl\u00fcyorum bunlar\u0131. Fakat senin \u00f6lece\u011fini, kendini \u00f6ld\u00fcrece\u011fini hi\u00e7 d\u00fc\u015f\u00fcnmedim. Uzak bir yerde, hi\u00e7 olmazsa g\u00f6r\u00fcn\u00fc\u015fte sakin bir ya\u015fant\u0131 i\u00e7inde olaca\u011f\u0131n\u0131 hayal ettim senin.<\/p>\n<p>I\u015f\u0131\u011f\u0131n alt\u0131ndan ka\u00e7maya \u00e7abalayan bir hamamb\u00f6ce\u011fi tak\u0131ld\u0131 g\u00f6z\u00fcne, kendine geldi. El feneriyle izledi b\u00f6ce\u011fi: \u00c7irkin yarat\u0131k, yukar\u0131 \u00e7\u0131kmaya \u00e7al\u0131\u015f\u0131yordu a\u011flara tak\u0131larak. B\u00f6ce\u011fin ayaklar\u0131, elbiseyi par\u00e7alar diye korktu. Y\u0131llar ge\u00e7mi\u015fti, k\u00fc\u00e7\u00fck bir dokunu\u015fa dayanamazd\u0131, kim bilir? \u0130\u015fte, boynundan yukar\u0131 do\u011fru \u00e7\u0131k\u0131yor, yana\u011f\u0131nda biraz sendeledi: Sakal\u0131 biraz uzam\u0131\u015f da ondan; zaten her g\u00fcn t\u0131ra\u015f olmay\u0131 sevmezdi. Yanaktan yukar\u0131 \u00e7\u0131kan b\u00f6cek, \u015faka\u011fa do\u011fru g\u00f6zden kayboldu. El fenerini oraya tutsam m\u0131?<\/p>\n<p>Hay\u0131r. Korktu; fakat yar\u0131 karanl\u0131kta kur\u015funun deli\u011fini g\u00f6rd\u00fc. Titreyerek geri \u00e7ekildi\u011fi s\u0131rada, ayn\u0131 delikten \u00e7\u0131kt\u0131 hamamb\u00f6ce\u011fi: Bacaklar\u0131n\u0131n aras\u0131nda k\u00fc\u00e7\u00fck, p\u00fcr\u00fczl\u00fc bir par\u00e7a ta\u015f\u0131yordu. Deh\u015fete kap\u0131larak feneri deli\u011fin i\u00e7ine tuttu: I\u015f\u0131nlar, kafatas\u0131n\u0131n i\u00e7 duvarlar\u0131nda yans\u0131d\u0131. Eyvah! B\u00f6cekler beynini yemi\u015flerdi, en yumu\u015fak taraf\u0131n\u0131. Belki de hamamb\u00f6ce\u011fi son par\u00e7ay\u0131 ta\u015f\u0131yordu. Kendini tutamad\u0131: &#8220;Seni \u00e7ok mu yaln\u0131z b\u0131rakt\u0131lar sevgilim?&#8221; dedi. A\u015fa\u011f\u0131dan, ba\u015fka bir deli\u011fin i\u00e7inden sevgilisinin sesini duydu.<\/p>\n<p>&#8220;Bir \u015fey mi s\u00f6yledin can\u0131m?&#8221;<\/p>\n<p>Elini tela\u015fla kitap sand\u0131\u011f\u0131na soktu. &#8220;Hi\u00e7&#8221; diye kar\u015f\u0131l\u0131k verdi aceleyle. &#8220;Kendi kendime konu\u015fuyordum.&#8221;<\/p>\n<p>Korkuyu Beklerken \/ Unutulan<\/p>\n","protected":false},"excerpt":{"rendered":"<p>Ben tavan aras\u0131nday\u0131m sevgilim!&#8221; diye ba\u011f\u0131rd\u0131 delikten a\u015fa\u011f\u0131 do\u011fru. &#8220;Eski kitaplar bug\u00fcnlerde \u00e7ok para ediyor. Bir bakmak istiyorum onlara.&#8221; Son s\u00f6zlerimi duydu mu? &#8220;Oras\u0131 \u00e7ok karanl\u0131kt\u0131r; dur, sana bir fener vereyim.&#8221; \u0130yi. Durgun bir g\u00fcn. B\u00fct\u00fcn hayat\u0131m boyunca s\u00fcrekli bir ilgi arad\u0131\u011f\u0131m\u0131 s\u00f6ylerdi birisi bana. G\u00fcl\u00fcmsedi\u011fimi g\u00f6steren bir ayna olsayd\u0131; biraz da \u0131\u015f\u0131k. &#8220;Bir yerini [&hellip;]<\/p>\n","protected":false},"author":1,"featured_media":0,"comment_status":"open","ping_status":"open","sticky":false,"template":"","format":"standard","meta":{"footnotes":""},"categories":[114],"tags":[],"class_list":{"0":"post-4377","1":"post","2":"type-post","3":"status-publish","4":"format-standard","6":"category-turkiye-den-oykuler"},"yoast_head":"<!-- This site is optimized with the Yoast SEO Premium plugin v24.9 (Yoast SEO v24.9) - https:\/\/yoast.com\/wordpress\/plugins\/seo\/ -->\n<title>Tozlu da olsa tan\u0131yor insan kendini | Unutulan - O\u011fuz Atay - narteks.net<\/title>\n<meta name=\"robots\" content=\"index, follow, max-snippet:-1, max-image-preview:large, max-video-preview:-1\" \/>\n<link rel=\"canonical\" href=\"https:\/\/narteks.net\/index.php\/2010\/03\/18\/tozlu-da-olsa-taniyor-insan-kendini-unutulan-oguz-atay\/\" \/>\n<meta property=\"og:locale\" content=\"tr_TR\" \/>\n<meta property=\"og:type\" content=\"article\" \/>\n<meta property=\"og:title\" content=\"Tozlu da olsa tan\u0131yor insan kendini | Unutulan - O\u011fuz Atay\" \/>\n<meta property=\"og:description\" content=\"Ben tavan aras\u0131nday\u0131m sevgilim!&#8221; diye ba\u011f\u0131rd\u0131 delikten a\u015fa\u011f\u0131 do\u011fru. &#8220;Eski kitaplar bug\u00fcnlerde \u00e7ok para ediyor. Bir bakmak istiyorum onlara.&#8221; Son s\u00f6zlerimi duydu mu? &#8220;Oras\u0131 \u00e7ok karanl\u0131kt\u0131r; dur, sana bir fener vereyim.&#8221; \u0130yi. Durgun bir g\u00fcn. B\u00fct\u00fcn hayat\u0131m boyunca s\u00fcrekli bir ilgi arad\u0131\u011f\u0131m\u0131 s\u00f6ylerdi birisi bana. G\u00fcl\u00fcmsedi\u011fimi g\u00f6steren bir ayna olsayd\u0131; biraz da \u0131\u015f\u0131k. &#8220;Bir yerini [&hellip;]\" \/>\n<meta property=\"og:url\" content=\"https:\/\/narteks.net\/index.php\/2010\/03\/18\/tozlu-da-olsa-taniyor-insan-kendini-unutulan-oguz-atay\/\" \/>\n<meta property=\"og:site_name\" content=\"narteks.net\" \/>\n<meta property=\"article:published_time\" content=\"2010-03-18T08:03:15+00:00\" \/>\n<meta property=\"og:image\" content=\"https:\/\/narteks.net\/wp-content\/uploads\/narteks.png\" \/>\n\t<meta property=\"og:image:width\" content=\"300\" \/>\n\t<meta property=\"og:image:height\" content=\"90\" \/>\n\t<meta property=\"og:image:type\" content=\"image\/png\" \/>\n<meta name=\"author\" content=\"Tar\u0131k\" \/>\n<meta name=\"twitter:card\" content=\"summary_large_image\" \/>\n<meta name=\"twitter:creator\" content=\"@narteks\" \/>\n<meta name=\"twitter:site\" content=\"@narteks\" \/>\n<meta name=\"twitter:label1\" content=\"Yazan:\" \/>\n\t<meta name=\"twitter:data1\" content=\"Tar\u0131k\" \/>\n\t<meta name=\"twitter:label2\" content=\"Tahmini okuma s\u00fcresi\" \/>\n\t<meta name=\"twitter:data2\" content=\"12 dakika\" \/>\n<script type=\"application\/ld+json\" class=\"yoast-schema-graph\">{\"@context\":\"https:\/\/schema.org\",\"@graph\":[{\"@type\":\"Article\",\"@id\":\"https:\/\/narteks.net\/index.php\/2010\/03\/18\/tozlu-da-olsa-taniyor-insan-kendini-unutulan-oguz-atay\/#article\",\"isPartOf\":{\"@id\":\"https:\/\/narteks.net\/index.php\/2010\/03\/18\/tozlu-da-olsa-taniyor-insan-kendini-unutulan-oguz-atay\/\"},\"author\":{\"name\":\"Tar\u0131k\",\"@id\":\"https:\/\/narteks.net\/#\/schema\/person\/61f37d9834294b72d31d274e7ed79bca\"},\"headline\":\"Tozlu da olsa tan\u0131yor insan kendini | Unutulan &#8211; O\u011fuz Atay\",\"datePublished\":\"2010-03-18T08:03:15+00:00\",\"mainEntityOfPage\":{\"@id\":\"https:\/\/narteks.net\/index.php\/2010\/03\/18\/tozlu-da-olsa-taniyor-insan-kendini-unutulan-oguz-atay\/\"},\"wordCount\":2476,\"commentCount\":0,\"publisher\":{\"@id\":\"https:\/\/narteks.net\/#organization\"},\"articleSection\":[\"T\u00fcrkiye'den \u00d6yk\u00fcler\"],\"inLanguage\":\"tr\",\"potentialAction\":[{\"@type\":\"CommentAction\",\"name\":\"Comment\",\"target\":[\"https:\/\/narteks.net\/index.php\/2010\/03\/18\/tozlu-da-olsa-taniyor-insan-kendini-unutulan-oguz-atay\/#respond\"]}]},{\"@type\":\"WebPage\",\"@id\":\"https:\/\/narteks.net\/index.php\/2010\/03\/18\/tozlu-da-olsa-taniyor-insan-kendini-unutulan-oguz-atay\/\",\"url\":\"https:\/\/narteks.net\/index.php\/2010\/03\/18\/tozlu-da-olsa-taniyor-insan-kendini-unutulan-oguz-atay\/\",\"name\":\"Tozlu da olsa tan\u0131yor insan kendini | Unutulan - O\u011fuz Atay - narteks.net\",\"isPartOf\":{\"@id\":\"https:\/\/narteks.net\/#website\"},\"datePublished\":\"2010-03-18T08:03:15+00:00\",\"breadcrumb\":{\"@id\":\"https:\/\/narteks.net\/index.php\/2010\/03\/18\/tozlu-da-olsa-taniyor-insan-kendini-unutulan-oguz-atay\/#breadcrumb\"},\"inLanguage\":\"tr\",\"potentialAction\":[{\"@type\":\"ReadAction\",\"target\":[\"https:\/\/narteks.net\/index.php\/2010\/03\/18\/tozlu-da-olsa-taniyor-insan-kendini-unutulan-oguz-atay\/\"]}]},{\"@type\":\"BreadcrumbList\",\"@id\":\"https:\/\/narteks.net\/index.php\/2010\/03\/18\/tozlu-da-olsa-taniyor-insan-kendini-unutulan-oguz-atay\/#breadcrumb\",\"itemListElement\":[{\"@type\":\"ListItem\",\"position\":1,\"name\":\"Anasayfa\",\"item\":\"https:\/\/narteks.net\/\"},{\"@type\":\"ListItem\",\"position\":2,\"name\":\"Tozlu da olsa tan\u0131yor insan kendini | Unutulan &#8211; O\u011fuz Atay\"}]},{\"@type\":\"WebSite\",\"@id\":\"https:\/\/narteks.net\/#website\",\"url\":\"https:\/\/narteks.net\/\",\"name\":\"narteks.net\",\"description\":\"K\u00fclt\u00fcr Sanat Edebiyat Felsefe\",\"publisher\":{\"@id\":\"https:\/\/narteks.net\/#organization\"},\"alternateName\":\"K\u00fclt\u00fcr Sanat Edebiyat Felsefe\",\"potentialAction\":[{\"@type\":\"SearchAction\",\"target\":{\"@type\":\"EntryPoint\",\"urlTemplate\":\"https:\/\/narteks.net\/?s={search_term_string}\"},\"query-input\":{\"@type\":\"PropertyValueSpecification\",\"valueRequired\":true,\"valueName\":\"search_term_string\"}}],\"inLanguage\":\"tr\"},{\"@type\":\"Organization\",\"@id\":\"https:\/\/narteks.net\/#organization\",\"name\":\"narteks.net\",\"url\":\"https:\/\/narteks.net\/\",\"logo\":{\"@type\":\"ImageObject\",\"inLanguage\":\"tr\",\"@id\":\"https:\/\/narteks.net\/#\/schema\/logo\/image\/\",\"url\":\"https:\/\/narteks.net\/wp-content\/uploads\/narteks.png\",\"contentUrl\":\"https:\/\/narteks.net\/wp-content\/uploads\/narteks.png\",\"width\":300,\"height\":90,\"caption\":\"narteks.net\"},\"image\":{\"@id\":\"https:\/\/narteks.net\/#\/schema\/logo\/image\/\"},\"sameAs\":[\"https:\/\/x.com\/narteks\",\"https:\/\/instagram.com\/narteksnet\"]},{\"@type\":\"Person\",\"@id\":\"https:\/\/narteks.net\/#\/schema\/person\/61f37d9834294b72d31d274e7ed79bca\",\"name\":\"Tar\u0131k\",\"image\":{\"@type\":\"ImageObject\",\"inLanguage\":\"tr\",\"@id\":\"https:\/\/narteks.net\/#\/schema\/person\/image\/\",\"url\":\"https:\/\/secure.gravatar.com\/avatar\/50865afb55632c4ae467e0af0930f6510aa2297d8014be502a55b14f3b7550cf?s=96&d=mm&r=g\",\"contentUrl\":\"https:\/\/secure.gravatar.com\/avatar\/50865afb55632c4ae467e0af0930f6510aa2297d8014be502a55b14f3b7550cf?s=96&d=mm&r=g\",\"caption\":\"Tar\u0131k\"},\"sameAs\":[\"http:\/\/narteks.net\"],\"url\":\"https:\/\/narteks.net\/index.php\/author\/narbak\/\"}]}<\/script>\n<!-- \/ Yoast SEO Premium plugin. -->","yoast_head_json":{"title":"Tozlu da olsa tan\u0131yor insan kendini | Unutulan - O\u011fuz Atay - narteks.net","robots":{"index":"index","follow":"follow","max-snippet":"max-snippet:-1","max-image-preview":"max-image-preview:large","max-video-preview":"max-video-preview:-1"},"canonical":"https:\/\/narteks.net\/index.php\/2010\/03\/18\/tozlu-da-olsa-taniyor-insan-kendini-unutulan-oguz-atay\/","og_locale":"tr_TR","og_type":"article","og_title":"Tozlu da olsa tan\u0131yor insan kendini | Unutulan - O\u011fuz Atay","og_description":"Ben tavan aras\u0131nday\u0131m sevgilim!&#8221; diye ba\u011f\u0131rd\u0131 delikten a\u015fa\u011f\u0131 do\u011fru. &#8220;Eski kitaplar bug\u00fcnlerde \u00e7ok para ediyor. Bir bakmak istiyorum onlara.&#8221; Son s\u00f6zlerimi duydu mu? &#8220;Oras\u0131 \u00e7ok karanl\u0131kt\u0131r; dur, sana bir fener vereyim.&#8221; \u0130yi. Durgun bir g\u00fcn. B\u00fct\u00fcn hayat\u0131m boyunca s\u00fcrekli bir ilgi arad\u0131\u011f\u0131m\u0131 s\u00f6ylerdi birisi bana. G\u00fcl\u00fcmsedi\u011fimi g\u00f6steren bir ayna olsayd\u0131; biraz da \u0131\u015f\u0131k. &#8220;Bir yerini [&hellip;]","og_url":"https:\/\/narteks.net\/index.php\/2010\/03\/18\/tozlu-da-olsa-taniyor-insan-kendini-unutulan-oguz-atay\/","og_site_name":"narteks.net","article_published_time":"2010-03-18T08:03:15+00:00","og_image":[{"width":300,"height":90,"url":"https:\/\/narteks.net\/wp-content\/uploads\/narteks.png","type":"image\/png"}],"author":"Tar\u0131k","twitter_card":"summary_large_image","twitter_creator":"@narteks","twitter_site":"@narteks","twitter_misc":{"Yazan:":"Tar\u0131k","Tahmini okuma s\u00fcresi":"12 dakika"},"schema":{"@context":"https:\/\/schema.org","@graph":[{"@type":"Article","@id":"https:\/\/narteks.net\/index.php\/2010\/03\/18\/tozlu-da-olsa-taniyor-insan-kendini-unutulan-oguz-atay\/#article","isPartOf":{"@id":"https:\/\/narteks.net\/index.php\/2010\/03\/18\/tozlu-da-olsa-taniyor-insan-kendini-unutulan-oguz-atay\/"},"author":{"name":"Tar\u0131k","@id":"https:\/\/narteks.net\/#\/schema\/person\/61f37d9834294b72d31d274e7ed79bca"},"headline":"Tozlu da olsa tan\u0131yor insan kendini | Unutulan &#8211; O\u011fuz Atay","datePublished":"2010-03-18T08:03:15+00:00","mainEntityOfPage":{"@id":"https:\/\/narteks.net\/index.php\/2010\/03\/18\/tozlu-da-olsa-taniyor-insan-kendini-unutulan-oguz-atay\/"},"wordCount":2476,"commentCount":0,"publisher":{"@id":"https:\/\/narteks.net\/#organization"},"articleSection":["T\u00fcrkiye'den \u00d6yk\u00fcler"],"inLanguage":"tr","potentialAction":[{"@type":"CommentAction","name":"Comment","target":["https:\/\/narteks.net\/index.php\/2010\/03\/18\/tozlu-da-olsa-taniyor-insan-kendini-unutulan-oguz-atay\/#respond"]}]},{"@type":"WebPage","@id":"https:\/\/narteks.net\/index.php\/2010\/03\/18\/tozlu-da-olsa-taniyor-insan-kendini-unutulan-oguz-atay\/","url":"https:\/\/narteks.net\/index.php\/2010\/03\/18\/tozlu-da-olsa-taniyor-insan-kendini-unutulan-oguz-atay\/","name":"Tozlu da olsa tan\u0131yor insan kendini | Unutulan - O\u011fuz Atay - narteks.net","isPartOf":{"@id":"https:\/\/narteks.net\/#website"},"datePublished":"2010-03-18T08:03:15+00:00","breadcrumb":{"@id":"https:\/\/narteks.net\/index.php\/2010\/03\/18\/tozlu-da-olsa-taniyor-insan-kendini-unutulan-oguz-atay\/#breadcrumb"},"inLanguage":"tr","potentialAction":[{"@type":"ReadAction","target":["https:\/\/narteks.net\/index.php\/2010\/03\/18\/tozlu-da-olsa-taniyor-insan-kendini-unutulan-oguz-atay\/"]}]},{"@type":"BreadcrumbList","@id":"https:\/\/narteks.net\/index.php\/2010\/03\/18\/tozlu-da-olsa-taniyor-insan-kendini-unutulan-oguz-atay\/#breadcrumb","itemListElement":[{"@type":"ListItem","position":1,"name":"Anasayfa","item":"https:\/\/narteks.net\/"},{"@type":"ListItem","position":2,"name":"Tozlu da olsa tan\u0131yor insan kendini | Unutulan &#8211; O\u011fuz Atay"}]},{"@type":"WebSite","@id":"https:\/\/narteks.net\/#website","url":"https:\/\/narteks.net\/","name":"narteks.net","description":"K\u00fclt\u00fcr Sanat Edebiyat Felsefe","publisher":{"@id":"https:\/\/narteks.net\/#organization"},"alternateName":"K\u00fclt\u00fcr Sanat Edebiyat Felsefe","potentialAction":[{"@type":"SearchAction","target":{"@type":"EntryPoint","urlTemplate":"https:\/\/narteks.net\/?s={search_term_string}"},"query-input":{"@type":"PropertyValueSpecification","valueRequired":true,"valueName":"search_term_string"}}],"inLanguage":"tr"},{"@type":"Organization","@id":"https:\/\/narteks.net\/#organization","name":"narteks.net","url":"https:\/\/narteks.net\/","logo":{"@type":"ImageObject","inLanguage":"tr","@id":"https:\/\/narteks.net\/#\/schema\/logo\/image\/","url":"https:\/\/narteks.net\/wp-content\/uploads\/narteks.png","contentUrl":"https:\/\/narteks.net\/wp-content\/uploads\/narteks.png","width":300,"height":90,"caption":"narteks.net"},"image":{"@id":"https:\/\/narteks.net\/#\/schema\/logo\/image\/"},"sameAs":["https:\/\/x.com\/narteks","https:\/\/instagram.com\/narteksnet"]},{"@type":"Person","@id":"https:\/\/narteks.net\/#\/schema\/person\/61f37d9834294b72d31d274e7ed79bca","name":"Tar\u0131k","image":{"@type":"ImageObject","inLanguage":"tr","@id":"https:\/\/narteks.net\/#\/schema\/person\/image\/","url":"https:\/\/secure.gravatar.com\/avatar\/50865afb55632c4ae467e0af0930f6510aa2297d8014be502a55b14f3b7550cf?s=96&d=mm&r=g","contentUrl":"https:\/\/secure.gravatar.com\/avatar\/50865afb55632c4ae467e0af0930f6510aa2297d8014be502a55b14f3b7550cf?s=96&d=mm&r=g","caption":"Tar\u0131k"},"sameAs":["http:\/\/narteks.net"],"url":"https:\/\/narteks.net\/index.php\/author\/narbak\/"}]}},"_links":{"self":[{"href":"https:\/\/narteks.net\/index.php\/wp-json\/wp\/v2\/posts\/4377","targetHints":{"allow":["GET"]}}],"collection":[{"href":"https:\/\/narteks.net\/index.php\/wp-json\/wp\/v2\/posts"}],"about":[{"href":"https:\/\/narteks.net\/index.php\/wp-json\/wp\/v2\/types\/post"}],"author":[{"embeddable":true,"href":"https:\/\/narteks.net\/index.php\/wp-json\/wp\/v2\/users\/1"}],"replies":[{"embeddable":true,"href":"https:\/\/narteks.net\/index.php\/wp-json\/wp\/v2\/comments?post=4377"}],"version-history":[{"count":0,"href":"https:\/\/narteks.net\/index.php\/wp-json\/wp\/v2\/posts\/4377\/revisions"}],"wp:attachment":[{"href":"https:\/\/narteks.net\/index.php\/wp-json\/wp\/v2\/media?parent=4377"}],"wp:term":[{"taxonomy":"category","embeddable":true,"href":"https:\/\/narteks.net\/index.php\/wp-json\/wp\/v2\/categories?post=4377"},{"taxonomy":"post_tag","embeddable":true,"href":"https:\/\/narteks.net\/index.php\/wp-json\/wp\/v2\/tags?post=4377"}],"curies":[{"name":"wp","href":"https:\/\/api.w.org\/{rel}","templated":true}]}}