{"id":4379,"date":"2010-03-18T14:16:20","date_gmt":"2010-03-18T11:16:20","guid":{"rendered":"http:\/\/localhost\/wordpress\/2010\/03\/18\/kovalanan-bir-kizin-ucan-etekleri-ve-aci-kirmizi-esarbi-macera-orhan-kemal\/"},"modified":"2010-03-18T14:16:20","modified_gmt":"2010-03-18T11:16:20","slug":"kovalanan-bir-kizin-ucan-etekleri-ve-aci-kirmizi-esarbi-macera-orhan-kemal","status":"publish","type":"post","link":"https:\/\/narteks.net\/index.php\/2010\/03\/18\/kovalanan-bir-kizin-ucan-etekleri-ve-aci-kirmizi-esarbi-macera-orhan-kemal\/","title":{"rendered":"Kovalanan bir k\u0131z\u0131n u\u00e7an etekleri ve ac\u0131 k\u0131rm\u0131z\u0131 e\u015farb\u0131 | Macera &#8211; Orhan Kemal"},"content":{"rendered":"<p style=\"text-align: justify;\"><img loading=\"lazy\" decoding=\"async\" src=\"http:\/\/cansufirinci.files.wordpress.com\/2010\/01\/orhan-kemal.jpg\" border=\"0\" width=\"155\" height=\"205\" style=\"float: left;\" \/>Vapurda omuz omuzayd\u0131k. Bunalt\u0131c\u0131, \u00f6\u011f\u00fcrt\u00fcc\u00fc, uyku getiren bir s\u0131cak oflat\u0131p puflat\u0131yordu. Sa\u011fa sola bak\u0131n\u0131rken dipte t dipte bir ki\u015filik bir yer ke\u015ffedip, usullac\u0131k gittim. Tam da pencerenin \u00f6n\u00fcyd\u00fc. Derhal oturdum. <br \/>Kar\u015f\u0131mda, fazla kavrulmu\u015f bir kahve tanesini hat\u0131rlatan k\u0131r\u0131\u015f k\u0131r\u0131\u015f bir kocakar\u0131yla ilk bak\u0131\u015fta dikkati \u00e7ekecek hi\u00e7bir \u00f6zelli\u011fi olmayan, zay\u0131f bir k\u0131z oturuyordu. Ba\u015f\u0131nda ac\u0131 k\u0131rm\u0131z\u0131 bir e\u015farp, s\u0131rt\u0131nda omuzlar\u0131 d\u00fc\u015f\u00fck, kirli bir erkek ceketi, \u00e7\u0131plak ayaklar\u0131nda ipsiz, keten lstikler. <br \/>Kocakar\u0131 eski bir tiryaki al\u0131\u015fkanl\u0131\u011f\u0131yla cigara i\u00e7mekte, k\u0131z da bozuk bir \u00e7akmakla oynamaktayd\u0131. Arada \u00e7akma\u011f\u0131 a\u00e7\u0131yor, yay\u0131n\u0131, ta\u015flar\u0131n\u0131 filan \u00e7\u0131kar\u0131yor, tekrardan tak\u0131yordu. Bunu bir, be\u015f, on defa tekrarlad\u0131ktan sonra m\u00fcthi\u015f bir can s\u0131k\u0131nt\u0131s\u0131yla i\u00e7ini \u00e7ekip genle\u015fti. \u0130\u015fte o s\u0131ra g\u00f6zg\u00f6ze geldik. Bu bir anl\u0131k g\u00f6zg\u00f6ze geli\u015fte ondaki bir \u00e7ift fevkalde ayd\u0131nl\u0131k kahverengi g\u00f6z\u00fcn fark\u0131na vard\u0131m. Uzun, siyah kirpikli, \u0131\u015f\u0131l \u0131\u015f\u0131l g\u00f6zler.. Dikkatle bak\u0131\u015f\u0131m onun da dikkatini \u00e7ekmi\u015f olmal\u0131 ki, \u00e7akma\u011f\u0131n\u0131 s\u00f6k\u00fcp takarken o da dikkatle bakm\u0131ya ba\u015flad\u0131. Bir ara g\u00fcl\u00fcmsedi hatta Omuz omuza vapuru, uyku getiren, \u00f6\u011fr\u00fct\u00fcc\u00fc, ka\u015f\u0131nd\u0131r\u0131c\u0131 s\u0131ca\u011f\u0131 unutmu\u015ftum. \u0130stiyordum ki daha s\u0131k, daha uzun uzun baks\u0131n, g\u00fcls\u00fcn, bir \u015feyler sorsun&#8230; <br \/>\u00c7akma\u011f\u0131n\u0131 birden yere d\u00fc\u015f\u00fcrd\u00fc, fakat e\u011filip almad\u0131. Y\u00fcz\u00fcme bak\u0131yordu. Benim vermemi istiyor gibi. Bense&#8230; \u00abA a&#8230; Daha neler. K\u0131z\u0131 yerinde \u015feyle&#8230;\u00bb diyeceklerinden \u00e7ekiniyordum. Etraf\u0131 kollad\u0131m. Kocakar\u0131 uyukluyor, \u00f6tekilerse.. Herkes kendi aleminde&#8230; <br \/>E\u011fildim, \u00e7akma\u011f\u0131 yerden al\u0131p uzatt\u0131m. Te\u015fekk\u00fcr etti, g\u00fcl\u00fcmsedi. Sonra kocakar\u0131ya bakt\u0131. \u00ab\u015eimdi onu nas\u0131l matra\u011fa alaca\u011f\u0131m, bak\u00bb demek istiyerek g\u00f6z k\u0131pt\u0131. Kocakar\u0131 ba\u015fka alemdeydi. Dirse\u011fi ile d\u00fcrten beriki:<\/p>\n<p style=\"text-align: justify;\">Haminne, dedi, ben bu \u00e7akma\u011f\u0131 sataca\u011f\u0131m! G\u00f6zlerini hafif\u00e7e aral\u0131yan kocakar\u0131, ba\u015f\u0131n\u0131 a\u011f\u0131r a\u011f\u0131r sallad\u0131.<br \/>-Satamaz m\u0131y\u0131m yani?\u00a0\u00a0 <br \/>-Satars\u0131n.\u00a0\u00a0 <br \/>-Be\u015f liraya sataca\u011f\u0131m hem de..\u00a0\u00a0 <br \/>-Aferin.\u00a0\u00a0 <br \/>-Paras\u0131yla ne alaca\u011f\u0131m biliyor musun?\u00a0\u00a0 <br \/>-Haminne, hi\u015ft haminne be!\u00a0\u00a0 <br \/>-Ne var?\u00a0\u00a0 <br \/>-Paras\u0131yla ne alaca\u011f\u0131m\u0131 biliyor musun?\u00a0\u00a0 <br \/>-Ne alacan?\u00a0\u00a0 <br \/>-Ruj, pudra, oje&#8230; <br \/>Kocakar\u0131 lehavle \u00e7ekerek, k\u0131za s\u0131rt\u0131m d\u00f6nmek istedi.. <br \/>K\u0131z:\u00a0\u00a0 <br \/>-G\u00fcnah m\u0131? dedi, ruj, pudra, oje g\u00fcnah m\u0131 yani? <br \/>Kocakar\u0131 cevap vermedi. Fakat \u015feytan k\u0131z rahat b\u0131rakm\u0131yordu ki.\u00a0\u00a0 <br \/>-Dudaklar\u0131m\u0131 bir g\u00fczel boyayaca\u011f\u0131m, t\u0131rnaklar\u0131m\u0131 da. Y\u00fcksek topukluyu giydim mi, Allah! Herkes bana bakacak. <br \/>Kocakar\u0131 homurdand\u0131. <br \/>Beriki:\u00a0\u00a0 <br \/>-Ne o? dedi, ne var?\u00a0 <br \/>-\u0130yi \u015feylere heves et.\u00a0\u00a0 <br \/>-Beyo\u011fluna bile \u00e7\u0131kaca\u011f\u0131m. Kolumda \u00e7anta, ba\u015f\u0131mda e\u015farp. Herkes bana bakacak. Laf atan atana, pe\u015fime d\u00fc\u015fen d\u00fc\u015fene.. <br \/>Kocakar\u0131 s\u00f6\u011f\u00fcp sayacak kadar h\u0131rslanm\u0131\u015ft\u0131.\u00a0\u00a0 <br \/>-\u00c7ocuk, dedim, bakmay\u0131n kusuruna..\u00a0\u00a0 <br \/>-\u00c7ocuk mu? Neresi \u00e7ocuk bunun? Ben onun kadarken ikinci \u00e7ocu\u011fumu emziriyordum!. <br \/>K\u0131z makaralar\u0131 koyuverdi. <br \/>Kocakar\u0131:\u00a0\u00a0 <br \/>-Edepsiz! dedi, a\u00e7\u0131kta bir \u015fey g\u00f6rd\u00fcn galiba. Etraftan da utanm\u0131yor, rezil.. <br \/>K\u0131z durup durup g\u00fcl\u00fcyor, g\u00fclmekten iki kat oluyordu. <br \/>Kocakar\u0131 birden \u00f6fkeyle f\u0131rlad\u0131:\u00a0\u00a0 <br \/>-K\u0131z sus ha, dedi, sus, vallahi kendimi kald\u0131r\u0131r atar\u0131m denize! <br \/>G\u00f6zleri d\u00f6nm\u00fc\u015ft\u00fc, sahiden de atabilirdi. K\u0131r\u0131\u015f\u0131k boynunun sark\u0131k derileri titriyordu. <br \/>K\u0131za:\u00a0\u00a0 <br \/>-Yapma. Dedim. <br \/>S\u00f6z\u00fcm\u00fc tuttu, hatta ciddile\u015fti. Sonra da elindeki \u00e7akma\u011f\u0131 denize f\u0131rlatt\u0131. <br \/>Kocakar\u0131 yerine oturmu\u015ftu.\u00a0\u00a0 <br \/>-\u015eimdi de k\u00fcst\u00fc., dedi, <br \/>-kuyruklar\u0131ndan da k\u0131l ald\u0131rmazlar! <br \/>Bana d\u00f6nd\u00fc:\u00a0\u00a0 <br \/>-Nine olaca\u011f\u0131ma ke\u015fke ta\u015f olsayd\u0131m. K\u0131zg\u0131n g\u00fcne\u015fin alt\u0131nda b\u00fct\u00fcn g\u00fcn beynim kayn\u0131yor. Nedir, torunlar\u0131ma bir lokma ekmek g\u00f6t\u00fcreyim diye. Ya\u015f\u0131m yetmi\u015f. Bug\u00fcn yumsam g\u00f6z\u00fcm\u00fc, d\u00f6k\u00fcl\u00fcr kal\u0131rlar.\u00a0\u00a0 Bundan ba\u015fka var m\u0131?\u00a0\u00a0 \u0130ki o\u011flan daha var. En b\u00fcy\u00fckleri bu. Bu da i\u015fte g\u00f6r\u00fcyorsun, delinin biri. <br \/>K\u0131z:\u00a0\u00a0 <br \/>-Evet, dedi, delinin biri.\u00a0\u00a0 Ne nasihattan anlar, ne bir \u015feyden. B\u00fct\u00fcn g\u00fcn sabah\u0131n be\u015finden ak\u015fam\u0131n yedisine, bazan sekizine kadar, o g\u00fcne\u015flerde&#8230;\u00a0\u00a0 <br \/>-Ne i\u015f yap\u0131yorsunuz?\u00a0\u00a0 <br \/>-G\u00fcvercin yemi sat\u0131yorum evlad\u0131m. G\u00fcne\u015f, s\u0131cak, ter. \u015eu tepem kayn\u0131yor. Elimde \u0131slak bezler. Tepeme koyuyorum. Bir de bak\u0131yorum ki kuruyuvermi\u015f. <br \/>G\u00f6zleri ya\u015fard\u0131.\u00a0\u00a0 <br \/>-Allah yarabbi, dedi, almaz can\u0131m\u0131 ki onlar da kurtulsun ben de.. <br \/>Pencereden k\u00fcsk\u00fcn k\u00fcsk\u00fcn bakmakta olan torun birdenbire d\u00f6nd\u00fc. Kahverengi g\u00f6zlerine sanki g\u00fcne\u015f vurmu\u015ftu. Ninesinin boynuna sar\u0131ld\u0131, ba\u015f\u0131n\u0131 ihtiyar\u0131n omuzuna koydu.\u00a0\u00a0 <br \/>-Nineci\u011fim, can\u0131m nineci\u011fim..\u00a0\u00a0 <br \/>-Can\u0131n nineci\u011fin oldum \u015fimdi de\u011fil mi? Beni \u00fcz \u00fcz de..\u00a0\u00a0 <br \/>-\u00dczmem, Vallahi \u00fczmem bir daha.\u00a0\u00a0 <br \/>-Evet \u00fczmezsin. \u00dczmezmi\u015f..\u00a0\u00a0 <br \/>-Vallahi \u00fczmem, billahi \u00fczmem. <br \/>\u0130htiyar\u0131n kavruk y\u00fcz\u00fc g\u00fcld\u00fc. Sonra kuru elleri torununu kucaklay\u0131p kendine \u00e7ekti.\u00a0\u00a0 <br \/>-Yavrum benim..\u00a0\u00a0 <br \/>-Nineci\u011fim. Sen hi\u00e7 \u00f6lme emi? <br \/>Kocakar\u0131 g\u00f6z k\u0131pt\u0131.\u00a0\u00a0 <br \/>-Eh. Hi\u00e7 \u00f6lmem.. (\u0130\u00e7ini \u00e7ekti) Aaah ah. \u015eu tatl\u0131 dilleri de olmasa, bu kah\u0131rl\u0131 d\u00fcnyan\u0131n hi\u00e7 \u00e7ekilece\u011fi yok.\u00a0\u00a0 <br \/>-Babas\u0131 yok mu? diye sordum. <br \/>Cevab\u0131 k\u0131z verdi:\u00a0\u00a0 <br \/>-Var. Edirne&#8217;de. Bir orospuyla ka\u00e7t\u0131 gitti. <br \/>Kad\u0131n:\u00a0\u00a0 <br \/>-G\u00f6z\u00fc \u00e7\u0131ks\u0131n!, dedi, hay\u0131rs\u0131z. Bunlar benim Pembemin yadigarlar\u0131 as\u0131l.\u00a0\u00a0 <br \/>-Pembe k\u0131z\u0131n m\u0131? G\u00f6zlerini kurulad\u0131..\u00a0\u00a0 <br \/>-K\u0131z\u0131m.\u00a0\u00a0 Ne oldu?\u00a0\u00a0 <br \/>-Do\u011fururdu d\u00f6rd\u00fcnc\u00fc \u00e7ocu\u011funu, ters geldi&#8230; <br \/>Vapur Fener iskelesine yana\u015f\u0131yordu, inmem laz\u0131md\u0131 ama gelmedi i\u00e7imden. Peki, ya Ka\u011f\u0131thanede oturuyorlarsa? Balatta kalkt\u0131lar. Ben de kalkt\u0131m. Birlikte indik. Yan yana y\u00fcr\u00fcyorduk. Sa\u011fda bir soka\u011fa sapt\u0131k. Ac\u0131 ac\u0131 sidik kokan harap bir duvar\u0131n yan\u0131ndan, ufac\u0131k bir ampul\u00fcn zorla ayd\u0131nlatt\u0131\u011f\u0131 geni\u015f bir meydanl\u0131\u011fa \u00e7\u0131kt\u0131k. <br \/>Bir yan\u0131m\u0131zda kay\u0131k, mavuna kadavralar\u0131 \u00f6b\u00fcr yan\u0131m\u0131zda, kimbilir hangi Avrupa memleketine sevkedilecek hurda demir y\u0131\u011f\u0131nlar\u0131. Hava mazot kokuyor, tozlu gecenin derinliklerinden fabrika iniltileri geliyordu. <br \/>Birdenbire Ayvansaraya \u00e7\u0131kt\u0131k. Kar\u015f\u0131da, ayd\u0131nl\u0131k g\u00f6\u011fe yaslanm\u0131\u015f karanl\u0131k evler kalabal\u0131\u011f\u0131. Yavedut caddesini kar\u015f\u0131dan kar\u015f\u0131ya ge\u00e7ecektik. Tekmil vidalar\u0131 ile g\u0131c\u0131rd\u0131yan hantal bir otob\u00fcs \u00f6n\u00fcm\u00fczden a\u011f\u0131r a\u011f\u0131r ge\u00e7ip, Defterdara do\u011fru gitti. Kar\u015f\u0131ya ge\u00e7tik. K\u0131z neler anlatm\u0131yordu! Bir Ahmet abi vard\u0131, seyyar sebzeci.. Onunla her zaman Balat sinemalar\u0131na giderlerdi. Birinde Kaathaneye gitmi\u015flerdi. <br \/>Ka\u011f\u0131thanede Ahmet abi \u00e7iklet alm\u0131\u015ft\u0131, dondurma, gazoz.. Sonra kay\u0131\u011fa binmi\u015flerdi. Ahmet abi onu s\u0131k a\u011fa\u00e7lar\u0131n alt\u0131na \u00e7ekmi\u015f, \u0131slak topra\u011fa yan yana oturmu\u015flard\u0131. Kar\u015f\u0131da a\u011f\u0131r a\u011f\u0131r gidip gelen n\u00f6bet\u00e7i askerin postallar\u0131na dalm\u0131\u015ft\u0131. Bir de bakm\u0131\u015ft\u0131 ki, Ahmet abi s\u0131rt\u00fcst\u00fc uzanm\u0131\u015f uyumuyor mu? Eteklerini tuta tuta, usulcac\u0131k kalkm\u0131\u015f, yallah! Ya vapura gelirken, yolda? \u00d6n\u00fcne fitil gibi sarho\u015flar \u00e7\u0131km\u0131\u015ft\u0131 da \u00abHadi be siz de.. diye bo\u015fvermi\u015fti. Ya o sar\u0131 o\u011flan? Pembe pembe yanaklar\u0131 vard\u0131 ama, sulunun biriydi. \u00d6pmek isteyince, o\u011flan\u0131 bir itmi\u015fti ki, eh.. <br \/>O\u011flan yallah hende\u011fe, \u00f6tekiler pe\u015finden se\u011firtmi\u015flerdi. ama, nerdee&#8230; Ertesi g\u00fcn met bide surat bir kar\u0131\u015f. Bir kar\u0131\u015f da ne? \u0130stedi\u011fi kadar surat etsin.. Bu, ka\u015flar\u0131n\u0131 \u00e7at\u0131p dilini \u00e7\u0131kard\u0131 m\u0131, tamam. Ba\u015f\u0131ndaki k\u0131rm\u0131z\u0131 e\u015farb\u0131 Ahmet abi alm\u0131\u015ft\u0131. Ahmet abi ona daha neler alacakt\u0131n&#8230; <br \/>Y\u00fcksek topuklu iskarpin, Amaroza entarilik vual \u00e7orap, mavi e\u015farp.. O zaman Beyo\u011flu sinemas\u0131na gideceklerdi&#8230; Elektrikleri arkam\u0131zda b\u0131rak\u0131p dal\u0131yoruz y\u0131k\u0131k duvarlar\u0131n harap karanl\u0131\u011f\u0131na. Yukarda ays\u0131z g\u00f6ky\u00fcz\u00fc, donuk y\u0131ld\u0131zlar. Havada g\u00fcbre kokusu.\u00a0\u00a0 <br \/>-Sen de ninenle birlikte mi yem sat\u0131yorsun?\u00a0\u00a0 <br \/>-Baz\u0131 baz\u0131. <br \/>Ninesi:\u00a0\u00a0 <br \/>-\u0130sterse \u00f6yle satar ki, dedi cin gibi.\u00a0\u00a0 Subay, memur, bayan&#8230; Kim olursa olsun. Bir as\u0131ld\u0131m m\u0131, elimden kurtulamazlar. Allah gen\u00e7li\u011fini ba\u011f\u0131\u015flas\u0131n sevdi\u011fin \u00e7ift olsun dedim mi enayilerin cici\u011fi gev\u015feyiverir, toslarlar \u00e7eyrekleri, onluklar\u0131&#8230; <br \/>Karanl\u0131\u011f\u0131n i\u00e7inde birdenbire \u00e7ocuk sesleri peydahland\u0131. Sesler gittik\u00e7e yakla\u015f\u0131yordu. Az sonra iki k\u00fc\u00e7\u00fck karalt\u0131n\u0131n ko\u015farak geldi\u011fini farkettim. <br \/>K\u0131z:\u00a0\u00a0 <br \/>-Karde\u015flerim! diye, e\u015farp\u0131 u\u00e7a u\u00e7a ko\u015ftu. D\u00f6nd\u00fcm. Karanl\u0131klarda u\u00e7u\u015fan ate\u015f b\u00f6cekleri. A\u015fa\u011f\u0131lara serili Hali\u00e7te vapur karalt\u0131lar\u0131.. Yavedut caddesine do\u011fru a\u011f\u0131r a\u011f\u0131r iniyorum. \u0130\u00e7imde p\u0131r\u0131l p\u0131r\u0131l bir \u00e7ift g\u00f6z, Ahmet abi, koyu ye\u015fil a\u011fa\u00e7lar kalabal\u0131\u011f\u0131, \u0131slak toprak, kovalanan bir k\u0131z\u0131n u\u00e7an etekleri ve ac\u0131 k\u0131rm\u0131z\u0131 e\u015farb\u0131&#8230;<\/p>\n","protected":false},"excerpt":{"rendered":"<p>Vapurda omuz omuzayd\u0131k. Bunalt\u0131c\u0131, \u00f6\u011f\u00fcrt\u00fcc\u00fc, uyku getiren bir s\u0131cak oflat\u0131p puflat\u0131yordu. Sa\u011fa sola bak\u0131n\u0131rken dipte t dipte bir ki\u015filik bir yer ke\u015ffedip, usullac\u0131k gittim. Tam da pencerenin \u00f6n\u00fcyd\u00fc. Derhal oturdum. Kar\u015f\u0131mda, fazla kavrulmu\u015f bir kahve tanesini hat\u0131rlatan k\u0131r\u0131\u015f k\u0131r\u0131\u015f bir kocakar\u0131yla ilk bak\u0131\u015fta dikkati \u00e7ekecek hi\u00e7bir \u00f6zelli\u011fi olmayan, zay\u0131f bir k\u0131z oturuyordu. Ba\u015f\u0131nda ac\u0131 k\u0131rm\u0131z\u0131 [&hellip;]<\/p>\n","protected":false},"author":1,"featured_media":0,"comment_status":"open","ping_status":"open","sticky":false,"template":"","format":"standard","meta":{"footnotes":""},"categories":[114],"tags":[],"class_list":{"0":"post-4379","1":"post","2":"type-post","3":"status-publish","4":"format-standard","6":"category-turkiye-den-oykuler"},"yoast_head":"<!-- This site is optimized with the Yoast SEO Premium plugin v24.9 (Yoast SEO v24.9) - https:\/\/yoast.com\/wordpress\/plugins\/seo\/ -->\n<title>Kovalanan bir k\u0131z\u0131n u\u00e7an etekleri ve ac\u0131 k\u0131rm\u0131z\u0131 e\u015farb\u0131 | Macera - Orhan Kemal - narteks.net<\/title>\n<meta name=\"robots\" content=\"index, follow, max-snippet:-1, max-image-preview:large, max-video-preview:-1\" \/>\n<link rel=\"canonical\" href=\"https:\/\/narteks.net\/index.php\/2010\/03\/18\/kovalanan-bir-kizin-ucan-etekleri-ve-aci-kirmizi-esarbi-macera-orhan-kemal\/\" \/>\n<meta property=\"og:locale\" content=\"tr_TR\" \/>\n<meta property=\"og:type\" content=\"article\" \/>\n<meta property=\"og:title\" content=\"Kovalanan bir k\u0131z\u0131n u\u00e7an etekleri ve ac\u0131 k\u0131rm\u0131z\u0131 e\u015farb\u0131 | Macera - Orhan Kemal\" \/>\n<meta property=\"og:description\" content=\"Vapurda omuz omuzayd\u0131k. Bunalt\u0131c\u0131, \u00f6\u011f\u00fcrt\u00fcc\u00fc, uyku getiren bir s\u0131cak oflat\u0131p puflat\u0131yordu. Sa\u011fa sola bak\u0131n\u0131rken dipte t dipte bir ki\u015filik bir yer ke\u015ffedip, usullac\u0131k gittim. Tam da pencerenin \u00f6n\u00fcyd\u00fc. Derhal oturdum. Kar\u015f\u0131mda, fazla kavrulmu\u015f bir kahve tanesini hat\u0131rlatan k\u0131r\u0131\u015f k\u0131r\u0131\u015f bir kocakar\u0131yla ilk bak\u0131\u015fta dikkati \u00e7ekecek hi\u00e7bir \u00f6zelli\u011fi olmayan, zay\u0131f bir k\u0131z oturuyordu. Ba\u015f\u0131nda ac\u0131 k\u0131rm\u0131z\u0131 [&hellip;]\" \/>\n<meta property=\"og:url\" content=\"https:\/\/narteks.net\/index.php\/2010\/03\/18\/kovalanan-bir-kizin-ucan-etekleri-ve-aci-kirmizi-esarbi-macera-orhan-kemal\/\" \/>\n<meta property=\"og:site_name\" content=\"narteks.net\" \/>\n<meta property=\"article:published_time\" content=\"2010-03-18T11:16:20+00:00\" \/>\n<meta property=\"og:image\" content=\"http:\/\/cansufirinci.files.wordpress.com\/2010\/01\/orhan-kemal.jpg\" \/>\n<meta name=\"author\" content=\"Tar\u0131k\" \/>\n<meta name=\"twitter:card\" content=\"summary_large_image\" \/>\n<meta name=\"twitter:creator\" content=\"@narteks\" \/>\n<meta name=\"twitter:site\" content=\"@narteks\" \/>\n<meta name=\"twitter:label1\" content=\"Yazan:\" \/>\n\t<meta name=\"twitter:data1\" content=\"Tar\u0131k\" \/>\n\t<meta name=\"twitter:label2\" content=\"Tahmini okuma s\u00fcresi\" \/>\n\t<meta name=\"twitter:data2\" content=\"7 dakika\" \/>\n<script type=\"application\/ld+json\" class=\"yoast-schema-graph\">{\"@context\":\"https:\/\/schema.org\",\"@graph\":[{\"@type\":\"Article\",\"@id\":\"https:\/\/narteks.net\/index.php\/2010\/03\/18\/kovalanan-bir-kizin-ucan-etekleri-ve-aci-kirmizi-esarbi-macera-orhan-kemal\/#article\",\"isPartOf\":{\"@id\":\"https:\/\/narteks.net\/index.php\/2010\/03\/18\/kovalanan-bir-kizin-ucan-etekleri-ve-aci-kirmizi-esarbi-macera-orhan-kemal\/\"},\"author\":{\"name\":\"Tar\u0131k\",\"@id\":\"https:\/\/narteks.net\/#\/schema\/person\/61f37d9834294b72d31d274e7ed79bca\"},\"headline\":\"Kovalanan bir k\u0131z\u0131n u\u00e7an etekleri ve ac\u0131 k\u0131rm\u0131z\u0131 e\u015farb\u0131 | Macera &#8211; Orhan Kemal\",\"datePublished\":\"2010-03-18T11:16:20+00:00\",\"mainEntityOfPage\":{\"@id\":\"https:\/\/narteks.net\/index.php\/2010\/03\/18\/kovalanan-bir-kizin-ucan-etekleri-ve-aci-kirmizi-esarbi-macera-orhan-kemal\/\"},\"wordCount\":1501,\"commentCount\":0,\"publisher\":{\"@id\":\"https:\/\/narteks.net\/#organization\"},\"image\":{\"@id\":\"https:\/\/narteks.net\/index.php\/2010\/03\/18\/kovalanan-bir-kizin-ucan-etekleri-ve-aci-kirmizi-esarbi-macera-orhan-kemal\/#primaryimage\"},\"thumbnailUrl\":\"http:\/\/cansufirinci.files.wordpress.com\/2010\/01\/orhan-kemal.jpg\",\"articleSection\":[\"T\u00fcrkiye'den \u00d6yk\u00fcler\"],\"inLanguage\":\"tr\",\"potentialAction\":[{\"@type\":\"CommentAction\",\"name\":\"Comment\",\"target\":[\"https:\/\/narteks.net\/index.php\/2010\/03\/18\/kovalanan-bir-kizin-ucan-etekleri-ve-aci-kirmizi-esarbi-macera-orhan-kemal\/#respond\"]}]},{\"@type\":\"WebPage\",\"@id\":\"https:\/\/narteks.net\/index.php\/2010\/03\/18\/kovalanan-bir-kizin-ucan-etekleri-ve-aci-kirmizi-esarbi-macera-orhan-kemal\/\",\"url\":\"https:\/\/narteks.net\/index.php\/2010\/03\/18\/kovalanan-bir-kizin-ucan-etekleri-ve-aci-kirmizi-esarbi-macera-orhan-kemal\/\",\"name\":\"Kovalanan bir k\u0131z\u0131n u\u00e7an etekleri ve ac\u0131 k\u0131rm\u0131z\u0131 e\u015farb\u0131 | Macera - Orhan Kemal - narteks.net\",\"isPartOf\":{\"@id\":\"https:\/\/narteks.net\/#website\"},\"primaryImageOfPage\":{\"@id\":\"https:\/\/narteks.net\/index.php\/2010\/03\/18\/kovalanan-bir-kizin-ucan-etekleri-ve-aci-kirmizi-esarbi-macera-orhan-kemal\/#primaryimage\"},\"image\":{\"@id\":\"https:\/\/narteks.net\/index.php\/2010\/03\/18\/kovalanan-bir-kizin-ucan-etekleri-ve-aci-kirmizi-esarbi-macera-orhan-kemal\/#primaryimage\"},\"thumbnailUrl\":\"http:\/\/cansufirinci.files.wordpress.com\/2010\/01\/orhan-kemal.jpg\",\"datePublished\":\"2010-03-18T11:16:20+00:00\",\"breadcrumb\":{\"@id\":\"https:\/\/narteks.net\/index.php\/2010\/03\/18\/kovalanan-bir-kizin-ucan-etekleri-ve-aci-kirmizi-esarbi-macera-orhan-kemal\/#breadcrumb\"},\"inLanguage\":\"tr\",\"potentialAction\":[{\"@type\":\"ReadAction\",\"target\":[\"https:\/\/narteks.net\/index.php\/2010\/03\/18\/kovalanan-bir-kizin-ucan-etekleri-ve-aci-kirmizi-esarbi-macera-orhan-kemal\/\"]}]},{\"@type\":\"ImageObject\",\"inLanguage\":\"tr\",\"@id\":\"https:\/\/narteks.net\/index.php\/2010\/03\/18\/kovalanan-bir-kizin-ucan-etekleri-ve-aci-kirmizi-esarbi-macera-orhan-kemal\/#primaryimage\",\"url\":\"http:\/\/cansufirinci.files.wordpress.com\/2010\/01\/orhan-kemal.jpg\",\"contentUrl\":\"http:\/\/cansufirinci.files.wordpress.com\/2010\/01\/orhan-kemal.jpg\"},{\"@type\":\"BreadcrumbList\",\"@id\":\"https:\/\/narteks.net\/index.php\/2010\/03\/18\/kovalanan-bir-kizin-ucan-etekleri-ve-aci-kirmizi-esarbi-macera-orhan-kemal\/#breadcrumb\",\"itemListElement\":[{\"@type\":\"ListItem\",\"position\":1,\"name\":\"Anasayfa\",\"item\":\"https:\/\/narteks.net\/\"},{\"@type\":\"ListItem\",\"position\":2,\"name\":\"Kovalanan bir k\u0131z\u0131n u\u00e7an etekleri ve ac\u0131 k\u0131rm\u0131z\u0131 e\u015farb\u0131 | Macera &#8211; Orhan Kemal\"}]},{\"@type\":\"WebSite\",\"@id\":\"https:\/\/narteks.net\/#website\",\"url\":\"https:\/\/narteks.net\/\",\"name\":\"narteks.net\",\"description\":\"K\u00fclt\u00fcr Sanat Edebiyat Felsefe\",\"publisher\":{\"@id\":\"https:\/\/narteks.net\/#organization\"},\"alternateName\":\"K\u00fclt\u00fcr Sanat Edebiyat Felsefe\",\"potentialAction\":[{\"@type\":\"SearchAction\",\"target\":{\"@type\":\"EntryPoint\",\"urlTemplate\":\"https:\/\/narteks.net\/?s={search_term_string}\"},\"query-input\":{\"@type\":\"PropertyValueSpecification\",\"valueRequired\":true,\"valueName\":\"search_term_string\"}}],\"inLanguage\":\"tr\"},{\"@type\":\"Organization\",\"@id\":\"https:\/\/narteks.net\/#organization\",\"name\":\"narteks.net\",\"url\":\"https:\/\/narteks.net\/\",\"logo\":{\"@type\":\"ImageObject\",\"inLanguage\":\"tr\",\"@id\":\"https:\/\/narteks.net\/#\/schema\/logo\/image\/\",\"url\":\"https:\/\/narteks.net\/wp-content\/uploads\/narteks.png\",\"contentUrl\":\"https:\/\/narteks.net\/wp-content\/uploads\/narteks.png\",\"width\":300,\"height\":90,\"caption\":\"narteks.net\"},\"image\":{\"@id\":\"https:\/\/narteks.net\/#\/schema\/logo\/image\/\"},\"sameAs\":[\"https:\/\/x.com\/narteks\",\"https:\/\/instagram.com\/narteksnet\"]},{\"@type\":\"Person\",\"@id\":\"https:\/\/narteks.net\/#\/schema\/person\/61f37d9834294b72d31d274e7ed79bca\",\"name\":\"Tar\u0131k\",\"image\":{\"@type\":\"ImageObject\",\"inLanguage\":\"tr\",\"@id\":\"https:\/\/narteks.net\/#\/schema\/person\/image\/\",\"url\":\"https:\/\/secure.gravatar.com\/avatar\/50865afb55632c4ae467e0af0930f6510aa2297d8014be502a55b14f3b7550cf?s=96&d=mm&r=g\",\"contentUrl\":\"https:\/\/secure.gravatar.com\/avatar\/50865afb55632c4ae467e0af0930f6510aa2297d8014be502a55b14f3b7550cf?s=96&d=mm&r=g\",\"caption\":\"Tar\u0131k\"},\"sameAs\":[\"http:\/\/narteks.net\"],\"url\":\"https:\/\/narteks.net\/index.php\/author\/narbak\/\"}]}<\/script>\n<!-- \/ Yoast SEO Premium plugin. -->","yoast_head_json":{"title":"Kovalanan bir k\u0131z\u0131n u\u00e7an etekleri ve ac\u0131 k\u0131rm\u0131z\u0131 e\u015farb\u0131 | Macera - Orhan Kemal - narteks.net","robots":{"index":"index","follow":"follow","max-snippet":"max-snippet:-1","max-image-preview":"max-image-preview:large","max-video-preview":"max-video-preview:-1"},"canonical":"https:\/\/narteks.net\/index.php\/2010\/03\/18\/kovalanan-bir-kizin-ucan-etekleri-ve-aci-kirmizi-esarbi-macera-orhan-kemal\/","og_locale":"tr_TR","og_type":"article","og_title":"Kovalanan bir k\u0131z\u0131n u\u00e7an etekleri ve ac\u0131 k\u0131rm\u0131z\u0131 e\u015farb\u0131 | Macera - Orhan Kemal","og_description":"Vapurda omuz omuzayd\u0131k. Bunalt\u0131c\u0131, \u00f6\u011f\u00fcrt\u00fcc\u00fc, uyku getiren bir s\u0131cak oflat\u0131p puflat\u0131yordu. Sa\u011fa sola bak\u0131n\u0131rken dipte t dipte bir ki\u015filik bir yer ke\u015ffedip, usullac\u0131k gittim. Tam da pencerenin \u00f6n\u00fcyd\u00fc. Derhal oturdum. Kar\u015f\u0131mda, fazla kavrulmu\u015f bir kahve tanesini hat\u0131rlatan k\u0131r\u0131\u015f k\u0131r\u0131\u015f bir kocakar\u0131yla ilk bak\u0131\u015fta dikkati \u00e7ekecek hi\u00e7bir \u00f6zelli\u011fi olmayan, zay\u0131f bir k\u0131z oturuyordu. Ba\u015f\u0131nda ac\u0131 k\u0131rm\u0131z\u0131 [&hellip;]","og_url":"https:\/\/narteks.net\/index.php\/2010\/03\/18\/kovalanan-bir-kizin-ucan-etekleri-ve-aci-kirmizi-esarbi-macera-orhan-kemal\/","og_site_name":"narteks.net","article_published_time":"2010-03-18T11:16:20+00:00","og_image":[{"url":"http:\/\/cansufirinci.files.wordpress.com\/2010\/01\/orhan-kemal.jpg","type":"","width":"","height":""}],"author":"Tar\u0131k","twitter_card":"summary_large_image","twitter_creator":"@narteks","twitter_site":"@narteks","twitter_misc":{"Yazan:":"Tar\u0131k","Tahmini okuma s\u00fcresi":"7 dakika"},"schema":{"@context":"https:\/\/schema.org","@graph":[{"@type":"Article","@id":"https:\/\/narteks.net\/index.php\/2010\/03\/18\/kovalanan-bir-kizin-ucan-etekleri-ve-aci-kirmizi-esarbi-macera-orhan-kemal\/#article","isPartOf":{"@id":"https:\/\/narteks.net\/index.php\/2010\/03\/18\/kovalanan-bir-kizin-ucan-etekleri-ve-aci-kirmizi-esarbi-macera-orhan-kemal\/"},"author":{"name":"Tar\u0131k","@id":"https:\/\/narteks.net\/#\/schema\/person\/61f37d9834294b72d31d274e7ed79bca"},"headline":"Kovalanan bir k\u0131z\u0131n u\u00e7an etekleri ve ac\u0131 k\u0131rm\u0131z\u0131 e\u015farb\u0131 | Macera &#8211; Orhan Kemal","datePublished":"2010-03-18T11:16:20+00:00","mainEntityOfPage":{"@id":"https:\/\/narteks.net\/index.php\/2010\/03\/18\/kovalanan-bir-kizin-ucan-etekleri-ve-aci-kirmizi-esarbi-macera-orhan-kemal\/"},"wordCount":1501,"commentCount":0,"publisher":{"@id":"https:\/\/narteks.net\/#organization"},"image":{"@id":"https:\/\/narteks.net\/index.php\/2010\/03\/18\/kovalanan-bir-kizin-ucan-etekleri-ve-aci-kirmizi-esarbi-macera-orhan-kemal\/#primaryimage"},"thumbnailUrl":"http:\/\/cansufirinci.files.wordpress.com\/2010\/01\/orhan-kemal.jpg","articleSection":["T\u00fcrkiye'den \u00d6yk\u00fcler"],"inLanguage":"tr","potentialAction":[{"@type":"CommentAction","name":"Comment","target":["https:\/\/narteks.net\/index.php\/2010\/03\/18\/kovalanan-bir-kizin-ucan-etekleri-ve-aci-kirmizi-esarbi-macera-orhan-kemal\/#respond"]}]},{"@type":"WebPage","@id":"https:\/\/narteks.net\/index.php\/2010\/03\/18\/kovalanan-bir-kizin-ucan-etekleri-ve-aci-kirmizi-esarbi-macera-orhan-kemal\/","url":"https:\/\/narteks.net\/index.php\/2010\/03\/18\/kovalanan-bir-kizin-ucan-etekleri-ve-aci-kirmizi-esarbi-macera-orhan-kemal\/","name":"Kovalanan bir k\u0131z\u0131n u\u00e7an etekleri ve ac\u0131 k\u0131rm\u0131z\u0131 e\u015farb\u0131 | Macera - Orhan Kemal - narteks.net","isPartOf":{"@id":"https:\/\/narteks.net\/#website"},"primaryImageOfPage":{"@id":"https:\/\/narteks.net\/index.php\/2010\/03\/18\/kovalanan-bir-kizin-ucan-etekleri-ve-aci-kirmizi-esarbi-macera-orhan-kemal\/#primaryimage"},"image":{"@id":"https:\/\/narteks.net\/index.php\/2010\/03\/18\/kovalanan-bir-kizin-ucan-etekleri-ve-aci-kirmizi-esarbi-macera-orhan-kemal\/#primaryimage"},"thumbnailUrl":"http:\/\/cansufirinci.files.wordpress.com\/2010\/01\/orhan-kemal.jpg","datePublished":"2010-03-18T11:16:20+00:00","breadcrumb":{"@id":"https:\/\/narteks.net\/index.php\/2010\/03\/18\/kovalanan-bir-kizin-ucan-etekleri-ve-aci-kirmizi-esarbi-macera-orhan-kemal\/#breadcrumb"},"inLanguage":"tr","potentialAction":[{"@type":"ReadAction","target":["https:\/\/narteks.net\/index.php\/2010\/03\/18\/kovalanan-bir-kizin-ucan-etekleri-ve-aci-kirmizi-esarbi-macera-orhan-kemal\/"]}]},{"@type":"ImageObject","inLanguage":"tr","@id":"https:\/\/narteks.net\/index.php\/2010\/03\/18\/kovalanan-bir-kizin-ucan-etekleri-ve-aci-kirmizi-esarbi-macera-orhan-kemal\/#primaryimage","url":"http:\/\/cansufirinci.files.wordpress.com\/2010\/01\/orhan-kemal.jpg","contentUrl":"http:\/\/cansufirinci.files.wordpress.com\/2010\/01\/orhan-kemal.jpg"},{"@type":"BreadcrumbList","@id":"https:\/\/narteks.net\/index.php\/2010\/03\/18\/kovalanan-bir-kizin-ucan-etekleri-ve-aci-kirmizi-esarbi-macera-orhan-kemal\/#breadcrumb","itemListElement":[{"@type":"ListItem","position":1,"name":"Anasayfa","item":"https:\/\/narteks.net\/"},{"@type":"ListItem","position":2,"name":"Kovalanan bir k\u0131z\u0131n u\u00e7an etekleri ve ac\u0131 k\u0131rm\u0131z\u0131 e\u015farb\u0131 | Macera &#8211; Orhan Kemal"}]},{"@type":"WebSite","@id":"https:\/\/narteks.net\/#website","url":"https:\/\/narteks.net\/","name":"narteks.net","description":"K\u00fclt\u00fcr Sanat Edebiyat Felsefe","publisher":{"@id":"https:\/\/narteks.net\/#organization"},"alternateName":"K\u00fclt\u00fcr Sanat Edebiyat Felsefe","potentialAction":[{"@type":"SearchAction","target":{"@type":"EntryPoint","urlTemplate":"https:\/\/narteks.net\/?s={search_term_string}"},"query-input":{"@type":"PropertyValueSpecification","valueRequired":true,"valueName":"search_term_string"}}],"inLanguage":"tr"},{"@type":"Organization","@id":"https:\/\/narteks.net\/#organization","name":"narteks.net","url":"https:\/\/narteks.net\/","logo":{"@type":"ImageObject","inLanguage":"tr","@id":"https:\/\/narteks.net\/#\/schema\/logo\/image\/","url":"https:\/\/narteks.net\/wp-content\/uploads\/narteks.png","contentUrl":"https:\/\/narteks.net\/wp-content\/uploads\/narteks.png","width":300,"height":90,"caption":"narteks.net"},"image":{"@id":"https:\/\/narteks.net\/#\/schema\/logo\/image\/"},"sameAs":["https:\/\/x.com\/narteks","https:\/\/instagram.com\/narteksnet"]},{"@type":"Person","@id":"https:\/\/narteks.net\/#\/schema\/person\/61f37d9834294b72d31d274e7ed79bca","name":"Tar\u0131k","image":{"@type":"ImageObject","inLanguage":"tr","@id":"https:\/\/narteks.net\/#\/schema\/person\/image\/","url":"https:\/\/secure.gravatar.com\/avatar\/50865afb55632c4ae467e0af0930f6510aa2297d8014be502a55b14f3b7550cf?s=96&d=mm&r=g","contentUrl":"https:\/\/secure.gravatar.com\/avatar\/50865afb55632c4ae467e0af0930f6510aa2297d8014be502a55b14f3b7550cf?s=96&d=mm&r=g","caption":"Tar\u0131k"},"sameAs":["http:\/\/narteks.net"],"url":"https:\/\/narteks.net\/index.php\/author\/narbak\/"}]}},"_links":{"self":[{"href":"https:\/\/narteks.net\/index.php\/wp-json\/wp\/v2\/posts\/4379","targetHints":{"allow":["GET"]}}],"collection":[{"href":"https:\/\/narteks.net\/index.php\/wp-json\/wp\/v2\/posts"}],"about":[{"href":"https:\/\/narteks.net\/index.php\/wp-json\/wp\/v2\/types\/post"}],"author":[{"embeddable":true,"href":"https:\/\/narteks.net\/index.php\/wp-json\/wp\/v2\/users\/1"}],"replies":[{"embeddable":true,"href":"https:\/\/narteks.net\/index.php\/wp-json\/wp\/v2\/comments?post=4379"}],"version-history":[{"count":0,"href":"https:\/\/narteks.net\/index.php\/wp-json\/wp\/v2\/posts\/4379\/revisions"}],"wp:attachment":[{"href":"https:\/\/narteks.net\/index.php\/wp-json\/wp\/v2\/media?parent=4379"}],"wp:term":[{"taxonomy":"category","embeddable":true,"href":"https:\/\/narteks.net\/index.php\/wp-json\/wp\/v2\/categories?post=4379"},{"taxonomy":"post_tag","embeddable":true,"href":"https:\/\/narteks.net\/index.php\/wp-json\/wp\/v2\/tags?post=4379"}],"curies":[{"name":"wp","href":"https:\/\/api.w.org\/{rel}","templated":true}]}}