{"id":438,"date":"2009-03-13T22:54:53","date_gmt":"2009-03-13T19:54:53","guid":{"rendered":"http:\/\/localhost\/wordpress\/2009\/03\/13\/kirmizi-gul-demet-demet\/"},"modified":"2009-03-13T22:54:53","modified_gmt":"2009-03-13T19:54:53","slug":"kirmizi-gul-demet-demet","status":"publish","type":"post","link":"https:\/\/narteks.net\/index.php\/2009\/03\/13\/kirmizi-gul-demet-demet\/","title":{"rendered":"K\u0131rm\u0131z\u0131 G\u00fcl Demet Demet"},"content":{"rendered":"<p style=\"text-align: justify;\"><span style=\"font-size: 14pt;\"><strong> K\u0131rm\u0131z\u0131 G\u00fcl Demet Demet<\/strong><\/span><\/p>\n<p>K\u0131rm\u0131z\u0131 g\u00fcl demet demet, <br \/>Sevda de\u011fil bir alamet, <br \/>Balam nenni, yavrum nenni <br \/>Gitti gelmez ol muhannet <br \/> \u015eol revanda balam kald\u0131,<br \/> Yavrum kald\u0131, balam nenni&#8230;<\/p>\n<p>Nenni ya! Nenni ki nenni!. Yavrum nenni! Bir demet k\u0131rm\u0131z\u0131 g\u00fclle<br \/>gelen nenni!. Nas\u0131l oluyor derseniz, t\u00fcrk\u00fcn\u00fcn dilini a\u00e7mak gerek&#8230;<br \/>Var\u0131p sormak gerek t\u00fcrk\u00fcye : &#8221;Ey t\u00fcrk\u00fc nedir bu demet demet k\u0131rm\u0131z\u0131 g\u00fcl ve de nenni!. Yavrum nenni&#8230; Balam, nenni&#8221;. Bu demet demet g\u00fcl hem de k\u0131rm\u0131z\u0131s\u0131ndan, sevgiliye duygu mu ta\u015f\u0131yor? Neden k\u0131rm\u0131z\u0131 g\u00fcl de k\u0131r papatyalar\u0131 de\u011fil? \u015e\u00f6yle sar\u0131l\u0131 beyazl\u0131, d\u00fcz sar\u0131l\u0131, \u00f6k\u00fcz g\u00f6z\u00fc gibi, k\u0131rdan toplanm\u0131\u015f papatyalar de\u011fil de, demet demet k\u0131rm\u0131z\u0131 g\u00fcl? Onlar\u0131n sevgi dili yok mu?. Onlar duygu simgesi g\u00fcl kat&#8230; Ama bir tek!. Benim tek g\u00fcl\u00fcms\u00fcn, g\u00f6nl\u00fcmdeki yerin k\u0131r \u00e7i\u00e7ekleri kadar engin, k\u0131r \u00e7i\u00e7ekleri kadar zengin ve do\u011fal, demi\u015f olmazm\u0131s\u0131n? Ama senden iyisini bilecek de\u011filiz ya!. K\u0131rm\u0131z\u0131 g\u00fcl\u00fc<br \/>se\u00e7mi\u015fsin sen. Hem de demet demet&#8230; <\/p>\n<p>Ha bir de &#8216;balam&#8217; meselesi var! Yavrum diyorsun&#8230; &#8216;Nenni&#8217; diyorsun &#8216;Gitti gelmez&#8217; diyorsun. Yoksa bir anan\u0131n balas\u0131na, yavrusuna \u00e7a\u011fr\u0131s\u0131 m\u0131 bu? \u015eol Revan&#8217;da kalan balas\u0131 \u00fcst\u00fcne mi s\u00f6ylenmi\u015f?. REVAN, bug\u00fcnk\u00fc ad\u0131yla ER\u0130VAN, yani g\u00fcn\u00fcm\u00fczde Ermenistan&#8217;\u0131n ba\u015fkenti&#8230; T\u00fcrk\u00fcm\u00fcze konu olan olay\u0131n ge\u00e7ti\u011fi zaman ise, b\u00fcy\u00fck olas\u0131l\u0131kla 17. y\u00fczy\u0131l sonras\u0131&#8230; Neden derseniz, REVAN Osmanl\u0131n\u0131n \u00f6nemli bir ticaret merkezi o zamanlar. Ama bir ara elden \u00e7\u0131km\u0131\u015f, Safeviler i\u015fgal etmi\u015f. Y\u0131l 1635. D\u00f6rd\u00fcnc\u00fc Murat ikiy\u00fczellibin ki\u015filik bir orduyla REVAN seferini d\u00fczenlemi\u015f. Sekiz ay, yirmi dokuz g\u00fcnl\u00fck ku\u015fatma sonunda, REVAN yeniden Osmanl\u0131 topraklar\u0131na kat\u0131lm\u0131\u015f. Eskisi gibi kervanlar gider gelir olmu\u015f. Mal g\u00f6t\u00fcr\u00fcp, mal getirmi\u015fler&#8230; Memet de gidip gelen kervanc\u0131lardan birisi&#8230; Anas\u0131n\u0131n da tek &#8216;balas\u0131&#8217;&#8230; Tek o\u011flu!. Erzurum y\u00f6resinde \u00fc\u00e7 be\u015f d\u00f6n\u00fcml\u00fck tarlalar\u0131n\u0131 ekip dikiyorlar&#8230; Yeti\u015ftirdikleri \u00fcr\u00fcn\u00fc de kervana kat\u0131p, REVAN&#8217;da sat\u0131yor Memet&#8230; Memet de Memet hani&#8230; Karaya\u011f\u0131z bir delikanl\u0131&#8230; Ta\u015f\u0131 tutsa, suyunu \u00e7\u0131karacak kadar g\u00fc\u00e7l\u00fc. Bir de al\u0131\u015fkanl\u0131\u011f\u0131 var Memet&#8217;in. Her ak\u015fam tarla d\u00f6n\u00fc\u015f\u00fc, bah\u00e7elerden derledi\u011fi demet demet g\u00fclleri getiriyor anas\u0131na.. Anayla o\u011ful aras\u0131nda bir simge gibi k\u0131rm\u0131z\u0131 g\u00fcl demeti&#8230; Sevgi sayg\u0131 simgesi. G\u00fclleri evinin duvar\u0131na as\u0131p kurutuyor ana&#8230; Onlara bakt\u0131k\u00e7a o\u011flunu g\u00f6r\u00fcr gibi oluyor&#8230; Hele Memet kervandaysa. G\u00f6z\u00fc g\u00f6nl\u00fc k\u0131rm\u0131z\u0131 g\u00fcl\u00fcn kurumu\u015f, gazelle\u015fmi\u015f demetinde anan\u0131n. R\u00fcyalar\u0131 hep Memet \u00fcst\u00fcne&#8230; REVAN yollar\u0131n\u0131 d\u00fc\u015fl\u00fcyor hep. Kimi zaman kara saplanm\u0131\u015f g\u00f6r\u00fcyor kervan\u0131. Kanter i\u00e7inde uyan\u0131yor. hayra yormaya \u00e7al\u0131\u015f\u0131yor. Kimi geceler de toza dumana kat\u0131lm\u0131\u015f kervan\u0131n, at\u0131n\u0131n e\u015fe\u011finin devesinin bir toz bulutu i\u00e7inde kaybolu\u015funu d\u00fc\u015fl\u00fcyor. Bir hortum, yutuyor kervan\u0131. Koca kervan d\u00f6ne d\u00f6ne g\u00f6\u011fe \u00e7ekiliyor. Geride ne bir at, ne de bir deve, ne de insan kal\u0131yor. Memet&#8217;i ar\u0131yor g\u00f6zleri. Kara ya\u011f\u0131z, kaytan b\u0131y\u0131k Memet, ellerini uzat\u0131yor anas\u0131na. &#8216;Tut ellerimi&#8217; diyor. Ama ne gezer. Anas\u0131n\u0131n elleri bo\u015flukta kal\u0131yor. S\u00f6z\u00fcn k\u0131sas\u0131 g\u00fcn\u00fc gelip de kervan REVAN&#8217;dan d\u00f6nene kadar bu b\u00f6yle s\u00fcr\u00fcp gidiyor. Kervan\u0131n d\u00f6n\u00fc\u015f\u00fcn\u00fc d\u00f6rt g\u00f6zle bekliyor.<\/p>\n<p>Bazen k\u0131\u015f\u0131n yola sald\u0131\u011f\u0131 o\u011flu yaz\u0131n d\u00f6n\u00fcyor .Bazen de tersi oluyor . Kervan\u0131n d\u00f6n\u00fc\u015f\u00fc, bayram gibi! Kimi kocas\u0131n\u0131, kimi yavuklusunu kar\u015f\u0131l\u0131yor. Kimi analar da o\u011flunu. Sar\u0131l\u0131p, a\u011flayanlar, sevin\u00e7 g\u00f6zya\u015f\u0131 d\u00f6kenler. Yemen seferinden d\u00f6ner gibi. Ger\u00e7i sava\u015f d\u00f6n\u00fc\u015f\u00fc de\u011fil ama; hastal\u0131\u011f\u0131 sa\u011fl\u0131\u011f\u0131 var&#8230; Kar\u0131 var, ayaz\u0131 var!. Bir de salg\u0131n hastal\u0131k s\u00f6ylentisi yay\u0131lm\u0131\u015f. Veba hastal\u0131\u011f\u0131 k\u0131r\u0131p ge\u00e7iriyor ortal\u0131\u011f\u0131. \u0130lkin bir ate\u015f sar\u0131yor b\u00fcnyeyi. Kusma, iltihap, ba\u015f d\u00f6nmesi. En sonunda da say\u0131klama. Art\u0131k kurtulu\u015fu yok. Say\u0131klaya say\u0131klaya g\u00f6t\u00fcr\u00fcyor insan\u0131. En erken \u00fc\u00e7 g\u00fcn. En ge\u00e7 yedi g\u00fcn i\u00e7inde ba\u015fl\u0131yor say\u0131klama&#8230; Kurdu\u011fu t\u00fcm d\u00fcnya yok oluyor bir anda insan\u0131n. Sevgiliye \u00f6zlem, al\u0131nan arma\u011fanlar. S\u00f6ylenecek g\u00fczel s\u00f6zler. &#8221;Sensiz olamam. Sen benim her \u015feyimsin. G\u00fcne seninle ba\u015fl\u0131yorum. Seninle bitiyor gecem. Zaman yitirmemek gerek demi\u015ftin. Oysa g\u00fcnler su gibi ge\u00e7ti. Ne bir ses; ne bir nefes. D\u00fc\u015flerdeki yerin hari\u00e7. Oysa seninle her \u015feye yeniden ba\u015flayacakt\u0131k. \u00d6yle demi\u015ftik. &#8221;Ya\u015fam o kadar k\u0131sa ki; hi\u00e7 zaman yitirmek istemiyorum seninle olmak i\u00e7in&#8221;. Bunlar\u0131 sen s\u00f6ylemi\u015ftin. S\u0131cakl\u0131\u011f\u0131n avu\u00e7lar\u0131mdayd\u0131. Kuytu bir sokak aras\u0131 m\u0131yd\u0131?. Yoksa a\u015f\u0131klar yoluna giri\u015fte miydi? Bir tek g\u00f6zlerin kalm\u0131\u015f belle\u011fimde. Bir de ku\u015flar\u0131n bitmeyen \u015fak\u0131malar\u0131. Ne de g\u00fczel batm\u0131\u015ft\u0131 g\u00fcne\u015f. Alaca \u0131\u015f\u0131\u011f\u0131n, alaca karanl\u0131\u011fa d\u00f6n\u00fc\u015ft\u00fc\u011f\u00fc an. Ak\u015fam g\u00fcne\u015finin, yava\u015f yava\u015f yok olu\u015fu muydu g\u00fczel olan?. Yoksa alaca \u0131\u015f\u0131\u011f\u0131n, alaca mutlulu\u011fa d\u00f6n\u00fc\u015ft\u00fc\u011f\u00fc an m\u0131yd\u0131 en g\u00fczeli. Bahar m\u0131 kokuyordu sa\u00e7lar\u0131n. Yoksa ger\u00e7ekten bahar g\u00fcnleri miydi? \u0130\u015fte b\u00f6yle sevgili. Ben \u015fimdi senden uzak. Seni say\u0131kl\u0131yorum. Ellerini tutabilsem yeniden. Y\u00fcz\u00fcme dokunsa sa\u00e7 tellerin. Ama ne gezer!. Kuytulardan kaybolmay\u0131 severim demi\u015ftin. Aniden yok oluyorsun d\u00fc\u015flerimden. Ellerim bo\u015fta kal\u0131yor. Hem anam\u0131n h\u0131\u00e7k\u0131r\u0131\u011f\u0131 niye. Uzatt\u0131\u011f\u0131m ellerimi tutsa ya! Ate\u015fler i\u00e7indeyim. Bildi\u011fim t\u00fcrk\u00fcleri m\u0131r\u0131ldan\u0131yorum; yoklu\u011funuzda.<\/p>\n<p>Gurbet elde ba\u015f yast\u0131\u011fa gelende,<br \/>Gayet yaman olur i\u015fi garibin,<br \/>Gelen olmaz giden olmaz yan\u0131na,<br \/>Bir \u00e7al\u0131d\u0131r mezar ta\u015f\u0131 garibin.<\/p>\n<p>Bir \u00e7al\u0131n\u0131n dibine g\u00f6m\u00fcyorlar Memet&#8217;i. S\u00f6ylenecek s\u00f6zleri, sevgiliye, anas\u0131na \u00f6zlemiyle birlikte \u00f6rt\u00fcyorlar \u00fcst\u00fcn\u00fc. Kara toprak al\u0131yor ba\u011fr\u0131na. Gen\u00e7mi\u015f&#8230; Sevenleri varm\u0131\u015f&#8230; Anas\u0131 yavuklusu yol g\u00f6zl\u00fcyormu\u015f. Ecel bu! Kimini sele, kimini yele verir. Memet&#8217;i de Revan&#8217;da vebayla yakal\u0131yor. Say\u0131klaya say\u0131klaya gidiyor Memet. Kucak dolusu k\u0131rm\u0131z\u0131 g\u00fcller elinde kal\u0131yor. Sevgiliye \u00f6zlemi de dilinde!. Art\u0131k bir \u00e7al\u0131d\u0131r mezar ta\u015f\u0131 Memet&#8217;in!. Bir tek Memet de\u011fil vebaya teslim olan. Kervan\u0131n \u00e7o\u011fu k\u0131r\u0131l\u0131yor. Sahipsiz mezar oluyor Revan &#8216; da. Kalanlar peri\u015fan. Utanga\u00e7. Ya\u015f\u0131yor olmaktan utan\u0131yorlar sanki&#8230; Sanki \u00f6lenlerin sorumlusu \u00f6lmeyenlermi\u015f gibi&#8230; A\u011f\u0131r a\u011f\u0131r Erzurum&#8217;a giriyor kervan. Analar, bac\u0131lar, sevgililer, o\u011fullar, e\u015fler&#8230; Merakl\u0131 g\u00f6zlerle kar\u015f\u0131l\u0131yor kervan\u0131. Arad\u0131\u011f\u0131n\u0131 bulan sarma\u015f dola\u015f. G\u00f6zya\u015flar\u0131 h\u0131\u00e7k\u0131r\u0131klara kar\u0131\u015f\u0131yor. Arad\u0131\u011f\u0131n\u0131 bulamayanlar, ilk rastlad\u0131\u011f\u0131na soruyor. &#8221;O\u011flum Memet&#8217;im nerede. Birlikte \u00e7\u0131kt\u0131n\u0131z kervana. Nerede kald\u0131&#8221;. Sen sen ol da gel yan\u0131tla. &#8220;\u0130lkin kusma ba\u015flad\u0131. Sonra da bir ate\u015f. En son say\u0131klama ba\u015flad\u0131. T\u00fcm sevdiklerini bir bir s\u0131ralad\u0131. Titreye titreye say\u0131klad\u0131. Yedi g\u00fcn dayand\u0131 Memet. Sonra&#8230; Sonra bir \u00e7al\u0131n\u0131n dibine g\u00f6md\u00fck onu&#8221;. Gel de s\u00f6yle bunu. S\u00f6yleyebil!. Hem de anas\u0131na&#8230; O ana deli olup da\u011flara d\u00fc\u015fmez mi?. Avu\u00e7lar\u0131n\u0131 g\u00f6\u011fe a\u00e7\u0131p ol tabipten medet dilemez mi?. K\u0131rm\u0131z\u0131 g\u00fclden merhemlik istemez mi?. Karaya\u011f\u0131z\u0131n g\u00fczeli o\u011flunu, can\u0131ndan par\u00e7ay\u0131 al\u0131p g\u00f6t\u00fcren \u00f6l\u00fcme, ilenmez mi? \u00d6l\u00fcm\u00fcn hepsi k\u00f6t\u00fc. Ana, baba, anneanne, dede. Hepsi k\u00f6t\u00fc. D\u00fcn var olan&#8230; Soluyan, nefes alan; nefes veren. Bir anda yok art\u0131k. Yerinde yeller esiyor. \u015eekli \u015femali, son s\u00f6zleri, yava\u015f yava\u015f yok oluyor. Belleklerden siliniyor. Ya\u015fl\u0131 \u00f6l\u00fcm\u00fc neyse ne! &#8221;\u00d6ld\u00fc de kurtuldu&#8221; diyor insan. Ya gencecik \u00f6l\u00fcmler. Murad\u0131 g\u00f6z\u00fcnde gidenler. Anad\u0131r, al\u0131yor veriyor. veriyor al\u0131yor. Oluru yok. Diline k\u0131rm\u0131z\u0131 g\u00fclleri doluyor. Ol tabipten medet diliyor. Olmuyor. Ver elini da\u011f yollar\u0131. Dilinde t\u00fcrk\u00fcs\u00fc. G\u00f6nl\u00fcnde o\u011flunun hayali. Deli olup da\u011flara d\u00fc\u015f\u00fcyor. O&#8217;nu son g\u00f6renler elinde bir demet k\u0131rm\u0131z\u0131 g\u00fcl, dilinde &#8221;K\u0131rm\u0131z\u0131 g\u00fcl demet demet. Sevda de\u011fil bir alamet \u015eol Revan&#8217;da balam kald\u0131. Yavrum kald\u0131&#8221;&#8230; diye diye hayk\u0131rd\u0131\u011f\u0131n\u0131 s\u00f6ylediler.<\/p>\n<p>K\u0131rm\u0131z\u0131 g\u00fcl demet demet<br \/>Sevda de\u011fil, bir alamet<br \/>Balam nenni, yavrum nenni,<br \/>Gitti gelmez ol muhannet,<br \/>\u015eol Revan&#8217;da balam kald\u0131,<br \/> Yavrum kald\u0131,<br \/> Balam nenni,<\/p>\n<p>K\u0131rm\u0131z\u0131 g\u00fcl her dem olmaz,<br \/>Yaralara merhem olmaz<br \/> Balam nenni,<br \/> Yavrum nenni,<\/p>\n<p>Ol tabipten derman gelmez<br \/>\u015eol Revan &#8216; da balam kald\u0131,<br \/> Yavrum kald\u0131,<br \/> Balam nenni.<\/p>\n<p>K\u0131rm\u0131z\u0131 g\u00fcl\u00fcn hazan\u0131,<br \/>A\u011fa\u00e7lar d\u00f6ker gazal\u0131,<br \/>Karaya\u011f\u0131z\u0131n g\u00fczeli<br \/> \u015eol Revan &#8216; da balam kald\u0131, <br \/> Yavrum kald\u0131,<\/p>\n<p>Kaynak:<br \/>Ya\u015far \u00d6z\u00fcrk\u00fct <br \/>\u00d6yk\u00fcleriyle\u00a0 T\u00fcrk\u00fcler 2<br \/>\u0130stanbul, 2001<\/p>\n","protected":false},"excerpt":{"rendered":"<p>K\u0131rm\u0131z\u0131 G\u00fcl Demet Demet K\u0131rm\u0131z\u0131 g\u00fcl demet demet, Sevda de\u011fil bir alamet, Balam nenni, yavrum nenni Gitti gelmez ol muhannet \u015eol revanda balam kald\u0131, Yavrum kald\u0131, balam nenni&#8230; Nenni ya! Nenni ki nenni!. Yavrum nenni! Bir demet k\u0131rm\u0131z\u0131 g\u00fcllegelen nenni!. Nas\u0131l oluyor derseniz, t\u00fcrk\u00fcn\u00fcn dilini a\u00e7mak gerek&#8230;Var\u0131p sormak gerek t\u00fcrk\u00fcye : &#8221;Ey t\u00fcrk\u00fc nedir bu [&hellip;]<\/p>\n","protected":false},"author":1,"featured_media":0,"comment_status":"open","ping_status":"open","sticky":false,"template":"","format":"standard","meta":{"footnotes":""},"categories":[55],"tags":[],"class_list":{"0":"post-438","1":"post","2":"type-post","3":"status-publish","4":"format-standard","6":"category-oykuleriyle-turkuler"},"yoast_head":"<!-- This site is optimized with the Yoast SEO Premium plugin v24.9 (Yoast SEO v24.9) - https:\/\/yoast.com\/wordpress\/plugins\/seo\/ -->\n<title>K\u0131rm\u0131z\u0131 G\u00fcl Demet Demet - narteks.net<\/title>\n<meta name=\"robots\" content=\"index, follow, max-snippet:-1, max-image-preview:large, max-video-preview:-1\" \/>\n<link rel=\"canonical\" href=\"https:\/\/narteks.net\/index.php\/2009\/03\/13\/kirmizi-gul-demet-demet\/\" \/>\n<meta property=\"og:locale\" content=\"tr_TR\" \/>\n<meta property=\"og:type\" content=\"article\" \/>\n<meta property=\"og:title\" content=\"K\u0131rm\u0131z\u0131 G\u00fcl Demet Demet\" \/>\n<meta property=\"og:description\" content=\"K\u0131rm\u0131z\u0131 G\u00fcl Demet Demet K\u0131rm\u0131z\u0131 g\u00fcl demet demet, Sevda de\u011fil bir alamet, Balam nenni, yavrum nenni Gitti gelmez ol muhannet \u015eol revanda balam kald\u0131, Yavrum kald\u0131, balam nenni&#8230; Nenni ya! Nenni ki nenni!. Yavrum nenni! Bir demet k\u0131rm\u0131z\u0131 g\u00fcllegelen nenni!. Nas\u0131l oluyor derseniz, t\u00fcrk\u00fcn\u00fcn dilini a\u00e7mak gerek&#8230;Var\u0131p sormak gerek t\u00fcrk\u00fcye : &#8221;Ey t\u00fcrk\u00fc nedir bu [&hellip;]\" \/>\n<meta property=\"og:url\" content=\"https:\/\/narteks.net\/index.php\/2009\/03\/13\/kirmizi-gul-demet-demet\/\" \/>\n<meta property=\"og:site_name\" content=\"narteks.net\" \/>\n<meta property=\"article:published_time\" content=\"2009-03-13T19:54:53+00:00\" \/>\n<meta property=\"og:image\" content=\"https:\/\/narteks.net\/wp-content\/uploads\/narteks.png\" \/>\n\t<meta property=\"og:image:width\" content=\"300\" \/>\n\t<meta property=\"og:image:height\" content=\"90\" \/>\n\t<meta property=\"og:image:type\" content=\"image\/png\" \/>\n<meta name=\"author\" content=\"Tar\u0131k\" \/>\n<meta name=\"twitter:card\" content=\"summary_large_image\" \/>\n<meta name=\"twitter:creator\" content=\"@narteks\" \/>\n<meta name=\"twitter:site\" content=\"@narteks\" \/>\n<meta name=\"twitter:label1\" content=\"Yazan:\" \/>\n\t<meta name=\"twitter:data1\" content=\"Tar\u0131k\" \/>\n\t<meta name=\"twitter:label2\" content=\"Tahmini okuma s\u00fcresi\" \/>\n\t<meta name=\"twitter:data2\" content=\"8 dakika\" \/>\n<script type=\"application\/ld+json\" class=\"yoast-schema-graph\">{\"@context\":\"https:\/\/schema.org\",\"@graph\":[{\"@type\":\"Article\",\"@id\":\"https:\/\/narteks.net\/index.php\/2009\/03\/13\/kirmizi-gul-demet-demet\/#article\",\"isPartOf\":{\"@id\":\"https:\/\/narteks.net\/index.php\/2009\/03\/13\/kirmizi-gul-demet-demet\/\"},\"author\":{\"name\":\"Tar\u0131k\",\"@id\":\"https:\/\/narteks.net\/#\/schema\/person\/61f37d9834294b72d31d274e7ed79bca\"},\"headline\":\"K\u0131rm\u0131z\u0131 G\u00fcl Demet Demet\",\"datePublished\":\"2009-03-13T19:54:53+00:00\",\"mainEntityOfPage\":{\"@id\":\"https:\/\/narteks.net\/index.php\/2009\/03\/13\/kirmizi-gul-demet-demet\/\"},\"wordCount\":1560,\"commentCount\":0,\"publisher\":{\"@id\":\"https:\/\/narteks.net\/#organization\"},\"articleSection\":[\"\u00d6yk\u00fcleriyle T\u00fcrk\u00fcler\"],\"inLanguage\":\"tr\",\"potentialAction\":[{\"@type\":\"CommentAction\",\"name\":\"Comment\",\"target\":[\"https:\/\/narteks.net\/index.php\/2009\/03\/13\/kirmizi-gul-demet-demet\/#respond\"]}]},{\"@type\":\"WebPage\",\"@id\":\"https:\/\/narteks.net\/index.php\/2009\/03\/13\/kirmizi-gul-demet-demet\/\",\"url\":\"https:\/\/narteks.net\/index.php\/2009\/03\/13\/kirmizi-gul-demet-demet\/\",\"name\":\"K\u0131rm\u0131z\u0131 G\u00fcl Demet Demet - narteks.net\",\"isPartOf\":{\"@id\":\"https:\/\/narteks.net\/#website\"},\"datePublished\":\"2009-03-13T19:54:53+00:00\",\"breadcrumb\":{\"@id\":\"https:\/\/narteks.net\/index.php\/2009\/03\/13\/kirmizi-gul-demet-demet\/#breadcrumb\"},\"inLanguage\":\"tr\",\"potentialAction\":[{\"@type\":\"ReadAction\",\"target\":[\"https:\/\/narteks.net\/index.php\/2009\/03\/13\/kirmizi-gul-demet-demet\/\"]}]},{\"@type\":\"BreadcrumbList\",\"@id\":\"https:\/\/narteks.net\/index.php\/2009\/03\/13\/kirmizi-gul-demet-demet\/#breadcrumb\",\"itemListElement\":[{\"@type\":\"ListItem\",\"position\":1,\"name\":\"Anasayfa\",\"item\":\"https:\/\/narteks.net\/\"},{\"@type\":\"ListItem\",\"position\":2,\"name\":\"K\u0131rm\u0131z\u0131 G\u00fcl Demet Demet\"}]},{\"@type\":\"WebSite\",\"@id\":\"https:\/\/narteks.net\/#website\",\"url\":\"https:\/\/narteks.net\/\",\"name\":\"narteks.net\",\"description\":\"K\u00fclt\u00fcr Sanat Edebiyat Felsefe\",\"publisher\":{\"@id\":\"https:\/\/narteks.net\/#organization\"},\"alternateName\":\"K\u00fclt\u00fcr Sanat Edebiyat Felsefe\",\"potentialAction\":[{\"@type\":\"SearchAction\",\"target\":{\"@type\":\"EntryPoint\",\"urlTemplate\":\"https:\/\/narteks.net\/?s={search_term_string}\"},\"query-input\":{\"@type\":\"PropertyValueSpecification\",\"valueRequired\":true,\"valueName\":\"search_term_string\"}}],\"inLanguage\":\"tr\"},{\"@type\":\"Organization\",\"@id\":\"https:\/\/narteks.net\/#organization\",\"name\":\"narteks.net\",\"url\":\"https:\/\/narteks.net\/\",\"logo\":{\"@type\":\"ImageObject\",\"inLanguage\":\"tr\",\"@id\":\"https:\/\/narteks.net\/#\/schema\/logo\/image\/\",\"url\":\"https:\/\/narteks.net\/wp-content\/uploads\/narteks.png\",\"contentUrl\":\"https:\/\/narteks.net\/wp-content\/uploads\/narteks.png\",\"width\":300,\"height\":90,\"caption\":\"narteks.net\"},\"image\":{\"@id\":\"https:\/\/narteks.net\/#\/schema\/logo\/image\/\"},\"sameAs\":[\"https:\/\/x.com\/narteks\",\"https:\/\/instagram.com\/narteksnet\"]},{\"@type\":\"Person\",\"@id\":\"https:\/\/narteks.net\/#\/schema\/person\/61f37d9834294b72d31d274e7ed79bca\",\"name\":\"Tar\u0131k\",\"image\":{\"@type\":\"ImageObject\",\"inLanguage\":\"tr\",\"@id\":\"https:\/\/narteks.net\/#\/schema\/person\/image\/\",\"url\":\"https:\/\/secure.gravatar.com\/avatar\/50865afb55632c4ae467e0af0930f6510aa2297d8014be502a55b14f3b7550cf?s=96&d=mm&r=g\",\"contentUrl\":\"https:\/\/secure.gravatar.com\/avatar\/50865afb55632c4ae467e0af0930f6510aa2297d8014be502a55b14f3b7550cf?s=96&d=mm&r=g\",\"caption\":\"Tar\u0131k\"},\"sameAs\":[\"http:\/\/narteks.net\"],\"url\":\"https:\/\/narteks.net\/index.php\/author\/narbak\/\"}]}<\/script>\n<!-- \/ Yoast SEO Premium plugin. -->","yoast_head_json":{"title":"K\u0131rm\u0131z\u0131 G\u00fcl Demet Demet - narteks.net","robots":{"index":"index","follow":"follow","max-snippet":"max-snippet:-1","max-image-preview":"max-image-preview:large","max-video-preview":"max-video-preview:-1"},"canonical":"https:\/\/narteks.net\/index.php\/2009\/03\/13\/kirmizi-gul-demet-demet\/","og_locale":"tr_TR","og_type":"article","og_title":"K\u0131rm\u0131z\u0131 G\u00fcl Demet Demet","og_description":"K\u0131rm\u0131z\u0131 G\u00fcl Demet Demet K\u0131rm\u0131z\u0131 g\u00fcl demet demet, Sevda de\u011fil bir alamet, Balam nenni, yavrum nenni Gitti gelmez ol muhannet \u015eol revanda balam kald\u0131, Yavrum kald\u0131, balam nenni&#8230; Nenni ya! Nenni ki nenni!. Yavrum nenni! Bir demet k\u0131rm\u0131z\u0131 g\u00fcllegelen nenni!. Nas\u0131l oluyor derseniz, t\u00fcrk\u00fcn\u00fcn dilini a\u00e7mak gerek&#8230;Var\u0131p sormak gerek t\u00fcrk\u00fcye : &#8221;Ey t\u00fcrk\u00fc nedir bu [&hellip;]","og_url":"https:\/\/narteks.net\/index.php\/2009\/03\/13\/kirmizi-gul-demet-demet\/","og_site_name":"narteks.net","article_published_time":"2009-03-13T19:54:53+00:00","og_image":[{"width":300,"height":90,"url":"https:\/\/narteks.net\/wp-content\/uploads\/narteks.png","type":"image\/png"}],"author":"Tar\u0131k","twitter_card":"summary_large_image","twitter_creator":"@narteks","twitter_site":"@narteks","twitter_misc":{"Yazan:":"Tar\u0131k","Tahmini okuma s\u00fcresi":"8 dakika"},"schema":{"@context":"https:\/\/schema.org","@graph":[{"@type":"Article","@id":"https:\/\/narteks.net\/index.php\/2009\/03\/13\/kirmizi-gul-demet-demet\/#article","isPartOf":{"@id":"https:\/\/narteks.net\/index.php\/2009\/03\/13\/kirmizi-gul-demet-demet\/"},"author":{"name":"Tar\u0131k","@id":"https:\/\/narteks.net\/#\/schema\/person\/61f37d9834294b72d31d274e7ed79bca"},"headline":"K\u0131rm\u0131z\u0131 G\u00fcl Demet Demet","datePublished":"2009-03-13T19:54:53+00:00","mainEntityOfPage":{"@id":"https:\/\/narteks.net\/index.php\/2009\/03\/13\/kirmizi-gul-demet-demet\/"},"wordCount":1560,"commentCount":0,"publisher":{"@id":"https:\/\/narteks.net\/#organization"},"articleSection":["\u00d6yk\u00fcleriyle T\u00fcrk\u00fcler"],"inLanguage":"tr","potentialAction":[{"@type":"CommentAction","name":"Comment","target":["https:\/\/narteks.net\/index.php\/2009\/03\/13\/kirmizi-gul-demet-demet\/#respond"]}]},{"@type":"WebPage","@id":"https:\/\/narteks.net\/index.php\/2009\/03\/13\/kirmizi-gul-demet-demet\/","url":"https:\/\/narteks.net\/index.php\/2009\/03\/13\/kirmizi-gul-demet-demet\/","name":"K\u0131rm\u0131z\u0131 G\u00fcl Demet Demet - narteks.net","isPartOf":{"@id":"https:\/\/narteks.net\/#website"},"datePublished":"2009-03-13T19:54:53+00:00","breadcrumb":{"@id":"https:\/\/narteks.net\/index.php\/2009\/03\/13\/kirmizi-gul-demet-demet\/#breadcrumb"},"inLanguage":"tr","potentialAction":[{"@type":"ReadAction","target":["https:\/\/narteks.net\/index.php\/2009\/03\/13\/kirmizi-gul-demet-demet\/"]}]},{"@type":"BreadcrumbList","@id":"https:\/\/narteks.net\/index.php\/2009\/03\/13\/kirmizi-gul-demet-demet\/#breadcrumb","itemListElement":[{"@type":"ListItem","position":1,"name":"Anasayfa","item":"https:\/\/narteks.net\/"},{"@type":"ListItem","position":2,"name":"K\u0131rm\u0131z\u0131 G\u00fcl Demet Demet"}]},{"@type":"WebSite","@id":"https:\/\/narteks.net\/#website","url":"https:\/\/narteks.net\/","name":"narteks.net","description":"K\u00fclt\u00fcr Sanat Edebiyat Felsefe","publisher":{"@id":"https:\/\/narteks.net\/#organization"},"alternateName":"K\u00fclt\u00fcr Sanat Edebiyat Felsefe","potentialAction":[{"@type":"SearchAction","target":{"@type":"EntryPoint","urlTemplate":"https:\/\/narteks.net\/?s={search_term_string}"},"query-input":{"@type":"PropertyValueSpecification","valueRequired":true,"valueName":"search_term_string"}}],"inLanguage":"tr"},{"@type":"Organization","@id":"https:\/\/narteks.net\/#organization","name":"narteks.net","url":"https:\/\/narteks.net\/","logo":{"@type":"ImageObject","inLanguage":"tr","@id":"https:\/\/narteks.net\/#\/schema\/logo\/image\/","url":"https:\/\/narteks.net\/wp-content\/uploads\/narteks.png","contentUrl":"https:\/\/narteks.net\/wp-content\/uploads\/narteks.png","width":300,"height":90,"caption":"narteks.net"},"image":{"@id":"https:\/\/narteks.net\/#\/schema\/logo\/image\/"},"sameAs":["https:\/\/x.com\/narteks","https:\/\/instagram.com\/narteksnet"]},{"@type":"Person","@id":"https:\/\/narteks.net\/#\/schema\/person\/61f37d9834294b72d31d274e7ed79bca","name":"Tar\u0131k","image":{"@type":"ImageObject","inLanguage":"tr","@id":"https:\/\/narteks.net\/#\/schema\/person\/image\/","url":"https:\/\/secure.gravatar.com\/avatar\/50865afb55632c4ae467e0af0930f6510aa2297d8014be502a55b14f3b7550cf?s=96&d=mm&r=g","contentUrl":"https:\/\/secure.gravatar.com\/avatar\/50865afb55632c4ae467e0af0930f6510aa2297d8014be502a55b14f3b7550cf?s=96&d=mm&r=g","caption":"Tar\u0131k"},"sameAs":["http:\/\/narteks.net"],"url":"https:\/\/narteks.net\/index.php\/author\/narbak\/"}]}},"_links":{"self":[{"href":"https:\/\/narteks.net\/index.php\/wp-json\/wp\/v2\/posts\/438","targetHints":{"allow":["GET"]}}],"collection":[{"href":"https:\/\/narteks.net\/index.php\/wp-json\/wp\/v2\/posts"}],"about":[{"href":"https:\/\/narteks.net\/index.php\/wp-json\/wp\/v2\/types\/post"}],"author":[{"embeddable":true,"href":"https:\/\/narteks.net\/index.php\/wp-json\/wp\/v2\/users\/1"}],"replies":[{"embeddable":true,"href":"https:\/\/narteks.net\/index.php\/wp-json\/wp\/v2\/comments?post=438"}],"version-history":[{"count":0,"href":"https:\/\/narteks.net\/index.php\/wp-json\/wp\/v2\/posts\/438\/revisions"}],"wp:attachment":[{"href":"https:\/\/narteks.net\/index.php\/wp-json\/wp\/v2\/media?parent=438"}],"wp:term":[{"taxonomy":"category","embeddable":true,"href":"https:\/\/narteks.net\/index.php\/wp-json\/wp\/v2\/categories?post=438"},{"taxonomy":"post_tag","embeddable":true,"href":"https:\/\/narteks.net\/index.php\/wp-json\/wp\/v2\/tags?post=438"}],"curies":[{"name":"wp","href":"https:\/\/api.w.org\/{rel}","templated":true}]}}