{"id":4380,"date":"2010-03-18T14:21:49","date_gmt":"2010-03-18T11:21:49","guid":{"rendered":"http:\/\/localhost\/wordpress\/2010\/03\/18\/gergedan-ot-isimsiz-erkan-kucuk\/"},"modified":"2010-03-18T14:21:49","modified_gmt":"2010-03-18T11:21:49","slug":"gergedan-ot-isimsiz-erkan-kucuk","status":"publish","type":"post","link":"https:\/\/narteks.net\/index.php\/2010\/03\/18\/gergedan-ot-isimsiz-erkan-kucuk\/","title":{"rendered":"Gergedan-Ot-\u0130simsiz | Erkan K\u00fc\u00e7\u00fck"},"content":{"rendered":"<p style=\"text-align: justify;\"><strong>Gergedan<\/strong><\/p>\n<p>Aynan\u0131n kar\u015f\u0131s\u0131na ge\u00e7mi\u015f i\u00e7i d\u0131\u015f\u0131na \u00e7\u0131karcas\u0131na g\u00fcl\u00fcyordu. Eleriyle boynuzlar\u0131n\u0131 ok\u015fad\u0131. En sonunda kendi \u00f6z\u00fcn\u00fc buldu\u011fu i\u00e7in keyifle g\u00fclmesine devam etti. \u201c<em>Gergedanm\u0131\u015f\u0131m me\u011ferse..<\/em>\u201d dedi. Akl\u0131na say\u0131s\u0131z yan\u0131lg\u0131lar\u0131, aldat\u0131lmalar\u0131 geldi. \u201c<em>Sonunda dostlar\u0131m\u0131n iyilikleriyle kendime geldim, s\u0131ra bu iyiliklerin kar\u015f\u0131l\u0131\u011f\u0131n\u0131 \u00f6demeye geldi, bende onlar\u0131\u00a0 kendi ger\u00e7ek \u00f6zlerine kavu\u015fturmak i\u00e7in elimden geleni yapaca\u011f\u0131m. Onlar\u0131 \u015fu muhte\u015fem boynuzlar\u0131ma oturtaca\u011f\u0131m<\/em>\u201d. Kahkayla g\u00fcld\u00fc. Mutluydu.<\/p>\n<p style=\"text-align: justify;\">*********<\/p>\n<p style=\"text-align: justify;\"><strong>Ot<\/strong><\/p>\n<p style=\"text-align: justify;\">Ye\u015fillikleri sevdim ben. D\u00fcnyaya bir demet ot olarak gelmek isterdim ama ye\u015fili sevdi\u011fimden de\u011fil. Dingindir otlar o y\u00fczden. Sonra g\u00fczel bir ceylan\u0131n a\u00e7 dudaklar\u0131na dokunup zarif boynundan i\u00e7eri s\u00fcz\u00fclmek isterdim. Ard\u0131ndan tenha bir k\u00f6\u015feye, ceylan\u0131n i\u00e7inden gelen bir par\u00e7a olarak olarak d\u00fc\u015fmek fena olmazd\u0131, ger\u00e7i\u00a0 terk edilmenin s\u0131k\u0131nt\u0131s\u0131yla kokacak olsam da bundan gocunmaz, huzuru bulman\u0131n mutlulu\u011fuyla ot karde\u015flerime dost olurdum.<\/p>\n<p style=\"text-align: justify;\">**********<\/p>\n<p style=\"text-align: justify;\"><strong>\u0130simsiz<\/strong><\/p>\n<p style=\"text-align: justify;\">Say\u0131s\u0131z\u00a0 s\u0131fatla yolunu bulmaya \u00e7al\u0131\u015f\u0131yorsun. Herkese uygun bir surat\u0131n, bir g\u00fcl\u00fc\u015f\u00fcn, damardan i\u015fleyen bir s\u00f6yleyi\u015fin var. Girdi\u011fin her kap\u0131da ayakta kar\u015f\u0131land\u0131n seninle ayn\u0131 oyunu oynayanlar taraf\u0131ndan, sevdiler seni, hem de \u00e7ok. Arkandan \u201ciyi adam\u201d dediler senin i\u00e7in. Herkesin a\u011fz\u0131n\u0131n tad\u0131na g\u00f6re biriydin sen. Siyah sana siyah dedi, beyaz ise beyaz.<br \/> Peki senin ger\u00e7ek rengin ne? Senin kendine ait olan s\u00f6z\u00fcn? Y\u00fcre\u011finden gelen samimi bir g\u00fcl\u00fc\u015f\u00fcn var m\u0131? Kimsin sen? Ad\u0131n ne?<br \/>Kaybetmemek a\u015fk\u0131yla, yalandan, sahte y\u00fczlerle s\u00fcrd\u00fcrd\u00fcn hayat\u0131n\u0131. Kendinle bile konu\u015furken sen de\u011fildin. Ki\u015filiksizlik i\u00e7inde say\u0131s\u0131z ki\u015fili\u011finle ya\u015fad\u0131n. Bir g\u00fcn \u00f6ld\u00fc\u011f\u00fcn de\u00a0 isimsizler mezarl\u0131\u011f\u0131na g\u00f6mece\u011fiz seni. B\u00f6ylece kendi ismini bulmu\u015f olacaks\u0131n.<\/p>\n","protected":false},"excerpt":{"rendered":"<p>Gergedan Aynan\u0131n kar\u015f\u0131s\u0131na ge\u00e7mi\u015f i\u00e7i d\u0131\u015f\u0131na \u00e7\u0131karcas\u0131na g\u00fcl\u00fcyordu. Eleriyle boynuzlar\u0131n\u0131 ok\u015fad\u0131. En sonunda kendi \u00f6z\u00fcn\u00fc buldu\u011fu i\u00e7in keyifle g\u00fclmesine devam etti. \u201cGergedanm\u0131\u015f\u0131m me\u011ferse..\u201d dedi. Akl\u0131na say\u0131s\u0131z yan\u0131lg\u0131lar\u0131, aldat\u0131lmalar\u0131 geldi. \u201cSonunda dostlar\u0131m\u0131n iyilikleriyle kendime geldim, s\u0131ra bu iyiliklerin kar\u015f\u0131l\u0131\u011f\u0131n\u0131 \u00f6demeye geldi, bende onlar\u0131\u00a0 kendi ger\u00e7ek \u00f6zlerine kavu\u015fturmak i\u00e7in elimden geleni yapaca\u011f\u0131m. Onlar\u0131 \u015fu muhte\u015fem boynuzlar\u0131ma oturtaca\u011f\u0131m\u201d. [&hellip;]<\/p>\n","protected":false},"author":1,"featured_media":0,"comment_status":"open","ping_status":"open","sticky":false,"template":"","format":"standard","meta":{"footnotes":""},"categories":[140],"tags":[],"class_list":{"0":"post-4380","1":"post","2":"type-post","3":"status-publish","4":"format-standard","6":"category-erkan-kucuk-makale"},"yoast_head":"<!-- This site is optimized with the Yoast SEO Premium plugin v24.9 (Yoast SEO v24.9) - https:\/\/yoast.com\/wordpress\/plugins\/seo\/ -->\n<title>Gergedan-Ot-\u0130simsiz | Erkan K\u00fc\u00e7\u00fck - narteks.net<\/title>\n<meta name=\"robots\" content=\"index, follow, max-snippet:-1, max-image-preview:large, max-video-preview:-1\" \/>\n<link rel=\"canonical\" href=\"https:\/\/narteks.net\/index.php\/2010\/03\/18\/gergedan-ot-isimsiz-erkan-kucuk\/\" \/>\n<meta property=\"og:locale\" content=\"tr_TR\" \/>\n<meta property=\"og:type\" content=\"article\" \/>\n<meta property=\"og:title\" content=\"Gergedan-Ot-\u0130simsiz | Erkan K\u00fc\u00e7\u00fck\" \/>\n<meta property=\"og:description\" content=\"Gergedan Aynan\u0131n kar\u015f\u0131s\u0131na ge\u00e7mi\u015f i\u00e7i d\u0131\u015f\u0131na \u00e7\u0131karcas\u0131na g\u00fcl\u00fcyordu. Eleriyle boynuzlar\u0131n\u0131 ok\u015fad\u0131. En sonunda kendi \u00f6z\u00fcn\u00fc buldu\u011fu i\u00e7in keyifle g\u00fclmesine devam etti. \u201cGergedanm\u0131\u015f\u0131m me\u011ferse..\u201d dedi. Akl\u0131na say\u0131s\u0131z yan\u0131lg\u0131lar\u0131, aldat\u0131lmalar\u0131 geldi. \u201cSonunda dostlar\u0131m\u0131n iyilikleriyle kendime geldim, s\u0131ra bu iyiliklerin kar\u015f\u0131l\u0131\u011f\u0131n\u0131 \u00f6demeye geldi, bende onlar\u0131\u00a0 kendi ger\u00e7ek \u00f6zlerine kavu\u015fturmak i\u00e7in elimden geleni yapaca\u011f\u0131m. Onlar\u0131 \u015fu muhte\u015fem boynuzlar\u0131ma oturtaca\u011f\u0131m\u201d. [&hellip;]\" \/>\n<meta property=\"og:url\" content=\"https:\/\/narteks.net\/index.php\/2010\/03\/18\/gergedan-ot-isimsiz-erkan-kucuk\/\" \/>\n<meta property=\"og:site_name\" content=\"narteks.net\" \/>\n<meta property=\"article:published_time\" content=\"2010-03-18T11:21:49+00:00\" \/>\n<meta property=\"og:image\" content=\"https:\/\/narteks.net\/wp-content\/uploads\/narteks.png\" \/>\n\t<meta property=\"og:image:width\" content=\"300\" \/>\n\t<meta property=\"og:image:height\" content=\"90\" \/>\n\t<meta property=\"og:image:type\" content=\"image\/png\" \/>\n<meta name=\"author\" content=\"Tar\u0131k\" \/>\n<meta name=\"twitter:card\" content=\"summary_large_image\" \/>\n<meta name=\"twitter:creator\" content=\"@narteks\" \/>\n<meta name=\"twitter:site\" content=\"@narteks\" \/>\n<meta name=\"twitter:label1\" content=\"Yazan:\" \/>\n\t<meta name=\"twitter:data1\" content=\"Tar\u0131k\" \/>\n\t<meta name=\"twitter:label2\" content=\"Tahmini okuma s\u00fcresi\" \/>\n\t<meta name=\"twitter:data2\" content=\"2 dakika\" \/>\n<script type=\"application\/ld+json\" class=\"yoast-schema-graph\">{\"@context\":\"https:\/\/schema.org\",\"@graph\":[{\"@type\":\"Article\",\"@id\":\"https:\/\/narteks.net\/index.php\/2010\/03\/18\/gergedan-ot-isimsiz-erkan-kucuk\/#article\",\"isPartOf\":{\"@id\":\"https:\/\/narteks.net\/index.php\/2010\/03\/18\/gergedan-ot-isimsiz-erkan-kucuk\/\"},\"author\":{\"name\":\"Tar\u0131k\",\"@id\":\"https:\/\/narteks.net\/#\/schema\/person\/61f37d9834294b72d31d274e7ed79bca\"},\"headline\":\"Gergedan-Ot-\u0130simsiz | Erkan K\u00fc\u00e7\u00fck\",\"datePublished\":\"2010-03-18T11:21:49+00:00\",\"mainEntityOfPage\":{\"@id\":\"https:\/\/narteks.net\/index.php\/2010\/03\/18\/gergedan-ot-isimsiz-erkan-kucuk\/\"},\"wordCount\":341,\"commentCount\":0,\"publisher\":{\"@id\":\"https:\/\/narteks.net\/#organization\"},\"articleSection\":[\"Erkan K\u00fc\u00e7\u00fck (Makale)\"],\"inLanguage\":\"tr\",\"potentialAction\":[{\"@type\":\"CommentAction\",\"name\":\"Comment\",\"target\":[\"https:\/\/narteks.net\/index.php\/2010\/03\/18\/gergedan-ot-isimsiz-erkan-kucuk\/#respond\"]}]},{\"@type\":\"WebPage\",\"@id\":\"https:\/\/narteks.net\/index.php\/2010\/03\/18\/gergedan-ot-isimsiz-erkan-kucuk\/\",\"url\":\"https:\/\/narteks.net\/index.php\/2010\/03\/18\/gergedan-ot-isimsiz-erkan-kucuk\/\",\"name\":\"Gergedan-Ot-\u0130simsiz | Erkan K\u00fc\u00e7\u00fck - narteks.net\",\"isPartOf\":{\"@id\":\"https:\/\/narteks.net\/#website\"},\"datePublished\":\"2010-03-18T11:21:49+00:00\",\"breadcrumb\":{\"@id\":\"https:\/\/narteks.net\/index.php\/2010\/03\/18\/gergedan-ot-isimsiz-erkan-kucuk\/#breadcrumb\"},\"inLanguage\":\"tr\",\"potentialAction\":[{\"@type\":\"ReadAction\",\"target\":[\"https:\/\/narteks.net\/index.php\/2010\/03\/18\/gergedan-ot-isimsiz-erkan-kucuk\/\"]}]},{\"@type\":\"BreadcrumbList\",\"@id\":\"https:\/\/narteks.net\/index.php\/2010\/03\/18\/gergedan-ot-isimsiz-erkan-kucuk\/#breadcrumb\",\"itemListElement\":[{\"@type\":\"ListItem\",\"position\":1,\"name\":\"Anasayfa\",\"item\":\"https:\/\/narteks.net\/\"},{\"@type\":\"ListItem\",\"position\":2,\"name\":\"Gergedan-Ot-\u0130simsiz | Erkan K\u00fc\u00e7\u00fck\"}]},{\"@type\":\"WebSite\",\"@id\":\"https:\/\/narteks.net\/#website\",\"url\":\"https:\/\/narteks.net\/\",\"name\":\"narteks.net\",\"description\":\"K\u00fclt\u00fcr Sanat Edebiyat Felsefe\",\"publisher\":{\"@id\":\"https:\/\/narteks.net\/#organization\"},\"alternateName\":\"K\u00fclt\u00fcr Sanat Edebiyat Felsefe\",\"potentialAction\":[{\"@type\":\"SearchAction\",\"target\":{\"@type\":\"EntryPoint\",\"urlTemplate\":\"https:\/\/narteks.net\/?s={search_term_string}\"},\"query-input\":{\"@type\":\"PropertyValueSpecification\",\"valueRequired\":true,\"valueName\":\"search_term_string\"}}],\"inLanguage\":\"tr\"},{\"@type\":\"Organization\",\"@id\":\"https:\/\/narteks.net\/#organization\",\"name\":\"narteks.net\",\"url\":\"https:\/\/narteks.net\/\",\"logo\":{\"@type\":\"ImageObject\",\"inLanguage\":\"tr\",\"@id\":\"https:\/\/narteks.net\/#\/schema\/logo\/image\/\",\"url\":\"https:\/\/narteks.net\/wp-content\/uploads\/narteks.png\",\"contentUrl\":\"https:\/\/narteks.net\/wp-content\/uploads\/narteks.png\",\"width\":300,\"height\":90,\"caption\":\"narteks.net\"},\"image\":{\"@id\":\"https:\/\/narteks.net\/#\/schema\/logo\/image\/\"},\"sameAs\":[\"https:\/\/x.com\/narteks\",\"https:\/\/instagram.com\/narteksnet\"]},{\"@type\":\"Person\",\"@id\":\"https:\/\/narteks.net\/#\/schema\/person\/61f37d9834294b72d31d274e7ed79bca\",\"name\":\"Tar\u0131k\",\"image\":{\"@type\":\"ImageObject\",\"inLanguage\":\"tr\",\"@id\":\"https:\/\/narteks.net\/#\/schema\/person\/image\/\",\"url\":\"https:\/\/secure.gravatar.com\/avatar\/50865afb55632c4ae467e0af0930f6510aa2297d8014be502a55b14f3b7550cf?s=96&d=mm&r=g\",\"contentUrl\":\"https:\/\/secure.gravatar.com\/avatar\/50865afb55632c4ae467e0af0930f6510aa2297d8014be502a55b14f3b7550cf?s=96&d=mm&r=g\",\"caption\":\"Tar\u0131k\"},\"sameAs\":[\"http:\/\/narteks.net\"],\"url\":\"https:\/\/narteks.net\/index.php\/author\/narbak\/\"}]}<\/script>\n<!-- \/ Yoast SEO Premium plugin. -->","yoast_head_json":{"title":"Gergedan-Ot-\u0130simsiz | Erkan K\u00fc\u00e7\u00fck - narteks.net","robots":{"index":"index","follow":"follow","max-snippet":"max-snippet:-1","max-image-preview":"max-image-preview:large","max-video-preview":"max-video-preview:-1"},"canonical":"https:\/\/narteks.net\/index.php\/2010\/03\/18\/gergedan-ot-isimsiz-erkan-kucuk\/","og_locale":"tr_TR","og_type":"article","og_title":"Gergedan-Ot-\u0130simsiz | Erkan K\u00fc\u00e7\u00fck","og_description":"Gergedan Aynan\u0131n kar\u015f\u0131s\u0131na ge\u00e7mi\u015f i\u00e7i d\u0131\u015f\u0131na \u00e7\u0131karcas\u0131na g\u00fcl\u00fcyordu. Eleriyle boynuzlar\u0131n\u0131 ok\u015fad\u0131. En sonunda kendi \u00f6z\u00fcn\u00fc buldu\u011fu i\u00e7in keyifle g\u00fclmesine devam etti. \u201cGergedanm\u0131\u015f\u0131m me\u011ferse..\u201d dedi. Akl\u0131na say\u0131s\u0131z yan\u0131lg\u0131lar\u0131, aldat\u0131lmalar\u0131 geldi. \u201cSonunda dostlar\u0131m\u0131n iyilikleriyle kendime geldim, s\u0131ra bu iyiliklerin kar\u015f\u0131l\u0131\u011f\u0131n\u0131 \u00f6demeye geldi, bende onlar\u0131\u00a0 kendi ger\u00e7ek \u00f6zlerine kavu\u015fturmak i\u00e7in elimden geleni yapaca\u011f\u0131m. Onlar\u0131 \u015fu muhte\u015fem boynuzlar\u0131ma oturtaca\u011f\u0131m\u201d. [&hellip;]","og_url":"https:\/\/narteks.net\/index.php\/2010\/03\/18\/gergedan-ot-isimsiz-erkan-kucuk\/","og_site_name":"narteks.net","article_published_time":"2010-03-18T11:21:49+00:00","og_image":[{"width":300,"height":90,"url":"https:\/\/narteks.net\/wp-content\/uploads\/narteks.png","type":"image\/png"}],"author":"Tar\u0131k","twitter_card":"summary_large_image","twitter_creator":"@narteks","twitter_site":"@narteks","twitter_misc":{"Yazan:":"Tar\u0131k","Tahmini okuma s\u00fcresi":"2 dakika"},"schema":{"@context":"https:\/\/schema.org","@graph":[{"@type":"Article","@id":"https:\/\/narteks.net\/index.php\/2010\/03\/18\/gergedan-ot-isimsiz-erkan-kucuk\/#article","isPartOf":{"@id":"https:\/\/narteks.net\/index.php\/2010\/03\/18\/gergedan-ot-isimsiz-erkan-kucuk\/"},"author":{"name":"Tar\u0131k","@id":"https:\/\/narteks.net\/#\/schema\/person\/61f37d9834294b72d31d274e7ed79bca"},"headline":"Gergedan-Ot-\u0130simsiz | Erkan K\u00fc\u00e7\u00fck","datePublished":"2010-03-18T11:21:49+00:00","mainEntityOfPage":{"@id":"https:\/\/narteks.net\/index.php\/2010\/03\/18\/gergedan-ot-isimsiz-erkan-kucuk\/"},"wordCount":341,"commentCount":0,"publisher":{"@id":"https:\/\/narteks.net\/#organization"},"articleSection":["Erkan K\u00fc\u00e7\u00fck (Makale)"],"inLanguage":"tr","potentialAction":[{"@type":"CommentAction","name":"Comment","target":["https:\/\/narteks.net\/index.php\/2010\/03\/18\/gergedan-ot-isimsiz-erkan-kucuk\/#respond"]}]},{"@type":"WebPage","@id":"https:\/\/narteks.net\/index.php\/2010\/03\/18\/gergedan-ot-isimsiz-erkan-kucuk\/","url":"https:\/\/narteks.net\/index.php\/2010\/03\/18\/gergedan-ot-isimsiz-erkan-kucuk\/","name":"Gergedan-Ot-\u0130simsiz | Erkan K\u00fc\u00e7\u00fck - narteks.net","isPartOf":{"@id":"https:\/\/narteks.net\/#website"},"datePublished":"2010-03-18T11:21:49+00:00","breadcrumb":{"@id":"https:\/\/narteks.net\/index.php\/2010\/03\/18\/gergedan-ot-isimsiz-erkan-kucuk\/#breadcrumb"},"inLanguage":"tr","potentialAction":[{"@type":"ReadAction","target":["https:\/\/narteks.net\/index.php\/2010\/03\/18\/gergedan-ot-isimsiz-erkan-kucuk\/"]}]},{"@type":"BreadcrumbList","@id":"https:\/\/narteks.net\/index.php\/2010\/03\/18\/gergedan-ot-isimsiz-erkan-kucuk\/#breadcrumb","itemListElement":[{"@type":"ListItem","position":1,"name":"Anasayfa","item":"https:\/\/narteks.net\/"},{"@type":"ListItem","position":2,"name":"Gergedan-Ot-\u0130simsiz | Erkan K\u00fc\u00e7\u00fck"}]},{"@type":"WebSite","@id":"https:\/\/narteks.net\/#website","url":"https:\/\/narteks.net\/","name":"narteks.net","description":"K\u00fclt\u00fcr Sanat Edebiyat Felsefe","publisher":{"@id":"https:\/\/narteks.net\/#organization"},"alternateName":"K\u00fclt\u00fcr Sanat Edebiyat Felsefe","potentialAction":[{"@type":"SearchAction","target":{"@type":"EntryPoint","urlTemplate":"https:\/\/narteks.net\/?s={search_term_string}"},"query-input":{"@type":"PropertyValueSpecification","valueRequired":true,"valueName":"search_term_string"}}],"inLanguage":"tr"},{"@type":"Organization","@id":"https:\/\/narteks.net\/#organization","name":"narteks.net","url":"https:\/\/narteks.net\/","logo":{"@type":"ImageObject","inLanguage":"tr","@id":"https:\/\/narteks.net\/#\/schema\/logo\/image\/","url":"https:\/\/narteks.net\/wp-content\/uploads\/narteks.png","contentUrl":"https:\/\/narteks.net\/wp-content\/uploads\/narteks.png","width":300,"height":90,"caption":"narteks.net"},"image":{"@id":"https:\/\/narteks.net\/#\/schema\/logo\/image\/"},"sameAs":["https:\/\/x.com\/narteks","https:\/\/instagram.com\/narteksnet"]},{"@type":"Person","@id":"https:\/\/narteks.net\/#\/schema\/person\/61f37d9834294b72d31d274e7ed79bca","name":"Tar\u0131k","image":{"@type":"ImageObject","inLanguage":"tr","@id":"https:\/\/narteks.net\/#\/schema\/person\/image\/","url":"https:\/\/secure.gravatar.com\/avatar\/50865afb55632c4ae467e0af0930f6510aa2297d8014be502a55b14f3b7550cf?s=96&d=mm&r=g","contentUrl":"https:\/\/secure.gravatar.com\/avatar\/50865afb55632c4ae467e0af0930f6510aa2297d8014be502a55b14f3b7550cf?s=96&d=mm&r=g","caption":"Tar\u0131k"},"sameAs":["http:\/\/narteks.net"],"url":"https:\/\/narteks.net\/index.php\/author\/narbak\/"}]}},"_links":{"self":[{"href":"https:\/\/narteks.net\/index.php\/wp-json\/wp\/v2\/posts\/4380","targetHints":{"allow":["GET"]}}],"collection":[{"href":"https:\/\/narteks.net\/index.php\/wp-json\/wp\/v2\/posts"}],"about":[{"href":"https:\/\/narteks.net\/index.php\/wp-json\/wp\/v2\/types\/post"}],"author":[{"embeddable":true,"href":"https:\/\/narteks.net\/index.php\/wp-json\/wp\/v2\/users\/1"}],"replies":[{"embeddable":true,"href":"https:\/\/narteks.net\/index.php\/wp-json\/wp\/v2\/comments?post=4380"}],"version-history":[{"count":0,"href":"https:\/\/narteks.net\/index.php\/wp-json\/wp\/v2\/posts\/4380\/revisions"}],"wp:attachment":[{"href":"https:\/\/narteks.net\/index.php\/wp-json\/wp\/v2\/media?parent=4380"}],"wp:term":[{"taxonomy":"category","embeddable":true,"href":"https:\/\/narteks.net\/index.php\/wp-json\/wp\/v2\/categories?post=4380"},{"taxonomy":"post_tag","embeddable":true,"href":"https:\/\/narteks.net\/index.php\/wp-json\/wp\/v2\/tags?post=4380"}],"curies":[{"name":"wp","href":"https:\/\/api.w.org\/{rel}","templated":true}]}}