{"id":4381,"date":"2010-03-18T16:02:18","date_gmt":"2010-03-18T13:02:18","guid":{"rendered":"http:\/\/localhost\/wordpress\/2010\/03\/18\/sufi-muzigin-ilahi-gelenegiyle-cagdas-muzigin-sentezi-mercan-dede\/"},"modified":"2010-03-18T16:02:18","modified_gmt":"2010-03-18T13:02:18","slug":"sufi-muzigin-ilahi-gelenegiyle-cagdas-muzigin-sentezi-mercan-dede","status":"publish","type":"post","link":"https:\/\/narteks.net\/index.php\/2010\/03\/18\/sufi-muzigin-ilahi-gelenegiyle-cagdas-muzigin-sentezi-mercan-dede\/","title":{"rendered":"Sufi M\u00fczi\u011fin \u0130lahi gelene\u011fiyle \u00e7a\u011fda\u015f m\u00fczi\u011fin sentezi | Mercan Dede"},"content":{"rendered":"<p style=\"text-align: justify;\"><img loading=\"lazy\" decoding=\"async\" src=\"images\/stories\/mercandede.jpg\" border=\"0\" width=\"155\" height=\"205\" style=\"float: left;\" \/>Mercan Dede,T\u00fcrk Tekno m\u00fczi\u011fi sanat\u00e7\u0131s\u0131 ve neyzen,DJ. Ark\u0131n Il\u0131cal\u0131, 1966 y\u0131l\u0131nda Bursa&#8217;da d\u00fcnyaya geldi. Ney, bendir, panfl\u00fct,davul ve vokal sanat\u00e7\u0131s\u0131 olma yolunda m\u00fczik e\u011fitimini geleneksel yollardan tasavvuf m\u00fczik ustalar\u0131ndan ald\u0131. \u00d6\u011fretmenleri aras\u0131nda Usta Nezih Uzel ve ney sanat\u00e7\u0131s\u0131 \u00d6mer Erdo\u011fdular say\u0131labilir. Ayr\u0131ca sanat\u00e7\u0131, ebru\u00a0 sanat\u0131n\u0131 \u00f6\u011frendi\u011fi b\u00fcy\u00fck ney \u00fcstad\u0131 Niyazi Say\u0131n&#8217;dan da fazlas\u0131yla etkilendi.<\/p>\n<p style=\"text-align: justify;\">Ebru sanat\u0131n\u0131 e\u011fitmen olarak Concordia \u00dcniversitesi&#8217;nin Studio Arts program\u0131nda devam ettiren Mercan Dede, 1997 y\u0131l\u0131nda Kanada&#8217;ya g\u00f6\u00e7 etti. Kanada&#8217;da g\u00fczel sanatlar \u00fczerine lisans ve y\u00fcksek lisans e\u011fitimini tamamlayan Mercan Dede ayn\u0131 \u00fcniversitede ba\u015flad\u0131\u011f\u0131 \u00f6\u011fretim \u00fcyeli\u011fine, m\u00fczik \u00e7al\u0131\u015fmalar\u0131n\u0131n a\u011f\u0131rl\u0131k kazanmas\u0131 sebebiyle k\u0131sa bir s\u00fcre \u00f6nce ara verdi. Ya\u015fam\u0131n\u0131 kanada motreal&#8217;de ve \u0130stanbul&#8217;da devam ettirmektedir. O y\u0131ldan bu yana de\u011fi\u015fik Sufi gruplar ile Avrupa, Kanada, ABD ve T\u00fcrkiye&#8217;de m\u00fczik \u00e7al\u0131\u015fmalar\u0131na devam eden sanat\u00e7\u0131, The University of Saskatchewan&#8217;da Profes\u00f6r David Kaplan ile d\u00fcnya m\u00fczi\u011fi \u00fczerine \u00e7al\u0131\u015ft\u0131. Candan Er\u00e7etin&#8217;in Frans\u0131zca s\u00f6yledi\u011fi \u015fark\u0131s\u0131 olan Parole,Milord ve \u015eehir(\u015fark\u0131)(yaln\u0131zcaArap\u00e7a ilahisini) \u015fark\u0131lar\u0131n\u0131,Ceza&#8217;n\u0131n \u015eeytan ve \u00c2b- \u0131 Nafi \u015fark\u0131lar\u0131n\u0131 besteletmi\u015ftir.Mercan Dede,2004&#8217;\u00fcn A\u011fustos ay\u0131nda Candan Er\u00e7etin ve Ceza&#8217;n\u0131n \u015fark\u0131s\u0131 olan \u015eehir &#8216;in video klibi i\u00e7in Almanya &#8216;n\u0131n Hamburg kentine gitmi\u015ftir.Ayr\u0131ca,MEB&#8217;in 24 Temmuz 2006 tarihinde yenilenen \u0130lk\u00f6\u011fretim 7.S\u0131n\u0131f M\u00fczik dersi m\u00fcfredat\u0131nda yer alm\u0131\u015ft\u0131r(\u00dcnite 1:Anadolu ve M\u00fczi\u011fimiz &#8211; MEB \u0130lk\u00f6\u011fretim 7.S\u0131n\u0131f M\u00fczik dersi m\u00fcfredat\u0131)<\/p>\n<p>Mercan Dede, do\u011fuya \u00f6zg\u00fc Sufi m\u00fczi\u011finin ilahi gelene\u011fini \u00e7a\u011fda\u015f m\u00fczi\u011fin t\u0131n\u0131lar\u0131yla incelikli bir \u015fekilde harmanlayarak eski ile yeniyi, Do\u011fu ile Bat\u0131&#8217;yi birle\u015ftiriyor. Sufi inanc\u0131na y\u00fcrekten ba\u011fl\u0131l\u0131\u011f\u0131yla tan\u0131nan Dede, Sufi makamlar\u0131n yorumuna ve \u00f6zg\u00fcn bestelerin t\u0131n\u0131lar\u0131na ve do\u011fa ritimlerine getirdi\u011fi ilahi boyutu isimsiz m\u00fczi\u011finde yans\u0131t\u0131yor. Muzik hayatina kendi yaptigi plastik su borusu ile baslayan Mercan Dede, yarattigi eserleri, cok farkli kitleleri bir araya getirme basarisini gosteren birbirinden ozgun konserleri, misafir sanatcilar ile dunya capinda yaptigi projeleri, dj Arkin Allen kimligi ile yakaladigi sahsina has djlik tarzi ve hepsinden otesi bir muzisyen degil ,muzigi kucuk bir cocugun samimi sevgisi ile varedip paylasmaktan baska bir amaci olmayan havai ruhlu bir yolcu kimligi ile suphesiz jenerasyonunun en farkli ve etkileyici sanatcilarindan biridir&#8211;Mysterieux 12:47, 3 A\u011fustos 2009 (UTC)<\/p>\n<p>1990&#8217;dan bu yana de\u011fi\u015fik Sufi gruplar ile Avrupa, Kanada, ABD ve T\u00fcrkiye&#8217;de m\u00fczik \u00e7al\u0131\u015fmalar\u0131na devam eden sanat\u00e7\u0131n\u0131n &#8220;Mercan Dede Ensemble&#8221; grubu 1997 y\u0131l\u0131nda kuruldu. Mercan Dede&#8217;nin ilk alb\u00fcm\u00fc &#8220;Sufi Dreams&#8221; ba\u011f\u0131ms\u0131z bir plak \u015firketi olan Golden Horn \u015firketi taraf\u0131ndan \u00e7ok az say\u0131da bas\u0131l\u0131p da\u011f\u0131t\u0131ld\u0131 Buna ra\u011fmen gerek Kuzey Amerika gerekse Avrupa&#8217;da \u00e7ok olumlu ele\u015ftiriler ald\u0131. Alman televizyonu Saarlandischer Rundfunk Sufi k\u00fclt\u00fcr\u00fc \u00fczerine haz\u0131rlad\u0131\u011f\u0131 belgeselde Mercan Dede&#8217;ye yer verdi. Belgeselin m\u00fczi\u011fi ise yine Mercan Dede taraf\u0131ndan yap\u0131ld\u0131. Sanat\u00e7\u0131n\u0131n 2. alb\u00fcm\u00fc &#8220;Journey&#8217;s of a Dervish&#8221; 1999 y\u0131l\u0131nda Goldenhorn Plak \u015eirketi&#8217;nden \u00e7\u0131kt\u0131.<\/p>\n<p>Reji ve koreografisini Beyhan Murphy&#8217;nin ger\u00e7ekle\u015ftirdi\u011fi ve Modern Dans Toplulu\u011fu taraf\u0131ndan sergilenen \u201cSeyahatname 2001\u201d adli g\u00f6steri i\u00e7in bestelenen m\u00fcziklerden olu\u015fan Seyahatname alb\u00fcm\u00fc Doublemoon etiketiyle yay\u0131nland\u0131. Yine ayn\u0131 y\u0131l d\u00fcnyan\u0131n en prestijli caz festivallerinden Uluslararasi Montreal Jazz Festivali&#8217;nin &#8220;Do\u011fu ile Bati Bulu\u015fuyor&#8221; basl\u0131kl\u0131 konserinde, Burhan \u00d6\u00e7al ve Jamaaladeen Tacuma ile Mercan Dede trio olarak 170.000 ki\u015finin \u00f6n\u00fcnde sahneye \u00e7\u0131kt\u0131. Yeni projesi Secret Tribe ile Banlieues Bleues Festival, Rasa Cultur Center, Bimhuis gibi Avrupa\u2019n\u0131n \u00f6nemli caz ve d\u00fcnya m\u00fczi\u011fi kul\u00fcpleri ve festivallerini i\u00e7eren T\u00fcrkiye\/Avrupa turnesini ger\u00e7ekle\u015ftirdi. Olumlu ele\u015ftiriler \u00fczerine Secret Tribe ile 2002 y\u0131l\u0131nda 2. alb\u00fcmleri \u201cNar\u201d Doublemoon taraf\u0131ndan yay\u0131nland\u0131.<\/p>\n<p>Secret Tribe ile kat\u0131ld\u0131\u011f\u0131 d\u00fcnya m\u00fczi\u011finin en \u00f6nemli iki festivali Womex ve Transmusicale de Rennes\u2019deki b\u00fcy\u00fck ilgiden sonra 2003 yaz\u0131nda 30 konserlik Avrupa turunda d\u00fcnyan\u0131n say\u0131l\u0131 festivallerinden Montreux Jazz Festivali (Isvi\u00e7re), JazzaVienne (Fransa), Etnosur (Ispanya), World Roots Festival (Hollanda), Popdeurope (Almanya)&#8217;da sahne ald\u0131. Avrupa turnesinin ba\u015far\u0131s\u0131 Womex 2003&#8217;te BBC Radio 3 Awards&#8217;da &#8220;Orta-Do\u011fu ve Kuzey Afrika&#8221;ile &#8220;Club Global&#8221; olmak \u00fczere iki dalda \u00f6d\u00fcle aday g\u00f6sterilmesini sa\u011flad\u0131. Mercan Dede 2003&#8217;te 2 dalda \u00f6d\u00fcle aday olan tek sanat\u00e7\u0131 oldu.<\/p>\n<p>M\u00fczisyenli\u011fi s\u00fcresince Kani Karaca, Ihsan \u00d6zgen, Peter Murphy, Natacha Atlas, Musafir, Ilhan Er\u015fahin, Jamaledeen Tacuma, Hugh Marsh, Omar Sosa, Mich Gerber, Faz\u0131l Say, Susheela Raman, Trans Global Underground, Dhafer Youssef gibi klasik, d\u00fcnya ve alternatif m\u00fczi\u011finin dev isimleri ile ayn\u0131 sahnede yer alan Mercan Dede ayn\u0131 zamanda yap\u0131mc\u0131 olarak da bir \u00e7ok \u00e7al\u0131\u015fmaya katildi. Peter Murphy&#8217;nin son alb\u00fcm\u00fcnde ortak yap\u0131mc\u0131l\u0131\u011f\u0131 \u00fcstlenen sanat\u00e7\u0131 Nusrat Fateh Ali Khan&#8217;in yap\u0131mc\u0131lar\u0131ndan Real World \u015eirketi\u2019nin yap\u0131mc\u0131s\u0131 Michael Brooks, Groove A La Turca&#8217;nin yarat\u0131c\u0131s\u0131 ve elektrik bas gitar\u0131n ustas\u0131 Jamaledden Tacuma, arka arkaya 6 y\u0131l Kanada\u2019n\u0131n en iyi emprovizasyon sanat\u00e7\u0131s\u0131 \u00f6d\u00fcl\u00fcn\u00fc alan Hugh March ile ortak alb\u00fcmler haz\u0131rlad\u0131.<\/p>\n<p>Ocak 2004&#8217;de gen\u00e7 yeteneklerden olu\u015fan bir grup kuran Mercan Dede New York\u2019ta d\u00fczenlenen ve 5 k\u0131tadan 16 farkl\u0131 m\u00fczisyen ve grubun kat\u0131ld\u0131\u011f\u0131 \u201cGlobalFEST\u201d adli festivale konuk oldu. Dede, ayr\u0131ca, K\u00fclt\u00fcr Bakanl\u0131\u011f\u0131 taraf\u0131ndan ba\u015flat\u0131lan ve T\u00fcrkiye\u2019ye k\u00fclt\u00fcrel alanda d\u00fcnyada temsil edecek olan \u201cG\u00fcldestan Projesi\u201dnin de m\u00fczik direkt\u00f6rl\u00fc\u011f\u00fcne getirildi.<\/p>\n<p>Sanat\u00e7\u0131n\u0131n Mercan Dede kimli\u011findeki acemilikten \u00e7\u0131rakl\u0131\u011fa ge\u00e7i\u015fi olarak tan\u0131mlad\u0131\u011f\u0131 5. alb\u00fcm\u00fc \u201cSu\u201d A\u011fustos 2004&#8217;de piyasaya \u00e7\u0131kt\u0131. \u201cSu\u201dya Hugh Marsh, Susheela Raman, \u00d6zcan Deniz, Sabahat Akkiraz, Dhafer Youssef, Ceza, G\u00f6ksel Baktagir gibi \u00fcnl\u00fc m\u00fczisyenler konuk oldular. Yeni alb\u00fcmle beraber yine yollara d\u00fc\u015fen sanat\u00e7\u0131, Malta D\u00fcnya M\u00fczikleri Festivali\u2019ne kat\u0131ld\u0131.<\/p>\n<p>Kas\u0131m 2007&#8217;de \u00e7\u0131kard\u0131\u011f\u0131 ve Celaleddin-i Rum\u00ee&#8217;nin 800. do\u011fum y\u0131ld\u00f6n\u00fcm\u00fcne atfen &#8220;800&#8221; olarak adland\u0131rd\u0131\u011f\u0131 alb\u00fcm\u00fc \u00f6zellikle Avrupa&#8217;da ilgi g\u00f6rm\u00fc\u015f, Avrupa D\u00fcnya M\u00fczi\u011fi Listesi&#8217;nde (World Music Chart Europe) 2008 y\u0131l\u0131n\u0131n Nisan ay\u0131nda birinci s\u0131raya y\u00fckselmi\u015ftir.<\/p>\n<p style=\"text-align: justify;\">\u00a0<\/p>\n<p>\n<object width=\"400\" height=\"315\" data=\"http:\/\/www.humyo.com\/E\/10044311-281475282443181\/10044311-281475282444323\/10044311-281475282447045\/10044311-281475282448507\/10044311-281475282450877\/10044311-281475282452397\/10044311-281475282455221\/10044311-281475282456549\/10044311-281475282458799\/10044311-281475282459769\/10044311-281475282461573\/10044311-281475282462457\/10044311-281475282464413\/10044311-281475282465275\/10044311-281475282466515\/10044311-281475282467555\/10044311-281475282469711\/10044311-281475282470321\/10044311-281475282471439\/10044311-281475282472691\/10044311-281475282474145\/10044311-281475282475349\/10044311-281475282476809\" type=\"application\/x-shockwave-flash\"><param name=\"flashvars\" value=\"autostart=true&amp;imagestart=true&amp;displayheight=236\" \/><param name=\"src\" value=\"http:\/\/www.humyo.com\/E\/10044311-281475282443181\/10044311-281475282444323\/10044311-281475282447045\/10044311-281475282448507\/10044311-281475282450877\/10044311-281475282452397\/10044311-281475282455221\/10044311-281475282456549\/10044311-281475282458799\/10044311-281475282459769\/10044311-281475282461573\/10044311-281475282462457\/10044311-281475282464413\/10044311-281475282465275\/10044311-281475282466515\/10044311-281475282467555\/10044311-281475282469711\/10044311-281475282470321\/10044311-281475282471439\/10044311-281475282472691\/10044311-281475282474145\/10044311-281475282475349\/10044311-281475282476809\" \/><\/object>\n<\/p>\n<p style=\"text-align: justify;\"><strong>\u00d6d\u00fclleri<\/strong><\/p>\n<p> * 2001 &#8211; Uluslararasi Montreal Jazz Festivali&#8217;nde sahne ald\u0131<br \/> * 2003 &#8211; Montreux Jazz Festivali (Isvi\u00e7re), JazzaVienne (Fransa), Etnosur (Ispanya), World Roots Festival (Hollanda), Popdeurope (Almanya)&#8217;da sahne aldi.<br \/> * 2003 &#8211; BBC Radio 3 Awards&#8217;da &#8220;Orta-Do\u011fu ve Kuzey Afrika&#8221;ile &#8220;Club Global&#8221; olmak \u00fczere iki dalda \u00f6d\u00fcle aday g\u00f6sterildi.<br \/> * 2004 &#8211; &#8220;G\u00fcldestan Projesi&#8221; M\u00fczik Direkt\u00f6rl\u00fc\u011f\u00fc. (Devam ediyor)<br \/> * 2004 &#8211; Malta D\u00fcnya M\u00fczikleri Festivali\u2019ne kat\u0131ld\u0131.<br \/> * 2006 &#8211; Nefes (Breath) alb\u00fcm\u00fc, WMCE (World Music Charts Europe) listesinde birinci oldu.<br \/> * 2008 &#8211; 800 alb\u00fcm\u00fc, Nisan ay\u0131nda WMCE (World Music Charts Europe) listesinde bir numaraya y\u00fckseldi ve May\u0131s ay\u0131nda da birincili\u011fini koruyarak, iki ay \u00fcst \u00fcste birinci s\u0131rada yer ald\u0131.<br \/> * 2008 &#8211; 800 alb\u00fcm\u00fc, WOMEX&#8217;in her sene se\u00e7ti\u011fi; y\u0131l\u0131n en iyi 20 alb\u00fcm\u00fc s\u0131ralamas\u0131nda 1. s\u0131rada yer alarak, &#8220;Y\u0131l\u0131n en iyi d\u00fcnya m\u00fczi\u011fi alb\u00fcm\u00fc&#8221; se\u00e7ildi.<br \/> * 2008 &#8211; Moda devi Ralph Lauren, \u0130lkbahar 2009 Koleksiyonu&#8217;nun tan\u0131t\u0131m\u0131nda Mercan Dede\u2019nin &#8220;Nefes&#8221; alb\u00fcm\u00fcnden Napas adl\u0131 par\u00e7as\u0131n\u0131 kulland\u0131.<br \/> * 2009 &#8211; World Music Charts Europe&#8217;ta 913 aday aras\u0131ndan 2008&#8217;in En \u0130yi 2. alb\u00fcm\u00fc olarak g\u00f6sterildi.<\/p>\n","protected":false},"excerpt":{"rendered":"<p>Mercan Dede,T\u00fcrk Tekno m\u00fczi\u011fi sanat\u00e7\u0131s\u0131 ve neyzen,DJ. Ark\u0131n Il\u0131cal\u0131, 1966 y\u0131l\u0131nda Bursa&#8217;da d\u00fcnyaya geldi. Ney, bendir, panfl\u00fct,davul ve vokal sanat\u00e7\u0131s\u0131 olma yolunda m\u00fczik e\u011fitimini geleneksel yollardan tasavvuf m\u00fczik ustalar\u0131ndan ald\u0131. \u00d6\u011fretmenleri aras\u0131nda Usta Nezih Uzel ve ney sanat\u00e7\u0131s\u0131 \u00d6mer Erdo\u011fdular say\u0131labilir. Ayr\u0131ca sanat\u00e7\u0131, ebru\u00a0 sanat\u0131n\u0131 \u00f6\u011frendi\u011fi b\u00fcy\u00fck ney \u00fcstad\u0131 Niyazi Say\u0131n&#8217;dan da fazlas\u0131yla etkilendi. Ebru [&hellip;]<\/p>\n","protected":false},"author":1,"featured_media":0,"comment_status":"open","ping_status":"open","sticky":false,"template":"","format":"standard","meta":{"footnotes":""},"categories":[100],"tags":[],"class_list":{"0":"post-4381","1":"post","2":"type-post","3":"status-publish","4":"format-standard","6":"category-muzisyenler"},"yoast_head":"<!-- This site is optimized with the Yoast SEO Premium plugin v24.9 (Yoast SEO v24.9) - https:\/\/yoast.com\/wordpress\/plugins\/seo\/ -->\n<title>Sufi M\u00fczi\u011fin \u0130lahi gelene\u011fiyle \u00e7a\u011fda\u015f m\u00fczi\u011fin sentezi | Mercan Dede - narteks.net<\/title>\n<meta name=\"robots\" content=\"index, follow, max-snippet:-1, max-image-preview:large, max-video-preview:-1\" \/>\n<link rel=\"canonical\" href=\"https:\/\/narteks.net\/index.php\/2010\/03\/18\/sufi-muzigin-ilahi-gelenegiyle-cagdas-muzigin-sentezi-mercan-dede\/\" \/>\n<meta property=\"og:locale\" content=\"tr_TR\" \/>\n<meta property=\"og:type\" content=\"article\" \/>\n<meta property=\"og:title\" content=\"Sufi M\u00fczi\u011fin \u0130lahi gelene\u011fiyle \u00e7a\u011fda\u015f m\u00fczi\u011fin sentezi | Mercan Dede\" \/>\n<meta property=\"og:description\" content=\"Mercan Dede,T\u00fcrk Tekno m\u00fczi\u011fi sanat\u00e7\u0131s\u0131 ve neyzen,DJ. Ark\u0131n Il\u0131cal\u0131, 1966 y\u0131l\u0131nda Bursa&#8217;da d\u00fcnyaya geldi. Ney, bendir, panfl\u00fct,davul ve vokal sanat\u00e7\u0131s\u0131 olma yolunda m\u00fczik e\u011fitimini geleneksel yollardan tasavvuf m\u00fczik ustalar\u0131ndan ald\u0131. \u00d6\u011fretmenleri aras\u0131nda Usta Nezih Uzel ve ney sanat\u00e7\u0131s\u0131 \u00d6mer Erdo\u011fdular say\u0131labilir. Ayr\u0131ca sanat\u00e7\u0131, ebru\u00a0 sanat\u0131n\u0131 \u00f6\u011frendi\u011fi b\u00fcy\u00fck ney \u00fcstad\u0131 Niyazi Say\u0131n&#8217;dan da fazlas\u0131yla etkilendi. Ebru [&hellip;]\" \/>\n<meta property=\"og:url\" content=\"https:\/\/narteks.net\/index.php\/2010\/03\/18\/sufi-muzigin-ilahi-gelenegiyle-cagdas-muzigin-sentezi-mercan-dede\/\" \/>\n<meta property=\"og:site_name\" content=\"narteks.net\" \/>\n<meta property=\"article:published_time\" content=\"2010-03-18T13:02:18+00:00\" \/>\n<meta property=\"og:image\" content=\"https:\/\/narteks.net\/wp-content\/uploads\/narteks.png\" \/>\n\t<meta property=\"og:image:width\" content=\"300\" \/>\n\t<meta property=\"og:image:height\" content=\"90\" \/>\n\t<meta property=\"og:image:type\" content=\"image\/png\" \/>\n<meta name=\"author\" content=\"Tar\u0131k\" \/>\n<meta name=\"twitter:card\" content=\"summary_large_image\" \/>\n<meta name=\"twitter:creator\" content=\"@narteks\" \/>\n<meta name=\"twitter:site\" content=\"@narteks\" \/>\n<meta name=\"twitter:label1\" content=\"Yazan:\" \/>\n\t<meta name=\"twitter:data1\" content=\"Tar\u0131k\" \/>\n\t<meta name=\"twitter:label2\" content=\"Tahmini okuma s\u00fcresi\" \/>\n\t<meta name=\"twitter:data2\" content=\"6 dakika\" \/>\n<script type=\"application\/ld+json\" class=\"yoast-schema-graph\">{\"@context\":\"https:\/\/schema.org\",\"@graph\":[{\"@type\":\"Article\",\"@id\":\"https:\/\/narteks.net\/index.php\/2010\/03\/18\/sufi-muzigin-ilahi-gelenegiyle-cagdas-muzigin-sentezi-mercan-dede\/#article\",\"isPartOf\":{\"@id\":\"https:\/\/narteks.net\/index.php\/2010\/03\/18\/sufi-muzigin-ilahi-gelenegiyle-cagdas-muzigin-sentezi-mercan-dede\/\"},\"author\":{\"name\":\"Tar\u0131k\",\"@id\":\"https:\/\/narteks.net\/#\/schema\/person\/61f37d9834294b72d31d274e7ed79bca\"},\"headline\":\"Sufi M\u00fczi\u011fin \u0130lahi gelene\u011fiyle \u00e7a\u011fda\u015f m\u00fczi\u011fin sentezi | Mercan Dede\",\"datePublished\":\"2010-03-18T13:02:18+00:00\",\"mainEntityOfPage\":{\"@id\":\"https:\/\/narteks.net\/index.php\/2010\/03\/18\/sufi-muzigin-ilahi-gelenegiyle-cagdas-muzigin-sentezi-mercan-dede\/\"},\"wordCount\":1314,\"commentCount\":0,\"publisher\":{\"@id\":\"https:\/\/narteks.net\/#organization\"},\"articleSection\":[\"M\u00fczisyenler\"],\"inLanguage\":\"tr\",\"potentialAction\":[{\"@type\":\"CommentAction\",\"name\":\"Comment\",\"target\":[\"https:\/\/narteks.net\/index.php\/2010\/03\/18\/sufi-muzigin-ilahi-gelenegiyle-cagdas-muzigin-sentezi-mercan-dede\/#respond\"]}]},{\"@type\":\"WebPage\",\"@id\":\"https:\/\/narteks.net\/index.php\/2010\/03\/18\/sufi-muzigin-ilahi-gelenegiyle-cagdas-muzigin-sentezi-mercan-dede\/\",\"url\":\"https:\/\/narteks.net\/index.php\/2010\/03\/18\/sufi-muzigin-ilahi-gelenegiyle-cagdas-muzigin-sentezi-mercan-dede\/\",\"name\":\"Sufi M\u00fczi\u011fin \u0130lahi gelene\u011fiyle \u00e7a\u011fda\u015f m\u00fczi\u011fin sentezi | Mercan Dede - narteks.net\",\"isPartOf\":{\"@id\":\"https:\/\/narteks.net\/#website\"},\"datePublished\":\"2010-03-18T13:02:18+00:00\",\"breadcrumb\":{\"@id\":\"https:\/\/narteks.net\/index.php\/2010\/03\/18\/sufi-muzigin-ilahi-gelenegiyle-cagdas-muzigin-sentezi-mercan-dede\/#breadcrumb\"},\"inLanguage\":\"tr\",\"potentialAction\":[{\"@type\":\"ReadAction\",\"target\":[\"https:\/\/narteks.net\/index.php\/2010\/03\/18\/sufi-muzigin-ilahi-gelenegiyle-cagdas-muzigin-sentezi-mercan-dede\/\"]}]},{\"@type\":\"BreadcrumbList\",\"@id\":\"https:\/\/narteks.net\/index.php\/2010\/03\/18\/sufi-muzigin-ilahi-gelenegiyle-cagdas-muzigin-sentezi-mercan-dede\/#breadcrumb\",\"itemListElement\":[{\"@type\":\"ListItem\",\"position\":1,\"name\":\"Anasayfa\",\"item\":\"https:\/\/narteks.net\/\"},{\"@type\":\"ListItem\",\"position\":2,\"name\":\"Sufi M\u00fczi\u011fin \u0130lahi gelene\u011fiyle \u00e7a\u011fda\u015f m\u00fczi\u011fin sentezi | Mercan Dede\"}]},{\"@type\":\"WebSite\",\"@id\":\"https:\/\/narteks.net\/#website\",\"url\":\"https:\/\/narteks.net\/\",\"name\":\"narteks.net\",\"description\":\"K\u00fclt\u00fcr Sanat Edebiyat Felsefe\",\"publisher\":{\"@id\":\"https:\/\/narteks.net\/#organization\"},\"alternateName\":\"K\u00fclt\u00fcr Sanat Edebiyat Felsefe\",\"potentialAction\":[{\"@type\":\"SearchAction\",\"target\":{\"@type\":\"EntryPoint\",\"urlTemplate\":\"https:\/\/narteks.net\/?s={search_term_string}\"},\"query-input\":{\"@type\":\"PropertyValueSpecification\",\"valueRequired\":true,\"valueName\":\"search_term_string\"}}],\"inLanguage\":\"tr\"},{\"@type\":\"Organization\",\"@id\":\"https:\/\/narteks.net\/#organization\",\"name\":\"narteks.net\",\"url\":\"https:\/\/narteks.net\/\",\"logo\":{\"@type\":\"ImageObject\",\"inLanguage\":\"tr\",\"@id\":\"https:\/\/narteks.net\/#\/schema\/logo\/image\/\",\"url\":\"https:\/\/narteks.net\/wp-content\/uploads\/narteks.png\",\"contentUrl\":\"https:\/\/narteks.net\/wp-content\/uploads\/narteks.png\",\"width\":300,\"height\":90,\"caption\":\"narteks.net\"},\"image\":{\"@id\":\"https:\/\/narteks.net\/#\/schema\/logo\/image\/\"},\"sameAs\":[\"https:\/\/x.com\/narteks\",\"https:\/\/instagram.com\/narteksnet\"]},{\"@type\":\"Person\",\"@id\":\"https:\/\/narteks.net\/#\/schema\/person\/61f37d9834294b72d31d274e7ed79bca\",\"name\":\"Tar\u0131k\",\"image\":{\"@type\":\"ImageObject\",\"inLanguage\":\"tr\",\"@id\":\"https:\/\/narteks.net\/#\/schema\/person\/image\/\",\"url\":\"https:\/\/secure.gravatar.com\/avatar\/50865afb55632c4ae467e0af0930f6510aa2297d8014be502a55b14f3b7550cf?s=96&d=mm&r=g\",\"contentUrl\":\"https:\/\/secure.gravatar.com\/avatar\/50865afb55632c4ae467e0af0930f6510aa2297d8014be502a55b14f3b7550cf?s=96&d=mm&r=g\",\"caption\":\"Tar\u0131k\"},\"sameAs\":[\"http:\/\/narteks.net\"],\"url\":\"https:\/\/narteks.net\/index.php\/author\/narbak\/\"}]}<\/script>\n<!-- \/ Yoast SEO Premium plugin. -->","yoast_head_json":{"title":"Sufi M\u00fczi\u011fin \u0130lahi gelene\u011fiyle \u00e7a\u011fda\u015f m\u00fczi\u011fin sentezi | Mercan Dede - narteks.net","robots":{"index":"index","follow":"follow","max-snippet":"max-snippet:-1","max-image-preview":"max-image-preview:large","max-video-preview":"max-video-preview:-1"},"canonical":"https:\/\/narteks.net\/index.php\/2010\/03\/18\/sufi-muzigin-ilahi-gelenegiyle-cagdas-muzigin-sentezi-mercan-dede\/","og_locale":"tr_TR","og_type":"article","og_title":"Sufi M\u00fczi\u011fin \u0130lahi gelene\u011fiyle \u00e7a\u011fda\u015f m\u00fczi\u011fin sentezi | Mercan Dede","og_description":"Mercan Dede,T\u00fcrk Tekno m\u00fczi\u011fi sanat\u00e7\u0131s\u0131 ve neyzen,DJ. Ark\u0131n Il\u0131cal\u0131, 1966 y\u0131l\u0131nda Bursa&#8217;da d\u00fcnyaya geldi. Ney, bendir, panfl\u00fct,davul ve vokal sanat\u00e7\u0131s\u0131 olma yolunda m\u00fczik e\u011fitimini geleneksel yollardan tasavvuf m\u00fczik ustalar\u0131ndan ald\u0131. \u00d6\u011fretmenleri aras\u0131nda Usta Nezih Uzel ve ney sanat\u00e7\u0131s\u0131 \u00d6mer Erdo\u011fdular say\u0131labilir. Ayr\u0131ca sanat\u00e7\u0131, ebru\u00a0 sanat\u0131n\u0131 \u00f6\u011frendi\u011fi b\u00fcy\u00fck ney \u00fcstad\u0131 Niyazi Say\u0131n&#8217;dan da fazlas\u0131yla etkilendi. Ebru [&hellip;]","og_url":"https:\/\/narteks.net\/index.php\/2010\/03\/18\/sufi-muzigin-ilahi-gelenegiyle-cagdas-muzigin-sentezi-mercan-dede\/","og_site_name":"narteks.net","article_published_time":"2010-03-18T13:02:18+00:00","og_image":[{"width":300,"height":90,"url":"https:\/\/narteks.net\/wp-content\/uploads\/narteks.png","type":"image\/png"}],"author":"Tar\u0131k","twitter_card":"summary_large_image","twitter_creator":"@narteks","twitter_site":"@narteks","twitter_misc":{"Yazan:":"Tar\u0131k","Tahmini okuma s\u00fcresi":"6 dakika"},"schema":{"@context":"https:\/\/schema.org","@graph":[{"@type":"Article","@id":"https:\/\/narteks.net\/index.php\/2010\/03\/18\/sufi-muzigin-ilahi-gelenegiyle-cagdas-muzigin-sentezi-mercan-dede\/#article","isPartOf":{"@id":"https:\/\/narteks.net\/index.php\/2010\/03\/18\/sufi-muzigin-ilahi-gelenegiyle-cagdas-muzigin-sentezi-mercan-dede\/"},"author":{"name":"Tar\u0131k","@id":"https:\/\/narteks.net\/#\/schema\/person\/61f37d9834294b72d31d274e7ed79bca"},"headline":"Sufi M\u00fczi\u011fin \u0130lahi gelene\u011fiyle \u00e7a\u011fda\u015f m\u00fczi\u011fin sentezi | Mercan Dede","datePublished":"2010-03-18T13:02:18+00:00","mainEntityOfPage":{"@id":"https:\/\/narteks.net\/index.php\/2010\/03\/18\/sufi-muzigin-ilahi-gelenegiyle-cagdas-muzigin-sentezi-mercan-dede\/"},"wordCount":1314,"commentCount":0,"publisher":{"@id":"https:\/\/narteks.net\/#organization"},"articleSection":["M\u00fczisyenler"],"inLanguage":"tr","potentialAction":[{"@type":"CommentAction","name":"Comment","target":["https:\/\/narteks.net\/index.php\/2010\/03\/18\/sufi-muzigin-ilahi-gelenegiyle-cagdas-muzigin-sentezi-mercan-dede\/#respond"]}]},{"@type":"WebPage","@id":"https:\/\/narteks.net\/index.php\/2010\/03\/18\/sufi-muzigin-ilahi-gelenegiyle-cagdas-muzigin-sentezi-mercan-dede\/","url":"https:\/\/narteks.net\/index.php\/2010\/03\/18\/sufi-muzigin-ilahi-gelenegiyle-cagdas-muzigin-sentezi-mercan-dede\/","name":"Sufi M\u00fczi\u011fin \u0130lahi gelene\u011fiyle \u00e7a\u011fda\u015f m\u00fczi\u011fin sentezi | Mercan Dede - narteks.net","isPartOf":{"@id":"https:\/\/narteks.net\/#website"},"datePublished":"2010-03-18T13:02:18+00:00","breadcrumb":{"@id":"https:\/\/narteks.net\/index.php\/2010\/03\/18\/sufi-muzigin-ilahi-gelenegiyle-cagdas-muzigin-sentezi-mercan-dede\/#breadcrumb"},"inLanguage":"tr","potentialAction":[{"@type":"ReadAction","target":["https:\/\/narteks.net\/index.php\/2010\/03\/18\/sufi-muzigin-ilahi-gelenegiyle-cagdas-muzigin-sentezi-mercan-dede\/"]}]},{"@type":"BreadcrumbList","@id":"https:\/\/narteks.net\/index.php\/2010\/03\/18\/sufi-muzigin-ilahi-gelenegiyle-cagdas-muzigin-sentezi-mercan-dede\/#breadcrumb","itemListElement":[{"@type":"ListItem","position":1,"name":"Anasayfa","item":"https:\/\/narteks.net\/"},{"@type":"ListItem","position":2,"name":"Sufi M\u00fczi\u011fin \u0130lahi gelene\u011fiyle \u00e7a\u011fda\u015f m\u00fczi\u011fin sentezi | Mercan Dede"}]},{"@type":"WebSite","@id":"https:\/\/narteks.net\/#website","url":"https:\/\/narteks.net\/","name":"narteks.net","description":"K\u00fclt\u00fcr Sanat Edebiyat Felsefe","publisher":{"@id":"https:\/\/narteks.net\/#organization"},"alternateName":"K\u00fclt\u00fcr Sanat Edebiyat Felsefe","potentialAction":[{"@type":"SearchAction","target":{"@type":"EntryPoint","urlTemplate":"https:\/\/narteks.net\/?s={search_term_string}"},"query-input":{"@type":"PropertyValueSpecification","valueRequired":true,"valueName":"search_term_string"}}],"inLanguage":"tr"},{"@type":"Organization","@id":"https:\/\/narteks.net\/#organization","name":"narteks.net","url":"https:\/\/narteks.net\/","logo":{"@type":"ImageObject","inLanguage":"tr","@id":"https:\/\/narteks.net\/#\/schema\/logo\/image\/","url":"https:\/\/narteks.net\/wp-content\/uploads\/narteks.png","contentUrl":"https:\/\/narteks.net\/wp-content\/uploads\/narteks.png","width":300,"height":90,"caption":"narteks.net"},"image":{"@id":"https:\/\/narteks.net\/#\/schema\/logo\/image\/"},"sameAs":["https:\/\/x.com\/narteks","https:\/\/instagram.com\/narteksnet"]},{"@type":"Person","@id":"https:\/\/narteks.net\/#\/schema\/person\/61f37d9834294b72d31d274e7ed79bca","name":"Tar\u0131k","image":{"@type":"ImageObject","inLanguage":"tr","@id":"https:\/\/narteks.net\/#\/schema\/person\/image\/","url":"https:\/\/secure.gravatar.com\/avatar\/50865afb55632c4ae467e0af0930f6510aa2297d8014be502a55b14f3b7550cf?s=96&d=mm&r=g","contentUrl":"https:\/\/secure.gravatar.com\/avatar\/50865afb55632c4ae467e0af0930f6510aa2297d8014be502a55b14f3b7550cf?s=96&d=mm&r=g","caption":"Tar\u0131k"},"sameAs":["http:\/\/narteks.net"],"url":"https:\/\/narteks.net\/index.php\/author\/narbak\/"}]}},"_links":{"self":[{"href":"https:\/\/narteks.net\/index.php\/wp-json\/wp\/v2\/posts\/4381","targetHints":{"allow":["GET"]}}],"collection":[{"href":"https:\/\/narteks.net\/index.php\/wp-json\/wp\/v2\/posts"}],"about":[{"href":"https:\/\/narteks.net\/index.php\/wp-json\/wp\/v2\/types\/post"}],"author":[{"embeddable":true,"href":"https:\/\/narteks.net\/index.php\/wp-json\/wp\/v2\/users\/1"}],"replies":[{"embeddable":true,"href":"https:\/\/narteks.net\/index.php\/wp-json\/wp\/v2\/comments?post=4381"}],"version-history":[{"count":0,"href":"https:\/\/narteks.net\/index.php\/wp-json\/wp\/v2\/posts\/4381\/revisions"}],"wp:attachment":[{"href":"https:\/\/narteks.net\/index.php\/wp-json\/wp\/v2\/media?parent=4381"}],"wp:term":[{"taxonomy":"category","embeddable":true,"href":"https:\/\/narteks.net\/index.php\/wp-json\/wp\/v2\/categories?post=4381"},{"taxonomy":"post_tag","embeddable":true,"href":"https:\/\/narteks.net\/index.php\/wp-json\/wp\/v2\/tags?post=4381"}],"curies":[{"name":"wp","href":"https:\/\/api.w.org\/{rel}","templated":true}]}}