{"id":4385,"date":"2010-03-19T01:29:17","date_gmt":"2010-03-18T22:29:17","guid":{"rendered":"http:\/\/localhost\/wordpress\/2010\/03\/19\/iklim-sikintisi\/"},"modified":"2010-03-19T01:29:17","modified_gmt":"2010-03-18T22:29:17","slug":"iklim-sikintisi","status":"publish","type":"post","link":"https:\/\/narteks.net\/index.php\/2010\/03\/19\/iklim-sikintisi\/","title":{"rendered":"\u0130KL\u0130M SIKINTISI"},"content":{"rendered":"<p>g\u00fcller devriliyor g\u00fcller iklim s\u0131k\u0131nt\u0131s\u0131<br \/>karanl\u0131\u011fa istifleniyor iyi insanlar\u0131n g\u00fcnahlar\u0131 <br \/>kederin yakas\u0131nda umutlu \u0131sl\u0131k gibi<br \/>inan\u0131yorum aram\u0131zda bir kap\u0131\u00a0 do\u011fdu\u011funa<br \/>siliniyor yenid\u00fcnyan\u0131n r\u00fczg\u00e2r\u0131 <br \/>karanl\u0131k bir iklim aram\u0131zdaki nefes<br \/>sonra hi\u00e7<br \/>bunun i\u00e7in az \u015fey olmay\u0131\u00a0 diledim<br \/>bunun i\u00e7in karanl\u0131k g\u00fczel <br \/>dudaklar aras\u0131nda ayd\u0131nl\u0131\u011f\u0131n yapra\u011f\u0131<br \/>g\u00fcller devriliyor g\u00fcller iklim s\u0131k\u0131nt\u0131s\u0131<\/p>\n<p>S\u00fcreyya Aylin ANTMEN<\/p>\n<p>(\u00d6zg\u00fcr Edebiyat, Say\u0131: 13)<\/p>\n","protected":false},"excerpt":{"rendered":"<p>g\u00fcller devriliyor g\u00fcller iklim s\u0131k\u0131nt\u0131s\u0131karanl\u0131\u011fa istifleniyor iyi insanlar\u0131n g\u00fcnahlar\u0131 kederin yakas\u0131nda umutlu \u0131sl\u0131k gibiinan\u0131yorum aram\u0131zda bir kap\u0131\u00a0 do\u011fdu\u011funasiliniyor yenid\u00fcnyan\u0131n r\u00fczg\u00e2r\u0131 karanl\u0131k bir iklim aram\u0131zdaki nefessonra hi\u00e7bunun i\u00e7in az \u015fey olmay\u0131\u00a0 diledimbunun i\u00e7in karanl\u0131k g\u00fczel dudaklar aras\u0131nda ayd\u0131nl\u0131\u011f\u0131n yapra\u011f\u0131g\u00fcller devriliyor g\u00fcller iklim s\u0131k\u0131nt\u0131s\u0131 S\u00fcreyya Aylin ANTMEN (\u00d6zg\u00fcr Edebiyat, Say\u0131: 13)<\/p>\n","protected":false},"author":1,"featured_media":0,"comment_status":"open","ping_status":"open","sticky":false,"template":"","format":"standard","meta":{"footnotes":""},"categories":[144],"tags":[],"class_list":{"0":"post-4385","1":"post","2":"type-post","3":"status-publish","4":"format-standard","6":"category-sureyya-aylin-antmen"},"yoast_head":"<!-- This site is optimized with the Yoast SEO Premium plugin v24.9 (Yoast SEO v24.9) - https:\/\/yoast.com\/wordpress\/plugins\/seo\/ -->\n<title>\u0130KL\u0130M SIKINTISI - narteks.net<\/title>\n<meta name=\"robots\" content=\"index, follow, max-snippet:-1, max-image-preview:large, max-video-preview:-1\" \/>\n<link rel=\"canonical\" href=\"https:\/\/narteks.net\/index.php\/2010\/03\/19\/iklim-sikintisi\/\" \/>\n<meta property=\"og:locale\" content=\"tr_TR\" \/>\n<meta property=\"og:type\" content=\"article\" \/>\n<meta property=\"og:title\" content=\"\u0130KL\u0130M SIKINTISI\" \/>\n<meta property=\"og:description\" content=\"g\u00fcller devriliyor g\u00fcller iklim s\u0131k\u0131nt\u0131s\u0131karanl\u0131\u011fa istifleniyor iyi insanlar\u0131n g\u00fcnahlar\u0131 kederin yakas\u0131nda umutlu \u0131sl\u0131k gibiinan\u0131yorum aram\u0131zda bir kap\u0131\u00a0 do\u011fdu\u011funasiliniyor yenid\u00fcnyan\u0131n r\u00fczg\u00e2r\u0131 karanl\u0131k bir iklim aram\u0131zdaki nefessonra hi\u00e7bunun i\u00e7in az \u015fey olmay\u0131\u00a0 diledimbunun i\u00e7in karanl\u0131k g\u00fczel dudaklar aras\u0131nda ayd\u0131nl\u0131\u011f\u0131n yapra\u011f\u0131g\u00fcller devriliyor g\u00fcller iklim s\u0131k\u0131nt\u0131s\u0131 S\u00fcreyya Aylin ANTMEN (\u00d6zg\u00fcr Edebiyat, Say\u0131: 13)\" \/>\n<meta property=\"og:url\" content=\"https:\/\/narteks.net\/index.php\/2010\/03\/19\/iklim-sikintisi\/\" \/>\n<meta property=\"og:site_name\" content=\"narteks.net\" \/>\n<meta property=\"article:published_time\" content=\"2010-03-18T22:29:17+00:00\" \/>\n<meta property=\"og:image\" content=\"https:\/\/narteks.net\/wp-content\/uploads\/narteks.png\" \/>\n\t<meta property=\"og:image:width\" content=\"300\" \/>\n\t<meta property=\"og:image:height\" content=\"90\" \/>\n\t<meta property=\"og:image:type\" content=\"image\/png\" \/>\n<meta name=\"author\" content=\"Tar\u0131k\" \/>\n<meta name=\"twitter:card\" content=\"summary_large_image\" \/>\n<meta name=\"twitter:creator\" content=\"@narteks\" \/>\n<meta name=\"twitter:site\" content=\"@narteks\" \/>\n<meta name=\"twitter:label1\" content=\"Yazan:\" \/>\n\t<meta name=\"twitter:data1\" content=\"Tar\u0131k\" \/>\n<script type=\"application\/ld+json\" class=\"yoast-schema-graph\">{\"@context\":\"https:\/\/schema.org\",\"@graph\":[{\"@type\":\"Article\",\"@id\":\"https:\/\/narteks.net\/index.php\/2010\/03\/19\/iklim-sikintisi\/#article\",\"isPartOf\":{\"@id\":\"https:\/\/narteks.net\/index.php\/2010\/03\/19\/iklim-sikintisi\/\"},\"author\":{\"name\":\"Tar\u0131k\",\"@id\":\"https:\/\/narteks.net\/#\/schema\/person\/61f37d9834294b72d31d274e7ed79bca\"},\"headline\":\"\u0130KL\u0130M SIKINTISI\",\"datePublished\":\"2010-03-18T22:29:17+00:00\",\"mainEntityOfPage\":{\"@id\":\"https:\/\/narteks.net\/index.php\/2010\/03\/19\/iklim-sikintisi\/\"},\"wordCount\":88,\"commentCount\":0,\"publisher\":{\"@id\":\"https:\/\/narteks.net\/#organization\"},\"articleSection\":[\"S\u00fcreyya Aylin ANTMEN\"],\"inLanguage\":\"tr\",\"potentialAction\":[{\"@type\":\"CommentAction\",\"name\":\"Comment\",\"target\":[\"https:\/\/narteks.net\/index.php\/2010\/03\/19\/iklim-sikintisi\/#respond\"]}]},{\"@type\":\"WebPage\",\"@id\":\"https:\/\/narteks.net\/index.php\/2010\/03\/19\/iklim-sikintisi\/\",\"url\":\"https:\/\/narteks.net\/index.php\/2010\/03\/19\/iklim-sikintisi\/\",\"name\":\"\u0130KL\u0130M SIKINTISI - narteks.net\",\"isPartOf\":{\"@id\":\"https:\/\/narteks.net\/#website\"},\"datePublished\":\"2010-03-18T22:29:17+00:00\",\"breadcrumb\":{\"@id\":\"https:\/\/narteks.net\/index.php\/2010\/03\/19\/iklim-sikintisi\/#breadcrumb\"},\"inLanguage\":\"tr\",\"potentialAction\":[{\"@type\":\"ReadAction\",\"target\":[\"https:\/\/narteks.net\/index.php\/2010\/03\/19\/iklim-sikintisi\/\"]}]},{\"@type\":\"BreadcrumbList\",\"@id\":\"https:\/\/narteks.net\/index.php\/2010\/03\/19\/iklim-sikintisi\/#breadcrumb\",\"itemListElement\":[{\"@type\":\"ListItem\",\"position\":1,\"name\":\"Anasayfa\",\"item\":\"https:\/\/narteks.net\/\"},{\"@type\":\"ListItem\",\"position\":2,\"name\":\"\u0130KL\u0130M SIKINTISI\"}]},{\"@type\":\"WebSite\",\"@id\":\"https:\/\/narteks.net\/#website\",\"url\":\"https:\/\/narteks.net\/\",\"name\":\"narteks.net\",\"description\":\"K\u00fclt\u00fcr Sanat Edebiyat Felsefe\",\"publisher\":{\"@id\":\"https:\/\/narteks.net\/#organization\"},\"alternateName\":\"K\u00fclt\u00fcr Sanat Edebiyat Felsefe\",\"potentialAction\":[{\"@type\":\"SearchAction\",\"target\":{\"@type\":\"EntryPoint\",\"urlTemplate\":\"https:\/\/narteks.net\/?s={search_term_string}\"},\"query-input\":{\"@type\":\"PropertyValueSpecification\",\"valueRequired\":true,\"valueName\":\"search_term_string\"}}],\"inLanguage\":\"tr\"},{\"@type\":\"Organization\",\"@id\":\"https:\/\/narteks.net\/#organization\",\"name\":\"narteks.net\",\"url\":\"https:\/\/narteks.net\/\",\"logo\":{\"@type\":\"ImageObject\",\"inLanguage\":\"tr\",\"@id\":\"https:\/\/narteks.net\/#\/schema\/logo\/image\/\",\"url\":\"https:\/\/narteks.net\/wp-content\/uploads\/narteks.png\",\"contentUrl\":\"https:\/\/narteks.net\/wp-content\/uploads\/narteks.png\",\"width\":300,\"height\":90,\"caption\":\"narteks.net\"},\"image\":{\"@id\":\"https:\/\/narteks.net\/#\/schema\/logo\/image\/\"},\"sameAs\":[\"https:\/\/x.com\/narteks\",\"https:\/\/instagram.com\/narteksnet\"]},{\"@type\":\"Person\",\"@id\":\"https:\/\/narteks.net\/#\/schema\/person\/61f37d9834294b72d31d274e7ed79bca\",\"name\":\"Tar\u0131k\",\"image\":{\"@type\":\"ImageObject\",\"inLanguage\":\"tr\",\"@id\":\"https:\/\/narteks.net\/#\/schema\/person\/image\/\",\"url\":\"https:\/\/secure.gravatar.com\/avatar\/50865afb55632c4ae467e0af0930f6510aa2297d8014be502a55b14f3b7550cf?s=96&d=mm&r=g\",\"contentUrl\":\"https:\/\/secure.gravatar.com\/avatar\/50865afb55632c4ae467e0af0930f6510aa2297d8014be502a55b14f3b7550cf?s=96&d=mm&r=g\",\"caption\":\"Tar\u0131k\"},\"sameAs\":[\"http:\/\/narteks.net\"],\"url\":\"https:\/\/narteks.net\/index.php\/author\/narbak\/\"}]}<\/script>\n<!-- \/ Yoast SEO Premium plugin. -->","yoast_head_json":{"title":"\u0130KL\u0130M SIKINTISI - narteks.net","robots":{"index":"index","follow":"follow","max-snippet":"max-snippet:-1","max-image-preview":"max-image-preview:large","max-video-preview":"max-video-preview:-1"},"canonical":"https:\/\/narteks.net\/index.php\/2010\/03\/19\/iklim-sikintisi\/","og_locale":"tr_TR","og_type":"article","og_title":"\u0130KL\u0130M SIKINTISI","og_description":"g\u00fcller devriliyor g\u00fcller iklim s\u0131k\u0131nt\u0131s\u0131karanl\u0131\u011fa istifleniyor iyi insanlar\u0131n g\u00fcnahlar\u0131 kederin yakas\u0131nda umutlu \u0131sl\u0131k gibiinan\u0131yorum aram\u0131zda bir kap\u0131\u00a0 do\u011fdu\u011funasiliniyor yenid\u00fcnyan\u0131n r\u00fczg\u00e2r\u0131 karanl\u0131k bir iklim aram\u0131zdaki nefessonra hi\u00e7bunun i\u00e7in az \u015fey olmay\u0131\u00a0 diledimbunun i\u00e7in karanl\u0131k g\u00fczel dudaklar aras\u0131nda ayd\u0131nl\u0131\u011f\u0131n yapra\u011f\u0131g\u00fcller devriliyor g\u00fcller iklim s\u0131k\u0131nt\u0131s\u0131 S\u00fcreyya Aylin ANTMEN (\u00d6zg\u00fcr Edebiyat, Say\u0131: 13)","og_url":"https:\/\/narteks.net\/index.php\/2010\/03\/19\/iklim-sikintisi\/","og_site_name":"narteks.net","article_published_time":"2010-03-18T22:29:17+00:00","og_image":[{"width":300,"height":90,"url":"https:\/\/narteks.net\/wp-content\/uploads\/narteks.png","type":"image\/png"}],"author":"Tar\u0131k","twitter_card":"summary_large_image","twitter_creator":"@narteks","twitter_site":"@narteks","twitter_misc":{"Yazan:":"Tar\u0131k"},"schema":{"@context":"https:\/\/schema.org","@graph":[{"@type":"Article","@id":"https:\/\/narteks.net\/index.php\/2010\/03\/19\/iklim-sikintisi\/#article","isPartOf":{"@id":"https:\/\/narteks.net\/index.php\/2010\/03\/19\/iklim-sikintisi\/"},"author":{"name":"Tar\u0131k","@id":"https:\/\/narteks.net\/#\/schema\/person\/61f37d9834294b72d31d274e7ed79bca"},"headline":"\u0130KL\u0130M SIKINTISI","datePublished":"2010-03-18T22:29:17+00:00","mainEntityOfPage":{"@id":"https:\/\/narteks.net\/index.php\/2010\/03\/19\/iklim-sikintisi\/"},"wordCount":88,"commentCount":0,"publisher":{"@id":"https:\/\/narteks.net\/#organization"},"articleSection":["S\u00fcreyya Aylin ANTMEN"],"inLanguage":"tr","potentialAction":[{"@type":"CommentAction","name":"Comment","target":["https:\/\/narteks.net\/index.php\/2010\/03\/19\/iklim-sikintisi\/#respond"]}]},{"@type":"WebPage","@id":"https:\/\/narteks.net\/index.php\/2010\/03\/19\/iklim-sikintisi\/","url":"https:\/\/narteks.net\/index.php\/2010\/03\/19\/iklim-sikintisi\/","name":"\u0130KL\u0130M SIKINTISI - narteks.net","isPartOf":{"@id":"https:\/\/narteks.net\/#website"},"datePublished":"2010-03-18T22:29:17+00:00","breadcrumb":{"@id":"https:\/\/narteks.net\/index.php\/2010\/03\/19\/iklim-sikintisi\/#breadcrumb"},"inLanguage":"tr","potentialAction":[{"@type":"ReadAction","target":["https:\/\/narteks.net\/index.php\/2010\/03\/19\/iklim-sikintisi\/"]}]},{"@type":"BreadcrumbList","@id":"https:\/\/narteks.net\/index.php\/2010\/03\/19\/iklim-sikintisi\/#breadcrumb","itemListElement":[{"@type":"ListItem","position":1,"name":"Anasayfa","item":"https:\/\/narteks.net\/"},{"@type":"ListItem","position":2,"name":"\u0130KL\u0130M SIKINTISI"}]},{"@type":"WebSite","@id":"https:\/\/narteks.net\/#website","url":"https:\/\/narteks.net\/","name":"narteks.net","description":"K\u00fclt\u00fcr Sanat Edebiyat Felsefe","publisher":{"@id":"https:\/\/narteks.net\/#organization"},"alternateName":"K\u00fclt\u00fcr Sanat Edebiyat Felsefe","potentialAction":[{"@type":"SearchAction","target":{"@type":"EntryPoint","urlTemplate":"https:\/\/narteks.net\/?s={search_term_string}"},"query-input":{"@type":"PropertyValueSpecification","valueRequired":true,"valueName":"search_term_string"}}],"inLanguage":"tr"},{"@type":"Organization","@id":"https:\/\/narteks.net\/#organization","name":"narteks.net","url":"https:\/\/narteks.net\/","logo":{"@type":"ImageObject","inLanguage":"tr","@id":"https:\/\/narteks.net\/#\/schema\/logo\/image\/","url":"https:\/\/narteks.net\/wp-content\/uploads\/narteks.png","contentUrl":"https:\/\/narteks.net\/wp-content\/uploads\/narteks.png","width":300,"height":90,"caption":"narteks.net"},"image":{"@id":"https:\/\/narteks.net\/#\/schema\/logo\/image\/"},"sameAs":["https:\/\/x.com\/narteks","https:\/\/instagram.com\/narteksnet"]},{"@type":"Person","@id":"https:\/\/narteks.net\/#\/schema\/person\/61f37d9834294b72d31d274e7ed79bca","name":"Tar\u0131k","image":{"@type":"ImageObject","inLanguage":"tr","@id":"https:\/\/narteks.net\/#\/schema\/person\/image\/","url":"https:\/\/secure.gravatar.com\/avatar\/50865afb55632c4ae467e0af0930f6510aa2297d8014be502a55b14f3b7550cf?s=96&d=mm&r=g","contentUrl":"https:\/\/secure.gravatar.com\/avatar\/50865afb55632c4ae467e0af0930f6510aa2297d8014be502a55b14f3b7550cf?s=96&d=mm&r=g","caption":"Tar\u0131k"},"sameAs":["http:\/\/narteks.net"],"url":"https:\/\/narteks.net\/index.php\/author\/narbak\/"}]}},"_links":{"self":[{"href":"https:\/\/narteks.net\/index.php\/wp-json\/wp\/v2\/posts\/4385","targetHints":{"allow":["GET"]}}],"collection":[{"href":"https:\/\/narteks.net\/index.php\/wp-json\/wp\/v2\/posts"}],"about":[{"href":"https:\/\/narteks.net\/index.php\/wp-json\/wp\/v2\/types\/post"}],"author":[{"embeddable":true,"href":"https:\/\/narteks.net\/index.php\/wp-json\/wp\/v2\/users\/1"}],"replies":[{"embeddable":true,"href":"https:\/\/narteks.net\/index.php\/wp-json\/wp\/v2\/comments?post=4385"}],"version-history":[{"count":0,"href":"https:\/\/narteks.net\/index.php\/wp-json\/wp\/v2\/posts\/4385\/revisions"}],"wp:attachment":[{"href":"https:\/\/narteks.net\/index.php\/wp-json\/wp\/v2\/media?parent=4385"}],"wp:term":[{"taxonomy":"category","embeddable":true,"href":"https:\/\/narteks.net\/index.php\/wp-json\/wp\/v2\/categories?post=4385"},{"taxonomy":"post_tag","embeddable":true,"href":"https:\/\/narteks.net\/index.php\/wp-json\/wp\/v2\/tags?post=4385"}],"curies":[{"name":"wp","href":"https:\/\/api.w.org\/{rel}","templated":true}]}}