{"id":4386,"date":"2010-03-19T01:35:31","date_gmt":"2010-03-18T22:35:31","guid":{"rendered":"http:\/\/localhost\/wordpress\/2010\/03\/19\/sureyya-aylin-antmen-biyografisi\/"},"modified":"2010-03-19T01:35:31","modified_gmt":"2010-03-18T22:35:31","slug":"sureyya-aylin-antmen-biyografisi","status":"publish","type":"post","link":"https:\/\/narteks.net\/index.php\/2010\/03\/19\/sureyya-aylin-antmen-biyografisi\/","title":{"rendered":"S\u00fcreyya Aylin ANTMEN Biyografisi"},"content":{"rendered":"<p><img loading=\"lazy\" decoding=\"async\" style=\"float: left;\" src=\"https:\/\/pbs.twimg.com\/profile_images\/974400302177808384\/3M9kkHMM_400x400.jpg\" width=\"155\" height=\"205\" border=\"0\" \/>S\u00fcreyya Aylin Antmen.<\/p>\n<p>1981 y\u0131l\u0131nda Istanbul\u2019da do\u011fdu. Anadolu \u00dcniversitesi AOF Sosyal Bilimler B\u00f6l\u00fcm\u00fc\u2019nde okudu. Halen ayn\u0131 \u00fcniversitenin AOF Felsefe B\u00f6l\u00fcm\u00fc\u2019nde okumaktad\u0131r. \u015eiirleri ve yaz\u0131lar\u0131 \u015eiir \u00dclkesi, M\u00fch\u00fcr, Damar, Bireylikler, Berfin Bahar, Patika, \u00d6teki-siz, NO Edebiyat, Cumhuriyet Kitap, Varl\u0131k ve \u00d6zg\u00fcr Edebiyat gibi pek \u00e7ok dergide yay\u0131mland\u0131, yay\u0131mlanmaya devam ediyor.<\/p>\n<p>\u201cSonsuzlu\u011fa Kirac\u0131\u201d adl\u0131 \u015fiir dosyas\u0131yla, 2008 Ya\u015far Nabi Nay\u0131r Gen\u00e7lik \u00d6d\u00fclleri\u2019nde \u2018dikkate de\u011fer\u2019 g\u00f6r\u00fcld\u00fc.<\/p>\n<p>Yaln\u0131zca gelece\u011fin de\u011fil, ge\u00e7mi\u015fin sonsuzlu\u011funun da bir par\u00e7as\u0131 olan \u015fiirle, r\u00fcyalar\u0131n ve \u0131st\u0131raplar\u0131n kubbesi alt\u0131nda \u00f6l\u00fcm\u00fcne tan\u0131kl\u0131k etmeyi s\u00fcrd\u00fcr\u00fcyor.<\/p>\n<p> \u201ciki ya\u015f\u0131ndan g\u00fcn tutmuyor ku\u015flar<br \/> g\u00f6rd\u00fcm kanad\u0131n\u0131 do\u011fuya s\u00fcrerken<br \/> yabas\u0131 elinde harman yelinin<\/p>\n<p> kirli kesik \u015feria \u0131rma\u011f\u0131nda immanuel<br \/> ya tanr\u0131 d\u00f6n\u00fc\u015f\u00fcm\u00fcn kendi de\u011filse<\/p>\n<p> g\u00f6\u011f\u00fcn sular\u0131n alt\u0131na toplans\u0131n bu kubbe<br \/> o\u011flum bir g\u00fcvercin bundan sonra<br \/> k\u0131rk g\u00fcn k\u0131r\u0131k hece\u201d<\/p>\n","protected":false},"excerpt":{"rendered":"<p>S\u00fcreyya Aylin Antmen. 1981 y\u0131l\u0131nda Istanbul\u2019da do\u011fdu. Anadolu \u00dcniversitesi AOF Sosyal Bilimler B\u00f6l\u00fcm\u00fc\u2019nde okudu. Halen ayn\u0131 \u00fcniversitenin AOF Felsefe B\u00f6l\u00fcm\u00fc\u2019nde okumaktad\u0131r. \u015eiirleri ve yaz\u0131lar\u0131 \u015eiir \u00dclkesi, M\u00fch\u00fcr, Damar, Bireylikler, Berfin Bahar, Patika, \u00d6teki-siz, NO Edebiyat, Cumhuriyet Kitap, Varl\u0131k ve \u00d6zg\u00fcr Edebiyat gibi pek \u00e7ok dergide yay\u0131mland\u0131, yay\u0131mlanmaya devam ediyor. \u201cSonsuzlu\u011fa Kirac\u0131\u201d adl\u0131 \u015fiir dosyas\u0131yla, 2008 [&hellip;]<\/p>\n","protected":false},"author":1,"featured_media":0,"comment_status":"open","ping_status":"open","sticky":false,"template":"","format":"standard","meta":{"footnotes":""},"categories":[144],"tags":[],"class_list":{"0":"post-4386","1":"post","2":"type-post","3":"status-publish","4":"format-standard","6":"category-sureyya-aylin-antmen"},"yoast_head":"<!-- This site is optimized with the Yoast SEO Premium plugin v24.9 (Yoast SEO v24.9) - https:\/\/yoast.com\/wordpress\/plugins\/seo\/ -->\n<title>S\u00fcreyya Aylin ANTMEN Biyografisi - narteks.net<\/title>\n<meta name=\"robots\" content=\"index, follow, max-snippet:-1, max-image-preview:large, max-video-preview:-1\" \/>\n<link rel=\"canonical\" href=\"https:\/\/narteks.net\/index.php\/2010\/03\/19\/sureyya-aylin-antmen-biyografisi\/\" \/>\n<meta property=\"og:locale\" content=\"tr_TR\" \/>\n<meta property=\"og:type\" content=\"article\" \/>\n<meta property=\"og:title\" content=\"S\u00fcreyya Aylin ANTMEN Biyografisi\" \/>\n<meta property=\"og:description\" content=\"S\u00fcreyya Aylin Antmen. 1981 y\u0131l\u0131nda Istanbul\u2019da do\u011fdu. Anadolu \u00dcniversitesi AOF Sosyal Bilimler B\u00f6l\u00fcm\u00fc\u2019nde okudu. Halen ayn\u0131 \u00fcniversitenin AOF Felsefe B\u00f6l\u00fcm\u00fc\u2019nde okumaktad\u0131r. \u015eiirleri ve yaz\u0131lar\u0131 \u015eiir \u00dclkesi, M\u00fch\u00fcr, Damar, Bireylikler, Berfin Bahar, Patika, \u00d6teki-siz, NO Edebiyat, Cumhuriyet Kitap, Varl\u0131k ve \u00d6zg\u00fcr Edebiyat gibi pek \u00e7ok dergide yay\u0131mland\u0131, yay\u0131mlanmaya devam ediyor. \u201cSonsuzlu\u011fa Kirac\u0131\u201d adl\u0131 \u015fiir dosyas\u0131yla, 2008 [&hellip;]\" \/>\n<meta property=\"og:url\" content=\"https:\/\/narteks.net\/index.php\/2010\/03\/19\/sureyya-aylin-antmen-biyografisi\/\" \/>\n<meta property=\"og:site_name\" content=\"narteks.net\" \/>\n<meta property=\"article:published_time\" content=\"2010-03-18T22:35:31+00:00\" \/>\n<meta property=\"og:image\" content=\"https:\/\/pbs.twimg.com\/profile_images\/974400302177808384\/3M9kkHMM_400x400.jpg\" \/>\n<meta name=\"author\" content=\"Tar\u0131k\" \/>\n<meta name=\"twitter:card\" content=\"summary_large_image\" \/>\n<meta name=\"twitter:creator\" content=\"@narteks\" \/>\n<meta name=\"twitter:site\" content=\"@narteks\" \/>\n<meta name=\"twitter:label1\" content=\"Yazan:\" \/>\n\t<meta name=\"twitter:data1\" content=\"Tar\u0131k\" \/>\n\t<meta name=\"twitter:label2\" content=\"Tahmini okuma s\u00fcresi\" \/>\n\t<meta name=\"twitter:data2\" content=\"1 dakika\" \/>\n<script type=\"application\/ld+json\" class=\"yoast-schema-graph\">{\"@context\":\"https:\/\/schema.org\",\"@graph\":[{\"@type\":\"Article\",\"@id\":\"https:\/\/narteks.net\/index.php\/2010\/03\/19\/sureyya-aylin-antmen-biyografisi\/#article\",\"isPartOf\":{\"@id\":\"https:\/\/narteks.net\/index.php\/2010\/03\/19\/sureyya-aylin-antmen-biyografisi\/\"},\"author\":{\"name\":\"Tar\u0131k\",\"@id\":\"https:\/\/narteks.net\/#\/schema\/person\/61f37d9834294b72d31d274e7ed79bca\"},\"headline\":\"S\u00fcreyya Aylin ANTMEN Biyografisi\",\"datePublished\":\"2010-03-18T22:35:31+00:00\",\"mainEntityOfPage\":{\"@id\":\"https:\/\/narteks.net\/index.php\/2010\/03\/19\/sureyya-aylin-antmen-biyografisi\/\"},\"wordCount\":194,\"commentCount\":0,\"publisher\":{\"@id\":\"https:\/\/narteks.net\/#organization\"},\"image\":{\"@id\":\"https:\/\/narteks.net\/index.php\/2010\/03\/19\/sureyya-aylin-antmen-biyografisi\/#primaryimage\"},\"thumbnailUrl\":\"https:\/\/pbs.twimg.com\/profile_images\/974400302177808384\/3M9kkHMM_400x400.jpg\",\"articleSection\":[\"S\u00fcreyya Aylin ANTMEN\"],\"inLanguage\":\"tr\",\"potentialAction\":[{\"@type\":\"CommentAction\",\"name\":\"Comment\",\"target\":[\"https:\/\/narteks.net\/index.php\/2010\/03\/19\/sureyya-aylin-antmen-biyografisi\/#respond\"]}]},{\"@type\":\"WebPage\",\"@id\":\"https:\/\/narteks.net\/index.php\/2010\/03\/19\/sureyya-aylin-antmen-biyografisi\/\",\"url\":\"https:\/\/narteks.net\/index.php\/2010\/03\/19\/sureyya-aylin-antmen-biyografisi\/\",\"name\":\"S\u00fcreyya Aylin ANTMEN Biyografisi - narteks.net\",\"isPartOf\":{\"@id\":\"https:\/\/narteks.net\/#website\"},\"primaryImageOfPage\":{\"@id\":\"https:\/\/narteks.net\/index.php\/2010\/03\/19\/sureyya-aylin-antmen-biyografisi\/#primaryimage\"},\"image\":{\"@id\":\"https:\/\/narteks.net\/index.php\/2010\/03\/19\/sureyya-aylin-antmen-biyografisi\/#primaryimage\"},\"thumbnailUrl\":\"https:\/\/pbs.twimg.com\/profile_images\/974400302177808384\/3M9kkHMM_400x400.jpg\",\"datePublished\":\"2010-03-18T22:35:31+00:00\",\"breadcrumb\":{\"@id\":\"https:\/\/narteks.net\/index.php\/2010\/03\/19\/sureyya-aylin-antmen-biyografisi\/#breadcrumb\"},\"inLanguage\":\"tr\",\"potentialAction\":[{\"@type\":\"ReadAction\",\"target\":[\"https:\/\/narteks.net\/index.php\/2010\/03\/19\/sureyya-aylin-antmen-biyografisi\/\"]}]},{\"@type\":\"ImageObject\",\"inLanguage\":\"tr\",\"@id\":\"https:\/\/narteks.net\/index.php\/2010\/03\/19\/sureyya-aylin-antmen-biyografisi\/#primaryimage\",\"url\":\"https:\/\/pbs.twimg.com\/profile_images\/974400302177808384\/3M9kkHMM_400x400.jpg\",\"contentUrl\":\"https:\/\/pbs.twimg.com\/profile_images\/974400302177808384\/3M9kkHMM_400x400.jpg\"},{\"@type\":\"BreadcrumbList\",\"@id\":\"https:\/\/narteks.net\/index.php\/2010\/03\/19\/sureyya-aylin-antmen-biyografisi\/#breadcrumb\",\"itemListElement\":[{\"@type\":\"ListItem\",\"position\":1,\"name\":\"Anasayfa\",\"item\":\"https:\/\/narteks.net\/\"},{\"@type\":\"ListItem\",\"position\":2,\"name\":\"S\u00fcreyya Aylin ANTMEN Biyografisi\"}]},{\"@type\":\"WebSite\",\"@id\":\"https:\/\/narteks.net\/#website\",\"url\":\"https:\/\/narteks.net\/\",\"name\":\"narteks.net\",\"description\":\"K\u00fclt\u00fcr Sanat Edebiyat Felsefe\",\"publisher\":{\"@id\":\"https:\/\/narteks.net\/#organization\"},\"alternateName\":\"K\u00fclt\u00fcr Sanat Edebiyat Felsefe\",\"potentialAction\":[{\"@type\":\"SearchAction\",\"target\":{\"@type\":\"EntryPoint\",\"urlTemplate\":\"https:\/\/narteks.net\/?s={search_term_string}\"},\"query-input\":{\"@type\":\"PropertyValueSpecification\",\"valueRequired\":true,\"valueName\":\"search_term_string\"}}],\"inLanguage\":\"tr\"},{\"@type\":\"Organization\",\"@id\":\"https:\/\/narteks.net\/#organization\",\"name\":\"narteks.net\",\"url\":\"https:\/\/narteks.net\/\",\"logo\":{\"@type\":\"ImageObject\",\"inLanguage\":\"tr\",\"@id\":\"https:\/\/narteks.net\/#\/schema\/logo\/image\/\",\"url\":\"https:\/\/narteks.net\/wp-content\/uploads\/narteks.png\",\"contentUrl\":\"https:\/\/narteks.net\/wp-content\/uploads\/narteks.png\",\"width\":300,\"height\":90,\"caption\":\"narteks.net\"},\"image\":{\"@id\":\"https:\/\/narteks.net\/#\/schema\/logo\/image\/\"},\"sameAs\":[\"https:\/\/x.com\/narteks\",\"https:\/\/instagram.com\/narteksnet\"]},{\"@type\":\"Person\",\"@id\":\"https:\/\/narteks.net\/#\/schema\/person\/61f37d9834294b72d31d274e7ed79bca\",\"name\":\"Tar\u0131k\",\"image\":{\"@type\":\"ImageObject\",\"inLanguage\":\"tr\",\"@id\":\"https:\/\/narteks.net\/#\/schema\/person\/image\/\",\"url\":\"https:\/\/secure.gravatar.com\/avatar\/50865afb55632c4ae467e0af0930f6510aa2297d8014be502a55b14f3b7550cf?s=96&d=mm&r=g\",\"contentUrl\":\"https:\/\/secure.gravatar.com\/avatar\/50865afb55632c4ae467e0af0930f6510aa2297d8014be502a55b14f3b7550cf?s=96&d=mm&r=g\",\"caption\":\"Tar\u0131k\"},\"sameAs\":[\"http:\/\/narteks.net\"],\"url\":\"https:\/\/narteks.net\/index.php\/author\/narbak\/\"}]}<\/script>\n<!-- \/ Yoast SEO Premium plugin. -->","yoast_head_json":{"title":"S\u00fcreyya Aylin ANTMEN Biyografisi - narteks.net","robots":{"index":"index","follow":"follow","max-snippet":"max-snippet:-1","max-image-preview":"max-image-preview:large","max-video-preview":"max-video-preview:-1"},"canonical":"https:\/\/narteks.net\/index.php\/2010\/03\/19\/sureyya-aylin-antmen-biyografisi\/","og_locale":"tr_TR","og_type":"article","og_title":"S\u00fcreyya Aylin ANTMEN Biyografisi","og_description":"S\u00fcreyya Aylin Antmen. 1981 y\u0131l\u0131nda Istanbul\u2019da do\u011fdu. Anadolu \u00dcniversitesi AOF Sosyal Bilimler B\u00f6l\u00fcm\u00fc\u2019nde okudu. Halen ayn\u0131 \u00fcniversitenin AOF Felsefe B\u00f6l\u00fcm\u00fc\u2019nde okumaktad\u0131r. \u015eiirleri ve yaz\u0131lar\u0131 \u015eiir \u00dclkesi, M\u00fch\u00fcr, Damar, Bireylikler, Berfin Bahar, Patika, \u00d6teki-siz, NO Edebiyat, Cumhuriyet Kitap, Varl\u0131k ve \u00d6zg\u00fcr Edebiyat gibi pek \u00e7ok dergide yay\u0131mland\u0131, yay\u0131mlanmaya devam ediyor. \u201cSonsuzlu\u011fa Kirac\u0131\u201d adl\u0131 \u015fiir dosyas\u0131yla, 2008 [&hellip;]","og_url":"https:\/\/narteks.net\/index.php\/2010\/03\/19\/sureyya-aylin-antmen-biyografisi\/","og_site_name":"narteks.net","article_published_time":"2010-03-18T22:35:31+00:00","og_image":[{"url":"https:\/\/pbs.twimg.com\/profile_images\/974400302177808384\/3M9kkHMM_400x400.jpg","type":"","width":"","height":""}],"author":"Tar\u0131k","twitter_card":"summary_large_image","twitter_creator":"@narteks","twitter_site":"@narteks","twitter_misc":{"Yazan:":"Tar\u0131k","Tahmini okuma s\u00fcresi":"1 dakika"},"schema":{"@context":"https:\/\/schema.org","@graph":[{"@type":"Article","@id":"https:\/\/narteks.net\/index.php\/2010\/03\/19\/sureyya-aylin-antmen-biyografisi\/#article","isPartOf":{"@id":"https:\/\/narteks.net\/index.php\/2010\/03\/19\/sureyya-aylin-antmen-biyografisi\/"},"author":{"name":"Tar\u0131k","@id":"https:\/\/narteks.net\/#\/schema\/person\/61f37d9834294b72d31d274e7ed79bca"},"headline":"S\u00fcreyya Aylin ANTMEN Biyografisi","datePublished":"2010-03-18T22:35:31+00:00","mainEntityOfPage":{"@id":"https:\/\/narteks.net\/index.php\/2010\/03\/19\/sureyya-aylin-antmen-biyografisi\/"},"wordCount":194,"commentCount":0,"publisher":{"@id":"https:\/\/narteks.net\/#organization"},"image":{"@id":"https:\/\/narteks.net\/index.php\/2010\/03\/19\/sureyya-aylin-antmen-biyografisi\/#primaryimage"},"thumbnailUrl":"https:\/\/pbs.twimg.com\/profile_images\/974400302177808384\/3M9kkHMM_400x400.jpg","articleSection":["S\u00fcreyya Aylin ANTMEN"],"inLanguage":"tr","potentialAction":[{"@type":"CommentAction","name":"Comment","target":["https:\/\/narteks.net\/index.php\/2010\/03\/19\/sureyya-aylin-antmen-biyografisi\/#respond"]}]},{"@type":"WebPage","@id":"https:\/\/narteks.net\/index.php\/2010\/03\/19\/sureyya-aylin-antmen-biyografisi\/","url":"https:\/\/narteks.net\/index.php\/2010\/03\/19\/sureyya-aylin-antmen-biyografisi\/","name":"S\u00fcreyya Aylin ANTMEN Biyografisi - narteks.net","isPartOf":{"@id":"https:\/\/narteks.net\/#website"},"primaryImageOfPage":{"@id":"https:\/\/narteks.net\/index.php\/2010\/03\/19\/sureyya-aylin-antmen-biyografisi\/#primaryimage"},"image":{"@id":"https:\/\/narteks.net\/index.php\/2010\/03\/19\/sureyya-aylin-antmen-biyografisi\/#primaryimage"},"thumbnailUrl":"https:\/\/pbs.twimg.com\/profile_images\/974400302177808384\/3M9kkHMM_400x400.jpg","datePublished":"2010-03-18T22:35:31+00:00","breadcrumb":{"@id":"https:\/\/narteks.net\/index.php\/2010\/03\/19\/sureyya-aylin-antmen-biyografisi\/#breadcrumb"},"inLanguage":"tr","potentialAction":[{"@type":"ReadAction","target":["https:\/\/narteks.net\/index.php\/2010\/03\/19\/sureyya-aylin-antmen-biyografisi\/"]}]},{"@type":"ImageObject","inLanguage":"tr","@id":"https:\/\/narteks.net\/index.php\/2010\/03\/19\/sureyya-aylin-antmen-biyografisi\/#primaryimage","url":"https:\/\/pbs.twimg.com\/profile_images\/974400302177808384\/3M9kkHMM_400x400.jpg","contentUrl":"https:\/\/pbs.twimg.com\/profile_images\/974400302177808384\/3M9kkHMM_400x400.jpg"},{"@type":"BreadcrumbList","@id":"https:\/\/narteks.net\/index.php\/2010\/03\/19\/sureyya-aylin-antmen-biyografisi\/#breadcrumb","itemListElement":[{"@type":"ListItem","position":1,"name":"Anasayfa","item":"https:\/\/narteks.net\/"},{"@type":"ListItem","position":2,"name":"S\u00fcreyya Aylin ANTMEN Biyografisi"}]},{"@type":"WebSite","@id":"https:\/\/narteks.net\/#website","url":"https:\/\/narteks.net\/","name":"narteks.net","description":"K\u00fclt\u00fcr Sanat Edebiyat Felsefe","publisher":{"@id":"https:\/\/narteks.net\/#organization"},"alternateName":"K\u00fclt\u00fcr Sanat Edebiyat Felsefe","potentialAction":[{"@type":"SearchAction","target":{"@type":"EntryPoint","urlTemplate":"https:\/\/narteks.net\/?s={search_term_string}"},"query-input":{"@type":"PropertyValueSpecification","valueRequired":true,"valueName":"search_term_string"}}],"inLanguage":"tr"},{"@type":"Organization","@id":"https:\/\/narteks.net\/#organization","name":"narteks.net","url":"https:\/\/narteks.net\/","logo":{"@type":"ImageObject","inLanguage":"tr","@id":"https:\/\/narteks.net\/#\/schema\/logo\/image\/","url":"https:\/\/narteks.net\/wp-content\/uploads\/narteks.png","contentUrl":"https:\/\/narteks.net\/wp-content\/uploads\/narteks.png","width":300,"height":90,"caption":"narteks.net"},"image":{"@id":"https:\/\/narteks.net\/#\/schema\/logo\/image\/"},"sameAs":["https:\/\/x.com\/narteks","https:\/\/instagram.com\/narteksnet"]},{"@type":"Person","@id":"https:\/\/narteks.net\/#\/schema\/person\/61f37d9834294b72d31d274e7ed79bca","name":"Tar\u0131k","image":{"@type":"ImageObject","inLanguage":"tr","@id":"https:\/\/narteks.net\/#\/schema\/person\/image\/","url":"https:\/\/secure.gravatar.com\/avatar\/50865afb55632c4ae467e0af0930f6510aa2297d8014be502a55b14f3b7550cf?s=96&d=mm&r=g","contentUrl":"https:\/\/secure.gravatar.com\/avatar\/50865afb55632c4ae467e0af0930f6510aa2297d8014be502a55b14f3b7550cf?s=96&d=mm&r=g","caption":"Tar\u0131k"},"sameAs":["http:\/\/narteks.net"],"url":"https:\/\/narteks.net\/index.php\/author\/narbak\/"}]}},"_links":{"self":[{"href":"https:\/\/narteks.net\/index.php\/wp-json\/wp\/v2\/posts\/4386","targetHints":{"allow":["GET"]}}],"collection":[{"href":"https:\/\/narteks.net\/index.php\/wp-json\/wp\/v2\/posts"}],"about":[{"href":"https:\/\/narteks.net\/index.php\/wp-json\/wp\/v2\/types\/post"}],"author":[{"embeddable":true,"href":"https:\/\/narteks.net\/index.php\/wp-json\/wp\/v2\/users\/1"}],"replies":[{"embeddable":true,"href":"https:\/\/narteks.net\/index.php\/wp-json\/wp\/v2\/comments?post=4386"}],"version-history":[{"count":0,"href":"https:\/\/narteks.net\/index.php\/wp-json\/wp\/v2\/posts\/4386\/revisions"}],"wp:attachment":[{"href":"https:\/\/narteks.net\/index.php\/wp-json\/wp\/v2\/media?parent=4386"}],"wp:term":[{"taxonomy":"category","embeddable":true,"href":"https:\/\/narteks.net\/index.php\/wp-json\/wp\/v2\/categories?post=4386"},{"taxonomy":"post_tag","embeddable":true,"href":"https:\/\/narteks.net\/index.php\/wp-json\/wp\/v2\/tags?post=4386"}],"curies":[{"name":"wp","href":"https:\/\/api.w.org\/{rel}","templated":true}]}}