{"id":4387,"date":"2010-03-19T11:04:43","date_gmt":"2010-03-19T08:04:43","guid":{"rendered":"http:\/\/localhost\/wordpress\/2010\/03\/19\/bale-tarihinde-bir-efsane-ve-akil-hastanesinde-son-bulan-bir-yasam-tanri-beni-ariyor-vaslav-nijinski\/"},"modified":"2010-03-19T11:04:43","modified_gmt":"2010-03-19T08:04:43","slug":"bale-tarihinde-bir-efsane-ve-akil-hastanesinde-son-bulan-bir-yasam-tanri-beni-ariyor-vaslav-nijinski","status":"publish","type":"post","link":"https:\/\/narteks.net\/index.php\/2010\/03\/19\/bale-tarihinde-bir-efsane-ve-akil-hastanesinde-son-bulan-bir-yasam-tanri-beni-ariyor-vaslav-nijinski\/","title":{"rendered":"Bale tarihinde bir efsane ve ak\u0131l hastanesinde son bulan bir ya\u015fam | Tanr\u0131 beni ar\u0131yor &#8211; Vaslav Nijinski"},"content":{"rendered":"<p style=\"text-align: justify;\"><img loading=\"lazy\" decoding=\"async\" src=\"http:\/\/www.irishhealth.com\/content\/image\/3012\/Image3.jpg\" border=\"0\" width=\"155\" height=\"205\" style=\"float: left;\" \/>(1890-1950) Rus as\u0131ll\u0131 bale sanat\u00e7\u0131s\u0131 Vaslav Nijinski ba\u015far\u0131l\u0131 tekni\u011fi, duygulu yorumlar\u0131 ve b\u00fcy\u00fck s\u0131\u00e7ramalar\u0131yla bale tarihinde bir efsane yaratm\u0131\u015ft\u0131r<br \/>Rusya&#8217;da Kiev&#8217;de do\u011fan Nijinski, dokuz ya\u015f\u0131nda St Petersburg&#8217;daki (bug\u00fcn Lenin\u00adgrad) \u00c7arl\u0131k Bale Okulu&#8217;na girdi Daha \u00f6\u011f\u00adrenciyken \u00fcst\u00fcn yetene\u011fiyle \u00e7evresinde b\u00fcy\u00fck bir hayranl\u0131k uyand\u0131rd\u0131 Y\u00fckse\u011fe s\u0131\u00e7ramakta o kadar ba\u015far\u0131l\u0131yd\u0131 ki, yer\u00e7ekimine meydan okuyarak sonsuza kadar havada kalacakm\u0131\u015f izlenimini veriyordu Ayn\u0131 zamanda, \u00fcstlen\u00addi\u011fi her rol\u00fc kendinden \u00f6nceki erkek dans\u00e7\u0131\u00adlarda g\u00f6r\u00fclmemi\u015f bir yorumla sunan \u00f6zg\u00fcn bir sanat\u00e7\u0131yd\u0131<br \/>Nijinski 1907&#8217;de St Petersburg&#8217;daki tan\u0131n\u00adm\u0131\u015f Mariinski Tiyatrosu&#8217;na ba\u015fdans\u00e7\u0131 olarak kat\u0131ld\u0131 Orada ve Moskova&#8217;da bir\u00e7ok klasik balede ba\u015frole \u00e7\u0131kt\u0131 I909&#8217;da, klasik baleye \u00e7a\u011fda\u015f bir g\u00f6r\u00fcn\u00fcm kazand\u0131ran Sergey Diag-hilev&#8217;in yeni kurmu\u015f oldu\u011fu Rus Balesi adl\u0131 toplulukla Paris&#8217;e gitti Daha ilk g\u00f6sterisiyle b\u00fcy\u00fck bir hayranl\u0131k uyand\u0131ran toplulu\u011fun y\u0131ld\u0131z\u0131 Nijinski&#8217;ydi Romantik d\u00f6nemden beri dikkatlerin odakla\u015ft\u0131\u011f\u0131 kad\u0131n dans\u00e7\u0131lar\u0131n yeri\u00adni ilk kez bir erkek al\u0131yor, ola\u011fan\u00fcst\u00fc yetene\u00ad\u011fi ve zarifli\u011fiyle neredeyse bir mucize yarat\u0131\u00adyordu \u00d6zellikle Nijinski i\u00e7in baleler d\u00fczen\u00adlendi Ayn\u0131 zamanda devrimci bir koreograf olan Nijinski, sahneye koydu\u011fu balelerle de ate\u015fli tart\u0131\u015fmalara neden oldu Bunlardan biri, m\u00fczi\u011fini \u0130gor Stravinski&#8217;nin yazd\u0131\u011f\u0131 ve ilk sahneleni\u015finde sanat \u00e7evrelerinde b\u00fcy\u00fck yank\u0131lar uyand\u0131ran Bahar Ayini&#8217;ydi<br \/>1913 A\u011fustos&#8217;unda soylu bir Macar ailesin\u00adden gelen Romola Pulszky ile evlenen Nijins\u00adki, Diaghilev&#8217;in toplulu\u011fundan ayr\u0131ld\u0131 1917&#8217;de, ya\u015fam\u0131n\u0131n geri kalan y\u0131llar\u0131n\u0131 g\u00f6lge\u00adleyen derin bir ruhsal bunal\u0131ma d\u00fc\u015ft\u00fc ve sahneden \u00e7ekildi Sanat ya\u015fam\u0131n\u0131n \u00e7ok k\u0131sa s\u00fcrmesine kar\u015f\u0131n, \u00fcn\u00fc g\u00fcn\u00fcm\u00fczde h\u00e2l\u00e2 s\u00fcr\u00admektedir<\/p>\n<p style=\"text-align: justify;\">***<br \/><strong><\/strong><\/p>\n<p style=\"text-align: justify;\"><strong>Tanr\u0131 ve Nijit\u0131sky <\/strong><\/p>\n<p>B\u00fcy\u00fck bale dans\u00e7\u0131s\u0131 Nijinky, bu yaz\u0131y\u0131, ya\u015fam\u0131n\u0131n geri kalan b\u00f6l\u00fcm\u00fcn\u00fc ge\u00e7irdi\u011fi bir ak\u0131l hastanesine yat\u0131r\u0131lmadan k\u0131sa bir s\u00fcre \u00f6nce yazm\u0131\u015ft\u0131r. Bunu okurken, delili\u011fin i\u00e7inde gizli olan baz\u0131 de\u011ferleri bulup \u00e7\u0131karma sorunuyla kar\u015f\u0131la\u015f\u0131yoruz. Yani delili\u011fin bir y\u00f6n\u00fcn\u00fc ortaya \u00e7\u0131karma sorununu kastediyoruz. <\/p>\n<p>Nijinsky&#8217;nin yazd\u0131klar\u0131n\u0131n \u00f6nemli oldu\u011funu, bu &#8220;G\u00fcnl\u00fc\u011f\u00fcn&#8221; dikkat \u00e7eken edebiyat \u00e7al\u0131\u015fmalar\u0131 aras\u0131nda kabul edilmesinden anl\u0131yoruz. Nijinsky&#8217;nin yaz\u0131lar\u0131, tabii ki \u00e7ok a\u00e7\u0131k de\u011fildi ve baz\u0131 kavramlar\u0131n kendilerine has anlam\u0131 vard\u0131. Fakat &#8220;G\u00fcnl\u00fck&#8221; bu anlamlar\u0131 b\u00fcy\u00fck \u00e7apta a\u00e7\u0131kl\u0131yordu. \u00d6rne\u011fin, Nijinsky &#8220;Ben ak\u0131l y\u00fcr\u00fcterek sonu\u00e7lara ula\u015fan bir filozof de\u011filim; hisseden bir filozofum &#8220;, derken, hissederek nas\u0131l felsefe yap\u0131labilece\u011fini anlamay\u0131 okuyucuya b\u0131rakmaktad\u0131r. Bu ifadeyi al\u0131\u015f\u0131lmam\u0131\u015f oldu\u011fu i\u00e7in g\u00f6zard\u0131 etmek veya rahats\u0131z bir beyinin \u00fcr\u00fcn\u00fc olarak d\u00fc\u015f\u00fcnmek m\u00fcmk\u00fcnd\u00fcr\u00a0 e bu b\u00f6l\u00fcmleri okurken bu noktalar\u0131 hi\u00e7 akl\u0131m\u0131zdan \u00e7\u0131karmamal\u0131y\u0131z. Ama yaz\u0131lanlar\u0131 yaln\u0131zca bir psikoz kayna\u011f\u0131 olarak g\u00f6rmek ger\u00e7ek anlam\u0131n\u0131 kavrayamamak tehlikesini ortaya \u00e7\u0131karar. Okuyucular, neyin anlaml\u0131, neyin anlams\u0131z oldu\u011funa kendileri karar vermek durumundad\u0131rlar. Herkes, Nijinsky delirmi\u015f diyecek. Umurumda de\u011fil, zaten evde de hep bir deli gibi davran\u0131yordum. Herkes b\u00f6yle d\u00fc\u015f\u00fcnecek ama beni bir t\u0131marhaneye yat\u0131rmayacaklar; \u00e7\u00fcnk\u00fc \u00e7ok iyi dans ediyorum ve isteyen herkese para veriyorum. \u0130nsanlar bu garip ihtiyar\u0131 seviyorlar ve beni rahat b\u0131rakacaklar, &#8220;deli palya\u00e7o&#8221; deyip ge\u00e7ecekler. Ben ka\u00e7\u0131klar\u0131 severim, onlarla nas\u0131l konu\u015fulaca\u011f\u0131n\u0131 bilirim. Erkek karde\u015fim de ak\u0131l hastanesindeydi. Onu severdim ve o da beni anlard\u0131. Oradaki arkada\u015flar\u0131 da beni seviyorlard\u0131. O s\u0131ralarda onsekiz ya\u015f\u0131ndayd\u0131m. Ka\u00e7\u0131klar\u0131n ya\u015fant\u0131lar\u0131n\u0131 biliyordum ve bir ak\u0131l hastas\u0131n\u0131n psikolojisinin anl\u0131yordum. Onlara hi\u00e7 ters d\u00fc\u015fmedim, zaten onlar yaln\u0131zca benim gibi delilerdi. <\/p>\n<p>Ya\u015fam cinsellik de\u011fildir . Tanr\u0131 da de\u011fildir, Tanr\u0131 bir adamd\u0131r; bir kad\u0131n\u0131 tohumlar, o kad\u0131na \u00e7ocuklar verir. Ben yirmidokuz ya\u015f\u0131nday\u0131m. Kar\u0131m\u0131 ruhen \u00e7ok seviyorum; \u00f6zellikle \u00e7ocuk do\u011furdu\u011fu i\u00e7in de\u011fil. Tanr\u0131 isterse \u00e7ocuklar\u0131m da olur. Kyra ak\u0131ll\u0131 bir k\u0131z. Onun zeki olmas\u0131n\u0131 istemem. Zekas\u0131n\u0131 geli\u015ftirmesini engelleyece\u011fim. Basit insanlar\u0131 severim ama tabii budalalar\u0131 sevmem; \u00e7\u00fcnk\u00fc onlarda duygu, his de yoktur. Zeki insanlar\u0131n geli\u015fmesini durdurur. <\/p>\n<p>Tanr\u0131&#8217;y\u0131 hissediyorum, Tanr\u0131 da beni. Hatalar\u0131m\u0131 d\u00fczeltmek istiyorum ama buna ba\u015farabilece\u011fimden emin de\u011filim. Hi\u00e7 bir\u015fey i\u00e7in s\u00f6z vermemin gerekmedi\u011fini s\u00f6yleyerek, doktorun g\u00f6zleri ya\u015flarla dolmu\u015ftu, kar\u0131m\u0131n \u00fcz\u00fclmemesi, kayg\u0131lanmamas\u0131 i\u00e7in elimden gelen her\u015feyi yapaca\u011f\u0131m\u0131 biliyordu. Ona, kar\u0131m\u0131n annesinin gelmesini, benim istedi\u011fimi s\u00f6ylemi\u015ftim. Kar\u0131m\u0131n korkmas\u0131n\u0131 istemedi\u011fimden, kay\u0131nvalidemin bizimle beraber oturmas\u0131n\u0131n uygun olaca\u011f\u0131n\u0131 d\u00fc\u015f\u00fcnm\u00fc\u015ft\u00fcm. M\u00fcttefik kuvvetlerden korkum yoktu, b\u00fct\u00fcn param\u0131z\u0131 alsalar bile umurumda de\u011fildi, ama ailemin paras\u0131n\u0131 almalar\u0131n\u0131, kar\u0131m\u0131n s\u0131k\u0131nt\u0131 \u00e7ekmesini istemiyordum. Ona, pek az olan her\u015feyimi vermi\u015ftim, rahat bir ya\u015fam s\u00fcrmesini sa\u011flamaya \u00e7al\u0131\u015fm\u0131\u015ft\u0131m. <\/p>\n<p>Ya\u015famdan korkmuyordum, bu nedenle paraya ihtiyac\u0131m yoktu. Ben \u00f6l\u00fcrsem kar\u0131m \u00e7ok a\u011flar. Onun iyili\u011fi i\u00e7in, k\u0131sa zamanda unutmas\u0131n\u0131 isterdim. Kar\u0131m beni \u00e7o\u011funlukla anlamaz, veya daha do\u011frusu hissetmez. Tolstoy&#8217;un kar\u0131s\u0131n\u0131n hissetme yetene\u011fi, duygular\u0131 yoktu. Tolstoy&#8217;un t\u00fcm paras\u0131n\u0131 kaybetti\u011fini hi\u00e7 unutam\u0131yordu. Ben kar\u0131ma para vermek istiyorum. Kar\u0131m\u0131 ve Kyra&#8217;y\u0131 d\u00fcnyada herkesten \u00e7ok seviyorum; elim yoruldu. Shakespeare&#8217;in Hamlet&#8217;ini hi\u00e7 sevmem, hep ak\u0131l y\u00fcr\u00fcterek sonu\u00e7lara varmaya \u00e7al\u0131\u015f\u0131r. Ben ak\u0131l y\u00fcr\u00fcterek sonu\u00e7lara ula\u015fan bir filozof de\u011filim hisseden bir filozofum. \u0130nceden inceye d\u00fc\u015f\u00fcn\u00fclen \u015feyleri yazmaktan ho\u015flanmam. Shakespeare&#8217;i, tiyatroyu sevdi\u011fi i\u00e7in be\u011feniyorum. O, tiyatroyu anl\u0131yor, ben de &#8220;canl\u0131 tiyatroyu&#8221; anl\u0131yorum. Ben yapay de\u011filim; ya\u015fam\u0131n kendisiyim. Tiyatro ya\u015fam de\u011fil. Tiyatronun kurallar\u0131n\u0131 biliyorum. O bir al\u0131\u015fkanl\u0131k haline gelir. Ya\u015fam b\u00f6yle de\u011fildir. <\/p>\n<p>Dikd\u00f6rtgen sahneli tiyatrolar\u0131 sevmem. Yuvarlak sahnelerden ho\u015flan\u0131r\u0131m. Bir g\u00f6z gibi yuvarlak olan bir tiyatro yapt\u0131raca\u011f\u0131m. Aynaya dikkatle yak\u0131ndan bakmay\u0131 severim; ve yaln\u0131zca aln\u0131mda tek bir g\u00f6z g\u00f6r\u00fcr\u00fcm. S\u0131k s\u0131k bir g\u00f6z resmi \u00e7izerim. Polemikten ho\u015flanmam bu y\u00fczden millet kitab\u0131m hakk\u0131nda istedi\u011fini s\u00f6yleyebilir, ben susaca\u011f\u0131m. Sessiz kalman\u0131n konu\u015fmaktan iyi oldu\u011fu karar\u0131n\u0131 verdim. Diaghilev bana susmam\u0131 s\u00f6yledi. O ak\u0131ll\u0131d\u0131r. Onun u\u015fa\u011f\u0131 Vasili her zaman, &#8220;Diaghilev&#8217;in tek kuru\u015fu bile yoktur ama zekas\u0131 bir servete de\u011fer&#8221;, demi\u015ftir. Ben de &#8220;tek kuru\u015fum bile yok ama akl\u0131m var&#8221;, diyorum. <\/p>\n<p>Akl\u0131m\u0131n, duygu \u00fcreten bir merkez oldu\u011funu d\u00fc\u015f\u00fcn\u00fcyorum. Ben \u00e7ok duygusal\u0131m. \u00d6nceleri, mutlulu\u011fun paraya ba\u011fl\u0131 oldu\u011funu d\u00fc\u015f\u00fcnen bir aptald\u0131m\u00a0 imdi ar t\u0131k \u00f6yle d\u00fc\u015f\u00fcnm\u00fcyorum. Pek \u00e7ok insan paraya \u00f6nem verir, ben yaln\u0131zca planlar\u0131m\u0131 uygulayabilmek biraz paraya ihtiya\u00e7 duyuyorum. Hepimizin plan ve ama\u00e7lar\u0131 vard\u0131r ve bunlar\u0131 ger\u00e7ekle\u015ftirebilmek i\u00e7in para kazan\u0131r\u0131z ama sorunlar\u0131m\u0131z farkl\u0131d\u0131r. Ben \u0130sa d\u00fc\u015fmanlar\u0131n\u0131n de\u011fil, Tanr\u0131&#8217;n\u0131n bir sorunuyum. Ben \u0130sa d\u00fc\u015fman\u0131 de\u011filim. Ben insanlara yard\u0131m edece\u011fim. Geneva&#8217;ya gidip biraz dinlenece\u011fim. Doktor b\u00f6yle yapmam\u0131 s\u00f6yl\u00fcyor. Bu aralar, kar\u0131m \u00e7ok sinirli ve gergin oldu\u011fu i\u00e7in, yorgun oldu\u011fumu d\u00fc\u015f\u00fcn\u00fcyor. <\/p>\n<p>Halbuki yorgun de\u011filim ve evde kalaca\u011f\u0131m. \u0130sterse kar\u0131m yaln\u0131z gidebilir. Biraz paras\u0131 var. Benim bir kuru\u015fum yok. Param yok derken palavra atm\u0131yorum. Param olmas\u0131n\u0131n isterim ve kanma veya yoksullara vermek i\u00e7in kazanmam gerekiyor. Baz\u0131lar\u0131, Nijinsky \u0130sa oldu\u011funu san\u0131yor diyecekler. Kendimi \u0130sa gibi g\u00f6rm\u00fcyorum\u00a0 nun yapt\u0131klar\u0131na hayran\u0131m. Bana sald\u0131r\u0131lmas\u0131ndan korkmuyorum. Gereken her \u015feyi s\u00f6ylerim ben. S\u0131k s\u0131k soka\u011fa \u00e7\u0131kard\u0131m. Kar\u0131m\u0131 aldatt\u0131m, o kadar \u00e7ok tohumum vard\u0131 ki bunlar\u0131 harcamam gerekiyordu. Tabii ki bunlar\u0131 bir s\u00fcrt\u00fckle ziyan etmedim. Onlar\u0131 yata\u011fa bo\u015faltt\u0131m, z\u00fchrevi hastal\u0131klara kar\u015f\u0131 kendimi korumam laz\u0131md\u0131. \u015eehvet d\u00fc\u015fk\u00fcn\u00fc de\u011filim, bu y\u00fczden bir daha kar\u0131m\u0131 aldatmayaca\u011f\u0131m. <\/p>\n<p>Tohumumu ba\u015fka bir \u00e7ocuk i\u00e7in saklayaca\u011f\u0131m,\u00a0 bir g\u00fcn bir o\u011flum olaca\u011f\u0131n\u0131 umuyorum. Kar\u0131m\u0131 seviyorum. Ona k\u00f6t\u00fc bir\u015fey olmas\u0131n\u0131 istemem. O \u00e7ok duygusald\u0131r. Benim her\u015feyi, onu korkutmak i\u00e7in kasten yapt\u0131\u011f\u0131m\u0131 zannediyor. Yapt\u0131\u011f\u0131m her\u015fey onun iyili\u011fi ve mutlulu\u011fu i\u00e7indir. O et yer\u00a0 bu y\u00fczden \u00e7ok sinirlidir\u00a0 \u00f6nemli olan iyi bir ya\u015fam s\u00fcrmektir. Kar\u0131m, d\u00fczenli bir ya\u015fam s\u00fcrmenin iyi bir \u015fey oldu\u011funu bilir ama b\u00f6yle bir ya\u015fam\u0131n, &#8220;Tanr\u0131&#8217;n\u0131n s\u00f6zlerini dinleyip Ona itaat etmek\u00a0 demek oldu\u011funun fark\u0131nda de\u011fil, insanlar Tanr\u0131&#8217;y\u0131 anlam\u0131yorlar ve &#8220;itaat edilmesi gereken bu Tanr\u0131 kimdir&#8221; diye kendilerine soruyorlar. Ben, Tanr\u0131&#8217;y\u0131 ve Onun istedi\u011fi \u015feyleri biliyorum. Ben Tanr\u0131y\u0131 seviyorum. Ne konuda yazaca\u011f\u0131m\u0131 bilmiyorum \u00e7\u00fcnk\u00fc birdenbire akl\u0131ma doktorlar ve kar\u0131m geldi.\u00a0 Yan odada hala konu\u015fuyorlar. Davran\u0131\u015flar\u0131m\u0131 ho\u015f kar\u015f\u0131lamad\u0131klar\u0131n\u0131 biliyorum ama Tanr\u0131&#8217;n\u0131n istedi\u011fi \u015fekilde davranmaya devam edece\u011fim. <\/p>\n<p>Herhangi bir sorun \u00e7\u0131kaca\u011f\u0131ndan korkmuyorum. Herkesten bana yard\u0131m etmelerini isteyece\u011fim ve \u00f6rne\u011fin \u015f\u00f6yle derlerse korkmayaca\u011f\u0131m: &#8220;Kar\u0131n, ona i\u015fkence etti\u011fin i\u00e7in delirdi, bu y\u00fczden \u00f6m\u00fcr boyu hapis yatacaks\u0131n&#8221;. Hapsedilmekten de korkmuyorum, ama \u00f6m\u00fcr boyu yatacaksam orada \u00f6lece\u011fim. Kar\u0131ma bir k\u00f6t\u00fcl\u00fck gelmesini istemiyorum, ona zarar veremeyecek kadar \u00e7ok seviyorum, insanlardan saklanmay\u0131 seviyorum; yaln\u0131z ya\u015famaya al\u0131\u015ft\u0131m. Maupassant, yaln\u0131z kalmaktan \u00e7ok korkard\u0131. Monte Cristo Kontu, intikam planlan haz\u0131rlamak i\u00e7in yaln\u0131z kalmak isterdi. Maupassant, yaln\u0131zl\u0131\u011f\u0131 sevmezdi, insanlar\u0131 severdi. Ben yaln\u0131zl\u0131ktan korkar\u0131m ama yak\u0131nmayaca\u011f\u0131m; Tanr\u0131 beni seviyor, o halde yaln\u0131z say\u0131lmam. <\/p>\n<p>Tanr\u0131 insand\u0131r ve planlar\u0131na kar\u0131\u015f\u0131lmas\u0131ndan ho\u015flanmaz. Ben ona kar\u0131\u015fmam, tam tersine ona yard\u0131m ederim. O beni b\u0131rak\u0131rsa \u00f6l\u00fcr\u00fcm. \u0130stemedi\u011fim halde di\u011fer insanlar gibi ya\u015fayaca\u011f\u0131m, s\u0131rf beni anlamalar\u0131 i\u00e7in. Ben Tanr\u0131&#8217;n\u0131n silah\u0131y\u0131m, onun adam\u0131y\u0131m. Tanr\u0131&#8217;n\u0131n yaratt\u0131klar\u0131n\u0131 severim. Ben bir dilenci de\u011filim; zengin birisi bana verirse para al\u0131r\u0131m. Zenginleri severim, onlar\u0131n \u00e7ok paralar\u0131 var ve bende hi\u00e7 yok. Ama param\u0131n olmad\u0131\u011f\u0131n\u0131 herkes duyarsa benden korkarlar ve ka\u00e7arlar. Bu y\u00fczden hep zengin olmak istemi\u015fimdir. Bir at kiralay\u0131p, beni eve g\u00f6t\u00fcrmesini isteyece\u011fim. Kar\u0131m paras\u0131n\u0131 \u00f6deyecek. E\u011fer o \u00f6demezse, ben bir yolunu bulup \u00f6derim. Kar\u0131m\u0131n beni sevmesini istiyorum ve karakterini bu y\u00f6nde geli\u015ftirmek i\u00e7in elimden geleni yap\u0131yorum. Zekas\u0131 olduk\u00e7a geli\u015fmi\u015ftir ama duygulan i\u00e7in ayn\u0131 \u015feyi s\u00f6yleyemem. Zekas\u0131n\u0131 yok etmek isterdim, b\u00f6ylece di\u011fer y\u00f6nleri de geli\u015firdi. \u0130nsanlar, zeka olmadan bir ki\u015finin ya deli ya da budala olaca\u011f\u0131n\u0131 d\u00fc\u015f\u00fcn\u00fcrler. Bir deli, akl\u0131n\u0131 kullanarak sonu\u00e7lara varamayan bir insand\u0131r. Bir manyak, ne yapt\u0131\u011f\u0131n\u0131n fark\u0131nda bile de\u011fildir. Ben iyi ve k\u00f6t\u00fc hareketlerimin fark\u0131nday\u0131m. Mant\u0131\u011f\u0131 ve akl\u0131 olan bir insan\u0131m. Tolstoy&#8217;un kitab\u0131nda ak\u0131l ve mant\u0131k konusunda pek \u00e7ok \u015fey anlat\u0131l\u0131yor. Bu kitab\u0131 okudum ve bu y\u00fczden, konuyu iyi biliyorum. <\/p>\n<p>Zeki insanlardan korkmuyorum. G\u00fc\u00e7l\u00fcy\u00fcm; \u00e7\u00fcnk\u00fc benim hakk\u0131mda s\u00f6ylenenleri hissediyorum. Beni yat\u0131\u015ft\u0131rmak i\u00e7in t\u00fcrl\u00fc \u015feyler icat ettiklerini biliyorum. Doktorlar iyi insanlar. Kar\u0131m da iyi bir kad\u0131nd\u0131r, ama \u00e7ok fazla d\u00fc\u015f\u00fcn\u00fcyorlar. Onlar\u0131n zekalar\u0131 i\u00e7in kayg\u0131lan\u0131yorum. Pek \u00e7ok insan, fazla d\u00fc\u015f\u00fcnd\u00fckleri i\u00e7in deliriyor\u00a0 onlar i\u00e7in, onlar nam\u0131na korkuyorum, \u00e7ok d\u00fc\u015f\u00fcn\u00fcyorlar. Onlar\u0131n delirmesini istemem: Onlar\u0131 sa\u011fl\u0131kl\u0131 g\u00f6rebilmek i\u00e7in her\u015feyi yapaca\u011f\u0131m. Farketmeden, kar\u0131m\u0131 k\u0131zd\u0131rd\u0131m\u00a0 sonra beni affetmesini istedim; uygun zamanlarda hatalar\u0131m hep y\u00fcz\u00fcme vuruluyordu. O, benim deli veya k\u00f6t\u00fc kalpli oldu\u011fumu d\u00fc\u015f\u00fcn\u00fcyor. Ben k\u00f6t\u00fc de\u011filim, onu seviyorum. Kar\u0131mdan korkuyorum; beni hi\u00e7 anlam\u0131yor. <\/p>\n<p>Ben hep ya\u015fam \u00fczerine yazar\u0131m, \u00f6l\u00fcmle ilgilenmem. Onlar\u0131n d\u00fc\u015f\u00fcnd\u00fckleri Nijinsky de\u011filim ben. Ben insan \u015feklinde Tanr\u0131y\u0131m. Kar\u0131m iyi bir kad\u0131n. Ona gizlice b\u00fct\u00fcn planlar\u0131m\u0131 anlatm\u0131\u015ft\u0131m; sonra da o hepsini doktorlara anlatm\u0131\u015f, tabii bana yard\u0131m etmek amac\u0131yla. Kar\u0131m benim amac\u0131m\u0131 anlam\u0131yor; ona bunu anlatmad\u0131m, bilmesini istemiyordum. Ben hissedece\u011fim ve kar\u0131m anlayacak. O hissedecek ve ben anlayaca\u011f\u0131m. D\u00fc\u015f\u00fcnmek istemiyorum, d\u00fc\u015f\u00fcnmek \u00f6l\u00fcmd\u00fcr. Ben ne yapt\u0131\u011f\u0131m\u0131 biliyorum. &#8220;Sana bir k\u00f6t\u00fcl\u00fck gelmesini istemiyorum. Seni seviyorum. Ya\u015faman\u0131 istiyorum, o zaman ben de seninle beraber olaca\u011f\u0131m. Sana s\u00f6ylemi\u015ftim. Ak\u0131ll\u0131ca bir konu\u015fma istemiyorum.&#8221; Doktorlar ak\u0131ll\u0131ca konu\u015furlar, kar\u0131m da \u00f6yle. Onlardan korkuyorum. Benim hislerimi anlamalar\u0131n\u0131 istiyorum. &#8220;\u00dcz\u00fcld\u00fc\u011f\u00fcn\u00fc biliyorum. Kar\u0131n senin y\u00fcz\u00fcnden ac\u0131 \u00e7ekiyor.&#8221; \u00d6lmek istemiyorum bu y\u00fczden her yola ba\u015fvururum. Amac\u0131m\u0131 a\u00e7\u0131klamayaca\u011f\u0131m. &#8220;B\u0131rak seni egoist sans\u0131nlar. Seni hapse ats\u0131nlar. Seni kurtaraca\u011f\u0131m \u00e7\u00fcnk\u00fc sen bana aitsin. Zeki Romola&#8217;y\u0131 istemiyorum. Onun seni terketmesini istiyorum. Yaln\u0131z benim olman\u0131 istiyorum. Onu bir erkek gibi sevmeni istemiyorum. <\/p>\n<p>Olup bitenleri basitle\u015ftirmeyi ve hafifletmeyi bilirim. Doktorlar\u0131n, hislerini, duygular\u0131n\u0131 anlamalar\u0131n\u0131 istiyorum. Doktorlar, kar\u0131n\u0131n sinirli bir kad\u0131n oldu\u011funu d\u00fc\u015f\u00fcnd\u00fckleri i\u00e7in seni azarlamak istiyorum. Takt\u0131\u011f\u0131n ha\u00e7 \u00e7ok zarar verdi, bu durumu sen \u00e7\u00f6zemezsin art\u0131k. Hatalar\u0131n\u0131 biliyorum; \u00e7\u00fcnk\u00fc onlar\u0131 ben yapt\u0131m.&#8221; Kasten ha\u00e7 takt\u0131m: &#8220;Kar\u0131n seni anlam\u0131\u015ft\u0131. Doktor amac\u0131m\u0131n ne oldu\u011funu bulmak i\u00e7in geldi ve hi\u00e7bir\u015fey anlam\u0131yor. D\u00fc\u015f\u00fcn\u00fcyor ve bu y\u00fczden anlamas\u0131 \u00e7ok zorla\u015f\u0131yor. Romola&#8217;n\u0131n hakl\u0131 oldu\u011funu d\u00fc\u015f\u00fcn\u00fcyor; senin de. Nas\u0131l anla\u015f\u0131laca\u011f\u0131n\u0131 biliyorum.&#8221; Ben doktorlardan daha iyi d\u00fc\u015f\u00fcn\u00fcr\u00fcm. &#8220;Senin i\u00e7in korkuyorum; \u00e7\u00fcnk\u00fc sen \u00e7ok korkmu\u015fsun. Kurallar\u0131n\u0131, al\u0131\u015fkanl\u0131klar\u0131n\u0131 biliyorum. Bana olan sevgin sonsuz; emirlerime itaat ediyorsun. Senin anlayabilmen i\u00e7in her\u015feyi yapaca\u011f\u0131m; kar\u0131n\u0131 ve seni seviyorum. Onun iyi olmas\u0131n\u0131 istiyorum. Ben sendeki Tanr\u0131&#8217;y\u0131m. Beni anlad\u0131\u011f\u0131nda senin olaca\u011f\u0131m. <\/p>\n<p>Ne d\u00fc\u015f\u00fcnd\u00fc\u011f\u00fcn\u00fc biliyorum; onun burada oldu\u011funu ve sana bakt\u0131\u011f\u0131n\u0131 san\u0131yorsun. Ben de onun sana bakmas\u0131n\u0131 istiyorum.&#8221; Arkama d\u00f6nmekten korktum, \u00e7\u00fcnk\u00fc onun bana bakmakta oldu\u011funu hissediyordum. &#8220;Ona senin yazd\u0131klar\u0131n\u0131 g\u00f6stermek istiyorum. \u00c7ok yazd\u0131\u011f\u0131n i\u00e7in hasta oldu\u011funu d\u00fc\u015f\u00fcnecek. Senin hislerini anl\u0131yorum. Seni \u00e7ok iyi anl\u0131yorum. Sana kasten yaz\u0131 yazd\u0131r\u0131yorum; \u00e7\u00fcnk\u00fc hislerini, onun da anlamas\u0131n\u0131 istiyorum. Sana s\u00f6yledi\u011fim her\u015feyi yaz. insanlar seni anlayacaklar; \u00e7\u00fcnk\u00fc sen sok hassass\u0131n. Kar\u0131n da seni anlayacak. Senden daha \u00e7ok \u015fey bildi\u011fim i\u00e7in arkan\u0131 d\u00f6nmemeni s\u00f6yledim. Ama\u00e7lar\u0131n\u0131 biliyorum. Planlar\u0131n\u0131 uygulamak isterim ama ac\u0131 \u00e7ekmen gerekiyor. Herkes seni, ancak ac\u0131 \u00e7ekti\u011fini g\u00f6r\u00fcnce hissedecek ve anlayacakt\u0131r.&#8221; Yemek odas\u0131nda kar\u0131m ve doktorla yapt\u0131\u011f\u0131m konu\u015fmay\u0131 yazmak istiyorum. <\/p>\n<p>Egoistmi\u015fim gibi davranm\u0131\u015ft\u0131m. \u00c7\u00fcnk\u00fc doktoru k\u0131zd\u0131rmak istiyordum. Bunu anlarsa \u00d6fkelenecektir ama umurumda de\u011fil. Sevgiyi b\u00f6lmem. Kar\u0131m\u0131 herkesten \u00e7ok sevdi\u011fimi g\u00f6stermek istedi\u011fim i\u00e7in, onu \u00e7ok sevdi\u011fimi yazm\u0131\u015ft\u0131m. Ben A.&#8217;y\u0131 seviyorum, kar\u0131m\u0131 sevdi\u011fim kadar. Onun numaralar\u0131n\u0131 biliyorum. Birka\u00e7 g\u00fcn sonra gidece\u011fi i\u00e7in duygular\u0131m\u0131 anl\u0131yordu. Onun kalmas\u0131n\u0131 istemiyorum. Kay\u0131nvalidemin gelmesi daha do\u011fru olur; \u00e7\u00fcnk\u00fc onu incelemek ve ona yard\u0131m etmek istiyordum. \u0130nsanlar hakk\u0131nda yazmak i\u00e7in, onlar\u0131n karakterlerini incelemem. \u0130nsanlara, onlar\u0131 \u00f6l\u00fcme g\u00f6t\u00fcren al\u0131\u015fkanl\u0131klar\u0131n\u0131 anlatabilmek i\u00e7in yazar\u0131m. Bu kitaba &#8220;Hisler&#8221; ad\u0131n\u0131 verdim. <\/p>\n<p>Hissetmeyi severim ve bu konuda b\u00fcy\u00fck bir kitap yazaca\u011f\u0131m. Ya\u015fam\u0131m\u0131n bir tan\u0131mlamas\u0131 olacak bu. Kitab\u0131n, \u00f6l\u00fcm\u00fcmden sonra bas\u0131lmas\u0131n\u0131 istemiyorum. Onu \u015fimdi bast\u0131rmak istiyorum. &#8220;Senin i\u00e7in korkuyorum; \u00e7\u00fcnk\u00fc sen kendin i\u00e7in korkuyorsun. Ger\u00e7e\u011fi s\u00f6ylemek istiyorum. insanlar\u0131 \u00fczmek istemem. Belki bu kitab\u0131 yazd\u0131\u011f\u0131n i\u00e7in hapse at\u0131lacaks\u0131n. Seninle beraber olaca\u011f\u0131m; \u00e7\u00fcnk\u00fc beni seviyorsun. Sessiz kalamam. Konu\u015fmal\u0131y\u0131m. Hapse girmeyece\u011fini biliyorum; kanunen bir su\u00e7 i\u015flemedin. \u0130nsanlar seni yarg\u0131lamak isterlerse, s\u00f6yledi\u011fin her\u015feyin Tanr\u0131&#8217;n\u0131n s\u00f6zleri oldu\u011funu anlat\u0131rs\u0131n. O zaman da seni bir t\u0131marhaneye kapatacaklard\u0131r ve ak\u0131l hastalar\u0131n\u0131 tan\u0131y\u0131p, anlayacaks\u0131n. Senin hapise veya t\u0131marhaneye kapat\u0131lman\u0131 istiyorum. <\/p>\n<p>Dostoyevski dara\u011fac\u0131na g\u00f6nderildi, bu nedenle, sen de biryerlere gidebilirsin. Sevgileri \u00f6lmeyen ve senin kapat\u0131lmana izin vermeyecek olan baz\u0131 ki\u015fileri tan\u0131yorum. Bu kitap binlerce kopya olarak bas\u0131l\u0131nca bir ku\u015f kadar \u00f6zg\u00fcr olacaks\u0131n. Nijinsky diye imzay\u0131 ben atmak isterdim\u00a0 ama benim ad\u0131m Tanr\u0131. Nijinsky&#8217;yi seviyorum ama bu sevgi Narcissus gibi de\u011fil, Tanr\u0131sal bir sevgi.&#8221; Bana hayat verdi\u011fi i\u00e7in onu seviyorum. Ona iltifat etmek, \u00f6vg\u00fcler yapmak istemiyorum. Onu seviyorum. O beni seviyor; \u00e7\u00fcnk\u00fc al\u0131\u015fkanl\u0131klar\u0131m\u0131 biliyor. &#8220;Nijinisky&#8217;nin hatalar\u0131 olabilir ama onu dinlemelisiniz; \u00e7\u00fcnk\u00fc o Tanr\u0131&#8217;n\u0131n s\u00f6zlerini s\u00f6yl\u00fcyor.&#8221; Ben Nijinsky&#8217;yim. &#8220;Ben Nijinsky&#8217;nin incinmesini istemiyorum, bunun i\u00e7in onu koruyaca\u011f\u0131m. Onun i\u00e7in korkuyorum; \u00e7\u00fcnk\u00fc o kendinden korkuyor. G\u00fc\u00e7l\u00fc oldu\u011funu biliyorum. O iyi bir adam. Ben de iyi bir Tanr\u0131y\u0131m. Nijinsky&#8217;yi k\u00f6t\u00fc oldu\u011fu zamanlar sevmiyorum. &#8220;Ben Tann&#8217;y\u0131m; Nijinsky bir Tanr\u0131&#8217;d\u0131r. &#8220;O iyi bir insand\u0131r. \u0130nsanlar onu anlamad\u0131lar ve d\u00fc\u015f\u00fcnd\u00fckleri s\u00fcrece inanmayacaklar. <\/p>\n<p>Onlar beni birka\u00e7 hafta olsun dinleselerdi, b\u00fcy\u00fck \u015feyler olabilirdi. \u00d6\u011fretilerimin anla\u015f\u0131laca\u011f\u0131n\u0131 umar\u0131m.&#8221; B\u00fct\u00fcn yazd\u0131klar\u0131m insanl\u0131k i\u00e7in gerekli. Romola benden korkuyor, benim vaiz oldu\u011fumu hissediyor. Kocas\u0131n\u0131n vaiz olmas\u0131n\u0131 istemez o, gen\u00e7 ve yak\u0131\u015f\u0131kl\u0131 bir koca ister. Ben yak\u0131\u015f\u0131kl\u0131y\u0131m, gencim. O benim g\u00fczelli\u011fimi anlam\u0131yor, al\u0131\u015f\u0131lm\u0131\u015f bir tipim, karakteristik \u00e7izgilerim yok. Tanr\u0131&#8217;n\u0131n da olmaz zaten. Tanr\u0131&#8217;n\u0131n y\u00fcz\u00fcnde duyarl\u0131l\u0131k vard\u0131r, bir kambur bile Tanr\u0131&#8217;ya benzeyebilir. Ben kamburlar\u0131 severim, di\u011fer sakatlar\u0131 da. Ben de duygulu, hassas bir sakat\u0131m ve bir kambur gibi dansedebilirim. B\u00fct\u00fcn bi\u00e7imleri ve duygulan seven bir sanat\u00e7\u0131y\u0131m ben. G\u00fczellikte g\u00f6recelik yoktur. G\u00fczellik Tanr\u0131&#8217;d\u0131r. O g\u00fczellik ve duyguda bulunur. G\u00fczellik duyguda da vard\u0131r. Ben g\u00fczelli\u011fe a\u015f\u0131\u011f\u0131m. Onu hisseder ve anlar\u0131m. D\u00fc\u015f\u00fcnenler g\u00fczellik konusunda sa\u00e7ma sapan \u015feyler yazarlar. Bu tart\u0131\u015f\u0131lmaz. Ele\u015ftirilmez. Ben g\u00fczelli\u011fi hissediyorum. Onu seviyorum. <\/p>\n<p>K\u00f6t\u00fcl\u00fck istemiyorum\u00a0 ben a\u015fk istiyorum. Baz\u0131lar\u0131 benim k\u00f6t\u00fc bir adam oldu\u011fumu d\u00fc\u015f\u00fcn\u00fcr\u00fcler. De\u011filim. Ben herkesi severim. Ger\u00e7e\u011fi yazd\u0131m. Ger\u00e7e\u011fi s\u00f6yledim. Yalanc\u0131l\u0131ktan ho\u015flanmam, iyilik istiyorum. Ben a\u015fk\u0131m. \u0130nsanlar beni korkuluk yerine koyuyorlar; \u00e7\u00fcnk\u00fc ho\u015fland\u0131\u011f\u0131m i\u00e7indir ha\u00e7 tak\u0131yorum. Ha\u00e7\u0131, Katolik oldu\u011fumu g\u00f6stermek i\u00e7in takm\u0131\u015ft\u0131m. \u0130nsanlar beni deli san\u0131yorlar. De\u011filim. Ha\u00e7\u0131, di\u011fer insanlar taraf\u0131ndan farkedilmek i\u00e7in takm\u0131\u015ft\u0131m. \u0130nsanlar sakin adamlardan, ho\u015flan\u0131rlar; ben de\u011filim. Ya\u015fam\u0131 seviyorum. Onu istiyorum. \u00d6l\u00fcm\u00fc sevmiyorum. \u0130nsanl\u0131\u011f\u0131 sevmek istiyorum. \u0130nsanlar\u0131n bana inanmalar\u0131n\u0131 istiyorum. <\/p>\n<p>A. konusunda ger\u00e7e\u011fi s\u00f6ylemi\u015ftim; Diaghilev ve kendim hakk\u0131nda da. Sava\u015f ve cinayet istemiyorum. Ben, insanlar\u0131n anlay\u0131\u015fl\u0131 olmalar\u0131n\u0131 istiyorum. Kar\u0131ma, defterlerime dokunan\u0131 mahvedece\u011fimi s\u00f6yledim ama bunu yapmak zorunda kal\u0131rsam, a\u011flayabilirim. Ben bir katil de\u011filim. Kimsenin beni sevmedi\u011fini biliyorum. Benim hasta oldu\u011fumu san\u0131yorlar. De\u011filim. Ben zeki bir adam\u0131m. Hizmet\u00e7i geldi ve rahats\u0131zland\u0131\u011f\u0131m\u0131 d\u00fc\u015f\u00fcnerek yan\u0131mda durdu. Hasta de\u011filim. Sa\u011fl\u0131kl\u0131y\u0131m. Kendim i\u00e7in korku duyuyorum; \u00e7\u00fcnk\u00fc Tanr\u0131&#8217;n\u0131n iste\u011fini biliyorum. Tanr\u0131 kar\u0131m\u0131n beni terketmesini istiyor. Ben istemiyorum. Onu seviyorum ve benimle kalmas\u0131 i\u00e7in dua ediyorum. Beni telefondan istiyorlar. Galiba hapse atmak istiyorlar. A\u011fl\u0131yorum, ya\u015fam\u0131 seviyorum ama hapisten de korkmuyorum. Orada ya\u015fayaca\u011f\u0131m. Her\u015feyi kanma anlatt\u0131m. Art\u0131k korkmuyor ama huzursuz bir hali var. <\/p>\n<p>Kaba bir dille konu\u015ftum; \u00e7\u00fcnk\u00fc g\u00f6zya\u015f\u0131 g\u00f6rmek istiyordum\u00a0 ama h\u00fcz\u00fcn ya\u015flar\u0131 de\u011fil. Bu y\u00fczden gidip onu \u00f6pece\u011fim. Ona sevgimi g\u00f6stermek i\u00e7in \u00f6pmek istiyorum. Onu seviyorum, istiyorum. Onun a\u015fk\u0131n\u0131 istiyorum. A. onu da sevdi\u011fimi hissetti ve bizimle kalacak. Gitmiyor. Biletini satmak i\u00e7in acenteyi arad\u0131. Emin de\u011filim ama hissediyorum. K\u00fc\u00e7\u00fck k\u0131z\u0131m \u015fark\u0131 s\u00f6yl\u00fcyor. &#8220;Ah, ha, ha! Anlam\u0131n\u0131 anlayam\u0131yorum ama ne demek istedi\u011fini hissediyorum. Her\u015feyin\u00a0 a ha ha bir deh\u015fet de\u011fil; bir zevk, bir e\u011flence oldu\u011funu s\u00f6ylemek istiyor. <\/p>\n<p>A\u011flamak istiyorum ama Tanr\u0131 yazmaya devam etmemi emrediyor. Tembelle\u015fmemi istemiyor. Kar\u0131m a\u011fl\u0131yor, ben de. Doktorun gelip, kar\u0131m\u0131n, yaz\u0131 yazd\u0131\u011f\u0131m i\u00e7in a\u011flad\u0131\u011f\u0131n\u0131 s\u00f6ylemesinden korkuyorum. Ama su\u00e7 bende de\u011fil. \u00c7ocu\u011fum her\u015feyi g\u00f6r\u00fcyor, i\u015fitiyor; bir g\u00fcn beni anlayaca\u011f\u0131n\u0131 umuyorum. Kyra&#8217;y\u0131 seviyorum. K\u00fc\u00e7\u00fck Kyra&#8217;m, ona olan sevgimi hissediyor ama o da hasta oldu\u011fumu san\u0131yor. Ona \u00f6yle demi\u015fler. Bana iyi uyuyup uyumad\u0131\u011f\u0131m\u0131 soruyor, ben de her zaman iyi uyudu\u011fumu s\u00f6yl\u00fcyorum. Daha ne yazaca\u011f\u0131m\u0131 bilmiyorum ama Tanr\u0131 yazmam\u0131 istiyor. Yak\u0131nda Paris&#8217;e gidip b\u00fcy\u00fck etkiler b\u0131rakaca\u011f\u0131m\u00a0 \u00fcm d\u00fcnya benden bahsedecek. \u0130nsanlar\u0131n, benim b\u00fcy\u00fck bir yazar veya b\u00fcy\u00fck bir sanat\u00e7\u0131 hatta b\u00fcy\u00fck bir adam oldu\u011fumu d\u00fc\u015f\u00fcnmelerini istemem. Ben \u00e7ok ac\u0131 \u00e7ekmi\u015f olan basit bir adam\u0131m. \u0130sa&#8217;dan bile daha \u00e7ok ac\u0131 \u00e7ekti\u011fime inan\u0131yorum. Ya\u015fam\u0131 seviyorum ve ya\u015famak istiyorum; a\u011flamak istiyorum ama a\u011flayam\u0131yorum ruhumda \u00f6yle b\u00fcy\u00fck bir ac\u0131 var ki u ac\u0131 beni korkutuyor. <\/p>\n<p>Ruhum hasta. Akl\u0131m de\u011fil, ruhum. Doktorlar hastal\u0131\u011f\u0131m\u0131 anlam\u0131yorlar. \u0130yile\u015fmek i\u00e7in neye ihtiyac\u0131m oldu\u011funu biliyorum. Ben g\u00fc\u00e7l\u00fcy\u00fcm. V\u00fccudum hasta de\u011fil\u00a0 hasta olan ruhum. Ac\u0131 \u00e7ekiyorum. Herkes bunu hissedecek ve anlayacak. Ben bir insan\u0131m, canavar de\u011filim. Herkesi seviyorum, hatalar\u0131m olabilir\u00a0 ben bir insan\u0131m, Tanr\u0131 de\u011filim. Tanr\u0131 olmak istiyorum ve bu nedenle kendimi geli\u015ftirmeye \u00e7al\u0131\u015f\u0131yorum. Dansetmek, resim yapmak, piyano \u00e7almak, m\u0131sralar yazmak, herkesi sevmek istiyorum. \u0130\u015fte hayat\u0131m\u0131n amac\u0131 bu. Sosyalistlerin beni daha iyi anlayacaklar\u0131n\u0131 biliyorum ama ben sosyalist de\u011filim, Tanr\u0131&#8217;n\u0131n bir par\u00e7as\u0131y\u0131m, ben Tanr\u0131&#8217;n\u0131n partisine ba\u011fl\u0131y\u0131m. Herkesi seviyorum. Sava\u015f veya s\u0131n\u0131rlardan hi\u00e7 ho\u015flanm\u0131yorum. D\u00fcnya yerli yerinde duruyor. Her yerde evim, yuvam var. Her yerde ya\u015f\u0131yorum. Hi\u00e7bir m\u00fclk\u00fcm olmas\u0131n\u0131 istemiyorum, zengin olmak da istemiyorum. Sevmek istiyorum. Ben sevgiyim, a\u015fk\u0131m zul\u00fcm de\u011filim. <\/p>\n<p>Kana susam\u0131\u015f bir hayvan de\u011filim. Ben insan\u0131m. Ben insan\u0131m. Tanr\u0131 benim i\u00e7imde. Ben Tanr\u0131&#8217;n\u0131n i\u00e7indeyim. Onu istiyorum. Onu ar\u0131yorum. Yaz\u0131lar\u0131m\u0131n bas\u0131lmas\u0131n\u0131 istiyorum ki, herkes bunlar\u0131 okuyabilsin. Kendimi geli\u015ftirmeyi umuyorum! Nas\u0131l yapaca\u011f\u0131m\u0131 bilmiyorum ama Tanr\u0131&#8217;n\u0131n, Onu arayanlara yard\u0131ma olaca\u011f\u0131n\u0131 hissediyorum. Ben ar\u0131yorum; \u00e7\u00fcnk\u00fc Tanr\u0131&#8217;y\u0131 hissediyorum. Tanr\u0131 beni ar\u0131yor, o halde birbirimiz bulaca\u011f\u0131z.<\/p>\n<p style=\"text-align: justify;\">Tanr\u0131 ve Nijit\u0131sky St. Moritz Dorf Villa Guardamunt 27 \u015eubat, 1919<\/p>\n","protected":false},"excerpt":{"rendered":"<p>(1890-1950) Rus as\u0131ll\u0131 bale sanat\u00e7\u0131s\u0131 Vaslav Nijinski ba\u015far\u0131l\u0131 tekni\u011fi, duygulu yorumlar\u0131 ve b\u00fcy\u00fck s\u0131\u00e7ramalar\u0131yla bale tarihinde bir efsane yaratm\u0131\u015ft\u0131rRusya&#8217;da Kiev&#8217;de do\u011fan Nijinski, dokuz ya\u015f\u0131nda St Petersburg&#8217;daki (bug\u00fcn Lenin\u00adgrad) \u00c7arl\u0131k Bale Okulu&#8217;na girdi Daha \u00f6\u011f\u00adrenciyken \u00fcst\u00fcn yetene\u011fiyle \u00e7evresinde b\u00fcy\u00fck bir hayranl\u0131k uyand\u0131rd\u0131 Y\u00fckse\u011fe s\u0131\u00e7ramakta o kadar ba\u015far\u0131l\u0131yd\u0131 ki, yer\u00e7ekimine meydan okuyarak sonsuza kadar havada kalacakm\u0131\u015f izlenimini [&hellip;]<\/p>\n","protected":false},"author":1,"featured_media":0,"comment_status":"open","ping_status":"open","sticky":false,"template":"","format":"standard","meta":{"footnotes":""},"categories":[152],"tags":[],"class_list":{"0":"post-4387","1":"post","2":"type-post","3":"status-publish","4":"format-standard","6":"category-bale-dans"},"yoast_head":"<!-- This site is optimized with the Yoast SEO Premium plugin v24.9 (Yoast SEO v24.9) - https:\/\/yoast.com\/wordpress\/plugins\/seo\/ -->\n<title>Bale tarihinde bir efsane ve ak\u0131l hastanesinde son bulan bir ya\u015fam | Tanr\u0131 beni ar\u0131yor - Vaslav Nijinski - narteks.net<\/title>\n<meta name=\"robots\" content=\"index, follow, max-snippet:-1, max-image-preview:large, max-video-preview:-1\" \/>\n<link rel=\"canonical\" href=\"https:\/\/narteks.net\/index.php\/2010\/03\/19\/bale-tarihinde-bir-efsane-ve-akil-hastanesinde-son-bulan-bir-yasam-tanri-beni-ariyor-vaslav-nijinski\/\" \/>\n<meta property=\"og:locale\" content=\"tr_TR\" \/>\n<meta property=\"og:type\" content=\"article\" \/>\n<meta property=\"og:title\" content=\"Bale tarihinde bir efsane ve ak\u0131l hastanesinde son bulan bir ya\u015fam | Tanr\u0131 beni ar\u0131yor - Vaslav Nijinski\" \/>\n<meta property=\"og:description\" content=\"(1890-1950) Rus as\u0131ll\u0131 bale sanat\u00e7\u0131s\u0131 Vaslav Nijinski ba\u015far\u0131l\u0131 tekni\u011fi, duygulu yorumlar\u0131 ve b\u00fcy\u00fck s\u0131\u00e7ramalar\u0131yla bale tarihinde bir efsane yaratm\u0131\u015ft\u0131rRusya&#8217;da Kiev&#8217;de do\u011fan Nijinski, dokuz ya\u015f\u0131nda St Petersburg&#8217;daki (bug\u00fcn Lenin\u00adgrad) \u00c7arl\u0131k Bale Okulu&#8217;na girdi Daha \u00f6\u011f\u00adrenciyken \u00fcst\u00fcn yetene\u011fiyle \u00e7evresinde b\u00fcy\u00fck bir hayranl\u0131k uyand\u0131rd\u0131 Y\u00fckse\u011fe s\u0131\u00e7ramakta o kadar ba\u015far\u0131l\u0131yd\u0131 ki, yer\u00e7ekimine meydan okuyarak sonsuza kadar havada kalacakm\u0131\u015f izlenimini [&hellip;]\" \/>\n<meta property=\"og:url\" content=\"https:\/\/narteks.net\/index.php\/2010\/03\/19\/bale-tarihinde-bir-efsane-ve-akil-hastanesinde-son-bulan-bir-yasam-tanri-beni-ariyor-vaslav-nijinski\/\" \/>\n<meta property=\"og:site_name\" content=\"narteks.net\" \/>\n<meta property=\"article:published_time\" content=\"2010-03-19T08:04:43+00:00\" \/>\n<meta property=\"og:image\" content=\"http:\/\/www.irishhealth.com\/content\/image\/3012\/Image3.jpg\" \/>\n<meta name=\"author\" content=\"Tar\u0131k\" \/>\n<meta name=\"twitter:card\" content=\"summary_large_image\" \/>\n<meta name=\"twitter:creator\" content=\"@narteks\" \/>\n<meta name=\"twitter:site\" content=\"@narteks\" \/>\n<meta name=\"twitter:label1\" content=\"Yazan:\" \/>\n\t<meta name=\"twitter:data1\" content=\"Tar\u0131k\" \/>\n\t<meta name=\"twitter:label2\" content=\"Tahmini okuma s\u00fcresi\" \/>\n\t<meta name=\"twitter:data2\" content=\"20 dakika\" \/>\n<script type=\"application\/ld+json\" class=\"yoast-schema-graph\">{\"@context\":\"https:\/\/schema.org\",\"@graph\":[{\"@type\":\"Article\",\"@id\":\"https:\/\/narteks.net\/index.php\/2010\/03\/19\/bale-tarihinde-bir-efsane-ve-akil-hastanesinde-son-bulan-bir-yasam-tanri-beni-ariyor-vaslav-nijinski\/#article\",\"isPartOf\":{\"@id\":\"https:\/\/narteks.net\/index.php\/2010\/03\/19\/bale-tarihinde-bir-efsane-ve-akil-hastanesinde-son-bulan-bir-yasam-tanri-beni-ariyor-vaslav-nijinski\/\"},\"author\":{\"name\":\"Tar\u0131k\",\"@id\":\"https:\/\/narteks.net\/#\/schema\/person\/61f37d9834294b72d31d274e7ed79bca\"},\"headline\":\"Bale tarihinde bir efsane ve ak\u0131l hastanesinde son bulan bir ya\u015fam | Tanr\u0131 beni ar\u0131yor &#8211; Vaslav Nijinski\",\"datePublished\":\"2010-03-19T08:04:43+00:00\",\"mainEntityOfPage\":{\"@id\":\"https:\/\/narteks.net\/index.php\/2010\/03\/19\/bale-tarihinde-bir-efsane-ve-akil-hastanesinde-son-bulan-bir-yasam-tanri-beni-ariyor-vaslav-nijinski\/\"},\"wordCount\":4086,\"commentCount\":0,\"publisher\":{\"@id\":\"https:\/\/narteks.net\/#organization\"},\"image\":{\"@id\":\"https:\/\/narteks.net\/index.php\/2010\/03\/19\/bale-tarihinde-bir-efsane-ve-akil-hastanesinde-son-bulan-bir-yasam-tanri-beni-ariyor-vaslav-nijinski\/#primaryimage\"},\"thumbnailUrl\":\"http:\/\/www.irishhealth.com\/content\/image\/3012\/Image3.jpg\",\"articleSection\":[\"Bale \/ Dans\"],\"inLanguage\":\"tr\",\"potentialAction\":[{\"@type\":\"CommentAction\",\"name\":\"Comment\",\"target\":[\"https:\/\/narteks.net\/index.php\/2010\/03\/19\/bale-tarihinde-bir-efsane-ve-akil-hastanesinde-son-bulan-bir-yasam-tanri-beni-ariyor-vaslav-nijinski\/#respond\"]}]},{\"@type\":\"WebPage\",\"@id\":\"https:\/\/narteks.net\/index.php\/2010\/03\/19\/bale-tarihinde-bir-efsane-ve-akil-hastanesinde-son-bulan-bir-yasam-tanri-beni-ariyor-vaslav-nijinski\/\",\"url\":\"https:\/\/narteks.net\/index.php\/2010\/03\/19\/bale-tarihinde-bir-efsane-ve-akil-hastanesinde-son-bulan-bir-yasam-tanri-beni-ariyor-vaslav-nijinski\/\",\"name\":\"Bale tarihinde bir efsane ve ak\u0131l hastanesinde son bulan bir ya\u015fam | Tanr\u0131 beni ar\u0131yor - Vaslav Nijinski - narteks.net\",\"isPartOf\":{\"@id\":\"https:\/\/narteks.net\/#website\"},\"primaryImageOfPage\":{\"@id\":\"https:\/\/narteks.net\/index.php\/2010\/03\/19\/bale-tarihinde-bir-efsane-ve-akil-hastanesinde-son-bulan-bir-yasam-tanri-beni-ariyor-vaslav-nijinski\/#primaryimage\"},\"image\":{\"@id\":\"https:\/\/narteks.net\/index.php\/2010\/03\/19\/bale-tarihinde-bir-efsane-ve-akil-hastanesinde-son-bulan-bir-yasam-tanri-beni-ariyor-vaslav-nijinski\/#primaryimage\"},\"thumbnailUrl\":\"http:\/\/www.irishhealth.com\/content\/image\/3012\/Image3.jpg\",\"datePublished\":\"2010-03-19T08:04:43+00:00\",\"breadcrumb\":{\"@id\":\"https:\/\/narteks.net\/index.php\/2010\/03\/19\/bale-tarihinde-bir-efsane-ve-akil-hastanesinde-son-bulan-bir-yasam-tanri-beni-ariyor-vaslav-nijinski\/#breadcrumb\"},\"inLanguage\":\"tr\",\"potentialAction\":[{\"@type\":\"ReadAction\",\"target\":[\"https:\/\/narteks.net\/index.php\/2010\/03\/19\/bale-tarihinde-bir-efsane-ve-akil-hastanesinde-son-bulan-bir-yasam-tanri-beni-ariyor-vaslav-nijinski\/\"]}]},{\"@type\":\"ImageObject\",\"inLanguage\":\"tr\",\"@id\":\"https:\/\/narteks.net\/index.php\/2010\/03\/19\/bale-tarihinde-bir-efsane-ve-akil-hastanesinde-son-bulan-bir-yasam-tanri-beni-ariyor-vaslav-nijinski\/#primaryimage\",\"url\":\"http:\/\/www.irishhealth.com\/content\/image\/3012\/Image3.jpg\",\"contentUrl\":\"http:\/\/www.irishhealth.com\/content\/image\/3012\/Image3.jpg\"},{\"@type\":\"BreadcrumbList\",\"@id\":\"https:\/\/narteks.net\/index.php\/2010\/03\/19\/bale-tarihinde-bir-efsane-ve-akil-hastanesinde-son-bulan-bir-yasam-tanri-beni-ariyor-vaslav-nijinski\/#breadcrumb\",\"itemListElement\":[{\"@type\":\"ListItem\",\"position\":1,\"name\":\"Anasayfa\",\"item\":\"https:\/\/narteks.net\/\"},{\"@type\":\"ListItem\",\"position\":2,\"name\":\"Bale tarihinde bir efsane ve ak\u0131l hastanesinde son bulan bir ya\u015fam | Tanr\u0131 beni ar\u0131yor &#8211; Vaslav Nijinski\"}]},{\"@type\":\"WebSite\",\"@id\":\"https:\/\/narteks.net\/#website\",\"url\":\"https:\/\/narteks.net\/\",\"name\":\"narteks.net\",\"description\":\"K\u00fclt\u00fcr Sanat Edebiyat Felsefe\",\"publisher\":{\"@id\":\"https:\/\/narteks.net\/#organization\"},\"alternateName\":\"K\u00fclt\u00fcr Sanat Edebiyat Felsefe\",\"potentialAction\":[{\"@type\":\"SearchAction\",\"target\":{\"@type\":\"EntryPoint\",\"urlTemplate\":\"https:\/\/narteks.net\/?s={search_term_string}\"},\"query-input\":{\"@type\":\"PropertyValueSpecification\",\"valueRequired\":true,\"valueName\":\"search_term_string\"}}],\"inLanguage\":\"tr\"},{\"@type\":\"Organization\",\"@id\":\"https:\/\/narteks.net\/#organization\",\"name\":\"narteks.net\",\"url\":\"https:\/\/narteks.net\/\",\"logo\":{\"@type\":\"ImageObject\",\"inLanguage\":\"tr\",\"@id\":\"https:\/\/narteks.net\/#\/schema\/logo\/image\/\",\"url\":\"https:\/\/narteks.net\/wp-content\/uploads\/narteks.png\",\"contentUrl\":\"https:\/\/narteks.net\/wp-content\/uploads\/narteks.png\",\"width\":300,\"height\":90,\"caption\":\"narteks.net\"},\"image\":{\"@id\":\"https:\/\/narteks.net\/#\/schema\/logo\/image\/\"},\"sameAs\":[\"https:\/\/x.com\/narteks\",\"https:\/\/instagram.com\/narteksnet\"]},{\"@type\":\"Person\",\"@id\":\"https:\/\/narteks.net\/#\/schema\/person\/61f37d9834294b72d31d274e7ed79bca\",\"name\":\"Tar\u0131k\",\"image\":{\"@type\":\"ImageObject\",\"inLanguage\":\"tr\",\"@id\":\"https:\/\/narteks.net\/#\/schema\/person\/image\/\",\"url\":\"https:\/\/secure.gravatar.com\/avatar\/50865afb55632c4ae467e0af0930f6510aa2297d8014be502a55b14f3b7550cf?s=96&d=mm&r=g\",\"contentUrl\":\"https:\/\/secure.gravatar.com\/avatar\/50865afb55632c4ae467e0af0930f6510aa2297d8014be502a55b14f3b7550cf?s=96&d=mm&r=g\",\"caption\":\"Tar\u0131k\"},\"sameAs\":[\"http:\/\/narteks.net\"],\"url\":\"https:\/\/narteks.net\/index.php\/author\/narbak\/\"}]}<\/script>\n<!-- \/ Yoast SEO Premium plugin. -->","yoast_head_json":{"title":"Bale tarihinde bir efsane ve ak\u0131l hastanesinde son bulan bir ya\u015fam | Tanr\u0131 beni ar\u0131yor - Vaslav Nijinski - narteks.net","robots":{"index":"index","follow":"follow","max-snippet":"max-snippet:-1","max-image-preview":"max-image-preview:large","max-video-preview":"max-video-preview:-1"},"canonical":"https:\/\/narteks.net\/index.php\/2010\/03\/19\/bale-tarihinde-bir-efsane-ve-akil-hastanesinde-son-bulan-bir-yasam-tanri-beni-ariyor-vaslav-nijinski\/","og_locale":"tr_TR","og_type":"article","og_title":"Bale tarihinde bir efsane ve ak\u0131l hastanesinde son bulan bir ya\u015fam | Tanr\u0131 beni ar\u0131yor - Vaslav Nijinski","og_description":"(1890-1950) Rus as\u0131ll\u0131 bale sanat\u00e7\u0131s\u0131 Vaslav Nijinski ba\u015far\u0131l\u0131 tekni\u011fi, duygulu yorumlar\u0131 ve b\u00fcy\u00fck s\u0131\u00e7ramalar\u0131yla bale tarihinde bir efsane yaratm\u0131\u015ft\u0131rRusya&#8217;da Kiev&#8217;de do\u011fan Nijinski, dokuz ya\u015f\u0131nda St Petersburg&#8217;daki (bug\u00fcn Lenin\u00adgrad) \u00c7arl\u0131k Bale Okulu&#8217;na girdi Daha \u00f6\u011f\u00adrenciyken \u00fcst\u00fcn yetene\u011fiyle \u00e7evresinde b\u00fcy\u00fck bir hayranl\u0131k uyand\u0131rd\u0131 Y\u00fckse\u011fe s\u0131\u00e7ramakta o kadar ba\u015far\u0131l\u0131yd\u0131 ki, yer\u00e7ekimine meydan okuyarak sonsuza kadar havada kalacakm\u0131\u015f izlenimini [&hellip;]","og_url":"https:\/\/narteks.net\/index.php\/2010\/03\/19\/bale-tarihinde-bir-efsane-ve-akil-hastanesinde-son-bulan-bir-yasam-tanri-beni-ariyor-vaslav-nijinski\/","og_site_name":"narteks.net","article_published_time":"2010-03-19T08:04:43+00:00","og_image":[{"url":"http:\/\/www.irishhealth.com\/content\/image\/3012\/Image3.jpg","type":"","width":"","height":""}],"author":"Tar\u0131k","twitter_card":"summary_large_image","twitter_creator":"@narteks","twitter_site":"@narteks","twitter_misc":{"Yazan:":"Tar\u0131k","Tahmini okuma s\u00fcresi":"20 dakika"},"schema":{"@context":"https:\/\/schema.org","@graph":[{"@type":"Article","@id":"https:\/\/narteks.net\/index.php\/2010\/03\/19\/bale-tarihinde-bir-efsane-ve-akil-hastanesinde-son-bulan-bir-yasam-tanri-beni-ariyor-vaslav-nijinski\/#article","isPartOf":{"@id":"https:\/\/narteks.net\/index.php\/2010\/03\/19\/bale-tarihinde-bir-efsane-ve-akil-hastanesinde-son-bulan-bir-yasam-tanri-beni-ariyor-vaslav-nijinski\/"},"author":{"name":"Tar\u0131k","@id":"https:\/\/narteks.net\/#\/schema\/person\/61f37d9834294b72d31d274e7ed79bca"},"headline":"Bale tarihinde bir efsane ve ak\u0131l hastanesinde son bulan bir ya\u015fam | Tanr\u0131 beni ar\u0131yor &#8211; Vaslav Nijinski","datePublished":"2010-03-19T08:04:43+00:00","mainEntityOfPage":{"@id":"https:\/\/narteks.net\/index.php\/2010\/03\/19\/bale-tarihinde-bir-efsane-ve-akil-hastanesinde-son-bulan-bir-yasam-tanri-beni-ariyor-vaslav-nijinski\/"},"wordCount":4086,"commentCount":0,"publisher":{"@id":"https:\/\/narteks.net\/#organization"},"image":{"@id":"https:\/\/narteks.net\/index.php\/2010\/03\/19\/bale-tarihinde-bir-efsane-ve-akil-hastanesinde-son-bulan-bir-yasam-tanri-beni-ariyor-vaslav-nijinski\/#primaryimage"},"thumbnailUrl":"http:\/\/www.irishhealth.com\/content\/image\/3012\/Image3.jpg","articleSection":["Bale \/ Dans"],"inLanguage":"tr","potentialAction":[{"@type":"CommentAction","name":"Comment","target":["https:\/\/narteks.net\/index.php\/2010\/03\/19\/bale-tarihinde-bir-efsane-ve-akil-hastanesinde-son-bulan-bir-yasam-tanri-beni-ariyor-vaslav-nijinski\/#respond"]}]},{"@type":"WebPage","@id":"https:\/\/narteks.net\/index.php\/2010\/03\/19\/bale-tarihinde-bir-efsane-ve-akil-hastanesinde-son-bulan-bir-yasam-tanri-beni-ariyor-vaslav-nijinski\/","url":"https:\/\/narteks.net\/index.php\/2010\/03\/19\/bale-tarihinde-bir-efsane-ve-akil-hastanesinde-son-bulan-bir-yasam-tanri-beni-ariyor-vaslav-nijinski\/","name":"Bale tarihinde bir efsane ve ak\u0131l hastanesinde son bulan bir ya\u015fam | Tanr\u0131 beni ar\u0131yor - Vaslav Nijinski - narteks.net","isPartOf":{"@id":"https:\/\/narteks.net\/#website"},"primaryImageOfPage":{"@id":"https:\/\/narteks.net\/index.php\/2010\/03\/19\/bale-tarihinde-bir-efsane-ve-akil-hastanesinde-son-bulan-bir-yasam-tanri-beni-ariyor-vaslav-nijinski\/#primaryimage"},"image":{"@id":"https:\/\/narteks.net\/index.php\/2010\/03\/19\/bale-tarihinde-bir-efsane-ve-akil-hastanesinde-son-bulan-bir-yasam-tanri-beni-ariyor-vaslav-nijinski\/#primaryimage"},"thumbnailUrl":"http:\/\/www.irishhealth.com\/content\/image\/3012\/Image3.jpg","datePublished":"2010-03-19T08:04:43+00:00","breadcrumb":{"@id":"https:\/\/narteks.net\/index.php\/2010\/03\/19\/bale-tarihinde-bir-efsane-ve-akil-hastanesinde-son-bulan-bir-yasam-tanri-beni-ariyor-vaslav-nijinski\/#breadcrumb"},"inLanguage":"tr","potentialAction":[{"@type":"ReadAction","target":["https:\/\/narteks.net\/index.php\/2010\/03\/19\/bale-tarihinde-bir-efsane-ve-akil-hastanesinde-son-bulan-bir-yasam-tanri-beni-ariyor-vaslav-nijinski\/"]}]},{"@type":"ImageObject","inLanguage":"tr","@id":"https:\/\/narteks.net\/index.php\/2010\/03\/19\/bale-tarihinde-bir-efsane-ve-akil-hastanesinde-son-bulan-bir-yasam-tanri-beni-ariyor-vaslav-nijinski\/#primaryimage","url":"http:\/\/www.irishhealth.com\/content\/image\/3012\/Image3.jpg","contentUrl":"http:\/\/www.irishhealth.com\/content\/image\/3012\/Image3.jpg"},{"@type":"BreadcrumbList","@id":"https:\/\/narteks.net\/index.php\/2010\/03\/19\/bale-tarihinde-bir-efsane-ve-akil-hastanesinde-son-bulan-bir-yasam-tanri-beni-ariyor-vaslav-nijinski\/#breadcrumb","itemListElement":[{"@type":"ListItem","position":1,"name":"Anasayfa","item":"https:\/\/narteks.net\/"},{"@type":"ListItem","position":2,"name":"Bale tarihinde bir efsane ve ak\u0131l hastanesinde son bulan bir ya\u015fam | Tanr\u0131 beni ar\u0131yor &#8211; Vaslav Nijinski"}]},{"@type":"WebSite","@id":"https:\/\/narteks.net\/#website","url":"https:\/\/narteks.net\/","name":"narteks.net","description":"K\u00fclt\u00fcr Sanat Edebiyat Felsefe","publisher":{"@id":"https:\/\/narteks.net\/#organization"},"alternateName":"K\u00fclt\u00fcr Sanat Edebiyat Felsefe","potentialAction":[{"@type":"SearchAction","target":{"@type":"EntryPoint","urlTemplate":"https:\/\/narteks.net\/?s={search_term_string}"},"query-input":{"@type":"PropertyValueSpecification","valueRequired":true,"valueName":"search_term_string"}}],"inLanguage":"tr"},{"@type":"Organization","@id":"https:\/\/narteks.net\/#organization","name":"narteks.net","url":"https:\/\/narteks.net\/","logo":{"@type":"ImageObject","inLanguage":"tr","@id":"https:\/\/narteks.net\/#\/schema\/logo\/image\/","url":"https:\/\/narteks.net\/wp-content\/uploads\/narteks.png","contentUrl":"https:\/\/narteks.net\/wp-content\/uploads\/narteks.png","width":300,"height":90,"caption":"narteks.net"},"image":{"@id":"https:\/\/narteks.net\/#\/schema\/logo\/image\/"},"sameAs":["https:\/\/x.com\/narteks","https:\/\/instagram.com\/narteksnet"]},{"@type":"Person","@id":"https:\/\/narteks.net\/#\/schema\/person\/61f37d9834294b72d31d274e7ed79bca","name":"Tar\u0131k","image":{"@type":"ImageObject","inLanguage":"tr","@id":"https:\/\/narteks.net\/#\/schema\/person\/image\/","url":"https:\/\/secure.gravatar.com\/avatar\/50865afb55632c4ae467e0af0930f6510aa2297d8014be502a55b14f3b7550cf?s=96&d=mm&r=g","contentUrl":"https:\/\/secure.gravatar.com\/avatar\/50865afb55632c4ae467e0af0930f6510aa2297d8014be502a55b14f3b7550cf?s=96&d=mm&r=g","caption":"Tar\u0131k"},"sameAs":["http:\/\/narteks.net"],"url":"https:\/\/narteks.net\/index.php\/author\/narbak\/"}]}},"_links":{"self":[{"href":"https:\/\/narteks.net\/index.php\/wp-json\/wp\/v2\/posts\/4387","targetHints":{"allow":["GET"]}}],"collection":[{"href":"https:\/\/narteks.net\/index.php\/wp-json\/wp\/v2\/posts"}],"about":[{"href":"https:\/\/narteks.net\/index.php\/wp-json\/wp\/v2\/types\/post"}],"author":[{"embeddable":true,"href":"https:\/\/narteks.net\/index.php\/wp-json\/wp\/v2\/users\/1"}],"replies":[{"embeddable":true,"href":"https:\/\/narteks.net\/index.php\/wp-json\/wp\/v2\/comments?post=4387"}],"version-history":[{"count":0,"href":"https:\/\/narteks.net\/index.php\/wp-json\/wp\/v2\/posts\/4387\/revisions"}],"wp:attachment":[{"href":"https:\/\/narteks.net\/index.php\/wp-json\/wp\/v2\/media?parent=4387"}],"wp:term":[{"taxonomy":"category","embeddable":true,"href":"https:\/\/narteks.net\/index.php\/wp-json\/wp\/v2\/categories?post=4387"},{"taxonomy":"post_tag","embeddable":true,"href":"https:\/\/narteks.net\/index.php\/wp-json\/wp\/v2\/tags?post=4387"}],"curies":[{"name":"wp","href":"https:\/\/api.w.org\/{rel}","templated":true}]}}