{"id":439,"date":"2009-03-13T22:56:01","date_gmt":"2009-03-13T19:56:01","guid":{"rendered":"http:\/\/localhost\/wordpress\/2009\/03\/13\/kiraz-aldim-dikmeden\/"},"modified":"2009-03-13T22:56:01","modified_gmt":"2009-03-13T19:56:01","slug":"kiraz-aldim-dikmeden","status":"publish","type":"post","link":"https:\/\/narteks.net\/index.php\/2009\/03\/13\/kiraz-aldim-dikmeden\/","title":{"rendered":"Kiraz Ald\u0131m Dikmeden"},"content":{"rendered":"<p style=\"text-align: justify;\"><span style=\"font-size: 14pt;\"><strong> Kiraz Ald\u0131m Dikmeden<\/strong><\/span><\/p>\n<p>Bolu&#8217;nun bir k\u00f6y\u00fcnde k\u00f6y\u00fcn zenginlerinden birinin Halime isminde g\u00fczel bir k\u0131z\u0131 vard\u0131r. G\u00fczelli\u011fi dillere destan bir k\u0131z. B\u00fct\u00fcn k\u00f6y delikanl\u0131lar\u0131 ona tutkundur. Gece g\u00fcnd\u00fcz onun hayaliyle ya\u015farlar. Ama o, Mehmet isimli yak\u0131\u015f\u0131kl\u0131 bir genci sevmektedir. \u0130ki gen\u00e7 vakit bulduk\u00e7a ta\u015f bas\u0131nda bulu\u015furlar,gelecekteki g\u00fcnlerini hayal ederler.<\/p>\n<p>Ta\u015fba\u015f\u0131 denilen yer, \u00fc\u00e7 ba\u015f\u0131 u\u00e7urum bir da\u011f ba\u015f\u0131. Onlar \u00f6yle her an hayal kuradursunlar bir g\u00fcn ac\u0131 bir haber gelir kulaklar\u0131na. Babas\u0131 Halime&#8217;yi \u015fehirde oturan zengin birine verecektir.<\/p>\n<p>Gen\u00e7&#8217;lerin ve onlar\u0131n sevdalar\u0131n\u0131 bilen k\u00f6y halk\u0131n\u0131n yalvarma ve yakarma ve yakarmalar\u0131 bo\u015fa gider. Babas\u0131 kararl\u0131d\u0131r. Gelin gidece\u011fi g\u00fcn Halime gelinli\u011fini giyece\u011fi yerde Mehmet&#8217;le bulu\u015fup yine Ta\u015fba\u015f\u0131na giderler. Ertesi g\u00fcn Ta\u015fba\u015f\u0131nda bu iki sevgilinin cesedi bulunur. Babas\u0131 pi\u015fman, k\u00f6y halk\u0131 \u00fczg\u00fcnd\u00fcr. Ama vakit \u00e7ok ge\u00e7tir art\u0131k.<\/p>\n<p>K\u0130RAZ ALDIM D\u0130KMEDEN <br \/>Y\u00f6re:Bolu\/Mengen<\/p>\n<p>Kiraz ald\u0131m dikmeden<br \/>Halime&#8217;m dallar\u0131n\u0131 b\u00fckmeden<br \/>Bir arma\u011fan ver bana<br \/>Halime&#8217;m ben gurbete gitmeden.<\/p>\n<p>Tombalac\u0131k Halimem Ta\u015fba\u015f\u0131na gel<br \/>Ben gidiyorum Bolu&#8217;ya d\u00fc\u015f pe\u015fime gel<\/p>\n<p>Ocak ba\u015f\u0131nda kald\u0131m<br \/>Halimem ince fikire dald\u0131m<br \/>Kap\u0131lar a\u00e7\u0131l\u0131rken,<br \/>Halime&#8217;m seni geliyor sand\u0131m.<\/p>\n<p>Tombalac\u0131k Halimem Ta\u015fba\u015f\u0131na gel<br \/>Ben gidiyorum Bolu&#8217;ya d\u00fc\u015f pe\u015fime gel<\/p>\n<p>Kaynak:<br \/>Mehmet \u00d6ZBEK<br \/>Folklor ve T\u00fcrk\u00fclerimiz<br \/>\u00d6t\u00fcken Ne\u015friyat\u00a0 \u0130stanbul 1994<\/p>\n","protected":false},"excerpt":{"rendered":"<p>Kiraz Ald\u0131m Dikmeden Bolu&#8217;nun bir k\u00f6y\u00fcnde k\u00f6y\u00fcn zenginlerinden birinin Halime isminde g\u00fczel bir k\u0131z\u0131 vard\u0131r. G\u00fczelli\u011fi dillere destan bir k\u0131z. B\u00fct\u00fcn k\u00f6y delikanl\u0131lar\u0131 ona tutkundur. Gece g\u00fcnd\u00fcz onun hayaliyle ya\u015farlar. Ama o, Mehmet isimli yak\u0131\u015f\u0131kl\u0131 bir genci sevmektedir. \u0130ki gen\u00e7 vakit bulduk\u00e7a ta\u015f bas\u0131nda bulu\u015furlar,gelecekteki g\u00fcnlerini hayal ederler. Ta\u015fba\u015f\u0131 denilen yer, \u00fc\u00e7 ba\u015f\u0131 u\u00e7urum bir [&hellip;]<\/p>\n","protected":false},"author":1,"featured_media":0,"comment_status":"open","ping_status":"open","sticky":false,"template":"","format":"standard","meta":{"footnotes":""},"categories":[55],"tags":[],"class_list":{"0":"post-439","1":"post","2":"type-post","3":"status-publish","4":"format-standard","6":"category-oykuleriyle-turkuler"},"yoast_head":"<!-- This site is optimized with the Yoast SEO Premium plugin v24.9 (Yoast SEO v24.9) - https:\/\/yoast.com\/wordpress\/plugins\/seo\/ -->\n<title>Kiraz Ald\u0131m Dikmeden - narteks.net<\/title>\n<meta name=\"robots\" content=\"index, follow, max-snippet:-1, max-image-preview:large, max-video-preview:-1\" \/>\n<link rel=\"canonical\" href=\"https:\/\/narteks.net\/index.php\/2009\/03\/13\/kiraz-aldim-dikmeden\/\" \/>\n<meta property=\"og:locale\" content=\"tr_TR\" \/>\n<meta property=\"og:type\" content=\"article\" \/>\n<meta property=\"og:title\" content=\"Kiraz Ald\u0131m Dikmeden\" \/>\n<meta property=\"og:description\" content=\"Kiraz Ald\u0131m Dikmeden Bolu&#8217;nun bir k\u00f6y\u00fcnde k\u00f6y\u00fcn zenginlerinden birinin Halime isminde g\u00fczel bir k\u0131z\u0131 vard\u0131r. G\u00fczelli\u011fi dillere destan bir k\u0131z. B\u00fct\u00fcn k\u00f6y delikanl\u0131lar\u0131 ona tutkundur. Gece g\u00fcnd\u00fcz onun hayaliyle ya\u015farlar. Ama o, Mehmet isimli yak\u0131\u015f\u0131kl\u0131 bir genci sevmektedir. \u0130ki gen\u00e7 vakit bulduk\u00e7a ta\u015f bas\u0131nda bulu\u015furlar,gelecekteki g\u00fcnlerini hayal ederler. Ta\u015fba\u015f\u0131 denilen yer, \u00fc\u00e7 ba\u015f\u0131 u\u00e7urum bir [&hellip;]\" \/>\n<meta property=\"og:url\" content=\"https:\/\/narteks.net\/index.php\/2009\/03\/13\/kiraz-aldim-dikmeden\/\" \/>\n<meta property=\"og:site_name\" content=\"narteks.net\" \/>\n<meta property=\"article:published_time\" content=\"2009-03-13T19:56:01+00:00\" \/>\n<meta property=\"og:image\" content=\"https:\/\/narteks.net\/wp-content\/uploads\/narteks.png\" \/>\n\t<meta property=\"og:image:width\" content=\"300\" \/>\n\t<meta property=\"og:image:height\" content=\"90\" \/>\n\t<meta property=\"og:image:type\" content=\"image\/png\" \/>\n<meta name=\"author\" content=\"Tar\u0131k\" \/>\n<meta name=\"twitter:card\" content=\"summary_large_image\" \/>\n<meta name=\"twitter:creator\" content=\"@narteks\" \/>\n<meta name=\"twitter:site\" content=\"@narteks\" \/>\n<meta name=\"twitter:label1\" content=\"Yazan:\" \/>\n\t<meta name=\"twitter:data1\" content=\"Tar\u0131k\" \/>\n\t<meta name=\"twitter:label2\" content=\"Tahmini okuma s\u00fcresi\" \/>\n\t<meta name=\"twitter:data2\" content=\"1 dakika\" \/>\n<script type=\"application\/ld+json\" class=\"yoast-schema-graph\">{\"@context\":\"https:\/\/schema.org\",\"@graph\":[{\"@type\":\"Article\",\"@id\":\"https:\/\/narteks.net\/index.php\/2009\/03\/13\/kiraz-aldim-dikmeden\/#article\",\"isPartOf\":{\"@id\":\"https:\/\/narteks.net\/index.php\/2009\/03\/13\/kiraz-aldim-dikmeden\/\"},\"author\":{\"name\":\"Tar\u0131k\",\"@id\":\"https:\/\/narteks.net\/#\/schema\/person\/61f37d9834294b72d31d274e7ed79bca\"},\"headline\":\"Kiraz Ald\u0131m Dikmeden\",\"datePublished\":\"2009-03-13T19:56:01+00:00\",\"mainEntityOfPage\":{\"@id\":\"https:\/\/narteks.net\/index.php\/2009\/03\/13\/kiraz-aldim-dikmeden\/\"},\"wordCount\":259,\"commentCount\":0,\"publisher\":{\"@id\":\"https:\/\/narteks.net\/#organization\"},\"articleSection\":[\"\u00d6yk\u00fcleriyle T\u00fcrk\u00fcler\"],\"inLanguage\":\"tr\",\"potentialAction\":[{\"@type\":\"CommentAction\",\"name\":\"Comment\",\"target\":[\"https:\/\/narteks.net\/index.php\/2009\/03\/13\/kiraz-aldim-dikmeden\/#respond\"]}]},{\"@type\":\"WebPage\",\"@id\":\"https:\/\/narteks.net\/index.php\/2009\/03\/13\/kiraz-aldim-dikmeden\/\",\"url\":\"https:\/\/narteks.net\/index.php\/2009\/03\/13\/kiraz-aldim-dikmeden\/\",\"name\":\"Kiraz Ald\u0131m Dikmeden - narteks.net\",\"isPartOf\":{\"@id\":\"https:\/\/narteks.net\/#website\"},\"datePublished\":\"2009-03-13T19:56:01+00:00\",\"breadcrumb\":{\"@id\":\"https:\/\/narteks.net\/index.php\/2009\/03\/13\/kiraz-aldim-dikmeden\/#breadcrumb\"},\"inLanguage\":\"tr\",\"potentialAction\":[{\"@type\":\"ReadAction\",\"target\":[\"https:\/\/narteks.net\/index.php\/2009\/03\/13\/kiraz-aldim-dikmeden\/\"]}]},{\"@type\":\"BreadcrumbList\",\"@id\":\"https:\/\/narteks.net\/index.php\/2009\/03\/13\/kiraz-aldim-dikmeden\/#breadcrumb\",\"itemListElement\":[{\"@type\":\"ListItem\",\"position\":1,\"name\":\"Anasayfa\",\"item\":\"https:\/\/narteks.net\/\"},{\"@type\":\"ListItem\",\"position\":2,\"name\":\"Kiraz Ald\u0131m Dikmeden\"}]},{\"@type\":\"WebSite\",\"@id\":\"https:\/\/narteks.net\/#website\",\"url\":\"https:\/\/narteks.net\/\",\"name\":\"narteks.net\",\"description\":\"K\u00fclt\u00fcr Sanat Edebiyat Felsefe\",\"publisher\":{\"@id\":\"https:\/\/narteks.net\/#organization\"},\"alternateName\":\"K\u00fclt\u00fcr Sanat Edebiyat Felsefe\",\"potentialAction\":[{\"@type\":\"SearchAction\",\"target\":{\"@type\":\"EntryPoint\",\"urlTemplate\":\"https:\/\/narteks.net\/?s={search_term_string}\"},\"query-input\":{\"@type\":\"PropertyValueSpecification\",\"valueRequired\":true,\"valueName\":\"search_term_string\"}}],\"inLanguage\":\"tr\"},{\"@type\":\"Organization\",\"@id\":\"https:\/\/narteks.net\/#organization\",\"name\":\"narteks.net\",\"url\":\"https:\/\/narteks.net\/\",\"logo\":{\"@type\":\"ImageObject\",\"inLanguage\":\"tr\",\"@id\":\"https:\/\/narteks.net\/#\/schema\/logo\/image\/\",\"url\":\"https:\/\/narteks.net\/wp-content\/uploads\/narteks.png\",\"contentUrl\":\"https:\/\/narteks.net\/wp-content\/uploads\/narteks.png\",\"width\":300,\"height\":90,\"caption\":\"narteks.net\"},\"image\":{\"@id\":\"https:\/\/narteks.net\/#\/schema\/logo\/image\/\"},\"sameAs\":[\"https:\/\/x.com\/narteks\",\"https:\/\/instagram.com\/narteksnet\"]},{\"@type\":\"Person\",\"@id\":\"https:\/\/narteks.net\/#\/schema\/person\/61f37d9834294b72d31d274e7ed79bca\",\"name\":\"Tar\u0131k\",\"image\":{\"@type\":\"ImageObject\",\"inLanguage\":\"tr\",\"@id\":\"https:\/\/narteks.net\/#\/schema\/person\/image\/\",\"url\":\"https:\/\/secure.gravatar.com\/avatar\/50865afb55632c4ae467e0af0930f6510aa2297d8014be502a55b14f3b7550cf?s=96&d=mm&r=g\",\"contentUrl\":\"https:\/\/secure.gravatar.com\/avatar\/50865afb55632c4ae467e0af0930f6510aa2297d8014be502a55b14f3b7550cf?s=96&d=mm&r=g\",\"caption\":\"Tar\u0131k\"},\"sameAs\":[\"http:\/\/narteks.net\"],\"url\":\"https:\/\/narteks.net\/index.php\/author\/narbak\/\"}]}<\/script>\n<!-- \/ Yoast SEO Premium plugin. -->","yoast_head_json":{"title":"Kiraz Ald\u0131m Dikmeden - narteks.net","robots":{"index":"index","follow":"follow","max-snippet":"max-snippet:-1","max-image-preview":"max-image-preview:large","max-video-preview":"max-video-preview:-1"},"canonical":"https:\/\/narteks.net\/index.php\/2009\/03\/13\/kiraz-aldim-dikmeden\/","og_locale":"tr_TR","og_type":"article","og_title":"Kiraz Ald\u0131m Dikmeden","og_description":"Kiraz Ald\u0131m Dikmeden Bolu&#8217;nun bir k\u00f6y\u00fcnde k\u00f6y\u00fcn zenginlerinden birinin Halime isminde g\u00fczel bir k\u0131z\u0131 vard\u0131r. G\u00fczelli\u011fi dillere destan bir k\u0131z. B\u00fct\u00fcn k\u00f6y delikanl\u0131lar\u0131 ona tutkundur. Gece g\u00fcnd\u00fcz onun hayaliyle ya\u015farlar. Ama o, Mehmet isimli yak\u0131\u015f\u0131kl\u0131 bir genci sevmektedir. \u0130ki gen\u00e7 vakit bulduk\u00e7a ta\u015f bas\u0131nda bulu\u015furlar,gelecekteki g\u00fcnlerini hayal ederler. Ta\u015fba\u015f\u0131 denilen yer, \u00fc\u00e7 ba\u015f\u0131 u\u00e7urum bir [&hellip;]","og_url":"https:\/\/narteks.net\/index.php\/2009\/03\/13\/kiraz-aldim-dikmeden\/","og_site_name":"narteks.net","article_published_time":"2009-03-13T19:56:01+00:00","og_image":[{"width":300,"height":90,"url":"https:\/\/narteks.net\/wp-content\/uploads\/narteks.png","type":"image\/png"}],"author":"Tar\u0131k","twitter_card":"summary_large_image","twitter_creator":"@narteks","twitter_site":"@narteks","twitter_misc":{"Yazan:":"Tar\u0131k","Tahmini okuma s\u00fcresi":"1 dakika"},"schema":{"@context":"https:\/\/schema.org","@graph":[{"@type":"Article","@id":"https:\/\/narteks.net\/index.php\/2009\/03\/13\/kiraz-aldim-dikmeden\/#article","isPartOf":{"@id":"https:\/\/narteks.net\/index.php\/2009\/03\/13\/kiraz-aldim-dikmeden\/"},"author":{"name":"Tar\u0131k","@id":"https:\/\/narteks.net\/#\/schema\/person\/61f37d9834294b72d31d274e7ed79bca"},"headline":"Kiraz Ald\u0131m Dikmeden","datePublished":"2009-03-13T19:56:01+00:00","mainEntityOfPage":{"@id":"https:\/\/narteks.net\/index.php\/2009\/03\/13\/kiraz-aldim-dikmeden\/"},"wordCount":259,"commentCount":0,"publisher":{"@id":"https:\/\/narteks.net\/#organization"},"articleSection":["\u00d6yk\u00fcleriyle T\u00fcrk\u00fcler"],"inLanguage":"tr","potentialAction":[{"@type":"CommentAction","name":"Comment","target":["https:\/\/narteks.net\/index.php\/2009\/03\/13\/kiraz-aldim-dikmeden\/#respond"]}]},{"@type":"WebPage","@id":"https:\/\/narteks.net\/index.php\/2009\/03\/13\/kiraz-aldim-dikmeden\/","url":"https:\/\/narteks.net\/index.php\/2009\/03\/13\/kiraz-aldim-dikmeden\/","name":"Kiraz Ald\u0131m Dikmeden - narteks.net","isPartOf":{"@id":"https:\/\/narteks.net\/#website"},"datePublished":"2009-03-13T19:56:01+00:00","breadcrumb":{"@id":"https:\/\/narteks.net\/index.php\/2009\/03\/13\/kiraz-aldim-dikmeden\/#breadcrumb"},"inLanguage":"tr","potentialAction":[{"@type":"ReadAction","target":["https:\/\/narteks.net\/index.php\/2009\/03\/13\/kiraz-aldim-dikmeden\/"]}]},{"@type":"BreadcrumbList","@id":"https:\/\/narteks.net\/index.php\/2009\/03\/13\/kiraz-aldim-dikmeden\/#breadcrumb","itemListElement":[{"@type":"ListItem","position":1,"name":"Anasayfa","item":"https:\/\/narteks.net\/"},{"@type":"ListItem","position":2,"name":"Kiraz Ald\u0131m Dikmeden"}]},{"@type":"WebSite","@id":"https:\/\/narteks.net\/#website","url":"https:\/\/narteks.net\/","name":"narteks.net","description":"K\u00fclt\u00fcr Sanat Edebiyat Felsefe","publisher":{"@id":"https:\/\/narteks.net\/#organization"},"alternateName":"K\u00fclt\u00fcr Sanat Edebiyat Felsefe","potentialAction":[{"@type":"SearchAction","target":{"@type":"EntryPoint","urlTemplate":"https:\/\/narteks.net\/?s={search_term_string}"},"query-input":{"@type":"PropertyValueSpecification","valueRequired":true,"valueName":"search_term_string"}}],"inLanguage":"tr"},{"@type":"Organization","@id":"https:\/\/narteks.net\/#organization","name":"narteks.net","url":"https:\/\/narteks.net\/","logo":{"@type":"ImageObject","inLanguage":"tr","@id":"https:\/\/narteks.net\/#\/schema\/logo\/image\/","url":"https:\/\/narteks.net\/wp-content\/uploads\/narteks.png","contentUrl":"https:\/\/narteks.net\/wp-content\/uploads\/narteks.png","width":300,"height":90,"caption":"narteks.net"},"image":{"@id":"https:\/\/narteks.net\/#\/schema\/logo\/image\/"},"sameAs":["https:\/\/x.com\/narteks","https:\/\/instagram.com\/narteksnet"]},{"@type":"Person","@id":"https:\/\/narteks.net\/#\/schema\/person\/61f37d9834294b72d31d274e7ed79bca","name":"Tar\u0131k","image":{"@type":"ImageObject","inLanguage":"tr","@id":"https:\/\/narteks.net\/#\/schema\/person\/image\/","url":"https:\/\/secure.gravatar.com\/avatar\/50865afb55632c4ae467e0af0930f6510aa2297d8014be502a55b14f3b7550cf?s=96&d=mm&r=g","contentUrl":"https:\/\/secure.gravatar.com\/avatar\/50865afb55632c4ae467e0af0930f6510aa2297d8014be502a55b14f3b7550cf?s=96&d=mm&r=g","caption":"Tar\u0131k"},"sameAs":["http:\/\/narteks.net"],"url":"https:\/\/narteks.net\/index.php\/author\/narbak\/"}]}},"_links":{"self":[{"href":"https:\/\/narteks.net\/index.php\/wp-json\/wp\/v2\/posts\/439","targetHints":{"allow":["GET"]}}],"collection":[{"href":"https:\/\/narteks.net\/index.php\/wp-json\/wp\/v2\/posts"}],"about":[{"href":"https:\/\/narteks.net\/index.php\/wp-json\/wp\/v2\/types\/post"}],"author":[{"embeddable":true,"href":"https:\/\/narteks.net\/index.php\/wp-json\/wp\/v2\/users\/1"}],"replies":[{"embeddable":true,"href":"https:\/\/narteks.net\/index.php\/wp-json\/wp\/v2\/comments?post=439"}],"version-history":[{"count":0,"href":"https:\/\/narteks.net\/index.php\/wp-json\/wp\/v2\/posts\/439\/revisions"}],"wp:attachment":[{"href":"https:\/\/narteks.net\/index.php\/wp-json\/wp\/v2\/media?parent=439"}],"wp:term":[{"taxonomy":"category","embeddable":true,"href":"https:\/\/narteks.net\/index.php\/wp-json\/wp\/v2\/categories?post=439"},{"taxonomy":"post_tag","embeddable":true,"href":"https:\/\/narteks.net\/index.php\/wp-json\/wp\/v2\/tags?post=439"}],"curies":[{"name":"wp","href":"https:\/\/api.w.org\/{rel}","templated":true}]}}