{"id":4395,"date":"2010-03-22T10:21:48","date_gmt":"2010-03-22T07:21:48","guid":{"rendered":"http:\/\/localhost\/wordpress\/2010\/03\/22\/tarihe-gectikten-sonra-dogan-sair-octavio-paz\/"},"modified":"2010-03-22T10:21:48","modified_gmt":"2010-03-22T07:21:48","slug":"tarihe-gectikten-sonra-dogan-sair-octavio-paz","status":"publish","type":"post","link":"https:\/\/narteks.net\/index.php\/2010\/03\/22\/tarihe-gectikten-sonra-dogan-sair-octavio-paz\/","title":{"rendered":"Tarihe ge\u00e7tikten sonra do\u011fan \u015fair | Octavio PAZ"},"content":{"rendered":"<p><span id=\"__end\"><span style=\"font-size: small;\"> <\/span><\/span><\/p>\n<p><strong><img loading=\"lazy\" decoding=\"async\" src=\"http:\/\/bertachulvi.files.wordpress.com\/2008\/09\/octavio-paz.jpg\" border=\"0\" width=\"155\" height=\"205\" style=\"float: left;\" \/><\/strong><\/p>\n<p style=\"text-align: justify;\"><strong>\u00c7eki\u00e7<\/strong><br \/>yukar\u0131larda bir yerlerde  vuruyor \u00e7eki\u00e7ler.. <br \/>tozla\u015f\u0131yor sesleri <br \/>ikindinin tepelerinden <br \/>d\u00fcmd\u00fcz  iniyor yap\u0131 i\u015f\u00e7ileri <br \/>mavi ve ho\u015f bir ak\u015fam\u0131n i\u00e7indeyiz <br \/>burda  ba\u015fl\u0131yor aylakl\u0131k g\u00fcnleri <br \/>tutu\u015fuyor aniden solgun su birikintisi <br \/>yak\u0131yor  sinekku\u015funun g\u00f6lgesi <br \/>ilk evlere var\u0131r varmaz <br \/>paslan\u0131yor yaz <br \/>birileri  kap\u0131lar\u0131 kapat\u0131yor, <br \/>birileri g\u00f6lgesiyle konu\u015fuyor&#8230; <br \/>Ortal\u0131k  karard\u0131..caddede kimsecikler yok \u015fimdi&#8230; <br \/>ne de \u015fu k\u00f6pe\u011fin <br \/>yaln\u0131zl\u0131\u011f\u0131yla  korkak y\u00fcr\u00fcy\u00fc\u015f\u00fc <br \/>korkutacak birisi kapasa g\u00f6zlerini&#8230;.<\/p>\n<p style=\"text-align: justify;\">\u0130spanyol k\u00f6kenli bir anne ile Emiliano Zapata yanl\u0131s\u0131 yerli k\u00f6kenli  Meksikal\u0131 bir avukat\u0131n (Sol\u00f3rzano ve Josefina Lozano) o\u011flu olarak \u015fu  anda Meksiko \u015eehri&#8217;nin bir par\u00e7as\u0131 olan Mixcoac kasabas\u0131nda do\u011fdu.  Ailesi, Meksika \u0130\u00e7 Sava\u015f\u0131 s\u0131ras\u0131nda ekonomik s\u0131k\u0131nt\u0131ya d\u00fc\u015ft\u00fc\u011f\u00fc i\u00e7in zor  ko\u015fullarda b\u00fcy\u00fcd\u00fc. \u201cTanr\u0131tan\u0131maz oldu\u011fu\u201d karar\u0131na vard\u0131\u011f\u0131 bir Katolik  okulunda e\u011fitim g\u00f6rd\u00fc.<\/p>\n<p>1945 y\u0131l\u0131nda diplomatik g\u00f6revlerine  ba\u015flayan Paz 1962 y\u0131l\u0131na kadar Fransa&#8217;da kald\u0131. Burada \u00fcnl\u00fc \u015fair Pablo  Neruda ile beraber \u00e7al\u0131\u015ft\u0131. <\/p>\n<p>Octavio Paz, 1962 y\u0131l\u0131nda  Meksika&#8217;n\u0131n Hindistan b\u00fcy\u00fckel\u00e7isi olarak bu \u00fclkeye gitti. Ancak 1968\u2019de,  Meksika polisinin ve askerlerinin Tlatelolco Katliam\u0131\u2019nda, 300  protestocu \u00f6\u011frenciyi \u00f6ld\u00fcrmesi \u00fczerine, h\u00fck\u00fcmeti protesto ederek t\u00fcm  resm\u00ee g\u00f6revlerinden istifa etti.<\/p>\n<p style=\"text-align: justify;\">1970-74 y\u0131llar\u0131nda Harvard  \u00dcniversitesi\u2019nde ders verdi. Yaz\u0131lar\u0131nda ve derslerinde, sosyalist  \u00fclkelerdeki insan haklar\u0131na ayk\u0131r\u0131 g\u00f6rd\u00fc\u011f\u00fc uygulamalar\u0131 ele\u015ftirdi. Bu  y\u00fczden pek \u00e7ok Latin Amerikal\u0131 solcu ve \u00f6rg\u00fct taraf\u0131ndan ele\u015ftirildiyse  de ya\u015fam\u0131 boyunca kendini inan\u00e7l\u0131 bir sosyalist olarak tan\u0131mlamay\u0131  s\u00fcrd\u00fcrd\u00fc.<\/p>\n<p>YALNIZLIK DOLAMBACI\u2019YLA \u00dcNLENM\u0130\u015eT\u0130<\/p>\n<p>Octavio Paz,  \u201cYaln\u0131zl\u0131k Dolambac\u0131\u201d (El Labirentino de la Soledad) adl\u0131 Meksika  k\u00fclt\u00fcr\u00fcn\u00fc ele alan denemeleriyle \u00fcnlenmi\u015fti. 1999\u2019da Can Yay\u0131nlar\u0131  taraf\u0131ndan yay\u0131nlanan 238 sayfal\u0131k kitab\u0131n arka kapa\u011f\u0131nda yazar, bu  yap\u0131t\u0131 i\u00e7in \u015funlar\u0131 s\u00f6ylemi\u015fti:<\/p>\n<p>\u201cYaln\u0131zl\u0131k Dolambac\u0131, ele\u015ftirel  hayal g\u00fcc\u00fcn\u00fcn bir \u00fcr\u00fcn\u00fcd\u00fcr. Meksika&#8217;ya bir bak\u0131\u015f olmak yan\u0131nda  Meksika&#8217;y\u0131 yeniden ele almaktad\u0131r da. Tarihin kenar mahalle sakinleri  olan biz Latin Amerikal\u0131lar, Bat\u0131&#8217;n\u0131n, arka kap\u0131dan i\u00e7eri s\u00fcz\u00fclm\u00fc\u015f,  modernlik g\u00f6sterisine \u0131\u015f\u0131klar\u0131n s\u00f6nece\u011fi anda kat\u0131lm\u0131\u015f davetsiz  konuklar\u0131y\u0131z. Her \u015feyde ge\u00e7 kalan bizler, Tarih&#8217;e ge\u00e7tikten sonra  do\u011fuyoruz; ge\u00e7mi\u015fimiz yok; olsayd\u0131 bile ondan geriye kalanlar\u0131n \u00fczerine  t\u00fck\u00fcr\u00fcrd\u00fck. Halklar\u0131m\u0131z, bir y\u00fczy\u0131l boyunca uyudular, onlar uyurken  birileri onlar\u0131 soyup so\u011fana \u00e7evirdi; art\u0131k pa\u00e7avralar i\u00e7indeler. Yine  de, bir y\u00fczy\u0131ldan beri, \u00e7ok d\u00fc\u015fmanca g\u00f6r\u00fcnen topraklar\u0131m\u0131zda, ba\u015fka  k\u0131talar\u0131nki kadar b\u00fcy\u00fck \u015fairler, yazarlar, ressamlar boy g\u00f6sterdi.  Sonunda bir g\u00fcn bir Ba\u015fkas\u0131&#8217;n\u0131n egemenli\u011fi alt\u0131nda olmayan, bizi ne  Do\u011fu&#8217;nun so\u011fuk polis cennetlerinde, ne de Bat\u0131&#8217;n\u0131n \u015fenli\u011fini b\u00f6len  tiksinti ve nefret patlamalar\u0131na g\u00f6t\u00fcren bir toplumu zihnimizde  geli\u015ftirmeyi ba\u015farabilecek miyiz?\u201d<\/p>\n<p>Meksikal\u0131 yazar, edebiyat  d\u00fcnyas\u0131na kazand\u0131rd\u0131\u011f\u0131 \u00e7ok say\u0131da \u015fiir ve makalesi de bulunmaktad\u0131r. 19  ya\u015f\u0131ndayken \u201cLuna Silvestre\u201d (Ormandaki Ay) adl\u0131 \u015fiir kitab\u0131yla \u015fairlik  ser\u00fcvenine ba\u015flayan Octavio Paz, La Rama (1937), Puerta condenada  (1938-1946), Piedra de sol (1957), Libertad bajo palabra (1958),  Salamandra (1962), Ladera Este (1969), Le singe grammairien (1972),  Vuelta (1976) ve \u00c1rbol Adentro (1987) adl\u0131 \u015fiir kitaplar\u0131n\u0131 kaleme ald\u0131.<\/p>\n<p>Octavio  Paz\u2019\u0131n T\u00fcrk\u00e7e\u2019ye \u00e7evrilen ba\u015fl\u0131ca eserleri de bulunmaktad\u0131r: <\/p>\n<p>Yaln\u0131zl\u0131k  Dolambac\u0131 (Deneme, Can Yay\u0131nlar\u0131), \u00d6teki Ses (Deneme), D\u00f6rt ya da Be\u015f  D\u00fcnya Bir Yery\u00fcz\u00fc (Deneme), D\u00fc\u015fler Boyunca Yaratmak (Deneme), \u00c7ifte Alev  (Okuyanus Yay\u0131nlar\u0131), \u00c7amurdan Do\u011fanlar (Can Yay\u0131nlar\u0131), Kartal m\u0131  G\u00fcne\u015f mi? (Kelepir Kitaplar), G\u00fcne\u015f Tac\u0131 (\u015eiir), Yay ve Lir (\u015eiir), Uzak  kom\u015fu (\u015eiir), Se\u00e7me \u015eiirler (\u015eiir), Renga-Bir \u015eiir Zinciri (\u015eiir, Adam  Yay\u0131nlar\u0131).<\/p>\n<p>\u0130NSANO\u011eLUNU SORGULAYAN B\u0130R DESTAN: \u00d6L\u00dcM \u00c7\u0130\u00c7EKLER\u0130 <\/p>\n<p>\u015eair  Octavio Paz ayr\u0131ca do\u011furgan yaz\u0131n ya\u015fam\u0131nda tek bir tiyatro oyunu olan  \u201c\u00d6l\u00fcm \u00c7i\u00e7ekleri\u201dni (Oyun, Okyanus Kitabevi) de kaleme ald\u0131.  \u201c\u0130nsano\u011flunun sonsuz ikilemleri olan \u00f6l\u00fcm-ya\u015fam, bencillik-\u00f6zgecilik,  ge\u00e7icilik-kal\u0131c\u0131l\u0131k kar\u015f\u0131tl\u0131klar\u0131n\u0131 sorgulayan bir halk anlat\u0131s\u0131n\u0131n esin  verdi\u011fi bu destans\u0131 oyun, daha \u00e7ok okumak i\u00e7in yaz\u0131lm\u0131\u015f. Ger\u00e7ek\u00fcst\u00fcc\u00fc  \u00f6zg\u00fcn \u015fiirsel yap\u0131s\u0131yla Paz&#8217;\u0131n ki\u015fisel karakterine uyuyor. D\u00fc\u015fsel, epik,  dramatik tekni\u011fiyle Klasik Tragedyalar\u0131n tad\u0131n\u0131 veriyor dama\u011f\u0131m\u0131za.\u201d<\/p>\n<p>1990  y\u0131l\u0131nda Nobel Edebiyat \u00d6d\u00fcl\u00fc&#8217;n\u00fc alan Paz, ayr\u0131ca Alman Kitap  Yay\u0131mc\u0131lar\u0131 Bar\u0131\u015f \u00d6d\u00fcl\u00fc, Cervantes \u00d6d\u00fcl\u00fc, Ulusal Edebiyat \u00d6d\u00fcl\u00fc  (Meksika), Premio Mondello (Palermo, \u0130talya) ve Alfonso Reyes \u00d6d\u00fcl\u00fc\u2019ne  sahip. <\/p>\n<p>Meksikal\u0131 yazar, \u015fair ve diplomat Octavio Paz, \u0130kinci  D\u00fcnya Sava\u015f\u0131 sonras\u0131nda Amerika k\u0131talar\u0131nda yeti\u015fmi\u015f en \u00f6nemli  edebiyat\u00e7\u0131lardan kabul edilir. Geni\u015f bir felsefi ve edebi k\u00fclt\u00fcrel  birikim i\u00e7inde, devrim sonras\u0131 Meksika&#8217;s\u0131ndaki kapitalist geli\u015fmeler  kar\u015f\u0131s\u0131nda s\u00fcrekli olarak ya\u015fam\u0131n anlam\u0131 sorusunu sorgulayan Paz, 19  Nisan 1998\u2019de, yani bug\u00fcn, bundan 11 y\u0131l \u00f6nce kanserden ya\u015fam\u0131n\u0131  yitirdi.<\/p>\n<p>\u00a0<\/p>\n<p style=\"text-align: justify;\"><strong>Dokunu\u015f<\/strong><\/p>\n<p style=\"text-align: justify;\">ellerim <br \/>varl\u0131\u011f\u0131n\u0131n perdelerini a\u00e7ar <br \/>seni daha derin bir  \u00e7\u0131plakl\u0131kla giydirir <br \/>g\u00f6vdenin g\u00f6vdelerini ortaya \u00e7\u0131kar\u0131r <br \/>ellerim  <br \/>g\u00f6vden i\u00e7in ba\u015fkabir g\u00f6vde yarat\u0131r<\/p>\n<p style=\"text-align: justify;\"><strong>Unutu\u015f<\/strong><\/p>\n<p style=\"text-align: justify;\">yum g\u00f6zlerini, yitir kendini karanl\u0131kta <br \/>g\u00f6z kapaklar\u0131n\u0131n k\u0131rm\u0131z\u0131  yapraklar\u0131 alt\u0131nda. <\/p>\n<p>g\u00f6m\u00fcl v\u0131z\u0131ldayan sesin <br \/>d\u00fc\u015fen sesin  halklar\u0131na <br \/>ve uzaklarda yank\u0131lanan <br \/>dilsiz bir \u00e7a\u011flayan gibi, <br \/>davullar\u0131n  \u00e7al\u0131nd\u0131\u011f\u0131 yerde. <\/p>\n<p>b\u0131rak kendini karanl\u0131\u011fa, <br \/>kendi etine  g\u00f6m\u00fcl, <br \/>kendi y\u00fcre\u011fine; <br \/>kemik, o mor \u015fim\u015fek, <br \/>kama\u015ft\u0131rs\u0131n  g\u00f6zlerini, k\u00f6r etsin, <br \/>mavi g\u00f6\u011fs\u00fcn\u00fc g\u00f6stersin ak\u015fam \u0131\u015f\u0131\u011f\u0131 <br \/>k\u00f6rfezler  ve g\u00f6lgeli koyaklar aras\u0131nda. <\/p>\n<p>o s\u0131v\u0131 karanl\u0131\u011f\u0131nda uykunun <br \/>\u0131slat  \u00e7\u0131plakl\u0131\u011f\u0131n\u0131; <br \/>k\u0131y\u0131ya kimbilir kimin b\u0131rakt\u0131\u011f\u0131 g\u00f6vdeni, <br \/>o k\u00f6pek  danteli unut. <br \/>sonsuz kad\u0131n, yitir kendini <br \/>kendi benli\u011finin  sonsuzlu\u011funda, <br \/>bir ba\u015fka denizde bulu\u015fan bir deniz gibi <br \/>unut  kendini, beni unut. <\/p>\n<p>dudaklar, \u00f6p\u00fc\u015fler, a\u015fk, her \u015fey <br \/>yeniden  do\u011far <br \/>o \u00f6l\u00fcms\u00fcz, o yal\u0131n unutu\u015fta: <br \/>gecenin k\u0131zlar\u0131d\u0131r y\u0131ld\u0131zlar<\/p>\n<p style=\"text-align: justify;\">\u00a0<\/p>\n<p style=\"text-align: justify;\"><strong>Octavio PAZ \u015fiirlerini sitemizde bulabilirsiniz&#8230;<\/strong><\/p>\n","protected":false},"excerpt":{"rendered":"<p>\u00c7eki\u00e7yukar\u0131larda bir yerlerde vuruyor \u00e7eki\u00e7ler.. tozla\u015f\u0131yor sesleri ikindinin tepelerinden d\u00fcmd\u00fcz iniyor yap\u0131 i\u015f\u00e7ileri mavi ve ho\u015f bir ak\u015fam\u0131n i\u00e7indeyiz burda ba\u015fl\u0131yor aylakl\u0131k g\u00fcnleri tutu\u015fuyor aniden solgun su birikintisi yak\u0131yor sinekku\u015funun g\u00f6lgesi ilk evlere var\u0131r varmaz paslan\u0131yor yaz birileri kap\u0131lar\u0131 kapat\u0131yor, birileri g\u00f6lgesiyle konu\u015fuyor&#8230; Ortal\u0131k karard\u0131..caddede kimsecikler yok \u015fimdi&#8230; ne de \u015fu k\u00f6pe\u011fin yaln\u0131zl\u0131\u011f\u0131yla korkak y\u00fcr\u00fcy\u00fc\u015f\u00fc [&hellip;]<\/p>\n","protected":false},"author":1,"featured_media":0,"comment_status":"open","ping_status":"open","sticky":false,"template":"","format":"standard","meta":{"footnotes":""},"categories":[122],"tags":[],"class_list":{"0":"post-4395","1":"post","2":"type-post","3":"status-publish","4":"format-standard","6":"category-sair-e-dair"},"yoast_head":"<!-- This site is optimized with the Yoast SEO Premium plugin v24.9 (Yoast SEO v24.9) - https:\/\/yoast.com\/wordpress\/plugins\/seo\/ -->\n<title>Tarihe ge\u00e7tikten sonra do\u011fan \u015fair | Octavio PAZ - narteks.net<\/title>\n<meta name=\"robots\" content=\"index, follow, max-snippet:-1, max-image-preview:large, max-video-preview:-1\" \/>\n<link rel=\"canonical\" href=\"https:\/\/narteks.net\/index.php\/2010\/03\/22\/tarihe-gectikten-sonra-dogan-sair-octavio-paz\/\" \/>\n<meta property=\"og:locale\" content=\"tr_TR\" \/>\n<meta property=\"og:type\" content=\"article\" \/>\n<meta property=\"og:title\" content=\"Tarihe ge\u00e7tikten sonra do\u011fan \u015fair | Octavio PAZ\" \/>\n<meta property=\"og:description\" content=\"\u00c7eki\u00e7yukar\u0131larda bir yerlerde vuruyor \u00e7eki\u00e7ler.. tozla\u015f\u0131yor sesleri ikindinin tepelerinden d\u00fcmd\u00fcz iniyor yap\u0131 i\u015f\u00e7ileri mavi ve ho\u015f bir ak\u015fam\u0131n i\u00e7indeyiz burda ba\u015fl\u0131yor aylakl\u0131k g\u00fcnleri tutu\u015fuyor aniden solgun su birikintisi yak\u0131yor sinekku\u015funun g\u00f6lgesi ilk evlere var\u0131r varmaz paslan\u0131yor yaz birileri kap\u0131lar\u0131 kapat\u0131yor, birileri g\u00f6lgesiyle konu\u015fuyor&#8230; Ortal\u0131k karard\u0131..caddede kimsecikler yok \u015fimdi&#8230; ne de \u015fu k\u00f6pe\u011fin yaln\u0131zl\u0131\u011f\u0131yla korkak y\u00fcr\u00fcy\u00fc\u015f\u00fc [&hellip;]\" \/>\n<meta property=\"og:url\" content=\"https:\/\/narteks.net\/index.php\/2010\/03\/22\/tarihe-gectikten-sonra-dogan-sair-octavio-paz\/\" \/>\n<meta property=\"og:site_name\" content=\"narteks.net\" \/>\n<meta property=\"article:published_time\" content=\"2010-03-22T07:21:48+00:00\" \/>\n<meta property=\"og:image\" content=\"http:\/\/bertachulvi.files.wordpress.com\/2008\/09\/octavio-paz.jpg\" \/>\n<meta name=\"author\" content=\"Tar\u0131k\" \/>\n<meta name=\"twitter:card\" content=\"summary_large_image\" \/>\n<meta name=\"twitter:creator\" content=\"@narteks\" \/>\n<meta name=\"twitter:site\" content=\"@narteks\" \/>\n<meta name=\"twitter:label1\" content=\"Yazan:\" \/>\n\t<meta name=\"twitter:data1\" content=\"Tar\u0131k\" \/>\n\t<meta name=\"twitter:label2\" content=\"Tahmini okuma s\u00fcresi\" \/>\n\t<meta name=\"twitter:data2\" content=\"5 dakika\" \/>\n<script type=\"application\/ld+json\" class=\"yoast-schema-graph\">{\"@context\":\"https:\/\/schema.org\",\"@graph\":[{\"@type\":\"Article\",\"@id\":\"https:\/\/narteks.net\/index.php\/2010\/03\/22\/tarihe-gectikten-sonra-dogan-sair-octavio-paz\/#article\",\"isPartOf\":{\"@id\":\"https:\/\/narteks.net\/index.php\/2010\/03\/22\/tarihe-gectikten-sonra-dogan-sair-octavio-paz\/\"},\"author\":{\"name\":\"Tar\u0131k\",\"@id\":\"https:\/\/narteks.net\/#\/schema\/person\/61f37d9834294b72d31d274e7ed79bca\"},\"headline\":\"Tarihe ge\u00e7tikten sonra do\u011fan \u015fair | Octavio PAZ\",\"datePublished\":\"2010-03-22T07:21:48+00:00\",\"mainEntityOfPage\":{\"@id\":\"https:\/\/narteks.net\/index.php\/2010\/03\/22\/tarihe-gectikten-sonra-dogan-sair-octavio-paz\/\"},\"wordCount\":1100,\"commentCount\":0,\"publisher\":{\"@id\":\"https:\/\/narteks.net\/#organization\"},\"image\":{\"@id\":\"https:\/\/narteks.net\/index.php\/2010\/03\/22\/tarihe-gectikten-sonra-dogan-sair-octavio-paz\/#primaryimage\"},\"thumbnailUrl\":\"http:\/\/bertachulvi.files.wordpress.com\/2008\/09\/octavio-paz.jpg\",\"articleSection\":[\"\u015eair'e Dair\"],\"inLanguage\":\"tr\",\"potentialAction\":[{\"@type\":\"CommentAction\",\"name\":\"Comment\",\"target\":[\"https:\/\/narteks.net\/index.php\/2010\/03\/22\/tarihe-gectikten-sonra-dogan-sair-octavio-paz\/#respond\"]}]},{\"@type\":\"WebPage\",\"@id\":\"https:\/\/narteks.net\/index.php\/2010\/03\/22\/tarihe-gectikten-sonra-dogan-sair-octavio-paz\/\",\"url\":\"https:\/\/narteks.net\/index.php\/2010\/03\/22\/tarihe-gectikten-sonra-dogan-sair-octavio-paz\/\",\"name\":\"Tarihe ge\u00e7tikten sonra do\u011fan \u015fair | Octavio PAZ - narteks.net\",\"isPartOf\":{\"@id\":\"https:\/\/narteks.net\/#website\"},\"primaryImageOfPage\":{\"@id\":\"https:\/\/narteks.net\/index.php\/2010\/03\/22\/tarihe-gectikten-sonra-dogan-sair-octavio-paz\/#primaryimage\"},\"image\":{\"@id\":\"https:\/\/narteks.net\/index.php\/2010\/03\/22\/tarihe-gectikten-sonra-dogan-sair-octavio-paz\/#primaryimage\"},\"thumbnailUrl\":\"http:\/\/bertachulvi.files.wordpress.com\/2008\/09\/octavio-paz.jpg\",\"datePublished\":\"2010-03-22T07:21:48+00:00\",\"breadcrumb\":{\"@id\":\"https:\/\/narteks.net\/index.php\/2010\/03\/22\/tarihe-gectikten-sonra-dogan-sair-octavio-paz\/#breadcrumb\"},\"inLanguage\":\"tr\",\"potentialAction\":[{\"@type\":\"ReadAction\",\"target\":[\"https:\/\/narteks.net\/index.php\/2010\/03\/22\/tarihe-gectikten-sonra-dogan-sair-octavio-paz\/\"]}]},{\"@type\":\"ImageObject\",\"inLanguage\":\"tr\",\"@id\":\"https:\/\/narteks.net\/index.php\/2010\/03\/22\/tarihe-gectikten-sonra-dogan-sair-octavio-paz\/#primaryimage\",\"url\":\"http:\/\/bertachulvi.files.wordpress.com\/2008\/09\/octavio-paz.jpg\",\"contentUrl\":\"http:\/\/bertachulvi.files.wordpress.com\/2008\/09\/octavio-paz.jpg\"},{\"@type\":\"BreadcrumbList\",\"@id\":\"https:\/\/narteks.net\/index.php\/2010\/03\/22\/tarihe-gectikten-sonra-dogan-sair-octavio-paz\/#breadcrumb\",\"itemListElement\":[{\"@type\":\"ListItem\",\"position\":1,\"name\":\"Anasayfa\",\"item\":\"https:\/\/narteks.net\/\"},{\"@type\":\"ListItem\",\"position\":2,\"name\":\"Tarihe ge\u00e7tikten sonra do\u011fan \u015fair | Octavio PAZ\"}]},{\"@type\":\"WebSite\",\"@id\":\"https:\/\/narteks.net\/#website\",\"url\":\"https:\/\/narteks.net\/\",\"name\":\"narteks.net\",\"description\":\"K\u00fclt\u00fcr Sanat Edebiyat Felsefe\",\"publisher\":{\"@id\":\"https:\/\/narteks.net\/#organization\"},\"alternateName\":\"K\u00fclt\u00fcr Sanat Edebiyat Felsefe\",\"potentialAction\":[{\"@type\":\"SearchAction\",\"target\":{\"@type\":\"EntryPoint\",\"urlTemplate\":\"https:\/\/narteks.net\/?s={search_term_string}\"},\"query-input\":{\"@type\":\"PropertyValueSpecification\",\"valueRequired\":true,\"valueName\":\"search_term_string\"}}],\"inLanguage\":\"tr\"},{\"@type\":\"Organization\",\"@id\":\"https:\/\/narteks.net\/#organization\",\"name\":\"narteks.net\",\"url\":\"https:\/\/narteks.net\/\",\"logo\":{\"@type\":\"ImageObject\",\"inLanguage\":\"tr\",\"@id\":\"https:\/\/narteks.net\/#\/schema\/logo\/image\/\",\"url\":\"https:\/\/narteks.net\/wp-content\/uploads\/narteks.png\",\"contentUrl\":\"https:\/\/narteks.net\/wp-content\/uploads\/narteks.png\",\"width\":300,\"height\":90,\"caption\":\"narteks.net\"},\"image\":{\"@id\":\"https:\/\/narteks.net\/#\/schema\/logo\/image\/\"},\"sameAs\":[\"https:\/\/x.com\/narteks\",\"https:\/\/instagram.com\/narteksnet\"]},{\"@type\":\"Person\",\"@id\":\"https:\/\/narteks.net\/#\/schema\/person\/61f37d9834294b72d31d274e7ed79bca\",\"name\":\"Tar\u0131k\",\"image\":{\"@type\":\"ImageObject\",\"inLanguage\":\"tr\",\"@id\":\"https:\/\/narteks.net\/#\/schema\/person\/image\/\",\"url\":\"https:\/\/secure.gravatar.com\/avatar\/50865afb55632c4ae467e0af0930f6510aa2297d8014be502a55b14f3b7550cf?s=96&d=mm&r=g\",\"contentUrl\":\"https:\/\/secure.gravatar.com\/avatar\/50865afb55632c4ae467e0af0930f6510aa2297d8014be502a55b14f3b7550cf?s=96&d=mm&r=g\",\"caption\":\"Tar\u0131k\"},\"sameAs\":[\"http:\/\/narteks.net\"],\"url\":\"https:\/\/narteks.net\/index.php\/author\/narbak\/\"}]}<\/script>\n<!-- \/ Yoast SEO Premium plugin. -->","yoast_head_json":{"title":"Tarihe ge\u00e7tikten sonra do\u011fan \u015fair | Octavio PAZ - narteks.net","robots":{"index":"index","follow":"follow","max-snippet":"max-snippet:-1","max-image-preview":"max-image-preview:large","max-video-preview":"max-video-preview:-1"},"canonical":"https:\/\/narteks.net\/index.php\/2010\/03\/22\/tarihe-gectikten-sonra-dogan-sair-octavio-paz\/","og_locale":"tr_TR","og_type":"article","og_title":"Tarihe ge\u00e7tikten sonra do\u011fan \u015fair | Octavio PAZ","og_description":"\u00c7eki\u00e7yukar\u0131larda bir yerlerde vuruyor \u00e7eki\u00e7ler.. tozla\u015f\u0131yor sesleri ikindinin tepelerinden d\u00fcmd\u00fcz iniyor yap\u0131 i\u015f\u00e7ileri mavi ve ho\u015f bir ak\u015fam\u0131n i\u00e7indeyiz burda ba\u015fl\u0131yor aylakl\u0131k g\u00fcnleri tutu\u015fuyor aniden solgun su birikintisi yak\u0131yor sinekku\u015funun g\u00f6lgesi ilk evlere var\u0131r varmaz paslan\u0131yor yaz birileri kap\u0131lar\u0131 kapat\u0131yor, birileri g\u00f6lgesiyle konu\u015fuyor&#8230; Ortal\u0131k karard\u0131..caddede kimsecikler yok \u015fimdi&#8230; ne de \u015fu k\u00f6pe\u011fin yaln\u0131zl\u0131\u011f\u0131yla korkak y\u00fcr\u00fcy\u00fc\u015f\u00fc [&hellip;]","og_url":"https:\/\/narteks.net\/index.php\/2010\/03\/22\/tarihe-gectikten-sonra-dogan-sair-octavio-paz\/","og_site_name":"narteks.net","article_published_time":"2010-03-22T07:21:48+00:00","og_image":[{"url":"http:\/\/bertachulvi.files.wordpress.com\/2008\/09\/octavio-paz.jpg","type":"","width":"","height":""}],"author":"Tar\u0131k","twitter_card":"summary_large_image","twitter_creator":"@narteks","twitter_site":"@narteks","twitter_misc":{"Yazan:":"Tar\u0131k","Tahmini okuma s\u00fcresi":"5 dakika"},"schema":{"@context":"https:\/\/schema.org","@graph":[{"@type":"Article","@id":"https:\/\/narteks.net\/index.php\/2010\/03\/22\/tarihe-gectikten-sonra-dogan-sair-octavio-paz\/#article","isPartOf":{"@id":"https:\/\/narteks.net\/index.php\/2010\/03\/22\/tarihe-gectikten-sonra-dogan-sair-octavio-paz\/"},"author":{"name":"Tar\u0131k","@id":"https:\/\/narteks.net\/#\/schema\/person\/61f37d9834294b72d31d274e7ed79bca"},"headline":"Tarihe ge\u00e7tikten sonra do\u011fan \u015fair | Octavio PAZ","datePublished":"2010-03-22T07:21:48+00:00","mainEntityOfPage":{"@id":"https:\/\/narteks.net\/index.php\/2010\/03\/22\/tarihe-gectikten-sonra-dogan-sair-octavio-paz\/"},"wordCount":1100,"commentCount":0,"publisher":{"@id":"https:\/\/narteks.net\/#organization"},"image":{"@id":"https:\/\/narteks.net\/index.php\/2010\/03\/22\/tarihe-gectikten-sonra-dogan-sair-octavio-paz\/#primaryimage"},"thumbnailUrl":"http:\/\/bertachulvi.files.wordpress.com\/2008\/09\/octavio-paz.jpg","articleSection":["\u015eair'e Dair"],"inLanguage":"tr","potentialAction":[{"@type":"CommentAction","name":"Comment","target":["https:\/\/narteks.net\/index.php\/2010\/03\/22\/tarihe-gectikten-sonra-dogan-sair-octavio-paz\/#respond"]}]},{"@type":"WebPage","@id":"https:\/\/narteks.net\/index.php\/2010\/03\/22\/tarihe-gectikten-sonra-dogan-sair-octavio-paz\/","url":"https:\/\/narteks.net\/index.php\/2010\/03\/22\/tarihe-gectikten-sonra-dogan-sair-octavio-paz\/","name":"Tarihe ge\u00e7tikten sonra do\u011fan \u015fair | Octavio PAZ - narteks.net","isPartOf":{"@id":"https:\/\/narteks.net\/#website"},"primaryImageOfPage":{"@id":"https:\/\/narteks.net\/index.php\/2010\/03\/22\/tarihe-gectikten-sonra-dogan-sair-octavio-paz\/#primaryimage"},"image":{"@id":"https:\/\/narteks.net\/index.php\/2010\/03\/22\/tarihe-gectikten-sonra-dogan-sair-octavio-paz\/#primaryimage"},"thumbnailUrl":"http:\/\/bertachulvi.files.wordpress.com\/2008\/09\/octavio-paz.jpg","datePublished":"2010-03-22T07:21:48+00:00","breadcrumb":{"@id":"https:\/\/narteks.net\/index.php\/2010\/03\/22\/tarihe-gectikten-sonra-dogan-sair-octavio-paz\/#breadcrumb"},"inLanguage":"tr","potentialAction":[{"@type":"ReadAction","target":["https:\/\/narteks.net\/index.php\/2010\/03\/22\/tarihe-gectikten-sonra-dogan-sair-octavio-paz\/"]}]},{"@type":"ImageObject","inLanguage":"tr","@id":"https:\/\/narteks.net\/index.php\/2010\/03\/22\/tarihe-gectikten-sonra-dogan-sair-octavio-paz\/#primaryimage","url":"http:\/\/bertachulvi.files.wordpress.com\/2008\/09\/octavio-paz.jpg","contentUrl":"http:\/\/bertachulvi.files.wordpress.com\/2008\/09\/octavio-paz.jpg"},{"@type":"BreadcrumbList","@id":"https:\/\/narteks.net\/index.php\/2010\/03\/22\/tarihe-gectikten-sonra-dogan-sair-octavio-paz\/#breadcrumb","itemListElement":[{"@type":"ListItem","position":1,"name":"Anasayfa","item":"https:\/\/narteks.net\/"},{"@type":"ListItem","position":2,"name":"Tarihe ge\u00e7tikten sonra do\u011fan \u015fair | Octavio PAZ"}]},{"@type":"WebSite","@id":"https:\/\/narteks.net\/#website","url":"https:\/\/narteks.net\/","name":"narteks.net","description":"K\u00fclt\u00fcr Sanat Edebiyat Felsefe","publisher":{"@id":"https:\/\/narteks.net\/#organization"},"alternateName":"K\u00fclt\u00fcr Sanat Edebiyat Felsefe","potentialAction":[{"@type":"SearchAction","target":{"@type":"EntryPoint","urlTemplate":"https:\/\/narteks.net\/?s={search_term_string}"},"query-input":{"@type":"PropertyValueSpecification","valueRequired":true,"valueName":"search_term_string"}}],"inLanguage":"tr"},{"@type":"Organization","@id":"https:\/\/narteks.net\/#organization","name":"narteks.net","url":"https:\/\/narteks.net\/","logo":{"@type":"ImageObject","inLanguage":"tr","@id":"https:\/\/narteks.net\/#\/schema\/logo\/image\/","url":"https:\/\/narteks.net\/wp-content\/uploads\/narteks.png","contentUrl":"https:\/\/narteks.net\/wp-content\/uploads\/narteks.png","width":300,"height":90,"caption":"narteks.net"},"image":{"@id":"https:\/\/narteks.net\/#\/schema\/logo\/image\/"},"sameAs":["https:\/\/x.com\/narteks","https:\/\/instagram.com\/narteksnet"]},{"@type":"Person","@id":"https:\/\/narteks.net\/#\/schema\/person\/61f37d9834294b72d31d274e7ed79bca","name":"Tar\u0131k","image":{"@type":"ImageObject","inLanguage":"tr","@id":"https:\/\/narteks.net\/#\/schema\/person\/image\/","url":"https:\/\/secure.gravatar.com\/avatar\/50865afb55632c4ae467e0af0930f6510aa2297d8014be502a55b14f3b7550cf?s=96&d=mm&r=g","contentUrl":"https:\/\/secure.gravatar.com\/avatar\/50865afb55632c4ae467e0af0930f6510aa2297d8014be502a55b14f3b7550cf?s=96&d=mm&r=g","caption":"Tar\u0131k"},"sameAs":["http:\/\/narteks.net"],"url":"https:\/\/narteks.net\/index.php\/author\/narbak\/"}]}},"_links":{"self":[{"href":"https:\/\/narteks.net\/index.php\/wp-json\/wp\/v2\/posts\/4395","targetHints":{"allow":["GET"]}}],"collection":[{"href":"https:\/\/narteks.net\/index.php\/wp-json\/wp\/v2\/posts"}],"about":[{"href":"https:\/\/narteks.net\/index.php\/wp-json\/wp\/v2\/types\/post"}],"author":[{"embeddable":true,"href":"https:\/\/narteks.net\/index.php\/wp-json\/wp\/v2\/users\/1"}],"replies":[{"embeddable":true,"href":"https:\/\/narteks.net\/index.php\/wp-json\/wp\/v2\/comments?post=4395"}],"version-history":[{"count":0,"href":"https:\/\/narteks.net\/index.php\/wp-json\/wp\/v2\/posts\/4395\/revisions"}],"wp:attachment":[{"href":"https:\/\/narteks.net\/index.php\/wp-json\/wp\/v2\/media?parent=4395"}],"wp:term":[{"taxonomy":"category","embeddable":true,"href":"https:\/\/narteks.net\/index.php\/wp-json\/wp\/v2\/categories?post=4395"},{"taxonomy":"post_tag","embeddable":true,"href":"https:\/\/narteks.net\/index.php\/wp-json\/wp\/v2\/tags?post=4395"}],"curies":[{"name":"wp","href":"https:\/\/api.w.org\/{rel}","templated":true}]}}