{"id":440,"date":"2009-03-13T22:56:55","date_gmt":"2009-03-13T19:56:55","guid":{"rendered":"http:\/\/localhost\/wordpress\/2009\/03\/13\/kiziroglu-mustafa-bey\/"},"modified":"2009-03-13T22:56:55","modified_gmt":"2009-03-13T19:56:55","slug":"kiziroglu-mustafa-bey","status":"publish","type":"post","link":"https:\/\/narteks.net\/index.php\/2009\/03\/13\/kiziroglu-mustafa-bey\/","title":{"rendered":"Kiziro\u011flu Mustafa Bey"},"content":{"rendered":"<p style=\"text-align: justify;\"><span style=\"font-size: 14pt;\"><strong>Kiziro\u011flu Mustafa Bey <\/strong><\/span><\/p>\n<p>Bu t\u00fcrk\u00fcy\u00fc dinleyen herkesin kafas\u0131nda bir soru belirir. Kim bu Kiziro\u011flu Mustafa Bey ? K\u00f6ro\u011flu ile ne ilgisi var? Bu t\u00fcrk\u00fcyle ilgili bir\u00e7ok s\u00f6ylenti var ama en ilginci san\u0131r\u0131m bu. Kizir, Kars&#8217;\u0131n Susuz kazas\u0131na ba\u011fl\u0131 bir k\u00f6yd\u00fcr. Bu k\u00f6y K\u0131s\u0131r da\u011flar\u0131n\u0131n geni\u015f eteklerine kurulmu\u015ftur. K\u00f6y\u00fcn d\u00f6rt bir yan\u0131ndan ise so\u011fuk p\u0131narlar akar. K\u00f6y d\u00fcz toprak daml\u0131 evlerden olu\u015fmaktad\u0131r ve k\u00f6y\u00fcn hakim bir yerin de de bir kale kal\u0131nt\u0131s\u0131 vard\u0131r. K\u00f6yl\u00fcler Kiziro\u011flu&#8217;nun kalesi derler buraya. Kiziro\u011flu bu k\u00f6yde ya\u015fam\u0131\u015f ve bura da efsanele\u015fmi\u015ftir derler.<\/p>\n<p>K\u00fc\u00e7\u00fckken at binip k\u0131l\u0131\u00e7 ku\u015fan\u0131r<br \/>S\u00f6ylentiye g\u00f6re \u015fimdiki Kiziro\u011flu K\u00f6y\u00fc\u2019n\u00fcn yerinde bir birinden uzak yirmi yirmi be\u015f kadar ev bulunmaktaym\u0131\u015f. B\u00f6lge da\u011fl\u0131k ve ormanl\u0131k oldu\u011fu i\u00e7in insanlar\u0131 da bu nedenle olacak ki \u00e7ok serttir. O zamanlar burada ya\u015fayan insanlar\u0131n ba\u015f\u0131nda bulunan ki\u015fiye &#8220;Kizir&#8221; derlermi\u015f. Kizir Muhtar demektir. G\u00fcn gelmi\u015f zaman\u0131n kizirinin \u00fcn\u00fc t\u00fcm Anadolu&#8217;ya yay\u0131lm\u0131\u015f. T\u00fcm k\u00f6t\u00fcler ondan korkar olmu\u015f. Gel zaman git zaman Kizirin bir o\u011flu olmu\u015f. Daha k\u00fc\u00e7\u00fckken iyi at biner, k\u0131l\u0131\u00e7 ku\u015fan\u0131r olmu\u015f. \u0130\u015fte Kiziro\u011flu Mustafa Bey bu \u00e7ocuk. B\u00fct\u00fcn \u00e7ocuklu\u011fu K\u0131s\u0131r Da\u011f\u0131\u2019nda at binip avlanmakla ge\u00e7mi\u015f Mustafa&#8217;n\u0131n. O da babas\u0131 gibi b\u00fcy\u00fcy\u00fcnce naml\u0131 bir yi\u011fit olmu\u015f, haks\u0131zl\u0131k ve adaletsizliklerle sava\u015fmaya ba\u015flam\u0131\u015f. Zaten onun bulundu\u011fu \u00e7evrede kimse haks\u0131zl\u0131k etmeye cesaret edemezmi\u015f ya . <\/p>\n<p>K\u00f6ro\u011flu do\u011fuya gelir<br \/>O s\u0131rada do\u011fuya gelen K\u00f6ro\u011flu K\u0131s\u0131r Da\u011flar\u0131\u2019nda Ferro deresine yerle\u015fir, amac\u0131 do\u011fudaki haks\u0131zl\u0131klar\u0131 yok etmek. Bir g\u00fcn K\u00f6ro\u011flu bir at gezisinde Kizir K\u00f6y\u00fc\u2019n\u00fc g\u00f6r\u00fcr, &#8220;Burada ki adaletsizlikler de benden sorulur&#8221; der ve gider orada bir kale kurar. \u0130\u015flerinden dolay\u0131 bir m\u00fcddet k\u00f6y\u00fcnden ayr\u0131 kalan Kiziro\u011flu k\u00f6ye d\u00f6nd\u00fc\u011f\u00fcnde K\u00f6ro\u011flu\u2019nun kalesini g\u00f6r\u00fcr. Sinirlenir. K\u00f6ro\u011flu\u2019nun yan\u0131na gider, sert\u00e7e \u00e7\u0131k\u0131\u015f\u0131r &#8220;Sen kim olas\u0131n ki benim yurdumda saltanat s\u00fcresin&#8221; Her ikisi de bir birlerini k\u00f6t\u00fc insan olarak bilirlermi\u015f. K\u00f6yl\u00fclerin s\u00f6ylemesi b\u00f6yle. <\/p>\n<p>Yi\u011fitlerin kavgas\u0131<br \/>O zaman\u0131n adaletine g\u00f6re iki yi\u011fit d\u00f6v\u00fc\u015f\u00fcr, galip gelen di\u011ferini \u00f6ld\u00fcr\u00fcp sava\u015f\u0131 kazan\u0131rm\u0131\u015f. K\u00f6ro\u011flu ve Kiziro\u011flu g\u00fcnlerce at \u00fcst\u00fcnde kavga etmi\u015flerse de yeni\u015fememi\u015fler. K\u0131l\u0131\u00e7 kavgas\u0131nda ve g\u00fcre\u015fte de yeni\u015fememi\u015fler. Mustafa Bey\u2019in at\u0131 Ala Pa\u00e7a da K\u00f6ro\u011flu&#8217;nun at\u0131 K\u0131rat\u2019la g\u00fcre\u015f-mekte. Mustafa Bey \u015f\u00f6yle bir geri bakm\u0131\u015f ki ne g\u00f6rs\u00fcn at\u0131 Ala Pa\u00e7a K\u00f6ro\u011flu\u2019nun at\u0131n\u0131 alt etmi\u015f duruyor. &#8220;Ola benim at\u0131m K\u00f6ro\u011flu&#8217;nun at\u0131n\u0131 alt etmi\u015f, ben K\u00f6ro\u011flu&#8217;nu alt etmezsem halim nic&#8217; olur&#8221; deyip gayrete gelmi\u015f K\u00f6ro\u011flu&#8217;nu yere vurmu\u015f. Tam kamas\u0131n\u0131 \u00e7ekmi\u015f vuraca\u011f\u0131 s\u0131rada K\u00f6ro\u011flu &#8220;Dur yi\u011fit, bana biraz m\u00fchlet ver yi\u011fitlerimi g\u00f6reyim kar\u0131mla helala\u015fay\u0131m&#8221; demi\u015f. Mustafa Bey b\u0131rakm\u0131\u015f. K\u00f6ro\u011flu eve gidip olanlar\u0131 kar\u0131s\u0131na saz\u0131yla s\u00f6z\u00fcyle anlatmaya ba\u015flam\u0131\u015f. <\/p>\n<p>Bir at\u0131 var Ala Pa\u00e7a peh peh peh<br \/>Mecal vermez K\u0131rat ka\u00e7a hey hey hey<br \/>Az kald\u0131 ortamdan bi\u00e7e<br \/>A\u011fam kim, Pa\u015fam kim, Nigar kim,<br \/>Han\u0131m kim<br \/>Kiziro\u011flu Mustafa Bey<br \/>Bir beyin o\u011flu<br \/>Zor beyin o\u011flu <\/p>\n<p>diye&#8230;K\u00f6ro\u011flu gecikti\u011fi i\u00e7in evine kadar gelen Kiziro\u011flu kap\u0131 aral\u0131\u011f\u0131ndan t\u00fcrk\u00fcy\u00fc duyunca duygulan\u0131r ve utan\u0131r. Kap\u0131y\u0131 \u00e7al\u0131p i\u00e7eri girer. Mustafa Bey\u2019i kar\u015f\u0131s\u0131n da g\u00f6ren K\u00f6ro\u011flu her \u015feyin bitti\u011fini d\u00fc\u015f\u00fcn\u00fcrken Mustafa Bey sar\u0131l\u0131p onu \u00f6per. &#8220;Sen benden daha yi\u011fitsin K\u00f6ro\u011flu&#8221; der. K\u00f6ro\u011flu da &#8220;Ben art\u0131k buradan gideyim burada senin gibi mert ve yi\u011fit biri varken kalmak olmaz&#8221; der ve k\u00f6y\u00fc terk edip bat\u0131ya gider. <\/p>\n<p>Anadolu insan\u0131n\u0131n takdiri<br \/>K\u00f6ro\u011flu&#8217;nun Bolu Da\u011flar\u0131\u2019ndan \u00e7\u0131k\u0131p ta Kars&#8217;a gelmesi o zaman\u0131n ko\u015fullar\u0131nda olanaks\u0131z gibi. Ama halk d\u00fc\u015f\u00fcncesi iki yi\u011fidi Do\u011fu Anadolu da \u00f6nce \u00e7arp\u0131\u015ft\u0131r\u0131yor sonra bar\u0131\u015ft\u0131r\u0131yor. Bu, Anadolu insan\u0131n\u0131n kahramanlar\u0131na, haks\u0131zl\u0131klara direnenlere verdi\u011fi de\u011feri g\u00f6sterir. Kiziro\u011flu \u00f6yk\u00fcs\u00fc tepeden inmemi\u015ftir, b\u00f6yle bir yi\u011fit ya\u015fam\u0131\u015f \u00fcn alm\u0131\u015ft\u0131r. Halk da bu s\u00f6ylenceyle Kiziro\u011flu&#8217;nu sayg\u0131 ve sevgiyle anmaktad\u0131r.<\/p>\n","protected":false},"excerpt":{"rendered":"<p>Kiziro\u011flu Mustafa Bey Bu t\u00fcrk\u00fcy\u00fc dinleyen herkesin kafas\u0131nda bir soru belirir. Kim bu Kiziro\u011flu Mustafa Bey ? K\u00f6ro\u011flu ile ne ilgisi var? Bu t\u00fcrk\u00fcyle ilgili bir\u00e7ok s\u00f6ylenti var ama en ilginci san\u0131r\u0131m bu. Kizir, Kars&#8217;\u0131n Susuz kazas\u0131na ba\u011fl\u0131 bir k\u00f6yd\u00fcr. Bu k\u00f6y K\u0131s\u0131r da\u011flar\u0131n\u0131n geni\u015f eteklerine kurulmu\u015ftur. K\u00f6y\u00fcn d\u00f6rt bir yan\u0131ndan ise so\u011fuk p\u0131narlar akar. [&hellip;]<\/p>\n","protected":false},"author":1,"featured_media":0,"comment_status":"open","ping_status":"open","sticky":false,"template":"","format":"standard","meta":{"footnotes":""},"categories":[55],"tags":[],"class_list":{"0":"post-440","1":"post","2":"type-post","3":"status-publish","4":"format-standard","6":"category-oykuleriyle-turkuler"},"yoast_head":"<!-- This site is optimized with the Yoast SEO Premium plugin v24.9 (Yoast SEO v24.9) - https:\/\/yoast.com\/wordpress\/plugins\/seo\/ -->\n<title>Kiziro\u011flu Mustafa Bey - narteks.net<\/title>\n<meta name=\"robots\" content=\"index, follow, max-snippet:-1, max-image-preview:large, max-video-preview:-1\" \/>\n<link rel=\"canonical\" href=\"https:\/\/narteks.net\/index.php\/2009\/03\/13\/kiziroglu-mustafa-bey\/\" \/>\n<meta property=\"og:locale\" content=\"tr_TR\" \/>\n<meta property=\"og:type\" content=\"article\" \/>\n<meta property=\"og:title\" content=\"Kiziro\u011flu Mustafa Bey\" \/>\n<meta property=\"og:description\" content=\"Kiziro\u011flu Mustafa Bey Bu t\u00fcrk\u00fcy\u00fc dinleyen herkesin kafas\u0131nda bir soru belirir. Kim bu Kiziro\u011flu Mustafa Bey ? K\u00f6ro\u011flu ile ne ilgisi var? Bu t\u00fcrk\u00fcyle ilgili bir\u00e7ok s\u00f6ylenti var ama en ilginci san\u0131r\u0131m bu. Kizir, Kars&#8217;\u0131n Susuz kazas\u0131na ba\u011fl\u0131 bir k\u00f6yd\u00fcr. Bu k\u00f6y K\u0131s\u0131r da\u011flar\u0131n\u0131n geni\u015f eteklerine kurulmu\u015ftur. K\u00f6y\u00fcn d\u00f6rt bir yan\u0131ndan ise so\u011fuk p\u0131narlar akar. [&hellip;]\" \/>\n<meta property=\"og:url\" content=\"https:\/\/narteks.net\/index.php\/2009\/03\/13\/kiziroglu-mustafa-bey\/\" \/>\n<meta property=\"og:site_name\" content=\"narteks.net\" \/>\n<meta property=\"article:published_time\" content=\"2009-03-13T19:56:55+00:00\" \/>\n<meta property=\"og:image\" content=\"https:\/\/narteks.net\/wp-content\/uploads\/narteks.png\" \/>\n\t<meta property=\"og:image:width\" content=\"300\" \/>\n\t<meta property=\"og:image:height\" content=\"90\" \/>\n\t<meta property=\"og:image:type\" content=\"image\/png\" \/>\n<meta name=\"author\" content=\"Tar\u0131k\" \/>\n<meta name=\"twitter:card\" content=\"summary_large_image\" \/>\n<meta name=\"twitter:creator\" content=\"@narteks\" \/>\n<meta name=\"twitter:site\" content=\"@narteks\" \/>\n<meta name=\"twitter:label1\" content=\"Yazan:\" \/>\n\t<meta name=\"twitter:data1\" content=\"Tar\u0131k\" \/>\n\t<meta name=\"twitter:label2\" content=\"Tahmini okuma s\u00fcresi\" \/>\n\t<meta name=\"twitter:data2\" content=\"4 dakika\" \/>\n<script type=\"application\/ld+json\" class=\"yoast-schema-graph\">{\"@context\":\"https:\/\/schema.org\",\"@graph\":[{\"@type\":\"Article\",\"@id\":\"https:\/\/narteks.net\/index.php\/2009\/03\/13\/kiziroglu-mustafa-bey\/#article\",\"isPartOf\":{\"@id\":\"https:\/\/narteks.net\/index.php\/2009\/03\/13\/kiziroglu-mustafa-bey\/\"},\"author\":{\"name\":\"Tar\u0131k\",\"@id\":\"https:\/\/narteks.net\/#\/schema\/person\/61f37d9834294b72d31d274e7ed79bca\"},\"headline\":\"Kiziro\u011flu Mustafa Bey\",\"datePublished\":\"2009-03-13T19:56:55+00:00\",\"mainEntityOfPage\":{\"@id\":\"https:\/\/narteks.net\/index.php\/2009\/03\/13\/kiziroglu-mustafa-bey\/\"},\"wordCount\":831,\"commentCount\":0,\"publisher\":{\"@id\":\"https:\/\/narteks.net\/#organization\"},\"articleSection\":[\"\u00d6yk\u00fcleriyle T\u00fcrk\u00fcler\"],\"inLanguage\":\"tr\",\"potentialAction\":[{\"@type\":\"CommentAction\",\"name\":\"Comment\",\"target\":[\"https:\/\/narteks.net\/index.php\/2009\/03\/13\/kiziroglu-mustafa-bey\/#respond\"]}]},{\"@type\":\"WebPage\",\"@id\":\"https:\/\/narteks.net\/index.php\/2009\/03\/13\/kiziroglu-mustafa-bey\/\",\"url\":\"https:\/\/narteks.net\/index.php\/2009\/03\/13\/kiziroglu-mustafa-bey\/\",\"name\":\"Kiziro\u011flu Mustafa Bey - narteks.net\",\"isPartOf\":{\"@id\":\"https:\/\/narteks.net\/#website\"},\"datePublished\":\"2009-03-13T19:56:55+00:00\",\"breadcrumb\":{\"@id\":\"https:\/\/narteks.net\/index.php\/2009\/03\/13\/kiziroglu-mustafa-bey\/#breadcrumb\"},\"inLanguage\":\"tr\",\"potentialAction\":[{\"@type\":\"ReadAction\",\"target\":[\"https:\/\/narteks.net\/index.php\/2009\/03\/13\/kiziroglu-mustafa-bey\/\"]}]},{\"@type\":\"BreadcrumbList\",\"@id\":\"https:\/\/narteks.net\/index.php\/2009\/03\/13\/kiziroglu-mustafa-bey\/#breadcrumb\",\"itemListElement\":[{\"@type\":\"ListItem\",\"position\":1,\"name\":\"Anasayfa\",\"item\":\"https:\/\/narteks.net\/\"},{\"@type\":\"ListItem\",\"position\":2,\"name\":\"Kiziro\u011flu Mustafa Bey\"}]},{\"@type\":\"WebSite\",\"@id\":\"https:\/\/narteks.net\/#website\",\"url\":\"https:\/\/narteks.net\/\",\"name\":\"narteks.net\",\"description\":\"K\u00fclt\u00fcr Sanat Edebiyat Felsefe\",\"publisher\":{\"@id\":\"https:\/\/narteks.net\/#organization\"},\"alternateName\":\"K\u00fclt\u00fcr Sanat Edebiyat Felsefe\",\"potentialAction\":[{\"@type\":\"SearchAction\",\"target\":{\"@type\":\"EntryPoint\",\"urlTemplate\":\"https:\/\/narteks.net\/?s={search_term_string}\"},\"query-input\":{\"@type\":\"PropertyValueSpecification\",\"valueRequired\":true,\"valueName\":\"search_term_string\"}}],\"inLanguage\":\"tr\"},{\"@type\":\"Organization\",\"@id\":\"https:\/\/narteks.net\/#organization\",\"name\":\"narteks.net\",\"url\":\"https:\/\/narteks.net\/\",\"logo\":{\"@type\":\"ImageObject\",\"inLanguage\":\"tr\",\"@id\":\"https:\/\/narteks.net\/#\/schema\/logo\/image\/\",\"url\":\"https:\/\/narteks.net\/wp-content\/uploads\/narteks.png\",\"contentUrl\":\"https:\/\/narteks.net\/wp-content\/uploads\/narteks.png\",\"width\":300,\"height\":90,\"caption\":\"narteks.net\"},\"image\":{\"@id\":\"https:\/\/narteks.net\/#\/schema\/logo\/image\/\"},\"sameAs\":[\"https:\/\/x.com\/narteks\",\"https:\/\/instagram.com\/narteksnet\"]},{\"@type\":\"Person\",\"@id\":\"https:\/\/narteks.net\/#\/schema\/person\/61f37d9834294b72d31d274e7ed79bca\",\"name\":\"Tar\u0131k\",\"image\":{\"@type\":\"ImageObject\",\"inLanguage\":\"tr\",\"@id\":\"https:\/\/narteks.net\/#\/schema\/person\/image\/\",\"url\":\"https:\/\/secure.gravatar.com\/avatar\/50865afb55632c4ae467e0af0930f6510aa2297d8014be502a55b14f3b7550cf?s=96&d=mm&r=g\",\"contentUrl\":\"https:\/\/secure.gravatar.com\/avatar\/50865afb55632c4ae467e0af0930f6510aa2297d8014be502a55b14f3b7550cf?s=96&d=mm&r=g\",\"caption\":\"Tar\u0131k\"},\"sameAs\":[\"http:\/\/narteks.net\"],\"url\":\"https:\/\/narteks.net\/index.php\/author\/narbak\/\"}]}<\/script>\n<!-- \/ Yoast SEO Premium plugin. -->","yoast_head_json":{"title":"Kiziro\u011flu Mustafa Bey - narteks.net","robots":{"index":"index","follow":"follow","max-snippet":"max-snippet:-1","max-image-preview":"max-image-preview:large","max-video-preview":"max-video-preview:-1"},"canonical":"https:\/\/narteks.net\/index.php\/2009\/03\/13\/kiziroglu-mustafa-bey\/","og_locale":"tr_TR","og_type":"article","og_title":"Kiziro\u011flu Mustafa Bey","og_description":"Kiziro\u011flu Mustafa Bey Bu t\u00fcrk\u00fcy\u00fc dinleyen herkesin kafas\u0131nda bir soru belirir. Kim bu Kiziro\u011flu Mustafa Bey ? K\u00f6ro\u011flu ile ne ilgisi var? Bu t\u00fcrk\u00fcyle ilgili bir\u00e7ok s\u00f6ylenti var ama en ilginci san\u0131r\u0131m bu. Kizir, Kars&#8217;\u0131n Susuz kazas\u0131na ba\u011fl\u0131 bir k\u00f6yd\u00fcr. Bu k\u00f6y K\u0131s\u0131r da\u011flar\u0131n\u0131n geni\u015f eteklerine kurulmu\u015ftur. K\u00f6y\u00fcn d\u00f6rt bir yan\u0131ndan ise so\u011fuk p\u0131narlar akar. [&hellip;]","og_url":"https:\/\/narteks.net\/index.php\/2009\/03\/13\/kiziroglu-mustafa-bey\/","og_site_name":"narteks.net","article_published_time":"2009-03-13T19:56:55+00:00","og_image":[{"width":300,"height":90,"url":"https:\/\/narteks.net\/wp-content\/uploads\/narteks.png","type":"image\/png"}],"author":"Tar\u0131k","twitter_card":"summary_large_image","twitter_creator":"@narteks","twitter_site":"@narteks","twitter_misc":{"Yazan:":"Tar\u0131k","Tahmini okuma s\u00fcresi":"4 dakika"},"schema":{"@context":"https:\/\/schema.org","@graph":[{"@type":"Article","@id":"https:\/\/narteks.net\/index.php\/2009\/03\/13\/kiziroglu-mustafa-bey\/#article","isPartOf":{"@id":"https:\/\/narteks.net\/index.php\/2009\/03\/13\/kiziroglu-mustafa-bey\/"},"author":{"name":"Tar\u0131k","@id":"https:\/\/narteks.net\/#\/schema\/person\/61f37d9834294b72d31d274e7ed79bca"},"headline":"Kiziro\u011flu Mustafa Bey","datePublished":"2009-03-13T19:56:55+00:00","mainEntityOfPage":{"@id":"https:\/\/narteks.net\/index.php\/2009\/03\/13\/kiziroglu-mustafa-bey\/"},"wordCount":831,"commentCount":0,"publisher":{"@id":"https:\/\/narteks.net\/#organization"},"articleSection":["\u00d6yk\u00fcleriyle T\u00fcrk\u00fcler"],"inLanguage":"tr","potentialAction":[{"@type":"CommentAction","name":"Comment","target":["https:\/\/narteks.net\/index.php\/2009\/03\/13\/kiziroglu-mustafa-bey\/#respond"]}]},{"@type":"WebPage","@id":"https:\/\/narteks.net\/index.php\/2009\/03\/13\/kiziroglu-mustafa-bey\/","url":"https:\/\/narteks.net\/index.php\/2009\/03\/13\/kiziroglu-mustafa-bey\/","name":"Kiziro\u011flu Mustafa Bey - narteks.net","isPartOf":{"@id":"https:\/\/narteks.net\/#website"},"datePublished":"2009-03-13T19:56:55+00:00","breadcrumb":{"@id":"https:\/\/narteks.net\/index.php\/2009\/03\/13\/kiziroglu-mustafa-bey\/#breadcrumb"},"inLanguage":"tr","potentialAction":[{"@type":"ReadAction","target":["https:\/\/narteks.net\/index.php\/2009\/03\/13\/kiziroglu-mustafa-bey\/"]}]},{"@type":"BreadcrumbList","@id":"https:\/\/narteks.net\/index.php\/2009\/03\/13\/kiziroglu-mustafa-bey\/#breadcrumb","itemListElement":[{"@type":"ListItem","position":1,"name":"Anasayfa","item":"https:\/\/narteks.net\/"},{"@type":"ListItem","position":2,"name":"Kiziro\u011flu Mustafa Bey"}]},{"@type":"WebSite","@id":"https:\/\/narteks.net\/#website","url":"https:\/\/narteks.net\/","name":"narteks.net","description":"K\u00fclt\u00fcr Sanat Edebiyat Felsefe","publisher":{"@id":"https:\/\/narteks.net\/#organization"},"alternateName":"K\u00fclt\u00fcr Sanat Edebiyat Felsefe","potentialAction":[{"@type":"SearchAction","target":{"@type":"EntryPoint","urlTemplate":"https:\/\/narteks.net\/?s={search_term_string}"},"query-input":{"@type":"PropertyValueSpecification","valueRequired":true,"valueName":"search_term_string"}}],"inLanguage":"tr"},{"@type":"Organization","@id":"https:\/\/narteks.net\/#organization","name":"narteks.net","url":"https:\/\/narteks.net\/","logo":{"@type":"ImageObject","inLanguage":"tr","@id":"https:\/\/narteks.net\/#\/schema\/logo\/image\/","url":"https:\/\/narteks.net\/wp-content\/uploads\/narteks.png","contentUrl":"https:\/\/narteks.net\/wp-content\/uploads\/narteks.png","width":300,"height":90,"caption":"narteks.net"},"image":{"@id":"https:\/\/narteks.net\/#\/schema\/logo\/image\/"},"sameAs":["https:\/\/x.com\/narteks","https:\/\/instagram.com\/narteksnet"]},{"@type":"Person","@id":"https:\/\/narteks.net\/#\/schema\/person\/61f37d9834294b72d31d274e7ed79bca","name":"Tar\u0131k","image":{"@type":"ImageObject","inLanguage":"tr","@id":"https:\/\/narteks.net\/#\/schema\/person\/image\/","url":"https:\/\/secure.gravatar.com\/avatar\/50865afb55632c4ae467e0af0930f6510aa2297d8014be502a55b14f3b7550cf?s=96&d=mm&r=g","contentUrl":"https:\/\/secure.gravatar.com\/avatar\/50865afb55632c4ae467e0af0930f6510aa2297d8014be502a55b14f3b7550cf?s=96&d=mm&r=g","caption":"Tar\u0131k"},"sameAs":["http:\/\/narteks.net"],"url":"https:\/\/narteks.net\/index.php\/author\/narbak\/"}]}},"_links":{"self":[{"href":"https:\/\/narteks.net\/index.php\/wp-json\/wp\/v2\/posts\/440","targetHints":{"allow":["GET"]}}],"collection":[{"href":"https:\/\/narteks.net\/index.php\/wp-json\/wp\/v2\/posts"}],"about":[{"href":"https:\/\/narteks.net\/index.php\/wp-json\/wp\/v2\/types\/post"}],"author":[{"embeddable":true,"href":"https:\/\/narteks.net\/index.php\/wp-json\/wp\/v2\/users\/1"}],"replies":[{"embeddable":true,"href":"https:\/\/narteks.net\/index.php\/wp-json\/wp\/v2\/comments?post=440"}],"version-history":[{"count":0,"href":"https:\/\/narteks.net\/index.php\/wp-json\/wp\/v2\/posts\/440\/revisions"}],"wp:attachment":[{"href":"https:\/\/narteks.net\/index.php\/wp-json\/wp\/v2\/media?parent=440"}],"wp:term":[{"taxonomy":"category","embeddable":true,"href":"https:\/\/narteks.net\/index.php\/wp-json\/wp\/v2\/categories?post=440"},{"taxonomy":"post_tag","embeddable":true,"href":"https:\/\/narteks.net\/index.php\/wp-json\/wp\/v2\/tags?post=440"}],"curies":[{"name":"wp","href":"https:\/\/api.w.org\/{rel}","templated":true}]}}