{"id":4408,"date":"2010-03-22T10:46:10","date_gmt":"2010-03-22T07:46:10","guid":{"rendered":"http:\/\/localhost\/wordpress\/2010\/03\/22\/octavio-paz-biyografisi\/"},"modified":"2010-03-22T10:46:10","modified_gmt":"2010-03-22T07:46:10","slug":"octavio-paz-biyografisi","status":"publish","type":"post","link":"https:\/\/narteks.net\/index.php\/2010\/03\/22\/octavio-paz-biyografisi\/","title":{"rendered":"Octavio PAZ Biyografisi"},"content":{"rendered":"<p style=\"text-align: justify;\"><img loading=\"lazy\" decoding=\"async\" src=\"http:\/\/upload.wikimedia.org\/wikipedia\/commons\/3\/3e\/Paz0.jpg\" border=\"0\" width=\"155\" height=\"205\" \/><\/p>\n<p style=\"text-align: justify;\">Octavio Paz Octavio Paz Sol\u00f3rzano ve Josefina Lozano&#8217;nun o\u011flu olarak \u015fu anda Meksiko \u015eehri&#8217;nin bir par\u00e7as\u0131 olan Mixcoac kasabas\u0131nda do\u011fdu ve burada b\u00fcy\u00fcd\u00fc. 1945 y\u0131l\u0131nda diplomatik g\u00f6revlerine ba\u015flayan Paz 1962 y\u0131l\u0131na kadar Fransa&#8217;da kald\u0131. Burada \u00fcnl\u00fc \u015fair Pablo Neruda ile beraber \u00e7al\u0131\u015ft\u0131. 1962y\u0131l\u0131nda Meksika&#8217;n\u0131n Hindistan\u00a0 b\u00fcy\u00fckel\u00e7isi olarak bu \u00fclkeye gitti. 1968 y\u0131l\u0131nda Tlatelolco katliam\u0131ndan sonra h\u00fck\u00fcmeti protesto amac\u0131yla \u00fclkesindeki b\u00fct\u00fcn g\u00f6revlerinden istifa etti.<\/p>\n<p>\u00c7ok say\u0131da \u015fiir ve makale yay\u0131mlam\u0131\u015ft\u0131r. Bu yap\u0131tlar\u0131 a\u015fa\u011f\u0131da orijinal isimleriyle listelenmi\u015ftir.<\/p>\n<p style=\"text-align: justify;\">\u015eiirleri<\/p>\n<p> * 1938-1946 &#8211; Puerta condenada<br \/> * 1937 &#8211; La rama<br \/> * 1957 &#8211; Piedra de sol<br \/> * 1958 &#8211; Libertad bajo palabra<br \/> * 1962 &#8211; Salamandra<br \/> * 1969 &#8211; Ladera Este<br \/> * 1972 &#8211; Le singe grammairien,<br \/> * 1976 &#8211; Vuelta<br \/> * 1987 &#8211; \u00c1rbol Adentro<\/p>\n<p>Makaleleri <\/p>\n<p> * 1950 &#8211; El laberinto de la soledad<br \/> * 1956 &#8211; El Arco y la Lira<br \/> * 1957 &#8211; Las peras del olmo<br \/> * 1965 &#8211; Cuadrivio<br \/> * 1966 &#8211; Puertas al Campo<br \/> * 1967 &#8211; Corriente Alterna<br \/> * 1967 &#8211; Claude Levi-Strauss o el nuevo fest\u00edn de Esopo<br \/> * 1968 &#8211; Marcel Duchamp o el castillo de la Pureza<br \/> * 1969 &#8211; Conjunciones y Disyunciones<br \/> * 1969 &#8211; Postdata<br \/> * 1973 &#8211; El signo y el Garabato<br \/> * 1974 &#8211; Los Hijos del Limo<br \/> * 1974 &#8211; La B\u00fasqueda Del Comienzo (Escritos Sobre El Surrealismo)<br \/> * 1979 &#8211; El Ogro Filantr\u00f3pico<br \/> * 1979 &#8211; In-mediaciones<br \/> * 1982 &#8211; Sor Juana Ines de la Cruz o las trampas de la fe<br \/> * 1983 &#8211; Tiempo Nublado<br \/> * 1983 &#8211; Sombras de Obras<br \/> * 1984 &#8211; Hombres en su Siglo<br \/> * 1990 &#8211; Peque\u00f1a Cr\u00f3nica de Grandes D\u00edas<br \/> * 1990 &#8211; La Otra Voz<br \/> * 1991 &#8211; Convergencias<br \/> * 1992 &#8211; Al Paso<br \/> * 1993 &#8211; La Llama Doble<br \/> * 1994 &#8211; Itinerario<br \/> * 1995 &#8211; Vislumbres de la India<\/p>\n<p>\u00d6d\u00fclleri<\/p>\n<p> * Nobel Edebiyat \u00d6d\u00fcl\u00fc<br \/> * Alman kitap yay\u0131mc\u0131lar\u0131 bar\u0131\u015f \u00f6d\u00fcl\u00fc<br \/> * Cervantes \u00d6d\u00fcl\u00fc<br \/> * Ulusal Edebiyat \u00d6d\u00fcl\u00fc (Meksika)<br \/> * Premio Mondello (Palermo, \u0130talya)<br \/> * Alfonso Reyes \u00d6d\u00fcl\u00fc<\/p>\n<p><\/p>\n","protected":false},"excerpt":{"rendered":"<p>Octavio Paz Octavio Paz Sol\u00f3rzano ve Josefina Lozano&#8217;nun o\u011flu olarak \u015fu anda Meksiko \u015eehri&#8217;nin bir par\u00e7as\u0131 olan Mixcoac kasabas\u0131nda do\u011fdu ve burada b\u00fcy\u00fcd\u00fc. 1945 y\u0131l\u0131nda diplomatik g\u00f6revlerine ba\u015flayan Paz 1962 y\u0131l\u0131na kadar Fransa&#8217;da kald\u0131. Burada \u00fcnl\u00fc \u015fair Pablo Neruda ile beraber \u00e7al\u0131\u015ft\u0131. 1962y\u0131l\u0131nda Meksika&#8217;n\u0131n Hindistan\u00a0 b\u00fcy\u00fckel\u00e7isi olarak bu \u00fclkeye gitti. 1968 y\u0131l\u0131nda Tlatelolco katliam\u0131ndan sonra [&hellip;]<\/p>\n","protected":false},"author":1,"featured_media":0,"comment_status":"open","ping_status":"open","sticky":false,"template":"","format":"standard","meta":{"footnotes":""},"categories":[145],"tags":[],"class_list":{"0":"post-4408","1":"post","2":"type-post","3":"status-publish","4":"format-standard","6":"category-octavio-paz"},"yoast_head":"<!-- This site is optimized with the Yoast SEO Premium plugin v24.9 (Yoast SEO v24.9) - https:\/\/yoast.com\/wordpress\/plugins\/seo\/ -->\n<title>Octavio PAZ Biyografisi - narteks.net<\/title>\n<meta name=\"robots\" content=\"index, follow, max-snippet:-1, max-image-preview:large, max-video-preview:-1\" \/>\n<link rel=\"canonical\" href=\"https:\/\/narteks.net\/index.php\/2010\/03\/22\/octavio-paz-biyografisi\/\" \/>\n<meta property=\"og:locale\" content=\"tr_TR\" \/>\n<meta property=\"og:type\" content=\"article\" \/>\n<meta property=\"og:title\" content=\"Octavio PAZ Biyografisi\" \/>\n<meta property=\"og:description\" content=\"Octavio Paz Octavio Paz Sol\u00f3rzano ve Josefina Lozano&#8217;nun o\u011flu olarak \u015fu anda Meksiko \u015eehri&#8217;nin bir par\u00e7as\u0131 olan Mixcoac kasabas\u0131nda do\u011fdu ve burada b\u00fcy\u00fcd\u00fc. 1945 y\u0131l\u0131nda diplomatik g\u00f6revlerine ba\u015flayan Paz 1962 y\u0131l\u0131na kadar Fransa&#8217;da kald\u0131. Burada \u00fcnl\u00fc \u015fair Pablo Neruda ile beraber \u00e7al\u0131\u015ft\u0131. 1962y\u0131l\u0131nda Meksika&#8217;n\u0131n Hindistan\u00a0 b\u00fcy\u00fckel\u00e7isi olarak bu \u00fclkeye gitti. 1968 y\u0131l\u0131nda Tlatelolco katliam\u0131ndan sonra [&hellip;]\" \/>\n<meta property=\"og:url\" content=\"https:\/\/narteks.net\/index.php\/2010\/03\/22\/octavio-paz-biyografisi\/\" \/>\n<meta property=\"og:site_name\" content=\"narteks.net\" \/>\n<meta property=\"article:published_time\" content=\"2010-03-22T07:46:10+00:00\" \/>\n<meta property=\"og:image\" content=\"http:\/\/upload.wikimedia.org\/wikipedia\/commons\/3\/3e\/Paz0.jpg\" \/>\n<meta name=\"author\" content=\"Tar\u0131k\" \/>\n<meta name=\"twitter:card\" content=\"summary_large_image\" \/>\n<meta name=\"twitter:creator\" content=\"@narteks\" \/>\n<meta name=\"twitter:site\" content=\"@narteks\" \/>\n<meta name=\"twitter:label1\" content=\"Yazan:\" \/>\n\t<meta name=\"twitter:data1\" content=\"Tar\u0131k\" \/>\n\t<meta name=\"twitter:label2\" content=\"Tahmini okuma s\u00fcresi\" \/>\n\t<meta name=\"twitter:data2\" content=\"2 dakika\" \/>\n<script type=\"application\/ld+json\" class=\"yoast-schema-graph\">{\"@context\":\"https:\/\/schema.org\",\"@graph\":[{\"@type\":\"Article\",\"@id\":\"https:\/\/narteks.net\/index.php\/2010\/03\/22\/octavio-paz-biyografisi\/#article\",\"isPartOf\":{\"@id\":\"https:\/\/narteks.net\/index.php\/2010\/03\/22\/octavio-paz-biyografisi\/\"},\"author\":{\"name\":\"Tar\u0131k\",\"@id\":\"https:\/\/narteks.net\/#\/schema\/person\/61f37d9834294b72d31d274e7ed79bca\"},\"headline\":\"Octavio PAZ Biyografisi\",\"datePublished\":\"2010-03-22T07:46:10+00:00\",\"mainEntityOfPage\":{\"@id\":\"https:\/\/narteks.net\/index.php\/2010\/03\/22\/octavio-paz-biyografisi\/\"},\"wordCount\":306,\"commentCount\":0,\"publisher\":{\"@id\":\"https:\/\/narteks.net\/#organization\"},\"image\":{\"@id\":\"https:\/\/narteks.net\/index.php\/2010\/03\/22\/octavio-paz-biyografisi\/#primaryimage\"},\"thumbnailUrl\":\"http:\/\/upload.wikimedia.org\/wikipedia\/commons\/3\/3e\/Paz0.jpg\",\"articleSection\":[\"Octavio PAZ\"],\"inLanguage\":\"tr\",\"potentialAction\":[{\"@type\":\"CommentAction\",\"name\":\"Comment\",\"target\":[\"https:\/\/narteks.net\/index.php\/2010\/03\/22\/octavio-paz-biyografisi\/#respond\"]}]},{\"@type\":\"WebPage\",\"@id\":\"https:\/\/narteks.net\/index.php\/2010\/03\/22\/octavio-paz-biyografisi\/\",\"url\":\"https:\/\/narteks.net\/index.php\/2010\/03\/22\/octavio-paz-biyografisi\/\",\"name\":\"Octavio PAZ Biyografisi - narteks.net\",\"isPartOf\":{\"@id\":\"https:\/\/narteks.net\/#website\"},\"primaryImageOfPage\":{\"@id\":\"https:\/\/narteks.net\/index.php\/2010\/03\/22\/octavio-paz-biyografisi\/#primaryimage\"},\"image\":{\"@id\":\"https:\/\/narteks.net\/index.php\/2010\/03\/22\/octavio-paz-biyografisi\/#primaryimage\"},\"thumbnailUrl\":\"http:\/\/upload.wikimedia.org\/wikipedia\/commons\/3\/3e\/Paz0.jpg\",\"datePublished\":\"2010-03-22T07:46:10+00:00\",\"breadcrumb\":{\"@id\":\"https:\/\/narteks.net\/index.php\/2010\/03\/22\/octavio-paz-biyografisi\/#breadcrumb\"},\"inLanguage\":\"tr\",\"potentialAction\":[{\"@type\":\"ReadAction\",\"target\":[\"https:\/\/narteks.net\/index.php\/2010\/03\/22\/octavio-paz-biyografisi\/\"]}]},{\"@type\":\"ImageObject\",\"inLanguage\":\"tr\",\"@id\":\"https:\/\/narteks.net\/index.php\/2010\/03\/22\/octavio-paz-biyografisi\/#primaryimage\",\"url\":\"http:\/\/upload.wikimedia.org\/wikipedia\/commons\/3\/3e\/Paz0.jpg\",\"contentUrl\":\"http:\/\/upload.wikimedia.org\/wikipedia\/commons\/3\/3e\/Paz0.jpg\"},{\"@type\":\"BreadcrumbList\",\"@id\":\"https:\/\/narteks.net\/index.php\/2010\/03\/22\/octavio-paz-biyografisi\/#breadcrumb\",\"itemListElement\":[{\"@type\":\"ListItem\",\"position\":1,\"name\":\"Anasayfa\",\"item\":\"https:\/\/narteks.net\/\"},{\"@type\":\"ListItem\",\"position\":2,\"name\":\"Octavio PAZ Biyografisi\"}]},{\"@type\":\"WebSite\",\"@id\":\"https:\/\/narteks.net\/#website\",\"url\":\"https:\/\/narteks.net\/\",\"name\":\"narteks.net\",\"description\":\"K\u00fclt\u00fcr Sanat Edebiyat Felsefe\",\"publisher\":{\"@id\":\"https:\/\/narteks.net\/#organization\"},\"alternateName\":\"K\u00fclt\u00fcr Sanat Edebiyat Felsefe\",\"potentialAction\":[{\"@type\":\"SearchAction\",\"target\":{\"@type\":\"EntryPoint\",\"urlTemplate\":\"https:\/\/narteks.net\/?s={search_term_string}\"},\"query-input\":{\"@type\":\"PropertyValueSpecification\",\"valueRequired\":true,\"valueName\":\"search_term_string\"}}],\"inLanguage\":\"tr\"},{\"@type\":\"Organization\",\"@id\":\"https:\/\/narteks.net\/#organization\",\"name\":\"narteks.net\",\"url\":\"https:\/\/narteks.net\/\",\"logo\":{\"@type\":\"ImageObject\",\"inLanguage\":\"tr\",\"@id\":\"https:\/\/narteks.net\/#\/schema\/logo\/image\/\",\"url\":\"https:\/\/narteks.net\/wp-content\/uploads\/narteks.png\",\"contentUrl\":\"https:\/\/narteks.net\/wp-content\/uploads\/narteks.png\",\"width\":300,\"height\":90,\"caption\":\"narteks.net\"},\"image\":{\"@id\":\"https:\/\/narteks.net\/#\/schema\/logo\/image\/\"},\"sameAs\":[\"https:\/\/x.com\/narteks\",\"https:\/\/instagram.com\/narteksnet\"]},{\"@type\":\"Person\",\"@id\":\"https:\/\/narteks.net\/#\/schema\/person\/61f37d9834294b72d31d274e7ed79bca\",\"name\":\"Tar\u0131k\",\"image\":{\"@type\":\"ImageObject\",\"inLanguage\":\"tr\",\"@id\":\"https:\/\/narteks.net\/#\/schema\/person\/image\/\",\"url\":\"https:\/\/secure.gravatar.com\/avatar\/50865afb55632c4ae467e0af0930f6510aa2297d8014be502a55b14f3b7550cf?s=96&d=mm&r=g\",\"contentUrl\":\"https:\/\/secure.gravatar.com\/avatar\/50865afb55632c4ae467e0af0930f6510aa2297d8014be502a55b14f3b7550cf?s=96&d=mm&r=g\",\"caption\":\"Tar\u0131k\"},\"sameAs\":[\"http:\/\/narteks.net\"],\"url\":\"https:\/\/narteks.net\/index.php\/author\/narbak\/\"}]}<\/script>\n<!-- \/ Yoast SEO Premium plugin. -->","yoast_head_json":{"title":"Octavio PAZ Biyografisi - narteks.net","robots":{"index":"index","follow":"follow","max-snippet":"max-snippet:-1","max-image-preview":"max-image-preview:large","max-video-preview":"max-video-preview:-1"},"canonical":"https:\/\/narteks.net\/index.php\/2010\/03\/22\/octavio-paz-biyografisi\/","og_locale":"tr_TR","og_type":"article","og_title":"Octavio PAZ Biyografisi","og_description":"Octavio Paz Octavio Paz Sol\u00f3rzano ve Josefina Lozano&#8217;nun o\u011flu olarak \u015fu anda Meksiko \u015eehri&#8217;nin bir par\u00e7as\u0131 olan Mixcoac kasabas\u0131nda do\u011fdu ve burada b\u00fcy\u00fcd\u00fc. 1945 y\u0131l\u0131nda diplomatik g\u00f6revlerine ba\u015flayan Paz 1962 y\u0131l\u0131na kadar Fransa&#8217;da kald\u0131. Burada \u00fcnl\u00fc \u015fair Pablo Neruda ile beraber \u00e7al\u0131\u015ft\u0131. 1962y\u0131l\u0131nda Meksika&#8217;n\u0131n Hindistan\u00a0 b\u00fcy\u00fckel\u00e7isi olarak bu \u00fclkeye gitti. 1968 y\u0131l\u0131nda Tlatelolco katliam\u0131ndan sonra [&hellip;]","og_url":"https:\/\/narteks.net\/index.php\/2010\/03\/22\/octavio-paz-biyografisi\/","og_site_name":"narteks.net","article_published_time":"2010-03-22T07:46:10+00:00","og_image":[{"url":"http:\/\/upload.wikimedia.org\/wikipedia\/commons\/3\/3e\/Paz0.jpg","type":"","width":"","height":""}],"author":"Tar\u0131k","twitter_card":"summary_large_image","twitter_creator":"@narteks","twitter_site":"@narteks","twitter_misc":{"Yazan:":"Tar\u0131k","Tahmini okuma s\u00fcresi":"2 dakika"},"schema":{"@context":"https:\/\/schema.org","@graph":[{"@type":"Article","@id":"https:\/\/narteks.net\/index.php\/2010\/03\/22\/octavio-paz-biyografisi\/#article","isPartOf":{"@id":"https:\/\/narteks.net\/index.php\/2010\/03\/22\/octavio-paz-biyografisi\/"},"author":{"name":"Tar\u0131k","@id":"https:\/\/narteks.net\/#\/schema\/person\/61f37d9834294b72d31d274e7ed79bca"},"headline":"Octavio PAZ Biyografisi","datePublished":"2010-03-22T07:46:10+00:00","mainEntityOfPage":{"@id":"https:\/\/narteks.net\/index.php\/2010\/03\/22\/octavio-paz-biyografisi\/"},"wordCount":306,"commentCount":0,"publisher":{"@id":"https:\/\/narteks.net\/#organization"},"image":{"@id":"https:\/\/narteks.net\/index.php\/2010\/03\/22\/octavio-paz-biyografisi\/#primaryimage"},"thumbnailUrl":"http:\/\/upload.wikimedia.org\/wikipedia\/commons\/3\/3e\/Paz0.jpg","articleSection":["Octavio PAZ"],"inLanguage":"tr","potentialAction":[{"@type":"CommentAction","name":"Comment","target":["https:\/\/narteks.net\/index.php\/2010\/03\/22\/octavio-paz-biyografisi\/#respond"]}]},{"@type":"WebPage","@id":"https:\/\/narteks.net\/index.php\/2010\/03\/22\/octavio-paz-biyografisi\/","url":"https:\/\/narteks.net\/index.php\/2010\/03\/22\/octavio-paz-biyografisi\/","name":"Octavio PAZ Biyografisi - narteks.net","isPartOf":{"@id":"https:\/\/narteks.net\/#website"},"primaryImageOfPage":{"@id":"https:\/\/narteks.net\/index.php\/2010\/03\/22\/octavio-paz-biyografisi\/#primaryimage"},"image":{"@id":"https:\/\/narteks.net\/index.php\/2010\/03\/22\/octavio-paz-biyografisi\/#primaryimage"},"thumbnailUrl":"http:\/\/upload.wikimedia.org\/wikipedia\/commons\/3\/3e\/Paz0.jpg","datePublished":"2010-03-22T07:46:10+00:00","breadcrumb":{"@id":"https:\/\/narteks.net\/index.php\/2010\/03\/22\/octavio-paz-biyografisi\/#breadcrumb"},"inLanguage":"tr","potentialAction":[{"@type":"ReadAction","target":["https:\/\/narteks.net\/index.php\/2010\/03\/22\/octavio-paz-biyografisi\/"]}]},{"@type":"ImageObject","inLanguage":"tr","@id":"https:\/\/narteks.net\/index.php\/2010\/03\/22\/octavio-paz-biyografisi\/#primaryimage","url":"http:\/\/upload.wikimedia.org\/wikipedia\/commons\/3\/3e\/Paz0.jpg","contentUrl":"http:\/\/upload.wikimedia.org\/wikipedia\/commons\/3\/3e\/Paz0.jpg"},{"@type":"BreadcrumbList","@id":"https:\/\/narteks.net\/index.php\/2010\/03\/22\/octavio-paz-biyografisi\/#breadcrumb","itemListElement":[{"@type":"ListItem","position":1,"name":"Anasayfa","item":"https:\/\/narteks.net\/"},{"@type":"ListItem","position":2,"name":"Octavio PAZ Biyografisi"}]},{"@type":"WebSite","@id":"https:\/\/narteks.net\/#website","url":"https:\/\/narteks.net\/","name":"narteks.net","description":"K\u00fclt\u00fcr Sanat Edebiyat Felsefe","publisher":{"@id":"https:\/\/narteks.net\/#organization"},"alternateName":"K\u00fclt\u00fcr Sanat Edebiyat Felsefe","potentialAction":[{"@type":"SearchAction","target":{"@type":"EntryPoint","urlTemplate":"https:\/\/narteks.net\/?s={search_term_string}"},"query-input":{"@type":"PropertyValueSpecification","valueRequired":true,"valueName":"search_term_string"}}],"inLanguage":"tr"},{"@type":"Organization","@id":"https:\/\/narteks.net\/#organization","name":"narteks.net","url":"https:\/\/narteks.net\/","logo":{"@type":"ImageObject","inLanguage":"tr","@id":"https:\/\/narteks.net\/#\/schema\/logo\/image\/","url":"https:\/\/narteks.net\/wp-content\/uploads\/narteks.png","contentUrl":"https:\/\/narteks.net\/wp-content\/uploads\/narteks.png","width":300,"height":90,"caption":"narteks.net"},"image":{"@id":"https:\/\/narteks.net\/#\/schema\/logo\/image\/"},"sameAs":["https:\/\/x.com\/narteks","https:\/\/instagram.com\/narteksnet"]},{"@type":"Person","@id":"https:\/\/narteks.net\/#\/schema\/person\/61f37d9834294b72d31d274e7ed79bca","name":"Tar\u0131k","image":{"@type":"ImageObject","inLanguage":"tr","@id":"https:\/\/narteks.net\/#\/schema\/person\/image\/","url":"https:\/\/secure.gravatar.com\/avatar\/50865afb55632c4ae467e0af0930f6510aa2297d8014be502a55b14f3b7550cf?s=96&d=mm&r=g","contentUrl":"https:\/\/secure.gravatar.com\/avatar\/50865afb55632c4ae467e0af0930f6510aa2297d8014be502a55b14f3b7550cf?s=96&d=mm&r=g","caption":"Tar\u0131k"},"sameAs":["http:\/\/narteks.net"],"url":"https:\/\/narteks.net\/index.php\/author\/narbak\/"}]}},"_links":{"self":[{"href":"https:\/\/narteks.net\/index.php\/wp-json\/wp\/v2\/posts\/4408","targetHints":{"allow":["GET"]}}],"collection":[{"href":"https:\/\/narteks.net\/index.php\/wp-json\/wp\/v2\/posts"}],"about":[{"href":"https:\/\/narteks.net\/index.php\/wp-json\/wp\/v2\/types\/post"}],"author":[{"embeddable":true,"href":"https:\/\/narteks.net\/index.php\/wp-json\/wp\/v2\/users\/1"}],"replies":[{"embeddable":true,"href":"https:\/\/narteks.net\/index.php\/wp-json\/wp\/v2\/comments?post=4408"}],"version-history":[{"count":0,"href":"https:\/\/narteks.net\/index.php\/wp-json\/wp\/v2\/posts\/4408\/revisions"}],"wp:attachment":[{"href":"https:\/\/narteks.net\/index.php\/wp-json\/wp\/v2\/media?parent=4408"}],"wp:term":[{"taxonomy":"category","embeddable":true,"href":"https:\/\/narteks.net\/index.php\/wp-json\/wp\/v2\/categories?post=4408"},{"taxonomy":"post_tag","embeddable":true,"href":"https:\/\/narteks.net\/index.php\/wp-json\/wp\/v2\/tags?post=4408"}],"curies":[{"name":"wp","href":"https:\/\/api.w.org\/{rel}","templated":true}]}}