{"id":4418,"date":"2010-03-23T23:36:13","date_gmt":"2010-03-23T20:36:13","guid":{"rendered":"http:\/\/localhost\/wordpress\/2010\/03\/23\/cesaretin-ve-baskaldirinin-oykucusu-kerim-korcan\/"},"modified":"2010-03-23T23:36:13","modified_gmt":"2010-03-23T20:36:13","slug":"cesaretin-ve-baskaldirinin-oykucusu-kerim-korcan","status":"publish","type":"post","link":"https:\/\/narteks.net\/index.php\/2010\/03\/23\/cesaretin-ve-baskaldirinin-oykucusu-kerim-korcan\/","title":{"rendered":"Cesaretin ve Ba\u015fkald\u0131r\u0131n\u0131n \u00d6yk\u00fcc\u00fcs\u00fc &#8216;Kerim Korcan&#8217;"},"content":{"rendered":"<p style=\"text-align: justify;\"><img loading=\"lazy\" decoding=\"async\" style=\"float: left;\" src=\"images\/stories\/Kerim-Korcan.jpg\" width=\"155\" height=\"205\" \/>T\u00fcrk Edebiyat\u0131nda\u00a0 g\u00f6lgede kalan isimlerden biri olan\u00a0 Kerim Korcan 31 Ocak 1918\u2019de Adapazar\u0131\u2019n\u0131n Akfelek k\u00f6y\u00fcnde do\u011fdu. Babas\u0131 Murat usta yoksul bir saat tamircisiydi. Bu y\u00fczden Kerim Korcan ancak ilkokul 4. s\u0131n\u0131fa kadar okuyabildi. K\u00fc\u00e7\u00fck ya\u015fta kahveci, dondurmac\u0131, k\u00f6fteci ve berber \u00e7\u0131rakl\u0131\u011f\u0131 yapt\u0131. 1938 y\u0131l\u0131nda siyasi polis taraf\u0131ndan g\u00f6zalt\u0131na al\u0131nd\u0131. Ayn\u0131 y\u0131l Donanma Kor Askeri Mahkemesinde \u0130syan Su\u00e7lusu olarak yarg\u0131land\u0131 12 y\u0131l a\u011f\u0131r hapse mahk\u00fbm edildi.\u00a0 Sinop Cezaevinde 10 y\u0131l hapis yatt\u0131ktan sonra serbest kald\u0131. Hapisten \u00e7\u0131kar \u00e7\u0131kmaz askere al\u0131nd\u0131. Askerlik sonras\u0131 1950\u2019de \u0130stanbul\u2019a geldi, marangozluk yaparak ya\u015fam\u0131n\u0131 kazanmaya \u00e7al\u0131\u015ft\u0131. 1957\u2019de Vatan Partisi y\u00f6neticili\u011finden kovu\u015fturmaya u\u011frad\u0131. T\u00fcrk Ceza Kanunu\u2019nun \u00fcnl\u00fc 141 ve 142. maddelerine kar\u015f\u0131 gelmekten tutukland\u0131. \u0130ki y\u0131l Sultanahmet Cezaevinde tutuklu kald\u0131ktan sonra 1959\u2019da\u00a0 beraat etti.<\/p>\n<p>Kovu\u015fturmalar ve Cezaevlerinde ge\u00e7irilmi\u015f bir ya\u015fam; Kerim Korcan<\/p>\n<p>Bu \u201csu\u00e7lamalardan\u201d da sonunda aklanan Kerim Korcan, 1962\u2019de Milliyet gazetesinin \u201cBir Memleket Ger\u00e7e\u011fi\u201d konulu yar\u0131\u015fmas\u0131nda \u201cK\u00f6\u015fe\u201d adl\u0131 r\u00f6portaj\u0131yla ikincili\u011fi kazand\u0131. \u201cLin\u00e7\u201d adl\u0131 roman\u0131 1970\u2019de filme al\u0131nd\u0131, ard\u0131ndan oyun haline getirildi. &#8216;Lin\u00e7&#8217; filmi 70&#8217;li y\u0131llar\u0131n en \u00f6nemli filmlerinden biriydi. Kerim Korcan&#8217;\u0131n roman\u0131ndan uyarlanan filmde cezaevindeki mahk\u00fbmlar aras\u0131nda ya\u015fanan iktidar sava\u015f\u0131 anlat\u0131l\u0131yordu. Lin\u00e7 Filmi1970 y\u0131l\u0131nda\u00a0 Ali Yaver &#8211; En \u0130yi G\u00f6r\u00fcnt\u00fc Y\u00f6netmeni, Bilge Olga\u00e7 &#8211; En \u0130yi Y\u00f6netmen, En \u0130yi 3. Film, En \u0130yi St\u00fcdyo \u00c7al\u0131\u015fmas\u0131 \u00f6d\u00fcllerini ald\u0131. 1976 y\u0131l\u0131nda Tatar Ramazan adl\u0131 \u00f6yk\u00fc kitab\u0131 tiyatroya uyarland\u0131. AST ve \u0130stanbul \u015eehir Tiyatrolar\u0131 taraf\u0131ndan sahnelendi. &#8220;Ate\u015ften K\u00f6pr\u00fc&#8221; adl\u0131 roman\u0131nda kom\u00fcnizm propagandas\u0131 yapt\u0131\u011f\u0131 iddias\u0131yla \u0130stanbul DGM&#8217;de yarg\u0131lanan yazar Kerim Korcan 4 May\u0131s 1989\u2019da beraat etti.<\/p>\n<p>1990 y\u0131l\u0131nda Kerim Korcan&#8217;\u0131n Tatar Ramazan adl\u0131 \u00f6yk\u00fcs\u00fc tiyatrodan sonra sinema filmine\u00a0 uyarland\u0131 filmin ba\u015frol\u00fcn\u00fc Kadir \u0130nan\u0131r oynad\u0131, filmin m\u00fcziklerini Ahmet Kaya&#8217;ya yapt\u0131.<br \/>\u00d6l\u00fcms\u00fcz bir\u00e7ok esere imza atan Kerim Korcan 1990 y\u0131l\u0131n\u0131n 9 Kas\u0131m g\u00fcn\u00fc tedavi g\u00f6rd\u00fc\u011f\u00fc kanser hastal\u0131\u011f\u0131na yenik d\u00fc\u015ferek hayata veda etti.<\/p>\n<p>D\u00f6neminin bir\u00e7ok edebiyat\u00e7\u0131s\u0131 gibi zor g\u00fcnler ge\u00e7iren Kerim Korcan cezaevlerinde a\u011f\u0131r ko\u015fullarda 12 ge\u00e7irdi. \u0130\u00e7inde bulundu\u011fu ko\u015fullar\u0131 estetize eden Kerim Korcan ya\u015fad\u0131klar\u0131n\u0131 birer sanat yap\u0131t\u0131na d\u00f6n\u00fc\u015ft\u00fcr\u00fcr. Eserlerinin \u00e7o\u011funda cezaevi ger\u00e7e\u011fini anlatt\u0131\u011f\u0131ndan\u00a0 ezilenler, ba\u015fkald\u0131ranlar, idaml\u0131klar kitaplar\u0131n\u0131n kahraman\u0131 olmu\u015ftur.<\/p>\n<p>Kerim Korcan\u2019\u0131n yaz\u0131n tarz\u0131nda \u201cHalk Hikayecili\u011fi\u201d niteliklerine s\u0131k\u00e7a rastlan\u0131r, eserlerinin genelinde kahramanlar\u0131n\u0131n \u015fivesiyle sade anlat\u0131mlarla okuru s\u0131kmaz, kolay okunan bir tarza\u00a0 sahiptir. Kerim Korcan; \u201cBen \u00fcniversite k\u00fcrs\u00fclerinde vatanda\u015flar\u0131n hak ve hukuk e\u015fitli\u011fi i\u00e7in a\u011flayan ama i\u00e7eride insanlar\u0131n anas\u0131n\u0131 a\u011flatan adaleti, tekmil ters uygulamalar\u0131yla mahpushanede c\u00fcrm\u00fc me\u015fut ettim, su\u00e7\u00fcst\u00fc yakalad\u0131m. Madem ki adalet m\u00fclk\u00fcn temelidir, ben de toplum sorunlar\u0131na, ba\u015flang\u0131\u00e7 olarak oradan yakla\u015fmay\u0131 uygun buldum. Ba\u015fkalar\u0131 ne d\u00fc\u015f\u00fcn\u00fcr bilmem. \u0130yi bir giri\u015f yapt\u0131\u011f\u0131m inanc\u0131nday\u0131m ve devam etmek isterim. Tatar Ramazan\u2019\u0131n benim ilk eserim Lin\u00e7\u2019ten evvel kaleme al\u0131nd\u0131\u011f\u0131n\u0131 a\u00e7\u0131klayabilirim. Dil konusunda tart\u0131\u015fmaya girmek istemem. Hem birazda binece\u011fim dal\u0131 kesmek gibi olur bu. Dilde ar\u0131nmaya gitmeye \u00e7al\u0131\u015f\u0131yorum ve bu gayreti s\u00fcrd\u00fcrenlerle esasta mutab\u0131k\u0131m. Ancak zorlamaya ka\u00e7maktan da sak\u0131n\u0131r\u0131m\u201d diyerek kendi yazarl\u0131\u011f\u0131n\u0131 anlat\u0131r.<\/p>\n<p>Bir \u0130syan \u00d6yk\u00fcs\u00fc; Tatar Ramazan<br \/>1942 y\u0131l\u0131nda bir tarla sorunu nedeniyle adam \u00f6ld\u00fcr\u00fcp hapse giren Tatar Ramazan, cezas\u0131n\u0131 tamamlad\u0131ktan sonra tahliye edilir. Ne var ki, Tatar Ramazan adam \u00f6ld\u00fcrmek su\u00e7undan tekrar i\u00e7eri girer. Hapishanede onu zor g\u00fcnler beklemektedir.<br \/>Tatar Ramazan, T\u00fcrk \u00f6yk\u00fcc\u00fcl\u00fc\u011f\u00fcn\u00fcn en ger\u00e7ek\u00e7i kahramanlar\u0131ndan biri olarak an\u0131lmaktad\u0131r. Mertli\u011fin,cesaretin, onurun zulme ba\u015fkald\u0131r\u0131s\u0131n\u0131 temsil eder.Cezaevi ya\u015fant\u0131s\u0131 i\u00e7indeki kar\u015f\u0131 konulmayan feodal ya\u015fam bi\u00e7imine tek ba\u015f\u0131na isyan etti\u011finde g\u00f6rm\u00fc\u015ft\u00fcr ki arkas\u0131ndan insanlar gelmi\u015ftir. \u0130nsanlar bir \u0131\u015f\u0131k \u00e7ak\u0131m\u0131 bir umut beklemektedir. Tatar Ramazan insanlar\u0131n zihninde yaratt\u0131\u011f\u0131 yalan efsaneye ve korkuya\u00a0 bir isyand\u0131r.<\/p>\n<p style=\"text-align: justify;\">Kerim Korcan\u2019\u0131n yay\u0131nlanm\u0131\u015f eserleri:<br \/>Lin\u00e7 (Roman), Tatar Ramazan (\u00d6yk\u00fc), \u0130daml\u0131klar (\u00d6yk\u00fc), Ter\u00a0 Adamlar (Roman), Patrona (Roman), Dimitrof Ge\u00e7iyor (Roman), Canl\u0131 Bayraklar (\u00d6yk\u00fc), \u00d6l\u00fcm Pusuda (\u00d6yk\u00fc), Ate\u015ften K\u00f6pr\u00fc (An\u0131) Harbiye Kazan\u0131 (An\u0131), Ey Gaziler (\u015eiir), Ac\u0131lar \u00c7emberi (\u00c7ocuk Roman\u0131), Capon (\u00c7ocuk Roman\u0131).<\/p>\n<p style=\"text-align: justify;\">Yitik \u00dclke<\/p>\n","protected":false},"excerpt":{"rendered":"<p>T\u00fcrk Edebiyat\u0131nda\u00a0 g\u00f6lgede kalan isimlerden biri olan\u00a0 Kerim Korcan 31 Ocak 1918\u2019de Adapazar\u0131\u2019n\u0131n Akfelek k\u00f6y\u00fcnde do\u011fdu. Babas\u0131 Murat usta yoksul bir saat tamircisiydi. Bu y\u00fczden Kerim Korcan ancak ilkokul 4. s\u0131n\u0131fa kadar okuyabildi. K\u00fc\u00e7\u00fck ya\u015fta kahveci, dondurmac\u0131, k\u00f6fteci ve berber \u00e7\u0131rakl\u0131\u011f\u0131 yapt\u0131. 1938 y\u0131l\u0131nda siyasi polis taraf\u0131ndan g\u00f6zalt\u0131na al\u0131nd\u0131. Ayn\u0131 y\u0131l Donanma Kor Askeri Mahkemesinde [&hellip;]<\/p>\n","protected":false},"author":1,"featured_media":0,"comment_status":"open","ping_status":"open","sticky":false,"template":"","format":"standard","meta":{"footnotes":""},"categories":[137],"tags":[],"class_list":["post-4418","post","type-post","status-publish","format-standard","category-edebiyat-turkiye"],"yoast_head":"<!-- This site is optimized with the Yoast SEO Premium plugin v24.9 (Yoast SEO v24.9) - https:\/\/yoast.com\/wordpress\/plugins\/seo\/ -->\n<title>Cesaretin ve Ba\u015fkald\u0131r\u0131n\u0131n \u00d6yk\u00fcc\u00fcs\u00fc &#039;Kerim Korcan&#039; - narteks.net<\/title>\n<meta name=\"robots\" content=\"index, follow, max-snippet:-1, max-image-preview:large, max-video-preview:-1\" \/>\n<link rel=\"canonical\" href=\"https:\/\/narteks.net\/index.php\/2010\/03\/23\/cesaretin-ve-baskaldirinin-oykucusu-kerim-korcan\/\" \/>\n<meta property=\"og:locale\" content=\"tr_TR\" \/>\n<meta property=\"og:type\" content=\"article\" \/>\n<meta property=\"og:title\" content=\"Cesaretin ve Ba\u015fkald\u0131r\u0131n\u0131n \u00d6yk\u00fcc\u00fcs\u00fc &#039;Kerim Korcan&#039;\" \/>\n<meta property=\"og:description\" content=\"T\u00fcrk Edebiyat\u0131nda\u00a0 g\u00f6lgede kalan isimlerden biri olan\u00a0 Kerim Korcan 31 Ocak 1918\u2019de Adapazar\u0131\u2019n\u0131n Akfelek k\u00f6y\u00fcnde do\u011fdu. Babas\u0131 Murat usta yoksul bir saat tamircisiydi. Bu y\u00fczden Kerim Korcan ancak ilkokul 4. s\u0131n\u0131fa kadar okuyabildi. K\u00fc\u00e7\u00fck ya\u015fta kahveci, dondurmac\u0131, k\u00f6fteci ve berber \u00e7\u0131rakl\u0131\u011f\u0131 yapt\u0131. 1938 y\u0131l\u0131nda siyasi polis taraf\u0131ndan g\u00f6zalt\u0131na al\u0131nd\u0131. Ayn\u0131 y\u0131l Donanma Kor Askeri Mahkemesinde [&hellip;]\" \/>\n<meta property=\"og:url\" content=\"https:\/\/narteks.net\/index.php\/2010\/03\/23\/cesaretin-ve-baskaldirinin-oykucusu-kerim-korcan\/\" \/>\n<meta property=\"og:site_name\" content=\"narteks.net\" \/>\n<meta property=\"article:published_time\" content=\"2010-03-23T20:36:13+00:00\" \/>\n<meta property=\"og:image\" content=\"https:\/\/narteks.net\/wp-content\/uploads\/narteks.png\" \/>\n\t<meta property=\"og:image:width\" content=\"300\" \/>\n\t<meta property=\"og:image:height\" content=\"90\" \/>\n\t<meta property=\"og:image:type\" content=\"image\/png\" \/>\n<meta name=\"author\" content=\"Tar\u0131k\" \/>\n<meta name=\"twitter:card\" content=\"summary_large_image\" \/>\n<meta name=\"twitter:creator\" content=\"@narteks\" \/>\n<meta name=\"twitter:site\" content=\"@narteks\" \/>\n<meta name=\"twitter:label1\" content=\"Yazan:\" \/>\n\t<meta name=\"twitter:data1\" content=\"Tar\u0131k\" \/>\n\t<meta name=\"twitter:label2\" content=\"Tahmini okuma s\u00fcresi\" \/>\n\t<meta name=\"twitter:data2\" content=\"4 dakika\" \/>\n<script type=\"application\/ld+json\" class=\"yoast-schema-graph\">{\"@context\":\"https:\/\/schema.org\",\"@graph\":[{\"@type\":\"Article\",\"@id\":\"https:\/\/narteks.net\/index.php\/2010\/03\/23\/cesaretin-ve-baskaldirinin-oykucusu-kerim-korcan\/#article\",\"isPartOf\":{\"@id\":\"https:\/\/narteks.net\/index.php\/2010\/03\/23\/cesaretin-ve-baskaldirinin-oykucusu-kerim-korcan\/\"},\"author\":{\"name\":\"Tar\u0131k\",\"@id\":\"https:\/\/narteks.net\/#\/schema\/person\/61f37d9834294b72d31d274e7ed79bca\"},\"headline\":\"Cesaretin ve Ba\u015fkald\u0131r\u0131n\u0131n \u00d6yk\u00fcc\u00fcs\u00fc &#8216;Kerim Korcan&#8217;\",\"datePublished\":\"2010-03-23T20:36:13+00:00\",\"mainEntityOfPage\":{\"@id\":\"https:\/\/narteks.net\/index.php\/2010\/03\/23\/cesaretin-ve-baskaldirinin-oykucusu-kerim-korcan\/\"},\"wordCount\":804,\"commentCount\":0,\"publisher\":{\"@id\":\"https:\/\/narteks.net\/#organization\"},\"articleSection\":[\"Edebiyat ( T\u00fcrkiye )\"],\"inLanguage\":\"tr\",\"potentialAction\":[{\"@type\":\"CommentAction\",\"name\":\"Comment\",\"target\":[\"https:\/\/narteks.net\/index.php\/2010\/03\/23\/cesaretin-ve-baskaldirinin-oykucusu-kerim-korcan\/#respond\"]}]},{\"@type\":\"WebPage\",\"@id\":\"https:\/\/narteks.net\/index.php\/2010\/03\/23\/cesaretin-ve-baskaldirinin-oykucusu-kerim-korcan\/\",\"url\":\"https:\/\/narteks.net\/index.php\/2010\/03\/23\/cesaretin-ve-baskaldirinin-oykucusu-kerim-korcan\/\",\"name\":\"Cesaretin ve Ba\u015fkald\u0131r\u0131n\u0131n \u00d6yk\u00fcc\u00fcs\u00fc 'Kerim Korcan' - narteks.net\",\"isPartOf\":{\"@id\":\"https:\/\/narteks.net\/#website\"},\"datePublished\":\"2010-03-23T20:36:13+00:00\",\"breadcrumb\":{\"@id\":\"https:\/\/narteks.net\/index.php\/2010\/03\/23\/cesaretin-ve-baskaldirinin-oykucusu-kerim-korcan\/#breadcrumb\"},\"inLanguage\":\"tr\",\"potentialAction\":[{\"@type\":\"ReadAction\",\"target\":[\"https:\/\/narteks.net\/index.php\/2010\/03\/23\/cesaretin-ve-baskaldirinin-oykucusu-kerim-korcan\/\"]}]},{\"@type\":\"BreadcrumbList\",\"@id\":\"https:\/\/narteks.net\/index.php\/2010\/03\/23\/cesaretin-ve-baskaldirinin-oykucusu-kerim-korcan\/#breadcrumb\",\"itemListElement\":[{\"@type\":\"ListItem\",\"position\":1,\"name\":\"Anasayfa\",\"item\":\"https:\/\/narteks.net\/\"},{\"@type\":\"ListItem\",\"position\":2,\"name\":\"Cesaretin ve Ba\u015fkald\u0131r\u0131n\u0131n \u00d6yk\u00fcc\u00fcs\u00fc &#8216;Kerim Korcan&#8217;\"}]},{\"@type\":\"WebSite\",\"@id\":\"https:\/\/narteks.net\/#website\",\"url\":\"https:\/\/narteks.net\/\",\"name\":\"narteks.net\",\"description\":\"K\u00fclt\u00fcr Sanat Edebiyat Felsefe\",\"publisher\":{\"@id\":\"https:\/\/narteks.net\/#organization\"},\"alternateName\":\"K\u00fclt\u00fcr Sanat Edebiyat Felsefe\",\"potentialAction\":[{\"@type\":\"SearchAction\",\"target\":{\"@type\":\"EntryPoint\",\"urlTemplate\":\"https:\/\/narteks.net\/?s={search_term_string}\"},\"query-input\":{\"@type\":\"PropertyValueSpecification\",\"valueRequired\":true,\"valueName\":\"search_term_string\"}}],\"inLanguage\":\"tr\"},{\"@type\":\"Organization\",\"@id\":\"https:\/\/narteks.net\/#organization\",\"name\":\"narteks.net\",\"url\":\"https:\/\/narteks.net\/\",\"logo\":{\"@type\":\"ImageObject\",\"inLanguage\":\"tr\",\"@id\":\"https:\/\/narteks.net\/#\/schema\/logo\/image\/\",\"url\":\"https:\/\/narteks.net\/wp-content\/uploads\/narteks.png\",\"contentUrl\":\"https:\/\/narteks.net\/wp-content\/uploads\/narteks.png\",\"width\":300,\"height\":90,\"caption\":\"narteks.net\"},\"image\":{\"@id\":\"https:\/\/narteks.net\/#\/schema\/logo\/image\/\"},\"sameAs\":[\"https:\/\/x.com\/narteks\",\"https:\/\/instagram.com\/narteksnet\"]},{\"@type\":\"Person\",\"@id\":\"https:\/\/narteks.net\/#\/schema\/person\/61f37d9834294b72d31d274e7ed79bca\",\"name\":\"Tar\u0131k\",\"image\":{\"@type\":\"ImageObject\",\"inLanguage\":\"tr\",\"@id\":\"https:\/\/narteks.net\/#\/schema\/person\/image\/\",\"url\":\"https:\/\/secure.gravatar.com\/avatar\/50865afb55632c4ae467e0af0930f6510aa2297d8014be502a55b14f3b7550cf?s=96&d=mm&r=g\",\"contentUrl\":\"https:\/\/secure.gravatar.com\/avatar\/50865afb55632c4ae467e0af0930f6510aa2297d8014be502a55b14f3b7550cf?s=96&d=mm&r=g\",\"caption\":\"Tar\u0131k\"},\"sameAs\":[\"http:\/\/narteks.net\"],\"url\":\"https:\/\/narteks.net\/index.php\/author\/narbak\/\"}]}<\/script>\n<!-- \/ Yoast SEO Premium plugin. -->","yoast_head_json":{"title":"Cesaretin ve Ba\u015fkald\u0131r\u0131n\u0131n \u00d6yk\u00fcc\u00fcs\u00fc 'Kerim Korcan' - narteks.net","robots":{"index":"index","follow":"follow","max-snippet":"max-snippet:-1","max-image-preview":"max-image-preview:large","max-video-preview":"max-video-preview:-1"},"canonical":"https:\/\/narteks.net\/index.php\/2010\/03\/23\/cesaretin-ve-baskaldirinin-oykucusu-kerim-korcan\/","og_locale":"tr_TR","og_type":"article","og_title":"Cesaretin ve Ba\u015fkald\u0131r\u0131n\u0131n \u00d6yk\u00fcc\u00fcs\u00fc 'Kerim Korcan'","og_description":"T\u00fcrk Edebiyat\u0131nda\u00a0 g\u00f6lgede kalan isimlerden biri olan\u00a0 Kerim Korcan 31 Ocak 1918\u2019de Adapazar\u0131\u2019n\u0131n Akfelek k\u00f6y\u00fcnde do\u011fdu. Babas\u0131 Murat usta yoksul bir saat tamircisiydi. Bu y\u00fczden Kerim Korcan ancak ilkokul 4. s\u0131n\u0131fa kadar okuyabildi. K\u00fc\u00e7\u00fck ya\u015fta kahveci, dondurmac\u0131, k\u00f6fteci ve berber \u00e7\u0131rakl\u0131\u011f\u0131 yapt\u0131. 1938 y\u0131l\u0131nda siyasi polis taraf\u0131ndan g\u00f6zalt\u0131na al\u0131nd\u0131. Ayn\u0131 y\u0131l Donanma Kor Askeri Mahkemesinde [&hellip;]","og_url":"https:\/\/narteks.net\/index.php\/2010\/03\/23\/cesaretin-ve-baskaldirinin-oykucusu-kerim-korcan\/","og_site_name":"narteks.net","article_published_time":"2010-03-23T20:36:13+00:00","og_image":[{"width":300,"height":90,"url":"https:\/\/narteks.net\/wp-content\/uploads\/narteks.png","type":"image\/png"}],"author":"Tar\u0131k","twitter_card":"summary_large_image","twitter_creator":"@narteks","twitter_site":"@narteks","twitter_misc":{"Yazan:":"Tar\u0131k","Tahmini okuma s\u00fcresi":"4 dakika"},"schema":{"@context":"https:\/\/schema.org","@graph":[{"@type":"Article","@id":"https:\/\/narteks.net\/index.php\/2010\/03\/23\/cesaretin-ve-baskaldirinin-oykucusu-kerim-korcan\/#article","isPartOf":{"@id":"https:\/\/narteks.net\/index.php\/2010\/03\/23\/cesaretin-ve-baskaldirinin-oykucusu-kerim-korcan\/"},"author":{"name":"Tar\u0131k","@id":"https:\/\/narteks.net\/#\/schema\/person\/61f37d9834294b72d31d274e7ed79bca"},"headline":"Cesaretin ve Ba\u015fkald\u0131r\u0131n\u0131n \u00d6yk\u00fcc\u00fcs\u00fc &#8216;Kerim Korcan&#8217;","datePublished":"2010-03-23T20:36:13+00:00","mainEntityOfPage":{"@id":"https:\/\/narteks.net\/index.php\/2010\/03\/23\/cesaretin-ve-baskaldirinin-oykucusu-kerim-korcan\/"},"wordCount":804,"commentCount":0,"publisher":{"@id":"https:\/\/narteks.net\/#organization"},"articleSection":["Edebiyat ( T\u00fcrkiye )"],"inLanguage":"tr","potentialAction":[{"@type":"CommentAction","name":"Comment","target":["https:\/\/narteks.net\/index.php\/2010\/03\/23\/cesaretin-ve-baskaldirinin-oykucusu-kerim-korcan\/#respond"]}]},{"@type":"WebPage","@id":"https:\/\/narteks.net\/index.php\/2010\/03\/23\/cesaretin-ve-baskaldirinin-oykucusu-kerim-korcan\/","url":"https:\/\/narteks.net\/index.php\/2010\/03\/23\/cesaretin-ve-baskaldirinin-oykucusu-kerim-korcan\/","name":"Cesaretin ve Ba\u015fkald\u0131r\u0131n\u0131n \u00d6yk\u00fcc\u00fcs\u00fc 'Kerim Korcan' - narteks.net","isPartOf":{"@id":"https:\/\/narteks.net\/#website"},"datePublished":"2010-03-23T20:36:13+00:00","breadcrumb":{"@id":"https:\/\/narteks.net\/index.php\/2010\/03\/23\/cesaretin-ve-baskaldirinin-oykucusu-kerim-korcan\/#breadcrumb"},"inLanguage":"tr","potentialAction":[{"@type":"ReadAction","target":["https:\/\/narteks.net\/index.php\/2010\/03\/23\/cesaretin-ve-baskaldirinin-oykucusu-kerim-korcan\/"]}]},{"@type":"BreadcrumbList","@id":"https:\/\/narteks.net\/index.php\/2010\/03\/23\/cesaretin-ve-baskaldirinin-oykucusu-kerim-korcan\/#breadcrumb","itemListElement":[{"@type":"ListItem","position":1,"name":"Anasayfa","item":"https:\/\/narteks.net\/"},{"@type":"ListItem","position":2,"name":"Cesaretin ve Ba\u015fkald\u0131r\u0131n\u0131n \u00d6yk\u00fcc\u00fcs\u00fc &#8216;Kerim Korcan&#8217;"}]},{"@type":"WebSite","@id":"https:\/\/narteks.net\/#website","url":"https:\/\/narteks.net\/","name":"narteks.net","description":"K\u00fclt\u00fcr Sanat Edebiyat Felsefe","publisher":{"@id":"https:\/\/narteks.net\/#organization"},"alternateName":"K\u00fclt\u00fcr Sanat Edebiyat Felsefe","potentialAction":[{"@type":"SearchAction","target":{"@type":"EntryPoint","urlTemplate":"https:\/\/narteks.net\/?s={search_term_string}"},"query-input":{"@type":"PropertyValueSpecification","valueRequired":true,"valueName":"search_term_string"}}],"inLanguage":"tr"},{"@type":"Organization","@id":"https:\/\/narteks.net\/#organization","name":"narteks.net","url":"https:\/\/narteks.net\/","logo":{"@type":"ImageObject","inLanguage":"tr","@id":"https:\/\/narteks.net\/#\/schema\/logo\/image\/","url":"https:\/\/narteks.net\/wp-content\/uploads\/narteks.png","contentUrl":"https:\/\/narteks.net\/wp-content\/uploads\/narteks.png","width":300,"height":90,"caption":"narteks.net"},"image":{"@id":"https:\/\/narteks.net\/#\/schema\/logo\/image\/"},"sameAs":["https:\/\/x.com\/narteks","https:\/\/instagram.com\/narteksnet"]},{"@type":"Person","@id":"https:\/\/narteks.net\/#\/schema\/person\/61f37d9834294b72d31d274e7ed79bca","name":"Tar\u0131k","image":{"@type":"ImageObject","inLanguage":"tr","@id":"https:\/\/narteks.net\/#\/schema\/person\/image\/","url":"https:\/\/secure.gravatar.com\/avatar\/50865afb55632c4ae467e0af0930f6510aa2297d8014be502a55b14f3b7550cf?s=96&d=mm&r=g","contentUrl":"https:\/\/secure.gravatar.com\/avatar\/50865afb55632c4ae467e0af0930f6510aa2297d8014be502a55b14f3b7550cf?s=96&d=mm&r=g","caption":"Tar\u0131k"},"sameAs":["http:\/\/narteks.net"],"url":"https:\/\/narteks.net\/index.php\/author\/narbak\/"}]}},"_links":{"self":[{"href":"https:\/\/narteks.net\/index.php\/wp-json\/wp\/v2\/posts\/4418","targetHints":{"allow":["GET"]}}],"collection":[{"href":"https:\/\/narteks.net\/index.php\/wp-json\/wp\/v2\/posts"}],"about":[{"href":"https:\/\/narteks.net\/index.php\/wp-json\/wp\/v2\/types\/post"}],"author":[{"embeddable":true,"href":"https:\/\/narteks.net\/index.php\/wp-json\/wp\/v2\/users\/1"}],"replies":[{"embeddable":true,"href":"https:\/\/narteks.net\/index.php\/wp-json\/wp\/v2\/comments?post=4418"}],"version-history":[{"count":0,"href":"https:\/\/narteks.net\/index.php\/wp-json\/wp\/v2\/posts\/4418\/revisions"}],"wp:attachment":[{"href":"https:\/\/narteks.net\/index.php\/wp-json\/wp\/v2\/media?parent=4418"}],"wp:term":[{"taxonomy":"category","embeddable":true,"href":"https:\/\/narteks.net\/index.php\/wp-json\/wp\/v2\/categories?post=4418"},{"taxonomy":"post_tag","embeddable":true,"href":"https:\/\/narteks.net\/index.php\/wp-json\/wp\/v2\/tags?post=4418"}],"curies":[{"name":"wp","href":"https:\/\/api.w.org\/{rel}","templated":true}]}}