{"id":4419,"date":"2010-03-25T15:49:59","date_gmt":"2010-03-25T12:49:59","guid":{"rendered":"http:\/\/localhost\/wordpress\/2010\/03\/25\/the-hurt-locker-buram-buram-ideoloji-kokuyor-zizek\/"},"modified":"2010-03-25T15:49:59","modified_gmt":"2010-03-25T12:49:59","slug":"the-hurt-locker-buram-buram-ideoloji-kokuyor-zizek","status":"publish","type":"post","link":"https:\/\/narteks.net\/index.php\/2010\/03\/25\/the-hurt-locker-buram-buram-ideoloji-kokuyor-zizek\/","title":{"rendered":"The Hurt Locker buram buram ideoloji kokuyor | Zizek"},"content":{"rendered":"<p style=\"text-align: justify;\"><img loading=\"lazy\" decoding=\"async\" style=\"float: left;\" src=\"http:\/\/t3.gstatic.com\/images?q=tbn:NnJfjnWHzVTQLM:http:\/\/fandangogroovers.files.wordpress.com\/2009\/09\/the-hurt-locker1.jpg\" width=\"155\" height=\"205\" border=\"0\" \/>Kathryn Bigelow imzal\u0131 \u2018The Hurt Locker\u2019\u0131n Oskar t\u00f6reninde James Cameron\u2019\u0131n \u2018Avatar\u2019\u0131 kar\u015f\u0131s\u0131nda kazand\u0131\u011f\u0131 zafer genel olarak Hollywood\u2019da i\u015flerin gidi\u015fat\u0131na dair iyi bir i\u015faret gibi alg\u0131land\u0131: D\u00fc\u015f\u00fck b\u00fct\u00e7eli, ba\u011f\u0131ms\u0131z bir film, hik\u00e2yesinin basitli\u011fi teknik parlakl\u0131\u011f\u0131 taraf\u0131ndan \u00f6rt\u00fclemeyen bir s\u00fcper prod\u00fcksiyonu sollam\u0131\u015ft\u0131. Demek ki Hollywood bir g\u00f6steri\u015f makinesinden ibaret de\u011fildi, marjinal yarat\u0131c\u0131 \u00e7abalar\u0131 nas\u0131l takdir edece\u011fini h\u00e2l\u00e2 biliyordu. Belki de \u00f6yledir. Fakat \u015f\u00f6yle de bir durum var: B\u00fct\u00fcn o mistifikasyonlar\u0131yla beraber \u2018Avatar\u2019, k\u00fcresel askeri-s\u0131nai komplekse kar\u015f\u0131 \u00e7\u0131kanlar\u0131n yan\u0131nda a\u00e7\u0131k\u00e7a saf tutarken, \u2018The Hurt Locker\u2019 ABD ordusunu, i\u00e7inde ya\u015fad\u0131\u011f\u0131m\u0131z insani m\u00fcdahaleler ve militarist pasifizm \u00e7a\u011f\u0131nda bizatihi o ordunun imaj\u0131na \u00e7ok daha iyi ayak uyduran bir tarzda sunuyor.<\/p>\n<p style=\"text-align: justify;\">Film ABD\u2019nin Irak\u2019taki askeri m\u00fcdahalesine dair tart\u0131\u015fmay\u0131 b\u00fcy\u00fck oranda g\u00f6rmezden geliyor ve bunun yerine, g\u00f6rev ba\u015f\u0131nda olan ve olmayan, tehlike ve y\u0131k\u0131mla ba\u015fa \u00e7\u0131kmaya mecbur b\u0131rak\u0131lan s\u0131radan askerlerin her g\u00fcnk\u00fc zorlu mesailerine odaklan\u0131yor. G\u00f6r\u00fcn\u00fcrdeki belgesel tarz\u0131yla, bir Patlay\u0131c\u0131 \u0130mha Birli\u011fi\u2019nin (EOD) hik\u00e2yesini, ya da daha ziyade bir vinyet dizisini anlat\u0131yor. Bu son derece semptomatik bir tercih: Asker olmalar\u0131na ra\u011fmen \u00f6ld\u00fcrm\u00fcyor, sivilleri \u00f6ld\u00fcrmeyi ama\u00e7layan ter\u00f6rist bombalar\u0131n\u0131 etkisiz hale getirerek hayatlar\u0131n\u0131 riske at\u0131yorlar &#8211; liberal g\u00f6zlerimize bundan daha sempatik gelecek ne olabilir? S\u00fcregiden Ter\u00f6rle Sava\u015f\u2019ta ordular\u0131m\u0131z, bombalay\u0131p yerle bir ettiklerinde bile (sonu\u00e7ta bu t\u00fcr EOD birliklerinden ibaret de\u011filler), ter\u00f6rist \u015febekeleri her yerdeki sivillerin hayatlar\u0131n\u0131 daha g\u00fcvenli hale getirmek ad\u0131na sab\u0131rla etkisizle\u015ftirmiyor m\u0131?<\/p>\n<p style=\"text-align: justify;\">Fakat filmin dahas\u0131 var. \u2018The Hurt Locker\u2019 Hollywood\u2019a, son d\u00f6nemde 1982\u2019deki L\u00fcbnan Sava\u015f\u0131 hakk\u0131nda \u00e7ekilen iki \u0130srail filminin ba\u015far\u0131s\u0131n\u0131 da a\u00e7\u0131klayan trendi geri getirdi. Bu filmler Ari Folman\u2019\u0131n belgesel animasyonu \u2018Be\u015fir\u2019le Vals\u2019 ve y\u00f6netmenin gen\u00e7 bir askerken ya\u015fad\u0131klar\u0131na dayanan, olaylar\u0131n b\u00fcy\u00fck k\u0131sm\u0131n\u0131n klostrofobik bir bi\u00e7imde bir tank\u0131n i\u00e7inde ge\u00e7ti\u011fi Samuel Maoz imzal\u0131 \u2018L\u00fcbnan L\u00fcbnan\u2019. Maoz\u2019un filmi, \u0130srail hava kuvvetleri taraf\u0131ndan zaten bombalanm\u0131\u015f bir L\u00fcbnan kasabas\u0131ndaki d\u00fc\u015fmanlar\u0131 \u2018temizlemek\u2019le g\u00f6revlendirilen d\u00f6rt tecr\u00fcbesiz askeri takip ediyor. Akt\u00f6rlerden biri olan Yoav Donat 2009 Venedik festivalinde kendisiyle yap\u0131lan s\u00f6yle\u015fide \u015funlar\u0131 s\u00f6yl\u00fcyor: \u201cBu size \u2018sadece bir film izliyorum\u2019 diye d\u00fc\u015f\u00fcnd\u00fcren bir film de\u011fil. Bu size sava\u015fta oldu\u011funuzu hissettiren bir film.\u201d Maoz da filminin \u0130srail politikalar\u0131n\u0131n k\u0131nanmas\u0131 de\u011fil, ya\u015fad\u0131klar\u0131na dair ki\u015fisel bir muhasebe oldu\u011funu vurguluyor: \u201cBenim hatam filme L\u00fcbnan ad\u0131 vermek, \u00e7\u00fcnk\u00fc L\u00fcbnan sava\u015f\u0131n\u0131n \u00f6z\u00fcnde di\u011fer sava\u015flardan hi\u00e7bir fark\u0131 yoktu ve benim i\u00e7in siyasi olmak y\u00f6n\u00fcndeki her te\u015febb\u00fcs filmi d\u00fczle\u015ftirecekti.\u201d Bu en saf haliyle ideolojidir: Failin travmatik tecr\u00fcbesine odaklanmak, sava\u015f\u0131n b\u00fct\u00fcn etik-siyasi arkaplan\u0131n\u0131 silebilmemizi sa\u011flar.<\/p>\n<p>Sorgulam\u0131yoruz, \u00f6zde\u015flik kuruyoruz&#8230;<br \/>\u2018The Hurt Locker\u2019\u0131n g\u00fcndelik deh\u015fete ve bir sava\u015f b\u00f6lgesinde g\u00f6rev yapman\u0131n travmatik etkilerine dair tasvirleri, onu ABD ordusunun insani rol\u00fc \u00fczerine John Wayne\u2019in k\u00f6t\u00fc \u015f\u00f6hretli \u2018Ye\u015fil Bereliler\u2019indeki gibi duygulu kutlamalardan kilometrelerce uza\u011fa koyuyor gibi g\u00f6r\u00fcn\u00fcyor. Ancak \u015funu da ak\u0131lda tutmal\u0131: \u2018The Hurt Locker\u2019da sava\u015f\u0131n sa\u00e7mal\u0131klar\u0131na dair ters-ger\u00e7ek\u00e7i sunum kafa kar\u0131\u015ft\u0131r\u0131yor ve b\u00f6ylece kahramanlar\u0131n\u0131n \u2018Ye\u015fil Bereliler\u2019deki kahramanlarla tam da ayn\u0131 i\u015fi yapt\u0131\u011f\u0131 olgusunu kabul edilebilir k\u0131l\u0131yor. \u0130deoloji, tam da g\u00f6r\u00fcnmezli\u011fi dahilinde, hi\u00e7 olmad\u0131\u011f\u0131 kadar burada duruyor: Evlatlar\u0131m\u0131zla birlikte biz de oraday\u0131z; orada ne yapt\u0131klar\u0131n\u0131 sorgulamak yerine onlar\u0131n korkusu ve ac\u0131s\u0131yla \u00f6zde\u015flik kuruyoruz. (London Review of Books dergisine ba\u011fl\u0131 blog, d\u00fc\u015f\u00fcn\u00fcr, 23 Mart 2010)<\/p>\n<p>Radikal Gazetesi<\/p>\n","protected":false},"excerpt":{"rendered":"<p>Kathryn Bigelow imzal\u0131 \u2018The Hurt Locker\u2019\u0131n Oskar t\u00f6reninde James Cameron\u2019\u0131n \u2018Avatar\u2019\u0131 kar\u015f\u0131s\u0131nda kazand\u0131\u011f\u0131 zafer genel olarak Hollywood\u2019da i\u015flerin gidi\u015fat\u0131na dair iyi bir i\u015faret gibi alg\u0131land\u0131: D\u00fc\u015f\u00fck b\u00fct\u00e7eli, ba\u011f\u0131ms\u0131z bir film, hik\u00e2yesinin basitli\u011fi teknik parlakl\u0131\u011f\u0131 taraf\u0131ndan \u00f6rt\u00fclemeyen bir s\u00fcper prod\u00fcksiyonu sollam\u0131\u015ft\u0131. Demek ki Hollywood bir g\u00f6steri\u015f makinesinden ibaret de\u011fildi, marjinal yarat\u0131c\u0131 \u00e7abalar\u0131 nas\u0131l takdir edece\u011fini h\u00e2l\u00e2 [&hellip;]<\/p>\n","protected":false},"author":1,"featured_media":0,"comment_status":"open","ping_status":"open","sticky":false,"template":"","format":"standard","meta":{"footnotes":""},"categories":[112],"tags":[],"class_list":{"0":"post-4419","1":"post","2":"type-post","3":"status-publish","4":"format-standard","6":"category-yedinci-sanat"},"yoast_head":"<!-- This site is optimized with the Yoast SEO Premium plugin v24.9 (Yoast SEO v24.9) - https:\/\/yoast.com\/wordpress\/plugins\/seo\/ -->\n<title>The Hurt Locker buram buram ideoloji kokuyor | Zizek - narteks.net<\/title>\n<meta name=\"robots\" content=\"index, follow, max-snippet:-1, max-image-preview:large, max-video-preview:-1\" \/>\n<link rel=\"canonical\" href=\"https:\/\/narteks.net\/index.php\/2010\/03\/25\/the-hurt-locker-buram-buram-ideoloji-kokuyor-zizek\/\" \/>\n<meta property=\"og:locale\" content=\"tr_TR\" \/>\n<meta property=\"og:type\" content=\"article\" \/>\n<meta property=\"og:title\" content=\"The Hurt Locker buram buram ideoloji kokuyor | Zizek\" \/>\n<meta property=\"og:description\" content=\"Kathryn Bigelow imzal\u0131 \u2018The Hurt Locker\u2019\u0131n Oskar t\u00f6reninde James Cameron\u2019\u0131n \u2018Avatar\u2019\u0131 kar\u015f\u0131s\u0131nda kazand\u0131\u011f\u0131 zafer genel olarak Hollywood\u2019da i\u015flerin gidi\u015fat\u0131na dair iyi bir i\u015faret gibi alg\u0131land\u0131: D\u00fc\u015f\u00fck b\u00fct\u00e7eli, ba\u011f\u0131ms\u0131z bir film, hik\u00e2yesinin basitli\u011fi teknik parlakl\u0131\u011f\u0131 taraf\u0131ndan \u00f6rt\u00fclemeyen bir s\u00fcper prod\u00fcksiyonu sollam\u0131\u015ft\u0131. Demek ki Hollywood bir g\u00f6steri\u015f makinesinden ibaret de\u011fildi, marjinal yarat\u0131c\u0131 \u00e7abalar\u0131 nas\u0131l takdir edece\u011fini h\u00e2l\u00e2 [&hellip;]\" \/>\n<meta property=\"og:url\" content=\"https:\/\/narteks.net\/index.php\/2010\/03\/25\/the-hurt-locker-buram-buram-ideoloji-kokuyor-zizek\/\" \/>\n<meta property=\"og:site_name\" content=\"narteks.net\" \/>\n<meta property=\"article:published_time\" content=\"2010-03-25T12:49:59+00:00\" \/>\n<meta property=\"og:image\" content=\"http:\/\/t3.gstatic.com\/images?q=tbn:NnJfjnWHzVTQLM:http:\/\/fandangogroovers.files.wordpress.com\/2009\/09\/the-hurt-locker1.jpg\" \/>\n<meta name=\"author\" content=\"Tar\u0131k\" \/>\n<meta name=\"twitter:card\" content=\"summary_large_image\" \/>\n<meta name=\"twitter:creator\" content=\"@narteks\" \/>\n<meta name=\"twitter:site\" content=\"@narteks\" \/>\n<meta name=\"twitter:label1\" content=\"Yazan:\" \/>\n\t<meta name=\"twitter:data1\" content=\"Tar\u0131k\" \/>\n\t<meta name=\"twitter:label2\" content=\"Tahmini okuma s\u00fcresi\" \/>\n\t<meta name=\"twitter:data2\" content=\"4 dakika\" \/>\n<script type=\"application\/ld+json\" class=\"yoast-schema-graph\">{\"@context\":\"https:\/\/schema.org\",\"@graph\":[{\"@type\":\"Article\",\"@id\":\"https:\/\/narteks.net\/index.php\/2010\/03\/25\/the-hurt-locker-buram-buram-ideoloji-kokuyor-zizek\/#article\",\"isPartOf\":{\"@id\":\"https:\/\/narteks.net\/index.php\/2010\/03\/25\/the-hurt-locker-buram-buram-ideoloji-kokuyor-zizek\/\"},\"author\":{\"name\":\"Tar\u0131k\",\"@id\":\"https:\/\/narteks.net\/#\/schema\/person\/61f37d9834294b72d31d274e7ed79bca\"},\"headline\":\"The Hurt Locker buram buram ideoloji kokuyor | Zizek\",\"datePublished\":\"2010-03-25T12:49:59+00:00\",\"mainEntityOfPage\":{\"@id\":\"https:\/\/narteks.net\/index.php\/2010\/03\/25\/the-hurt-locker-buram-buram-ideoloji-kokuyor-zizek\/\"},\"wordCount\":709,\"commentCount\":0,\"publisher\":{\"@id\":\"https:\/\/narteks.net\/#organization\"},\"image\":{\"@id\":\"https:\/\/narteks.net\/index.php\/2010\/03\/25\/the-hurt-locker-buram-buram-ideoloji-kokuyor-zizek\/#primaryimage\"},\"thumbnailUrl\":\"http:\/\/t3.gstatic.com\/images?q=tbn:NnJfjnWHzVTQLM:http:\/\/fandangogroovers.files.wordpress.com\/2009\/09\/the-hurt-locker1.jpg\",\"articleSection\":[\"Yedinci Sanat\"],\"inLanguage\":\"tr\",\"potentialAction\":[{\"@type\":\"CommentAction\",\"name\":\"Comment\",\"target\":[\"https:\/\/narteks.net\/index.php\/2010\/03\/25\/the-hurt-locker-buram-buram-ideoloji-kokuyor-zizek\/#respond\"]}]},{\"@type\":\"WebPage\",\"@id\":\"https:\/\/narteks.net\/index.php\/2010\/03\/25\/the-hurt-locker-buram-buram-ideoloji-kokuyor-zizek\/\",\"url\":\"https:\/\/narteks.net\/index.php\/2010\/03\/25\/the-hurt-locker-buram-buram-ideoloji-kokuyor-zizek\/\",\"name\":\"The Hurt Locker buram buram ideoloji kokuyor | Zizek - narteks.net\",\"isPartOf\":{\"@id\":\"https:\/\/narteks.net\/#website\"},\"primaryImageOfPage\":{\"@id\":\"https:\/\/narteks.net\/index.php\/2010\/03\/25\/the-hurt-locker-buram-buram-ideoloji-kokuyor-zizek\/#primaryimage\"},\"image\":{\"@id\":\"https:\/\/narteks.net\/index.php\/2010\/03\/25\/the-hurt-locker-buram-buram-ideoloji-kokuyor-zizek\/#primaryimage\"},\"thumbnailUrl\":\"http:\/\/t3.gstatic.com\/images?q=tbn:NnJfjnWHzVTQLM:http:\/\/fandangogroovers.files.wordpress.com\/2009\/09\/the-hurt-locker1.jpg\",\"datePublished\":\"2010-03-25T12:49:59+00:00\",\"breadcrumb\":{\"@id\":\"https:\/\/narteks.net\/index.php\/2010\/03\/25\/the-hurt-locker-buram-buram-ideoloji-kokuyor-zizek\/#breadcrumb\"},\"inLanguage\":\"tr\",\"potentialAction\":[{\"@type\":\"ReadAction\",\"target\":[\"https:\/\/narteks.net\/index.php\/2010\/03\/25\/the-hurt-locker-buram-buram-ideoloji-kokuyor-zizek\/\"]}]},{\"@type\":\"ImageObject\",\"inLanguage\":\"tr\",\"@id\":\"https:\/\/narteks.net\/index.php\/2010\/03\/25\/the-hurt-locker-buram-buram-ideoloji-kokuyor-zizek\/#primaryimage\",\"url\":\"http:\/\/t3.gstatic.com\/images?q=tbn:NnJfjnWHzVTQLM:http:\/\/fandangogroovers.files.wordpress.com\/2009\/09\/the-hurt-locker1.jpg\",\"contentUrl\":\"http:\/\/t3.gstatic.com\/images?q=tbn:NnJfjnWHzVTQLM:http:\/\/fandangogroovers.files.wordpress.com\/2009\/09\/the-hurt-locker1.jpg\"},{\"@type\":\"BreadcrumbList\",\"@id\":\"https:\/\/narteks.net\/index.php\/2010\/03\/25\/the-hurt-locker-buram-buram-ideoloji-kokuyor-zizek\/#breadcrumb\",\"itemListElement\":[{\"@type\":\"ListItem\",\"position\":1,\"name\":\"Anasayfa\",\"item\":\"https:\/\/narteks.net\/\"},{\"@type\":\"ListItem\",\"position\":2,\"name\":\"The Hurt Locker buram buram ideoloji kokuyor | Zizek\"}]},{\"@type\":\"WebSite\",\"@id\":\"https:\/\/narteks.net\/#website\",\"url\":\"https:\/\/narteks.net\/\",\"name\":\"narteks.net\",\"description\":\"K\u00fclt\u00fcr Sanat Edebiyat Felsefe\",\"publisher\":{\"@id\":\"https:\/\/narteks.net\/#organization\"},\"alternateName\":\"K\u00fclt\u00fcr Sanat Edebiyat Felsefe\",\"potentialAction\":[{\"@type\":\"SearchAction\",\"target\":{\"@type\":\"EntryPoint\",\"urlTemplate\":\"https:\/\/narteks.net\/?s={search_term_string}\"},\"query-input\":{\"@type\":\"PropertyValueSpecification\",\"valueRequired\":true,\"valueName\":\"search_term_string\"}}],\"inLanguage\":\"tr\"},{\"@type\":\"Organization\",\"@id\":\"https:\/\/narteks.net\/#organization\",\"name\":\"narteks.net\",\"url\":\"https:\/\/narteks.net\/\",\"logo\":{\"@type\":\"ImageObject\",\"inLanguage\":\"tr\",\"@id\":\"https:\/\/narteks.net\/#\/schema\/logo\/image\/\",\"url\":\"https:\/\/narteks.net\/wp-content\/uploads\/narteks.png\",\"contentUrl\":\"https:\/\/narteks.net\/wp-content\/uploads\/narteks.png\",\"width\":300,\"height\":90,\"caption\":\"narteks.net\"},\"image\":{\"@id\":\"https:\/\/narteks.net\/#\/schema\/logo\/image\/\"},\"sameAs\":[\"https:\/\/x.com\/narteks\",\"https:\/\/instagram.com\/narteksnet\"]},{\"@type\":\"Person\",\"@id\":\"https:\/\/narteks.net\/#\/schema\/person\/61f37d9834294b72d31d274e7ed79bca\",\"name\":\"Tar\u0131k\",\"image\":{\"@type\":\"ImageObject\",\"inLanguage\":\"tr\",\"@id\":\"https:\/\/narteks.net\/#\/schema\/person\/image\/\",\"url\":\"https:\/\/secure.gravatar.com\/avatar\/50865afb55632c4ae467e0af0930f6510aa2297d8014be502a55b14f3b7550cf?s=96&d=mm&r=g\",\"contentUrl\":\"https:\/\/secure.gravatar.com\/avatar\/50865afb55632c4ae467e0af0930f6510aa2297d8014be502a55b14f3b7550cf?s=96&d=mm&r=g\",\"caption\":\"Tar\u0131k\"},\"sameAs\":[\"http:\/\/narteks.net\"],\"url\":\"https:\/\/narteks.net\/index.php\/author\/narbak\/\"}]}<\/script>\n<!-- \/ Yoast SEO Premium plugin. -->","yoast_head_json":{"title":"The Hurt Locker buram buram ideoloji kokuyor | Zizek - narteks.net","robots":{"index":"index","follow":"follow","max-snippet":"max-snippet:-1","max-image-preview":"max-image-preview:large","max-video-preview":"max-video-preview:-1"},"canonical":"https:\/\/narteks.net\/index.php\/2010\/03\/25\/the-hurt-locker-buram-buram-ideoloji-kokuyor-zizek\/","og_locale":"tr_TR","og_type":"article","og_title":"The Hurt Locker buram buram ideoloji kokuyor | Zizek","og_description":"Kathryn Bigelow imzal\u0131 \u2018The Hurt Locker\u2019\u0131n Oskar t\u00f6reninde James Cameron\u2019\u0131n \u2018Avatar\u2019\u0131 kar\u015f\u0131s\u0131nda kazand\u0131\u011f\u0131 zafer genel olarak Hollywood\u2019da i\u015flerin gidi\u015fat\u0131na dair iyi bir i\u015faret gibi alg\u0131land\u0131: D\u00fc\u015f\u00fck b\u00fct\u00e7eli, ba\u011f\u0131ms\u0131z bir film, hik\u00e2yesinin basitli\u011fi teknik parlakl\u0131\u011f\u0131 taraf\u0131ndan \u00f6rt\u00fclemeyen bir s\u00fcper prod\u00fcksiyonu sollam\u0131\u015ft\u0131. Demek ki Hollywood bir g\u00f6steri\u015f makinesinden ibaret de\u011fildi, marjinal yarat\u0131c\u0131 \u00e7abalar\u0131 nas\u0131l takdir edece\u011fini h\u00e2l\u00e2 [&hellip;]","og_url":"https:\/\/narteks.net\/index.php\/2010\/03\/25\/the-hurt-locker-buram-buram-ideoloji-kokuyor-zizek\/","og_site_name":"narteks.net","article_published_time":"2010-03-25T12:49:59+00:00","og_image":[{"url":"http:\/\/t3.gstatic.com\/images?q=tbn:NnJfjnWHzVTQLM:http:\/\/fandangogroovers.files.wordpress.com\/2009\/09\/the-hurt-locker1.jpg","type":"","width":"","height":""}],"author":"Tar\u0131k","twitter_card":"summary_large_image","twitter_creator":"@narteks","twitter_site":"@narteks","twitter_misc":{"Yazan:":"Tar\u0131k","Tahmini okuma s\u00fcresi":"4 dakika"},"schema":{"@context":"https:\/\/schema.org","@graph":[{"@type":"Article","@id":"https:\/\/narteks.net\/index.php\/2010\/03\/25\/the-hurt-locker-buram-buram-ideoloji-kokuyor-zizek\/#article","isPartOf":{"@id":"https:\/\/narteks.net\/index.php\/2010\/03\/25\/the-hurt-locker-buram-buram-ideoloji-kokuyor-zizek\/"},"author":{"name":"Tar\u0131k","@id":"https:\/\/narteks.net\/#\/schema\/person\/61f37d9834294b72d31d274e7ed79bca"},"headline":"The Hurt Locker buram buram ideoloji kokuyor | Zizek","datePublished":"2010-03-25T12:49:59+00:00","mainEntityOfPage":{"@id":"https:\/\/narteks.net\/index.php\/2010\/03\/25\/the-hurt-locker-buram-buram-ideoloji-kokuyor-zizek\/"},"wordCount":709,"commentCount":0,"publisher":{"@id":"https:\/\/narteks.net\/#organization"},"image":{"@id":"https:\/\/narteks.net\/index.php\/2010\/03\/25\/the-hurt-locker-buram-buram-ideoloji-kokuyor-zizek\/#primaryimage"},"thumbnailUrl":"http:\/\/t3.gstatic.com\/images?q=tbn:NnJfjnWHzVTQLM:http:\/\/fandangogroovers.files.wordpress.com\/2009\/09\/the-hurt-locker1.jpg","articleSection":["Yedinci Sanat"],"inLanguage":"tr","potentialAction":[{"@type":"CommentAction","name":"Comment","target":["https:\/\/narteks.net\/index.php\/2010\/03\/25\/the-hurt-locker-buram-buram-ideoloji-kokuyor-zizek\/#respond"]}]},{"@type":"WebPage","@id":"https:\/\/narteks.net\/index.php\/2010\/03\/25\/the-hurt-locker-buram-buram-ideoloji-kokuyor-zizek\/","url":"https:\/\/narteks.net\/index.php\/2010\/03\/25\/the-hurt-locker-buram-buram-ideoloji-kokuyor-zizek\/","name":"The Hurt Locker buram buram ideoloji kokuyor | Zizek - narteks.net","isPartOf":{"@id":"https:\/\/narteks.net\/#website"},"primaryImageOfPage":{"@id":"https:\/\/narteks.net\/index.php\/2010\/03\/25\/the-hurt-locker-buram-buram-ideoloji-kokuyor-zizek\/#primaryimage"},"image":{"@id":"https:\/\/narteks.net\/index.php\/2010\/03\/25\/the-hurt-locker-buram-buram-ideoloji-kokuyor-zizek\/#primaryimage"},"thumbnailUrl":"http:\/\/t3.gstatic.com\/images?q=tbn:NnJfjnWHzVTQLM:http:\/\/fandangogroovers.files.wordpress.com\/2009\/09\/the-hurt-locker1.jpg","datePublished":"2010-03-25T12:49:59+00:00","breadcrumb":{"@id":"https:\/\/narteks.net\/index.php\/2010\/03\/25\/the-hurt-locker-buram-buram-ideoloji-kokuyor-zizek\/#breadcrumb"},"inLanguage":"tr","potentialAction":[{"@type":"ReadAction","target":["https:\/\/narteks.net\/index.php\/2010\/03\/25\/the-hurt-locker-buram-buram-ideoloji-kokuyor-zizek\/"]}]},{"@type":"ImageObject","inLanguage":"tr","@id":"https:\/\/narteks.net\/index.php\/2010\/03\/25\/the-hurt-locker-buram-buram-ideoloji-kokuyor-zizek\/#primaryimage","url":"http:\/\/t3.gstatic.com\/images?q=tbn:NnJfjnWHzVTQLM:http:\/\/fandangogroovers.files.wordpress.com\/2009\/09\/the-hurt-locker1.jpg","contentUrl":"http:\/\/t3.gstatic.com\/images?q=tbn:NnJfjnWHzVTQLM:http:\/\/fandangogroovers.files.wordpress.com\/2009\/09\/the-hurt-locker1.jpg"},{"@type":"BreadcrumbList","@id":"https:\/\/narteks.net\/index.php\/2010\/03\/25\/the-hurt-locker-buram-buram-ideoloji-kokuyor-zizek\/#breadcrumb","itemListElement":[{"@type":"ListItem","position":1,"name":"Anasayfa","item":"https:\/\/narteks.net\/"},{"@type":"ListItem","position":2,"name":"The Hurt Locker buram buram ideoloji kokuyor | Zizek"}]},{"@type":"WebSite","@id":"https:\/\/narteks.net\/#website","url":"https:\/\/narteks.net\/","name":"narteks.net","description":"K\u00fclt\u00fcr Sanat Edebiyat Felsefe","publisher":{"@id":"https:\/\/narteks.net\/#organization"},"alternateName":"K\u00fclt\u00fcr Sanat Edebiyat Felsefe","potentialAction":[{"@type":"SearchAction","target":{"@type":"EntryPoint","urlTemplate":"https:\/\/narteks.net\/?s={search_term_string}"},"query-input":{"@type":"PropertyValueSpecification","valueRequired":true,"valueName":"search_term_string"}}],"inLanguage":"tr"},{"@type":"Organization","@id":"https:\/\/narteks.net\/#organization","name":"narteks.net","url":"https:\/\/narteks.net\/","logo":{"@type":"ImageObject","inLanguage":"tr","@id":"https:\/\/narteks.net\/#\/schema\/logo\/image\/","url":"https:\/\/narteks.net\/wp-content\/uploads\/narteks.png","contentUrl":"https:\/\/narteks.net\/wp-content\/uploads\/narteks.png","width":300,"height":90,"caption":"narteks.net"},"image":{"@id":"https:\/\/narteks.net\/#\/schema\/logo\/image\/"},"sameAs":["https:\/\/x.com\/narteks","https:\/\/instagram.com\/narteksnet"]},{"@type":"Person","@id":"https:\/\/narteks.net\/#\/schema\/person\/61f37d9834294b72d31d274e7ed79bca","name":"Tar\u0131k","image":{"@type":"ImageObject","inLanguage":"tr","@id":"https:\/\/narteks.net\/#\/schema\/person\/image\/","url":"https:\/\/secure.gravatar.com\/avatar\/50865afb55632c4ae467e0af0930f6510aa2297d8014be502a55b14f3b7550cf?s=96&d=mm&r=g","contentUrl":"https:\/\/secure.gravatar.com\/avatar\/50865afb55632c4ae467e0af0930f6510aa2297d8014be502a55b14f3b7550cf?s=96&d=mm&r=g","caption":"Tar\u0131k"},"sameAs":["http:\/\/narteks.net"],"url":"https:\/\/narteks.net\/index.php\/author\/narbak\/"}]}},"_links":{"self":[{"href":"https:\/\/narteks.net\/index.php\/wp-json\/wp\/v2\/posts\/4419","targetHints":{"allow":["GET"]}}],"collection":[{"href":"https:\/\/narteks.net\/index.php\/wp-json\/wp\/v2\/posts"}],"about":[{"href":"https:\/\/narteks.net\/index.php\/wp-json\/wp\/v2\/types\/post"}],"author":[{"embeddable":true,"href":"https:\/\/narteks.net\/index.php\/wp-json\/wp\/v2\/users\/1"}],"replies":[{"embeddable":true,"href":"https:\/\/narteks.net\/index.php\/wp-json\/wp\/v2\/comments?post=4419"}],"version-history":[{"count":0,"href":"https:\/\/narteks.net\/index.php\/wp-json\/wp\/v2\/posts\/4419\/revisions"}],"wp:attachment":[{"href":"https:\/\/narteks.net\/index.php\/wp-json\/wp\/v2\/media?parent=4419"}],"wp:term":[{"taxonomy":"category","embeddable":true,"href":"https:\/\/narteks.net\/index.php\/wp-json\/wp\/v2\/categories?post=4419"},{"taxonomy":"post_tag","embeddable":true,"href":"https:\/\/narteks.net\/index.php\/wp-json\/wp\/v2\/tags?post=4419"}],"curies":[{"name":"wp","href":"https:\/\/api.w.org\/{rel}","templated":true}]}}