{"id":442,"date":"2009-03-13T22:58:36","date_gmt":"2009-03-13T19:58:36","guid":{"rendered":"http:\/\/localhost\/wordpress\/2009\/03\/13\/kucukten-gormedim-ana-kucagi\/"},"modified":"2009-03-13T22:58:36","modified_gmt":"2009-03-13T19:58:36","slug":"kucukten-gormedim-ana-kucagi","status":"publish","type":"post","link":"https:\/\/narteks.net\/index.php\/2009\/03\/13\/kucukten-gormedim-ana-kucagi\/","title":{"rendered":"K\u00fc\u00e7\u00fckten G\u00f6rmedim Ana Kuca\u011f\u0131"},"content":{"rendered":"<p style=\"text-align: justify;\"><span style=\"font-size: 14pt;\"><strong>K\u00fc\u00e7\u00fckten G\u00f6rmedim Ana Kuca\u011f\u0131<\/strong><\/span><\/p>\n<p>Ali Ercan, Kara Ka\u015f G\u00f6zlerin Elmas ve Ni\u011fde T\u00fcrk\u00fcleri adl\u0131 kitab\u0131nda &#8220;Mustafa Songur&#8221; isminde bir ki\u015fiden dinledi\u011fi bu t\u00fcrk\u00fcn\u00fcn hikayesini aynen \u015f\u00f6yle anlatmaktad\u0131r:<\/p>\n<p>&#8220;Bir bu\u00e7uk as\u0131r evvelden beri Ni\u011fde&#8217;nin Dikilita\u015f, Ferhenk, Kavlaktepe,\u00a0 Badamderesi ve \u00c7amard\u0131 k\u00f6yleri aras\u0131ndan Ulu yol diye bir yol ge\u00e7er. O tarihlerde Erzurum&#8217;dan hareket eden kervanc\u0131 bu yolu takiben Suriye&#8217;ye kadar gider,Suriye&#8217;den kalkan bir kervanc\u0131 ,\u0130stanbul&#8217;a kadar yine bu yoldan ge\u00e7ermi\u015f. Kervanc\u0131lar\u0131n dinlenme yeri ise Adana,Pozant\u0131&#8217;y\u0131 ge\u00e7tikten sonra Ferhenk k\u00f6y\u00fcnde,\u015fimdiki i\u00e7mecenin bulundu\u011fu muhitte \u00f6z dedemin yapt\u0131rm\u0131\u015f oldu\u011fu handa konaklarlarm\u0131\u015f, veyahutta ayn\u0131 muhite bir saat mesafede bulunan eski ismi Enehil, \u015fimdiki ismi Dikilita\u015f olan k\u00f6yde konaklarlarm\u0131\u015f. O zamanda Kanl\u0131 Bulduru\u00e7 diye an\u0131lan semtte her iki y\u00f6nden gelen kervanc\u0131 k\u0131\u015f mevsiminde birka\u00e7 \u00f6l\u00fc verirlermi\u015f. \u015eiddetli bir k\u0131\u015f mevsiminde zengin iki kervanc\u0131 karde\u015f,Suriye&#8217;den hareket ederek Bulduruc&#8217;a gelir ve orada \u015fiddetli bir tipiye tutulurlar. Karde\u015flerden biri tipide bo\u011fulur ve \u00f6l\u00fcr. Karde\u015fini kaybeden di\u011fer kervanc\u0131 \u00f6len karde\u015finin \u00fczerine kapan\u0131r ve bu t\u00fcrk\u00fcy\u00fc yakar.&#8221; <\/p>\n<p>Kaynak:<br \/>ERCAN, Ali, Kara Ka\u015f G\u00f6zlerin Elmas ve Ni\u011fde T\u00fcrk\u00fcleri, s.26,27, Ni\u011fde \u0130l Bas\u0131m <br \/>Evi, Ni\u011fde, 1965<\/p>\n<p>\u00d6\u011frt. G\u00f6r. Hakan Taty\u00fcz<\/p>\n","protected":false},"excerpt":{"rendered":"<p>K\u00fc\u00e7\u00fckten G\u00f6rmedim Ana Kuca\u011f\u0131 Ali Ercan, Kara Ka\u015f G\u00f6zlerin Elmas ve Ni\u011fde T\u00fcrk\u00fcleri adl\u0131 kitab\u0131nda &#8220;Mustafa Songur&#8221; isminde bir ki\u015fiden dinledi\u011fi bu t\u00fcrk\u00fcn\u00fcn hikayesini aynen \u015f\u00f6yle anlatmaktad\u0131r: &#8220;Bir bu\u00e7uk as\u0131r evvelden beri Ni\u011fde&#8217;nin Dikilita\u015f, Ferhenk, Kavlaktepe,\u00a0 Badamderesi ve \u00c7amard\u0131 k\u00f6yleri aras\u0131ndan Ulu yol diye bir yol ge\u00e7er. O tarihlerde Erzurum&#8217;dan hareket eden kervanc\u0131 bu yolu [&hellip;]<\/p>\n","protected":false},"author":1,"featured_media":0,"comment_status":"open","ping_status":"open","sticky":false,"template":"","format":"standard","meta":{"footnotes":""},"categories":[55],"tags":[],"class_list":{"0":"post-442","1":"post","2":"type-post","3":"status-publish","4":"format-standard","6":"category-oykuleriyle-turkuler"},"yoast_head":"<!-- This site is optimized with the Yoast SEO Premium plugin v24.9 (Yoast SEO v24.9) - https:\/\/yoast.com\/wordpress\/plugins\/seo\/ -->\n<title>K\u00fc\u00e7\u00fckten G\u00f6rmedim Ana Kuca\u011f\u0131 - narteks.net<\/title>\n<meta name=\"robots\" content=\"index, follow, max-snippet:-1, max-image-preview:large, max-video-preview:-1\" \/>\n<link rel=\"canonical\" href=\"https:\/\/narteks.net\/index.php\/2009\/03\/13\/kucukten-gormedim-ana-kucagi\/\" \/>\n<meta property=\"og:locale\" content=\"tr_TR\" \/>\n<meta property=\"og:type\" content=\"article\" \/>\n<meta property=\"og:title\" content=\"K\u00fc\u00e7\u00fckten G\u00f6rmedim Ana Kuca\u011f\u0131\" \/>\n<meta property=\"og:description\" content=\"K\u00fc\u00e7\u00fckten G\u00f6rmedim Ana Kuca\u011f\u0131 Ali Ercan, Kara Ka\u015f G\u00f6zlerin Elmas ve Ni\u011fde T\u00fcrk\u00fcleri adl\u0131 kitab\u0131nda &#8220;Mustafa Songur&#8221; isminde bir ki\u015fiden dinledi\u011fi bu t\u00fcrk\u00fcn\u00fcn hikayesini aynen \u015f\u00f6yle anlatmaktad\u0131r: &#8220;Bir bu\u00e7uk as\u0131r evvelden beri Ni\u011fde&#8217;nin Dikilita\u015f, Ferhenk, Kavlaktepe,\u00a0 Badamderesi ve \u00c7amard\u0131 k\u00f6yleri aras\u0131ndan Ulu yol diye bir yol ge\u00e7er. O tarihlerde Erzurum&#8217;dan hareket eden kervanc\u0131 bu yolu [&hellip;]\" \/>\n<meta property=\"og:url\" content=\"https:\/\/narteks.net\/index.php\/2009\/03\/13\/kucukten-gormedim-ana-kucagi\/\" \/>\n<meta property=\"og:site_name\" content=\"narteks.net\" \/>\n<meta property=\"article:published_time\" content=\"2009-03-13T19:58:36+00:00\" \/>\n<meta property=\"og:image\" content=\"https:\/\/narteks.net\/wp-content\/uploads\/narteks.png\" \/>\n\t<meta property=\"og:image:width\" content=\"300\" \/>\n\t<meta property=\"og:image:height\" content=\"90\" \/>\n\t<meta property=\"og:image:type\" content=\"image\/png\" \/>\n<meta name=\"author\" content=\"Tar\u0131k\" \/>\n<meta name=\"twitter:card\" content=\"summary_large_image\" \/>\n<meta name=\"twitter:creator\" content=\"@narteks\" \/>\n<meta name=\"twitter:site\" content=\"@narteks\" \/>\n<meta name=\"twitter:label1\" content=\"Yazan:\" \/>\n\t<meta name=\"twitter:data1\" content=\"Tar\u0131k\" \/>\n\t<meta name=\"twitter:label2\" content=\"Tahmini okuma s\u00fcresi\" \/>\n\t<meta name=\"twitter:data2\" content=\"1 dakika\" \/>\n<script type=\"application\/ld+json\" class=\"yoast-schema-graph\">{\"@context\":\"https:\/\/schema.org\",\"@graph\":[{\"@type\":\"Article\",\"@id\":\"https:\/\/narteks.net\/index.php\/2009\/03\/13\/kucukten-gormedim-ana-kucagi\/#article\",\"isPartOf\":{\"@id\":\"https:\/\/narteks.net\/index.php\/2009\/03\/13\/kucukten-gormedim-ana-kucagi\/\"},\"author\":{\"name\":\"Tar\u0131k\",\"@id\":\"https:\/\/narteks.net\/#\/schema\/person\/61f37d9834294b72d31d274e7ed79bca\"},\"headline\":\"K\u00fc\u00e7\u00fckten G\u00f6rmedim Ana Kuca\u011f\u0131\",\"datePublished\":\"2009-03-13T19:58:36+00:00\",\"mainEntityOfPage\":{\"@id\":\"https:\/\/narteks.net\/index.php\/2009\/03\/13\/kucukten-gormedim-ana-kucagi\/\"},\"wordCount\":236,\"commentCount\":0,\"publisher\":{\"@id\":\"https:\/\/narteks.net\/#organization\"},\"articleSection\":[\"\u00d6yk\u00fcleriyle T\u00fcrk\u00fcler\"],\"inLanguage\":\"tr\",\"potentialAction\":[{\"@type\":\"CommentAction\",\"name\":\"Comment\",\"target\":[\"https:\/\/narteks.net\/index.php\/2009\/03\/13\/kucukten-gormedim-ana-kucagi\/#respond\"]}]},{\"@type\":\"WebPage\",\"@id\":\"https:\/\/narteks.net\/index.php\/2009\/03\/13\/kucukten-gormedim-ana-kucagi\/\",\"url\":\"https:\/\/narteks.net\/index.php\/2009\/03\/13\/kucukten-gormedim-ana-kucagi\/\",\"name\":\"K\u00fc\u00e7\u00fckten G\u00f6rmedim Ana Kuca\u011f\u0131 - narteks.net\",\"isPartOf\":{\"@id\":\"https:\/\/narteks.net\/#website\"},\"datePublished\":\"2009-03-13T19:58:36+00:00\",\"breadcrumb\":{\"@id\":\"https:\/\/narteks.net\/index.php\/2009\/03\/13\/kucukten-gormedim-ana-kucagi\/#breadcrumb\"},\"inLanguage\":\"tr\",\"potentialAction\":[{\"@type\":\"ReadAction\",\"target\":[\"https:\/\/narteks.net\/index.php\/2009\/03\/13\/kucukten-gormedim-ana-kucagi\/\"]}]},{\"@type\":\"BreadcrumbList\",\"@id\":\"https:\/\/narteks.net\/index.php\/2009\/03\/13\/kucukten-gormedim-ana-kucagi\/#breadcrumb\",\"itemListElement\":[{\"@type\":\"ListItem\",\"position\":1,\"name\":\"Anasayfa\",\"item\":\"https:\/\/narteks.net\/\"},{\"@type\":\"ListItem\",\"position\":2,\"name\":\"K\u00fc\u00e7\u00fckten G\u00f6rmedim Ana Kuca\u011f\u0131\"}]},{\"@type\":\"WebSite\",\"@id\":\"https:\/\/narteks.net\/#website\",\"url\":\"https:\/\/narteks.net\/\",\"name\":\"narteks.net\",\"description\":\"K\u00fclt\u00fcr Sanat Edebiyat Felsefe\",\"publisher\":{\"@id\":\"https:\/\/narteks.net\/#organization\"},\"alternateName\":\"K\u00fclt\u00fcr Sanat Edebiyat Felsefe\",\"potentialAction\":[{\"@type\":\"SearchAction\",\"target\":{\"@type\":\"EntryPoint\",\"urlTemplate\":\"https:\/\/narteks.net\/?s={search_term_string}\"},\"query-input\":{\"@type\":\"PropertyValueSpecification\",\"valueRequired\":true,\"valueName\":\"search_term_string\"}}],\"inLanguage\":\"tr\"},{\"@type\":\"Organization\",\"@id\":\"https:\/\/narteks.net\/#organization\",\"name\":\"narteks.net\",\"url\":\"https:\/\/narteks.net\/\",\"logo\":{\"@type\":\"ImageObject\",\"inLanguage\":\"tr\",\"@id\":\"https:\/\/narteks.net\/#\/schema\/logo\/image\/\",\"url\":\"https:\/\/narteks.net\/wp-content\/uploads\/narteks.png\",\"contentUrl\":\"https:\/\/narteks.net\/wp-content\/uploads\/narteks.png\",\"width\":300,\"height\":90,\"caption\":\"narteks.net\"},\"image\":{\"@id\":\"https:\/\/narteks.net\/#\/schema\/logo\/image\/\"},\"sameAs\":[\"https:\/\/x.com\/narteks\",\"https:\/\/instagram.com\/narteksnet\"]},{\"@type\":\"Person\",\"@id\":\"https:\/\/narteks.net\/#\/schema\/person\/61f37d9834294b72d31d274e7ed79bca\",\"name\":\"Tar\u0131k\",\"image\":{\"@type\":\"ImageObject\",\"inLanguage\":\"tr\",\"@id\":\"https:\/\/narteks.net\/#\/schema\/person\/image\/\",\"url\":\"https:\/\/secure.gravatar.com\/avatar\/50865afb55632c4ae467e0af0930f6510aa2297d8014be502a55b14f3b7550cf?s=96&d=mm&r=g\",\"contentUrl\":\"https:\/\/secure.gravatar.com\/avatar\/50865afb55632c4ae467e0af0930f6510aa2297d8014be502a55b14f3b7550cf?s=96&d=mm&r=g\",\"caption\":\"Tar\u0131k\"},\"sameAs\":[\"http:\/\/narteks.net\"],\"url\":\"https:\/\/narteks.net\/index.php\/author\/narbak\/\"}]}<\/script>\n<!-- \/ Yoast SEO Premium plugin. -->","yoast_head_json":{"title":"K\u00fc\u00e7\u00fckten G\u00f6rmedim Ana Kuca\u011f\u0131 - narteks.net","robots":{"index":"index","follow":"follow","max-snippet":"max-snippet:-1","max-image-preview":"max-image-preview:large","max-video-preview":"max-video-preview:-1"},"canonical":"https:\/\/narteks.net\/index.php\/2009\/03\/13\/kucukten-gormedim-ana-kucagi\/","og_locale":"tr_TR","og_type":"article","og_title":"K\u00fc\u00e7\u00fckten G\u00f6rmedim Ana Kuca\u011f\u0131","og_description":"K\u00fc\u00e7\u00fckten G\u00f6rmedim Ana Kuca\u011f\u0131 Ali Ercan, Kara Ka\u015f G\u00f6zlerin Elmas ve Ni\u011fde T\u00fcrk\u00fcleri adl\u0131 kitab\u0131nda &#8220;Mustafa Songur&#8221; isminde bir ki\u015fiden dinledi\u011fi bu t\u00fcrk\u00fcn\u00fcn hikayesini aynen \u015f\u00f6yle anlatmaktad\u0131r: &#8220;Bir bu\u00e7uk as\u0131r evvelden beri Ni\u011fde&#8217;nin Dikilita\u015f, Ferhenk, Kavlaktepe,\u00a0 Badamderesi ve \u00c7amard\u0131 k\u00f6yleri aras\u0131ndan Ulu yol diye bir yol ge\u00e7er. O tarihlerde Erzurum&#8217;dan hareket eden kervanc\u0131 bu yolu [&hellip;]","og_url":"https:\/\/narteks.net\/index.php\/2009\/03\/13\/kucukten-gormedim-ana-kucagi\/","og_site_name":"narteks.net","article_published_time":"2009-03-13T19:58:36+00:00","og_image":[{"width":300,"height":90,"url":"https:\/\/narteks.net\/wp-content\/uploads\/narteks.png","type":"image\/png"}],"author":"Tar\u0131k","twitter_card":"summary_large_image","twitter_creator":"@narteks","twitter_site":"@narteks","twitter_misc":{"Yazan:":"Tar\u0131k","Tahmini okuma s\u00fcresi":"1 dakika"},"schema":{"@context":"https:\/\/schema.org","@graph":[{"@type":"Article","@id":"https:\/\/narteks.net\/index.php\/2009\/03\/13\/kucukten-gormedim-ana-kucagi\/#article","isPartOf":{"@id":"https:\/\/narteks.net\/index.php\/2009\/03\/13\/kucukten-gormedim-ana-kucagi\/"},"author":{"name":"Tar\u0131k","@id":"https:\/\/narteks.net\/#\/schema\/person\/61f37d9834294b72d31d274e7ed79bca"},"headline":"K\u00fc\u00e7\u00fckten G\u00f6rmedim Ana Kuca\u011f\u0131","datePublished":"2009-03-13T19:58:36+00:00","mainEntityOfPage":{"@id":"https:\/\/narteks.net\/index.php\/2009\/03\/13\/kucukten-gormedim-ana-kucagi\/"},"wordCount":236,"commentCount":0,"publisher":{"@id":"https:\/\/narteks.net\/#organization"},"articleSection":["\u00d6yk\u00fcleriyle T\u00fcrk\u00fcler"],"inLanguage":"tr","potentialAction":[{"@type":"CommentAction","name":"Comment","target":["https:\/\/narteks.net\/index.php\/2009\/03\/13\/kucukten-gormedim-ana-kucagi\/#respond"]}]},{"@type":"WebPage","@id":"https:\/\/narteks.net\/index.php\/2009\/03\/13\/kucukten-gormedim-ana-kucagi\/","url":"https:\/\/narteks.net\/index.php\/2009\/03\/13\/kucukten-gormedim-ana-kucagi\/","name":"K\u00fc\u00e7\u00fckten G\u00f6rmedim Ana Kuca\u011f\u0131 - narteks.net","isPartOf":{"@id":"https:\/\/narteks.net\/#website"},"datePublished":"2009-03-13T19:58:36+00:00","breadcrumb":{"@id":"https:\/\/narteks.net\/index.php\/2009\/03\/13\/kucukten-gormedim-ana-kucagi\/#breadcrumb"},"inLanguage":"tr","potentialAction":[{"@type":"ReadAction","target":["https:\/\/narteks.net\/index.php\/2009\/03\/13\/kucukten-gormedim-ana-kucagi\/"]}]},{"@type":"BreadcrumbList","@id":"https:\/\/narteks.net\/index.php\/2009\/03\/13\/kucukten-gormedim-ana-kucagi\/#breadcrumb","itemListElement":[{"@type":"ListItem","position":1,"name":"Anasayfa","item":"https:\/\/narteks.net\/"},{"@type":"ListItem","position":2,"name":"K\u00fc\u00e7\u00fckten G\u00f6rmedim Ana Kuca\u011f\u0131"}]},{"@type":"WebSite","@id":"https:\/\/narteks.net\/#website","url":"https:\/\/narteks.net\/","name":"narteks.net","description":"K\u00fclt\u00fcr Sanat Edebiyat Felsefe","publisher":{"@id":"https:\/\/narteks.net\/#organization"},"alternateName":"K\u00fclt\u00fcr Sanat Edebiyat Felsefe","potentialAction":[{"@type":"SearchAction","target":{"@type":"EntryPoint","urlTemplate":"https:\/\/narteks.net\/?s={search_term_string}"},"query-input":{"@type":"PropertyValueSpecification","valueRequired":true,"valueName":"search_term_string"}}],"inLanguage":"tr"},{"@type":"Organization","@id":"https:\/\/narteks.net\/#organization","name":"narteks.net","url":"https:\/\/narteks.net\/","logo":{"@type":"ImageObject","inLanguage":"tr","@id":"https:\/\/narteks.net\/#\/schema\/logo\/image\/","url":"https:\/\/narteks.net\/wp-content\/uploads\/narteks.png","contentUrl":"https:\/\/narteks.net\/wp-content\/uploads\/narteks.png","width":300,"height":90,"caption":"narteks.net"},"image":{"@id":"https:\/\/narteks.net\/#\/schema\/logo\/image\/"},"sameAs":["https:\/\/x.com\/narteks","https:\/\/instagram.com\/narteksnet"]},{"@type":"Person","@id":"https:\/\/narteks.net\/#\/schema\/person\/61f37d9834294b72d31d274e7ed79bca","name":"Tar\u0131k","image":{"@type":"ImageObject","inLanguage":"tr","@id":"https:\/\/narteks.net\/#\/schema\/person\/image\/","url":"https:\/\/secure.gravatar.com\/avatar\/50865afb55632c4ae467e0af0930f6510aa2297d8014be502a55b14f3b7550cf?s=96&d=mm&r=g","contentUrl":"https:\/\/secure.gravatar.com\/avatar\/50865afb55632c4ae467e0af0930f6510aa2297d8014be502a55b14f3b7550cf?s=96&d=mm&r=g","caption":"Tar\u0131k"},"sameAs":["http:\/\/narteks.net"],"url":"https:\/\/narteks.net\/index.php\/author\/narbak\/"}]}},"_links":{"self":[{"href":"https:\/\/narteks.net\/index.php\/wp-json\/wp\/v2\/posts\/442","targetHints":{"allow":["GET"]}}],"collection":[{"href":"https:\/\/narteks.net\/index.php\/wp-json\/wp\/v2\/posts"}],"about":[{"href":"https:\/\/narteks.net\/index.php\/wp-json\/wp\/v2\/types\/post"}],"author":[{"embeddable":true,"href":"https:\/\/narteks.net\/index.php\/wp-json\/wp\/v2\/users\/1"}],"replies":[{"embeddable":true,"href":"https:\/\/narteks.net\/index.php\/wp-json\/wp\/v2\/comments?post=442"}],"version-history":[{"count":0,"href":"https:\/\/narteks.net\/index.php\/wp-json\/wp\/v2\/posts\/442\/revisions"}],"wp:attachment":[{"href":"https:\/\/narteks.net\/index.php\/wp-json\/wp\/v2\/media?parent=442"}],"wp:term":[{"taxonomy":"category","embeddable":true,"href":"https:\/\/narteks.net\/index.php\/wp-json\/wp\/v2\/categories?post=442"},{"taxonomy":"post_tag","embeddable":true,"href":"https:\/\/narteks.net\/index.php\/wp-json\/wp\/v2\/tags?post=442"}],"curies":[{"name":"wp","href":"https:\/\/api.w.org\/{rel}","templated":true}]}}