{"id":4421,"date":"2010-03-26T15:55:07","date_gmt":"2010-03-26T12:55:07","guid":{"rendered":"http:\/\/localhost\/wordpress\/2010\/03\/26\/yeryuzunun-havvasi-erkan-kucuk\/"},"modified":"2010-03-26T15:55:07","modified_gmt":"2010-03-26T12:55:07","slug":"yeryuzunun-havvasi-erkan-kucuk","status":"publish","type":"post","link":"https:\/\/narteks.net\/index.php\/2010\/03\/26\/yeryuzunun-havvasi-erkan-kucuk\/","title":{"rendered":"Yery\u00fcz\u00fcn\u00fcn Havvas\u0131 | Erkan K\u00fc\u00e7\u00fck"},"content":{"rendered":"<p style=\"text-align: justify;\">Cennet bah\u00e7esinde Tanr\u0131n\u0131n besledi\u011fi iki hayvanc\u0131kt\u0131k. Hi\u00e7bir s\u0131k\u0131nt\u0131m\u0131z yoktu, belki de ger\u00e7ekten hissetmeyi bilmeyi\u015fimizden sonsuza de\u011fin oldu\u011fumuz yerde \u00f6ylece kalsak s\u0131k\u0131lmayacakt\u0131k. Hi\u00e7 \u00fc\u015f\u00fcmedik, terlemedik; s\u0131cak ne demek so\u011fuk ne demekti. A\u00e7 de\u011fildik, hi\u00e7 susamad\u0131k. Sessizdi ortal\u0131k, konu\u015fan kimse yoktu. Tanr\u0131n\u0131n bir \u00e7ift uslu hayvanc\u0131\u011f\u0131yd\u0131k bah\u00e7esinde besledi\u011fi. Bize isim bile vermi\u015fti, ben Havva, o Adem\u2019di. Birbirimize benziyorduk. Yaln\u0131z baz\u0131 yerlerimiz farkl\u0131yd\u0131 birbirinden. Benim g\u00f6\u011fs\u00fcm daha b\u00fcy\u00fck ve yumu\u015fakt\u0131. Onunda \u00f6n\u00fcnde uzun bir \u015fey vard\u0131. Bunlar\u0131n neye yarad\u0131\u011f\u0131n\u0131 bilmiyorduk o zaman.<\/p>\n<p style=\"text-align: justify;\">Hi\u00e7 s\u00f6nmeyen bir nurla kaplanm\u0131\u015ft\u0131 bah\u00e7emiz. Sonra o bildik olaylar oldu. Nur s\u00f6nd\u00fc. Tanr\u0131n\u0131n bize kendi diliyle bildirdi\u011fi yasay\u0131 \u00e7i\u011fnedik. T\u00fcm iyi niyetimle- k\u00f6t\u00fcl\u00fck yoktu ki- o k\u0131rm\u0131z\u0131 elmay\u0131 dal\u0131ndan kopar\u0131p bir \u0131s\u0131r\u0131k ald\u0131m ondan. Bana bunu a\u011faca sar\u0131lm\u0131\u015f olan, Adem\u2019in uzun \u015feyine benzeyen, bir hayvanc\u0131k \u00f6\u011f\u00fctledi. \u201cElmay\u0131 ye, ye onu, ye\u201d dedi. Is\u0131rd\u0131m.\u00a0 Ve her \u015fey birden bire ba\u015fka oldu. Daha \u00f6nce g\u00f6remedi\u011fim \u015feyleri g\u00f6rd\u00fcm. Tenimle hissedemedi\u011fim \u015feyleri hissetmeye ba\u015flad\u0131m. Kendime bile dokundum. Kalbimin at\u0131\u015f\u0131n\u0131 duyabiliyordum, heyecan denen \u015feyi o zaman \u00f6\u011frendim. Sevdim t\u00fcm bu olanlar\u0131.\u00a0 G\u00fczellik yaln\u0131z bana ait olsun istemedim, Adem\u2019e de anlatt\u0131m, anlamad\u0131. Ben de ona elmadan verdim, \u0131s\u0131rd\u0131. Kendini, beni ve ger\u00e7e\u011fi g\u00f6rd\u00fc.<\/p>\n<p>Bu olanlar Tanr\u0131\u2019n\u0131n kula\u011f\u0131na gitti\u011finde b\u00fcy\u00fck bir hiddete kap\u0131ld\u0131. Ate\u015fler sa\u00e7arak g\u00f6r\u00fcnd\u00fc bize. Ondan \u00e7ok korktuk. Adem\u2019le birbirimize sokulduk korkudan korunmak i\u00e7in. Titredik \u00e7ok. Sonra Tanr\u0131n\u0131n hiddeti so\u011fudu, ac\u0131d\u0131 bize. Ve uykuya dald\u0131k orac\u0131kta.<\/p>\n<p>G\u00f6zlerimizi a\u00e7t\u0131\u011f\u0131m\u0131zda \u015fu an ya\u015fad\u0131\u011f\u0131m\u0131z bu yerde kendimizi bulduk. Titriyorduk, karn\u0131m\u0131zda sanc\u0131lar vard\u0131, korkuyorduk. Zamanla t\u00fcm bunlar\u0131n ne anlama geldi\u011fini kavrad\u0131k. \u00d6\u011frendik her \u015feyi. So\u011fukta \u00fc\u015f\u00fcy\u00fcp s\u0131cakta terliyorduk. Karn\u0131m\u0131z ac\u0131kt\u0131\u011f\u0131nda bir sanc\u0131 giriyordu midemize. Kar\u0131nlar\u0131m\u0131z\u0131 doyurup susuzlu\u011fumuzu giderince belimizin alt\u0131ndaki deliklerden bir \u015feyler \u00e7\u0131kart\u0131yorduk. Sonra di\u011fer hayvanlar\u0131 izleyip \u00e7iftle\u015fmeyi \u00f6\u011frendik, \u00e7ok ho\u015fumuza gitti bu. Bir s\u00fcr\u00fc \u00e7ocu\u011fumuz oldu, emzirdim onlar\u0131.<\/p>\n<p>Y\u00fczy\u0131llar ge\u00e7ti kovuldu\u011fumuzdan beri. \u015eimdi d\u00fc\u015f\u00fcn\u00fcnce \u00f6fkeye kap\u0131l\u0131yorum. Me\u011fer Tanr\u0131n\u0131n plan\u0131ym\u0131\u015f her \u015fey. Cennette sonsuza de\u011fin kalmayaca\u011f\u0131m\u0131z, oradan d\u00fcnyaya s\u00fcrg\u00fcn edilece\u011fimiz en ba\u015f\u0131ndan belliymi\u015f. Yoksa neden cennete hi\u00e7bir anlam\u0131 olmayan, kullan\u0131lmayan organlar\u0131 bize vermi\u015f olsun ki Tanr\u0131. Neden g\u00f6\u011f\u00fcslerim vard\u0131 benim. Dillerimiz neden vard\u0131.Ademin belinde uzun \u015fey, bende neden bo\u015fluk vard\u0131. <\/p>\n<p>Demek ki en ba\u015f\u0131ndan \u00fczerimize bir su\u00e7 at\u0131p bizi oradan kovmakm\u0131\u015f niyeti. Ne sa\u00e7ma bir oyunmu\u015f bu. Tanr\u0131n\u0131n bu \u00e7ocuklu\u011fu kar\u015f\u0131s\u0131nda ne demeli bilmiyorum. Bunlar\u0131 Adem\u2019e de s\u00f6yledim. Beni anlamad\u0131. O her zamanki gibi eve yiyecek getirip, bizi vah\u015fi hayvanlardan koruyup geceleri de benimle birlikte oluyor. S\u0131k s\u0131k Tanr\u0131dan af diliyor. Ben ise kendimle konu\u015fuyorum \u00e7aresiz. <\/p>\n<p>Erkan k\u00fc\u00e7\u00fck<\/p>\n","protected":false},"excerpt":{"rendered":"<p>Cennet bah\u00e7esinde Tanr\u0131n\u0131n besledi\u011fi iki hayvanc\u0131kt\u0131k. Hi\u00e7bir s\u0131k\u0131nt\u0131m\u0131z yoktu, belki de ger\u00e7ekten hissetmeyi bilmeyi\u015fimizden sonsuza de\u011fin oldu\u011fumuz yerde \u00f6ylece kalsak s\u0131k\u0131lmayacakt\u0131k. Hi\u00e7 \u00fc\u015f\u00fcmedik, terlemedik; s\u0131cak ne demek so\u011fuk ne demekti. A\u00e7 de\u011fildik, hi\u00e7 susamad\u0131k. Sessizdi ortal\u0131k, konu\u015fan kimse yoktu. Tanr\u0131n\u0131n bir \u00e7ift uslu hayvanc\u0131\u011f\u0131yd\u0131k bah\u00e7esinde besledi\u011fi. Bize isim bile vermi\u015fti, ben Havva, o Adem\u2019di. Birbirimize [&hellip;]<\/p>\n","protected":false},"author":1,"featured_media":0,"comment_status":"open","ping_status":"open","sticky":false,"template":"","format":"standard","meta":{"footnotes":""},"categories":[140],"tags":[],"class_list":{"0":"post-4421","1":"post","2":"type-post","3":"status-publish","4":"format-standard","6":"category-erkan-kucuk-makale"},"yoast_head":"<!-- This site is optimized with the Yoast SEO Premium plugin v24.9 (Yoast SEO v24.9) - https:\/\/yoast.com\/wordpress\/plugins\/seo\/ -->\n<title>Yery\u00fcz\u00fcn\u00fcn Havvas\u0131 | Erkan K\u00fc\u00e7\u00fck - narteks.net<\/title>\n<meta name=\"robots\" content=\"index, follow, max-snippet:-1, max-image-preview:large, max-video-preview:-1\" \/>\n<link rel=\"canonical\" href=\"https:\/\/narteks.net\/index.php\/2010\/03\/26\/yeryuzunun-havvasi-erkan-kucuk\/\" \/>\n<meta property=\"og:locale\" content=\"tr_TR\" \/>\n<meta property=\"og:type\" content=\"article\" \/>\n<meta property=\"og:title\" content=\"Yery\u00fcz\u00fcn\u00fcn Havvas\u0131 | Erkan K\u00fc\u00e7\u00fck\" \/>\n<meta property=\"og:description\" content=\"Cennet bah\u00e7esinde Tanr\u0131n\u0131n besledi\u011fi iki hayvanc\u0131kt\u0131k. Hi\u00e7bir s\u0131k\u0131nt\u0131m\u0131z yoktu, belki de ger\u00e7ekten hissetmeyi bilmeyi\u015fimizden sonsuza de\u011fin oldu\u011fumuz yerde \u00f6ylece kalsak s\u0131k\u0131lmayacakt\u0131k. Hi\u00e7 \u00fc\u015f\u00fcmedik, terlemedik; s\u0131cak ne demek so\u011fuk ne demekti. A\u00e7 de\u011fildik, hi\u00e7 susamad\u0131k. Sessizdi ortal\u0131k, konu\u015fan kimse yoktu. Tanr\u0131n\u0131n bir \u00e7ift uslu hayvanc\u0131\u011f\u0131yd\u0131k bah\u00e7esinde besledi\u011fi. Bize isim bile vermi\u015fti, ben Havva, o Adem\u2019di. Birbirimize [&hellip;]\" \/>\n<meta property=\"og:url\" content=\"https:\/\/narteks.net\/index.php\/2010\/03\/26\/yeryuzunun-havvasi-erkan-kucuk\/\" \/>\n<meta property=\"og:site_name\" content=\"narteks.net\" \/>\n<meta property=\"article:published_time\" content=\"2010-03-26T12:55:07+00:00\" \/>\n<meta property=\"og:image\" content=\"https:\/\/narteks.net\/wp-content\/uploads\/narteks.png\" \/>\n\t<meta property=\"og:image:width\" content=\"300\" \/>\n\t<meta property=\"og:image:height\" content=\"90\" \/>\n\t<meta property=\"og:image:type\" content=\"image\/png\" \/>\n<meta name=\"author\" content=\"Tar\u0131k\" \/>\n<meta name=\"twitter:card\" content=\"summary_large_image\" \/>\n<meta name=\"twitter:creator\" content=\"@narteks\" \/>\n<meta name=\"twitter:site\" content=\"@narteks\" \/>\n<meta name=\"twitter:label1\" content=\"Yazan:\" \/>\n\t<meta name=\"twitter:data1\" content=\"Tar\u0131k\" \/>\n\t<meta name=\"twitter:label2\" content=\"Tahmini okuma s\u00fcresi\" \/>\n\t<meta name=\"twitter:data2\" content=\"3 dakika\" \/>\n<script type=\"application\/ld+json\" class=\"yoast-schema-graph\">{\"@context\":\"https:\/\/schema.org\",\"@graph\":[{\"@type\":\"Article\",\"@id\":\"https:\/\/narteks.net\/index.php\/2010\/03\/26\/yeryuzunun-havvasi-erkan-kucuk\/#article\",\"isPartOf\":{\"@id\":\"https:\/\/narteks.net\/index.php\/2010\/03\/26\/yeryuzunun-havvasi-erkan-kucuk\/\"},\"author\":{\"name\":\"Tar\u0131k\",\"@id\":\"https:\/\/narteks.net\/#\/schema\/person\/61f37d9834294b72d31d274e7ed79bca\"},\"headline\":\"Yery\u00fcz\u00fcn\u00fcn Havvas\u0131 | Erkan K\u00fc\u00e7\u00fck\",\"datePublished\":\"2010-03-26T12:55:07+00:00\",\"mainEntityOfPage\":{\"@id\":\"https:\/\/narteks.net\/index.php\/2010\/03\/26\/yeryuzunun-havvasi-erkan-kucuk\/\"},\"wordCount\":575,\"commentCount\":0,\"publisher\":{\"@id\":\"https:\/\/narteks.net\/#organization\"},\"articleSection\":[\"Erkan K\u00fc\u00e7\u00fck (Makale)\"],\"inLanguage\":\"tr\",\"potentialAction\":[{\"@type\":\"CommentAction\",\"name\":\"Comment\",\"target\":[\"https:\/\/narteks.net\/index.php\/2010\/03\/26\/yeryuzunun-havvasi-erkan-kucuk\/#respond\"]}]},{\"@type\":\"WebPage\",\"@id\":\"https:\/\/narteks.net\/index.php\/2010\/03\/26\/yeryuzunun-havvasi-erkan-kucuk\/\",\"url\":\"https:\/\/narteks.net\/index.php\/2010\/03\/26\/yeryuzunun-havvasi-erkan-kucuk\/\",\"name\":\"Yery\u00fcz\u00fcn\u00fcn Havvas\u0131 | Erkan K\u00fc\u00e7\u00fck - narteks.net\",\"isPartOf\":{\"@id\":\"https:\/\/narteks.net\/#website\"},\"datePublished\":\"2010-03-26T12:55:07+00:00\",\"breadcrumb\":{\"@id\":\"https:\/\/narteks.net\/index.php\/2010\/03\/26\/yeryuzunun-havvasi-erkan-kucuk\/#breadcrumb\"},\"inLanguage\":\"tr\",\"potentialAction\":[{\"@type\":\"ReadAction\",\"target\":[\"https:\/\/narteks.net\/index.php\/2010\/03\/26\/yeryuzunun-havvasi-erkan-kucuk\/\"]}]},{\"@type\":\"BreadcrumbList\",\"@id\":\"https:\/\/narteks.net\/index.php\/2010\/03\/26\/yeryuzunun-havvasi-erkan-kucuk\/#breadcrumb\",\"itemListElement\":[{\"@type\":\"ListItem\",\"position\":1,\"name\":\"Anasayfa\",\"item\":\"https:\/\/narteks.net\/\"},{\"@type\":\"ListItem\",\"position\":2,\"name\":\"Yery\u00fcz\u00fcn\u00fcn Havvas\u0131 | Erkan K\u00fc\u00e7\u00fck\"}]},{\"@type\":\"WebSite\",\"@id\":\"https:\/\/narteks.net\/#website\",\"url\":\"https:\/\/narteks.net\/\",\"name\":\"narteks.net\",\"description\":\"K\u00fclt\u00fcr Sanat Edebiyat Felsefe\",\"publisher\":{\"@id\":\"https:\/\/narteks.net\/#organization\"},\"alternateName\":\"K\u00fclt\u00fcr Sanat Edebiyat Felsefe\",\"potentialAction\":[{\"@type\":\"SearchAction\",\"target\":{\"@type\":\"EntryPoint\",\"urlTemplate\":\"https:\/\/narteks.net\/?s={search_term_string}\"},\"query-input\":{\"@type\":\"PropertyValueSpecification\",\"valueRequired\":true,\"valueName\":\"search_term_string\"}}],\"inLanguage\":\"tr\"},{\"@type\":\"Organization\",\"@id\":\"https:\/\/narteks.net\/#organization\",\"name\":\"narteks.net\",\"url\":\"https:\/\/narteks.net\/\",\"logo\":{\"@type\":\"ImageObject\",\"inLanguage\":\"tr\",\"@id\":\"https:\/\/narteks.net\/#\/schema\/logo\/image\/\",\"url\":\"https:\/\/narteks.net\/wp-content\/uploads\/narteks.png\",\"contentUrl\":\"https:\/\/narteks.net\/wp-content\/uploads\/narteks.png\",\"width\":300,\"height\":90,\"caption\":\"narteks.net\"},\"image\":{\"@id\":\"https:\/\/narteks.net\/#\/schema\/logo\/image\/\"},\"sameAs\":[\"https:\/\/x.com\/narteks\",\"https:\/\/instagram.com\/narteksnet\"]},{\"@type\":\"Person\",\"@id\":\"https:\/\/narteks.net\/#\/schema\/person\/61f37d9834294b72d31d274e7ed79bca\",\"name\":\"Tar\u0131k\",\"image\":{\"@type\":\"ImageObject\",\"inLanguage\":\"tr\",\"@id\":\"https:\/\/narteks.net\/#\/schema\/person\/image\/\",\"url\":\"https:\/\/secure.gravatar.com\/avatar\/50865afb55632c4ae467e0af0930f6510aa2297d8014be502a55b14f3b7550cf?s=96&d=mm&r=g\",\"contentUrl\":\"https:\/\/secure.gravatar.com\/avatar\/50865afb55632c4ae467e0af0930f6510aa2297d8014be502a55b14f3b7550cf?s=96&d=mm&r=g\",\"caption\":\"Tar\u0131k\"},\"sameAs\":[\"http:\/\/narteks.net\"],\"url\":\"https:\/\/narteks.net\/index.php\/author\/narbak\/\"}]}<\/script>\n<!-- \/ Yoast SEO Premium plugin. -->","yoast_head_json":{"title":"Yery\u00fcz\u00fcn\u00fcn Havvas\u0131 | Erkan K\u00fc\u00e7\u00fck - narteks.net","robots":{"index":"index","follow":"follow","max-snippet":"max-snippet:-1","max-image-preview":"max-image-preview:large","max-video-preview":"max-video-preview:-1"},"canonical":"https:\/\/narteks.net\/index.php\/2010\/03\/26\/yeryuzunun-havvasi-erkan-kucuk\/","og_locale":"tr_TR","og_type":"article","og_title":"Yery\u00fcz\u00fcn\u00fcn Havvas\u0131 | Erkan K\u00fc\u00e7\u00fck","og_description":"Cennet bah\u00e7esinde Tanr\u0131n\u0131n besledi\u011fi iki hayvanc\u0131kt\u0131k. Hi\u00e7bir s\u0131k\u0131nt\u0131m\u0131z yoktu, belki de ger\u00e7ekten hissetmeyi bilmeyi\u015fimizden sonsuza de\u011fin oldu\u011fumuz yerde \u00f6ylece kalsak s\u0131k\u0131lmayacakt\u0131k. Hi\u00e7 \u00fc\u015f\u00fcmedik, terlemedik; s\u0131cak ne demek so\u011fuk ne demekti. A\u00e7 de\u011fildik, hi\u00e7 susamad\u0131k. Sessizdi ortal\u0131k, konu\u015fan kimse yoktu. Tanr\u0131n\u0131n bir \u00e7ift uslu hayvanc\u0131\u011f\u0131yd\u0131k bah\u00e7esinde besledi\u011fi. Bize isim bile vermi\u015fti, ben Havva, o Adem\u2019di. Birbirimize [&hellip;]","og_url":"https:\/\/narteks.net\/index.php\/2010\/03\/26\/yeryuzunun-havvasi-erkan-kucuk\/","og_site_name":"narteks.net","article_published_time":"2010-03-26T12:55:07+00:00","og_image":[{"width":300,"height":90,"url":"https:\/\/narteks.net\/wp-content\/uploads\/narteks.png","type":"image\/png"}],"author":"Tar\u0131k","twitter_card":"summary_large_image","twitter_creator":"@narteks","twitter_site":"@narteks","twitter_misc":{"Yazan:":"Tar\u0131k","Tahmini okuma s\u00fcresi":"3 dakika"},"schema":{"@context":"https:\/\/schema.org","@graph":[{"@type":"Article","@id":"https:\/\/narteks.net\/index.php\/2010\/03\/26\/yeryuzunun-havvasi-erkan-kucuk\/#article","isPartOf":{"@id":"https:\/\/narteks.net\/index.php\/2010\/03\/26\/yeryuzunun-havvasi-erkan-kucuk\/"},"author":{"name":"Tar\u0131k","@id":"https:\/\/narteks.net\/#\/schema\/person\/61f37d9834294b72d31d274e7ed79bca"},"headline":"Yery\u00fcz\u00fcn\u00fcn Havvas\u0131 | Erkan K\u00fc\u00e7\u00fck","datePublished":"2010-03-26T12:55:07+00:00","mainEntityOfPage":{"@id":"https:\/\/narteks.net\/index.php\/2010\/03\/26\/yeryuzunun-havvasi-erkan-kucuk\/"},"wordCount":575,"commentCount":0,"publisher":{"@id":"https:\/\/narteks.net\/#organization"},"articleSection":["Erkan K\u00fc\u00e7\u00fck (Makale)"],"inLanguage":"tr","potentialAction":[{"@type":"CommentAction","name":"Comment","target":["https:\/\/narteks.net\/index.php\/2010\/03\/26\/yeryuzunun-havvasi-erkan-kucuk\/#respond"]}]},{"@type":"WebPage","@id":"https:\/\/narteks.net\/index.php\/2010\/03\/26\/yeryuzunun-havvasi-erkan-kucuk\/","url":"https:\/\/narteks.net\/index.php\/2010\/03\/26\/yeryuzunun-havvasi-erkan-kucuk\/","name":"Yery\u00fcz\u00fcn\u00fcn Havvas\u0131 | Erkan K\u00fc\u00e7\u00fck - narteks.net","isPartOf":{"@id":"https:\/\/narteks.net\/#website"},"datePublished":"2010-03-26T12:55:07+00:00","breadcrumb":{"@id":"https:\/\/narteks.net\/index.php\/2010\/03\/26\/yeryuzunun-havvasi-erkan-kucuk\/#breadcrumb"},"inLanguage":"tr","potentialAction":[{"@type":"ReadAction","target":["https:\/\/narteks.net\/index.php\/2010\/03\/26\/yeryuzunun-havvasi-erkan-kucuk\/"]}]},{"@type":"BreadcrumbList","@id":"https:\/\/narteks.net\/index.php\/2010\/03\/26\/yeryuzunun-havvasi-erkan-kucuk\/#breadcrumb","itemListElement":[{"@type":"ListItem","position":1,"name":"Anasayfa","item":"https:\/\/narteks.net\/"},{"@type":"ListItem","position":2,"name":"Yery\u00fcz\u00fcn\u00fcn Havvas\u0131 | Erkan K\u00fc\u00e7\u00fck"}]},{"@type":"WebSite","@id":"https:\/\/narteks.net\/#website","url":"https:\/\/narteks.net\/","name":"narteks.net","description":"K\u00fclt\u00fcr Sanat Edebiyat Felsefe","publisher":{"@id":"https:\/\/narteks.net\/#organization"},"alternateName":"K\u00fclt\u00fcr Sanat Edebiyat Felsefe","potentialAction":[{"@type":"SearchAction","target":{"@type":"EntryPoint","urlTemplate":"https:\/\/narteks.net\/?s={search_term_string}"},"query-input":{"@type":"PropertyValueSpecification","valueRequired":true,"valueName":"search_term_string"}}],"inLanguage":"tr"},{"@type":"Organization","@id":"https:\/\/narteks.net\/#organization","name":"narteks.net","url":"https:\/\/narteks.net\/","logo":{"@type":"ImageObject","inLanguage":"tr","@id":"https:\/\/narteks.net\/#\/schema\/logo\/image\/","url":"https:\/\/narteks.net\/wp-content\/uploads\/narteks.png","contentUrl":"https:\/\/narteks.net\/wp-content\/uploads\/narteks.png","width":300,"height":90,"caption":"narteks.net"},"image":{"@id":"https:\/\/narteks.net\/#\/schema\/logo\/image\/"},"sameAs":["https:\/\/x.com\/narteks","https:\/\/instagram.com\/narteksnet"]},{"@type":"Person","@id":"https:\/\/narteks.net\/#\/schema\/person\/61f37d9834294b72d31d274e7ed79bca","name":"Tar\u0131k","image":{"@type":"ImageObject","inLanguage":"tr","@id":"https:\/\/narteks.net\/#\/schema\/person\/image\/","url":"https:\/\/secure.gravatar.com\/avatar\/50865afb55632c4ae467e0af0930f6510aa2297d8014be502a55b14f3b7550cf?s=96&d=mm&r=g","contentUrl":"https:\/\/secure.gravatar.com\/avatar\/50865afb55632c4ae467e0af0930f6510aa2297d8014be502a55b14f3b7550cf?s=96&d=mm&r=g","caption":"Tar\u0131k"},"sameAs":["http:\/\/narteks.net"],"url":"https:\/\/narteks.net\/index.php\/author\/narbak\/"}]}},"_links":{"self":[{"href":"https:\/\/narteks.net\/index.php\/wp-json\/wp\/v2\/posts\/4421","targetHints":{"allow":["GET"]}}],"collection":[{"href":"https:\/\/narteks.net\/index.php\/wp-json\/wp\/v2\/posts"}],"about":[{"href":"https:\/\/narteks.net\/index.php\/wp-json\/wp\/v2\/types\/post"}],"author":[{"embeddable":true,"href":"https:\/\/narteks.net\/index.php\/wp-json\/wp\/v2\/users\/1"}],"replies":[{"embeddable":true,"href":"https:\/\/narteks.net\/index.php\/wp-json\/wp\/v2\/comments?post=4421"}],"version-history":[{"count":0,"href":"https:\/\/narteks.net\/index.php\/wp-json\/wp\/v2\/posts\/4421\/revisions"}],"wp:attachment":[{"href":"https:\/\/narteks.net\/index.php\/wp-json\/wp\/v2\/media?parent=4421"}],"wp:term":[{"taxonomy":"category","embeddable":true,"href":"https:\/\/narteks.net\/index.php\/wp-json\/wp\/v2\/categories?post=4421"},{"taxonomy":"post_tag","embeddable":true,"href":"https:\/\/narteks.net\/index.php\/wp-json\/wp\/v2\/tags?post=4421"}],"curies":[{"name":"wp","href":"https:\/\/api.w.org\/{rel}","templated":true}]}}