{"id":4422,"date":"2010-03-30T19:53:42","date_gmt":"2010-03-30T16:53:42","guid":{"rendered":"http:\/\/localhost\/wordpress\/2010\/03\/30\/evrenin-gizli-boyutlari-vehbi-bardakci\/"},"modified":"2010-03-30T19:53:42","modified_gmt":"2010-03-30T16:53:42","slug":"evrenin-gizli-boyutlari-vehbi-bardakci","status":"publish","type":"post","link":"https:\/\/narteks.net\/index.php\/2010\/03\/30\/evrenin-gizli-boyutlari-vehbi-bardakci\/","title":{"rendered":"Evrenin Gizli Boyutlar\u0131    Vehbi Bardak\u00e7\u0131"},"content":{"rendered":"<p style=\"text-align: justify;\">D\u00fc\u015f\u00fcnmeye ba\u015flad\u0131\u011f\u0131m\u0131zda, yan\u0131t bekleyen bir tak\u0131m sorularla kar\u015f\u0131la\u015f\u0131yoruz. Evren nedir? Evren ni\u00e7in yarat\u0131ld\u0131, nas\u0131l yarat\u0131ld\u0131? Biz kimiz? Nerden geldik, nereye gidiyoruz? Ge\u00e7mi\u015f, gelecek ve hayat&#8230; Hayat nedir? Ni\u00e7in ya\u015f\u0131yoruz?<\/p>\n<p style=\"text-align: justify;\">Geni\u015fli\u011fini ve derinli\u011fini kavrayamad\u0131\u011f\u0131m\u0131z evrenin gizli boyutlar\u0131n\u0131 da merak ediyoruz. Alg\u0131layamad\u0131\u011f\u0131m\u0131z enerji dalgalar\u0131n\u0131n olu\u015fturdu\u011fu ba\u015fka evrenler mi var? Maddenin karanl\u0131k duvarlar\u0131yla s\u0131n\u0131rl\u0131 hayat\u0131n \u00f6tesinde bilimsel olarak a\u00e7\u0131klayamad\u0131\u011f\u0131m\u0131z ba\u015fka ya\u015fam boyutlar\u0131 m\u0131 var?<\/p>\n<p style=\"text-align: justify;\">Sadece h\u00fccrelerden \u00f6r\u00fcl\u00fc molek\u00fcler canl\u0131lar m\u0131y\u0131z, yoksa boyutsal derinlikleri de olan ruhsal varl\u0131klar m\u0131? Kendimizi ne kadar tan\u0131yoruz? Sevgimizi, heyecan\u0131m\u0131z\u0131, co\u015fkumuzu, a\u015fk\u0131m\u0131z\u0131, sabr\u0131m\u0131z\u0131 ni\u00e7in kaybettik? Ni\u00e7in sadece sahip olmaya odakl\u0131y\u0131z? Sahip olduklar\u0131m\u0131zla mutlu muyuz?<\/p>\n<p style=\"text-align: justify;\">Evrenin Gizli Boyutlar\u0131\u2019nda bu sorular\u0131n kar\u015f\u0131l\u0131\u011f\u0131n\u0131 bulacaks\u0131n\u0131z. Vehbi Bardak\u00e7\u0131\u2019n\u0131n evrensel bak\u0131\u015f\u0131, ak\u0131c\u0131, yal\u0131n, \u015fiirsel diliyle, keyifli bir yolculu\u011fa \u00e7\u0131kacak, i\u00e7inizdeki gizli g\u00fc\u00e7leri ke\u015ffedeceksiniz. Bu yolculuk, hem evrenin gizli boyutlar\u0131na, hem de kendi i\u00e7inize yapaca\u011f\u0131n\u0131z gizemli bir yolculuk olacak.<\/p>\n<p>13,5 x 21 cm; Karton Kapak<br \/> ISBN: 978-975-468-837-5<br \/> Sertifika No: 10962<br \/> Dili: T\u00fcrk\u00e7e<br \/> Copyright \u00a9 Vehbi Bardak\u00e7\u0131<br \/> T\u00fcrk\u00e7e Yay\u0131m Haklar\u0131 \u00a9 Omega Yay\u0131nlar\u0131<\/p>\n","protected":false},"excerpt":{"rendered":"<p>D\u00fc\u015f\u00fcnmeye ba\u015flad\u0131\u011f\u0131m\u0131zda, yan\u0131t bekleyen bir tak\u0131m sorularla kar\u015f\u0131la\u015f\u0131yoruz. Evren nedir? Evren ni\u00e7in yarat\u0131ld\u0131, nas\u0131l yarat\u0131ld\u0131? Biz kimiz? Nerden geldik, nereye gidiyoruz? Ge\u00e7mi\u015f, gelecek ve hayat&#8230; Hayat nedir? Ni\u00e7in ya\u015f\u0131yoruz? Geni\u015fli\u011fini ve derinli\u011fini kavrayamad\u0131\u011f\u0131m\u0131z evrenin gizli boyutlar\u0131n\u0131 da merak ediyoruz. Alg\u0131layamad\u0131\u011f\u0131m\u0131z enerji dalgalar\u0131n\u0131n olu\u015fturdu\u011fu ba\u015fka evrenler mi var? Maddenin karanl\u0131k duvarlar\u0131yla s\u0131n\u0131rl\u0131 hayat\u0131n \u00f6tesinde bilimsel olarak [&hellip;]<\/p>\n","protected":false},"author":1,"featured_media":0,"comment_status":"open","ping_status":"open","sticky":false,"template":"","format":"standard","meta":{"footnotes":""},"categories":[157],"tags":[],"class_list":{"0":"post-4422","1":"post","2":"type-post","3":"status-publish","4":"format-standard","6":"category-sizden-gelenler"},"yoast_head":"<!-- This site is optimized with the Yoast SEO Premium plugin v24.9 (Yoast SEO v24.9) - https:\/\/yoast.com\/wordpress\/plugins\/seo\/ -->\n<title>Evrenin Gizli Boyutlar\u0131  Vehbi Bardak\u00e7\u0131 - narteks.net<\/title>\n<meta name=\"robots\" content=\"index, follow, max-snippet:-1, max-image-preview:large, max-video-preview:-1\" \/>\n<link rel=\"canonical\" href=\"https:\/\/narteks.net\/index.php\/2010\/03\/30\/evrenin-gizli-boyutlari-vehbi-bardakci\/\" \/>\n<meta property=\"og:locale\" content=\"tr_TR\" \/>\n<meta property=\"og:type\" content=\"article\" \/>\n<meta property=\"og:title\" content=\"Evrenin Gizli Boyutlar\u0131  Vehbi Bardak\u00e7\u0131\" \/>\n<meta property=\"og:description\" content=\"D\u00fc\u015f\u00fcnmeye ba\u015flad\u0131\u011f\u0131m\u0131zda, yan\u0131t bekleyen bir tak\u0131m sorularla kar\u015f\u0131la\u015f\u0131yoruz. Evren nedir? Evren ni\u00e7in yarat\u0131ld\u0131, nas\u0131l yarat\u0131ld\u0131? Biz kimiz? Nerden geldik, nereye gidiyoruz? Ge\u00e7mi\u015f, gelecek ve hayat&#8230; Hayat nedir? Ni\u00e7in ya\u015f\u0131yoruz? Geni\u015fli\u011fini ve derinli\u011fini kavrayamad\u0131\u011f\u0131m\u0131z evrenin gizli boyutlar\u0131n\u0131 da merak ediyoruz. Alg\u0131layamad\u0131\u011f\u0131m\u0131z enerji dalgalar\u0131n\u0131n olu\u015fturdu\u011fu ba\u015fka evrenler mi var? Maddenin karanl\u0131k duvarlar\u0131yla s\u0131n\u0131rl\u0131 hayat\u0131n \u00f6tesinde bilimsel olarak [&hellip;]\" \/>\n<meta property=\"og:url\" content=\"https:\/\/narteks.net\/index.php\/2010\/03\/30\/evrenin-gizli-boyutlari-vehbi-bardakci\/\" \/>\n<meta property=\"og:site_name\" content=\"narteks.net\" \/>\n<meta property=\"article:published_time\" content=\"2010-03-30T16:53:42+00:00\" \/>\n<meta property=\"og:image\" content=\"https:\/\/narteks.net\/wp-content\/uploads\/narteks.png\" \/>\n\t<meta property=\"og:image:width\" content=\"300\" \/>\n\t<meta property=\"og:image:height\" content=\"90\" \/>\n\t<meta property=\"og:image:type\" content=\"image\/png\" \/>\n<meta name=\"author\" content=\"Tar\u0131k\" \/>\n<meta name=\"twitter:card\" content=\"summary_large_image\" \/>\n<meta name=\"twitter:creator\" content=\"@narteks\" \/>\n<meta name=\"twitter:site\" content=\"@narteks\" \/>\n<meta name=\"twitter:label1\" content=\"Yazan:\" \/>\n\t<meta name=\"twitter:data1\" content=\"Tar\u0131k\" \/>\n\t<meta name=\"twitter:label2\" content=\"Tahmini okuma s\u00fcresi\" \/>\n\t<meta name=\"twitter:data2\" content=\"1 dakika\" \/>\n<script type=\"application\/ld+json\" class=\"yoast-schema-graph\">{\"@context\":\"https:\/\/schema.org\",\"@graph\":[{\"@type\":\"Article\",\"@id\":\"https:\/\/narteks.net\/index.php\/2010\/03\/30\/evrenin-gizli-boyutlari-vehbi-bardakci\/#article\",\"isPartOf\":{\"@id\":\"https:\/\/narteks.net\/index.php\/2010\/03\/30\/evrenin-gizli-boyutlari-vehbi-bardakci\/\"},\"author\":{\"name\":\"Tar\u0131k\",\"@id\":\"https:\/\/narteks.net\/#\/schema\/person\/61f37d9834294b72d31d274e7ed79bca\"},\"headline\":\"Evrenin Gizli Boyutlar\u0131 Vehbi Bardak\u00e7\u0131\",\"datePublished\":\"2010-03-30T16:53:42+00:00\",\"mainEntityOfPage\":{\"@id\":\"https:\/\/narteks.net\/index.php\/2010\/03\/30\/evrenin-gizli-boyutlari-vehbi-bardakci\/\"},\"wordCount\":244,\"commentCount\":0,\"publisher\":{\"@id\":\"https:\/\/narteks.net\/#organization\"},\"articleSection\":[\"Sizden Gelenler\"],\"inLanguage\":\"tr\",\"potentialAction\":[{\"@type\":\"CommentAction\",\"name\":\"Comment\",\"target\":[\"https:\/\/narteks.net\/index.php\/2010\/03\/30\/evrenin-gizli-boyutlari-vehbi-bardakci\/#respond\"]}]},{\"@type\":\"WebPage\",\"@id\":\"https:\/\/narteks.net\/index.php\/2010\/03\/30\/evrenin-gizli-boyutlari-vehbi-bardakci\/\",\"url\":\"https:\/\/narteks.net\/index.php\/2010\/03\/30\/evrenin-gizli-boyutlari-vehbi-bardakci\/\",\"name\":\"Evrenin Gizli Boyutlar\u0131 Vehbi Bardak\u00e7\u0131 - narteks.net\",\"isPartOf\":{\"@id\":\"https:\/\/narteks.net\/#website\"},\"datePublished\":\"2010-03-30T16:53:42+00:00\",\"breadcrumb\":{\"@id\":\"https:\/\/narteks.net\/index.php\/2010\/03\/30\/evrenin-gizli-boyutlari-vehbi-bardakci\/#breadcrumb\"},\"inLanguage\":\"tr\",\"potentialAction\":[{\"@type\":\"ReadAction\",\"target\":[\"https:\/\/narteks.net\/index.php\/2010\/03\/30\/evrenin-gizli-boyutlari-vehbi-bardakci\/\"]}]},{\"@type\":\"BreadcrumbList\",\"@id\":\"https:\/\/narteks.net\/index.php\/2010\/03\/30\/evrenin-gizli-boyutlari-vehbi-bardakci\/#breadcrumb\",\"itemListElement\":[{\"@type\":\"ListItem\",\"position\":1,\"name\":\"Anasayfa\",\"item\":\"https:\/\/narteks.net\/\"},{\"@type\":\"ListItem\",\"position\":2,\"name\":\"Evrenin Gizli Boyutlar\u0131 Vehbi Bardak\u00e7\u0131\"}]},{\"@type\":\"WebSite\",\"@id\":\"https:\/\/narteks.net\/#website\",\"url\":\"https:\/\/narteks.net\/\",\"name\":\"narteks.net\",\"description\":\"K\u00fclt\u00fcr Sanat Edebiyat Felsefe\",\"publisher\":{\"@id\":\"https:\/\/narteks.net\/#organization\"},\"alternateName\":\"K\u00fclt\u00fcr Sanat Edebiyat Felsefe\",\"potentialAction\":[{\"@type\":\"SearchAction\",\"target\":{\"@type\":\"EntryPoint\",\"urlTemplate\":\"https:\/\/narteks.net\/?s={search_term_string}\"},\"query-input\":{\"@type\":\"PropertyValueSpecification\",\"valueRequired\":true,\"valueName\":\"search_term_string\"}}],\"inLanguage\":\"tr\"},{\"@type\":\"Organization\",\"@id\":\"https:\/\/narteks.net\/#organization\",\"name\":\"narteks.net\",\"url\":\"https:\/\/narteks.net\/\",\"logo\":{\"@type\":\"ImageObject\",\"inLanguage\":\"tr\",\"@id\":\"https:\/\/narteks.net\/#\/schema\/logo\/image\/\",\"url\":\"https:\/\/narteks.net\/wp-content\/uploads\/narteks.png\",\"contentUrl\":\"https:\/\/narteks.net\/wp-content\/uploads\/narteks.png\",\"width\":300,\"height\":90,\"caption\":\"narteks.net\"},\"image\":{\"@id\":\"https:\/\/narteks.net\/#\/schema\/logo\/image\/\"},\"sameAs\":[\"https:\/\/x.com\/narteks\",\"https:\/\/instagram.com\/narteksnet\"]},{\"@type\":\"Person\",\"@id\":\"https:\/\/narteks.net\/#\/schema\/person\/61f37d9834294b72d31d274e7ed79bca\",\"name\":\"Tar\u0131k\",\"image\":{\"@type\":\"ImageObject\",\"inLanguage\":\"tr\",\"@id\":\"https:\/\/narteks.net\/#\/schema\/person\/image\/\",\"url\":\"https:\/\/secure.gravatar.com\/avatar\/50865afb55632c4ae467e0af0930f6510aa2297d8014be502a55b14f3b7550cf?s=96&d=mm&r=g\",\"contentUrl\":\"https:\/\/secure.gravatar.com\/avatar\/50865afb55632c4ae467e0af0930f6510aa2297d8014be502a55b14f3b7550cf?s=96&d=mm&r=g\",\"caption\":\"Tar\u0131k\"},\"sameAs\":[\"http:\/\/narteks.net\"],\"url\":\"https:\/\/narteks.net\/index.php\/author\/narbak\/\"}]}<\/script>\n<!-- \/ Yoast SEO Premium plugin. -->","yoast_head_json":{"title":"Evrenin Gizli Boyutlar\u0131  Vehbi Bardak\u00e7\u0131 - narteks.net","robots":{"index":"index","follow":"follow","max-snippet":"max-snippet:-1","max-image-preview":"max-image-preview:large","max-video-preview":"max-video-preview:-1"},"canonical":"https:\/\/narteks.net\/index.php\/2010\/03\/30\/evrenin-gizli-boyutlari-vehbi-bardakci\/","og_locale":"tr_TR","og_type":"article","og_title":"Evrenin Gizli Boyutlar\u0131  Vehbi Bardak\u00e7\u0131","og_description":"D\u00fc\u015f\u00fcnmeye ba\u015flad\u0131\u011f\u0131m\u0131zda, yan\u0131t bekleyen bir tak\u0131m sorularla kar\u015f\u0131la\u015f\u0131yoruz. Evren nedir? Evren ni\u00e7in yarat\u0131ld\u0131, nas\u0131l yarat\u0131ld\u0131? Biz kimiz? Nerden geldik, nereye gidiyoruz? Ge\u00e7mi\u015f, gelecek ve hayat&#8230; Hayat nedir? Ni\u00e7in ya\u015f\u0131yoruz? Geni\u015fli\u011fini ve derinli\u011fini kavrayamad\u0131\u011f\u0131m\u0131z evrenin gizli boyutlar\u0131n\u0131 da merak ediyoruz. Alg\u0131layamad\u0131\u011f\u0131m\u0131z enerji dalgalar\u0131n\u0131n olu\u015fturdu\u011fu ba\u015fka evrenler mi var? Maddenin karanl\u0131k duvarlar\u0131yla s\u0131n\u0131rl\u0131 hayat\u0131n \u00f6tesinde bilimsel olarak [&hellip;]","og_url":"https:\/\/narteks.net\/index.php\/2010\/03\/30\/evrenin-gizli-boyutlari-vehbi-bardakci\/","og_site_name":"narteks.net","article_published_time":"2010-03-30T16:53:42+00:00","og_image":[{"width":300,"height":90,"url":"https:\/\/narteks.net\/wp-content\/uploads\/narteks.png","type":"image\/png"}],"author":"Tar\u0131k","twitter_card":"summary_large_image","twitter_creator":"@narteks","twitter_site":"@narteks","twitter_misc":{"Yazan:":"Tar\u0131k","Tahmini okuma s\u00fcresi":"1 dakika"},"schema":{"@context":"https:\/\/schema.org","@graph":[{"@type":"Article","@id":"https:\/\/narteks.net\/index.php\/2010\/03\/30\/evrenin-gizli-boyutlari-vehbi-bardakci\/#article","isPartOf":{"@id":"https:\/\/narteks.net\/index.php\/2010\/03\/30\/evrenin-gizli-boyutlari-vehbi-bardakci\/"},"author":{"name":"Tar\u0131k","@id":"https:\/\/narteks.net\/#\/schema\/person\/61f37d9834294b72d31d274e7ed79bca"},"headline":"Evrenin Gizli Boyutlar\u0131 Vehbi Bardak\u00e7\u0131","datePublished":"2010-03-30T16:53:42+00:00","mainEntityOfPage":{"@id":"https:\/\/narteks.net\/index.php\/2010\/03\/30\/evrenin-gizli-boyutlari-vehbi-bardakci\/"},"wordCount":244,"commentCount":0,"publisher":{"@id":"https:\/\/narteks.net\/#organization"},"articleSection":["Sizden Gelenler"],"inLanguage":"tr","potentialAction":[{"@type":"CommentAction","name":"Comment","target":["https:\/\/narteks.net\/index.php\/2010\/03\/30\/evrenin-gizli-boyutlari-vehbi-bardakci\/#respond"]}]},{"@type":"WebPage","@id":"https:\/\/narteks.net\/index.php\/2010\/03\/30\/evrenin-gizli-boyutlari-vehbi-bardakci\/","url":"https:\/\/narteks.net\/index.php\/2010\/03\/30\/evrenin-gizli-boyutlari-vehbi-bardakci\/","name":"Evrenin Gizli Boyutlar\u0131 Vehbi Bardak\u00e7\u0131 - narteks.net","isPartOf":{"@id":"https:\/\/narteks.net\/#website"},"datePublished":"2010-03-30T16:53:42+00:00","breadcrumb":{"@id":"https:\/\/narteks.net\/index.php\/2010\/03\/30\/evrenin-gizli-boyutlari-vehbi-bardakci\/#breadcrumb"},"inLanguage":"tr","potentialAction":[{"@type":"ReadAction","target":["https:\/\/narteks.net\/index.php\/2010\/03\/30\/evrenin-gizli-boyutlari-vehbi-bardakci\/"]}]},{"@type":"BreadcrumbList","@id":"https:\/\/narteks.net\/index.php\/2010\/03\/30\/evrenin-gizli-boyutlari-vehbi-bardakci\/#breadcrumb","itemListElement":[{"@type":"ListItem","position":1,"name":"Anasayfa","item":"https:\/\/narteks.net\/"},{"@type":"ListItem","position":2,"name":"Evrenin Gizli Boyutlar\u0131 Vehbi Bardak\u00e7\u0131"}]},{"@type":"WebSite","@id":"https:\/\/narteks.net\/#website","url":"https:\/\/narteks.net\/","name":"narteks.net","description":"K\u00fclt\u00fcr Sanat Edebiyat Felsefe","publisher":{"@id":"https:\/\/narteks.net\/#organization"},"alternateName":"K\u00fclt\u00fcr Sanat Edebiyat Felsefe","potentialAction":[{"@type":"SearchAction","target":{"@type":"EntryPoint","urlTemplate":"https:\/\/narteks.net\/?s={search_term_string}"},"query-input":{"@type":"PropertyValueSpecification","valueRequired":true,"valueName":"search_term_string"}}],"inLanguage":"tr"},{"@type":"Organization","@id":"https:\/\/narteks.net\/#organization","name":"narteks.net","url":"https:\/\/narteks.net\/","logo":{"@type":"ImageObject","inLanguage":"tr","@id":"https:\/\/narteks.net\/#\/schema\/logo\/image\/","url":"https:\/\/narteks.net\/wp-content\/uploads\/narteks.png","contentUrl":"https:\/\/narteks.net\/wp-content\/uploads\/narteks.png","width":300,"height":90,"caption":"narteks.net"},"image":{"@id":"https:\/\/narteks.net\/#\/schema\/logo\/image\/"},"sameAs":["https:\/\/x.com\/narteks","https:\/\/instagram.com\/narteksnet"]},{"@type":"Person","@id":"https:\/\/narteks.net\/#\/schema\/person\/61f37d9834294b72d31d274e7ed79bca","name":"Tar\u0131k","image":{"@type":"ImageObject","inLanguage":"tr","@id":"https:\/\/narteks.net\/#\/schema\/person\/image\/","url":"https:\/\/secure.gravatar.com\/avatar\/50865afb55632c4ae467e0af0930f6510aa2297d8014be502a55b14f3b7550cf?s=96&d=mm&r=g","contentUrl":"https:\/\/secure.gravatar.com\/avatar\/50865afb55632c4ae467e0af0930f6510aa2297d8014be502a55b14f3b7550cf?s=96&d=mm&r=g","caption":"Tar\u0131k"},"sameAs":["http:\/\/narteks.net"],"url":"https:\/\/narteks.net\/index.php\/author\/narbak\/"}]}},"_links":{"self":[{"href":"https:\/\/narteks.net\/index.php\/wp-json\/wp\/v2\/posts\/4422","targetHints":{"allow":["GET"]}}],"collection":[{"href":"https:\/\/narteks.net\/index.php\/wp-json\/wp\/v2\/posts"}],"about":[{"href":"https:\/\/narteks.net\/index.php\/wp-json\/wp\/v2\/types\/post"}],"author":[{"embeddable":true,"href":"https:\/\/narteks.net\/index.php\/wp-json\/wp\/v2\/users\/1"}],"replies":[{"embeddable":true,"href":"https:\/\/narteks.net\/index.php\/wp-json\/wp\/v2\/comments?post=4422"}],"version-history":[{"count":0,"href":"https:\/\/narteks.net\/index.php\/wp-json\/wp\/v2\/posts\/4422\/revisions"}],"wp:attachment":[{"href":"https:\/\/narteks.net\/index.php\/wp-json\/wp\/v2\/media?parent=4422"}],"wp:term":[{"taxonomy":"category","embeddable":true,"href":"https:\/\/narteks.net\/index.php\/wp-json\/wp\/v2\/categories?post=4422"},{"taxonomy":"post_tag","embeddable":true,"href":"https:\/\/narteks.net\/index.php\/wp-json\/wp\/v2\/tags?post=4422"}],"curies":[{"name":"wp","href":"https:\/\/api.w.org\/{rel}","templated":true}]}}