{"id":4424,"date":"2010-04-01T12:52:59","date_gmt":"2010-04-01T09:52:59","guid":{"rendered":"http:\/\/localhost\/wordpress\/2010\/04\/01\/muzigini-bir-kategoriye-sokamiyorsunuz-ama-kendinizi-cok-iyi-hissediyorsunuz-lhasa-de-sela-ve-sarkilari\/"},"modified":"2010-04-01T12:52:59","modified_gmt":"2010-04-01T09:52:59","slug":"muzigini-bir-kategoriye-sokamiyorsunuz-ama-kendinizi-cok-iyi-hissediyorsunuz-lhasa-de-sela-ve-sarkilari","status":"publish","type":"post","link":"https:\/\/narteks.net\/index.php\/2010\/04\/01\/muzigini-bir-kategoriye-sokamiyorsunuz-ama-kendinizi-cok-iyi-hissediyorsunuz-lhasa-de-sela-ve-sarkilari\/","title":{"rendered":"M\u00fczi\u011fini bir kategoriye sokam\u0131yorsunuz ama kendinizi \u00e7ok iyi hissediyorsunuz | Lhasa de Sela ve \u015fark\u0131lar\u0131"},"content":{"rendered":"<p style=\"text-align: justify;\"><img loading=\"lazy\" decoding=\"async\" src=\"images\/stories\/desela.jpg\" border=\"0\" width=\"155\" height=\"205\" style=\"float: left;\" \/>&#8220;Meksikal\u0131 ve Yahudi \u2013 Amerikal\u0131 atalar\u0131ndan miras kan\u0131 damarlar\u0131nda dola\u015fan Lhasa, New York do\u011fumlu. Bu b\u00fcy\u00fck \u015fehrin Big Indian b\u00f6lgesinde do\u011fan Lhasa, geleneksel yap\u0131dan hayli uzak olan ailesinin ayn\u0131 yerde fazla kalmama ve \u201chayat seni nereye g\u00f6t\u00fcr\u00fcrse oraya git\u201d prensibi dolay\u0131s\u0131yla buradan k\u0131sa s\u00fcre i\u00e7inde ayr\u0131lm\u0131\u015f. Okul otob\u00fcs\u00fcnden bozma ara\u00e7lar\u0131yla ABD ve Meksika s\u0131n\u0131rlar\u0131 i\u00e7inde yer alan \u00e7e\u015fitli yerleri gezip durmu\u015flar. Aslen yazar ve \u00f6\u011fretmen olan babas\u0131, in\u015faat i\u015f\u00e7ili\u011finden meyve toplay\u0131c\u0131l\u0131\u011f\u0131na kadar her t\u00fcrl\u00fc i\u015fi yap\u0131yormu\u015f. Annesi ise foto\u011fraf\u00e7\u0131ym\u0131\u015f. Ebeveynleri ve karde\u015fleri ile birlikte yapt\u0131\u011f\u0131 bu yolculuklar, Lhasa&#8217;n\u0131n geni\u015f hayal d\u00fcnyas\u0131n\u0131 besleyen deneyimler olmu\u015f. Babas\u0131n\u0131n se\u00e7ti\u011fi Amerika ve Meksika yerel \u015fark\u0131lar\u0131, Latin, Arap, Do\u011fu Avrupa ve Asya m\u00fczikleri de ileride \u00e7izece\u011fi yolun kap\u0131lar\u0131n\u0131 a\u00e7m\u0131\u015f diyebiliriz.<br \/>\u015eark\u0131 s\u00f6ylemeye, on \u00fc\u00e7 ya\u015f\u0131ndayken San Fransisco&#8217;da bir Yunan kafesinde ba\u015flam\u0131\u015f. D\u00fc\u015f\u00fck tempolu Billie Holliday \u015fark\u0131lar\u0131 ve Meksika ezgileriymi\u015f tercihi. Kendi sesinin g\u00fcc\u00fcn\u00fc ve \u015fark\u0131 s\u00f6ylemenin onda uyand\u0131rd\u0131\u011f\u0131 yo\u011fun duygular\u0131 burada ke\u015ffetmi\u015f.<\/p>\n<p style=\"text-align: justify;\">19 ya\u015f\u0131na geldi\u011finde yolu biraz kuzeye, Kanada&#8217;ya kaym\u0131\u015f. Gitaristi ve yap\u0131mc\u0131s\u0131 Yves Desrosiers ile burada tan\u0131\u015fm\u0131\u015flar. Be\u015f sene boyunca birlikte Montreal&#8217;de \u00e7e\u015fitli barlarda canl\u0131 performanslar sunmu\u015flar. Buralarda edindi\u011fi deneyim, onu 1998 tarihli ilk alb\u00fcm\u00fc \u201cLa Llorona\u201dy\u0131 \u00e7\u0131karmaya kadar g\u00f6t\u00fcrm\u00fc\u015f. Aztek mitolojisinde yer alan bir denizk\u0131z\u0131 karakteri \u00e7evresinde \u015fekillenen, geleneksel Meksika m\u00fczi\u011finden alternatif rock&#8217;a kadar \u00e7ok \u00e7e\u015fitli t\u0131n\u0131lar\u0131 sentezledi\u011fi bu alb\u00fcm, Lhasa&#8217;ya hak etti\u011fi \u00fcn ve ba\u015far\u0131y\u0131 getirmi\u015f. Bu gizemli ses, y\u00fcrek burkan melodiler ve ilgin\u00e7 hik\u00e2ye, d\u00fcnyan\u0131n pek \u00e7ok yerinde ilgi \u00e7ekmi\u015f ve alb\u00fcm tahminlerden \u00e7ok fazla satm\u0131\u015f, platin plak derecesine ula\u015fm\u0131\u015f. Felix Award&#8217;da ve Juno Award&#8217;da &#8220;En \u0130yi Evrensel M\u00fczik Sanat\u00e7\u0131s\u0131&#8221; olarak \u00f6d\u00fcllendirilmesi de cabas\u0131!<\/p>\n<p style=\"text-align: justify;\">Lhasa: S\u0131n\u0131rlar\u0131n \u00f6tesinde, evrensel, b\u00fcy\u00fcl\u00fcBirka\u00e7 y\u0131l boyunca grubu ile birlikte Avrupa ve Kuzey Amerika&#8217;da turnelere \u00e7\u0131kan Lhasa&#8217;n\u0131n seyircisiyle ileti\u015fimi ve sahne performans\u0131 da e\u015fsizmi\u015f. Gelin g\u00f6r\u00fcn ki bu turlar sonras\u0131nda enteresan bir karar alm\u0131\u015f Lhasa: M\u00fczi\u011fi b\u0131rakmak ve Fransa&#8217;daki \u00fc\u00e7 k\u0131z karde\u015finin yan\u0131na giderek sirkte \u00e7al\u0131\u015fmak! \u00c7ocukluk r\u00fcyas\u0131 oldu\u011funu s\u00f6yledi\u011fi bu i\u015fi, 1999 yaz\u0131nda &#8220;Pocheros&#8221; isimli bir \u015fov d\u00fczenleyerek hayata ge\u00e7irmi\u015fler ve hep birlikte bir tura \u00e7\u0131km\u0131\u015flar.<\/p>\n<p>Tabii ki kan\u0131na m\u00fczi\u011fin bu kadar derinden i\u015fledi\u011fi biri i\u00e7in m\u00fczi\u011fi b\u0131rakmak, bunu s\u00f6ylemek kadar kolay olamaz. Durum bu oldu\u011fu i\u00e7in Lhasa tekrar \u015fark\u0131 yazmaya ba\u015flamaktan kendini alamam\u0131\u015f. Tindersticks&#8217;in &#8220;Waiting for the Moon&#8221; alb\u00fcm\u00fcne bir d\u00fcetle konuk olmu\u015f. Bir s\u00fcre sonra Kanada&#8217;da eski bir liman kenti olan Marseille&#8217;ye gitmi\u015f ve yeni \u015fark\u0131lar\u0131 i\u00e7in \u00e7al\u0131\u015fmaya ba\u015flam\u0131\u015f. 2002&#8217;de Montreal&#8217;e d\u00f6nerek, ilk alb\u00fcm\u00fcnde birlikte \u00e7al\u0131\u015ft\u0131\u011f\u0131 Fran\u00e7ois Lalonde ve Jean Massicotte ile bulu\u015fmu\u015f ve ikinci alb\u00fcm\u00fc &#8220;The Living Road&#8221;u 2003&#8217;te \u00e7\u0131karm\u0131\u015flar. Bu alb\u00fcm, hayat\u0131 yola benzetme kavram\u0131 etraf\u0131nda \u015fekillenmi\u015f. Nereye giderse gitsin kendini evinde hissetmesini sa\u011flayan g\u00fcce adam\u0131\u015f \u015fark\u0131lar\u0131n\u0131. \u00c7ocukluk ve gen\u00e7li\u011fi g\u00f6\u00e7ebe k\u0131vam\u0131nda s\u00fcren bir insan i\u00e7in do\u011fal bir sonu\u00e7 de\u011fil mi?<\/p>\n<p><img loading=\"lazy\" decoding=\"async\" src=\"http:\/\/www.musicheaven.gr\/html\/images\/stories\/662_a.jpg\" border=\"0\" width=\"254\" height=\"369\" style=\"float: left;\" \/>Bu arada ilk alb\u00fcm, i\u00e7indeki \u015fark\u0131lar \u0130spanyolcaya \u00e7evrilerek yeniden raflardaki yerini alm\u0131\u015f. \u0130kinci alb\u00fcm\u00fcnde \u0130ngilizce\u2019nin yan\u0131s\u0131ra Frans\u0131zca ve \u0130spanyolca \u015fark\u0131lar olmas\u0131 da onun evrensel m\u00fczisyen kimli\u011fini g\u00fc\u00e7lendiriyor zaten.<\/p>\n<p>Bir yanda \u00e7ekingen ve sakin bir yanda c\u00f6mert ve bilge bir tav\u0131r ta\u015f\u0131d\u0131\u011f\u0131 konser performanslar\u0131nda hemen belli olan Lhasa, seyircisi ile bir b\u00fct\u00fcn olabilmeyi ba\u015faran sanat\u00e7\u0131lardan. \u015eark\u0131lar\u0131n\u0131n her birinin kendi ba\u015f\u0131na bir \u00f6yk\u00fcs\u00fc var ve dahas\u0131, Lhasa bunlar\u0131 konserlerinde kendine \u00f6zg\u00fc tatl\u0131l\u0131\u011f\u0131yla anlat\u0131yor izleyicilere. Gitti\u011fi \u00fclkenin dilini \u00f6\u011freniyor bir par\u00e7a, oran\u0131n geleneksel enstr\u00fcmanlar\u0131na ilgi g\u00f6steriyor, yeri geliyor bunlar\u0131 konserlerine malzeme ediyor. 2005&#8217;teki caz festivali kapsam\u0131nda d\u00fczenlenen \u0130stanbul konserinde de bunlar\u0131n tad\u0131n\u0131 ald\u0131 Lhasa severler.<\/p>\n<p>Evet, \u015fark\u0131lar\u0131 genellikle ac\u0131l\u0131, melankolik, dramatik ama asla m\u0131zm\u0131z, insan\u0131 s\u00fcr\u00fcnd\u00fcren tipte de\u011fil. Tam tersine umutlu, heyecanl\u0131, tutkulu ve i\u00e7ten. Hangi t\u00fcre sokaca\u011f\u0131n\u0131z\u0131 bilemedi\u011finiz, d\u00fcnyan\u0131n hangi par\u00e7as\u0131na ait oldu\u011funu kestiremedi\u011finiz, K\u00fcba&#8217;dan da gelmi\u015f olabilir Balkanlar\u2019dan da, Fransa k\u00f6kenli de olabilir Ortado\u011fu da diye d\u00fc\u015f\u00fcnebilece\u011finiz \u015fark\u0131lar\u0131 m\u00fczi\u011fine daha bir zenginlik ve renk kat\u0131yor. M\u00fczi\u011fini bir kategoriye sokam\u0131yorsunuz ama \u00f6nemli olan \u015fu ki kendinizi \u00e7ok iyi hissediyorsunuz.<\/p>\n<p>Lhasa: S\u0131n\u0131rlar\u0131n \u00f6tesinde, evrensel, b\u00fcy\u00fcl\u00fc..Lhasa&#8217;n\u0131n sesi genizden geliyor ama yumu\u015fak ve kadife gibi, k\u0131s\u0131k ama g\u00fc\u00e7l\u00fc de bir yandan. S\u00f6yledi\u011fi her dili anlam ve aksan olarak iyice kavram\u0131\u015f. M\u00fczi\u011fin ona her zaman ilham verdi\u011fini, onu yaln\u0131zl\u0131ktan kurtard\u0131\u011f\u0131n\u0131 ve di\u011fer insanlar taraf\u0131ndan derin bir d\u00fczeyde anla\u015f\u0131ld\u0131\u011f\u0131n\u0131 hissettirdi\u011fini s\u00f6yl\u00fcyor.<\/p>\n<p>L\u00fcbnan&#8217;da ya\u015fanan ac\u0131y\u0131 derinden payla\u015fan ve \u00fclke halk\u0131na bir nebze olsun yard\u0131m edebilmek ve \u00fcmit verebilmek i\u00e7in yard\u0131m konseri d\u00fczenleyen Lhasa&#8217;n\u0131n s\u0131n\u0131r tan\u0131mayan ki\u015fili\u011fi, sesine ve yazd\u0131\u011f\u0131 s\u00f6zlere de yans\u0131yor, onlar\u0131 zamans\u0131z ve mek\u00e2ns\u0131z k\u0131l\u0131yor. Eski Frans\u0131z \u015fansonlar\u0131ndan \u0130spanyol k\u00f6kenli flamenkoya uzan\u0131yor \u015fark\u0131lar\u0131n\u0131n ritimleri. Hayatta asl\u0131nda hi\u00e7bir \u015feyin kendini tekrar etmedi\u011fi, onu bir yerden sadece tek kez ge\u00e7ti\u011finiz bir yol olarak d\u00fc\u015f\u00fcn\u00fcr ve ya\u015farsan\u0131z nas\u0131l \u00f6zg\u00fcr kalabilece\u011finiz ve hi\u00e7bir \u015feyin asl\u0131nda s\u0131radan olmad\u0131\u011f\u0131 felsefesi \u00fczerine m\u00fczik yapan Lhasa, yeni \u015feyler denemeye a\u00e7\u0131k m\u00fczikseverler i\u00e7in e\u015fsiz bir kaynak.<\/p>\n<p style=\"text-align: justify;\">Lhasa, alb\u00fcm \u00e7al\u0131\u015fmalar\u0131 s\u0131ras\u0131nda tedavi g\u00f6rd\u00fc\u011f\u00fc <span class=\"mw-redirect\">g\u00f6\u011f\u00fcs kanseri<\/span> sebebiyle, 21 ayl\u0131k bir m\u00fccadelenin sonunda 1 Ocak 2010&#8217;da Montreal&#8217;de 38 ya\u015f\u0131nda hayat\u0131n\u0131 kaybetti.<\/p>\n<p>\u00a0<\/p>\n<p>\n<object width=\"400\" height=\"300\" data=\"http:\/\/www.humyo.com\/E\/10044311-281475298239313\/10044311-281475298240159\/10044311-281475298242115\/10044311-281475298251211\/10044311-281475298236953\/10044311-281475298251977\/10044311-281475298252687\/10044311-281475298238309\/10044311-281475298253153\/10044311-281475298254511\/10044311-281475298255337\/10044311-281475298256287\/10044311-281475298256969\/10044311-281475298258113\/10044311-281475298259243\/10044311-281475298260035\/10044311-281475298260903\/10044311-281475298263437\/10044311-281475298264717\/10044311-281475298232525\/10044311-281475298227715\/10044311-281475298265527\/10044311-281475298267127\/10044311-281475298269373\/10044311-281475298270457\/10044311-281475298229941\/10044311-281475298234819\/10044311-281475298279667?a=5AZVtb5Rozc%2CnFMk0xkyDKU%2CBOOn6uU38gI%2CDV-WPPBwd0I%2CHu1FK6gg9qs%2CZUDnMV0GUhU%2Ck5v_lCty_QQ%2CFTYfZ9NYewQ%2CRd3UmSppV_4%2CtNv7OnFQXKE%2CRpLWFUk-Sqk%2Csdia4iStIYg%2COLK3YIVQ28U%2CKy8kZMoS_7Y%2CZ0D_x06tNZ4%2Cv6oezNfhKSw%2CuHKTwD2Ve24%2CcsQTm4lf0Hs%2Cbsg4aBaCo2Q%2CAx4A2VOmrYU%2CSOaRhQXYzsc%2CNRdx60eMmVo%2CiNEnVZFG29Q%2CJW25U2jBsSU%2CgxkosJylTYY%2CqUyVV3jE9M4%2C46QFuAq1Mr4%2C775M7YfgssA\" type=\"application\/x-shockwave-flash\"><param name=\"flashvars\" value=\"autostart=true&amp;\" \/><param name=\"src\" value=\"http:\/\/www.humyo.com\/E\/10044311-281475298239313\/10044311-281475298240159\/10044311-281475298242115\/10044311-281475298251211\/10044311-281475298236953\/10044311-281475298251977\/10044311-281475298252687\/10044311-281475298238309\/10044311-281475298253153\/10044311-281475298254511\/10044311-281475298255337\/10044311-281475298256287\/10044311-281475298256969\/10044311-281475298258113\/10044311-281475298259243\/10044311-281475298260035\/10044311-281475298260903\/10044311-281475298263437\/10044311-281475298264717\/10044311-281475298232525\/10044311-281475298227715\/10044311-281475298265527\/10044311-281475298267127\/10044311-281475298269373\/10044311-281475298270457\/10044311-281475298229941\/10044311-281475298234819\/10044311-281475298279667?a=5AZVtb5Rozc%2CnFMk0xkyDKU%2CBOOn6uU38gI%2CDV-WPPBwd0I%2CHu1FK6gg9qs%2CZUDnMV0GUhU%2Ck5v_lCty_QQ%2CFTYfZ9NYewQ%2CRd3UmSppV_4%2CtNv7OnFQXKE%2CRpLWFUk-Sqk%2Csdia4iStIYg%2COLK3YIVQ28U%2CKy8kZMoS_7Y%2CZ0D_x06tNZ4%2Cv6oezNfhKSw%2CuHKTwD2Ve24%2CcsQTm4lf0Hs%2Cbsg4aBaCo2Q%2CAx4A2VOmrYU%2CSOaRhQXYzsc%2CNRdx60eMmVo%2CiNEnVZFG29Q%2CJW25U2jBsSU%2CgxkosJylTYY%2CqUyVV3jE9M4%2C46QFuAq1Mr4%2C775M7YfgssA\" \/><\/object><\/p>\n","protected":false},"excerpt":{"rendered":"<p>&#8220;Meksikal\u0131 ve Yahudi \u2013 Amerikal\u0131 atalar\u0131ndan miras kan\u0131 damarlar\u0131nda dola\u015fan Lhasa, New York do\u011fumlu. Bu b\u00fcy\u00fck \u015fehrin Big Indian b\u00f6lgesinde do\u011fan Lhasa, geleneksel yap\u0131dan hayli uzak olan ailesinin ayn\u0131 yerde fazla kalmama ve \u201chayat seni nereye g\u00f6t\u00fcr\u00fcrse oraya git\u201d prensibi dolay\u0131s\u0131yla buradan k\u0131sa s\u00fcre i\u00e7inde ayr\u0131lm\u0131\u015f. Okul otob\u00fcs\u00fcnden bozma ara\u00e7lar\u0131yla ABD ve Meksika s\u0131n\u0131rlar\u0131 i\u00e7inde [&hellip;]<\/p>\n","protected":false},"author":1,"featured_media":0,"comment_status":"open","ping_status":"open","sticky":false,"template":"","format":"standard","meta":{"footnotes":""},"categories":[125],"tags":[],"class_list":{"0":"post-4424","1":"post","2":"type-post","3":"status-publish","4":"format-standard","6":"category-dunya-dan-muzik"},"yoast_head":"<!-- This site is optimized with the Yoast SEO Premium plugin v24.9 (Yoast SEO v24.9) - https:\/\/yoast.com\/wordpress\/plugins\/seo\/ -->\n<title>M\u00fczi\u011fini bir kategoriye sokam\u0131yorsunuz ama kendinizi \u00e7ok iyi hissediyorsunuz | Lhasa de Sela ve \u015fark\u0131lar\u0131 - narteks.net<\/title>\n<meta name=\"robots\" content=\"index, follow, max-snippet:-1, max-image-preview:large, max-video-preview:-1\" \/>\n<link rel=\"canonical\" href=\"https:\/\/narteks.net\/index.php\/2010\/04\/01\/muzigini-bir-kategoriye-sokamiyorsunuz-ama-kendinizi-cok-iyi-hissediyorsunuz-lhasa-de-sela-ve-sarkilari\/\" \/>\n<meta property=\"og:locale\" content=\"tr_TR\" \/>\n<meta property=\"og:type\" content=\"article\" \/>\n<meta property=\"og:title\" content=\"M\u00fczi\u011fini bir kategoriye sokam\u0131yorsunuz ama kendinizi \u00e7ok iyi hissediyorsunuz | Lhasa de Sela ve \u015fark\u0131lar\u0131\" \/>\n<meta property=\"og:description\" content=\"&#8220;Meksikal\u0131 ve Yahudi \u2013 Amerikal\u0131 atalar\u0131ndan miras kan\u0131 damarlar\u0131nda dola\u015fan Lhasa, New York do\u011fumlu. Bu b\u00fcy\u00fck \u015fehrin Big Indian b\u00f6lgesinde do\u011fan Lhasa, geleneksel yap\u0131dan hayli uzak olan ailesinin ayn\u0131 yerde fazla kalmama ve \u201chayat seni nereye g\u00f6t\u00fcr\u00fcrse oraya git\u201d prensibi dolay\u0131s\u0131yla buradan k\u0131sa s\u00fcre i\u00e7inde ayr\u0131lm\u0131\u015f. Okul otob\u00fcs\u00fcnden bozma ara\u00e7lar\u0131yla ABD ve Meksika s\u0131n\u0131rlar\u0131 i\u00e7inde [&hellip;]\" \/>\n<meta property=\"og:url\" content=\"https:\/\/narteks.net\/index.php\/2010\/04\/01\/muzigini-bir-kategoriye-sokamiyorsunuz-ama-kendinizi-cok-iyi-hissediyorsunuz-lhasa-de-sela-ve-sarkilari\/\" \/>\n<meta property=\"og:site_name\" content=\"narteks.net\" \/>\n<meta property=\"article:published_time\" content=\"2010-04-01T09:52:59+00:00\" \/>\n<meta property=\"og:image\" content=\"http:\/\/www.musicheaven.gr\/html\/images\/stories\/662_a.jpg\" \/>\n<meta name=\"author\" content=\"Tar\u0131k\" \/>\n<meta name=\"twitter:card\" content=\"summary_large_image\" \/>\n<meta name=\"twitter:creator\" content=\"@narteks\" \/>\n<meta name=\"twitter:site\" content=\"@narteks\" \/>\n<meta name=\"twitter:label1\" content=\"Yazan:\" \/>\n\t<meta name=\"twitter:data1\" content=\"Tar\u0131k\" \/>\n\t<meta name=\"twitter:label2\" content=\"Tahmini okuma s\u00fcresi\" \/>\n\t<meta name=\"twitter:data2\" content=\"5 dakika\" \/>\n<script type=\"application\/ld+json\" class=\"yoast-schema-graph\">{\"@context\":\"https:\/\/schema.org\",\"@graph\":[{\"@type\":\"Article\",\"@id\":\"https:\/\/narteks.net\/index.php\/2010\/04\/01\/muzigini-bir-kategoriye-sokamiyorsunuz-ama-kendinizi-cok-iyi-hissediyorsunuz-lhasa-de-sela-ve-sarkilari\/#article\",\"isPartOf\":{\"@id\":\"https:\/\/narteks.net\/index.php\/2010\/04\/01\/muzigini-bir-kategoriye-sokamiyorsunuz-ama-kendinizi-cok-iyi-hissediyorsunuz-lhasa-de-sela-ve-sarkilari\/\"},\"author\":{\"name\":\"Tar\u0131k\",\"@id\":\"https:\/\/narteks.net\/#\/schema\/person\/61f37d9834294b72d31d274e7ed79bca\"},\"headline\":\"M\u00fczi\u011fini bir kategoriye sokam\u0131yorsunuz ama kendinizi \u00e7ok iyi hissediyorsunuz | Lhasa de Sela ve \u015fark\u0131lar\u0131\",\"datePublished\":\"2010-04-01T09:52:59+00:00\",\"mainEntityOfPage\":{\"@id\":\"https:\/\/narteks.net\/index.php\/2010\/04\/01\/muzigini-bir-kategoriye-sokamiyorsunuz-ama-kendinizi-cok-iyi-hissediyorsunuz-lhasa-de-sela-ve-sarkilari\/\"},\"wordCount\":1090,\"commentCount\":0,\"publisher\":{\"@id\":\"https:\/\/narteks.net\/#organization\"},\"image\":{\"@id\":\"https:\/\/narteks.net\/index.php\/2010\/04\/01\/muzigini-bir-kategoriye-sokamiyorsunuz-ama-kendinizi-cok-iyi-hissediyorsunuz-lhasa-de-sela-ve-sarkilari\/#primaryimage\"},\"thumbnailUrl\":\"http:\/\/www.musicheaven.gr\/html\/images\/stories\/662_a.jpg\",\"articleSection\":[\"D\u00fcnya'dan M\u00fczik\"],\"inLanguage\":\"tr\",\"potentialAction\":[{\"@type\":\"CommentAction\",\"name\":\"Comment\",\"target\":[\"https:\/\/narteks.net\/index.php\/2010\/04\/01\/muzigini-bir-kategoriye-sokamiyorsunuz-ama-kendinizi-cok-iyi-hissediyorsunuz-lhasa-de-sela-ve-sarkilari\/#respond\"]}]},{\"@type\":\"WebPage\",\"@id\":\"https:\/\/narteks.net\/index.php\/2010\/04\/01\/muzigini-bir-kategoriye-sokamiyorsunuz-ama-kendinizi-cok-iyi-hissediyorsunuz-lhasa-de-sela-ve-sarkilari\/\",\"url\":\"https:\/\/narteks.net\/index.php\/2010\/04\/01\/muzigini-bir-kategoriye-sokamiyorsunuz-ama-kendinizi-cok-iyi-hissediyorsunuz-lhasa-de-sela-ve-sarkilari\/\",\"name\":\"M\u00fczi\u011fini bir kategoriye sokam\u0131yorsunuz ama kendinizi \u00e7ok iyi hissediyorsunuz | Lhasa de Sela ve \u015fark\u0131lar\u0131 - narteks.net\",\"isPartOf\":{\"@id\":\"https:\/\/narteks.net\/#website\"},\"primaryImageOfPage\":{\"@id\":\"https:\/\/narteks.net\/index.php\/2010\/04\/01\/muzigini-bir-kategoriye-sokamiyorsunuz-ama-kendinizi-cok-iyi-hissediyorsunuz-lhasa-de-sela-ve-sarkilari\/#primaryimage\"},\"image\":{\"@id\":\"https:\/\/narteks.net\/index.php\/2010\/04\/01\/muzigini-bir-kategoriye-sokamiyorsunuz-ama-kendinizi-cok-iyi-hissediyorsunuz-lhasa-de-sela-ve-sarkilari\/#primaryimage\"},\"thumbnailUrl\":\"http:\/\/www.musicheaven.gr\/html\/images\/stories\/662_a.jpg\",\"datePublished\":\"2010-04-01T09:52:59+00:00\",\"breadcrumb\":{\"@id\":\"https:\/\/narteks.net\/index.php\/2010\/04\/01\/muzigini-bir-kategoriye-sokamiyorsunuz-ama-kendinizi-cok-iyi-hissediyorsunuz-lhasa-de-sela-ve-sarkilari\/#breadcrumb\"},\"inLanguage\":\"tr\",\"potentialAction\":[{\"@type\":\"ReadAction\",\"target\":[\"https:\/\/narteks.net\/index.php\/2010\/04\/01\/muzigini-bir-kategoriye-sokamiyorsunuz-ama-kendinizi-cok-iyi-hissediyorsunuz-lhasa-de-sela-ve-sarkilari\/\"]}]},{\"@type\":\"ImageObject\",\"inLanguage\":\"tr\",\"@id\":\"https:\/\/narteks.net\/index.php\/2010\/04\/01\/muzigini-bir-kategoriye-sokamiyorsunuz-ama-kendinizi-cok-iyi-hissediyorsunuz-lhasa-de-sela-ve-sarkilari\/#primaryimage\",\"url\":\"http:\/\/www.musicheaven.gr\/html\/images\/stories\/662_a.jpg\",\"contentUrl\":\"http:\/\/www.musicheaven.gr\/html\/images\/stories\/662_a.jpg\"},{\"@type\":\"BreadcrumbList\",\"@id\":\"https:\/\/narteks.net\/index.php\/2010\/04\/01\/muzigini-bir-kategoriye-sokamiyorsunuz-ama-kendinizi-cok-iyi-hissediyorsunuz-lhasa-de-sela-ve-sarkilari\/#breadcrumb\",\"itemListElement\":[{\"@type\":\"ListItem\",\"position\":1,\"name\":\"Anasayfa\",\"item\":\"https:\/\/narteks.net\/\"},{\"@type\":\"ListItem\",\"position\":2,\"name\":\"M\u00fczi\u011fini bir kategoriye sokam\u0131yorsunuz ama kendinizi \u00e7ok iyi hissediyorsunuz | Lhasa de Sela ve \u015fark\u0131lar\u0131\"}]},{\"@type\":\"WebSite\",\"@id\":\"https:\/\/narteks.net\/#website\",\"url\":\"https:\/\/narteks.net\/\",\"name\":\"narteks.net\",\"description\":\"K\u00fclt\u00fcr Sanat Edebiyat Felsefe\",\"publisher\":{\"@id\":\"https:\/\/narteks.net\/#organization\"},\"alternateName\":\"K\u00fclt\u00fcr Sanat Edebiyat Felsefe\",\"potentialAction\":[{\"@type\":\"SearchAction\",\"target\":{\"@type\":\"EntryPoint\",\"urlTemplate\":\"https:\/\/narteks.net\/?s={search_term_string}\"},\"query-input\":{\"@type\":\"PropertyValueSpecification\",\"valueRequired\":true,\"valueName\":\"search_term_string\"}}],\"inLanguage\":\"tr\"},{\"@type\":\"Organization\",\"@id\":\"https:\/\/narteks.net\/#organization\",\"name\":\"narteks.net\",\"url\":\"https:\/\/narteks.net\/\",\"logo\":{\"@type\":\"ImageObject\",\"inLanguage\":\"tr\",\"@id\":\"https:\/\/narteks.net\/#\/schema\/logo\/image\/\",\"url\":\"https:\/\/narteks.net\/wp-content\/uploads\/narteks.png\",\"contentUrl\":\"https:\/\/narteks.net\/wp-content\/uploads\/narteks.png\",\"width\":300,\"height\":90,\"caption\":\"narteks.net\"},\"image\":{\"@id\":\"https:\/\/narteks.net\/#\/schema\/logo\/image\/\"},\"sameAs\":[\"https:\/\/x.com\/narteks\",\"https:\/\/instagram.com\/narteksnet\"]},{\"@type\":\"Person\",\"@id\":\"https:\/\/narteks.net\/#\/schema\/person\/61f37d9834294b72d31d274e7ed79bca\",\"name\":\"Tar\u0131k\",\"image\":{\"@type\":\"ImageObject\",\"inLanguage\":\"tr\",\"@id\":\"https:\/\/narteks.net\/#\/schema\/person\/image\/\",\"url\":\"https:\/\/secure.gravatar.com\/avatar\/50865afb55632c4ae467e0af0930f6510aa2297d8014be502a55b14f3b7550cf?s=96&d=mm&r=g\",\"contentUrl\":\"https:\/\/secure.gravatar.com\/avatar\/50865afb55632c4ae467e0af0930f6510aa2297d8014be502a55b14f3b7550cf?s=96&d=mm&r=g\",\"caption\":\"Tar\u0131k\"},\"sameAs\":[\"http:\/\/narteks.net\"],\"url\":\"https:\/\/narteks.net\/index.php\/author\/narbak\/\"}]}<\/script>\n<!-- \/ Yoast SEO Premium plugin. -->","yoast_head_json":{"title":"M\u00fczi\u011fini bir kategoriye sokam\u0131yorsunuz ama kendinizi \u00e7ok iyi hissediyorsunuz | Lhasa de Sela ve \u015fark\u0131lar\u0131 - narteks.net","robots":{"index":"index","follow":"follow","max-snippet":"max-snippet:-1","max-image-preview":"max-image-preview:large","max-video-preview":"max-video-preview:-1"},"canonical":"https:\/\/narteks.net\/index.php\/2010\/04\/01\/muzigini-bir-kategoriye-sokamiyorsunuz-ama-kendinizi-cok-iyi-hissediyorsunuz-lhasa-de-sela-ve-sarkilari\/","og_locale":"tr_TR","og_type":"article","og_title":"M\u00fczi\u011fini bir kategoriye sokam\u0131yorsunuz ama kendinizi \u00e7ok iyi hissediyorsunuz | Lhasa de Sela ve \u015fark\u0131lar\u0131","og_description":"&#8220;Meksikal\u0131 ve Yahudi \u2013 Amerikal\u0131 atalar\u0131ndan miras kan\u0131 damarlar\u0131nda dola\u015fan Lhasa, New York do\u011fumlu. Bu b\u00fcy\u00fck \u015fehrin Big Indian b\u00f6lgesinde do\u011fan Lhasa, geleneksel yap\u0131dan hayli uzak olan ailesinin ayn\u0131 yerde fazla kalmama ve \u201chayat seni nereye g\u00f6t\u00fcr\u00fcrse oraya git\u201d prensibi dolay\u0131s\u0131yla buradan k\u0131sa s\u00fcre i\u00e7inde ayr\u0131lm\u0131\u015f. Okul otob\u00fcs\u00fcnden bozma ara\u00e7lar\u0131yla ABD ve Meksika s\u0131n\u0131rlar\u0131 i\u00e7inde [&hellip;]","og_url":"https:\/\/narteks.net\/index.php\/2010\/04\/01\/muzigini-bir-kategoriye-sokamiyorsunuz-ama-kendinizi-cok-iyi-hissediyorsunuz-lhasa-de-sela-ve-sarkilari\/","og_site_name":"narteks.net","article_published_time":"2010-04-01T09:52:59+00:00","og_image":[{"url":"http:\/\/www.musicheaven.gr\/html\/images\/stories\/662_a.jpg","type":"","width":"","height":""}],"author":"Tar\u0131k","twitter_card":"summary_large_image","twitter_creator":"@narteks","twitter_site":"@narteks","twitter_misc":{"Yazan:":"Tar\u0131k","Tahmini okuma s\u00fcresi":"5 dakika"},"schema":{"@context":"https:\/\/schema.org","@graph":[{"@type":"Article","@id":"https:\/\/narteks.net\/index.php\/2010\/04\/01\/muzigini-bir-kategoriye-sokamiyorsunuz-ama-kendinizi-cok-iyi-hissediyorsunuz-lhasa-de-sela-ve-sarkilari\/#article","isPartOf":{"@id":"https:\/\/narteks.net\/index.php\/2010\/04\/01\/muzigini-bir-kategoriye-sokamiyorsunuz-ama-kendinizi-cok-iyi-hissediyorsunuz-lhasa-de-sela-ve-sarkilari\/"},"author":{"name":"Tar\u0131k","@id":"https:\/\/narteks.net\/#\/schema\/person\/61f37d9834294b72d31d274e7ed79bca"},"headline":"M\u00fczi\u011fini bir kategoriye sokam\u0131yorsunuz ama kendinizi \u00e7ok iyi hissediyorsunuz | Lhasa de Sela ve \u015fark\u0131lar\u0131","datePublished":"2010-04-01T09:52:59+00:00","mainEntityOfPage":{"@id":"https:\/\/narteks.net\/index.php\/2010\/04\/01\/muzigini-bir-kategoriye-sokamiyorsunuz-ama-kendinizi-cok-iyi-hissediyorsunuz-lhasa-de-sela-ve-sarkilari\/"},"wordCount":1090,"commentCount":0,"publisher":{"@id":"https:\/\/narteks.net\/#organization"},"image":{"@id":"https:\/\/narteks.net\/index.php\/2010\/04\/01\/muzigini-bir-kategoriye-sokamiyorsunuz-ama-kendinizi-cok-iyi-hissediyorsunuz-lhasa-de-sela-ve-sarkilari\/#primaryimage"},"thumbnailUrl":"http:\/\/www.musicheaven.gr\/html\/images\/stories\/662_a.jpg","articleSection":["D\u00fcnya'dan M\u00fczik"],"inLanguage":"tr","potentialAction":[{"@type":"CommentAction","name":"Comment","target":["https:\/\/narteks.net\/index.php\/2010\/04\/01\/muzigini-bir-kategoriye-sokamiyorsunuz-ama-kendinizi-cok-iyi-hissediyorsunuz-lhasa-de-sela-ve-sarkilari\/#respond"]}]},{"@type":"WebPage","@id":"https:\/\/narteks.net\/index.php\/2010\/04\/01\/muzigini-bir-kategoriye-sokamiyorsunuz-ama-kendinizi-cok-iyi-hissediyorsunuz-lhasa-de-sela-ve-sarkilari\/","url":"https:\/\/narteks.net\/index.php\/2010\/04\/01\/muzigini-bir-kategoriye-sokamiyorsunuz-ama-kendinizi-cok-iyi-hissediyorsunuz-lhasa-de-sela-ve-sarkilari\/","name":"M\u00fczi\u011fini bir kategoriye sokam\u0131yorsunuz ama kendinizi \u00e7ok iyi hissediyorsunuz | Lhasa de Sela ve \u015fark\u0131lar\u0131 - narteks.net","isPartOf":{"@id":"https:\/\/narteks.net\/#website"},"primaryImageOfPage":{"@id":"https:\/\/narteks.net\/index.php\/2010\/04\/01\/muzigini-bir-kategoriye-sokamiyorsunuz-ama-kendinizi-cok-iyi-hissediyorsunuz-lhasa-de-sela-ve-sarkilari\/#primaryimage"},"image":{"@id":"https:\/\/narteks.net\/index.php\/2010\/04\/01\/muzigini-bir-kategoriye-sokamiyorsunuz-ama-kendinizi-cok-iyi-hissediyorsunuz-lhasa-de-sela-ve-sarkilari\/#primaryimage"},"thumbnailUrl":"http:\/\/www.musicheaven.gr\/html\/images\/stories\/662_a.jpg","datePublished":"2010-04-01T09:52:59+00:00","breadcrumb":{"@id":"https:\/\/narteks.net\/index.php\/2010\/04\/01\/muzigini-bir-kategoriye-sokamiyorsunuz-ama-kendinizi-cok-iyi-hissediyorsunuz-lhasa-de-sela-ve-sarkilari\/#breadcrumb"},"inLanguage":"tr","potentialAction":[{"@type":"ReadAction","target":["https:\/\/narteks.net\/index.php\/2010\/04\/01\/muzigini-bir-kategoriye-sokamiyorsunuz-ama-kendinizi-cok-iyi-hissediyorsunuz-lhasa-de-sela-ve-sarkilari\/"]}]},{"@type":"ImageObject","inLanguage":"tr","@id":"https:\/\/narteks.net\/index.php\/2010\/04\/01\/muzigini-bir-kategoriye-sokamiyorsunuz-ama-kendinizi-cok-iyi-hissediyorsunuz-lhasa-de-sela-ve-sarkilari\/#primaryimage","url":"http:\/\/www.musicheaven.gr\/html\/images\/stories\/662_a.jpg","contentUrl":"http:\/\/www.musicheaven.gr\/html\/images\/stories\/662_a.jpg"},{"@type":"BreadcrumbList","@id":"https:\/\/narteks.net\/index.php\/2010\/04\/01\/muzigini-bir-kategoriye-sokamiyorsunuz-ama-kendinizi-cok-iyi-hissediyorsunuz-lhasa-de-sela-ve-sarkilari\/#breadcrumb","itemListElement":[{"@type":"ListItem","position":1,"name":"Anasayfa","item":"https:\/\/narteks.net\/"},{"@type":"ListItem","position":2,"name":"M\u00fczi\u011fini bir kategoriye sokam\u0131yorsunuz ama kendinizi \u00e7ok iyi hissediyorsunuz | Lhasa de Sela ve \u015fark\u0131lar\u0131"}]},{"@type":"WebSite","@id":"https:\/\/narteks.net\/#website","url":"https:\/\/narteks.net\/","name":"narteks.net","description":"K\u00fclt\u00fcr Sanat Edebiyat Felsefe","publisher":{"@id":"https:\/\/narteks.net\/#organization"},"alternateName":"K\u00fclt\u00fcr Sanat Edebiyat Felsefe","potentialAction":[{"@type":"SearchAction","target":{"@type":"EntryPoint","urlTemplate":"https:\/\/narteks.net\/?s={search_term_string}"},"query-input":{"@type":"PropertyValueSpecification","valueRequired":true,"valueName":"search_term_string"}}],"inLanguage":"tr"},{"@type":"Organization","@id":"https:\/\/narteks.net\/#organization","name":"narteks.net","url":"https:\/\/narteks.net\/","logo":{"@type":"ImageObject","inLanguage":"tr","@id":"https:\/\/narteks.net\/#\/schema\/logo\/image\/","url":"https:\/\/narteks.net\/wp-content\/uploads\/narteks.png","contentUrl":"https:\/\/narteks.net\/wp-content\/uploads\/narteks.png","width":300,"height":90,"caption":"narteks.net"},"image":{"@id":"https:\/\/narteks.net\/#\/schema\/logo\/image\/"},"sameAs":["https:\/\/x.com\/narteks","https:\/\/instagram.com\/narteksnet"]},{"@type":"Person","@id":"https:\/\/narteks.net\/#\/schema\/person\/61f37d9834294b72d31d274e7ed79bca","name":"Tar\u0131k","image":{"@type":"ImageObject","inLanguage":"tr","@id":"https:\/\/narteks.net\/#\/schema\/person\/image\/","url":"https:\/\/secure.gravatar.com\/avatar\/50865afb55632c4ae467e0af0930f6510aa2297d8014be502a55b14f3b7550cf?s=96&d=mm&r=g","contentUrl":"https:\/\/secure.gravatar.com\/avatar\/50865afb55632c4ae467e0af0930f6510aa2297d8014be502a55b14f3b7550cf?s=96&d=mm&r=g","caption":"Tar\u0131k"},"sameAs":["http:\/\/narteks.net"],"url":"https:\/\/narteks.net\/index.php\/author\/narbak\/"}]}},"_links":{"self":[{"href":"https:\/\/narteks.net\/index.php\/wp-json\/wp\/v2\/posts\/4424","targetHints":{"allow":["GET"]}}],"collection":[{"href":"https:\/\/narteks.net\/index.php\/wp-json\/wp\/v2\/posts"}],"about":[{"href":"https:\/\/narteks.net\/index.php\/wp-json\/wp\/v2\/types\/post"}],"author":[{"embeddable":true,"href":"https:\/\/narteks.net\/index.php\/wp-json\/wp\/v2\/users\/1"}],"replies":[{"embeddable":true,"href":"https:\/\/narteks.net\/index.php\/wp-json\/wp\/v2\/comments?post=4424"}],"version-history":[{"count":0,"href":"https:\/\/narteks.net\/index.php\/wp-json\/wp\/v2\/posts\/4424\/revisions"}],"wp:attachment":[{"href":"https:\/\/narteks.net\/index.php\/wp-json\/wp\/v2\/media?parent=4424"}],"wp:term":[{"taxonomy":"category","embeddable":true,"href":"https:\/\/narteks.net\/index.php\/wp-json\/wp\/v2\/categories?post=4424"},{"taxonomy":"post_tag","embeddable":true,"href":"https:\/\/narteks.net\/index.php\/wp-json\/wp\/v2\/tags?post=4424"}],"curies":[{"name":"wp","href":"https:\/\/api.w.org\/{rel}","templated":true}]}}