{"id":4426,"date":"2010-04-02T17:58:10","date_gmt":"2010-04-02T14:58:10","guid":{"rendered":"http:\/\/localhost\/wordpress\/2010\/04\/02\/levent-yuksel-ve-sarkilari-narteksnet-sayfalarinda\/"},"modified":"2010-04-02T17:58:10","modified_gmt":"2010-04-02T14:58:10","slug":"levent-yuksel-ve-sarkilari-narteksnet-sayfalarinda","status":"publish","type":"post","link":"https:\/\/narteks.net\/index.php\/2010\/04\/02\/levent-yuksel-ve-sarkilari-narteksnet-sayfalarinda\/","title":{"rendered":"Levent Y\u00fcksel ve \u015fark\u0131lar\u0131 narteks.net sayfalar\u0131nda"},"content":{"rendered":"<p style=\"text-align: justify;\"><img loading=\"lazy\" decoding=\"async\" src=\"images\/stories\/levent-yuksel.jpg\" border=\"0\" width=\"155\" height=\"205\" style=\"float: left;\" \/>21 Ekim 1964, Antalya do\u011fumlu olan Levent Y\u00fcksel \u0130lk ve orta \u00f6\u011frenimini Antalya&#8217;da tamamlad\u0131. Antalya Lisesi&#8217;nden mezun olduktan sonra \u015fimdiki ad\u0131 \u0130stanbul \u00dcniversitesi Devlet Konservatuvar\u0131 olan Belediye Konservatuvar\u0131&#8217;n\u0131n kontrbas b\u00f6l\u00fcm\u00fcn\u00fc bitirdi. Konservatuvar&#8217;da okurken bir\u00e7ok gece kul\u00fcb\u00fcnde bas \u00e7ald\u0131 ve bir\u00e7ok sanat\u00e7\u0131ya e\u015flik etti. Askerlikten sonra bir gece kul\u00fcb\u00fc orkestras\u0131nda Fatih Erko\u00e7 ve 1990&#8217;la 1996 aras\u0131 e\u015fi olan Sertab Erener&#8217;le birlikte 2 sene \u00e7al\u0131\u015ft\u0131. Aykut G\u00fcrel arac\u0131l\u0131\u011f\u0131yla Sezen Aksu&#8217;yla tan\u0131\u015ft\u0131 ve A\u015fk\u0131n Nur Yengi&#8217;nin ilk alb\u00fcm\u00fc olan Sevgiliye&#8217;de bulunan Bile Bile \u015fark\u0131s\u0131na Harun Kol\u00e7ak&#8217;la birlikte vokal yapt\u0131. En sonunda 1993 y\u0131l\u0131n\u0131n Haziran ay\u0131nda Med Cezir alb\u00fcm\u00fcn\u00fc \u00e7\u0131kard\u0131. Bu alb\u00fcmle ad\u0131n\u0131 duyuran Y\u00fcksel, 2 y\u0131l sonra \u0130kinci Alb\u00fcm\u00fc alb\u00fcm\u00fcn\u00fc \u00e7\u0131kard\u0131. 1997 y\u0131l\u0131n\u0131n Temmuz ay\u0131nda \u00e7\u0131kard\u0131\u011f\u0131 Bi Daha single&#8217;\u0131yla o y\u0131l\u0131n en \u00e7ok satan \u015fark\u0131c\u0131s\u0131 oldu. 1998&#8217;in Nisan ay\u0131nda \u00e7\u0131kard\u0131\u011f\u0131 Ad\u0131 Menek\u015fe alb\u00fcm\u00fcnde bekleneni veremedi ve kariyerinin en k\u00f6t\u00fc alb\u00fcm\u00fcn\u00fc yapt\u0131. Bu alb\u00fcmden sonra 3 y\u0131l ara verdi ve 2000&#8217;in Ekim ay\u0131nda A\u015fkla alb\u00fcm\u00fcyle geri d\u00f6nd\u00fc. 27 May\u0131s 2004 tarihinde Uslanmad\u0131m alb\u00fcm\u00fcn\u00fc \u00e7\u0131kard\u0131 ve bu alb\u00fcmde Orhan Gencebay&#8217;\u0131n \u015fark\u0131s\u0131 Yarabbim&#8217;i okudu. Kad\u0131n sanat\u00e7\u0131lar\u0131n seslendirmi\u015f oldu\u011fu eski \u015fark\u0131lar\u0131 yorumlad\u0131\u011f\u0131 26 Mart 2006 tarihinde Kad\u0131n \u015eark\u0131lar\u0131 alb\u00fcm\u00fc b\u00fcy\u00fck be\u011feni toplad\u0131.<\/p>\n<p><!--more--><\/p>\n<p>\u00a0<\/p>\n<p style=\"text-align: justify;\">\u00a0<\/p>\n<p style=\"text-align: justify;\">\u00a0<\/p>\n<p style=\"text-align: justify;\">\u00a0<\/p>\n<p style=\"text-align: justify;\">\u00a0<\/p>\n<p>\n<object width=\"400\" height=\"315\"><param name=\"movie\" value=\"http:\/\/www.humyo.com\/E\/10044311-281475298362177\/10044311-281475298373115\/10044311-281475298376725\/10044311-281475298364243\/10044311-281475298364975\/10044311-281475298366151\/10044311-281475298352183\/10044311-281475298367213\/10044311-281475298368471\/10044311-281475298362001\/10044311-281475298369825\/10044311-281475298375199\/10044311-281475298371003\/10044311-281475298374045\/10044311-281475298372059\/10044311-281475298362391\/10044311-281475298363111\/10044311-281475298375787\/10044311-281475298377337\/10044311-281475298378267\/10044311-281475298387093\/10044311-281475298405999\/10044311-281475298396343?a=FjjAcVcYSBA,9KRaC-1usLk,t35nupxCDAk,CISDE3X6SUM,LMevy_va-PA,BtBtsG0XmaY,STg0JbxCODY,imfyNFRcS2I,GKkdTMn3ja4,XfOIOc6RFYg,70JfSMhzyuI,KOukRN0Q5pc,wei92jaCjGo,-nuJ58qo3Ws,iF0yUAil4ZA,sFtvMfpTDQs,ZblXI2W8rjQ,_JeRQrFOYso,J86hqoUEICQ,EatQXG3h_rs,Z8NZs8HFsFs,wxGLGtP4UQI,66Hb7kgZscY\" \/><param name=\"flashvars\" value=\"autostart=true&amp;imagestart=true&amp;displayheight=236\" \/><embed type=\"application\/x-shockwave-flash\" width=\"400\" height=\"315\" src=\"http:\/\/www.humyo.com\/E\/10044311-281475298362177\/10044311-281475298373115\/10044311-281475298376725\/10044311-281475298364243\/10044311-281475298364975\/10044311-281475298366151\/10044311-281475298352183\/10044311-281475298367213\/10044311-281475298368471\/10044311-281475298362001\/10044311-281475298369825\/10044311-281475298375199\/10044311-281475298371003\/10044311-281475298374045\/10044311-281475298372059\/10044311-281475298362391\/10044311-281475298363111\/10044311-281475298375787\/10044311-281475298377337\/10044311-281475298378267\/10044311-281475298387093\/10044311-281475298405999\/10044311-281475298396343?a=FjjAcVcYSBA,9KRaC-1usLk,t35nupxCDAk,CISDE3X6SUM,LMevy_va-PA,BtBtsG0XmaY,STg0JbxCODY,imfyNFRcS2I,GKkdTMn3ja4,XfOIOc6RFYg,70JfSMhzyuI,KOukRN0Q5pc,wei92jaCjGo,-nuJ58qo3Ws,iF0yUAil4ZA,sFtvMfpTDQs,ZblXI2W8rjQ,_JeRQrFOYso,J86hqoUEICQ,EatQXG3h_rs,Z8NZs8HFsFs,wxGLGtP4UQI,66Hb7kgZscY\" flashvars=\"autostart=true&amp;imagestart=true&amp;displayheight=236\"><\/embed><\/object><\/p>\n","protected":false},"excerpt":{"rendered":"<p>21 Ekim 1964, Antalya do\u011fumlu olan Levent Y\u00fcksel \u0130lk ve orta \u00f6\u011frenimini Antalya&#8217;da tamamlad\u0131. Antalya Lisesi&#8217;nden mezun olduktan sonra \u015fimdiki ad\u0131 \u0130stanbul \u00dcniversitesi Devlet Konservatuvar\u0131 olan Belediye Konservatuvar\u0131&#8217;n\u0131n kontrbas b\u00f6l\u00fcm\u00fcn\u00fc bitirdi. Konservatuvar&#8217;da okurken bir\u00e7ok gece kul\u00fcb\u00fcnde bas \u00e7ald\u0131 ve bir\u00e7ok sanat\u00e7\u0131ya e\u015flik etti. Askerlikten sonra bir gece kul\u00fcb\u00fc orkestras\u0131nda Fatih Erko\u00e7 ve 1990&#8217;la 1996 aras\u0131 [&hellip;]<\/p>\n","protected":false},"author":1,"featured_media":0,"comment_status":"open","ping_status":"open","sticky":false,"template":"","format":"standard","meta":{"footnotes":""},"categories":[100],"tags":[],"class_list":{"0":"post-4426","1":"post","2":"type-post","3":"status-publish","4":"format-standard","6":"category-muzisyenler"},"yoast_head":"<!-- This site is optimized with the Yoast SEO Premium plugin v24.9 (Yoast SEO v24.9) - https:\/\/yoast.com\/wordpress\/plugins\/seo\/ -->\n<title>Levent Y\u00fcksel ve \u015fark\u0131lar\u0131 narteks.net sayfalar\u0131nda - narteks.net<\/title>\n<meta name=\"robots\" content=\"index, follow, max-snippet:-1, max-image-preview:large, max-video-preview:-1\" \/>\n<link rel=\"canonical\" href=\"https:\/\/narteks.net\/index.php\/2010\/04\/02\/levent-yuksel-ve-sarkilari-narteksnet-sayfalarinda\/\" \/>\n<meta property=\"og:locale\" content=\"tr_TR\" \/>\n<meta property=\"og:type\" content=\"article\" \/>\n<meta property=\"og:title\" content=\"Levent Y\u00fcksel ve \u015fark\u0131lar\u0131 narteks.net sayfalar\u0131nda\" \/>\n<meta property=\"og:description\" content=\"21 Ekim 1964, Antalya do\u011fumlu olan Levent Y\u00fcksel \u0130lk ve orta \u00f6\u011frenimini Antalya&#8217;da tamamlad\u0131. Antalya Lisesi&#8217;nden mezun olduktan sonra \u015fimdiki ad\u0131 \u0130stanbul \u00dcniversitesi Devlet Konservatuvar\u0131 olan Belediye Konservatuvar\u0131&#8217;n\u0131n kontrbas b\u00f6l\u00fcm\u00fcn\u00fc bitirdi. Konservatuvar&#8217;da okurken bir\u00e7ok gece kul\u00fcb\u00fcnde bas \u00e7ald\u0131 ve bir\u00e7ok sanat\u00e7\u0131ya e\u015flik etti. Askerlikten sonra bir gece kul\u00fcb\u00fc orkestras\u0131nda Fatih Erko\u00e7 ve 1990&#8217;la 1996 aras\u0131 [&hellip;]\" \/>\n<meta property=\"og:url\" content=\"https:\/\/narteks.net\/index.php\/2010\/04\/02\/levent-yuksel-ve-sarkilari-narteksnet-sayfalarinda\/\" \/>\n<meta property=\"og:site_name\" content=\"narteks.net\" \/>\n<meta property=\"article:published_time\" content=\"2010-04-02T14:58:10+00:00\" \/>\n<meta property=\"og:image\" content=\"https:\/\/narteks.net\/wp-content\/uploads\/narteks.png\" \/>\n\t<meta property=\"og:image:width\" content=\"300\" \/>\n\t<meta property=\"og:image:height\" content=\"90\" \/>\n\t<meta property=\"og:image:type\" content=\"image\/png\" \/>\n<meta name=\"author\" content=\"Tar\u0131k\" \/>\n<meta name=\"twitter:card\" content=\"summary_large_image\" \/>\n<meta name=\"twitter:creator\" content=\"@narteks\" \/>\n<meta name=\"twitter:site\" content=\"@narteks\" \/>\n<meta name=\"twitter:label1\" content=\"Yazan:\" \/>\n\t<meta name=\"twitter:data1\" content=\"Tar\u0131k\" \/>\n\t<meta name=\"twitter:label2\" content=\"Tahmini okuma s\u00fcresi\" \/>\n\t<meta name=\"twitter:data2\" content=\"1 dakika\" \/>\n<script type=\"application\/ld+json\" class=\"yoast-schema-graph\">{\"@context\":\"https:\/\/schema.org\",\"@graph\":[{\"@type\":\"Article\",\"@id\":\"https:\/\/narteks.net\/index.php\/2010\/04\/02\/levent-yuksel-ve-sarkilari-narteksnet-sayfalarinda\/#article\",\"isPartOf\":{\"@id\":\"https:\/\/narteks.net\/index.php\/2010\/04\/02\/levent-yuksel-ve-sarkilari-narteksnet-sayfalarinda\/\"},\"author\":{\"name\":\"Tar\u0131k\",\"@id\":\"https:\/\/narteks.net\/#\/schema\/person\/61f37d9834294b72d31d274e7ed79bca\"},\"headline\":\"Levent Y\u00fcksel ve \u015fark\u0131lar\u0131 narteks.net sayfalar\u0131nda\",\"datePublished\":\"2010-04-02T14:58:10+00:00\",\"mainEntityOfPage\":{\"@id\":\"https:\/\/narteks.net\/index.php\/2010\/04\/02\/levent-yuksel-ve-sarkilari-narteksnet-sayfalarinda\/\"},\"wordCount\":264,\"commentCount\":0,\"publisher\":{\"@id\":\"https:\/\/narteks.net\/#organization\"},\"articleSection\":[\"M\u00fczisyenler\"],\"inLanguage\":\"tr\",\"potentialAction\":[{\"@type\":\"CommentAction\",\"name\":\"Comment\",\"target\":[\"https:\/\/narteks.net\/index.php\/2010\/04\/02\/levent-yuksel-ve-sarkilari-narteksnet-sayfalarinda\/#respond\"]}]},{\"@type\":\"WebPage\",\"@id\":\"https:\/\/narteks.net\/index.php\/2010\/04\/02\/levent-yuksel-ve-sarkilari-narteksnet-sayfalarinda\/\",\"url\":\"https:\/\/narteks.net\/index.php\/2010\/04\/02\/levent-yuksel-ve-sarkilari-narteksnet-sayfalarinda\/\",\"name\":\"Levent Y\u00fcksel ve \u015fark\u0131lar\u0131 narteks.net sayfalar\u0131nda - narteks.net\",\"isPartOf\":{\"@id\":\"https:\/\/narteks.net\/#website\"},\"datePublished\":\"2010-04-02T14:58:10+00:00\",\"breadcrumb\":{\"@id\":\"https:\/\/narteks.net\/index.php\/2010\/04\/02\/levent-yuksel-ve-sarkilari-narteksnet-sayfalarinda\/#breadcrumb\"},\"inLanguage\":\"tr\",\"potentialAction\":[{\"@type\":\"ReadAction\",\"target\":[\"https:\/\/narteks.net\/index.php\/2010\/04\/02\/levent-yuksel-ve-sarkilari-narteksnet-sayfalarinda\/\"]}]},{\"@type\":\"BreadcrumbList\",\"@id\":\"https:\/\/narteks.net\/index.php\/2010\/04\/02\/levent-yuksel-ve-sarkilari-narteksnet-sayfalarinda\/#breadcrumb\",\"itemListElement\":[{\"@type\":\"ListItem\",\"position\":1,\"name\":\"Anasayfa\",\"item\":\"https:\/\/narteks.net\/\"},{\"@type\":\"ListItem\",\"position\":2,\"name\":\"Levent Y\u00fcksel ve \u015fark\u0131lar\u0131 narteks.net sayfalar\u0131nda\"}]},{\"@type\":\"WebSite\",\"@id\":\"https:\/\/narteks.net\/#website\",\"url\":\"https:\/\/narteks.net\/\",\"name\":\"narteks.net\",\"description\":\"K\u00fclt\u00fcr Sanat Edebiyat Felsefe\",\"publisher\":{\"@id\":\"https:\/\/narteks.net\/#organization\"},\"alternateName\":\"K\u00fclt\u00fcr Sanat Edebiyat Felsefe\",\"potentialAction\":[{\"@type\":\"SearchAction\",\"target\":{\"@type\":\"EntryPoint\",\"urlTemplate\":\"https:\/\/narteks.net\/?s={search_term_string}\"},\"query-input\":{\"@type\":\"PropertyValueSpecification\",\"valueRequired\":true,\"valueName\":\"search_term_string\"}}],\"inLanguage\":\"tr\"},{\"@type\":\"Organization\",\"@id\":\"https:\/\/narteks.net\/#organization\",\"name\":\"narteks.net\",\"url\":\"https:\/\/narteks.net\/\",\"logo\":{\"@type\":\"ImageObject\",\"inLanguage\":\"tr\",\"@id\":\"https:\/\/narteks.net\/#\/schema\/logo\/image\/\",\"url\":\"https:\/\/narteks.net\/wp-content\/uploads\/narteks.png\",\"contentUrl\":\"https:\/\/narteks.net\/wp-content\/uploads\/narteks.png\",\"width\":300,\"height\":90,\"caption\":\"narteks.net\"},\"image\":{\"@id\":\"https:\/\/narteks.net\/#\/schema\/logo\/image\/\"},\"sameAs\":[\"https:\/\/x.com\/narteks\",\"https:\/\/instagram.com\/narteksnet\"]},{\"@type\":\"Person\",\"@id\":\"https:\/\/narteks.net\/#\/schema\/person\/61f37d9834294b72d31d274e7ed79bca\",\"name\":\"Tar\u0131k\",\"image\":{\"@type\":\"ImageObject\",\"inLanguage\":\"tr\",\"@id\":\"https:\/\/narteks.net\/#\/schema\/person\/image\/\",\"url\":\"https:\/\/secure.gravatar.com\/avatar\/50865afb55632c4ae467e0af0930f6510aa2297d8014be502a55b14f3b7550cf?s=96&d=mm&r=g\",\"contentUrl\":\"https:\/\/secure.gravatar.com\/avatar\/50865afb55632c4ae467e0af0930f6510aa2297d8014be502a55b14f3b7550cf?s=96&d=mm&r=g\",\"caption\":\"Tar\u0131k\"},\"sameAs\":[\"http:\/\/narteks.net\"],\"url\":\"https:\/\/narteks.net\/index.php\/author\/narbak\/\"}]}<\/script>\n<!-- \/ Yoast SEO Premium plugin. -->","yoast_head_json":{"title":"Levent Y\u00fcksel ve \u015fark\u0131lar\u0131 narteks.net sayfalar\u0131nda - narteks.net","robots":{"index":"index","follow":"follow","max-snippet":"max-snippet:-1","max-image-preview":"max-image-preview:large","max-video-preview":"max-video-preview:-1"},"canonical":"https:\/\/narteks.net\/index.php\/2010\/04\/02\/levent-yuksel-ve-sarkilari-narteksnet-sayfalarinda\/","og_locale":"tr_TR","og_type":"article","og_title":"Levent Y\u00fcksel ve \u015fark\u0131lar\u0131 narteks.net sayfalar\u0131nda","og_description":"21 Ekim 1964, Antalya do\u011fumlu olan Levent Y\u00fcksel \u0130lk ve orta \u00f6\u011frenimini Antalya&#8217;da tamamlad\u0131. Antalya Lisesi&#8217;nden mezun olduktan sonra \u015fimdiki ad\u0131 \u0130stanbul \u00dcniversitesi Devlet Konservatuvar\u0131 olan Belediye Konservatuvar\u0131&#8217;n\u0131n kontrbas b\u00f6l\u00fcm\u00fcn\u00fc bitirdi. Konservatuvar&#8217;da okurken bir\u00e7ok gece kul\u00fcb\u00fcnde bas \u00e7ald\u0131 ve bir\u00e7ok sanat\u00e7\u0131ya e\u015flik etti. Askerlikten sonra bir gece kul\u00fcb\u00fc orkestras\u0131nda Fatih Erko\u00e7 ve 1990&#8217;la 1996 aras\u0131 [&hellip;]","og_url":"https:\/\/narteks.net\/index.php\/2010\/04\/02\/levent-yuksel-ve-sarkilari-narteksnet-sayfalarinda\/","og_site_name":"narteks.net","article_published_time":"2010-04-02T14:58:10+00:00","og_image":[{"width":300,"height":90,"url":"https:\/\/narteks.net\/wp-content\/uploads\/narteks.png","type":"image\/png"}],"author":"Tar\u0131k","twitter_card":"summary_large_image","twitter_creator":"@narteks","twitter_site":"@narteks","twitter_misc":{"Yazan:":"Tar\u0131k","Tahmini okuma s\u00fcresi":"1 dakika"},"schema":{"@context":"https:\/\/schema.org","@graph":[{"@type":"Article","@id":"https:\/\/narteks.net\/index.php\/2010\/04\/02\/levent-yuksel-ve-sarkilari-narteksnet-sayfalarinda\/#article","isPartOf":{"@id":"https:\/\/narteks.net\/index.php\/2010\/04\/02\/levent-yuksel-ve-sarkilari-narteksnet-sayfalarinda\/"},"author":{"name":"Tar\u0131k","@id":"https:\/\/narteks.net\/#\/schema\/person\/61f37d9834294b72d31d274e7ed79bca"},"headline":"Levent Y\u00fcksel ve \u015fark\u0131lar\u0131 narteks.net sayfalar\u0131nda","datePublished":"2010-04-02T14:58:10+00:00","mainEntityOfPage":{"@id":"https:\/\/narteks.net\/index.php\/2010\/04\/02\/levent-yuksel-ve-sarkilari-narteksnet-sayfalarinda\/"},"wordCount":264,"commentCount":0,"publisher":{"@id":"https:\/\/narteks.net\/#organization"},"articleSection":["M\u00fczisyenler"],"inLanguage":"tr","potentialAction":[{"@type":"CommentAction","name":"Comment","target":["https:\/\/narteks.net\/index.php\/2010\/04\/02\/levent-yuksel-ve-sarkilari-narteksnet-sayfalarinda\/#respond"]}]},{"@type":"WebPage","@id":"https:\/\/narteks.net\/index.php\/2010\/04\/02\/levent-yuksel-ve-sarkilari-narteksnet-sayfalarinda\/","url":"https:\/\/narteks.net\/index.php\/2010\/04\/02\/levent-yuksel-ve-sarkilari-narteksnet-sayfalarinda\/","name":"Levent Y\u00fcksel ve \u015fark\u0131lar\u0131 narteks.net sayfalar\u0131nda - narteks.net","isPartOf":{"@id":"https:\/\/narteks.net\/#website"},"datePublished":"2010-04-02T14:58:10+00:00","breadcrumb":{"@id":"https:\/\/narteks.net\/index.php\/2010\/04\/02\/levent-yuksel-ve-sarkilari-narteksnet-sayfalarinda\/#breadcrumb"},"inLanguage":"tr","potentialAction":[{"@type":"ReadAction","target":["https:\/\/narteks.net\/index.php\/2010\/04\/02\/levent-yuksel-ve-sarkilari-narteksnet-sayfalarinda\/"]}]},{"@type":"BreadcrumbList","@id":"https:\/\/narteks.net\/index.php\/2010\/04\/02\/levent-yuksel-ve-sarkilari-narteksnet-sayfalarinda\/#breadcrumb","itemListElement":[{"@type":"ListItem","position":1,"name":"Anasayfa","item":"https:\/\/narteks.net\/"},{"@type":"ListItem","position":2,"name":"Levent Y\u00fcksel ve \u015fark\u0131lar\u0131 narteks.net sayfalar\u0131nda"}]},{"@type":"WebSite","@id":"https:\/\/narteks.net\/#website","url":"https:\/\/narteks.net\/","name":"narteks.net","description":"K\u00fclt\u00fcr Sanat Edebiyat Felsefe","publisher":{"@id":"https:\/\/narteks.net\/#organization"},"alternateName":"K\u00fclt\u00fcr Sanat Edebiyat Felsefe","potentialAction":[{"@type":"SearchAction","target":{"@type":"EntryPoint","urlTemplate":"https:\/\/narteks.net\/?s={search_term_string}"},"query-input":{"@type":"PropertyValueSpecification","valueRequired":true,"valueName":"search_term_string"}}],"inLanguage":"tr"},{"@type":"Organization","@id":"https:\/\/narteks.net\/#organization","name":"narteks.net","url":"https:\/\/narteks.net\/","logo":{"@type":"ImageObject","inLanguage":"tr","@id":"https:\/\/narteks.net\/#\/schema\/logo\/image\/","url":"https:\/\/narteks.net\/wp-content\/uploads\/narteks.png","contentUrl":"https:\/\/narteks.net\/wp-content\/uploads\/narteks.png","width":300,"height":90,"caption":"narteks.net"},"image":{"@id":"https:\/\/narteks.net\/#\/schema\/logo\/image\/"},"sameAs":["https:\/\/x.com\/narteks","https:\/\/instagram.com\/narteksnet"]},{"@type":"Person","@id":"https:\/\/narteks.net\/#\/schema\/person\/61f37d9834294b72d31d274e7ed79bca","name":"Tar\u0131k","image":{"@type":"ImageObject","inLanguage":"tr","@id":"https:\/\/narteks.net\/#\/schema\/person\/image\/","url":"https:\/\/secure.gravatar.com\/avatar\/50865afb55632c4ae467e0af0930f6510aa2297d8014be502a55b14f3b7550cf?s=96&d=mm&r=g","contentUrl":"https:\/\/secure.gravatar.com\/avatar\/50865afb55632c4ae467e0af0930f6510aa2297d8014be502a55b14f3b7550cf?s=96&d=mm&r=g","caption":"Tar\u0131k"},"sameAs":["http:\/\/narteks.net"],"url":"https:\/\/narteks.net\/index.php\/author\/narbak\/"}]}},"_links":{"self":[{"href":"https:\/\/narteks.net\/index.php\/wp-json\/wp\/v2\/posts\/4426","targetHints":{"allow":["GET"]}}],"collection":[{"href":"https:\/\/narteks.net\/index.php\/wp-json\/wp\/v2\/posts"}],"about":[{"href":"https:\/\/narteks.net\/index.php\/wp-json\/wp\/v2\/types\/post"}],"author":[{"embeddable":true,"href":"https:\/\/narteks.net\/index.php\/wp-json\/wp\/v2\/users\/1"}],"replies":[{"embeddable":true,"href":"https:\/\/narteks.net\/index.php\/wp-json\/wp\/v2\/comments?post=4426"}],"version-history":[{"count":0,"href":"https:\/\/narteks.net\/index.php\/wp-json\/wp\/v2\/posts\/4426\/revisions"}],"wp:attachment":[{"href":"https:\/\/narteks.net\/index.php\/wp-json\/wp\/v2\/media?parent=4426"}],"wp:term":[{"taxonomy":"category","embeddable":true,"href":"https:\/\/narteks.net\/index.php\/wp-json\/wp\/v2\/categories?post=4426"},{"taxonomy":"post_tag","embeddable":true,"href":"https:\/\/narteks.net\/index.php\/wp-json\/wp\/v2\/tags?post=4426"}],"curies":[{"name":"wp","href":"https:\/\/api.w.org\/{rel}","templated":true}]}}