{"id":4430,"date":"2010-04-03T14:19:56","date_gmt":"2010-04-03T11:19:56","guid":{"rendered":"http:\/\/localhost\/wordpress\/2010\/04\/03\/o-gece-kalede-neler-olup-bitti-bunu-hic-kimse-asla-ogrenemedi-gercekte-affedilmeyen-gabor-liptak\/"},"modified":"2010-04-03T14:19:56","modified_gmt":"2010-04-03T11:19:56","slug":"o-gece-kalede-neler-olup-bitti-bunu-hic-kimse-asla-ogrenemedi-gercekte-affedilmeyen-gabor-liptak","status":"publish","type":"post","link":"https:\/\/narteks.net\/index.php\/2010\/04\/03\/o-gece-kalede-neler-olup-bitti-bunu-hic-kimse-asla-ogrenemedi-gercekte-affedilmeyen-gabor-liptak\/","title":{"rendered":"O gece Kale&#8217;de neler olup bitti, bunu hi\u00e7 kimse asla \u00f6\u011frenemedi ger\u00e7ekte | Affedilmeyen &#8211; Gabor Liptak"},"content":{"rendered":"<p style=\"text-align: justify;\"><img loading=\"lazy\" decoding=\"async\" src=\"http:\/\/www.salgit.com\/resimler\/kale.jpg\" border=\"0\" width=\"155\" height=\"205\" style=\"float: left;\" \/>Kapkaranl\u0131k bir gece \u00e7\u00f6km\u00fc\u015ft\u00fc Nagyvizsony Vadisine. G\u00f6ky\u00fcz\u00fcnde tek bir y\u0131ld\u0131z bile parlam\u0131yordu ve k\u00f6y\u00fcn viran serf evlerinin k\u00fc\u00e7\u00fcc\u00fck pencerelerinin birinde bile tek bir kandil \u0131\u015f\u0131\u011f\u0131 dahi yanm\u0131yordu o gece. Sadece kalenin g\u00f6rkemli kulelerindeki darac\u0131k pencere aral\u0131klar\u0131ndan solgun bir \u0131\u015f\u0131k s\u00fcz\u00fcl\u00fcyordu d\u0131\u015far\u0131ya ve bir tek surlarda ge\u00e7e n\u00f6betinde olanlar\u0131n n\u00f6bet de\u011fi\u015fimindeki sesleri zaman zaman gecenin bu ilerleyen vaktindeki derin sessizli\u011fi bozuyordu. Kulenin en alt\u0131nda bulunan odadaki duvarda as\u0131l\u0131 a\u011f\u0131r demir silahlar\u0131n i\u00e7inde yanyana duran iki m\u0131zrak karanl\u0131kta bile g\u00f6ze \u00e7arp\u0131yordu. <br \/>-Muhterem, hadi \u015fans\u0131n\u0131z\u0131 bir kez daha deneyin! -dedi keyifle g\u00fclerek Balizs ve elindeki zarlar\u0131 a\u011fa\u00e7 kupan\u0131n i\u00e7inde sallad\u0131. <br \/>-Bug\u00fcn kazand\u0131klar\u0131n sana yetmedi mi? -dedi Vizsony Kalesinin komutan\u0131 olan Mihily Domokos ve elindeki g\u00fcm\u00fc\u015f paray\u0131 masan\u0131n \u00fczerine f\u0131rlatt\u0131. Ard\u0131ndan sandalyeye oturdu ve iyice bir esneyip gerinince: <br \/>-\u015eu kar\u0131m da nerede kald\u0131, gelse art\u0131k! dedi. <br \/>-Yukar\u0131da, Han\u0131mefendinin yan\u0131nda de\u011fil mi? diye sordu gen\u00e7 katip. <br \/>-Ba\u015fka zaman olsa senin zarlar\u0131n kar\u015f\u0131s\u0131nda tek bir kuru\u015f bile kaybetmezdim ama&#8230; dedi kale komutan\u0131 ve a\u011fz\u0131na kadar k\u0131rm\u0131z\u0131 \u015farapla doldurulmu\u015f olan metal kupadan kocaman bir yudum i\u00e7ti. <br \/>-Daha \u00e7ok beklersiniz efendim!\u00a0 dedi delikanl\u0131 biraz imal\u0131 bir \u015fekilde g\u00fclerek. Sonra da: <br \/>-Bu gece san\u0131r\u0131m epey uzun bir gece olacak.\u00a0 diye ekledi. <br \/>-Ne bi\u00e7im bir konu\u015fma bu b\u00f6yle? Bunlar\u0131 hangi fal kitab\u0131ndan \u00f6\u011frendin b\u00f6yle?<\/p>\n<p style=\"text-align: justify;\">-\u0130nsan\u0131n aptal\u0131 y\u0131ld\u0131zlara da baksa bir \u015fey anlamaz. Bo\u015funa bakar. Akl\u0131 olan ise kendi d\u00fc\u015f\u00fcncelerinden bile pek \u00e7ok sonu\u00e7 \u00e7\u0131kartabilir. diye kar\u015f\u0131l\u0131k verdi delikanl\u0131 ve: <br \/>-Bu gece e\u015finizin eve gelmesi \u00e7ok uzun s\u00fcrer. Han\u0131mefendinin yan\u0131ndan kolay kolay ayr\u0131lamaz!\u00a0\u00a0 dedi sanki bunun sebebini biliyormu\u015f gibi. <br \/>-\u0130yi ama niye? Ne oldu ki?!\u00a0 diye sordu adam bunun \u00fczerine. <br \/>-Efendim, beyimizin, Gergely Kereky in Vizsony Kalesine hala d\u00f6nmedi\u011fini bilmiyor musunuz yoksa? Han\u0131mefendimiz b\u00f6yle zamanlarda huzursuz g\u00f6nl\u00fcn\u00fc yat\u0131\u015ft\u0131rmak i\u00e7in b\u00fct\u00fcn vaktini dua ederek ge\u00e7iriyor. <br \/>Bu s\u00f6zler \u00fczerine kale komutan\u0131 yeniden masaya oturdu ve \u015faraptan bir yudum daha i\u00e7ti. <br \/>-Bunu unutmu\u015ftum. dedi komutan \u00f6fkeli bir ses tonuyla. <br \/>-Benim o olay\u0131 unutmam \u00e7ok zor. diyerek derin bir i\u00e7 \u00e7ekti delikanl\u0131 ve ard\u0131ndan: <br \/>-Sabahlar\u0131 \u015fikayet i\u00e7in kale kap\u0131s\u0131n\u0131n \u00f6n\u00fcnde birikenleri g\u00fczel s\u00f6zle ya da olmazsa sopayla veya dayakla buradan uzakla\u015ft\u0131rmak benim i\u015fim. Buralarda ya\u015fayan ve elinde avucundakiler al\u0131nm\u0131\u015f, ba\u015f\u0131 s\u0131k\u0131\u015fm\u0131\u015f her k\u00f6yl\u00fc Han\u0131m\u0131m\u0131z Benigna dan yard\u0131m istiyor, ondan medet umuyor. dedi. <br \/>-\u0130yi de o zaman Pil Kinizsi nin dul e\u015fi bu insanlara kar\u015f\u0131 onun adil davranmas\u0131 i\u00e7in neden bir \u015feyler yapm\u0131yor? dedi homurdanarak kale komutan\u0131. <br \/>-\u00c7\u00fcnk\u00fc o art\u0131k Pil Kinizsi nin dul e\u015fi de\u011fil, \u015fimdi Gergely Kereky in nikahl\u0131 e\u015fi de ondan! dedi delikanl\u0131 han\u0131m\u0131n\u0131 savunmak istercesine. Kale komutan\u0131\u00a0 hadi can\u0131m sende\u00a0 tarz\u0131nda bir edayla elinin tersiyle bir i\u015faret yapt\u0131. Biraz zaman ge\u00e7ince d\u00fc\u015f\u00fcn\u00fcp ta\u015f\u0131nm\u0131\u015f olacak ki delikanl\u0131y\u0131 destekleyen tarzda konu\u015fmaya ba\u015flad\u0131. <br \/>-Hakl\u0131s\u0131n! Adil ve merhametli Kral\u0131m\u0131z\u0131n, Kral Mityis \u0131n en g\u00f6zde komutan\u0131 olan Kinizsi nin akl\u0131n\u0131n ve bilgeli\u011finin h\u00fck\u00fcm s\u00fcrd\u00fc\u011f\u00fc Vizsony Kalesindeki o g\u00fczel g\u00fcnler ne yaz\u0131k ki \u00e7ok gerilerde kald\u0131!\u00a0 dedi ve bunu s\u00f6yledikten sonra kale komutan\u0131 biraz daha d\u00fc\u015f\u00fcnd\u00fc ve: <br \/>-Asl\u0131nda kocas\u0131n\u0131n \u00f6l\u00fcm\u00fcn\u00fcn \u00fczerinden daha alt\u0131 ay bile ge\u00e7memi\u015fken onun gidip de Mirk Horvith ile evlendi\u011fi zaman bunlar\u0131 d\u00fc\u015f\u00fcnmeliydik. dedi. <br \/>-Evet ama, o zaman \u00e7ok daha gen\u00e7ti ve \u00e7ocu\u011fu da yoktu. Koskocaman m\u00fclk\u00fcn\u00fc y\u00f6netecek ak\u0131ll\u0131 bir koca arad\u0131\u011f\u0131na inand\u0131rd\u0131lar bizi&#8230;dedi delikanl\u0131. <br \/>-Pil Kinizsi den sonra bu i\u015fi i\u00e7in en uygun adam Mirk Horvith m\u0131yd\u0131 yani?! <br \/>-Kimsenin kim ve ne oldu\u011funu bilmedi\u011fi bir yabanc\u0131yd\u0131. Ama o adam bu arada bir soyluydu ve k\u0131sa bir s\u00fcre sonra da H\u0131rvatistan ve Slovenya Ban\u0131 oldu. <br \/>-Evet, \u00e7\u00fcnk\u00fc soylu han\u0131mefendi Benigna Magyar, Pil Kinizsi nin k\u0131l\u0131c\u0131n\u0131n g\u00fcc\u00fcyle, yi\u011fit\u00e7e kazand\u0131\u011f\u0131 b\u00fct\u00fcn mal varl\u0131\u011f\u0131n\u0131 gidip hemen yeni kocas\u0131n\u0131n \u00fczerine yazd\u0131rd\u0131 da ondan! dedi <br \/>durumdan rahats\u0131z oldu\u011fu her halinden belli olan kale komutan\u0131. <br \/>-Ama siz de g\u00f6r\u00fcyorsunuz ki, bu kad\u0131n onu da atlatt\u0131!&#8230; o da art\u0131k aram\u0131zda olmayanlardan ve \u015fimdi&#8230;. <br \/>-Evet. Ban, Zagreb de at\u0131ndan d\u00fc\u015ferek boynu k\u0131r\u0131l\u0131p \u00f6l\u00fcnce onu Vizsony a getirtti ve eski kocas\u0131n\u0131n yan\u0131na, ayn\u0131 manast\u0131rda onu topra\u011fa verdi&#8230;Ve bu olay\u0131n ard\u0131ndan birka\u00e7 ay sonra da gidip \u015fu be\u015f para etmeyen, her f\u0131rsatta onu aldatan, onun serflerini haraca ba\u011flayan, herkese kan kusturan bu adamla evlendi. <br \/>-Ona da kan kusturuyor do\u011fru, hatta kar\u0131s\u0131n\u0131 s\u00f6m\u00fcrd\u00fc\u011f\u00fc de \u00e7ok do\u011fru. onu akl\u0131 ba\u015f\u0131nda bir halde herhangi bir i\u015f yaparken g\u00f6rmek neredeyse imkans\u0131z ve kazara arada bir akl\u0131n\u0131 ba\u015f\u0131na toplasa bile o zaman da o kad\u0131na kar\u015f\u0131 g\u00fczel bir s\u00f6z s\u00f6yledi\u011fine de hi\u00e7 tan\u0131k olmad\u0131m. A\u011fz\u0131ndan \u00e7\u0131kan laflar\u0131 kula\u011f\u0131 duymuyor. \u00c7ok nank\u00f6r ama bir o kadar da k\u00fcstah ve kaba bir adam. <br \/>-Sana diyorum ben o\u011flum, bu kad\u0131n o kadar \u00e7ok g\u00fcnah i\u015flemi\u015f ki \u00f6l\u00fcnceye kadar onlar\u0131n bedelini \u00f6deyemez. Y\u00fcz\u00fc g\u00fclmez art\u0131k onun.\u00a0 dedi bunun \u00fczerine kale komutan\u0131. <br \/>-Oysa neler&#8230; dedi alayl\u0131 bir \u015fekilde delikanl\u0131 ve sonra da: <br \/>-Gergely Kereky in yan\u0131nda her ge\u00e7en g\u00fcn biraz daha \u00e7ok ac\u0131 ve \u0131zd\u0131rap \u00e7ekiyor.\u00a0\u00a0 deyince kale komutan\u0131 kocaman yumru\u011funu masaya vurarak: <br \/>-Hey gidi yalan d\u00fcnya, hey! o sadece ekti\u011fini bi\u00e7iyor. Bizim ba\u015f\u0131m\u0131za bu \u00e7apulcuyu o kendisi al\u0131p getirdi, \u015fimdi \u00e7eksin bakal\u0131m! dedi \u00f6fke ve nefret dolu bir sesle. <br \/>-Ama efendim dikkatli olun! dedi gen\u00e7 katip elini kale komutan\u0131n\u0131n koluna koyarak. <br \/>-Vizsony Kalesinin duvarlar\u0131 kal\u0131n ama yine de Gergely in m\u00fczevirlerinin kulaklar\u0131 her yerde s\u00f6ylenenleri duyabilir. Mihily Domokos bunun \u00fczerine bir kat daha \u00f6fkelendi ve kendisini tutamayarak: <br \/>-Tabii, sen Pil Kinizsi nin ordusunda sava\u015fmad\u0131n ki! onun i\u00e7in de bu utan\u00e7 verici duruma katlanmak senin i\u00e7in kolay olabilir. Kral Mityis \u0131n ba\u015fkomutan\u0131n\u0131n en sevdi\u011fi kalesinde bug\u00fcn \u00e7apulcular\u0131n kol gezmesi seni rahats\u0131z etmeyebilir, ama ben buna dayanam\u0131yorum art\u0131k! diye hayk\u0131rd\u0131. <br \/>-Bu arada!&#8230; diye konu\u015fmas\u0131n\u0131 s\u00fcrd\u00fcrmek istedi delikanl\u0131 ve: <br \/>-Han\u0131mefendi, g\u00fcnlerdir dua ediyor ve bir yandan da rahiplerin g\u00f6nl\u00fcn\u00fc ho\u015f tutmak i\u00e7in manast\u0131ra bir s\u00fcr\u00fc ba\u011f\u0131\u015fta bulunuyor. deyince kale komutan\u0131 yeniden s\u00f6ze girdi ve: <br \/>-Bu kad\u0131n\u0131 kim tan\u0131yor? onun nas\u0131l birisi oldu\u011funu kim biliyor? diyerek derin bir i\u00e7 \u00e7ekti Mihily Domokos. <br \/>-O kad\u0131n bir zamanlar beyimizi, Pil Kinizsi yi deli gibi seven bir kad\u0131nd\u0131. Uzun seferlerden geri d\u00f6nene kadar kocas\u0131n\u0131 b\u00fcy\u00fck bir sab\u0131rla bekleyen bir kad\u0131nd\u0131. onu burada beklerken yuvalar\u0131n\u0131 nas\u0131l dayay\u0131p d\u00f6\u015fedi\u011fini, nas\u0131l huzur dolu bir yuva kurdu\u011funu g\u00f6rm\u00fc\u015ft\u00fcm! Ama \u015fimdi?! <br \/>-Ve beyimizin, Pil Kinizsi nin \u00f6l\u00fcm\u00fcnden iki y\u0131l \u00f6ncesinde manast\u0131rdaki rahipler onun i\u00e7in ne kadar g\u00fczel bir dua kitab\u0131 yazm\u0131\u015flard\u0131 de\u011fil mi? Ne \u00e7ok sevilen biriydi!\u00a0 dedi o eski g\u00fcnleri hat\u0131rlayan delikanl\u0131 ve ard\u0131ndan da: <br \/>-Ben kendim okumu\u015ftum i\u00e7inde yaz\u0131lanlar\u0131: e\u015fim, Pil in hastal\u0131\u011f\u0131 i\u00e7in dualar\u00a0 yaz\u0131s\u0131n\u0131 kendi g\u00f6zlerimle g\u00f6rm\u00fc\u015ft\u00fcm. diye ekledi. <br \/>-Zavall\u0131 beyimiz kendisini \u00fc\u015f\u00fctt\u00fc\u011f\u00fcnde yazd\u0131rm\u0131\u015ft\u0131 o dualar\u0131. Ama Kinizsi ondan sonra da, o hasta haliyle bile T\u00fcrklere kar\u015f\u0131 sava\u015fmaya devam etmi\u015fti. Ve han\u0131m\u0131 Benigna, sonuna kadar e\u015finin yan\u0131nda olan bir kad\u0131nd\u0131. Ba\u015fkomutan\u0131m\u0131z olan beyimizin \u00f6l\u00fcm\u00fcne kadar onu hi\u00e7 yaln\u0131z b\u0131rakmad\u0131&#8230;Ama bunlar\u0131 Ferenc Bodo dan da duymu\u015fsundur, ki onu Vizsonyk\u00f6 kale komutanl\u0131\u011f\u0131na getiren de Pil Kinizsi ydi asl\u0131nda. <br \/>-Evet, ondan da \u00e7ok \u015fey dinlemi\u015ftim. dedi delikanl\u0131. <br \/>-Ve b\u00fct\u00fcn bu duyduklar\u0131mdan sonra, onca iyi ve g\u00fczel s\u00f6zden sonra \u015fimdi bu kad\u0131n\u0131n nas\u0131l b\u00f6yle birisi oldu\u011funu anlamakta zorluk \u00e7ekiyorum. Hangi akla hizmet \u015feytana uydu\u011funu anlayam\u0131yorum bir t\u00fcrl\u00fc! <br \/>-Kim bilebilir ki? \u015eimdilerde yine ne yapt\u0131\u011f\u0131n\u0131 anlamak zor. Bir bak\u0131yorsun manast\u0131rdaki rahiplere s\u00fcsl\u00fc p\u00fcsl\u00fc el yazmas\u0131 dua kitaplar\u0131 haz\u0131rlat\u0131yor, bir bak\u0131yorsun cinayetlerin alt\u0131ndan o \u00e7\u0131k\u0131yor&#8230; Nitekim sen de hat\u0131rlars\u0131n herhalde&#8230;. Ge\u00e7en y\u0131l ocak ay\u0131nda ovir kale komutan\u0131 olan Jinos Majthenyi cinayetinden sonra Gergely Kereky ile birlikte zanl\u0131 olarak onun da ifadesini alm\u0131\u015flard\u0131&#8230; Delikanl\u0131 bu s\u00f6zler \u00fczerine alay edercesine g\u00fcld\u00fc. <br \/>-\u0130yi ki Paskalya y\u0131 Roma da ge\u00e7irdiler. B\u00f6ylece i\u015flemi\u015f olduklar\u0131 b\u00fcy\u00fck g\u00fcnah i\u00e7in kendilerini affettirmenin bir yolunu da yaratm\u0131\u015f oldular!\u00a0 dedi ve ard\u0131ndan son derece ciddi bir ses tonuyla devam ederek: <br \/>-1518 y\u0131l\u0131nda, Paskalya zaman\u0131nda pazartesi g\u00fcn\u00fc sabahleyin beyimiz Gergely Kereky ile han\u0131m\u0131m\u0131z Benigna Magyar \u0131n birlikte Kutsal Ruh Tarikat\u0131na kat\u0131lm\u0131\u015f olduklar\u0131n\u0131 ben kendim kaydettim. dedi katip. Mihily Domokos ak d\u00fc\u015fm\u00fc\u015f sa\u00e7lar\u0131n\u0131n aras\u0131nda gezdirdi ellerini. <br \/>-Zavall\u0131, talihsiz beyim, zavall\u0131 Pil Kinizsi! E\u011fer bir yerden bunlar\u0131 g\u00f6r\u00fcyorsa eminim ki mezar\u0131nda ters d\u00f6nm\u00fc\u015ft\u00fcr.\u00a0 dedi. <br \/>-Umar\u0131m g\u00f6rm\u00fcyordur ve olup bitenleri de bilmiyordur in\u015fallah. dedi ciddi bir ses tonuyla delikanl\u0131 ve ard\u0131ndan: <br \/>-\u00d6ylesine anl\u0131 \u015fanl\u0131 ve f\u0131rt\u0131nal\u0131 bir ge\u00e7mi\u015ften sonra hi\u00e7 olmazsa mezar\u0131nda biraz huzuru hak eden birisi diye d\u00fc\u015f\u00fcn\u00fcyorum.\u00a0 diye ekledi.\u00a0 <br \/>Bu konu\u015fman\u0131n ard\u0131ndan yakla\u015f\u0131k bir saat kadar bir zaman sonra barbakan\u0131n \u00f6n\u00fcnde nal sesleri i\u015fitildi ve bek\u00e7ilerin y\u00fcksek sesle yapt\u0131klar\u0131 konu\u015fmalar\u0131ndan Gergely Kereky nin eve geldi\u011fi anla\u015f\u0131ld\u0131. Gen\u00e7 katip ile kale komutan\u0131 asma k\u00f6pr\u00fcn\u00fcn zincirlerinin seslerini oturduklar\u0131 yerden duydular, ard\u0131ndan da d\u00f6rtnala ko\u015fturulmu\u015f olan yorgun atlar\u0131n kaleye girerken tahtalar\u0131n \u00fczerinde \u00e7\u0131kartt\u0131klar\u0131 sesleri de dinlediler. Bunun ard\u0131ndan k\u0131sa bir s\u00fcre sonra onlar\u0131n bulunduklar\u0131 odan\u0131n kap\u0131s\u0131 h\u0131zla ard\u0131na kadar a\u00e7\u0131ld\u0131 ve ellerinde yanan me\u015falelerle beylerinin pe\u015finden ilerleyen hizmetkarlar\u0131n e\u015fli\u011finde i\u00e7eriye Gergely Kereky girdi. Kale beyinin alev gibi yanan k\u0131rm\u0131z\u0131 y\u00fcz\u00fcnden ve sendeleyerek y\u00fcr\u00fcmesinden yine gere\u011finden fazlas\u0131n\u0131 i\u00e7ti\u011fi a\u00e7\u0131k\u00e7a anla\u015f\u0131l\u0131yordu. Ama hala yeterince i\u00e7medi\u011fini d\u00fc\u015f\u00fcnd\u00fc\u011f\u00fcnden olsa gerek girer girmez adamlar\u0131na emirler ya\u011fd\u0131rmaya ba\u015flad\u0131. Kale komutan\u0131 ile delikanl\u0131n\u0131n selamlar\u0131n\u0131 umursamaz bir el i\u015fareti ile ge\u00e7i\u015ftirdikten sonra masan\u0131n \u00fczerinde duran a\u011fz\u0131na kadar \u015farap dolu kupay\u0131 kapt\u0131\u011f\u0131 gibi h\u0131zla ba\u015f\u0131na dikti ve sonra eliyle a\u011fz\u0131n\u0131 silerek yan\u0131ndaki u\u015fa\u011f\u0131na ve muhaf\u0131zlar\u0131na d\u00f6nerek alayl\u0131 bir \u015fekilde: <br \/>-Siz burada, a\u015fa\u011f\u0131da kal\u0131n! Her gece tekrarlanan o m\u00fccadeleyi \u015fimdi gidip benim tek ba\u015f\u0131ma vermem gerekiyor! dedi ve ard\u0131ndan incecik, yukar\u0131 do\u011fru k\u0131vr\u0131lan ve Benigna n\u0131n yatak odas\u0131na \u00e7\u0131kan merdivenleri t\u0131rmanmaya ba\u015flad\u0131. A\u015fa\u011f\u0131da kalanlar hi\u00e7bir \u015fey s\u00f6ylemeden birbirilerine bakt\u0131lar. Bir s\u00fcre sonra kale komutan\u0131, Gergely Kereky nin silahl\u0131 muhaf\u0131zlar\u0131na d\u00f6nerek: <br \/>-\u00c7ekilip gidin buradan! Yukar\u0131da olacaklar sizi ilgilendirmez!\u00a0 dedi ama adamlar\u0131n hi\u00e7 birisi bulundu\u011fu yerden k\u0131p\u0131rdamad\u0131 bile. <br \/>-Duymad\u0131n\u0131z m\u0131?\u00a0\u00a0 diye sordu adam ve oturdu\u011fu masadan aya\u011fa kalkarak: <br \/>-Beylerin i\u015fleri sizi ilgilendirmez, onlar\u0131n i\u015flerini yaparken \u00e7\u0131kartt\u0131klar\u0131 sesler de sizin kulaklar\u0131n\u0131za uygun de\u011fildir. Defolup gidin buradan! Hadi, daha ne duruyorsunuz! diyerek ba\u011f\u0131rd\u0131. <br \/>Bu s\u00f6zler \u00fczerine uzun boylu, sar\u0131\u015f\u0131n bir delikanl\u0131 s\u0131radan \u00e7\u0131k\u0131p bir ad\u0131m \u00f6ne ge\u00e7ti ve: <br \/>-Biz buradan bir yere gitmiyoruz. Beyimizin emri olmadan buradan d\u0131\u015far\u0131 bir ad\u0131m bile atmay\u0131z! dedi sert bir \u015fekilde. Mihily Domokos kulaklar\u0131na inanmak istemiyordu. Bu s\u00f6zleri s\u00f6yleyen delikanl\u0131ya iyice yakla\u015ft\u0131 ve g\u00f6zlerinin i\u00e7ine bakarak ona: <br \/>-Ne diyorsun? Akl\u0131n\u0131 m\u0131 ka\u00e7\u0131rd\u0131n sen? diye sordu ve ard\u0131ndan da: <br \/>-Yoksa sen kiminle konu\u015ftu\u011funun fark\u0131nda de\u011fil misin? dedi. <br \/>-Mihily Domokos, kale komutan\u0131 ile konu\u015fuyorum. dedi alayl\u0131 ve meydan okuyan bir tav\u0131rla gen\u00e7 muhaf\u0131z. <br \/>-Pil Kinizsi nin kale komutan\u0131yla. diyerek d\u00fczeltti ya\u015fl\u0131 kale komutan\u0131. <br \/>-\u0130\u015fte bu y\u00fczden buradan gitmiyoruz ve \u015furac\u0131ktan bir ad\u0131m dahi k\u0131p\u0131rdamayaca\u011f\u0131z!\u00a0 dedi sert bir \u015fekilde k\u0131l\u0131c\u0131n\u0131 vurarak gen\u00e7 muhaf\u0131z ve sonra da: <br \/>-\u00c7\u00fcnk\u00fc ben hala Gergely Kereky nin, beyimin hizmetindeyim, ben onun muhaf\u0131z\u0131y\u0131m dedi. Mihily Domokos g\u00fc\u00e7l\u00fckle kendine hakim olabildi. Y\u00fcz\u00fc \u00f6fkeden k\u0131pk\u0131rm\u0131z\u0131 kesildi, boynundaki damarlar kabard\u0131. <br \/>-Bu kalede benim s\u00f6z\u00fcm bir emirdir! dedi ama gen\u00e7 muhaf\u0131z altta kalmad\u0131. <br \/>-Elbette \u00f6yledir, ama sizinkinden daha b\u00fcy\u00fck bir emir olmad\u0131\u011f\u0131 zaman ancak!\u00a0 diye kar\u015f\u0131l\u0131k verdi k\u00fcstah bir tav\u0131rla ve kale komutan\u0131na sald\u0131rmaya devam ederek: <br \/>-Bu arada bizim beyimiz ve ayn\u0131 zamanda da Vizsony Kalesinin de sahibi olan Gergely Kereky sadece kendi emirlerine uymam\u0131z\u0131 emretti bize. dedi. <br \/>-Bana bu kaledeki yetkiyi Pil Kinizsi vermi\u015fti! <br \/>-Ne g\u00fczel s\u00f6ylediniz! Muhterem komutan\u0131m, sizin zaman\u0131n\u0131z ge\u00e7ti art\u0131k, o eskidendi. Burada art\u0131k sizin s\u00f6z\u00fcn\u00fcz ge\u00e7miyor. Ve bizim aram\u0131zda kendinizi daha emniyette hissetti\u011finizden ba\u015fka bir yere de gidemiyorsunuz!\u00a0 deyince kale komutan\u0131 daha fazla kendine hakim olamayarak ba\u011f\u0131rmaya ba\u015flad\u0131: <br \/>-Seni dinsiz imans\u0131z \u00e7apulcu, seni! Sen kim oluyorsun da Pil Kinizsi nin kalesinde benimle bu \u015fekilde konu\u015fabiliyorsun?\u00a0\u00a0 dedi avaz avaz ba\u011f\u0131rarak Mihily Domokos ve aniden k\u0131l\u0131c\u0131n\u0131 \u00e7ekerek gen\u00e7 muhaf\u0131za do\u011fru bir hamle yapt\u0131. Ama o anda iki gen\u00e7 muhaf\u0131z k\u0131l\u0131\u00e7lar\u0131n\u0131 ya\u015fl\u0131 kale komutan\u0131n\u0131n g\u00f6\u011fs\u00fcne dayad\u0131lar. <br \/>-Vizsonyk\u00f6 Kalesi art\u0131k Gergely Kereky nin!\u00a0 diyerek ba\u011fr\u0131yordu k\u00fcstah sar\u0131\u015f\u0131n muhaf\u0131z. Bu arada gen\u00e7 katip ya\u015fl\u0131 kale komutan\u0131n\u0131n k\u0131l\u0131c\u0131n\u0131 elinden ald\u0131. <br \/>-Sakin olun komutan\u0131m! Efendim sakin olun! dedi ihtiyar adam\u0131 sakinle\u015ftirmek isteyen bir ses tonuyla ve sonra da muhaf\u0131zlar\u0131 kast ederek: <br \/>-Bu gen\u00e7 muhaf\u0131zlar\u0131n hi\u00e7 birisi i\u00e7in bunu yapmaya de\u011fmez asl\u0131nda! Bunlar i\u00e7in elinizi kana bulamaya de\u011fmez, sinirlerinize hakim olun! Ve ayr\u0131ca bunlar\u0131n bildi\u011fi tek \u015fey sahiplerinin kendilerine \u00f6\u011frettiklerini papa\u011fan gibi aynen tekrar etmekten ibaret. Bunlar\u0131 adam yerine koyup onlarla muhatap olmay\u0131n! &#8211; dedi. <br \/>-Vizsonyk\u00f6 Kalesinin kime ait oldu\u011funu \u00f6\u011fretirim ben size ama&#8230;\u00a0 diye ba\u011f\u0131ran kale komutan\u0131n\u0131n s\u00f6zlerini kesen gen\u00e7 katip merdivenleri i\u015faret ederek: <br \/>-Bunu orada, yukar\u0131da kararla\u015ft\u0131racaklar, bekleyin!\u00a0 dedi.\u00a0 Gergely Kereky odaya girdi\u011fi s\u0131rada Benigna Magyar \u0131n nedimeleri korkuyla \u00e7\u0131\u011fl\u0131klar atarak ka\u00e7\u0131\u015ft\u0131lar. Han\u0131mefendi ise dizlerinin \u00fczerine \u00e7\u00f6km\u00fc\u015f dua ediyordu. Kocas\u0131n\u0131n geldi\u011fini g\u00f6r\u00fcnce kendine yak\u0131\u015f\u0131r bir edayla dizlerinin \u00fczerinden do\u011frulup aya\u011fa kalkt\u0131 ve onu kar\u015f\u0131lad\u0131. Ge\u00e7en y\u0131llar Benigna Magyar \u0131n y\u00fcz\u00fcnde derin izler b\u0131rakmam\u0131\u015ft\u0131. Hayat\u0131n\u0131n ortalar\u0131nda olan kad\u0131n\u0131n sa\u00e7lar\u0131nda tek t\u00fck beyaz sa\u00e7lar vard\u0131 ama g\u00f6zleri hala eskisi gibi \u0131\u015f\u0131l \u0131\u015f\u0131ld\u0131 ve duru\u015fu da kendisine sayg\u0131 duyulmas\u0131 gerekti\u011fini hissettiriyordu kar\u015f\u0131s\u0131ndakine. Koca a\u011f\u0131zl\u0131 ve zil zurna sarho\u015f oldu\u011fu i\u00e7in ayakta durmakta g\u00fc\u00e7l\u00fck \u00e7eken Gergely Kereky kap\u0131da bir durdu, sonra bir iki ad\u0131m atmak \u00fczere hareket etti ama ayakta duramad\u0131\u011f\u0131ndan ilerlerken sendeledi. \u00d6yle ki odan\u0131n giri\u015finde bulunan son derece g\u00fczel bir \u015fekilde i\u015flenmi\u015f olan o mermer s\u00fctuna tutunmak zorunda kald\u0131. <br \/>-G\u00f6r\u00fcyorum ki hep bir araya gelmi\u015f, g\u00fczel g\u00fczel dua ediyorsunuz!\u00a0 dedi alayl\u0131 bir \u015fekilde ve kahkaha atarak. Ard\u0131ndan da k\u00fcstahl\u0131\u011f\u0131n\u0131 s\u00fcrd\u00fcrerek: <br \/>-Ve umar\u0131m bu dualar s\u0131ras\u0131nda benim g\u00fcnahlar\u0131m\u0131n ba\u011f\u0131\u015flanmas\u0131 i\u00e7in de birka\u00e7 tespih \u00e7ekmi\u015fsinizdir!\u00a0 diye tak\u0131l\u0131nca Benigna Magyar alev sa\u00e7an g\u00f6zlerle, sert bir \u015fekilde kar\u015f\u0131l\u0131k verdi. <br \/>-Bunun i\u00e7in san\u0131r\u0131m art\u0131k bo\u015funa dua etmi\u015f oluruz. Bizim dualar\u0131m\u0131z senin g\u00fcnahlar\u0131n\u0131n ba\u011f\u0131\u015flanmas\u0131 i\u00e7in yeter mi ki!? &#8230; Gergely Kereky, senin g\u00fcnahlar\u0131n\u0131n affedilmesi i\u00e7in duadan daha ba\u015fka \u015feyler yapmak gerek diye d\u00fc\u015f\u00fcn\u00fcyorum.\u00a0 dedi. <br \/>-Evet, i\u015fte b\u00f6yle! Gergely Kereky!? \u015eimdi Gergely Kereky mi olduk? derken adam\u0131n sesi \u00e7\u0131nlad\u0131 odada. <br \/>-Can\u0131m kocac\u0131\u011f\u0131m de\u011fil? <br \/>-Veya Vizsonyk\u00f6 n\u00fcn ha\u015fmetli beyi de\u011fil yani? Gergely Kereky efendime ne oldu? diye sorunca kad\u0131n kendini savunmak istercesine: <br \/>-E\u011fer bu s\u00f6z\u00fcn\u00fc ettiklerinden birisi idiysen bir zamanlar, bunlar\u0131n her birini bana bor\u00e7lu oldu\u011funu unutmaman gerekirdi. Seni adam etmek \u00fczere koruyucu kanatlar\u0131m\u0131n alt\u0131na al\u0131p da buraya getirene kadar sen paras\u0131z pulsuz kalm\u0131\u015f, kimsenin takmad\u0131\u011f\u0131, oradan oraya dola\u015fan sefil bir soyluydun sadece. Seni adam etmeye \u00e7al\u0131\u015ft\u0131\u011f\u0131m\u0131 nas\u0131l unutursun? ! Seni y\u00fccelten benim! Bug\u00fcn sahip oldu\u011fun her\u015feyi bana bor\u00e7lusun! dedi sert bir \u00fcsl\u00fcpla. Bir yandan i\u00e7ti\u011fi \u015farap, bir yandan da i\u00e7indeki dinmeyen \u00f6fke adam\u0131n akl\u0131n\u0131 ba\u015f\u0131ndan alm\u0131\u015ft\u0131. <br \/>-Y\u00fcceltmek mi!\u00a0 dedi sesini y\u00fckselterek alayl\u0131 bir sesle ve sendeleyerek ileriye do\u011fru iki ad\u0131m daha att\u0131. <br \/>-\u015eu fare yuvas\u0131na geldi\u011fime nas\u0131l sevindi\u011fini ne \u00e7abuk unuttun? Pil Kinizsi nin \u015fanl\u0131 g\u00fcnlerini \u00e7oktan geride b\u0131rakm\u0131\u015f olan bu harabeye getirmek i\u00e7in bana yapt\u0131klar\u0131n\u0131 unuttun mu? &#8230; \u015eu lanetli kaleye beni sokmak i\u00e7in neler yapt\u0131n? <br \/>-Utanmaz! Rezil adam!\u00a0 derken art\u0131k sesini iyice y\u00fckseltmi\u015fti soylu kad\u0131n. <br \/>-Benim biricik yi\u011fit ve mert kocama sen bunlar\u0131 nas\u0131l s\u00f6ylersin? onun ad\u0131n\u0131 a\u011fz\u0131na nas\u0131l al\u0131rs\u0131n?<br \/> -Biricik kocan ha? diyen Gergely Kereky art\u0131k k\u00f6t\u00fc niyetini gizleyemez hale gelmi\u015fti. <br \/>-Peki ikincisi neydi? Ona nas\u0131l gittin? \u015eu Horvith la niye evlendin? Sonra, onun yata\u011f\u0131 da sana so\u011fuk gelmeye ba\u015flay\u0131nca benimle birlikte olan sen de\u011fil miydin? Tabii, ondan on ya\u015f daha gen\u00e7tim. Art\u0131k i\u015fi bitmi\u015f bir ihtiyardan sonra benim gibi gen\u00e7 birisini ka\u00e7\u0131rmad\u0131n! &#8230;\u015eimdi de yoksa d\u00f6rd\u00fcnc\u00fcs\u00fcne mi g\u00f6z diktin, s\u00f6ylesene? -E\u011fer senin kim oldu\u011funu bilmi\u015f olsayd\u0131m, e\u011fer bunlar\u0131 bana yapaca\u011f\u0131n\u0131 bilseydim de\u011fil yatak odama, \u015fu kalenin kap\u0131s\u0131ndan dahi i\u00e7eri giremezdin! derken h\u0131\u00e7k\u0131ra h\u0131\u00e7k\u0131ra a\u011fl\u0131yordu kad\u0131n. <br \/>-On y\u0131ld\u0131r bana neler yap\u0131yorsun! Yedin bitirdin beni! Neyim var, neyim yoksa hepsini ald\u0131n benden. Y\u0131llard\u0131r beni s\u00f6m\u00fcr\u00fcyorsun, aldat\u0131yorsun ve sabahtan ak\u015fama kadar i\u00e7mekten ba\u015fka ne yap\u0131yorsun? diye sitem etmeye devam edince Gergely Kereky: <br \/>-S\u0131rayla gidelim istersen! &#8211; dedi ve kendini bir koltu\u011fa att\u0131. <br \/>-S\u00f6m\u00fcrmeyi, aldatmay\u0131, dolap \u00e7evirmeyi senin bilgin dahilinde yapt\u0131m hep&#8230; Hepsini senden \u00f6\u011frenmi\u015ftim. Yoksa unuttun mu? <br \/>-Vizsony Kalesini sana ba\u011f\u0131\u015flad\u0131\u011f\u0131m\u0131 g\u00f6steren belgeyi bana hangi ko\u015fullar alt\u0131nda haz\u0131rlatm\u0131\u015ft\u0131n hat\u0131rl\u0131yorum&#8230;Sahip oldu\u011fum her \u015feyimi elimden almak i\u00e7in \u00e7evirdi\u011fin dolaplar\u0131 da biliyorum&#8230; Al\u00e7ak\u00e7a Kab Da\u011f\u0131ndaki m\u00fclk\u00fc de sat\u0131r aras\u0131na yazd\u0131r\u0131p benden \u00e7ald\u0131n&#8230; Hatta onun i\u00e7in Kral\u0131m\u0131z bile seni uyarm\u0131\u015ft\u0131. Sen de bunu unuttun mu?\u00a0 dedi kad\u0131n \u00f6fkesine hakim olamayarak. <br \/>-Evet ama sen bana o zaman bunu kafama takmamam\u0131 s\u00f6ylemi\u015ftin. Ben de fazla \u00fczerinde durmam\u0131\u015ft\u0131m. \u00c7\u00fcnk\u00fc o g\u00fcnlerde her gece benim yolumu d\u00f6rt g\u00f6zle g\u00f6zl\u00fcyordun, koynuma girmek i\u00e7in hi\u00e7 ses \u00e7\u0131kartm\u0131yordun, beni a\u015fa\u011f\u0131lam\u0131yordun \u00f6yle&#8230; Beni a\u015fkla bekliyordun, a\u015f\u0131k ve seven her kad\u0131n\u0131n yapt\u0131\u011f\u0131 gibi beni mutlu etmeye \u00e7al\u0131\u015f\u0131yordun&#8230; \u015feklinde konu\u015fmay\u0131 s\u00fcrd\u00fcr\u00fcnce Benigna Magyar daha fazla dayanamayarak a\u011flamaya ba\u015flad\u0131. G\u00f6zya\u015flar\u0131n\u0131 silerken bir yandan da konu\u015fuyordu: <br \/>-Seni hala ayn\u0131 \u015fekilde bekliyor olabilirdim ama art\u0131k sana hi\u00e7 kimse yard\u0131m edemez, seni kimse adam edemez. Senin bana kar\u015f\u0131 yapt\u0131\u011f\u0131n sayg\u0131s\u0131zl\u0131klar\u0131 daha ne kadar g\u00f6rmemezlikten gelebilirim? Senin i\u00e7in ne kadar dua etti\u011fimi biliyor musun? Hatta seni Roma ya g\u00f6t\u00fcrd\u00fcm, g\u00fcnahlar\u0131ndan ar\u0131nas\u0131n diye, ba\u011f\u0131\u015flanas\u0131n diye&#8230; Sana sad\u0131k bir e\u015ftim&#8230; <br \/>-Evet tatl\u0131m, ama hepsinden \u00f6nemlisi sen benim su\u00e7 orta\u011f\u0131md\u0131n her zaman!\u00a0 dedi f\u0131s\u0131lt\u0131yla, alay ederek Gergely Kereky. <br \/>-Hem de \u00f6yle b\u00f6yle de\u011fil! Ve bizi birbirimize ba\u011flayan bu kanl\u0131 zincirin halkalar\u0131 o kadar \u00e7o\u011fald\u0131 ki art\u0131k hi\u00e7bir \u015fey ya da hi\u00e7 kimse ellerimizi birbirinden ay\u0131ramaz! <br \/>-Sadece \u00f6l\u00fcm bizi ay\u0131r\u0131r.\u00a0 dedi f\u0131s\u0131lt\u0131yla Benigna ve buz gibi donuk g\u00f6zlerle \u00f6n\u00fcne bakt\u0131. <br \/>-\u00d6l\u00fcm m\u00fc? -derken g\u00fcl\u00fcyordu Gergely Kereky. <br \/>-Hay\u0131r, o da bizi birbirimizden ay\u0131rmaya yetmez. Hadi can\u0131m sende, b\u0131rak \u015fu numaralar\u0131! Kar\u015f\u0131mda manast\u0131ra kapanm\u0131\u015f bir bakire gibi durup bana numara yapma! B\u00f6yle yaparak sen beni yola getirece\u011fini mi san\u0131yorsun? Sana sad\u0131k bir ev k\u00f6pe\u011fi olaca\u011f\u0131m\u0131 m\u0131 d\u00fc\u015f\u00fcn\u00fcyorsun? Hem de sen? ! Sen dua etmekten ba\u015fka ne yapabilirsin ki zaten art\u0131k! oturdu\u011fun yerden aya\u011fa bile kalkam\u0131yorsun, \u015fu haline baksana bir! <br \/>-Gergely! derken h\u0131\u00e7k\u0131r\u0131klara bo\u011fuldu kalbi k\u0131r\u0131lan kad\u0131n. <br \/>-Kaderine meydan okumaktan vazge\u00e7 ne olur! Tanr\u0131 birisinin yok olmas\u0131n\u0131 istedi\u011finde ilk \u00f6nce onun akl\u0131n\u0131 ba\u015f\u0131ndan al\u0131rm\u0131\u015f! dedi k\u00fct\u00fck gibi sarho\u015f adam ve kad\u0131n\u0131 k\u0131\u015fk\u0131rtmay\u0131 s\u00fcrd\u00fcrd\u00fc: <br \/>-Seninkini \u00e7oktan alm\u0131\u015f, sen fark\u0131nda de\u011fil misin?\u00a0 dedi laflar\u0131 a\u011fz\u0131nda geveleyerekten. -Her gece ne yapmaya \u00e7al\u0131\u015f\u0131yorsun bu yatak odas\u0131nda, yolunu \u015fa\u015f\u0131rm\u0131\u015f kart tavuk gibi ne debelle\u015fiyorsun yata\u011f\u0131mda? diye konu\u015funca kalbi ve onuru k\u0131r\u0131lan Benigna Magyar sadece: <br \/>-Kart tavuk mu?\u00a0\u00a0 diyebildi. Kad\u0131n\u0131n y\u00fcz\u00fc bembeyaz olmu\u015ftu. <br \/>-Sanki \u00e7ok mu gen\u00e7sin?\u00a0 diyerek g\u00fcld\u00fc Gergely durumdan ho\u015fnut bir \u015fekilde. <br \/>-Benim art\u0131k gen\u00e7 olmamam bir sorun yani. <br \/>-Sorun tabii! &#8211; dedi sesini y\u00fckselterek adam ve kahkahayla g\u00fclerken eliyle \u00e7izmesine vurdu <br \/>-Sen biliyor musun ki, a\u015fa\u011f\u0131daki k\u00f6ylerde ne g\u00fczel k\u0131zlar, ne taze gelinler var? Bunlar varken benim \u015fu y\u0131k\u0131k d\u00f6k\u00fck kalede seninle \u00f6mr\u00fcm\u00fc \u00e7\u00fcr\u00fctmemi bekliyorsun benden? Burada s\u0131k\u0131nt\u0131dan patl\u0131yorum&#8230; Yoksa oturup seninle dua etmemi mi istiyorsun? Sonu\u00e7ta her gece beni bu \u015fekilde kar\u015f\u0131l\u0131yorsun. Ne zaman eve gelsem dua ederken buluyorum seni. Beni o \u015fekilde etkileyece\u011fini mi d\u00fc\u015f\u00fcn\u00fcyorsun? Benigna Magyar bu s\u00f6zlere bir kar\u015f\u0131l\u0131k vermedi. Y\u00fcz\u00fc kapkara oldu, dudaklar\u0131 titremeye ba\u015flad\u0131. Sonra aniden korkun\u00e7 ve ac\u0131mas\u0131z bir ifadeye b\u00fcr\u00fcnd\u00fc y\u00fcz\u00fc. Sarho\u015f olmas\u0131na ra\u011fmen adam ona bak\u0131nca g\u00f6rd\u00fc\u011f\u00fcnden irkildi. <br \/>-Hey, ne oluyor sana?\u00a0 diye sordu kekeleyerekten. <br \/>-Sonu\u00e7ta alt taraf\u0131 bir tart\u0131\u015fma. Sadece tart\u0131\u015f\u0131yoruz, her zaman yapt\u0131\u011f\u0131m\u0131z \u015fey&#8230; Daha \u00f6nce de tart\u0131\u015fm\u0131\u015ft\u0131k&#8230; Kad\u0131n\u0131n bir \u015fey s\u00f6ylemedi\u011fini g\u00f6r\u00fcnce irkildi ve: <br \/>-Ama daha sonra hep bar\u0131\u015fm\u0131\u015ft\u0131k hat\u0131rlarsan. Sonu\u00e7ta ben neredeyse her ak\u015fam eve ge\u00e7 geliyorum. Bunda ne var ki? Benigna Magyar gergin, buz gibi bir y\u00fcz ifadesiyle g\u00fcl\u00fcms\u00fcyordu. Belli ki o anda ne yapmas\u0131 gerekti\u011fine karar vermi\u015fti bile. <br \/>-Eve, sadece eve geliyordun Gergely! Eve geliyordun, do\u011fru&#8230;Ama art\u0131k bundan sonra bunu bir daha yapamayacaks\u0131n! dedi garip bir ifadeyle. Adam geri d\u00f6n\u00fclemez bir yola girdiklerini fark etti, hatas\u0131n\u0131 anlad\u0131 ve bunun i\u00e7in de dumanl\u0131 ba\u015f\u0131n\u0131 toparlay\u0131p bir \u015feyler s\u00f6ylemeyi denedi. Anlaml\u0131, g\u00fczel birka\u00e7 s\u00f6z s\u00f6ylemek istiyordu durumu kurtarmak i\u00e7in. <br \/>-B\u00f6yle k\u00f6t\u00fc \u015fakalar yapma Benigna! Seni sevdi\u011fimi biliyorsun.\u00a0 dedi ve sonra da sanki kendi kendini teselli etmek istercesine: <br \/>-Ayr\u0131ca bana ne yapabilirsin ki sen? Muhaf\u0131zlar\u0131m buradalar, kaledeler. dedi ve \u00f6zg\u00fcvenini kendi s\u00f6zleri ile sa\u011flamaya \u00e7al\u0131\u015ft\u0131ktan sonra i\u00e7indeki \u015feytana uyup yeniden konu\u015fmas\u0131n\u0131 s\u00fcrd\u00fcrd\u00fc: <br \/>-Yoksa \u015fu yi\u011fitli\u011fi, g\u00f6z\u00fcpekli\u011fi dillere destan eski kocan Pil Kinizsi nin ruhunun gelip sana yard\u0131m edece\u011fini mi san\u0131yorsun sen? <br \/>-O sana ne gerekiyorsa onu yapacakt\u0131r Gergely Kereky!\u00a0 diye hayk\u0131rd\u0131 kad\u0131n ve kap\u0131y\u0131 g\u00f6stererek: <br \/>-\u015eimdi defol git buradan! Sabah olunca, uykunu al\u0131nca ve biraz akl\u0131n ba\u015f\u0131na gelince seninle konu\u015facaklar\u0131m var.\u00a0 dedi. Gergely Kereky son kez g\u00f6rd\u00fc\u011f\u00fcn\u00fc hissetti\u011fi bu odada biraz daha kalabilmek i\u00e7in elinden geleni yapmaya kararl\u0131yd\u0131. Ama di\u011fer taraftan da akl\u0131 hala a\u015fa\u011f\u0131da, odada kalan \u015farap kadehindeydi. \u0130steksizce yerinden kalk\u0131p sendeleyerekten a\u015fa\u011f\u0131ya inmeye ba\u015flad\u0131. <br \/>-\u0130yi geceler Benigna! Sabah her \u015fey yoluna girecek! dedi homurtuyla. <br \/>-Evet! Sabahleyin her \u015fey yolunda olacak!\u00a0 dedi yere bakaraktan kad\u0131n, sonra da en sad\u0131k hizmetkar\u0131na d\u00f6nerek: <br \/>-Anka, Beyini \u00e7a\u011f\u0131r, hemen buraya gelsin! Mihily Domokos u, Pil Kinizsi nin komutan\u0131n\u0131 \u00e7a\u011f\u0131r, buraya gelsin hemen! Ve eski komutan\u0131m\u0131z\u0131 Ferenc Bodo yu da uyand\u0131r\u0131p buraya getirsinler derhal!\u00a0 dedi ve f\u0131s\u0131lt\u0131l\u0131 bir sesle: <br \/>-Ve di\u011ferlerini, bir zamanlar Pil Kinizsi yi seven, onu tan\u0131yan herkesi toplas\u0131nlar kalede! diye ekledi.\u00a0 <br \/>O gece Vizsony Kalesinin kulesinde neler olup bitti bunu hi\u00e7 kimse asla \u00f6\u011frenemedi ger\u00e7ekte. Bayan Domokos sadece Han\u0131m\u0131n\u0131n yan\u0131ndan \u00e7\u0131k\u0131p kocas\u0131n\u0131 aramaya koyuldu\u011funda Gergely Kereky nin \u015fatonun k\u00fc\u00e7\u00fck odalar\u0131ndan birisine girdi\u011fini g\u00f6rd\u00fc. Ama onun i\u00e7eriye giri\u015fiyle birlikte ba\u015flayan g\u00fcr\u00fclt\u00fc ve \u015famata, e\u011flence sesleri ge\u00e7 saatlere kadar s\u00fcrm\u00fc\u015ft\u00fc o gece. Gece alemi orada da devam etmi\u015fti gecenin ilerleyen saatlerine kadar. Kaledeki hizmetkar kad\u0131nlar o saatten sonra odalar\u0131na \u00e7ekilmi\u015flerdi. Sadece kap\u0131 bek\u00e7isinin ihtiyar annesi b\u00fct\u00fcn bir gece boyunca yata\u011f\u0131nda bir sa\u011fa bir sola d\u00f6n\u00fcp durdu\u011fundan sabaha do\u011fru \u015fafak vaktinde bir ses i\u015fitmi\u015fti. Kap\u0131n\u0131n \u00f6n\u00fcnde a\u011f\u0131r a\u011f\u0131r ilerleyen erkek ayak sesleri duymu\u015ftu. \u0130lk \u00f6nce bir r\u00fcya g\u00f6rd\u00fc\u011f\u00fcn\u00fc d\u00fc\u015f\u00fcnm\u00fc\u015ft\u00fc ya\u015fl\u0131 kad\u0131n ama yakla\u015f\u0131p uzakla\u015fan ayak seslerini tekrar tekrar duyunca kad\u0131n yar\u0131 uykulu haliyle kaleye girip \u00e7\u0131kanlar\u0131 saymaya ba\u015flam\u0131\u015ft\u0131. Ama ger\u00e7ekte bunlar\u0131n ka\u00e7 ki\u015fi olduklar\u0131n\u0131 da hat\u0131rlayamad\u0131, iki, \u00fc\u00e7, be\u015f hat\u0131rlam\u0131yordu, \u00e7\u00fcnk\u00fc uyuyakalm\u0131\u015ft\u0131. Derin bir uykuda oldu\u011fundan sonraki olaylar hakk\u0131nda bir \u015fey bilmiyordu. Ertesi g\u00fcn Benigna Magyar \u00f6\u011fleye do\u011fru nikahl\u0131 e\u015fini odas\u0131na \u00e7a\u011f\u0131rtt\u0131. Ancak \u015fatodaki ba\u015f muhaf\u0131z kocas\u0131n\u0131n yata\u011f\u0131nda olmad\u0131\u011f\u0131n\u0131 haber verince herkes adam\u0131 aramaya koyuldu. Vizsonk\u00f6 n\u00fcn haddini bilmeyen beyinin sad\u0131k adamlar\u0131n\u0131 ve ayn\u0131 zamanda da onun alem arkada\u015flar\u0131n\u0131 derin uykular\u0131ndan uyand\u0131ranlar onlara sahiplerinin, Gergely Kereky nin ortadan kayboldu\u011funu s\u00f6ylediler. Bunun \u00fczerine onun adamlar\u0131 da kalenin muhaf\u0131zlar\u0131na kat\u0131ld\u0131lar ve hep birlikte her yerde kalenin beyini arad\u0131lar. Her yere bakt\u0131lar. Hatta k\u00fc\u00e7\u00fck \u015fapele gidip orada bile arad\u0131lar onu, ki oraya Gergely Kereky k\u0131rk y\u0131lda bir ad\u0131m atan biriydi. Bu arada hi\u00e7 kimse onu kalenin etraf\u0131ndaki su kanallar\u0131nda aramay\u0131 ak\u0131l edememi\u015fti. oysa onun en sevdi\u011fi k\u00f6peklerinden birisi neredeyse b\u00fct\u00fcn bir \u00f6\u011fleden sonras\u0131n\u0131 su kenar\u0131nda ge\u00e7irmi\u015fti. Kimbilir, belki de kaderin bir oyunuydu bu. onun \u00f6l\u00fcs\u00fcn\u00fc ilk g\u00f6ren bir \u00f6nceki ak\u015fam Pil Kinizsi nin ya\u015fl\u0131 ve sad\u0131k kale komutan\u0131na kafa tutan sar\u0131\u015f\u0131n gen\u00e7 muhaf\u0131z oldu. Gen\u00e7 muhaf\u0131z ilk \u00f6nce Gergely Kereky nin sarho\u015f oldu\u011fu i\u00e7in kuleden d\u00fc\u015ft\u00fc\u011f\u00fcn\u00fc ve boynunu k\u0131rd\u0131\u011f\u0131n\u0131 d\u00fc\u015f\u00fcnd\u00fc. Ama yan\u0131na yakla\u015f\u0131p eski sahibini iyice bir g\u00f6zden ge\u00e7irince g\u00f6rd\u00fc ki birden fazla kocaman yaralar sarm\u0131\u015ft\u0131 zavall\u0131n\u0131n bedenini. Ama ak\u0131ll\u0131 davranarak bu yara izlerini hi\u00e7 g\u00f6rmemi\u015f gibi yapt\u0131 ve h\u0131zl\u0131 ad\u0131mlarla oradan uzakla\u015ft\u0131. Ard\u0131ndan da hemen Gergely Kereky nin kalede bekleyen muhaf\u0131zlar\u0131n\u0131 toplad\u0131. onlar da bu i\u015fe fazla kafa yormad\u0131lar ve bu olay\u0131n ard\u0131ndan bir yar\u0131m saat sonra bu muhaf\u0131z ordusu h\u0131zla kale kap\u0131s\u0131ndan \u00e7\u0131k\u0131p gitti. Ba\u015flar\u0131nda da uzun boylu, sar\u0131\u015f\u0131n gen\u00e7 muhaf\u0131z vard\u0131. Adam muhaf\u0131zlar\u0131n \u00f6n\u00fcnde, adeta akl\u0131n\u0131 yitirmi\u015f gibi at\u0131n\u0131 Buda ya do\u011fru d\u00f6rt nala ko\u015fturarak h\u0131zla uzakla\u015ft\u0131 oradan. Benigna Magyar \u0131n bu olaydan sonra cinayetle su\u00e7land\u0131\u011f\u0131n\u0131 ve yarg\u0131land\u0131\u011f\u0131n\u0131, ceza olarak da mal ve m\u00fclk\u00fcn\u00fcn bir k\u0131sm\u0131n\u0131 kaybetti\u011fini resmi belgelerden de biliyoruz zaten. Ama ayn\u0131 zamanda Macar Kral\u0131 \u0130\u0130. Lajos un Moha\u00e7 Sava\u015f\u0131n\u0131n oldu\u011fu y\u0131l, sava\u015ftan \u00f6nce Pil Kinizsi nin Krala ve \u00fclkeye yapm\u0131\u015f oldu\u011fu hizmetlerinden dolay\u0131 ya\u015fl\u0131 kad\u0131n\u0131 affetti\u011fini de yine d\u00f6nemin kaynaklar\u0131ndan \u00f6\u011frenebiliriz. Ama i\u015fte hepsi sonu\u00e7ta eskiden olmu\u015f olaylar. Hepsi art\u0131k sadece bir tarih, sadece birer \u00f6yk\u00fc.<\/p>\n","protected":false},"excerpt":{"rendered":"<p>Kapkaranl\u0131k bir gece \u00e7\u00f6km\u00fc\u015ft\u00fc Nagyvizsony Vadisine. G\u00f6ky\u00fcz\u00fcnde tek bir y\u0131ld\u0131z bile parlam\u0131yordu ve k\u00f6y\u00fcn viran serf evlerinin k\u00fc\u00e7\u00fcc\u00fck pencerelerinin birinde bile tek bir kandil \u0131\u015f\u0131\u011f\u0131 dahi yanm\u0131yordu o gece. Sadece kalenin g\u00f6rkemli kulelerindeki darac\u0131k pencere aral\u0131klar\u0131ndan solgun bir \u0131\u015f\u0131k s\u00fcz\u00fcl\u00fcyordu d\u0131\u015far\u0131ya ve bir tek surlarda ge\u00e7e n\u00f6betinde olanlar\u0131n n\u00f6bet de\u011fi\u015fimindeki sesleri zaman zaman gecenin bu [&hellip;]<\/p>\n","protected":false},"author":1,"featured_media":0,"comment_status":"open","ping_status":"open","sticky":false,"template":"","format":"standard","meta":{"footnotes":""},"categories":[115],"tags":[],"class_list":{"0":"post-4430","1":"post","2":"type-post","3":"status-publish","4":"format-standard","6":"category-ceviri-oykuler"},"yoast_head":"<!-- This site is optimized with the Yoast SEO Premium plugin v24.9 (Yoast SEO v24.9) - https:\/\/yoast.com\/wordpress\/plugins\/seo\/ -->\n<title>O gece Kale&#039;de neler olup bitti, bunu hi\u00e7 kimse asla \u00f6\u011frenemedi ger\u00e7ekte | Affedilmeyen - Gabor Liptak - narteks.net<\/title>\n<meta name=\"robots\" content=\"index, follow, max-snippet:-1, max-image-preview:large, max-video-preview:-1\" \/>\n<link rel=\"canonical\" href=\"https:\/\/narteks.net\/index.php\/2010\/04\/03\/o-gece-kalede-neler-olup-bitti-bunu-hic-kimse-asla-ogrenemedi-gercekte-affedilmeyen-gabor-liptak\/\" \/>\n<meta property=\"og:locale\" content=\"tr_TR\" \/>\n<meta property=\"og:type\" content=\"article\" \/>\n<meta property=\"og:title\" content=\"O gece Kale&#039;de neler olup bitti, bunu hi\u00e7 kimse asla \u00f6\u011frenemedi ger\u00e7ekte | Affedilmeyen - Gabor Liptak\" \/>\n<meta property=\"og:description\" content=\"Kapkaranl\u0131k bir gece \u00e7\u00f6km\u00fc\u015ft\u00fc Nagyvizsony Vadisine. G\u00f6ky\u00fcz\u00fcnde tek bir y\u0131ld\u0131z bile parlam\u0131yordu ve k\u00f6y\u00fcn viran serf evlerinin k\u00fc\u00e7\u00fcc\u00fck pencerelerinin birinde bile tek bir kandil \u0131\u015f\u0131\u011f\u0131 dahi yanm\u0131yordu o gece. Sadece kalenin g\u00f6rkemli kulelerindeki darac\u0131k pencere aral\u0131klar\u0131ndan solgun bir \u0131\u015f\u0131k s\u00fcz\u00fcl\u00fcyordu d\u0131\u015far\u0131ya ve bir tek surlarda ge\u00e7e n\u00f6betinde olanlar\u0131n n\u00f6bet de\u011fi\u015fimindeki sesleri zaman zaman gecenin bu [&hellip;]\" \/>\n<meta property=\"og:url\" content=\"https:\/\/narteks.net\/index.php\/2010\/04\/03\/o-gece-kalede-neler-olup-bitti-bunu-hic-kimse-asla-ogrenemedi-gercekte-affedilmeyen-gabor-liptak\/\" \/>\n<meta property=\"og:site_name\" content=\"narteks.net\" \/>\n<meta property=\"article:published_time\" content=\"2010-04-03T11:19:56+00:00\" \/>\n<meta property=\"og:image\" content=\"http:\/\/www.salgit.com\/resimler\/kale.jpg\" \/>\n<meta name=\"author\" content=\"Tar\u0131k\" \/>\n<meta name=\"twitter:card\" content=\"summary_large_image\" \/>\n<meta name=\"twitter:creator\" content=\"@narteks\" \/>\n<meta name=\"twitter:site\" content=\"@narteks\" \/>\n<meta name=\"twitter:label1\" content=\"Yazan:\" \/>\n\t<meta name=\"twitter:data1\" content=\"Tar\u0131k\" \/>\n\t<meta name=\"twitter:label2\" content=\"Tahmini okuma s\u00fcresi\" \/>\n\t<meta name=\"twitter:data2\" content=\"26 dakika\" \/>\n<script type=\"application\/ld+json\" class=\"yoast-schema-graph\">{\"@context\":\"https:\/\/schema.org\",\"@graph\":[{\"@type\":\"Article\",\"@id\":\"https:\/\/narteks.net\/index.php\/2010\/04\/03\/o-gece-kalede-neler-olup-bitti-bunu-hic-kimse-asla-ogrenemedi-gercekte-affedilmeyen-gabor-liptak\/#article\",\"isPartOf\":{\"@id\":\"https:\/\/narteks.net\/index.php\/2010\/04\/03\/o-gece-kalede-neler-olup-bitti-bunu-hic-kimse-asla-ogrenemedi-gercekte-affedilmeyen-gabor-liptak\/\"},\"author\":{\"name\":\"Tar\u0131k\",\"@id\":\"https:\/\/narteks.net\/#\/schema\/person\/61f37d9834294b72d31d274e7ed79bca\"},\"headline\":\"O gece Kale&#8217;de neler olup bitti, bunu hi\u00e7 kimse asla \u00f6\u011frenemedi ger\u00e7ekte | Affedilmeyen &#8211; Gabor Liptak\",\"datePublished\":\"2010-04-03T11:19:56+00:00\",\"mainEntityOfPage\":{\"@id\":\"https:\/\/narteks.net\/index.php\/2010\/04\/03\/o-gece-kalede-neler-olup-bitti-bunu-hic-kimse-asla-ogrenemedi-gercekte-affedilmeyen-gabor-liptak\/\"},\"wordCount\":5137,\"commentCount\":0,\"publisher\":{\"@id\":\"https:\/\/narteks.net\/#organization\"},\"image\":{\"@id\":\"https:\/\/narteks.net\/index.php\/2010\/04\/03\/o-gece-kalede-neler-olup-bitti-bunu-hic-kimse-asla-ogrenemedi-gercekte-affedilmeyen-gabor-liptak\/#primaryimage\"},\"thumbnailUrl\":\"http:\/\/www.salgit.com\/resimler\/kale.jpg\",\"articleSection\":[\"\u00c7eviri \u00d6yk\u00fcler\"],\"inLanguage\":\"tr\",\"potentialAction\":[{\"@type\":\"CommentAction\",\"name\":\"Comment\",\"target\":[\"https:\/\/narteks.net\/index.php\/2010\/04\/03\/o-gece-kalede-neler-olup-bitti-bunu-hic-kimse-asla-ogrenemedi-gercekte-affedilmeyen-gabor-liptak\/#respond\"]}]},{\"@type\":\"WebPage\",\"@id\":\"https:\/\/narteks.net\/index.php\/2010\/04\/03\/o-gece-kalede-neler-olup-bitti-bunu-hic-kimse-asla-ogrenemedi-gercekte-affedilmeyen-gabor-liptak\/\",\"url\":\"https:\/\/narteks.net\/index.php\/2010\/04\/03\/o-gece-kalede-neler-olup-bitti-bunu-hic-kimse-asla-ogrenemedi-gercekte-affedilmeyen-gabor-liptak\/\",\"name\":\"O gece Kale'de neler olup bitti, bunu hi\u00e7 kimse asla \u00f6\u011frenemedi ger\u00e7ekte | Affedilmeyen - Gabor Liptak - narteks.net\",\"isPartOf\":{\"@id\":\"https:\/\/narteks.net\/#website\"},\"primaryImageOfPage\":{\"@id\":\"https:\/\/narteks.net\/index.php\/2010\/04\/03\/o-gece-kalede-neler-olup-bitti-bunu-hic-kimse-asla-ogrenemedi-gercekte-affedilmeyen-gabor-liptak\/#primaryimage\"},\"image\":{\"@id\":\"https:\/\/narteks.net\/index.php\/2010\/04\/03\/o-gece-kalede-neler-olup-bitti-bunu-hic-kimse-asla-ogrenemedi-gercekte-affedilmeyen-gabor-liptak\/#primaryimage\"},\"thumbnailUrl\":\"http:\/\/www.salgit.com\/resimler\/kale.jpg\",\"datePublished\":\"2010-04-03T11:19:56+00:00\",\"breadcrumb\":{\"@id\":\"https:\/\/narteks.net\/index.php\/2010\/04\/03\/o-gece-kalede-neler-olup-bitti-bunu-hic-kimse-asla-ogrenemedi-gercekte-affedilmeyen-gabor-liptak\/#breadcrumb\"},\"inLanguage\":\"tr\",\"potentialAction\":[{\"@type\":\"ReadAction\",\"target\":[\"https:\/\/narteks.net\/index.php\/2010\/04\/03\/o-gece-kalede-neler-olup-bitti-bunu-hic-kimse-asla-ogrenemedi-gercekte-affedilmeyen-gabor-liptak\/\"]}]},{\"@type\":\"ImageObject\",\"inLanguage\":\"tr\",\"@id\":\"https:\/\/narteks.net\/index.php\/2010\/04\/03\/o-gece-kalede-neler-olup-bitti-bunu-hic-kimse-asla-ogrenemedi-gercekte-affedilmeyen-gabor-liptak\/#primaryimage\",\"url\":\"http:\/\/www.salgit.com\/resimler\/kale.jpg\",\"contentUrl\":\"http:\/\/www.salgit.com\/resimler\/kale.jpg\"},{\"@type\":\"BreadcrumbList\",\"@id\":\"https:\/\/narteks.net\/index.php\/2010\/04\/03\/o-gece-kalede-neler-olup-bitti-bunu-hic-kimse-asla-ogrenemedi-gercekte-affedilmeyen-gabor-liptak\/#breadcrumb\",\"itemListElement\":[{\"@type\":\"ListItem\",\"position\":1,\"name\":\"Anasayfa\",\"item\":\"https:\/\/narteks.net\/\"},{\"@type\":\"ListItem\",\"position\":2,\"name\":\"O gece Kale&#8217;de neler olup bitti, bunu hi\u00e7 kimse asla \u00f6\u011frenemedi ger\u00e7ekte | Affedilmeyen &#8211; Gabor Liptak\"}]},{\"@type\":\"WebSite\",\"@id\":\"https:\/\/narteks.net\/#website\",\"url\":\"https:\/\/narteks.net\/\",\"name\":\"narteks.net\",\"description\":\"K\u00fclt\u00fcr Sanat Edebiyat Felsefe\",\"publisher\":{\"@id\":\"https:\/\/narteks.net\/#organization\"},\"alternateName\":\"K\u00fclt\u00fcr Sanat Edebiyat Felsefe\",\"potentialAction\":[{\"@type\":\"SearchAction\",\"target\":{\"@type\":\"EntryPoint\",\"urlTemplate\":\"https:\/\/narteks.net\/?s={search_term_string}\"},\"query-input\":{\"@type\":\"PropertyValueSpecification\",\"valueRequired\":true,\"valueName\":\"search_term_string\"}}],\"inLanguage\":\"tr\"},{\"@type\":\"Organization\",\"@id\":\"https:\/\/narteks.net\/#organization\",\"name\":\"narteks.net\",\"url\":\"https:\/\/narteks.net\/\",\"logo\":{\"@type\":\"ImageObject\",\"inLanguage\":\"tr\",\"@id\":\"https:\/\/narteks.net\/#\/schema\/logo\/image\/\",\"url\":\"https:\/\/narteks.net\/wp-content\/uploads\/narteks.png\",\"contentUrl\":\"https:\/\/narteks.net\/wp-content\/uploads\/narteks.png\",\"width\":300,\"height\":90,\"caption\":\"narteks.net\"},\"image\":{\"@id\":\"https:\/\/narteks.net\/#\/schema\/logo\/image\/\"},\"sameAs\":[\"https:\/\/x.com\/narteks\",\"https:\/\/instagram.com\/narteksnet\"]},{\"@type\":\"Person\",\"@id\":\"https:\/\/narteks.net\/#\/schema\/person\/61f37d9834294b72d31d274e7ed79bca\",\"name\":\"Tar\u0131k\",\"image\":{\"@type\":\"ImageObject\",\"inLanguage\":\"tr\",\"@id\":\"https:\/\/narteks.net\/#\/schema\/person\/image\/\",\"url\":\"https:\/\/secure.gravatar.com\/avatar\/50865afb55632c4ae467e0af0930f6510aa2297d8014be502a55b14f3b7550cf?s=96&d=mm&r=g\",\"contentUrl\":\"https:\/\/secure.gravatar.com\/avatar\/50865afb55632c4ae467e0af0930f6510aa2297d8014be502a55b14f3b7550cf?s=96&d=mm&r=g\",\"caption\":\"Tar\u0131k\"},\"sameAs\":[\"http:\/\/narteks.net\"],\"url\":\"https:\/\/narteks.net\/index.php\/author\/narbak\/\"}]}<\/script>\n<!-- \/ Yoast SEO Premium plugin. -->","yoast_head_json":{"title":"O gece Kale'de neler olup bitti, bunu hi\u00e7 kimse asla \u00f6\u011frenemedi ger\u00e7ekte | Affedilmeyen - Gabor Liptak - narteks.net","robots":{"index":"index","follow":"follow","max-snippet":"max-snippet:-1","max-image-preview":"max-image-preview:large","max-video-preview":"max-video-preview:-1"},"canonical":"https:\/\/narteks.net\/index.php\/2010\/04\/03\/o-gece-kalede-neler-olup-bitti-bunu-hic-kimse-asla-ogrenemedi-gercekte-affedilmeyen-gabor-liptak\/","og_locale":"tr_TR","og_type":"article","og_title":"O gece Kale'de neler olup bitti, bunu hi\u00e7 kimse asla \u00f6\u011frenemedi ger\u00e7ekte | Affedilmeyen - Gabor Liptak","og_description":"Kapkaranl\u0131k bir gece \u00e7\u00f6km\u00fc\u015ft\u00fc Nagyvizsony Vadisine. G\u00f6ky\u00fcz\u00fcnde tek bir y\u0131ld\u0131z bile parlam\u0131yordu ve k\u00f6y\u00fcn viran serf evlerinin k\u00fc\u00e7\u00fcc\u00fck pencerelerinin birinde bile tek bir kandil \u0131\u015f\u0131\u011f\u0131 dahi yanm\u0131yordu o gece. Sadece kalenin g\u00f6rkemli kulelerindeki darac\u0131k pencere aral\u0131klar\u0131ndan solgun bir \u0131\u015f\u0131k s\u00fcz\u00fcl\u00fcyordu d\u0131\u015far\u0131ya ve bir tek surlarda ge\u00e7e n\u00f6betinde olanlar\u0131n n\u00f6bet de\u011fi\u015fimindeki sesleri zaman zaman gecenin bu [&hellip;]","og_url":"https:\/\/narteks.net\/index.php\/2010\/04\/03\/o-gece-kalede-neler-olup-bitti-bunu-hic-kimse-asla-ogrenemedi-gercekte-affedilmeyen-gabor-liptak\/","og_site_name":"narteks.net","article_published_time":"2010-04-03T11:19:56+00:00","og_image":[{"url":"http:\/\/www.salgit.com\/resimler\/kale.jpg","type":"","width":"","height":""}],"author":"Tar\u0131k","twitter_card":"summary_large_image","twitter_creator":"@narteks","twitter_site":"@narteks","twitter_misc":{"Yazan:":"Tar\u0131k","Tahmini okuma s\u00fcresi":"26 dakika"},"schema":{"@context":"https:\/\/schema.org","@graph":[{"@type":"Article","@id":"https:\/\/narteks.net\/index.php\/2010\/04\/03\/o-gece-kalede-neler-olup-bitti-bunu-hic-kimse-asla-ogrenemedi-gercekte-affedilmeyen-gabor-liptak\/#article","isPartOf":{"@id":"https:\/\/narteks.net\/index.php\/2010\/04\/03\/o-gece-kalede-neler-olup-bitti-bunu-hic-kimse-asla-ogrenemedi-gercekte-affedilmeyen-gabor-liptak\/"},"author":{"name":"Tar\u0131k","@id":"https:\/\/narteks.net\/#\/schema\/person\/61f37d9834294b72d31d274e7ed79bca"},"headline":"O gece Kale&#8217;de neler olup bitti, bunu hi\u00e7 kimse asla \u00f6\u011frenemedi ger\u00e7ekte | Affedilmeyen &#8211; Gabor Liptak","datePublished":"2010-04-03T11:19:56+00:00","mainEntityOfPage":{"@id":"https:\/\/narteks.net\/index.php\/2010\/04\/03\/o-gece-kalede-neler-olup-bitti-bunu-hic-kimse-asla-ogrenemedi-gercekte-affedilmeyen-gabor-liptak\/"},"wordCount":5137,"commentCount":0,"publisher":{"@id":"https:\/\/narteks.net\/#organization"},"image":{"@id":"https:\/\/narteks.net\/index.php\/2010\/04\/03\/o-gece-kalede-neler-olup-bitti-bunu-hic-kimse-asla-ogrenemedi-gercekte-affedilmeyen-gabor-liptak\/#primaryimage"},"thumbnailUrl":"http:\/\/www.salgit.com\/resimler\/kale.jpg","articleSection":["\u00c7eviri \u00d6yk\u00fcler"],"inLanguage":"tr","potentialAction":[{"@type":"CommentAction","name":"Comment","target":["https:\/\/narteks.net\/index.php\/2010\/04\/03\/o-gece-kalede-neler-olup-bitti-bunu-hic-kimse-asla-ogrenemedi-gercekte-affedilmeyen-gabor-liptak\/#respond"]}]},{"@type":"WebPage","@id":"https:\/\/narteks.net\/index.php\/2010\/04\/03\/o-gece-kalede-neler-olup-bitti-bunu-hic-kimse-asla-ogrenemedi-gercekte-affedilmeyen-gabor-liptak\/","url":"https:\/\/narteks.net\/index.php\/2010\/04\/03\/o-gece-kalede-neler-olup-bitti-bunu-hic-kimse-asla-ogrenemedi-gercekte-affedilmeyen-gabor-liptak\/","name":"O gece Kale'de neler olup bitti, bunu hi\u00e7 kimse asla \u00f6\u011frenemedi ger\u00e7ekte | Affedilmeyen - Gabor Liptak - narteks.net","isPartOf":{"@id":"https:\/\/narteks.net\/#website"},"primaryImageOfPage":{"@id":"https:\/\/narteks.net\/index.php\/2010\/04\/03\/o-gece-kalede-neler-olup-bitti-bunu-hic-kimse-asla-ogrenemedi-gercekte-affedilmeyen-gabor-liptak\/#primaryimage"},"image":{"@id":"https:\/\/narteks.net\/index.php\/2010\/04\/03\/o-gece-kalede-neler-olup-bitti-bunu-hic-kimse-asla-ogrenemedi-gercekte-affedilmeyen-gabor-liptak\/#primaryimage"},"thumbnailUrl":"http:\/\/www.salgit.com\/resimler\/kale.jpg","datePublished":"2010-04-03T11:19:56+00:00","breadcrumb":{"@id":"https:\/\/narteks.net\/index.php\/2010\/04\/03\/o-gece-kalede-neler-olup-bitti-bunu-hic-kimse-asla-ogrenemedi-gercekte-affedilmeyen-gabor-liptak\/#breadcrumb"},"inLanguage":"tr","potentialAction":[{"@type":"ReadAction","target":["https:\/\/narteks.net\/index.php\/2010\/04\/03\/o-gece-kalede-neler-olup-bitti-bunu-hic-kimse-asla-ogrenemedi-gercekte-affedilmeyen-gabor-liptak\/"]}]},{"@type":"ImageObject","inLanguage":"tr","@id":"https:\/\/narteks.net\/index.php\/2010\/04\/03\/o-gece-kalede-neler-olup-bitti-bunu-hic-kimse-asla-ogrenemedi-gercekte-affedilmeyen-gabor-liptak\/#primaryimage","url":"http:\/\/www.salgit.com\/resimler\/kale.jpg","contentUrl":"http:\/\/www.salgit.com\/resimler\/kale.jpg"},{"@type":"BreadcrumbList","@id":"https:\/\/narteks.net\/index.php\/2010\/04\/03\/o-gece-kalede-neler-olup-bitti-bunu-hic-kimse-asla-ogrenemedi-gercekte-affedilmeyen-gabor-liptak\/#breadcrumb","itemListElement":[{"@type":"ListItem","position":1,"name":"Anasayfa","item":"https:\/\/narteks.net\/"},{"@type":"ListItem","position":2,"name":"O gece Kale&#8217;de neler olup bitti, bunu hi\u00e7 kimse asla \u00f6\u011frenemedi ger\u00e7ekte | Affedilmeyen &#8211; Gabor Liptak"}]},{"@type":"WebSite","@id":"https:\/\/narteks.net\/#website","url":"https:\/\/narteks.net\/","name":"narteks.net","description":"K\u00fclt\u00fcr Sanat Edebiyat Felsefe","publisher":{"@id":"https:\/\/narteks.net\/#organization"},"alternateName":"K\u00fclt\u00fcr Sanat Edebiyat Felsefe","potentialAction":[{"@type":"SearchAction","target":{"@type":"EntryPoint","urlTemplate":"https:\/\/narteks.net\/?s={search_term_string}"},"query-input":{"@type":"PropertyValueSpecification","valueRequired":true,"valueName":"search_term_string"}}],"inLanguage":"tr"},{"@type":"Organization","@id":"https:\/\/narteks.net\/#organization","name":"narteks.net","url":"https:\/\/narteks.net\/","logo":{"@type":"ImageObject","inLanguage":"tr","@id":"https:\/\/narteks.net\/#\/schema\/logo\/image\/","url":"https:\/\/narteks.net\/wp-content\/uploads\/narteks.png","contentUrl":"https:\/\/narteks.net\/wp-content\/uploads\/narteks.png","width":300,"height":90,"caption":"narteks.net"},"image":{"@id":"https:\/\/narteks.net\/#\/schema\/logo\/image\/"},"sameAs":["https:\/\/x.com\/narteks","https:\/\/instagram.com\/narteksnet"]},{"@type":"Person","@id":"https:\/\/narteks.net\/#\/schema\/person\/61f37d9834294b72d31d274e7ed79bca","name":"Tar\u0131k","image":{"@type":"ImageObject","inLanguage":"tr","@id":"https:\/\/narteks.net\/#\/schema\/person\/image\/","url":"https:\/\/secure.gravatar.com\/avatar\/50865afb55632c4ae467e0af0930f6510aa2297d8014be502a55b14f3b7550cf?s=96&d=mm&r=g","contentUrl":"https:\/\/secure.gravatar.com\/avatar\/50865afb55632c4ae467e0af0930f6510aa2297d8014be502a55b14f3b7550cf?s=96&d=mm&r=g","caption":"Tar\u0131k"},"sameAs":["http:\/\/narteks.net"],"url":"https:\/\/narteks.net\/index.php\/author\/narbak\/"}]}},"_links":{"self":[{"href":"https:\/\/narteks.net\/index.php\/wp-json\/wp\/v2\/posts\/4430","targetHints":{"allow":["GET"]}}],"collection":[{"href":"https:\/\/narteks.net\/index.php\/wp-json\/wp\/v2\/posts"}],"about":[{"href":"https:\/\/narteks.net\/index.php\/wp-json\/wp\/v2\/types\/post"}],"author":[{"embeddable":true,"href":"https:\/\/narteks.net\/index.php\/wp-json\/wp\/v2\/users\/1"}],"replies":[{"embeddable":true,"href":"https:\/\/narteks.net\/index.php\/wp-json\/wp\/v2\/comments?post=4430"}],"version-history":[{"count":0,"href":"https:\/\/narteks.net\/index.php\/wp-json\/wp\/v2\/posts\/4430\/revisions"}],"wp:attachment":[{"href":"https:\/\/narteks.net\/index.php\/wp-json\/wp\/v2\/media?parent=4430"}],"wp:term":[{"taxonomy":"category","embeddable":true,"href":"https:\/\/narteks.net\/index.php\/wp-json\/wp\/v2\/categories?post=4430"},{"taxonomy":"post_tag","embeddable":true,"href":"https:\/\/narteks.net\/index.php\/wp-json\/wp\/v2\/tags?post=4430"}],"curies":[{"name":"wp","href":"https:\/\/api.w.org\/{rel}","templated":true}]}}