{"id":4438,"date":"2010-04-05T16:05:36","date_gmt":"2010-04-05T13:05:36","guid":{"rendered":"http:\/\/localhost\/wordpress\/2010\/04\/05\/turkler-tarafindan-kurulan-ilk-sosyalist-parti-osmanli-sosyalist-firkasi\/"},"modified":"2010-04-05T16:05:36","modified_gmt":"2010-04-05T13:05:36","slug":"turkler-tarafindan-kurulan-ilk-sosyalist-parti-osmanli-sosyalist-firkasi","status":"publish","type":"post","link":"https:\/\/narteks.net\/index.php\/2010\/04\/05\/turkler-tarafindan-kurulan-ilk-sosyalist-parti-osmanli-sosyalist-firkasi\/","title":{"rendered":"T\u00fcrkler taraf\u0131ndan kurulan ilk sosyalist parti | Osmanl\u0131 sosyalist F\u0131rkas\u0131"},"content":{"rendered":"<p style=\"text-align: justify;\"><img loading=\"lazy\" decoding=\"async\" src=\"http:\/\/www.iisg.nl\/collections\/turkey\/images\/zk66124.jpg\" border=\"0\" width=\"155\" height=\"205\" style=\"float: left;\" \/>II. Me\u015frutiyet d\u00f6neminde \u0130stanbul&#8217;da kurulan Osmanl\u0131 sosyalist F\u0131rkas\u0131, T\u00fcrkler taraf\u0131ndan kurulan ilk sosyalist partidir.<\/p>\n<p>Osmanl\u0131 topraklar\u0131nda ya\u015fayan Bulgar, Rum ve Ermeniler aras\u0131nda yayg\u0131n olan sosyalist d\u00fc\u015f\u00fcnceler Me\u015frutiyet&#8217;in ilan\u0131ndan (1908) sonra T\u00fcrk ayd\u0131nlar\u0131 aras\u0131nda da geli\u015fme olana\u011f\u0131 buldu. \u015eubat 1910&#8217;da \u0130\u015ftirak dergisini yay\u0131nlamaya ba\u015flayan H\u00fcseyin Hilmi &#8216;nin giri\u015fimleri sonunda Eyl\u00fcl 1910&#8217;da Osmanl\u0131 Sosyalist F\u0131rkas\u0131 kuruldu. Partinin kurulu\u015f ve y\u00f6netiminde Baha Tevfik, Sosyalist gazetesi sahibi Nam\u0131k Hasan, Hamit Suphi ve \u0130nsaniyet gazetesi sahibi \u0130bn\u00fcttahir \u0130smail Faik de g\u00f6rev ald\u0131. \u0130\u015ftirak&#8217;\u0131n kapat\u0131lma olas\u0131l\u0131\u011f\u0131na kar\u015f\u0131 \u0130nsaniyet ve Medeniyet adl\u0131 yay\u0131n organlar\u0131 i\u00e7in de ruhsat alan Osmanl\u0131 Sosyalist F\u0131rkas\u0131 bilinen anlamda bir sosyalist parti de\u011fildi; yay\u0131n organlar\u0131nda sosyalist kuramla ilgili yaz\u0131lardan \u00e7ok, muhalefetteki Prens Sabahaddin&#8217;in bireysel giri\u015fimcili\u011fi savunan tezlerine yak\u0131n yaz\u0131lar yer al\u0131yordu.<\/p>\n<p style=\"text-align: justify;\">Sada-y\u0131 Milliye gazetesi yazarlar\u0131ndan Ahmet Samim&#8217;in \u00f6ld\u00fcr\u00fclmesinden (1910) sonra \u00f6zel bir say\u0131 yay\u0131mlayan \u0130\u015ftirak&#8217;\u0131n sert bir ele\u015ftiri kampanyas\u0131 ba\u015flatmas\u0131, partinin \u00e7al\u0131\u015fmalar\u0131ndan ho\u015fnut olmayan \u0130ttihat ve Terakki&#8217;nin tutumunu daha da sertle\u015ftirmesine yol a\u00e7t\u0131. Bunun \u00fczerine Osmanl\u0131 Sosyalist F\u0131rkas\u0131, b\u00fct\u00fcn muhalefeti b\u00fcnyesinde bulundurmaya \u00e7al\u0131\u015fan H\u00fcrriyet ve \u0130tilaf F\u0131rkas\u0131 ile dayan\u0131\u015fma i\u00e7ine girdi.Bu arada eski J\u00f6n T\u00fcrklerden Dr. Refik Nevzat Paris&#8217;ten H\u00fcseyin Hilmi ile ili\u015fkiye ge\u00e7erek Avni Kemal,Fuad Nevzat,M. Zeki ve Kadri Hoca ile birlikte \u00f6rg\u00fct\u00fcn Paris \u015fubesini kurdu (Eyl\u00fcl 1911). Be\u015feriyet adl\u0131 bir gazete yay\u0131mlayan bu \u015fubenin \u00e7al\u0131\u015fmalar\u0131 olduk\u00e7a s\u0131n\u0131rl\u0131 kald\u0131. \u00d6te yandan H\u00fcseyin Hilmi&#8217;nin II. Enternasyonal ve Frans\u0131z sosyalist \u00f6nder Jean Jaur\u00e9s ile kurdu\u011fu ili\u015fkiler de ileriye g\u00f6t\u00fcr\u00fclemedi.<\/p>\n<p>Mahmut \u015eevket Pa\u015fa&#8217;n\u0131n \u00f6ld\u00fcr\u00fclmesinden (1913) sonra \u0130ttihat ve Terakki b\u00fct\u00fcn muhalefeti sindirmeye y\u00f6nelince, Osmanl\u0131 Sosyalist F\u0131rkas\u0131 da bask\u0131larla kar\u015f\u0131la\u015ft\u0131. Yurt d\u0131\u015f\u0131nda bulunan H\u00fcseyin Hilmi d\u00f6n\u00fc\u015f\u00fcnde tutuklanarak Sinop&#8217;a g\u00f6nderildi ve Mondros M\u00fctarekesi&#8217;ne (1918) de\u011fin \u00e7e\u015fitli yerlerde s\u00fcrg\u00fcnde kald\u0131. Bu d\u00f6nemde partinin \u00e7al\u0131\u015fmalar\u0131 da kesintiye u\u011frad\u0131. M\u00fctarekeden sonra \u0130stanbul&#8217;a d\u00f6nen H\u00fcseyin Hilmi 1919&#8217;da, Osmanl\u0131 Sosyalist F\u0131rkas\u0131&#8217;n\u0131n devam\u0131 niteli\u011finde T\u00fcrkiye Sosyalist F\u0131rkas\u0131&#8217;n\u0131 kurdu.<\/p>\n<p>\u00a0<\/p>\n","protected":false},"excerpt":{"rendered":"<p>II. Me\u015frutiyet d\u00f6neminde \u0130stanbul&#8217;da kurulan Osmanl\u0131 sosyalist F\u0131rkas\u0131, T\u00fcrkler taraf\u0131ndan kurulan ilk sosyalist partidir. Osmanl\u0131 topraklar\u0131nda ya\u015fayan Bulgar, Rum ve Ermeniler aras\u0131nda yayg\u0131n olan sosyalist d\u00fc\u015f\u00fcnceler Me\u015frutiyet&#8217;in ilan\u0131ndan (1908) sonra T\u00fcrk ayd\u0131nlar\u0131 aras\u0131nda da geli\u015fme olana\u011f\u0131 buldu. \u015eubat 1910&#8217;da \u0130\u015ftirak dergisini yay\u0131nlamaya ba\u015flayan H\u00fcseyin Hilmi &#8216;nin giri\u015fimleri sonunda Eyl\u00fcl 1910&#8217;da Osmanl\u0131 Sosyalist F\u0131rkas\u0131 kuruldu. Partinin [&hellip;]<\/p>\n","protected":false},"author":1,"featured_media":0,"comment_status":"open","ping_status":"open","sticky":false,"template":"","format":"standard","meta":{"footnotes":""},"categories":[98],"tags":[],"class_list":{"0":"post-4438","1":"post","2":"type-post","3":"status-publish","4":"format-standard","6":"category-turkiye"},"yoast_head":"<!-- This site is optimized with the Yoast SEO Premium plugin v24.9 (Yoast SEO v24.9) - https:\/\/yoast.com\/wordpress\/plugins\/seo\/ -->\n<title>T\u00fcrkler taraf\u0131ndan kurulan ilk sosyalist parti | Osmanl\u0131 sosyalist F\u0131rkas\u0131 - narteks.net<\/title>\n<meta name=\"robots\" content=\"index, follow, max-snippet:-1, max-image-preview:large, max-video-preview:-1\" \/>\n<link rel=\"canonical\" href=\"https:\/\/narteks.net\/index.php\/2010\/04\/05\/turkler-tarafindan-kurulan-ilk-sosyalist-parti-osmanli-sosyalist-firkasi\/\" \/>\n<meta property=\"og:locale\" content=\"tr_TR\" \/>\n<meta property=\"og:type\" content=\"article\" \/>\n<meta property=\"og:title\" content=\"T\u00fcrkler taraf\u0131ndan kurulan ilk sosyalist parti | Osmanl\u0131 sosyalist F\u0131rkas\u0131\" \/>\n<meta property=\"og:description\" content=\"II. Me\u015frutiyet d\u00f6neminde \u0130stanbul&#8217;da kurulan Osmanl\u0131 sosyalist F\u0131rkas\u0131, T\u00fcrkler taraf\u0131ndan kurulan ilk sosyalist partidir. Osmanl\u0131 topraklar\u0131nda ya\u015fayan Bulgar, Rum ve Ermeniler aras\u0131nda yayg\u0131n olan sosyalist d\u00fc\u015f\u00fcnceler Me\u015frutiyet&#8217;in ilan\u0131ndan (1908) sonra T\u00fcrk ayd\u0131nlar\u0131 aras\u0131nda da geli\u015fme olana\u011f\u0131 buldu. \u015eubat 1910&#8217;da \u0130\u015ftirak dergisini yay\u0131nlamaya ba\u015flayan H\u00fcseyin Hilmi &#8216;nin giri\u015fimleri sonunda Eyl\u00fcl 1910&#8217;da Osmanl\u0131 Sosyalist F\u0131rkas\u0131 kuruldu. Partinin [&hellip;]\" \/>\n<meta property=\"og:url\" content=\"https:\/\/narteks.net\/index.php\/2010\/04\/05\/turkler-tarafindan-kurulan-ilk-sosyalist-parti-osmanli-sosyalist-firkasi\/\" \/>\n<meta property=\"og:site_name\" content=\"narteks.net\" \/>\n<meta property=\"article:published_time\" content=\"2010-04-05T13:05:36+00:00\" \/>\n<meta property=\"og:image\" content=\"http:\/\/www.iisg.nl\/collections\/turkey\/images\/zk66124.jpg\" \/>\n<meta name=\"author\" content=\"Tar\u0131k\" \/>\n<meta name=\"twitter:card\" content=\"summary_large_image\" \/>\n<meta name=\"twitter:creator\" content=\"@narteks\" \/>\n<meta name=\"twitter:site\" content=\"@narteks\" \/>\n<meta name=\"twitter:label1\" content=\"Yazan:\" \/>\n\t<meta name=\"twitter:data1\" content=\"Tar\u0131k\" \/>\n\t<meta name=\"twitter:label2\" content=\"Tahmini okuma s\u00fcresi\" \/>\n\t<meta name=\"twitter:data2\" content=\"2 dakika\" \/>\n<script type=\"application\/ld+json\" class=\"yoast-schema-graph\">{\"@context\":\"https:\/\/schema.org\",\"@graph\":[{\"@type\":\"Article\",\"@id\":\"https:\/\/narteks.net\/index.php\/2010\/04\/05\/turkler-tarafindan-kurulan-ilk-sosyalist-parti-osmanli-sosyalist-firkasi\/#article\",\"isPartOf\":{\"@id\":\"https:\/\/narteks.net\/index.php\/2010\/04\/05\/turkler-tarafindan-kurulan-ilk-sosyalist-parti-osmanli-sosyalist-firkasi\/\"},\"author\":{\"name\":\"Tar\u0131k\",\"@id\":\"https:\/\/narteks.net\/#\/schema\/person\/61f37d9834294b72d31d274e7ed79bca\"},\"headline\":\"T\u00fcrkler taraf\u0131ndan kurulan ilk sosyalist parti | Osmanl\u0131 sosyalist F\u0131rkas\u0131\",\"datePublished\":\"2010-04-05T13:05:36+00:00\",\"mainEntityOfPage\":{\"@id\":\"https:\/\/narteks.net\/index.php\/2010\/04\/05\/turkler-tarafindan-kurulan-ilk-sosyalist-parti-osmanli-sosyalist-firkasi\/\"},\"wordCount\":414,\"commentCount\":0,\"publisher\":{\"@id\":\"https:\/\/narteks.net\/#organization\"},\"image\":{\"@id\":\"https:\/\/narteks.net\/index.php\/2010\/04\/05\/turkler-tarafindan-kurulan-ilk-sosyalist-parti-osmanli-sosyalist-firkasi\/#primaryimage\"},\"thumbnailUrl\":\"http:\/\/www.iisg.nl\/collections\/turkey\/images\/zk66124.jpg\",\"articleSection\":[\"T\u00fcrkiye\"],\"inLanguage\":\"tr\",\"potentialAction\":[{\"@type\":\"CommentAction\",\"name\":\"Comment\",\"target\":[\"https:\/\/narteks.net\/index.php\/2010\/04\/05\/turkler-tarafindan-kurulan-ilk-sosyalist-parti-osmanli-sosyalist-firkasi\/#respond\"]}]},{\"@type\":\"WebPage\",\"@id\":\"https:\/\/narteks.net\/index.php\/2010\/04\/05\/turkler-tarafindan-kurulan-ilk-sosyalist-parti-osmanli-sosyalist-firkasi\/\",\"url\":\"https:\/\/narteks.net\/index.php\/2010\/04\/05\/turkler-tarafindan-kurulan-ilk-sosyalist-parti-osmanli-sosyalist-firkasi\/\",\"name\":\"T\u00fcrkler taraf\u0131ndan kurulan ilk sosyalist parti | Osmanl\u0131 sosyalist F\u0131rkas\u0131 - narteks.net\",\"isPartOf\":{\"@id\":\"https:\/\/narteks.net\/#website\"},\"primaryImageOfPage\":{\"@id\":\"https:\/\/narteks.net\/index.php\/2010\/04\/05\/turkler-tarafindan-kurulan-ilk-sosyalist-parti-osmanli-sosyalist-firkasi\/#primaryimage\"},\"image\":{\"@id\":\"https:\/\/narteks.net\/index.php\/2010\/04\/05\/turkler-tarafindan-kurulan-ilk-sosyalist-parti-osmanli-sosyalist-firkasi\/#primaryimage\"},\"thumbnailUrl\":\"http:\/\/www.iisg.nl\/collections\/turkey\/images\/zk66124.jpg\",\"datePublished\":\"2010-04-05T13:05:36+00:00\",\"breadcrumb\":{\"@id\":\"https:\/\/narteks.net\/index.php\/2010\/04\/05\/turkler-tarafindan-kurulan-ilk-sosyalist-parti-osmanli-sosyalist-firkasi\/#breadcrumb\"},\"inLanguage\":\"tr\",\"potentialAction\":[{\"@type\":\"ReadAction\",\"target\":[\"https:\/\/narteks.net\/index.php\/2010\/04\/05\/turkler-tarafindan-kurulan-ilk-sosyalist-parti-osmanli-sosyalist-firkasi\/\"]}]},{\"@type\":\"ImageObject\",\"inLanguage\":\"tr\",\"@id\":\"https:\/\/narteks.net\/index.php\/2010\/04\/05\/turkler-tarafindan-kurulan-ilk-sosyalist-parti-osmanli-sosyalist-firkasi\/#primaryimage\",\"url\":\"http:\/\/www.iisg.nl\/collections\/turkey\/images\/zk66124.jpg\",\"contentUrl\":\"http:\/\/www.iisg.nl\/collections\/turkey\/images\/zk66124.jpg\"},{\"@type\":\"BreadcrumbList\",\"@id\":\"https:\/\/narteks.net\/index.php\/2010\/04\/05\/turkler-tarafindan-kurulan-ilk-sosyalist-parti-osmanli-sosyalist-firkasi\/#breadcrumb\",\"itemListElement\":[{\"@type\":\"ListItem\",\"position\":1,\"name\":\"Anasayfa\",\"item\":\"https:\/\/narteks.net\/\"},{\"@type\":\"ListItem\",\"position\":2,\"name\":\"T\u00fcrkler taraf\u0131ndan kurulan ilk sosyalist parti | Osmanl\u0131 sosyalist F\u0131rkas\u0131\"}]},{\"@type\":\"WebSite\",\"@id\":\"https:\/\/narteks.net\/#website\",\"url\":\"https:\/\/narteks.net\/\",\"name\":\"narteks.net\",\"description\":\"K\u00fclt\u00fcr Sanat Edebiyat Felsefe\",\"publisher\":{\"@id\":\"https:\/\/narteks.net\/#organization\"},\"alternateName\":\"K\u00fclt\u00fcr Sanat Edebiyat Felsefe\",\"potentialAction\":[{\"@type\":\"SearchAction\",\"target\":{\"@type\":\"EntryPoint\",\"urlTemplate\":\"https:\/\/narteks.net\/?s={search_term_string}\"},\"query-input\":{\"@type\":\"PropertyValueSpecification\",\"valueRequired\":true,\"valueName\":\"search_term_string\"}}],\"inLanguage\":\"tr\"},{\"@type\":\"Organization\",\"@id\":\"https:\/\/narteks.net\/#organization\",\"name\":\"narteks.net\",\"url\":\"https:\/\/narteks.net\/\",\"logo\":{\"@type\":\"ImageObject\",\"inLanguage\":\"tr\",\"@id\":\"https:\/\/narteks.net\/#\/schema\/logo\/image\/\",\"url\":\"https:\/\/narteks.net\/wp-content\/uploads\/narteks.png\",\"contentUrl\":\"https:\/\/narteks.net\/wp-content\/uploads\/narteks.png\",\"width\":300,\"height\":90,\"caption\":\"narteks.net\"},\"image\":{\"@id\":\"https:\/\/narteks.net\/#\/schema\/logo\/image\/\"},\"sameAs\":[\"https:\/\/x.com\/narteks\",\"https:\/\/instagram.com\/narteksnet\"]},{\"@type\":\"Person\",\"@id\":\"https:\/\/narteks.net\/#\/schema\/person\/61f37d9834294b72d31d274e7ed79bca\",\"name\":\"Tar\u0131k\",\"image\":{\"@type\":\"ImageObject\",\"inLanguage\":\"tr\",\"@id\":\"https:\/\/narteks.net\/#\/schema\/person\/image\/\",\"url\":\"https:\/\/secure.gravatar.com\/avatar\/50865afb55632c4ae467e0af0930f6510aa2297d8014be502a55b14f3b7550cf?s=96&d=mm&r=g\",\"contentUrl\":\"https:\/\/secure.gravatar.com\/avatar\/50865afb55632c4ae467e0af0930f6510aa2297d8014be502a55b14f3b7550cf?s=96&d=mm&r=g\",\"caption\":\"Tar\u0131k\"},\"sameAs\":[\"http:\/\/narteks.net\"],\"url\":\"https:\/\/narteks.net\/index.php\/author\/narbak\/\"}]}<\/script>\n<!-- \/ Yoast SEO Premium plugin. -->","yoast_head_json":{"title":"T\u00fcrkler taraf\u0131ndan kurulan ilk sosyalist parti | Osmanl\u0131 sosyalist F\u0131rkas\u0131 - narteks.net","robots":{"index":"index","follow":"follow","max-snippet":"max-snippet:-1","max-image-preview":"max-image-preview:large","max-video-preview":"max-video-preview:-1"},"canonical":"https:\/\/narteks.net\/index.php\/2010\/04\/05\/turkler-tarafindan-kurulan-ilk-sosyalist-parti-osmanli-sosyalist-firkasi\/","og_locale":"tr_TR","og_type":"article","og_title":"T\u00fcrkler taraf\u0131ndan kurulan ilk sosyalist parti | Osmanl\u0131 sosyalist F\u0131rkas\u0131","og_description":"II. Me\u015frutiyet d\u00f6neminde \u0130stanbul&#8217;da kurulan Osmanl\u0131 sosyalist F\u0131rkas\u0131, T\u00fcrkler taraf\u0131ndan kurulan ilk sosyalist partidir. Osmanl\u0131 topraklar\u0131nda ya\u015fayan Bulgar, Rum ve Ermeniler aras\u0131nda yayg\u0131n olan sosyalist d\u00fc\u015f\u00fcnceler Me\u015frutiyet&#8217;in ilan\u0131ndan (1908) sonra T\u00fcrk ayd\u0131nlar\u0131 aras\u0131nda da geli\u015fme olana\u011f\u0131 buldu. \u015eubat 1910&#8217;da \u0130\u015ftirak dergisini yay\u0131nlamaya ba\u015flayan H\u00fcseyin Hilmi &#8216;nin giri\u015fimleri sonunda Eyl\u00fcl 1910&#8217;da Osmanl\u0131 Sosyalist F\u0131rkas\u0131 kuruldu. Partinin [&hellip;]","og_url":"https:\/\/narteks.net\/index.php\/2010\/04\/05\/turkler-tarafindan-kurulan-ilk-sosyalist-parti-osmanli-sosyalist-firkasi\/","og_site_name":"narteks.net","article_published_time":"2010-04-05T13:05:36+00:00","og_image":[{"url":"http:\/\/www.iisg.nl\/collections\/turkey\/images\/zk66124.jpg","type":"","width":"","height":""}],"author":"Tar\u0131k","twitter_card":"summary_large_image","twitter_creator":"@narteks","twitter_site":"@narteks","twitter_misc":{"Yazan:":"Tar\u0131k","Tahmini okuma s\u00fcresi":"2 dakika"},"schema":{"@context":"https:\/\/schema.org","@graph":[{"@type":"Article","@id":"https:\/\/narteks.net\/index.php\/2010\/04\/05\/turkler-tarafindan-kurulan-ilk-sosyalist-parti-osmanli-sosyalist-firkasi\/#article","isPartOf":{"@id":"https:\/\/narteks.net\/index.php\/2010\/04\/05\/turkler-tarafindan-kurulan-ilk-sosyalist-parti-osmanli-sosyalist-firkasi\/"},"author":{"name":"Tar\u0131k","@id":"https:\/\/narteks.net\/#\/schema\/person\/61f37d9834294b72d31d274e7ed79bca"},"headline":"T\u00fcrkler taraf\u0131ndan kurulan ilk sosyalist parti | Osmanl\u0131 sosyalist F\u0131rkas\u0131","datePublished":"2010-04-05T13:05:36+00:00","mainEntityOfPage":{"@id":"https:\/\/narteks.net\/index.php\/2010\/04\/05\/turkler-tarafindan-kurulan-ilk-sosyalist-parti-osmanli-sosyalist-firkasi\/"},"wordCount":414,"commentCount":0,"publisher":{"@id":"https:\/\/narteks.net\/#organization"},"image":{"@id":"https:\/\/narteks.net\/index.php\/2010\/04\/05\/turkler-tarafindan-kurulan-ilk-sosyalist-parti-osmanli-sosyalist-firkasi\/#primaryimage"},"thumbnailUrl":"http:\/\/www.iisg.nl\/collections\/turkey\/images\/zk66124.jpg","articleSection":["T\u00fcrkiye"],"inLanguage":"tr","potentialAction":[{"@type":"CommentAction","name":"Comment","target":["https:\/\/narteks.net\/index.php\/2010\/04\/05\/turkler-tarafindan-kurulan-ilk-sosyalist-parti-osmanli-sosyalist-firkasi\/#respond"]}]},{"@type":"WebPage","@id":"https:\/\/narteks.net\/index.php\/2010\/04\/05\/turkler-tarafindan-kurulan-ilk-sosyalist-parti-osmanli-sosyalist-firkasi\/","url":"https:\/\/narteks.net\/index.php\/2010\/04\/05\/turkler-tarafindan-kurulan-ilk-sosyalist-parti-osmanli-sosyalist-firkasi\/","name":"T\u00fcrkler taraf\u0131ndan kurulan ilk sosyalist parti | Osmanl\u0131 sosyalist F\u0131rkas\u0131 - narteks.net","isPartOf":{"@id":"https:\/\/narteks.net\/#website"},"primaryImageOfPage":{"@id":"https:\/\/narteks.net\/index.php\/2010\/04\/05\/turkler-tarafindan-kurulan-ilk-sosyalist-parti-osmanli-sosyalist-firkasi\/#primaryimage"},"image":{"@id":"https:\/\/narteks.net\/index.php\/2010\/04\/05\/turkler-tarafindan-kurulan-ilk-sosyalist-parti-osmanli-sosyalist-firkasi\/#primaryimage"},"thumbnailUrl":"http:\/\/www.iisg.nl\/collections\/turkey\/images\/zk66124.jpg","datePublished":"2010-04-05T13:05:36+00:00","breadcrumb":{"@id":"https:\/\/narteks.net\/index.php\/2010\/04\/05\/turkler-tarafindan-kurulan-ilk-sosyalist-parti-osmanli-sosyalist-firkasi\/#breadcrumb"},"inLanguage":"tr","potentialAction":[{"@type":"ReadAction","target":["https:\/\/narteks.net\/index.php\/2010\/04\/05\/turkler-tarafindan-kurulan-ilk-sosyalist-parti-osmanli-sosyalist-firkasi\/"]}]},{"@type":"ImageObject","inLanguage":"tr","@id":"https:\/\/narteks.net\/index.php\/2010\/04\/05\/turkler-tarafindan-kurulan-ilk-sosyalist-parti-osmanli-sosyalist-firkasi\/#primaryimage","url":"http:\/\/www.iisg.nl\/collections\/turkey\/images\/zk66124.jpg","contentUrl":"http:\/\/www.iisg.nl\/collections\/turkey\/images\/zk66124.jpg"},{"@type":"BreadcrumbList","@id":"https:\/\/narteks.net\/index.php\/2010\/04\/05\/turkler-tarafindan-kurulan-ilk-sosyalist-parti-osmanli-sosyalist-firkasi\/#breadcrumb","itemListElement":[{"@type":"ListItem","position":1,"name":"Anasayfa","item":"https:\/\/narteks.net\/"},{"@type":"ListItem","position":2,"name":"T\u00fcrkler taraf\u0131ndan kurulan ilk sosyalist parti | Osmanl\u0131 sosyalist F\u0131rkas\u0131"}]},{"@type":"WebSite","@id":"https:\/\/narteks.net\/#website","url":"https:\/\/narteks.net\/","name":"narteks.net","description":"K\u00fclt\u00fcr Sanat Edebiyat Felsefe","publisher":{"@id":"https:\/\/narteks.net\/#organization"},"alternateName":"K\u00fclt\u00fcr Sanat Edebiyat Felsefe","potentialAction":[{"@type":"SearchAction","target":{"@type":"EntryPoint","urlTemplate":"https:\/\/narteks.net\/?s={search_term_string}"},"query-input":{"@type":"PropertyValueSpecification","valueRequired":true,"valueName":"search_term_string"}}],"inLanguage":"tr"},{"@type":"Organization","@id":"https:\/\/narteks.net\/#organization","name":"narteks.net","url":"https:\/\/narteks.net\/","logo":{"@type":"ImageObject","inLanguage":"tr","@id":"https:\/\/narteks.net\/#\/schema\/logo\/image\/","url":"https:\/\/narteks.net\/wp-content\/uploads\/narteks.png","contentUrl":"https:\/\/narteks.net\/wp-content\/uploads\/narteks.png","width":300,"height":90,"caption":"narteks.net"},"image":{"@id":"https:\/\/narteks.net\/#\/schema\/logo\/image\/"},"sameAs":["https:\/\/x.com\/narteks","https:\/\/instagram.com\/narteksnet"]},{"@type":"Person","@id":"https:\/\/narteks.net\/#\/schema\/person\/61f37d9834294b72d31d274e7ed79bca","name":"Tar\u0131k","image":{"@type":"ImageObject","inLanguage":"tr","@id":"https:\/\/narteks.net\/#\/schema\/person\/image\/","url":"https:\/\/secure.gravatar.com\/avatar\/50865afb55632c4ae467e0af0930f6510aa2297d8014be502a55b14f3b7550cf?s=96&d=mm&r=g","contentUrl":"https:\/\/secure.gravatar.com\/avatar\/50865afb55632c4ae467e0af0930f6510aa2297d8014be502a55b14f3b7550cf?s=96&d=mm&r=g","caption":"Tar\u0131k"},"sameAs":["http:\/\/narteks.net"],"url":"https:\/\/narteks.net\/index.php\/author\/narbak\/"}]}},"_links":{"self":[{"href":"https:\/\/narteks.net\/index.php\/wp-json\/wp\/v2\/posts\/4438","targetHints":{"allow":["GET"]}}],"collection":[{"href":"https:\/\/narteks.net\/index.php\/wp-json\/wp\/v2\/posts"}],"about":[{"href":"https:\/\/narteks.net\/index.php\/wp-json\/wp\/v2\/types\/post"}],"author":[{"embeddable":true,"href":"https:\/\/narteks.net\/index.php\/wp-json\/wp\/v2\/users\/1"}],"replies":[{"embeddable":true,"href":"https:\/\/narteks.net\/index.php\/wp-json\/wp\/v2\/comments?post=4438"}],"version-history":[{"count":0,"href":"https:\/\/narteks.net\/index.php\/wp-json\/wp\/v2\/posts\/4438\/revisions"}],"wp:attachment":[{"href":"https:\/\/narteks.net\/index.php\/wp-json\/wp\/v2\/media?parent=4438"}],"wp:term":[{"taxonomy":"category","embeddable":true,"href":"https:\/\/narteks.net\/index.php\/wp-json\/wp\/v2\/categories?post=4438"},{"taxonomy":"post_tag","embeddable":true,"href":"https:\/\/narteks.net\/index.php\/wp-json\/wp\/v2\/tags?post=4438"}],"curies":[{"name":"wp","href":"https:\/\/api.w.org\/{rel}","templated":true}]}}