{"id":444,"date":"2009-03-13T23:00:40","date_gmt":"2009-03-13T20:00:40","guid":{"rendered":"http:\/\/localhost\/wordpress\/2009\/03\/13\/melik-serif-duzu-turkusu\/"},"modified":"2009-03-13T23:00:40","modified_gmt":"2009-03-13T20:00:40","slug":"melik-serif-duzu-turkusu","status":"publish","type":"post","link":"https:\/\/narteks.net\/index.php\/2009\/03\/13\/melik-serif-duzu-turkusu\/","title":{"rendered":"Melik \u015eerif D\u00fcz\u00fc T\u00fcrk\u00fcs\u00fc"},"content":{"rendered":"<p style=\"text-align: justify;\"><span style=\"font-size: 14pt;\"><strong>Melik \u015eerif D\u00fcz\u00fc T\u00fcrk\u00fcs\u00fc<\/strong><\/span><\/p>\n<p>Doksan \u00fc\u00e7 muhacirlerinden bir kafile Refahiye\u2019nin (yurtba\u015f\u0131) k\u00f6y\u00fc y\u00f6resine ge\u00e7i\u00e7i bir s\u00fcre i\u00e7in yer de\u011fi\u015ftirmi\u015f. Bu kafilenin, \u015eahin isminde, zengin iki evli bir a\u011fas\u0131 varm\u0131\u015f. Melik\u015ferif K\u00f6y\u00fc\u2019n\u00fcn a\u011fas\u0131 ise \u0130sak Bey ad\u0131nda biriymi\u015f. \u0130sak Bey\u2019in Ak Han\u0131m ve Zeynep ad\u0131nda iki k\u0131z\u0131, \u015eevket Bey ad\u0131nda bir de o\u011flu varm\u0131\u015f. \u015eamil, \u0130sak Bey\u2019in k\u00fc\u00e7\u00fck k\u0131z\u0131 Zeynep\u2019e d\u00fcn\u00fcr olur. \u00dc\u00e7\u00fcnc\u00fc Han\u0131m olarak Zeynep\u2019le evlenmek ister . Zeynep\u2019i olduk\u00e7a fazla sevmektedir. Fakat , \u0130sak Bey bu i\u015fe r\u0131za g\u00f6stermez. Zeynep de iki evli bir ki\u015finin \u00fc\u00e7\u00fcnc\u00fc han\u0131m\u0131 olmak istemedi\u011fini belirtir. \u0130sak Bey\u2019in iki k\u0131z\u0131 ve hizmetkarlar\u0131n\u0131n han\u0131mlar\u0131, her g\u00fcn Bulgar\u0131 \u00c7ay\u0131rlar\u0131 Semtine, koyunlar\u0131 sa\u011fmaya giderler . Bunu bilen \u015eamil, Zeynep\u2019in yolunu bekler, k\u0131r\u0131k atl\u0131s\u0131 ile Zeynep\u2019i al\u0131p, zorla ka\u00e7\u0131r\u0131r.\u00a0 Bu ka\u00e7\u0131rma esnas\u0131nda, Otuziki \u00f6r\u00fck olan Zeynep\u2019in sa\u00e7\u0131n\u0131n sekiz \u00f6r\u00fc\u011f\u00fc kopar. \u0130sak Bey\u2019e haber gelir, elli atl\u0131yla \u015eamil\u2019in pe\u015fine d\u00fc\u015fer, fakat yeti\u015femez . O civarda bar\u0131namayaca\u011f\u0131n\u0131 anlayan \u015eamil, Zeynep\u2019i alarak Bayburt\u2019un Pavnik K\u00f6y\u00fcne yerle\u015fir.<\/p>\n<p>\u0130sak Bey , k\u0131z\u0131n\u0131n kendi iste\u011fi ile ka\u00e7t\u0131\u011f\u0131n\u0131 zannetti\u011finden 7 sene Zeynep ile konu\u015fmaz . 7 sene sonra , Zeynep Han\u0131m , bir k\u0131z\u0131 ile beraber babas\u0131n\u0131n elini \u00f6pmeye gelir . \u0130sak Bey 6 ay k\u0131z\u0131 Zeynep Han\u0131m\u2019\u0131 misafir eder . 6 ay sonra , 7 kat\u0131r y\u00fck\u00fc e\u015fya ve bir\u00e7ok ziynet ile k\u0131z\u0131n\u0131 yolcu eder . Zeynep Han\u0131m , Bayburt\u2019a vard\u0131ktan 1 ay sonra kolera hastal\u0131\u011f\u0131na yakalan\u0131r . Babas\u0131na haber gelir . Kolera bula\u015f\u0131c\u0131 oldu\u011fu i\u00e7in , \u0130sak Bey , o\u011flu \u015eevket\u2019i Bayburt\u2019a g\u00f6ndermek istemez . Fakat , \u015eevket <br \/>dayanamayarak ablas\u0131n\u0131 g\u00f6rmeye gider . Bayburt\u2019un Pavnik K\u00f6y\u00fcne vard\u0131\u011f\u0131nda , Zeynep Han\u0131m defnedilip , cenaze alay\u0131n\u0131n geri geldi\u011fini g\u00f6r\u00fcr . Zeynep Han\u0131m\u2019\u0131n vasiyeti \u00fczerine , ka\u00e7\u0131r\u0131l\u0131rken kopan 8 \u00f6r\u00fck sa\u00e7\u0131 ve kanl\u0131 yazmas\u0131 , kz\u0131 ile beraber \u0130sak Bey\u2019e g\u00f6nderilir . Ancak o zaman \u0130sak Bey k\u0131z\u0131n\u0131n zorla ka\u00e7\u0131r\u0131ld\u0131\u011f\u0131n\u0131 anlar. Bunun \u00fczerine y\u00f6re halk\u0131 Zeynep Han\u0131m\u2019a a\u015fa\u011f\u0131daki t\u00fcrk\u00fcy\u00fc yakar :<\/p>\n<p>Melik \u015ferif d\u00fcz\u00fcn\u00fc<br \/>\u00c7i\u00e7ek alm\u0131\u015f y\u00fcz\u00fcn\u00fc<br \/>Gidek gelin getirek<br \/>\u0130sak Beyin k\u0131z\u0131n\u0131<\/p>\n<p>Oy yand\u0131m yand\u0131m gelin<br \/>A\u00e7 koynun dondum gelin<\/p>\n<p>K\u00fcle\u011fi alamad\u0131m<br \/>Koyunu sa\u011famad\u0131m<br \/>Deli \u015eamil gelende<br \/>\u00c7emberi \u00e7alamad\u0131m<\/p>\n<p>O niye niye niye<br \/>\u00d6ld\u00fcm yar diye diye<\/p>\n<p>\u015eamil karaku\u015f oldu<br \/>Ald\u0131 dereye dald\u0131<br \/>A\u011flama Zeynep bac\u0131<br \/>\u00c7eyizin bana kald\u0131<br \/>&#8230;&#8230;&#8230;&#8230;..<\/p>\n<p>\u015eamil\u2019in , Ardahan\u2019a yerle\u015fti\u011fi rivayet edilmekte ise de, Ardahan i\u015fgal alt\u0131nda olabilece\u011finden, Bayburt\u2019a yerle\u015fmi\u015f olmas\u0131 daha kuvvetli bir ihtimaldir.<\/p>\n<p>Oy yand\u0131m yand\u0131m gelin<br \/>A\u00e7 koynun dondum gelin<\/p>\n<p>G\u00f6r\u00fcc\u00fcler d\u00fcz\u00fcld\u00fc<br \/>Zeynep han\u0131m s\u00fcz\u00fcld\u00fc<br \/>S\u00fcz\u00fclme Zeynep han\u0131m<br \/>Atl\u0131lar\u0131n d\u00fcz\u00fcld\u00fc<\/p>\n<p>O niye niye niye<br \/>\u00d6ld\u00fcm yar diye diye<\/p>\n<p>Ay\u015feg\u00fcl G\u00f6ktepe (Radyo Program Yap\u0131mc\u0131s\u0131)<\/p>\n","protected":false},"excerpt":{"rendered":"<p>Melik \u015eerif D\u00fcz\u00fc T\u00fcrk\u00fcs\u00fc Doksan \u00fc\u00e7 muhacirlerinden bir kafile Refahiye\u2019nin (yurtba\u015f\u0131) k\u00f6y\u00fc y\u00f6resine ge\u00e7i\u00e7i bir s\u00fcre i\u00e7in yer de\u011fi\u015ftirmi\u015f. Bu kafilenin, \u015eahin isminde, zengin iki evli bir a\u011fas\u0131 varm\u0131\u015f. Melik\u015ferif K\u00f6y\u00fc\u2019n\u00fcn a\u011fas\u0131 ise \u0130sak Bey ad\u0131nda biriymi\u015f. \u0130sak Bey\u2019in Ak Han\u0131m ve Zeynep ad\u0131nda iki k\u0131z\u0131, \u015eevket Bey ad\u0131nda bir de o\u011flu varm\u0131\u015f. \u015eamil, \u0130sak [&hellip;]<\/p>\n","protected":false},"author":1,"featured_media":0,"comment_status":"open","ping_status":"open","sticky":false,"template":"","format":"standard","meta":{"footnotes":""},"categories":[55],"tags":[],"class_list":{"0":"post-444","1":"post","2":"type-post","3":"status-publish","4":"format-standard","6":"category-oykuleriyle-turkuler"},"yoast_head":"<!-- This site is optimized with the Yoast SEO Premium plugin v24.9 (Yoast SEO v24.9) - https:\/\/yoast.com\/wordpress\/plugins\/seo\/ -->\n<title>Melik \u015eerif D\u00fcz\u00fc T\u00fcrk\u00fcs\u00fc - narteks.net<\/title>\n<meta name=\"robots\" content=\"index, follow, max-snippet:-1, max-image-preview:large, max-video-preview:-1\" \/>\n<link rel=\"canonical\" href=\"https:\/\/narteks.net\/index.php\/2009\/03\/13\/melik-serif-duzu-turkusu\/\" \/>\n<meta property=\"og:locale\" content=\"tr_TR\" \/>\n<meta property=\"og:type\" content=\"article\" \/>\n<meta property=\"og:title\" content=\"Melik \u015eerif D\u00fcz\u00fc T\u00fcrk\u00fcs\u00fc\" \/>\n<meta property=\"og:description\" content=\"Melik \u015eerif D\u00fcz\u00fc T\u00fcrk\u00fcs\u00fc Doksan \u00fc\u00e7 muhacirlerinden bir kafile Refahiye\u2019nin (yurtba\u015f\u0131) k\u00f6y\u00fc y\u00f6resine ge\u00e7i\u00e7i bir s\u00fcre i\u00e7in yer de\u011fi\u015ftirmi\u015f. Bu kafilenin, \u015eahin isminde, zengin iki evli bir a\u011fas\u0131 varm\u0131\u015f. Melik\u015ferif K\u00f6y\u00fc\u2019n\u00fcn a\u011fas\u0131 ise \u0130sak Bey ad\u0131nda biriymi\u015f. \u0130sak Bey\u2019in Ak Han\u0131m ve Zeynep ad\u0131nda iki k\u0131z\u0131, \u015eevket Bey ad\u0131nda bir de o\u011flu varm\u0131\u015f. \u015eamil, \u0130sak [&hellip;]\" \/>\n<meta property=\"og:url\" content=\"https:\/\/narteks.net\/index.php\/2009\/03\/13\/melik-serif-duzu-turkusu\/\" \/>\n<meta property=\"og:site_name\" content=\"narteks.net\" \/>\n<meta property=\"article:published_time\" content=\"2009-03-13T20:00:40+00:00\" \/>\n<meta property=\"og:image\" content=\"https:\/\/narteks.net\/wp-content\/uploads\/narteks.png\" \/>\n\t<meta property=\"og:image:width\" content=\"300\" \/>\n\t<meta property=\"og:image:height\" content=\"90\" \/>\n\t<meta property=\"og:image:type\" content=\"image\/png\" \/>\n<meta name=\"author\" content=\"Tar\u0131k\" \/>\n<meta name=\"twitter:card\" content=\"summary_large_image\" \/>\n<meta name=\"twitter:creator\" content=\"@narteks\" \/>\n<meta name=\"twitter:site\" content=\"@narteks\" \/>\n<meta name=\"twitter:label1\" content=\"Yazan:\" \/>\n\t<meta name=\"twitter:data1\" content=\"Tar\u0131k\" \/>\n\t<meta name=\"twitter:label2\" content=\"Tahmini okuma s\u00fcresi\" \/>\n\t<meta name=\"twitter:data2\" content=\"3 dakika\" \/>\n<script type=\"application\/ld+json\" class=\"yoast-schema-graph\">{\"@context\":\"https:\/\/schema.org\",\"@graph\":[{\"@type\":\"Article\",\"@id\":\"https:\/\/narteks.net\/index.php\/2009\/03\/13\/melik-serif-duzu-turkusu\/#article\",\"isPartOf\":{\"@id\":\"https:\/\/narteks.net\/index.php\/2009\/03\/13\/melik-serif-duzu-turkusu\/\"},\"author\":{\"name\":\"Tar\u0131k\",\"@id\":\"https:\/\/narteks.net\/#\/schema\/person\/61f37d9834294b72d31d274e7ed79bca\"},\"headline\":\"Melik \u015eerif D\u00fcz\u00fc T\u00fcrk\u00fcs\u00fc\",\"datePublished\":\"2009-03-13T20:00:40+00:00\",\"mainEntityOfPage\":{\"@id\":\"https:\/\/narteks.net\/index.php\/2009\/03\/13\/melik-serif-duzu-turkusu\/\"},\"wordCount\":559,\"commentCount\":0,\"publisher\":{\"@id\":\"https:\/\/narteks.net\/#organization\"},\"articleSection\":[\"\u00d6yk\u00fcleriyle T\u00fcrk\u00fcler\"],\"inLanguage\":\"tr\",\"potentialAction\":[{\"@type\":\"CommentAction\",\"name\":\"Comment\",\"target\":[\"https:\/\/narteks.net\/index.php\/2009\/03\/13\/melik-serif-duzu-turkusu\/#respond\"]}]},{\"@type\":\"WebPage\",\"@id\":\"https:\/\/narteks.net\/index.php\/2009\/03\/13\/melik-serif-duzu-turkusu\/\",\"url\":\"https:\/\/narteks.net\/index.php\/2009\/03\/13\/melik-serif-duzu-turkusu\/\",\"name\":\"Melik \u015eerif D\u00fcz\u00fc T\u00fcrk\u00fcs\u00fc - narteks.net\",\"isPartOf\":{\"@id\":\"https:\/\/narteks.net\/#website\"},\"datePublished\":\"2009-03-13T20:00:40+00:00\",\"breadcrumb\":{\"@id\":\"https:\/\/narteks.net\/index.php\/2009\/03\/13\/melik-serif-duzu-turkusu\/#breadcrumb\"},\"inLanguage\":\"tr\",\"potentialAction\":[{\"@type\":\"ReadAction\",\"target\":[\"https:\/\/narteks.net\/index.php\/2009\/03\/13\/melik-serif-duzu-turkusu\/\"]}]},{\"@type\":\"BreadcrumbList\",\"@id\":\"https:\/\/narteks.net\/index.php\/2009\/03\/13\/melik-serif-duzu-turkusu\/#breadcrumb\",\"itemListElement\":[{\"@type\":\"ListItem\",\"position\":1,\"name\":\"Anasayfa\",\"item\":\"https:\/\/narteks.net\/\"},{\"@type\":\"ListItem\",\"position\":2,\"name\":\"Melik \u015eerif D\u00fcz\u00fc T\u00fcrk\u00fcs\u00fc\"}]},{\"@type\":\"WebSite\",\"@id\":\"https:\/\/narteks.net\/#website\",\"url\":\"https:\/\/narteks.net\/\",\"name\":\"narteks.net\",\"description\":\"K\u00fclt\u00fcr Sanat Edebiyat Felsefe\",\"publisher\":{\"@id\":\"https:\/\/narteks.net\/#organization\"},\"alternateName\":\"K\u00fclt\u00fcr Sanat Edebiyat Felsefe\",\"potentialAction\":[{\"@type\":\"SearchAction\",\"target\":{\"@type\":\"EntryPoint\",\"urlTemplate\":\"https:\/\/narteks.net\/?s={search_term_string}\"},\"query-input\":{\"@type\":\"PropertyValueSpecification\",\"valueRequired\":true,\"valueName\":\"search_term_string\"}}],\"inLanguage\":\"tr\"},{\"@type\":\"Organization\",\"@id\":\"https:\/\/narteks.net\/#organization\",\"name\":\"narteks.net\",\"url\":\"https:\/\/narteks.net\/\",\"logo\":{\"@type\":\"ImageObject\",\"inLanguage\":\"tr\",\"@id\":\"https:\/\/narteks.net\/#\/schema\/logo\/image\/\",\"url\":\"https:\/\/narteks.net\/wp-content\/uploads\/narteks.png\",\"contentUrl\":\"https:\/\/narteks.net\/wp-content\/uploads\/narteks.png\",\"width\":300,\"height\":90,\"caption\":\"narteks.net\"},\"image\":{\"@id\":\"https:\/\/narteks.net\/#\/schema\/logo\/image\/\"},\"sameAs\":[\"https:\/\/x.com\/narteks\",\"https:\/\/instagram.com\/narteksnet\"]},{\"@type\":\"Person\",\"@id\":\"https:\/\/narteks.net\/#\/schema\/person\/61f37d9834294b72d31d274e7ed79bca\",\"name\":\"Tar\u0131k\",\"image\":{\"@type\":\"ImageObject\",\"inLanguage\":\"tr\",\"@id\":\"https:\/\/narteks.net\/#\/schema\/person\/image\/\",\"url\":\"https:\/\/secure.gravatar.com\/avatar\/50865afb55632c4ae467e0af0930f6510aa2297d8014be502a55b14f3b7550cf?s=96&d=mm&r=g\",\"contentUrl\":\"https:\/\/secure.gravatar.com\/avatar\/50865afb55632c4ae467e0af0930f6510aa2297d8014be502a55b14f3b7550cf?s=96&d=mm&r=g\",\"caption\":\"Tar\u0131k\"},\"sameAs\":[\"http:\/\/narteks.net\"],\"url\":\"https:\/\/narteks.net\/index.php\/author\/narbak\/\"}]}<\/script>\n<!-- \/ Yoast SEO Premium plugin. -->","yoast_head_json":{"title":"Melik \u015eerif D\u00fcz\u00fc T\u00fcrk\u00fcs\u00fc - narteks.net","robots":{"index":"index","follow":"follow","max-snippet":"max-snippet:-1","max-image-preview":"max-image-preview:large","max-video-preview":"max-video-preview:-1"},"canonical":"https:\/\/narteks.net\/index.php\/2009\/03\/13\/melik-serif-duzu-turkusu\/","og_locale":"tr_TR","og_type":"article","og_title":"Melik \u015eerif D\u00fcz\u00fc T\u00fcrk\u00fcs\u00fc","og_description":"Melik \u015eerif D\u00fcz\u00fc T\u00fcrk\u00fcs\u00fc Doksan \u00fc\u00e7 muhacirlerinden bir kafile Refahiye\u2019nin (yurtba\u015f\u0131) k\u00f6y\u00fc y\u00f6resine ge\u00e7i\u00e7i bir s\u00fcre i\u00e7in yer de\u011fi\u015ftirmi\u015f. Bu kafilenin, \u015eahin isminde, zengin iki evli bir a\u011fas\u0131 varm\u0131\u015f. Melik\u015ferif K\u00f6y\u00fc\u2019n\u00fcn a\u011fas\u0131 ise \u0130sak Bey ad\u0131nda biriymi\u015f. \u0130sak Bey\u2019in Ak Han\u0131m ve Zeynep ad\u0131nda iki k\u0131z\u0131, \u015eevket Bey ad\u0131nda bir de o\u011flu varm\u0131\u015f. \u015eamil, \u0130sak [&hellip;]","og_url":"https:\/\/narteks.net\/index.php\/2009\/03\/13\/melik-serif-duzu-turkusu\/","og_site_name":"narteks.net","article_published_time":"2009-03-13T20:00:40+00:00","og_image":[{"width":300,"height":90,"url":"https:\/\/narteks.net\/wp-content\/uploads\/narteks.png","type":"image\/png"}],"author":"Tar\u0131k","twitter_card":"summary_large_image","twitter_creator":"@narteks","twitter_site":"@narteks","twitter_misc":{"Yazan:":"Tar\u0131k","Tahmini okuma s\u00fcresi":"3 dakika"},"schema":{"@context":"https:\/\/schema.org","@graph":[{"@type":"Article","@id":"https:\/\/narteks.net\/index.php\/2009\/03\/13\/melik-serif-duzu-turkusu\/#article","isPartOf":{"@id":"https:\/\/narteks.net\/index.php\/2009\/03\/13\/melik-serif-duzu-turkusu\/"},"author":{"name":"Tar\u0131k","@id":"https:\/\/narteks.net\/#\/schema\/person\/61f37d9834294b72d31d274e7ed79bca"},"headline":"Melik \u015eerif D\u00fcz\u00fc T\u00fcrk\u00fcs\u00fc","datePublished":"2009-03-13T20:00:40+00:00","mainEntityOfPage":{"@id":"https:\/\/narteks.net\/index.php\/2009\/03\/13\/melik-serif-duzu-turkusu\/"},"wordCount":559,"commentCount":0,"publisher":{"@id":"https:\/\/narteks.net\/#organization"},"articleSection":["\u00d6yk\u00fcleriyle T\u00fcrk\u00fcler"],"inLanguage":"tr","potentialAction":[{"@type":"CommentAction","name":"Comment","target":["https:\/\/narteks.net\/index.php\/2009\/03\/13\/melik-serif-duzu-turkusu\/#respond"]}]},{"@type":"WebPage","@id":"https:\/\/narteks.net\/index.php\/2009\/03\/13\/melik-serif-duzu-turkusu\/","url":"https:\/\/narteks.net\/index.php\/2009\/03\/13\/melik-serif-duzu-turkusu\/","name":"Melik \u015eerif D\u00fcz\u00fc T\u00fcrk\u00fcs\u00fc - narteks.net","isPartOf":{"@id":"https:\/\/narteks.net\/#website"},"datePublished":"2009-03-13T20:00:40+00:00","breadcrumb":{"@id":"https:\/\/narteks.net\/index.php\/2009\/03\/13\/melik-serif-duzu-turkusu\/#breadcrumb"},"inLanguage":"tr","potentialAction":[{"@type":"ReadAction","target":["https:\/\/narteks.net\/index.php\/2009\/03\/13\/melik-serif-duzu-turkusu\/"]}]},{"@type":"BreadcrumbList","@id":"https:\/\/narteks.net\/index.php\/2009\/03\/13\/melik-serif-duzu-turkusu\/#breadcrumb","itemListElement":[{"@type":"ListItem","position":1,"name":"Anasayfa","item":"https:\/\/narteks.net\/"},{"@type":"ListItem","position":2,"name":"Melik \u015eerif D\u00fcz\u00fc T\u00fcrk\u00fcs\u00fc"}]},{"@type":"WebSite","@id":"https:\/\/narteks.net\/#website","url":"https:\/\/narteks.net\/","name":"narteks.net","description":"K\u00fclt\u00fcr Sanat Edebiyat Felsefe","publisher":{"@id":"https:\/\/narteks.net\/#organization"},"alternateName":"K\u00fclt\u00fcr Sanat Edebiyat Felsefe","potentialAction":[{"@type":"SearchAction","target":{"@type":"EntryPoint","urlTemplate":"https:\/\/narteks.net\/?s={search_term_string}"},"query-input":{"@type":"PropertyValueSpecification","valueRequired":true,"valueName":"search_term_string"}}],"inLanguage":"tr"},{"@type":"Organization","@id":"https:\/\/narteks.net\/#organization","name":"narteks.net","url":"https:\/\/narteks.net\/","logo":{"@type":"ImageObject","inLanguage":"tr","@id":"https:\/\/narteks.net\/#\/schema\/logo\/image\/","url":"https:\/\/narteks.net\/wp-content\/uploads\/narteks.png","contentUrl":"https:\/\/narteks.net\/wp-content\/uploads\/narteks.png","width":300,"height":90,"caption":"narteks.net"},"image":{"@id":"https:\/\/narteks.net\/#\/schema\/logo\/image\/"},"sameAs":["https:\/\/x.com\/narteks","https:\/\/instagram.com\/narteksnet"]},{"@type":"Person","@id":"https:\/\/narteks.net\/#\/schema\/person\/61f37d9834294b72d31d274e7ed79bca","name":"Tar\u0131k","image":{"@type":"ImageObject","inLanguage":"tr","@id":"https:\/\/narteks.net\/#\/schema\/person\/image\/","url":"https:\/\/secure.gravatar.com\/avatar\/50865afb55632c4ae467e0af0930f6510aa2297d8014be502a55b14f3b7550cf?s=96&d=mm&r=g","contentUrl":"https:\/\/secure.gravatar.com\/avatar\/50865afb55632c4ae467e0af0930f6510aa2297d8014be502a55b14f3b7550cf?s=96&d=mm&r=g","caption":"Tar\u0131k"},"sameAs":["http:\/\/narteks.net"],"url":"https:\/\/narteks.net\/index.php\/author\/narbak\/"}]}},"_links":{"self":[{"href":"https:\/\/narteks.net\/index.php\/wp-json\/wp\/v2\/posts\/444","targetHints":{"allow":["GET"]}}],"collection":[{"href":"https:\/\/narteks.net\/index.php\/wp-json\/wp\/v2\/posts"}],"about":[{"href":"https:\/\/narteks.net\/index.php\/wp-json\/wp\/v2\/types\/post"}],"author":[{"embeddable":true,"href":"https:\/\/narteks.net\/index.php\/wp-json\/wp\/v2\/users\/1"}],"replies":[{"embeddable":true,"href":"https:\/\/narteks.net\/index.php\/wp-json\/wp\/v2\/comments?post=444"}],"version-history":[{"count":0,"href":"https:\/\/narteks.net\/index.php\/wp-json\/wp\/v2\/posts\/444\/revisions"}],"wp:attachment":[{"href":"https:\/\/narteks.net\/index.php\/wp-json\/wp\/v2\/media?parent=444"}],"wp:term":[{"taxonomy":"category","embeddable":true,"href":"https:\/\/narteks.net\/index.php\/wp-json\/wp\/v2\/categories?post=444"},{"taxonomy":"post_tag","embeddable":true,"href":"https:\/\/narteks.net\/index.php\/wp-json\/wp\/v2\/tags?post=444"}],"curies":[{"name":"wp","href":"https:\/\/api.w.org\/{rel}","templated":true}]}}