{"id":4441,"date":"2010-04-07T09:40:54","date_gmt":"2010-04-07T06:40:54","guid":{"rendered":"http:\/\/localhost\/wordpress\/2010\/04\/07\/sadece-sizin-anlattiklariniza-inandim-bereket-albumu-ve-grup-kibele\/"},"modified":"2010-04-07T09:40:54","modified_gmt":"2010-04-07T06:40:54","slug":"sadece-sizin-anlattiklariniza-inandim-bereket-albumu-ve-grup-kibele","status":"publish","type":"post","link":"https:\/\/narteks.net\/index.php\/2010\/04\/07\/sadece-sizin-anlattiklariniza-inandim-bereket-albumu-ve-grup-kibele\/","title":{"rendered":"Sadece sizin anlatt\u0131klar\u0131n\u0131za inand\u0131m&#8230;| Bereket Alb\u00fcm\u00fc ve Grup Kibele"},"content":{"rendered":"<p style=\"text-align: justify;\"><img loading=\"lazy\" decoding=\"async\" src=\"images\/stories\/grupkibele-bereket-1.jpg\" border=\"0\" width=\"155\" height=\"205\" style=\"float: left;\" \/>Bereket,bolluk ve \u00fcretim. Belki de bu topraklarda hi\u00e7 durmadan \u00fcretilen ve bu g\u00fcnlere tazeli\u011fiyle ula\u015fan tek \u015fey, ezgiler, demeler&#8230;<br \/>Biz de 11 y\u0131l \u00f6nce t\u00fcrk\u00fclerle tan\u0131\u015fmaya, kayna\u015fmaya ve yol ald\u0131k\u00e7a y\u00f6re y\u00f6re dola\u015fmaya ba\u015flad\u0131k. H\u00fcz\u00fcnl\u00fc, umutlu, co\u015fkulu, ba\u011f\u0131r \u00e7a\u011f\u0131r bazen de usul usul bir y\u00fcr\u00fcy\u00fc\u015ft\u00fc, her durakta kar\u015f\u0131la\u015ft\u0131\u011f\u0131m\u0131z duygu.<br \/>Sahne ald\u0131\u011f\u0131m\u0131z Fikrim Barda bizimle bu duygular\u0131 payla\u015fan dinleyicilerin \u00f6zlemi ile bu alb\u00fcm olu\u015ftu.<br \/>Anadolu ve Mezopotamya bunca y\u0131l bir\u00e7ok kadim halklara ev sahipli\u011fi yapt\u0131 ve onlara kucak a\u00e7t\u0131.<br \/>Bu topraklarda ye\u015feren k\u00fclt\u00fcre kimisi folklorunu kimisi dilini kimisi de inan\u00e7lar\u0131n\u0131 b\u0131rakt\u0131. Ama hepsi anayurdundan ayr\u0131l\u0131rken hasretini ve sesini b\u0131rakmay\u0131 ihmal etmedi. Mezopotamyan\u0131n \u00f6z\u00fcndeki gizler \u00e7\u00f6z\u00fclecek gibi de\u011fil&#8230;<\/p>\n<p style=\"text-align: justify;\">\u00c7\u00fcnk\u00fc insanlar hayallerini hep orada ye\u015fertmeyi denedi. D\u00fc\u015f\u00fcnsenizie Kibele t\u00fcm bereketini Anadaolu&#8217;ya yayd\u0131 ve kadim halklar bundan nasiplendi. Bu bereketin yine bu topraklara bar\u0131\u015f ve \u00f6zg\u00fcrl\u00fck getirmesini, a\u015fklar\u0131n ve sevdalar\u0131n korkusuzca ya\u015fanmas\u0131n\u0131 ve stranlar\u0131n, deyi\u015flerin, halaylar\u0131n, a\u011f\u0131tlar\u0131n, t\u00fcrk\u00fclerin bu sevdalara rehberlik etmesini diliyoruz.<\/p>\n<p><strong>Grup \u00dcyeleri<\/strong><\/p>\n<p>\u00a0<\/p>\n<p style=\"text-align: justify;\">Vokal Tu\u011f\u00e7e \u00c7OLPAN<br \/>Vokal-Erbane Rezan B\u0130LG\u0130N<br \/>Ba\u011flama Kerem YILMAZ<br \/>Bas Gitar Abdurrahman TAR\u0130K\u00c7\u0130<br \/>Klarnet Recep PARLAR<br \/>Klasik Gitar Sava\u015f T\u00fcrkdo\u011fan<br \/>Perk\u00fcsyon Veysel ATE\u015e<br \/>Perk\u00fcsyon Adem ACAR<\/p>\n<p style=\"text-align: justify;\">\u00a0<\/p>\n<p>\n<object width=\"400\" height=\"300\" data=\"http:\/\/www.humyo.com\/E\/10422871-281475396210581\/10422871-281475396211443\/10422871-281475396216427\/10422871-281475396212113\/10422871-281475396212499\/10422871-281475396212895\/10422871-281475396213393\/10422871-281475396214047\/10422871-281475396214819\/10422871-281475396215341\/10422871-281475396215749\/10422871-281475396216079?a=jOdy6nljTv4%2CTmtIkF0NEfA%2CCY9Y49ez8kc%2C37nGE5dJuP4%2Ck2_gYPaRl74%2C8JJTRMtTCO4%2CLITn4qcvzfM%2CxOJGhiFnhlc%2C9QIOU8uYtXg%2CFgfJkzbffLk%2CfmrrX1-m4Mk%2CgdByN4sYHIo\" type=\"application\/x-shockwave-flash\"><param name=\"flashvars\" value=\"autostart=true&amp;usefullscreen=true&amp;\" \/><param name=\"src\" value=\"http:\/\/www.humyo.com\/E\/10422871-281475396210581\/10422871-281475396211443\/10422871-281475396216427\/10422871-281475396212113\/10422871-281475396212499\/10422871-281475396212895\/10422871-281475396213393\/10422871-281475396214047\/10422871-281475396214819\/10422871-281475396215341\/10422871-281475396215749\/10422871-281475396216079?a=jOdy6nljTv4%2CTmtIkF0NEfA%2CCY9Y49ez8kc%2C37nGE5dJuP4%2Ck2_gYPaRl74%2C8JJTRMtTCO4%2CLITn4qcvzfM%2CxOJGhiFnhlc%2C9QIOU8uYtXg%2CFgfJkzbffLk%2CfmrrX1-m4Mk%2CgdByN4sYHIo\" \/><param name=\"allowfullscreen\" value=\"true\" \/><\/object><\/p>\n","protected":false},"excerpt":{"rendered":"<p>Bereket,bolluk ve \u00fcretim. Belki de bu topraklarda hi\u00e7 durmadan \u00fcretilen ve bu g\u00fcnlere tazeli\u011fiyle ula\u015fan tek \u015fey, ezgiler, demeler&#8230;Biz de 11 y\u0131l \u00f6nce t\u00fcrk\u00fclerle tan\u0131\u015fmaya, kayna\u015fmaya ve yol ald\u0131k\u00e7a y\u00f6re y\u00f6re dola\u015fmaya ba\u015flad\u0131k. H\u00fcz\u00fcnl\u00fc, umutlu, co\u015fkulu, ba\u011f\u0131r \u00e7a\u011f\u0131r bazen de usul usul bir y\u00fcr\u00fcy\u00fc\u015ft\u00fc, her durakta kar\u015f\u0131la\u015ft\u0131\u011f\u0131m\u0131z duygu.Sahne ald\u0131\u011f\u0131m\u0131z Fikrim Barda bizimle bu duygular\u0131 payla\u015fan [&hellip;]<\/p>\n","protected":false},"author":1,"featured_media":0,"comment_status":"open","ping_status":"open","sticky":false,"template":"","format":"standard","meta":{"footnotes":""},"categories":[127],"tags":[],"class_list":{"0":"post-4441","1":"post","2":"type-post","3":"status-publish","4":"format-standard","6":"category-muzik-gruplari"},"yoast_head":"<!-- This site is optimized with the Yoast SEO Premium plugin v24.9 (Yoast SEO v24.9) - https:\/\/yoast.com\/wordpress\/plugins\/seo\/ -->\n<title>Sadece sizin anlatt\u0131klar\u0131n\u0131za inand\u0131m...| Bereket Alb\u00fcm\u00fc ve Grup Kibele - narteks.net<\/title>\n<meta name=\"robots\" content=\"index, follow, max-snippet:-1, max-image-preview:large, max-video-preview:-1\" \/>\n<link rel=\"canonical\" href=\"https:\/\/narteks.net\/index.php\/2010\/04\/07\/sadece-sizin-anlattiklariniza-inandim-bereket-albumu-ve-grup-kibele\/\" \/>\n<meta property=\"og:locale\" content=\"tr_TR\" \/>\n<meta property=\"og:type\" content=\"article\" \/>\n<meta property=\"og:title\" content=\"Sadece sizin anlatt\u0131klar\u0131n\u0131za inand\u0131m...| Bereket Alb\u00fcm\u00fc ve Grup Kibele\" \/>\n<meta property=\"og:description\" content=\"Bereket,bolluk ve \u00fcretim. Belki de bu topraklarda hi\u00e7 durmadan \u00fcretilen ve bu g\u00fcnlere tazeli\u011fiyle ula\u015fan tek \u015fey, ezgiler, demeler&#8230;Biz de 11 y\u0131l \u00f6nce t\u00fcrk\u00fclerle tan\u0131\u015fmaya, kayna\u015fmaya ve yol ald\u0131k\u00e7a y\u00f6re y\u00f6re dola\u015fmaya ba\u015flad\u0131k. H\u00fcz\u00fcnl\u00fc, umutlu, co\u015fkulu, ba\u011f\u0131r \u00e7a\u011f\u0131r bazen de usul usul bir y\u00fcr\u00fcy\u00fc\u015ft\u00fc, her durakta kar\u015f\u0131la\u015ft\u0131\u011f\u0131m\u0131z duygu.Sahne ald\u0131\u011f\u0131m\u0131z Fikrim Barda bizimle bu duygular\u0131 payla\u015fan [&hellip;]\" \/>\n<meta property=\"og:url\" content=\"https:\/\/narteks.net\/index.php\/2010\/04\/07\/sadece-sizin-anlattiklariniza-inandim-bereket-albumu-ve-grup-kibele\/\" \/>\n<meta property=\"og:site_name\" content=\"narteks.net\" \/>\n<meta property=\"article:published_time\" content=\"2010-04-07T06:40:54+00:00\" \/>\n<meta property=\"og:image\" content=\"https:\/\/narteks.net\/wp-content\/uploads\/narteks.png\" \/>\n\t<meta property=\"og:image:width\" content=\"300\" \/>\n\t<meta property=\"og:image:height\" content=\"90\" \/>\n\t<meta property=\"og:image:type\" content=\"image\/png\" \/>\n<meta name=\"author\" content=\"Tar\u0131k\" \/>\n<meta name=\"twitter:card\" content=\"summary_large_image\" \/>\n<meta name=\"twitter:creator\" content=\"@narteks\" \/>\n<meta name=\"twitter:site\" content=\"@narteks\" \/>\n<meta name=\"twitter:label1\" content=\"Yazan:\" \/>\n\t<meta name=\"twitter:data1\" content=\"Tar\u0131k\" \/>\n\t<meta name=\"twitter:label2\" content=\"Tahmini okuma s\u00fcresi\" \/>\n\t<meta name=\"twitter:data2\" content=\"1 dakika\" \/>\n<script type=\"application\/ld+json\" class=\"yoast-schema-graph\">{\"@context\":\"https:\/\/schema.org\",\"@graph\":[{\"@type\":\"Article\",\"@id\":\"https:\/\/narteks.net\/index.php\/2010\/04\/07\/sadece-sizin-anlattiklariniza-inandim-bereket-albumu-ve-grup-kibele\/#article\",\"isPartOf\":{\"@id\":\"https:\/\/narteks.net\/index.php\/2010\/04\/07\/sadece-sizin-anlattiklariniza-inandim-bereket-albumu-ve-grup-kibele\/\"},\"author\":{\"name\":\"Tar\u0131k\",\"@id\":\"https:\/\/narteks.net\/#\/schema\/person\/61f37d9834294b72d31d274e7ed79bca\"},\"headline\":\"Sadece sizin anlatt\u0131klar\u0131n\u0131za inand\u0131m&#8230;| Bereket Alb\u00fcm\u00fc ve Grup Kibele\",\"datePublished\":\"2010-04-07T06:40:54+00:00\",\"mainEntityOfPage\":{\"@id\":\"https:\/\/narteks.net\/index.php\/2010\/04\/07\/sadece-sizin-anlattiklariniza-inandim-bereket-albumu-ve-grup-kibele\/\"},\"wordCount\":261,\"commentCount\":0,\"publisher\":{\"@id\":\"https:\/\/narteks.net\/#organization\"},\"articleSection\":[\"M\u00fczik Gruplar\u0131\"],\"inLanguage\":\"tr\",\"potentialAction\":[{\"@type\":\"CommentAction\",\"name\":\"Comment\",\"target\":[\"https:\/\/narteks.net\/index.php\/2010\/04\/07\/sadece-sizin-anlattiklariniza-inandim-bereket-albumu-ve-grup-kibele\/#respond\"]}]},{\"@type\":\"WebPage\",\"@id\":\"https:\/\/narteks.net\/index.php\/2010\/04\/07\/sadece-sizin-anlattiklariniza-inandim-bereket-albumu-ve-grup-kibele\/\",\"url\":\"https:\/\/narteks.net\/index.php\/2010\/04\/07\/sadece-sizin-anlattiklariniza-inandim-bereket-albumu-ve-grup-kibele\/\",\"name\":\"Sadece sizin anlatt\u0131klar\u0131n\u0131za inand\u0131m...| Bereket Alb\u00fcm\u00fc ve Grup Kibele - narteks.net\",\"isPartOf\":{\"@id\":\"https:\/\/narteks.net\/#website\"},\"datePublished\":\"2010-04-07T06:40:54+00:00\",\"breadcrumb\":{\"@id\":\"https:\/\/narteks.net\/index.php\/2010\/04\/07\/sadece-sizin-anlattiklariniza-inandim-bereket-albumu-ve-grup-kibele\/#breadcrumb\"},\"inLanguage\":\"tr\",\"potentialAction\":[{\"@type\":\"ReadAction\",\"target\":[\"https:\/\/narteks.net\/index.php\/2010\/04\/07\/sadece-sizin-anlattiklariniza-inandim-bereket-albumu-ve-grup-kibele\/\"]}]},{\"@type\":\"BreadcrumbList\",\"@id\":\"https:\/\/narteks.net\/index.php\/2010\/04\/07\/sadece-sizin-anlattiklariniza-inandim-bereket-albumu-ve-grup-kibele\/#breadcrumb\",\"itemListElement\":[{\"@type\":\"ListItem\",\"position\":1,\"name\":\"Anasayfa\",\"item\":\"https:\/\/narteks.net\/\"},{\"@type\":\"ListItem\",\"position\":2,\"name\":\"Sadece sizin anlatt\u0131klar\u0131n\u0131za inand\u0131m&#8230;| Bereket Alb\u00fcm\u00fc ve Grup Kibele\"}]},{\"@type\":\"WebSite\",\"@id\":\"https:\/\/narteks.net\/#website\",\"url\":\"https:\/\/narteks.net\/\",\"name\":\"narteks.net\",\"description\":\"K\u00fclt\u00fcr Sanat Edebiyat Felsefe\",\"publisher\":{\"@id\":\"https:\/\/narteks.net\/#organization\"},\"alternateName\":\"K\u00fclt\u00fcr Sanat Edebiyat Felsefe\",\"potentialAction\":[{\"@type\":\"SearchAction\",\"target\":{\"@type\":\"EntryPoint\",\"urlTemplate\":\"https:\/\/narteks.net\/?s={search_term_string}\"},\"query-input\":{\"@type\":\"PropertyValueSpecification\",\"valueRequired\":true,\"valueName\":\"search_term_string\"}}],\"inLanguage\":\"tr\"},{\"@type\":\"Organization\",\"@id\":\"https:\/\/narteks.net\/#organization\",\"name\":\"narteks.net\",\"url\":\"https:\/\/narteks.net\/\",\"logo\":{\"@type\":\"ImageObject\",\"inLanguage\":\"tr\",\"@id\":\"https:\/\/narteks.net\/#\/schema\/logo\/image\/\",\"url\":\"https:\/\/narteks.net\/wp-content\/uploads\/narteks.png\",\"contentUrl\":\"https:\/\/narteks.net\/wp-content\/uploads\/narteks.png\",\"width\":300,\"height\":90,\"caption\":\"narteks.net\"},\"image\":{\"@id\":\"https:\/\/narteks.net\/#\/schema\/logo\/image\/\"},\"sameAs\":[\"https:\/\/x.com\/narteks\",\"https:\/\/instagram.com\/narteksnet\"]},{\"@type\":\"Person\",\"@id\":\"https:\/\/narteks.net\/#\/schema\/person\/61f37d9834294b72d31d274e7ed79bca\",\"name\":\"Tar\u0131k\",\"image\":{\"@type\":\"ImageObject\",\"inLanguage\":\"tr\",\"@id\":\"https:\/\/narteks.net\/#\/schema\/person\/image\/\",\"url\":\"https:\/\/secure.gravatar.com\/avatar\/50865afb55632c4ae467e0af0930f6510aa2297d8014be502a55b14f3b7550cf?s=96&d=mm&r=g\",\"contentUrl\":\"https:\/\/secure.gravatar.com\/avatar\/50865afb55632c4ae467e0af0930f6510aa2297d8014be502a55b14f3b7550cf?s=96&d=mm&r=g\",\"caption\":\"Tar\u0131k\"},\"sameAs\":[\"http:\/\/narteks.net\"],\"url\":\"https:\/\/narteks.net\/index.php\/author\/narbak\/\"}]}<\/script>\n<!-- \/ Yoast SEO Premium plugin. -->","yoast_head_json":{"title":"Sadece sizin anlatt\u0131klar\u0131n\u0131za inand\u0131m...| Bereket Alb\u00fcm\u00fc ve Grup Kibele - narteks.net","robots":{"index":"index","follow":"follow","max-snippet":"max-snippet:-1","max-image-preview":"max-image-preview:large","max-video-preview":"max-video-preview:-1"},"canonical":"https:\/\/narteks.net\/index.php\/2010\/04\/07\/sadece-sizin-anlattiklariniza-inandim-bereket-albumu-ve-grup-kibele\/","og_locale":"tr_TR","og_type":"article","og_title":"Sadece sizin anlatt\u0131klar\u0131n\u0131za inand\u0131m...| Bereket Alb\u00fcm\u00fc ve Grup Kibele","og_description":"Bereket,bolluk ve \u00fcretim. Belki de bu topraklarda hi\u00e7 durmadan \u00fcretilen ve bu g\u00fcnlere tazeli\u011fiyle ula\u015fan tek \u015fey, ezgiler, demeler&#8230;Biz de 11 y\u0131l \u00f6nce t\u00fcrk\u00fclerle tan\u0131\u015fmaya, kayna\u015fmaya ve yol ald\u0131k\u00e7a y\u00f6re y\u00f6re dola\u015fmaya ba\u015flad\u0131k. H\u00fcz\u00fcnl\u00fc, umutlu, co\u015fkulu, ba\u011f\u0131r \u00e7a\u011f\u0131r bazen de usul usul bir y\u00fcr\u00fcy\u00fc\u015ft\u00fc, her durakta kar\u015f\u0131la\u015ft\u0131\u011f\u0131m\u0131z duygu.Sahne ald\u0131\u011f\u0131m\u0131z Fikrim Barda bizimle bu duygular\u0131 payla\u015fan [&hellip;]","og_url":"https:\/\/narteks.net\/index.php\/2010\/04\/07\/sadece-sizin-anlattiklariniza-inandim-bereket-albumu-ve-grup-kibele\/","og_site_name":"narteks.net","article_published_time":"2010-04-07T06:40:54+00:00","og_image":[{"width":300,"height":90,"url":"https:\/\/narteks.net\/wp-content\/uploads\/narteks.png","type":"image\/png"}],"author":"Tar\u0131k","twitter_card":"summary_large_image","twitter_creator":"@narteks","twitter_site":"@narteks","twitter_misc":{"Yazan:":"Tar\u0131k","Tahmini okuma s\u00fcresi":"1 dakika"},"schema":{"@context":"https:\/\/schema.org","@graph":[{"@type":"Article","@id":"https:\/\/narteks.net\/index.php\/2010\/04\/07\/sadece-sizin-anlattiklariniza-inandim-bereket-albumu-ve-grup-kibele\/#article","isPartOf":{"@id":"https:\/\/narteks.net\/index.php\/2010\/04\/07\/sadece-sizin-anlattiklariniza-inandim-bereket-albumu-ve-grup-kibele\/"},"author":{"name":"Tar\u0131k","@id":"https:\/\/narteks.net\/#\/schema\/person\/61f37d9834294b72d31d274e7ed79bca"},"headline":"Sadece sizin anlatt\u0131klar\u0131n\u0131za inand\u0131m&#8230;| Bereket Alb\u00fcm\u00fc ve Grup Kibele","datePublished":"2010-04-07T06:40:54+00:00","mainEntityOfPage":{"@id":"https:\/\/narteks.net\/index.php\/2010\/04\/07\/sadece-sizin-anlattiklariniza-inandim-bereket-albumu-ve-grup-kibele\/"},"wordCount":261,"commentCount":0,"publisher":{"@id":"https:\/\/narteks.net\/#organization"},"articleSection":["M\u00fczik Gruplar\u0131"],"inLanguage":"tr","potentialAction":[{"@type":"CommentAction","name":"Comment","target":["https:\/\/narteks.net\/index.php\/2010\/04\/07\/sadece-sizin-anlattiklariniza-inandim-bereket-albumu-ve-grup-kibele\/#respond"]}]},{"@type":"WebPage","@id":"https:\/\/narteks.net\/index.php\/2010\/04\/07\/sadece-sizin-anlattiklariniza-inandim-bereket-albumu-ve-grup-kibele\/","url":"https:\/\/narteks.net\/index.php\/2010\/04\/07\/sadece-sizin-anlattiklariniza-inandim-bereket-albumu-ve-grup-kibele\/","name":"Sadece sizin anlatt\u0131klar\u0131n\u0131za inand\u0131m...| Bereket Alb\u00fcm\u00fc ve Grup Kibele - narteks.net","isPartOf":{"@id":"https:\/\/narteks.net\/#website"},"datePublished":"2010-04-07T06:40:54+00:00","breadcrumb":{"@id":"https:\/\/narteks.net\/index.php\/2010\/04\/07\/sadece-sizin-anlattiklariniza-inandim-bereket-albumu-ve-grup-kibele\/#breadcrumb"},"inLanguage":"tr","potentialAction":[{"@type":"ReadAction","target":["https:\/\/narteks.net\/index.php\/2010\/04\/07\/sadece-sizin-anlattiklariniza-inandim-bereket-albumu-ve-grup-kibele\/"]}]},{"@type":"BreadcrumbList","@id":"https:\/\/narteks.net\/index.php\/2010\/04\/07\/sadece-sizin-anlattiklariniza-inandim-bereket-albumu-ve-grup-kibele\/#breadcrumb","itemListElement":[{"@type":"ListItem","position":1,"name":"Anasayfa","item":"https:\/\/narteks.net\/"},{"@type":"ListItem","position":2,"name":"Sadece sizin anlatt\u0131klar\u0131n\u0131za inand\u0131m&#8230;| Bereket Alb\u00fcm\u00fc ve Grup Kibele"}]},{"@type":"WebSite","@id":"https:\/\/narteks.net\/#website","url":"https:\/\/narteks.net\/","name":"narteks.net","description":"K\u00fclt\u00fcr Sanat Edebiyat Felsefe","publisher":{"@id":"https:\/\/narteks.net\/#organization"},"alternateName":"K\u00fclt\u00fcr Sanat Edebiyat Felsefe","potentialAction":[{"@type":"SearchAction","target":{"@type":"EntryPoint","urlTemplate":"https:\/\/narteks.net\/?s={search_term_string}"},"query-input":{"@type":"PropertyValueSpecification","valueRequired":true,"valueName":"search_term_string"}}],"inLanguage":"tr"},{"@type":"Organization","@id":"https:\/\/narteks.net\/#organization","name":"narteks.net","url":"https:\/\/narteks.net\/","logo":{"@type":"ImageObject","inLanguage":"tr","@id":"https:\/\/narteks.net\/#\/schema\/logo\/image\/","url":"https:\/\/narteks.net\/wp-content\/uploads\/narteks.png","contentUrl":"https:\/\/narteks.net\/wp-content\/uploads\/narteks.png","width":300,"height":90,"caption":"narteks.net"},"image":{"@id":"https:\/\/narteks.net\/#\/schema\/logo\/image\/"},"sameAs":["https:\/\/x.com\/narteks","https:\/\/instagram.com\/narteksnet"]},{"@type":"Person","@id":"https:\/\/narteks.net\/#\/schema\/person\/61f37d9834294b72d31d274e7ed79bca","name":"Tar\u0131k","image":{"@type":"ImageObject","inLanguage":"tr","@id":"https:\/\/narteks.net\/#\/schema\/person\/image\/","url":"https:\/\/secure.gravatar.com\/avatar\/50865afb55632c4ae467e0af0930f6510aa2297d8014be502a55b14f3b7550cf?s=96&d=mm&r=g","contentUrl":"https:\/\/secure.gravatar.com\/avatar\/50865afb55632c4ae467e0af0930f6510aa2297d8014be502a55b14f3b7550cf?s=96&d=mm&r=g","caption":"Tar\u0131k"},"sameAs":["http:\/\/narteks.net"],"url":"https:\/\/narteks.net\/index.php\/author\/narbak\/"}]}},"_links":{"self":[{"href":"https:\/\/narteks.net\/index.php\/wp-json\/wp\/v2\/posts\/4441","targetHints":{"allow":["GET"]}}],"collection":[{"href":"https:\/\/narteks.net\/index.php\/wp-json\/wp\/v2\/posts"}],"about":[{"href":"https:\/\/narteks.net\/index.php\/wp-json\/wp\/v2\/types\/post"}],"author":[{"embeddable":true,"href":"https:\/\/narteks.net\/index.php\/wp-json\/wp\/v2\/users\/1"}],"replies":[{"embeddable":true,"href":"https:\/\/narteks.net\/index.php\/wp-json\/wp\/v2\/comments?post=4441"}],"version-history":[{"count":0,"href":"https:\/\/narteks.net\/index.php\/wp-json\/wp\/v2\/posts\/4441\/revisions"}],"wp:attachment":[{"href":"https:\/\/narteks.net\/index.php\/wp-json\/wp\/v2\/media?parent=4441"}],"wp:term":[{"taxonomy":"category","embeddable":true,"href":"https:\/\/narteks.net\/index.php\/wp-json\/wp\/v2\/categories?post=4441"},{"taxonomy":"post_tag","embeddable":true,"href":"https:\/\/narteks.net\/index.php\/wp-json\/wp\/v2\/tags?post=4441"}],"curies":[{"name":"wp","href":"https:\/\/api.w.org\/{rel}","templated":true}]}}