{"id":4443,"date":"2010-04-07T16:47:28","date_gmt":"2010-04-07T13:47:28","guid":{"rendered":"http:\/\/localhost\/wordpress\/2010\/04\/07\/yalnz-kalma-korkusu-osho\/"},"modified":"2010-04-07T16:47:28","modified_gmt":"2010-04-07T13:47:28","slug":"yalnz-kalma-korkusu-osho","status":"publish","type":"post","link":"https:\/\/narteks.net\/index.php\/2010\/04\/07\/yalnz-kalma-korkusu-osho\/","title":{"rendered":"Yaln\u0131z Kalma Korkusu | Osho"},"content":{"rendered":"<p style=\"text-align: justify;\"><img loading=\"lazy\" decoding=\"async\" style=\"float: left;\" src=\"http:\/\/t2.gstatic.com\/images?q=tbn:ZTfK1hpsZE_QwM:http:\/\/www.kuteer.de\/osho36.jpg\" width=\"155\" height=\"205\" border=\"0\" \/>Hi\u00e7 kimse varolu\u015fun olmas\u0131n\u0131 hedefledi\u011fi ki\u015fi de\u011fildir. Toplum, k\u00fclt\u00fcr, din ve e\u011fitim sistemi, masum \u00e7ocuklara kar\u015f\u0131 gizli bir ittifak i\u00e7indedir.<\/p>\n<p>B\u00fct\u00fcn g\u00fc\u00e7 onlarda; \u00e7ocuk \u00e7aresiz ve ba\u011f\u0131ml\u0131, o y\u00fczden onu istedikleri gibi \u015fekillendirmeyi ba\u015far\u0131yorlar. \u00c7ocu\u011fun kendi do\u011fal y\u00f6nelimi do\u011frultusunda geli\u015fmesine izin vermiyorlar. B\u00fct\u00fcn \u00e7abalar\u0131 insanlar\u0131 kullan\u0131lacak metalara \u00e7evirmektir. \u00c7ocu\u011fun kendi ba\u015f\u0131na b\u00fcy\u00fcmesine izin verirlerse, kendi \u00e7\u0131karlar\u0131 i\u00e7in kullan\u0131p kullanamayacaklar\u0131n\u0131, yat\u0131r\u0131mlar\u0131n\u0131n bo\u015fa gidip gitmeyece\u011fini kimse bilemez. Toplum b\u00f6yle bir riski g\u00f6ze almaya haz\u0131r de\u011fildir. \u00c7ocu\u011fu ku\u015fat\u0131r ve toplumun ihtiyac\u0131 olan \u015fekildeki bir kal\u0131ba d\u00f6kmeye ba\u015flar.<\/p>\n<p>Yani bir anlamda, \u00e7ocu\u011fun ruhunu \u00f6ld\u00fcr\u00fcp, ruhunun ve \u00f6z benli\u011finin eksikli\u011fini hissetmemesi i\u00e7in ona sahte bir kimlik verirler. Bu sahte kimlik ger\u00e7e\u011finin yerine konulmu\u015f olan bir \u015feydir. Ancak ger\u00e7e\u011finin yerine konulmu\u015f olan bu kimlik sadece onu sana vermi\u015f olan kalabal\u0131k i\u00e7inde i\u015fe yarar. Tek ba\u015f\u0131na kald\u0131\u011f\u0131n an, sahte olan kimlik par\u00e7alanmaya ve bast\u0131r\u0131lm\u0131\u015f olan ger\u00e7ek kimlik kendini ifade etmeye ba\u015flar. Yaln\u0131z kalma korkusu budur.<\/p>\n<p>Hi\u00e7 kimse tek ba\u015f\u0131na olmak istemez. Herkes bir kalabal\u0131\u011fa ait olmak ister; sadece tek bir kalabal\u0131\u011fa da de\u011fil, bir\u00e7ok kalabal\u0131\u011fa. Ki\u015fi, dini bir kalabal\u0131\u011fa, bir siyasi partiye, bir rotary kul\u00fcb\u00fcne ait olur ve daha ait olunacak bir s\u00fcr\u00fc ba\u015fka k\u00fc\u00e7\u00fck gruplar da vard\u0131r. \u0130nsan g\u00fcnde yirmi d\u00f6rt saat desteklenmek ister \u00e7\u00fcnk\u00fc sahte bir destek olmadan ayakta duramaz. \u0130nsan tek ba\u015f\u0131na kald\u0131\u011f\u0131 zaman, garip bir delilik hissetmeye ba\u015flar. Y\u0131llar boyunca birisi oldu\u011funa inand\u0131n ve birden bire, tek ba\u015f\u0131na kald\u0131\u011f\u0131n zaman asl\u0131nda o ki\u015fi olmad\u0131\u011f\u0131n\u0131 hissetmeye ba\u015flars\u0131n. Bu durum korku yarat\u0131r: O zaman sen kimsin?<\/p>\n<p>Y\u0131llar s\u00fcren bask\u0131lar sonucunda, ger\u00e7ek kimli\u011finin kendini ifade etmesi zaman alacakt\u0131r. Mistikler aradaki bu zaman dilimine \u201cruhun karanl\u0131k gecesi\u201d ad\u0131n\u0131 vermi\u015ftir. \u00c7ok iyi ifade edilmi\u015f bir deyim. Art\u0131k o sahte kimlik de\u011filsin ama hen\u00fcz ger\u00e7ek kimli\u011fin de de\u011filsin. Belirsiz bir ara b\u00f6lgedesin, kim oldu\u011funu bilmiyorsun.<\/p>\n<p>\u00d6zellikle Bat\u0131 d\u00fcnyas\u0131nda bu sorun daha da karma\u015f\u0131k hale gelir \u00e7\u00fcnk\u00fc onlar ruhun karanl\u0131k gecesini k\u0131salt\u0131p ger\u00e7e\u011fe bir an \u00f6nce ula\u015fmak i\u00e7in herhangi bir metodoloji geli\u015ftirmemi\u015ftir. Bat\u0131 d\u00fcnyas\u0131 meditasyonla ilgili hi\u00e7bir \u015fey bilmemektedir. Meditasyon yaln\u0131zca tek ba\u015f\u0131na kal\u0131p, sessiz olup, ger\u00e7e\u011fin kendini g\u00f6stermesini beklemeye verilen bir add\u0131r. O bir eylem de\u011fil, sessiz bir gev\u015femedir. \u00c7\u00fcnk\u00fc ne \u201cyaparsan\u201d asl\u0131nda sahte kimli\u011fin yapacakt\u0131r. Y\u0131llar boyunca b\u00fct\u00fcn yapt\u0131klar\u0131n ondan ortaya \u00e7\u0131kt\u0131. Bu eski bir al\u0131\u015fkanl\u0131k.<\/p>\n<p>Al\u0131\u015fkanl\u0131klar zor \u00f6l\u00fcr. Y\u0131llar boyunca, sevdi\u011fin ve sayg\u0131 duydu\u011fun insanlar\u0131n sana dayatm\u0131\u015f oldu\u011fu sahte bir ki\u015filikle ya\u015f\u0131yorsun&#8230; Ve onlar bilerek sana k\u00f6t\u00fcl\u00fck yapm\u0131yorlard\u0131. Niyetleri iyiydi ancak fark\u0131ndal\u0131klar\u0131 s\u0131f\u0131rd\u0131. Onlar bilin\u00e7li de\u011fillerdi: Ebeveynlerin, \u00f6\u011fretmenlerin, rahiplerin, politikac\u0131lar\u0131n&#8230; Bilin\u00e7siz insanlard\u0131. Niyet iyi olsa bile bilin\u00e7siz insanlar\u0131n elinde bir zehre d\u00f6n\u00fc\u015f\u00fcr.<\/p>\n<p>O y\u00fczden ne zaman tek ba\u015f\u0131na kalsan, derin bir korku vard\u0131r. \u00c7\u00fcnk\u00fc sahte olan yok olmaya ba\u015fl\u0131yor. Ger\u00e7e\u011fin devreye girmesi ise biraz zaman alacakt\u0131r. Onu uzun y\u0131llar \u00f6nce kaybetmi\u015ftin. Bunca y\u0131ll\u0131k bo\u015flu\u011fun bir \u015fekilde kapanmas\u0131 gerekti\u011fini d\u00fc\u015f\u00fcnmen gerekli olacak.<\/p>\n<p>Cesaret &#8211; Osho<\/p>\n","protected":false},"excerpt":{"rendered":"<p>Hi\u00e7 kimse varolu\u015fun olmas\u0131n\u0131 hedefledi\u011fi ki\u015fi de\u011fildir. Toplum, k\u00fclt\u00fcr, din ve e\u011fitim sistemi, masum \u00e7ocuklara kar\u015f\u0131 gizli bir ittifak i\u00e7indedir. B\u00fct\u00fcn g\u00fc\u00e7 onlarda; \u00e7ocuk \u00e7aresiz ve ba\u011f\u0131ml\u0131, o y\u00fczden onu istedikleri gibi \u015fekillendirmeyi ba\u015far\u0131yorlar. \u00c7ocu\u011fun kendi do\u011fal y\u00f6nelimi do\u011frultusunda geli\u015fmesine izin vermiyorlar. B\u00fct\u00fcn \u00e7abalar\u0131 insanlar\u0131 kullan\u0131lacak metalara \u00e7evirmektir. \u00c7ocu\u011fun kendi ba\u015f\u0131na b\u00fcy\u00fcmesine izin verirlerse, kendi [&hellip;]<\/p>\n","protected":false},"author":1,"featured_media":0,"comment_status":"open","ping_status":"open","sticky":false,"template":"","format":"standard","meta":{"footnotes":""},"categories":[40],"tags":[],"class_list":{"0":"post-4443","1":"post","2":"type-post","3":"status-publish","4":"format-standard","6":"category-osho"},"yoast_head":"<!-- This site is optimized with the Yoast SEO Premium plugin v24.9 (Yoast SEO v24.9) - https:\/\/yoast.com\/wordpress\/plugins\/seo\/ -->\n<title>Yaln\u0131z Kalma Korkusu | Osho - narteks.net<\/title>\n<meta name=\"robots\" content=\"index, follow, max-snippet:-1, max-image-preview:large, max-video-preview:-1\" \/>\n<link rel=\"canonical\" href=\"https:\/\/narteks.net\/index.php\/2010\/04\/07\/yalnz-kalma-korkusu-osho\/\" \/>\n<meta property=\"og:locale\" content=\"tr_TR\" \/>\n<meta property=\"og:type\" content=\"article\" \/>\n<meta property=\"og:title\" content=\"Yaln\u0131z Kalma Korkusu | Osho\" \/>\n<meta property=\"og:description\" content=\"Hi\u00e7 kimse varolu\u015fun olmas\u0131n\u0131 hedefledi\u011fi ki\u015fi de\u011fildir. Toplum, k\u00fclt\u00fcr, din ve e\u011fitim sistemi, masum \u00e7ocuklara kar\u015f\u0131 gizli bir ittifak i\u00e7indedir. B\u00fct\u00fcn g\u00fc\u00e7 onlarda; \u00e7ocuk \u00e7aresiz ve ba\u011f\u0131ml\u0131, o y\u00fczden onu istedikleri gibi \u015fekillendirmeyi ba\u015far\u0131yorlar. \u00c7ocu\u011fun kendi do\u011fal y\u00f6nelimi do\u011frultusunda geli\u015fmesine izin vermiyorlar. B\u00fct\u00fcn \u00e7abalar\u0131 insanlar\u0131 kullan\u0131lacak metalara \u00e7evirmektir. \u00c7ocu\u011fun kendi ba\u015f\u0131na b\u00fcy\u00fcmesine izin verirlerse, kendi [&hellip;]\" \/>\n<meta property=\"og:url\" content=\"https:\/\/narteks.net\/index.php\/2010\/04\/07\/yalnz-kalma-korkusu-osho\/\" \/>\n<meta property=\"og:site_name\" content=\"narteks.net\" \/>\n<meta property=\"article:published_time\" content=\"2010-04-07T13:47:28+00:00\" \/>\n<meta property=\"og:image\" content=\"http:\/\/t2.gstatic.com\/images?q=tbn:ZTfK1hpsZE_QwM:http:\/\/www.kuteer.de\/osho36.jpg\" \/>\n<meta name=\"author\" content=\"Tar\u0131k\" \/>\n<meta name=\"twitter:card\" content=\"summary_large_image\" \/>\n<meta name=\"twitter:creator\" content=\"@narteks\" \/>\n<meta name=\"twitter:site\" content=\"@narteks\" \/>\n<meta name=\"twitter:label1\" content=\"Yazan:\" \/>\n\t<meta name=\"twitter:data1\" content=\"Tar\u0131k\" \/>\n\t<meta name=\"twitter:label2\" content=\"Tahmini okuma s\u00fcresi\" \/>\n\t<meta name=\"twitter:data2\" content=\"3 dakika\" \/>\n<script type=\"application\/ld+json\" class=\"yoast-schema-graph\">{\"@context\":\"https:\/\/schema.org\",\"@graph\":[{\"@type\":\"Article\",\"@id\":\"https:\/\/narteks.net\/index.php\/2010\/04\/07\/yalnz-kalma-korkusu-osho\/#article\",\"isPartOf\":{\"@id\":\"https:\/\/narteks.net\/index.php\/2010\/04\/07\/yalnz-kalma-korkusu-osho\/\"},\"author\":{\"name\":\"Tar\u0131k\",\"@id\":\"https:\/\/narteks.net\/#\/schema\/person\/61f37d9834294b72d31d274e7ed79bca\"},\"headline\":\"Yaln\u0131z Kalma Korkusu | Osho\",\"datePublished\":\"2010-04-07T13:47:28+00:00\",\"mainEntityOfPage\":{\"@id\":\"https:\/\/narteks.net\/index.php\/2010\/04\/07\/yalnz-kalma-korkusu-osho\/\"},\"wordCount\":641,\"commentCount\":0,\"publisher\":{\"@id\":\"https:\/\/narteks.net\/#organization\"},\"image\":{\"@id\":\"https:\/\/narteks.net\/index.php\/2010\/04\/07\/yalnz-kalma-korkusu-osho\/#primaryimage\"},\"thumbnailUrl\":\"http:\/\/t2.gstatic.com\/images?q=tbn:ZTfK1hpsZE_QwM:http:\/\/www.kuteer.de\/osho36.jpg\",\"articleSection\":[\"Osho\"],\"inLanguage\":\"tr\",\"potentialAction\":[{\"@type\":\"CommentAction\",\"name\":\"Comment\",\"target\":[\"https:\/\/narteks.net\/index.php\/2010\/04\/07\/yalnz-kalma-korkusu-osho\/#respond\"]}]},{\"@type\":\"WebPage\",\"@id\":\"https:\/\/narteks.net\/index.php\/2010\/04\/07\/yalnz-kalma-korkusu-osho\/\",\"url\":\"https:\/\/narteks.net\/index.php\/2010\/04\/07\/yalnz-kalma-korkusu-osho\/\",\"name\":\"Yaln\u0131z Kalma Korkusu | Osho - narteks.net\",\"isPartOf\":{\"@id\":\"https:\/\/narteks.net\/#website\"},\"primaryImageOfPage\":{\"@id\":\"https:\/\/narteks.net\/index.php\/2010\/04\/07\/yalnz-kalma-korkusu-osho\/#primaryimage\"},\"image\":{\"@id\":\"https:\/\/narteks.net\/index.php\/2010\/04\/07\/yalnz-kalma-korkusu-osho\/#primaryimage\"},\"thumbnailUrl\":\"http:\/\/t2.gstatic.com\/images?q=tbn:ZTfK1hpsZE_QwM:http:\/\/www.kuteer.de\/osho36.jpg\",\"datePublished\":\"2010-04-07T13:47:28+00:00\",\"breadcrumb\":{\"@id\":\"https:\/\/narteks.net\/index.php\/2010\/04\/07\/yalnz-kalma-korkusu-osho\/#breadcrumb\"},\"inLanguage\":\"tr\",\"potentialAction\":[{\"@type\":\"ReadAction\",\"target\":[\"https:\/\/narteks.net\/index.php\/2010\/04\/07\/yalnz-kalma-korkusu-osho\/\"]}]},{\"@type\":\"ImageObject\",\"inLanguage\":\"tr\",\"@id\":\"https:\/\/narteks.net\/index.php\/2010\/04\/07\/yalnz-kalma-korkusu-osho\/#primaryimage\",\"url\":\"http:\/\/t2.gstatic.com\/images?q=tbn:ZTfK1hpsZE_QwM:http:\/\/www.kuteer.de\/osho36.jpg\",\"contentUrl\":\"http:\/\/t2.gstatic.com\/images?q=tbn:ZTfK1hpsZE_QwM:http:\/\/www.kuteer.de\/osho36.jpg\"},{\"@type\":\"BreadcrumbList\",\"@id\":\"https:\/\/narteks.net\/index.php\/2010\/04\/07\/yalnz-kalma-korkusu-osho\/#breadcrumb\",\"itemListElement\":[{\"@type\":\"ListItem\",\"position\":1,\"name\":\"Anasayfa\",\"item\":\"https:\/\/narteks.net\/\"},{\"@type\":\"ListItem\",\"position\":2,\"name\":\"Yaln\u0131z Kalma Korkusu | Osho\"}]},{\"@type\":\"WebSite\",\"@id\":\"https:\/\/narteks.net\/#website\",\"url\":\"https:\/\/narteks.net\/\",\"name\":\"narteks.net\",\"description\":\"K\u00fclt\u00fcr Sanat Edebiyat Felsefe\",\"publisher\":{\"@id\":\"https:\/\/narteks.net\/#organization\"},\"alternateName\":\"K\u00fclt\u00fcr Sanat Edebiyat Felsefe\",\"potentialAction\":[{\"@type\":\"SearchAction\",\"target\":{\"@type\":\"EntryPoint\",\"urlTemplate\":\"https:\/\/narteks.net\/?s={search_term_string}\"},\"query-input\":{\"@type\":\"PropertyValueSpecification\",\"valueRequired\":true,\"valueName\":\"search_term_string\"}}],\"inLanguage\":\"tr\"},{\"@type\":\"Organization\",\"@id\":\"https:\/\/narteks.net\/#organization\",\"name\":\"narteks.net\",\"url\":\"https:\/\/narteks.net\/\",\"logo\":{\"@type\":\"ImageObject\",\"inLanguage\":\"tr\",\"@id\":\"https:\/\/narteks.net\/#\/schema\/logo\/image\/\",\"url\":\"https:\/\/narteks.net\/wp-content\/uploads\/narteks.png\",\"contentUrl\":\"https:\/\/narteks.net\/wp-content\/uploads\/narteks.png\",\"width\":300,\"height\":90,\"caption\":\"narteks.net\"},\"image\":{\"@id\":\"https:\/\/narteks.net\/#\/schema\/logo\/image\/\"},\"sameAs\":[\"https:\/\/x.com\/narteks\",\"https:\/\/instagram.com\/narteksnet\"]},{\"@type\":\"Person\",\"@id\":\"https:\/\/narteks.net\/#\/schema\/person\/61f37d9834294b72d31d274e7ed79bca\",\"name\":\"Tar\u0131k\",\"image\":{\"@type\":\"ImageObject\",\"inLanguage\":\"tr\",\"@id\":\"https:\/\/narteks.net\/#\/schema\/person\/image\/\",\"url\":\"https:\/\/secure.gravatar.com\/avatar\/50865afb55632c4ae467e0af0930f6510aa2297d8014be502a55b14f3b7550cf?s=96&d=mm&r=g\",\"contentUrl\":\"https:\/\/secure.gravatar.com\/avatar\/50865afb55632c4ae467e0af0930f6510aa2297d8014be502a55b14f3b7550cf?s=96&d=mm&r=g\",\"caption\":\"Tar\u0131k\"},\"sameAs\":[\"http:\/\/narteks.net\"],\"url\":\"https:\/\/narteks.net\/index.php\/author\/narbak\/\"}]}<\/script>\n<!-- \/ Yoast SEO Premium plugin. -->","yoast_head_json":{"title":"Yaln\u0131z Kalma Korkusu | Osho - narteks.net","robots":{"index":"index","follow":"follow","max-snippet":"max-snippet:-1","max-image-preview":"max-image-preview:large","max-video-preview":"max-video-preview:-1"},"canonical":"https:\/\/narteks.net\/index.php\/2010\/04\/07\/yalnz-kalma-korkusu-osho\/","og_locale":"tr_TR","og_type":"article","og_title":"Yaln\u0131z Kalma Korkusu | Osho","og_description":"Hi\u00e7 kimse varolu\u015fun olmas\u0131n\u0131 hedefledi\u011fi ki\u015fi de\u011fildir. Toplum, k\u00fclt\u00fcr, din ve e\u011fitim sistemi, masum \u00e7ocuklara kar\u015f\u0131 gizli bir ittifak i\u00e7indedir. B\u00fct\u00fcn g\u00fc\u00e7 onlarda; \u00e7ocuk \u00e7aresiz ve ba\u011f\u0131ml\u0131, o y\u00fczden onu istedikleri gibi \u015fekillendirmeyi ba\u015far\u0131yorlar. \u00c7ocu\u011fun kendi do\u011fal y\u00f6nelimi do\u011frultusunda geli\u015fmesine izin vermiyorlar. B\u00fct\u00fcn \u00e7abalar\u0131 insanlar\u0131 kullan\u0131lacak metalara \u00e7evirmektir. \u00c7ocu\u011fun kendi ba\u015f\u0131na b\u00fcy\u00fcmesine izin verirlerse, kendi [&hellip;]","og_url":"https:\/\/narteks.net\/index.php\/2010\/04\/07\/yalnz-kalma-korkusu-osho\/","og_site_name":"narteks.net","article_published_time":"2010-04-07T13:47:28+00:00","og_image":[{"url":"http:\/\/t2.gstatic.com\/images?q=tbn:ZTfK1hpsZE_QwM:http:\/\/www.kuteer.de\/osho36.jpg","type":"","width":"","height":""}],"author":"Tar\u0131k","twitter_card":"summary_large_image","twitter_creator":"@narteks","twitter_site":"@narteks","twitter_misc":{"Yazan:":"Tar\u0131k","Tahmini okuma s\u00fcresi":"3 dakika"},"schema":{"@context":"https:\/\/schema.org","@graph":[{"@type":"Article","@id":"https:\/\/narteks.net\/index.php\/2010\/04\/07\/yalnz-kalma-korkusu-osho\/#article","isPartOf":{"@id":"https:\/\/narteks.net\/index.php\/2010\/04\/07\/yalnz-kalma-korkusu-osho\/"},"author":{"name":"Tar\u0131k","@id":"https:\/\/narteks.net\/#\/schema\/person\/61f37d9834294b72d31d274e7ed79bca"},"headline":"Yaln\u0131z Kalma Korkusu | Osho","datePublished":"2010-04-07T13:47:28+00:00","mainEntityOfPage":{"@id":"https:\/\/narteks.net\/index.php\/2010\/04\/07\/yalnz-kalma-korkusu-osho\/"},"wordCount":641,"commentCount":0,"publisher":{"@id":"https:\/\/narteks.net\/#organization"},"image":{"@id":"https:\/\/narteks.net\/index.php\/2010\/04\/07\/yalnz-kalma-korkusu-osho\/#primaryimage"},"thumbnailUrl":"http:\/\/t2.gstatic.com\/images?q=tbn:ZTfK1hpsZE_QwM:http:\/\/www.kuteer.de\/osho36.jpg","articleSection":["Osho"],"inLanguage":"tr","potentialAction":[{"@type":"CommentAction","name":"Comment","target":["https:\/\/narteks.net\/index.php\/2010\/04\/07\/yalnz-kalma-korkusu-osho\/#respond"]}]},{"@type":"WebPage","@id":"https:\/\/narteks.net\/index.php\/2010\/04\/07\/yalnz-kalma-korkusu-osho\/","url":"https:\/\/narteks.net\/index.php\/2010\/04\/07\/yalnz-kalma-korkusu-osho\/","name":"Yaln\u0131z Kalma Korkusu | Osho - narteks.net","isPartOf":{"@id":"https:\/\/narteks.net\/#website"},"primaryImageOfPage":{"@id":"https:\/\/narteks.net\/index.php\/2010\/04\/07\/yalnz-kalma-korkusu-osho\/#primaryimage"},"image":{"@id":"https:\/\/narteks.net\/index.php\/2010\/04\/07\/yalnz-kalma-korkusu-osho\/#primaryimage"},"thumbnailUrl":"http:\/\/t2.gstatic.com\/images?q=tbn:ZTfK1hpsZE_QwM:http:\/\/www.kuteer.de\/osho36.jpg","datePublished":"2010-04-07T13:47:28+00:00","breadcrumb":{"@id":"https:\/\/narteks.net\/index.php\/2010\/04\/07\/yalnz-kalma-korkusu-osho\/#breadcrumb"},"inLanguage":"tr","potentialAction":[{"@type":"ReadAction","target":["https:\/\/narteks.net\/index.php\/2010\/04\/07\/yalnz-kalma-korkusu-osho\/"]}]},{"@type":"ImageObject","inLanguage":"tr","@id":"https:\/\/narteks.net\/index.php\/2010\/04\/07\/yalnz-kalma-korkusu-osho\/#primaryimage","url":"http:\/\/t2.gstatic.com\/images?q=tbn:ZTfK1hpsZE_QwM:http:\/\/www.kuteer.de\/osho36.jpg","contentUrl":"http:\/\/t2.gstatic.com\/images?q=tbn:ZTfK1hpsZE_QwM:http:\/\/www.kuteer.de\/osho36.jpg"},{"@type":"BreadcrumbList","@id":"https:\/\/narteks.net\/index.php\/2010\/04\/07\/yalnz-kalma-korkusu-osho\/#breadcrumb","itemListElement":[{"@type":"ListItem","position":1,"name":"Anasayfa","item":"https:\/\/narteks.net\/"},{"@type":"ListItem","position":2,"name":"Yaln\u0131z Kalma Korkusu | Osho"}]},{"@type":"WebSite","@id":"https:\/\/narteks.net\/#website","url":"https:\/\/narteks.net\/","name":"narteks.net","description":"K\u00fclt\u00fcr Sanat Edebiyat Felsefe","publisher":{"@id":"https:\/\/narteks.net\/#organization"},"alternateName":"K\u00fclt\u00fcr Sanat Edebiyat Felsefe","potentialAction":[{"@type":"SearchAction","target":{"@type":"EntryPoint","urlTemplate":"https:\/\/narteks.net\/?s={search_term_string}"},"query-input":{"@type":"PropertyValueSpecification","valueRequired":true,"valueName":"search_term_string"}}],"inLanguage":"tr"},{"@type":"Organization","@id":"https:\/\/narteks.net\/#organization","name":"narteks.net","url":"https:\/\/narteks.net\/","logo":{"@type":"ImageObject","inLanguage":"tr","@id":"https:\/\/narteks.net\/#\/schema\/logo\/image\/","url":"https:\/\/narteks.net\/wp-content\/uploads\/narteks.png","contentUrl":"https:\/\/narteks.net\/wp-content\/uploads\/narteks.png","width":300,"height":90,"caption":"narteks.net"},"image":{"@id":"https:\/\/narteks.net\/#\/schema\/logo\/image\/"},"sameAs":["https:\/\/x.com\/narteks","https:\/\/instagram.com\/narteksnet"]},{"@type":"Person","@id":"https:\/\/narteks.net\/#\/schema\/person\/61f37d9834294b72d31d274e7ed79bca","name":"Tar\u0131k","image":{"@type":"ImageObject","inLanguage":"tr","@id":"https:\/\/narteks.net\/#\/schema\/person\/image\/","url":"https:\/\/secure.gravatar.com\/avatar\/50865afb55632c4ae467e0af0930f6510aa2297d8014be502a55b14f3b7550cf?s=96&d=mm&r=g","contentUrl":"https:\/\/secure.gravatar.com\/avatar\/50865afb55632c4ae467e0af0930f6510aa2297d8014be502a55b14f3b7550cf?s=96&d=mm&r=g","caption":"Tar\u0131k"},"sameAs":["http:\/\/narteks.net"],"url":"https:\/\/narteks.net\/index.php\/author\/narbak\/"}]}},"_links":{"self":[{"href":"https:\/\/narteks.net\/index.php\/wp-json\/wp\/v2\/posts\/4443","targetHints":{"allow":["GET"]}}],"collection":[{"href":"https:\/\/narteks.net\/index.php\/wp-json\/wp\/v2\/posts"}],"about":[{"href":"https:\/\/narteks.net\/index.php\/wp-json\/wp\/v2\/types\/post"}],"author":[{"embeddable":true,"href":"https:\/\/narteks.net\/index.php\/wp-json\/wp\/v2\/users\/1"}],"replies":[{"embeddable":true,"href":"https:\/\/narteks.net\/index.php\/wp-json\/wp\/v2\/comments?post=4443"}],"version-history":[{"count":0,"href":"https:\/\/narteks.net\/index.php\/wp-json\/wp\/v2\/posts\/4443\/revisions"}],"wp:attachment":[{"href":"https:\/\/narteks.net\/index.php\/wp-json\/wp\/v2\/media?parent=4443"}],"wp:term":[{"taxonomy":"category","embeddable":true,"href":"https:\/\/narteks.net\/index.php\/wp-json\/wp\/v2\/categories?post=4443"},{"taxonomy":"post_tag","embeddable":true,"href":"https:\/\/narteks.net\/index.php\/wp-json\/wp\/v2\/tags?post=4443"}],"curies":[{"name":"wp","href":"https:\/\/api.w.org\/{rel}","templated":true}]}}