{"id":445,"date":"2009-03-13T23:01:27","date_gmt":"2009-03-13T20:01:27","guid":{"rendered":"http:\/\/localhost\/wordpress\/2009\/03\/13\/menteseli\/"},"modified":"2009-03-13T23:01:27","modified_gmt":"2009-03-13T20:01:27","slug":"menteseli","status":"publish","type":"post","link":"https:\/\/narteks.net\/index.php\/2009\/03\/13\/menteseli\/","title":{"rendered":"Mente\u015feli"},"content":{"rendered":"<p style=\"text-align: justify;\"><span style=\"font-size: 14pt;\"><strong>Mente\u015feli <\/strong><\/span><\/p>\n<p>Halk m\u00fczi\u011fi a\u00e7\u0131s\u0131ndan b\u00fcy\u00fck bir olgunluk \u00f6rne\u011fi olan Mente\u015feli T\u00fcrk\u00fcs\u00fc: Kocas\u0131n\u0131 o\u011flunu ve damad\u0131n\u0131 seferberlik y\u0131llar\u0131nda Yemen&#8217;e g\u00f6nderen;Fatma anan\u0131n yakm\u0131\u015f oldu\u011fu i\u00e7li bir a\u011f\u0131tt\u0131r.<\/p>\n<p>Mengene y\u00f6resinde mutlu bir hayatlar\u0131 vard\u0131r Mente\u015feli ailesinin. Bir g\u00fcn gelir erler seferberlik dolay\u0131s\u0131yla askere \u00e7a\u011fr\u0131l\u0131r. Fatma ana kocas\u0131n\u0131 o\u011flunu ve damad\u0131n\u0131 b\u00fcy\u00fck bir y\u00fcreklilikle u\u011furlar. Kendisi k\u0131z\u0131 ve gelini ve be\u015f alt\u0131 torunuyla kalakal\u0131r.<br \/>Bunlara kendisi bakar kendisi yedirir kendisi i\u00e7irir. O y\u0131l Konya&#8217;da b\u00fcy\u00fck bir k\u0131\u015f olur ki y\u0131llard\u0131r g\u00f6r\u00fclmemi\u015f bir k\u0131\u015f. Kurtlar \u015fehre \u00fc\u015f\u00fc\u015f\u00fcr. Bu zorlu k\u0131\u015f pek \u00e7ok ana baba ve \u00e7ocu\u011fu kara topra\u011fa \u00e7ekmi\u015f. Bu dar g\u00fcnlerde Fatma ana b\u00fcy\u00fck bir fedakarl\u0131k yapm\u0131\u015f. Yememi\u015f yedirmi\u015f. Giymemi\u015f giydirmi\u015f. G\u00fcnlerden bir g\u00fcnde gidenlerin d\u00f6n\u00fc\u015f\u00fcn\u00fc bile g\u00f6remeden de bu d\u00fcnyadan ayr\u0131l\u0131p kara topra\u011f\u0131n ba\u011fr\u0131na gitmi\u015f.<\/p>\n<p>MENTE\u015eEL\u0130<\/p>\n<p>Mente\u015feli mente\u015feli<br \/>Del oldum derde d\u00fc\u015feli<br \/>\u00dc\u00e7 g\u00fcn oldu yar gideli<br \/>T\u00fckenmez derdim yal\u0131n\u0131z,yal\u0131n\u0131z<\/p>\n<p>Lorostan bir bulut a\u011fd\u0131<br \/>Sulu sepken karlarda ya\u011fd\u0131<br \/>Yolcular\u0131m hanlarda kald\u0131<br \/>Kald\u0131m evlerde yal\u0131n\u0131z, yal\u0131n\u0131z.<\/p>\n<p>Dervi\u015f olsam giysem h\u0131rka<br \/>Kimsem yok&#8217;ki verse arka<br \/>G\u00f6t\u00fcrd\u00fcler \u015famdar \u015farka<br \/>Kald\u0131m \u00e7\u00f6llerde yal\u0131n\u0131z yal\u0131n\u0131z.<\/p>\n<p>Kaynak:<br \/>Mehmet \u00d6ZBEK<br \/>Folklor ve T\u00fcrk\u00fclerimiz<br \/>\u00d6t\u00fcken Ne\u015friyat\u00a0 \u0130stanbul 1994<\/p>\n<p>Ay\u015feg\u00fcl G\u00f6ktepe (Radyo Program Yap\u0131mc\u0131s\u0131)<\/p>\n","protected":false},"excerpt":{"rendered":"<p>Mente\u015feli Halk m\u00fczi\u011fi a\u00e7\u0131s\u0131ndan b\u00fcy\u00fck bir olgunluk \u00f6rne\u011fi olan Mente\u015feli T\u00fcrk\u00fcs\u00fc: Kocas\u0131n\u0131 o\u011flunu ve damad\u0131n\u0131 seferberlik y\u0131llar\u0131nda Yemen&#8217;e g\u00f6nderen;Fatma anan\u0131n yakm\u0131\u015f oldu\u011fu i\u00e7li bir a\u011f\u0131tt\u0131r. Mengene y\u00f6resinde mutlu bir hayatlar\u0131 vard\u0131r Mente\u015feli ailesinin. Bir g\u00fcn gelir erler seferberlik dolay\u0131s\u0131yla askere \u00e7a\u011fr\u0131l\u0131r. Fatma ana kocas\u0131n\u0131 o\u011flunu ve damad\u0131n\u0131 b\u00fcy\u00fck bir y\u00fcreklilikle u\u011furlar. Kendisi k\u0131z\u0131 ve gelini [&hellip;]<\/p>\n","protected":false},"author":1,"featured_media":0,"comment_status":"open","ping_status":"open","sticky":false,"template":"","format":"standard","meta":{"footnotes":""},"categories":[55],"tags":[],"class_list":{"0":"post-445","1":"post","2":"type-post","3":"status-publish","4":"format-standard","6":"category-oykuleriyle-turkuler"},"yoast_head":"<!-- This site is optimized with the Yoast SEO Premium plugin v24.9 (Yoast SEO v24.9) - https:\/\/yoast.com\/wordpress\/plugins\/seo\/ -->\n<title>Mente\u015feli - narteks.net<\/title>\n<meta name=\"robots\" content=\"index, follow, max-snippet:-1, max-image-preview:large, max-video-preview:-1\" \/>\n<link rel=\"canonical\" href=\"https:\/\/narteks.net\/index.php\/2009\/03\/13\/menteseli\/\" \/>\n<meta property=\"og:locale\" content=\"tr_TR\" \/>\n<meta property=\"og:type\" content=\"article\" \/>\n<meta property=\"og:title\" content=\"Mente\u015feli\" \/>\n<meta property=\"og:description\" content=\"Mente\u015feli Halk m\u00fczi\u011fi a\u00e7\u0131s\u0131ndan b\u00fcy\u00fck bir olgunluk \u00f6rne\u011fi olan Mente\u015feli T\u00fcrk\u00fcs\u00fc: Kocas\u0131n\u0131 o\u011flunu ve damad\u0131n\u0131 seferberlik y\u0131llar\u0131nda Yemen&#8217;e g\u00f6nderen;Fatma anan\u0131n yakm\u0131\u015f oldu\u011fu i\u00e7li bir a\u011f\u0131tt\u0131r. Mengene y\u00f6resinde mutlu bir hayatlar\u0131 vard\u0131r Mente\u015feli ailesinin. Bir g\u00fcn gelir erler seferberlik dolay\u0131s\u0131yla askere \u00e7a\u011fr\u0131l\u0131r. Fatma ana kocas\u0131n\u0131 o\u011flunu ve damad\u0131n\u0131 b\u00fcy\u00fck bir y\u00fcreklilikle u\u011furlar. Kendisi k\u0131z\u0131 ve gelini [&hellip;]\" \/>\n<meta property=\"og:url\" content=\"https:\/\/narteks.net\/index.php\/2009\/03\/13\/menteseli\/\" \/>\n<meta property=\"og:site_name\" content=\"narteks.net\" \/>\n<meta property=\"article:published_time\" content=\"2009-03-13T20:01:27+00:00\" \/>\n<meta property=\"og:image\" content=\"https:\/\/narteks.net\/wp-content\/uploads\/narteks.png\" \/>\n\t<meta property=\"og:image:width\" content=\"300\" \/>\n\t<meta property=\"og:image:height\" content=\"90\" \/>\n\t<meta property=\"og:image:type\" content=\"image\/png\" \/>\n<meta name=\"author\" content=\"Tar\u0131k\" \/>\n<meta name=\"twitter:card\" content=\"summary_large_image\" \/>\n<meta name=\"twitter:creator\" content=\"@narteks\" \/>\n<meta name=\"twitter:site\" content=\"@narteks\" \/>\n<meta name=\"twitter:label1\" content=\"Yazan:\" \/>\n\t<meta name=\"twitter:data1\" content=\"Tar\u0131k\" \/>\n\t<meta name=\"twitter:label2\" content=\"Tahmini okuma s\u00fcresi\" \/>\n\t<meta name=\"twitter:data2\" content=\"1 dakika\" \/>\n<script type=\"application\/ld+json\" class=\"yoast-schema-graph\">{\"@context\":\"https:\/\/schema.org\",\"@graph\":[{\"@type\":\"Article\",\"@id\":\"https:\/\/narteks.net\/index.php\/2009\/03\/13\/menteseli\/#article\",\"isPartOf\":{\"@id\":\"https:\/\/narteks.net\/index.php\/2009\/03\/13\/menteseli\/\"},\"author\":{\"name\":\"Tar\u0131k\",\"@id\":\"https:\/\/narteks.net\/#\/schema\/person\/61f37d9834294b72d31d274e7ed79bca\"},\"headline\":\"Mente\u015feli\",\"datePublished\":\"2009-03-13T20:01:27+00:00\",\"mainEntityOfPage\":{\"@id\":\"https:\/\/narteks.net\/index.php\/2009\/03\/13\/menteseli\/\"},\"wordCount\":279,\"commentCount\":0,\"publisher\":{\"@id\":\"https:\/\/narteks.net\/#organization\"},\"articleSection\":[\"\u00d6yk\u00fcleriyle T\u00fcrk\u00fcler\"],\"inLanguage\":\"tr\",\"potentialAction\":[{\"@type\":\"CommentAction\",\"name\":\"Comment\",\"target\":[\"https:\/\/narteks.net\/index.php\/2009\/03\/13\/menteseli\/#respond\"]}]},{\"@type\":\"WebPage\",\"@id\":\"https:\/\/narteks.net\/index.php\/2009\/03\/13\/menteseli\/\",\"url\":\"https:\/\/narteks.net\/index.php\/2009\/03\/13\/menteseli\/\",\"name\":\"Mente\u015feli - narteks.net\",\"isPartOf\":{\"@id\":\"https:\/\/narteks.net\/#website\"},\"datePublished\":\"2009-03-13T20:01:27+00:00\",\"breadcrumb\":{\"@id\":\"https:\/\/narteks.net\/index.php\/2009\/03\/13\/menteseli\/#breadcrumb\"},\"inLanguage\":\"tr\",\"potentialAction\":[{\"@type\":\"ReadAction\",\"target\":[\"https:\/\/narteks.net\/index.php\/2009\/03\/13\/menteseli\/\"]}]},{\"@type\":\"BreadcrumbList\",\"@id\":\"https:\/\/narteks.net\/index.php\/2009\/03\/13\/menteseli\/#breadcrumb\",\"itemListElement\":[{\"@type\":\"ListItem\",\"position\":1,\"name\":\"Anasayfa\",\"item\":\"https:\/\/narteks.net\/\"},{\"@type\":\"ListItem\",\"position\":2,\"name\":\"Mente\u015feli\"}]},{\"@type\":\"WebSite\",\"@id\":\"https:\/\/narteks.net\/#website\",\"url\":\"https:\/\/narteks.net\/\",\"name\":\"narteks.net\",\"description\":\"K\u00fclt\u00fcr Sanat Edebiyat Felsefe\",\"publisher\":{\"@id\":\"https:\/\/narteks.net\/#organization\"},\"alternateName\":\"K\u00fclt\u00fcr Sanat Edebiyat Felsefe\",\"potentialAction\":[{\"@type\":\"SearchAction\",\"target\":{\"@type\":\"EntryPoint\",\"urlTemplate\":\"https:\/\/narteks.net\/?s={search_term_string}\"},\"query-input\":{\"@type\":\"PropertyValueSpecification\",\"valueRequired\":true,\"valueName\":\"search_term_string\"}}],\"inLanguage\":\"tr\"},{\"@type\":\"Organization\",\"@id\":\"https:\/\/narteks.net\/#organization\",\"name\":\"narteks.net\",\"url\":\"https:\/\/narteks.net\/\",\"logo\":{\"@type\":\"ImageObject\",\"inLanguage\":\"tr\",\"@id\":\"https:\/\/narteks.net\/#\/schema\/logo\/image\/\",\"url\":\"https:\/\/narteks.net\/wp-content\/uploads\/narteks.png\",\"contentUrl\":\"https:\/\/narteks.net\/wp-content\/uploads\/narteks.png\",\"width\":300,\"height\":90,\"caption\":\"narteks.net\"},\"image\":{\"@id\":\"https:\/\/narteks.net\/#\/schema\/logo\/image\/\"},\"sameAs\":[\"https:\/\/x.com\/narteks\",\"https:\/\/instagram.com\/narteksnet\"]},{\"@type\":\"Person\",\"@id\":\"https:\/\/narteks.net\/#\/schema\/person\/61f37d9834294b72d31d274e7ed79bca\",\"name\":\"Tar\u0131k\",\"image\":{\"@type\":\"ImageObject\",\"inLanguage\":\"tr\",\"@id\":\"https:\/\/narteks.net\/#\/schema\/person\/image\/\",\"url\":\"https:\/\/secure.gravatar.com\/avatar\/50865afb55632c4ae467e0af0930f6510aa2297d8014be502a55b14f3b7550cf?s=96&d=mm&r=g\",\"contentUrl\":\"https:\/\/secure.gravatar.com\/avatar\/50865afb55632c4ae467e0af0930f6510aa2297d8014be502a55b14f3b7550cf?s=96&d=mm&r=g\",\"caption\":\"Tar\u0131k\"},\"sameAs\":[\"http:\/\/narteks.net\"],\"url\":\"https:\/\/narteks.net\/index.php\/author\/narbak\/\"}]}<\/script>\n<!-- \/ Yoast SEO Premium plugin. -->","yoast_head_json":{"title":"Mente\u015feli - narteks.net","robots":{"index":"index","follow":"follow","max-snippet":"max-snippet:-1","max-image-preview":"max-image-preview:large","max-video-preview":"max-video-preview:-1"},"canonical":"https:\/\/narteks.net\/index.php\/2009\/03\/13\/menteseli\/","og_locale":"tr_TR","og_type":"article","og_title":"Mente\u015feli","og_description":"Mente\u015feli Halk m\u00fczi\u011fi a\u00e7\u0131s\u0131ndan b\u00fcy\u00fck bir olgunluk \u00f6rne\u011fi olan Mente\u015feli T\u00fcrk\u00fcs\u00fc: Kocas\u0131n\u0131 o\u011flunu ve damad\u0131n\u0131 seferberlik y\u0131llar\u0131nda Yemen&#8217;e g\u00f6nderen;Fatma anan\u0131n yakm\u0131\u015f oldu\u011fu i\u00e7li bir a\u011f\u0131tt\u0131r. Mengene y\u00f6resinde mutlu bir hayatlar\u0131 vard\u0131r Mente\u015feli ailesinin. Bir g\u00fcn gelir erler seferberlik dolay\u0131s\u0131yla askere \u00e7a\u011fr\u0131l\u0131r. Fatma ana kocas\u0131n\u0131 o\u011flunu ve damad\u0131n\u0131 b\u00fcy\u00fck bir y\u00fcreklilikle u\u011furlar. Kendisi k\u0131z\u0131 ve gelini [&hellip;]","og_url":"https:\/\/narteks.net\/index.php\/2009\/03\/13\/menteseli\/","og_site_name":"narteks.net","article_published_time":"2009-03-13T20:01:27+00:00","og_image":[{"width":300,"height":90,"url":"https:\/\/narteks.net\/wp-content\/uploads\/narteks.png","type":"image\/png"}],"author":"Tar\u0131k","twitter_card":"summary_large_image","twitter_creator":"@narteks","twitter_site":"@narteks","twitter_misc":{"Yazan:":"Tar\u0131k","Tahmini okuma s\u00fcresi":"1 dakika"},"schema":{"@context":"https:\/\/schema.org","@graph":[{"@type":"Article","@id":"https:\/\/narteks.net\/index.php\/2009\/03\/13\/menteseli\/#article","isPartOf":{"@id":"https:\/\/narteks.net\/index.php\/2009\/03\/13\/menteseli\/"},"author":{"name":"Tar\u0131k","@id":"https:\/\/narteks.net\/#\/schema\/person\/61f37d9834294b72d31d274e7ed79bca"},"headline":"Mente\u015feli","datePublished":"2009-03-13T20:01:27+00:00","mainEntityOfPage":{"@id":"https:\/\/narteks.net\/index.php\/2009\/03\/13\/menteseli\/"},"wordCount":279,"commentCount":0,"publisher":{"@id":"https:\/\/narteks.net\/#organization"},"articleSection":["\u00d6yk\u00fcleriyle T\u00fcrk\u00fcler"],"inLanguage":"tr","potentialAction":[{"@type":"CommentAction","name":"Comment","target":["https:\/\/narteks.net\/index.php\/2009\/03\/13\/menteseli\/#respond"]}]},{"@type":"WebPage","@id":"https:\/\/narteks.net\/index.php\/2009\/03\/13\/menteseli\/","url":"https:\/\/narteks.net\/index.php\/2009\/03\/13\/menteseli\/","name":"Mente\u015feli - narteks.net","isPartOf":{"@id":"https:\/\/narteks.net\/#website"},"datePublished":"2009-03-13T20:01:27+00:00","breadcrumb":{"@id":"https:\/\/narteks.net\/index.php\/2009\/03\/13\/menteseli\/#breadcrumb"},"inLanguage":"tr","potentialAction":[{"@type":"ReadAction","target":["https:\/\/narteks.net\/index.php\/2009\/03\/13\/menteseli\/"]}]},{"@type":"BreadcrumbList","@id":"https:\/\/narteks.net\/index.php\/2009\/03\/13\/menteseli\/#breadcrumb","itemListElement":[{"@type":"ListItem","position":1,"name":"Anasayfa","item":"https:\/\/narteks.net\/"},{"@type":"ListItem","position":2,"name":"Mente\u015feli"}]},{"@type":"WebSite","@id":"https:\/\/narteks.net\/#website","url":"https:\/\/narteks.net\/","name":"narteks.net","description":"K\u00fclt\u00fcr Sanat Edebiyat Felsefe","publisher":{"@id":"https:\/\/narteks.net\/#organization"},"alternateName":"K\u00fclt\u00fcr Sanat Edebiyat Felsefe","potentialAction":[{"@type":"SearchAction","target":{"@type":"EntryPoint","urlTemplate":"https:\/\/narteks.net\/?s={search_term_string}"},"query-input":{"@type":"PropertyValueSpecification","valueRequired":true,"valueName":"search_term_string"}}],"inLanguage":"tr"},{"@type":"Organization","@id":"https:\/\/narteks.net\/#organization","name":"narteks.net","url":"https:\/\/narteks.net\/","logo":{"@type":"ImageObject","inLanguage":"tr","@id":"https:\/\/narteks.net\/#\/schema\/logo\/image\/","url":"https:\/\/narteks.net\/wp-content\/uploads\/narteks.png","contentUrl":"https:\/\/narteks.net\/wp-content\/uploads\/narteks.png","width":300,"height":90,"caption":"narteks.net"},"image":{"@id":"https:\/\/narteks.net\/#\/schema\/logo\/image\/"},"sameAs":["https:\/\/x.com\/narteks","https:\/\/instagram.com\/narteksnet"]},{"@type":"Person","@id":"https:\/\/narteks.net\/#\/schema\/person\/61f37d9834294b72d31d274e7ed79bca","name":"Tar\u0131k","image":{"@type":"ImageObject","inLanguage":"tr","@id":"https:\/\/narteks.net\/#\/schema\/person\/image\/","url":"https:\/\/secure.gravatar.com\/avatar\/50865afb55632c4ae467e0af0930f6510aa2297d8014be502a55b14f3b7550cf?s=96&d=mm&r=g","contentUrl":"https:\/\/secure.gravatar.com\/avatar\/50865afb55632c4ae467e0af0930f6510aa2297d8014be502a55b14f3b7550cf?s=96&d=mm&r=g","caption":"Tar\u0131k"},"sameAs":["http:\/\/narteks.net"],"url":"https:\/\/narteks.net\/index.php\/author\/narbak\/"}]}},"_links":{"self":[{"href":"https:\/\/narteks.net\/index.php\/wp-json\/wp\/v2\/posts\/445","targetHints":{"allow":["GET"]}}],"collection":[{"href":"https:\/\/narteks.net\/index.php\/wp-json\/wp\/v2\/posts"}],"about":[{"href":"https:\/\/narteks.net\/index.php\/wp-json\/wp\/v2\/types\/post"}],"author":[{"embeddable":true,"href":"https:\/\/narteks.net\/index.php\/wp-json\/wp\/v2\/users\/1"}],"replies":[{"embeddable":true,"href":"https:\/\/narteks.net\/index.php\/wp-json\/wp\/v2\/comments?post=445"}],"version-history":[{"count":0,"href":"https:\/\/narteks.net\/index.php\/wp-json\/wp\/v2\/posts\/445\/revisions"}],"wp:attachment":[{"href":"https:\/\/narteks.net\/index.php\/wp-json\/wp\/v2\/media?parent=445"}],"wp:term":[{"taxonomy":"category","embeddable":true,"href":"https:\/\/narteks.net\/index.php\/wp-json\/wp\/v2\/categories?post=445"},{"taxonomy":"post_tag","embeddable":true,"href":"https:\/\/narteks.net\/index.php\/wp-json\/wp\/v2\/tags?post=445"}],"curies":[{"name":"wp","href":"https:\/\/api.w.org\/{rel}","templated":true}]}}