{"id":4450,"date":"2010-04-08T14:30:04","date_gmt":"2010-04-08T11:30:04","guid":{"rendered":"http:\/\/localhost\/wordpress\/2010\/04\/08\/hayrdan-evete-osho\/"},"modified":"2010-04-08T14:30:04","modified_gmt":"2010-04-08T11:30:04","slug":"hayrdan-evete-osho","status":"publish","type":"post","link":"https:\/\/narteks.net\/index.php\/2010\/04\/08\/hayrdan-evete-osho\/","title":{"rendered":"Hay\u0131rdan Evete | Osho"},"content":{"rendered":"<p style=\"text-align: justify;\"><img loading=\"lazy\" decoding=\"async\" style=\"float: left;\" src=\"http:\/\/t3.gstatic.com\/images?q=tbn:_XH7Mbx07cxW-M:http:\/\/citizensoulpower.files.wordpress.com\/2008\/06\/osho.jpg\" width=\"155\" height=\"205\" border=\"0\" \/>Bilin\u00e7 \u00f6zg\u00fcrl\u00fck getirir. \u00d6zg\u00fcrl\u00fck sadece do\u011fru olan\u0131 yapmak demek de\u011fildir; \u015fayet \u00f6zg\u00fcrl\u00fc\u011f\u00fcn anlam\u0131 bu olsayd\u0131 bu ne t\u00fcrden bir \u00f6zg\u00fcrl\u00fck olurdu? \u015eayet yaln\u0131zca do\u011fru olan\u0131 yapma \u00f6zg\u00fcrl\u00fc\u011f\u00fcn olsayd\u0131, o zaman \u00f6zg\u00fcr olmazd\u0131n. \u00d6zg\u00fcrl\u00fck her iki alternatifi de ima eder; yanl\u0131\u015f\u0131 da do\u011fruyu da yapmay\u0131. \u00d6zg\u00fcrl\u00fck evet demeyi de hay\u0131r demeyi de ima eder.<\/p>\n<p>Ve bu anla\u015f\u0131lmas\u0131 gereken \u00e7ok ince bir \u015feydir: Hay\u0131r demek evet demekten daha \u00e7ok \u00f6zg\u00fcrl\u00fckm\u00fc\u015f gibi hissettirir. Ve ben felsefe yapm\u0131yorum, bu kendinde g\u00f6zlemleyebilece\u011fin basit bir ger\u00e7ektir. Ne zaman hay\u0131r desen daha \u00f6zg\u00fcr hissedersin. Ne zaman evet dersen \u00f6zg\u00fcr hissetmezsin \u00e7\u00fcnk\u00fc evet boyun e\u011fdi\u011fin anlam\u0131na gelir, evet teslim oldu\u011fun anlam\u0131na gelir; nerede kald\u0131 \u00f6zg\u00fcrl\u00fck? Hay\u0131r senin inat\u00e7\u0131 oldu\u011fun, kendini mesafeli tuttu\u011fun anlam\u0131na gelir; hay\u0131r hakk\u0131n\u0131 savunmu\u015f oldu\u011fun anlam\u0131na gelir, hay\u0131r sava\u015fmaya haz\u0131r oldu\u011fun anlam\u0131na gelir. Hay\u0131r seni evetten daha net bir bi\u00e7imde tan\u0131mlar. Evet belirsizdir, bulut gibidir. Hay\u0131r \u00e7ok kat\u0131d\u0131r ve maddidir, bir kaya gibidir.<\/p>\n<p>Bu y\u00fczden psikologlar yedi ila on d\u00f6rt ya\u015flar\u0131 aras\u0131ndaki her \u00e7ocu\u011fun giderek daha \u00e7ok hay\u0131r demeyi \u00f6\u011frenmeye ba\u015flad\u0131\u011f\u0131n\u0131 s\u00f6yl\u00fcyorlar. Hay\u0131r diyerek o, annenin psikolojik rahminden d\u0131\u015far\u0131 \u00e7\u0131k\u0131yor. Hay\u0131r demek i\u00e7in bir sebep yokken da<\/p>\n<p>hi hay\u0131r diyecektir. \u0130\u00e7inden evet demek geldi\u011finde bile hay\u0131r diyecektir. Tehlikede olan \u00e7ok \u015fey vard\u0131r; daha \u00e7ok ve daha \u00e7ok hay\u0131r demeyi \u00f6\u011frenmek durumundad\u0131r. On d\u00f6rt ya\u015f\u0131nda cinsel olarak olgunla\u015ft\u0131\u011f\u0131nda annesine nihai hay\u0131r\u0131 s\u00f6yleyecektir; bir kad\u0131na \u00e2\u015f\u0131k olacakt\u0131r. Bu anneye s\u00f6ylenen nihai hay\u0131rd\u0131r, o annesine s\u0131rt\u0131n\u0131 d\u00f6n\u00fcyor. Diyor ki, &#8220;Seninle i\u015fim bitti, bir kad\u0131n buldum. Ben bir birey oldum, kendi ayaklar\u0131 \u00fczerinde durabilen ba\u011f\u0131ms\u0131z biriyim. Hayat\u0131m\u0131 ya\u015famak istiyorum, kendi i\u015fime bakmak istiyorum.&#8221;<\/p>\n<p>Ve \u015fayet ebeveynler, &#8220;Sa\u00e7lar\u0131n\u0131 kestir&#8221; diye \u0131srarc\u0131 olursa, sa\u00e7lar\u0131n\u0131 uzatacakt\u0131r. Ve \u015fayet ebeveynler, &#8220;Sa\u00e7lar\u0131n\u0131 uzat&#8221; diye \u0131srarc\u0131 olursa, sa\u00e7lar\u0131n\u0131 kestirecektir. \u0130zle bak&#8230; hippiler anne-baba olduklar\u0131nda g\u00f6recekler, \u00e7ocuklar\u0131 k\u0131sa sa\u00e7l\u0131 olacak \u00e7\u00fcnk\u00fc onlar hay\u0131r\u0131 \u00f6\u011frenmek zorundalar.<\/p>\n<p>E\u011fer anne-babalar &#8220;Temizlik imandan gelir&#8221; diye \u0131srar ederlerse \u00e7ocuklar her t\u00fcrl\u00fc pisli\u011fin i\u00e7inde ya\u015famaya ba\u015flayacakt\u0131r. Pis olacaklar, y\u0131kanmayacaklar; kendilerini temizlemeyecekler, sabun kullanmayacaklar. Ve sabunun cildi i\u00e7in tehlikeli oldu\u011fu, do\u011fal olmad\u0131\u011f\u0131, hi\u00e7bir hayvan\u0131n sabun kullanmad\u0131\u011f\u0131 gibi mant\u0131k y\u00fcr\u00fctmeler yapacaklard\u0131r. Ne kadar isterlerse o kadar mant\u0131kl\u0131 neden bulabilirler ama en derinde t\u00fcm bu mant\u0131k y\u00fcr\u00fctmeler sadece birer \u00f6rt\u00fcd\u00fcrler. Ger\u00e7ek olan ise hay\u0131r demek istemeleridir. Ve elbette hay\u0131r demek istedi\u011finde nedenler bulmal\u0131s\u0131n.<\/p>\n<p>O y\u00fczden, hay\u0131r sana bir \u00f6zg\u00fcrl\u00fck hissi verir; sadece bu da de\u011fil, sana zeki olma hissi de verir. Evet demek i\u00e7in zek\u00e2ya ihtiya\u00e7 yoktur. Evet dedi\u011finde kimse sana neden diye sormaz. Sen zaten evet dedi\u011finde kim sana neden diye sorma zahmetine katlan\u0131r ki? Mant\u0131k y\u00fcr\u00fctmeye ya da tart\u0131\u015fmaya hi\u00e7 gerek yoktur, sen zaten evet dedin. Hay\u0131r dedi\u011finde ni\u00e7in diye sorulmas\u0131 ka\u00e7\u0131n\u0131lmazd\u0131r. Bu senin zek\u00e2n\u0131 keskinle\u015ftirir, sana bir tan\u0131mlama, bir tarz, bir \u00f6zg\u00fcrl\u00fck verir.<\/p>\n<p>Hay\u0131r\u0131n psikolojisini g\u00f6zle. \u0130nsano\u011flu i\u00e7in ahenk i\u00e7inde olmak \u00e7ok zordur ve bunun nedeni bilin\u00e7li olmakt\u0131r. Bilin\u00e7 \u00f6zg\u00fcrl\u00fck sa\u011flar, \u00f6zg\u00fcrl\u00fck sana hay\u0131r deme g\u00fcc\u00fc verir ve ortada hay\u0131r deme hali evet deme halinden daha \u00e7oktur.<\/p>\n<p>Evet olmaks\u0131z\u0131n ahenk yoktur; evet uyum demektir. Ancak b\u00fcy\u00fcmek, olgunla\u015fmak, evet dedi\u011fin halde \u00f6zg\u00fcr kalabilecek kadar olgunla\u015fmak, evet dedi\u011fin ama yine de \u00f6zg\u00fcn kalabildi\u011fin, evet diyebildi\u011fin ama gene de bir k\u00f6le olmad\u0131\u011f\u0131n yere varmak zaman al\u0131r.<\/p>\n<p>Hay\u0131r taraf\u0131ndan getirilen \u00f6zg\u00fcrl\u00fck \u00e7ok \u00e7ocuk\u00e7a bir \u00f6zg\u00fcrl\u00fckt\u00fcr. Yedi ya\u015f\u0131ndan on d\u00f6rt ya\u015f\u0131na kadar olanlar i\u00e7in iyidir. Ancak, \u015fayet birisi ona tak\u0131ld\u0131ysa ve t\u00fcm hayat\u0131 bir hay\u0131r demeye d\u00f6n\u00fc\u015ft\u00fcyse, o zaman geli\u015fmesi durmu\u015ftur.<\/p>\n<p>Nihai geli\u015fim bir \u00e7ocu\u011fun hay\u0131r dedi\u011fi gibi b\u00fcy\u00fck bir co\u015fkuyla evet demektir. Bu ikinci \u00e7ocukluktur. Ve g\u00f6rkemli bir \u00f6zg\u00fcrl\u00fck ve co\u015fkuyla, hi\u00e7bir \u00e7ekingenlik duymadan, ona ba\u011fl\u0131 hi\u00e7bir ip bulunmadan, hi\u00e7bir ko\u015ful olmadan evet diyebilen bir insan \u2014saf ve basit bir co\u015fku, saf ve basit bir evet\u2014 bu insan bir ermi\u015f haline gelmi\u015ftir. Bu insan yeniden ahenk i\u00e7inde ya\u015far ve onun ahengi a\u011fa\u00e7lar\u0131n, hayvanlar\u0131n ve ku\u015flar\u0131n ahenginden tamamen farkl\u0131d\u0131r. Onlar ahenk i\u00e7inde ya\u015f\u0131yorlar \u00e7\u00fcnk\u00fc hay\u0131r diyemezler ve bir ermi\u015f ise hay\u0131r demedi\u011fi i\u00e7in ahenk i\u00e7inde ya\u015far. \u0130kisinin aras\u0131nda, \u2014ku\u015flarla Budalar aras\u0131nda\u2014 b\u00fcy\u00fcmemi\u015f, olgunla\u015fmam\u0131\u015f, bir yerlerde tak\u0131lm\u0131\u015f, biraz \u00f6zg\u00fcrl\u00fck hissetmek i\u00e7in h\u00e2l\u00e2 hay\u0131r demeye \u00e7al\u0131\u015fan t\u00fcm di\u011fer insanlar vard\u0131r.<\/p>\n<p>Hay\u0131r demeyi \u00f6\u011frenme demiyorum. Hay\u0131r demek vakti geldi\u011finde hay\u0131r demeyi \u00f6\u011fren ama ona tak\u0131l\u0131p kalma diyorum. Yava\u015f, yava\u015f evet ile daha y\u00fcksek bir \u00f6zg\u00fcrl\u00fc\u011f\u00fcn ve daha muhte\u015fem bir ahengin geldi\u011fini g\u00f6r.<\/p>\n","protected":false},"excerpt":{"rendered":"<p>Bilin\u00e7 \u00f6zg\u00fcrl\u00fck getirir. \u00d6zg\u00fcrl\u00fck sadece do\u011fru olan\u0131 yapmak demek de\u011fildir; \u015fayet \u00f6zg\u00fcrl\u00fc\u011f\u00fcn anlam\u0131 bu olsayd\u0131 bu ne t\u00fcrden bir \u00f6zg\u00fcrl\u00fck olurdu? \u015eayet yaln\u0131zca do\u011fru olan\u0131 yapma \u00f6zg\u00fcrl\u00fc\u011f\u00fcn olsayd\u0131, o zaman \u00f6zg\u00fcr olmazd\u0131n. \u00d6zg\u00fcrl\u00fck her iki alternatifi de ima eder; yanl\u0131\u015f\u0131 da do\u011fruyu da yapmay\u0131. \u00d6zg\u00fcrl\u00fck evet demeyi de hay\u0131r demeyi de ima eder. Ve bu [&hellip;]<\/p>\n","protected":false},"author":1,"featured_media":0,"comment_status":"open","ping_status":"open","sticky":false,"template":"","format":"standard","meta":{"footnotes":""},"categories":[40],"tags":[],"class_list":["post-4450","post","type-post","status-publish","format-standard","category-osho"],"yoast_head":"<!-- This site is optimized with the Yoast SEO Premium plugin v24.9 (Yoast SEO v24.9) - https:\/\/yoast.com\/wordpress\/plugins\/seo\/ -->\n<title>Hay\u0131rdan Evete | Osho - narteks.net<\/title>\n<meta name=\"robots\" content=\"index, follow, max-snippet:-1, max-image-preview:large, max-video-preview:-1\" \/>\n<link rel=\"canonical\" href=\"https:\/\/narteks.net\/index.php\/2010\/04\/08\/hayrdan-evete-osho\/\" \/>\n<meta property=\"og:locale\" content=\"tr_TR\" \/>\n<meta property=\"og:type\" content=\"article\" \/>\n<meta property=\"og:title\" content=\"Hay\u0131rdan Evete | Osho\" \/>\n<meta property=\"og:description\" content=\"Bilin\u00e7 \u00f6zg\u00fcrl\u00fck getirir. \u00d6zg\u00fcrl\u00fck sadece do\u011fru olan\u0131 yapmak demek de\u011fildir; \u015fayet \u00f6zg\u00fcrl\u00fc\u011f\u00fcn anlam\u0131 bu olsayd\u0131 bu ne t\u00fcrden bir \u00f6zg\u00fcrl\u00fck olurdu? \u015eayet yaln\u0131zca do\u011fru olan\u0131 yapma \u00f6zg\u00fcrl\u00fc\u011f\u00fcn olsayd\u0131, o zaman \u00f6zg\u00fcr olmazd\u0131n. \u00d6zg\u00fcrl\u00fck her iki alternatifi de ima eder; yanl\u0131\u015f\u0131 da do\u011fruyu da yapmay\u0131. \u00d6zg\u00fcrl\u00fck evet demeyi de hay\u0131r demeyi de ima eder. Ve bu [&hellip;]\" \/>\n<meta property=\"og:url\" content=\"https:\/\/narteks.net\/index.php\/2010\/04\/08\/hayrdan-evete-osho\/\" \/>\n<meta property=\"og:site_name\" content=\"narteks.net\" \/>\n<meta property=\"article:published_time\" content=\"2010-04-08T11:30:04+00:00\" \/>\n<meta property=\"og:image\" content=\"http:\/\/t3.gstatic.com\/images?q=tbn:_XH7Mbx07cxW-M:http:\/\/citizensoulpower.files.wordpress.com\/2008\/06\/osho.jpg\" \/>\n<meta name=\"author\" content=\"Tar\u0131k\" \/>\n<meta name=\"twitter:card\" content=\"summary_large_image\" \/>\n<meta name=\"twitter:creator\" content=\"@narteks\" \/>\n<meta name=\"twitter:site\" content=\"@narteks\" \/>\n<meta name=\"twitter:label1\" content=\"Yazan:\" \/>\n\t<meta name=\"twitter:data1\" content=\"Tar\u0131k\" \/>\n\t<meta name=\"twitter:label2\" content=\"Tahmini okuma s\u00fcresi\" \/>\n\t<meta name=\"twitter:data2\" content=\"5 dakika\" \/>\n<script type=\"application\/ld+json\" class=\"yoast-schema-graph\">{\"@context\":\"https:\/\/schema.org\",\"@graph\":[{\"@type\":\"Article\",\"@id\":\"https:\/\/narteks.net\/index.php\/2010\/04\/08\/hayrdan-evete-osho\/#article\",\"isPartOf\":{\"@id\":\"https:\/\/narteks.net\/index.php\/2010\/04\/08\/hayrdan-evete-osho\/\"},\"author\":{\"name\":\"Tar\u0131k\",\"@id\":\"https:\/\/narteks.net\/#\/schema\/person\/61f37d9834294b72d31d274e7ed79bca\"},\"headline\":\"Hay\u0131rdan Evete | Osho\",\"datePublished\":\"2010-04-08T11:30:04+00:00\",\"mainEntityOfPage\":{\"@id\":\"https:\/\/narteks.net\/index.php\/2010\/04\/08\/hayrdan-evete-osho\/\"},\"wordCount\":964,\"commentCount\":0,\"publisher\":{\"@id\":\"https:\/\/narteks.net\/#organization\"},\"image\":{\"@id\":\"https:\/\/narteks.net\/index.php\/2010\/04\/08\/hayrdan-evete-osho\/#primaryimage\"},\"thumbnailUrl\":\"http:\/\/t3.gstatic.com\/images?q=tbn:_XH7Mbx07cxW-M:http:\/\/citizensoulpower.files.wordpress.com\/2008\/06\/osho.jpg\",\"articleSection\":[\"Osho\"],\"inLanguage\":\"tr\",\"potentialAction\":[{\"@type\":\"CommentAction\",\"name\":\"Comment\",\"target\":[\"https:\/\/narteks.net\/index.php\/2010\/04\/08\/hayrdan-evete-osho\/#respond\"]}]},{\"@type\":\"WebPage\",\"@id\":\"https:\/\/narteks.net\/index.php\/2010\/04\/08\/hayrdan-evete-osho\/\",\"url\":\"https:\/\/narteks.net\/index.php\/2010\/04\/08\/hayrdan-evete-osho\/\",\"name\":\"Hay\u0131rdan Evete | Osho - narteks.net\",\"isPartOf\":{\"@id\":\"https:\/\/narteks.net\/#website\"},\"primaryImageOfPage\":{\"@id\":\"https:\/\/narteks.net\/index.php\/2010\/04\/08\/hayrdan-evete-osho\/#primaryimage\"},\"image\":{\"@id\":\"https:\/\/narteks.net\/index.php\/2010\/04\/08\/hayrdan-evete-osho\/#primaryimage\"},\"thumbnailUrl\":\"http:\/\/t3.gstatic.com\/images?q=tbn:_XH7Mbx07cxW-M:http:\/\/citizensoulpower.files.wordpress.com\/2008\/06\/osho.jpg\",\"datePublished\":\"2010-04-08T11:30:04+00:00\",\"breadcrumb\":{\"@id\":\"https:\/\/narteks.net\/index.php\/2010\/04\/08\/hayrdan-evete-osho\/#breadcrumb\"},\"inLanguage\":\"tr\",\"potentialAction\":[{\"@type\":\"ReadAction\",\"target\":[\"https:\/\/narteks.net\/index.php\/2010\/04\/08\/hayrdan-evete-osho\/\"]}]},{\"@type\":\"ImageObject\",\"inLanguage\":\"tr\",\"@id\":\"https:\/\/narteks.net\/index.php\/2010\/04\/08\/hayrdan-evete-osho\/#primaryimage\",\"url\":\"http:\/\/t3.gstatic.com\/images?q=tbn:_XH7Mbx07cxW-M:http:\/\/citizensoulpower.files.wordpress.com\/2008\/06\/osho.jpg\",\"contentUrl\":\"http:\/\/t3.gstatic.com\/images?q=tbn:_XH7Mbx07cxW-M:http:\/\/citizensoulpower.files.wordpress.com\/2008\/06\/osho.jpg\"},{\"@type\":\"BreadcrumbList\",\"@id\":\"https:\/\/narteks.net\/index.php\/2010\/04\/08\/hayrdan-evete-osho\/#breadcrumb\",\"itemListElement\":[{\"@type\":\"ListItem\",\"position\":1,\"name\":\"Anasayfa\",\"item\":\"https:\/\/narteks.net\/\"},{\"@type\":\"ListItem\",\"position\":2,\"name\":\"Hay\u0131rdan Evete | Osho\"}]},{\"@type\":\"WebSite\",\"@id\":\"https:\/\/narteks.net\/#website\",\"url\":\"https:\/\/narteks.net\/\",\"name\":\"narteks.net\",\"description\":\"K\u00fclt\u00fcr Sanat Edebiyat Felsefe\",\"publisher\":{\"@id\":\"https:\/\/narteks.net\/#organization\"},\"alternateName\":\"K\u00fclt\u00fcr Sanat Edebiyat Felsefe\",\"potentialAction\":[{\"@type\":\"SearchAction\",\"target\":{\"@type\":\"EntryPoint\",\"urlTemplate\":\"https:\/\/narteks.net\/?s={search_term_string}\"},\"query-input\":{\"@type\":\"PropertyValueSpecification\",\"valueRequired\":true,\"valueName\":\"search_term_string\"}}],\"inLanguage\":\"tr\"},{\"@type\":\"Organization\",\"@id\":\"https:\/\/narteks.net\/#organization\",\"name\":\"narteks.net\",\"url\":\"https:\/\/narteks.net\/\",\"logo\":{\"@type\":\"ImageObject\",\"inLanguage\":\"tr\",\"@id\":\"https:\/\/narteks.net\/#\/schema\/logo\/image\/\",\"url\":\"https:\/\/narteks.net\/wp-content\/uploads\/narteks.png\",\"contentUrl\":\"https:\/\/narteks.net\/wp-content\/uploads\/narteks.png\",\"width\":300,\"height\":90,\"caption\":\"narteks.net\"},\"image\":{\"@id\":\"https:\/\/narteks.net\/#\/schema\/logo\/image\/\"},\"sameAs\":[\"https:\/\/x.com\/narteks\",\"https:\/\/instagram.com\/narteksnet\"]},{\"@type\":\"Person\",\"@id\":\"https:\/\/narteks.net\/#\/schema\/person\/61f37d9834294b72d31d274e7ed79bca\",\"name\":\"Tar\u0131k\",\"image\":{\"@type\":\"ImageObject\",\"inLanguage\":\"tr\",\"@id\":\"https:\/\/narteks.net\/#\/schema\/person\/image\/\",\"url\":\"https:\/\/secure.gravatar.com\/avatar\/50865afb55632c4ae467e0af0930f6510aa2297d8014be502a55b14f3b7550cf?s=96&d=mm&r=g\",\"contentUrl\":\"https:\/\/secure.gravatar.com\/avatar\/50865afb55632c4ae467e0af0930f6510aa2297d8014be502a55b14f3b7550cf?s=96&d=mm&r=g\",\"caption\":\"Tar\u0131k\"},\"sameAs\":[\"http:\/\/narteks.net\"],\"url\":\"https:\/\/narteks.net\/index.php\/author\/narbak\/\"}]}<\/script>\n<!-- \/ Yoast SEO Premium plugin. -->","yoast_head_json":{"title":"Hay\u0131rdan Evete | Osho - narteks.net","robots":{"index":"index","follow":"follow","max-snippet":"max-snippet:-1","max-image-preview":"max-image-preview:large","max-video-preview":"max-video-preview:-1"},"canonical":"https:\/\/narteks.net\/index.php\/2010\/04\/08\/hayrdan-evete-osho\/","og_locale":"tr_TR","og_type":"article","og_title":"Hay\u0131rdan Evete | Osho","og_description":"Bilin\u00e7 \u00f6zg\u00fcrl\u00fck getirir. \u00d6zg\u00fcrl\u00fck sadece do\u011fru olan\u0131 yapmak demek de\u011fildir; \u015fayet \u00f6zg\u00fcrl\u00fc\u011f\u00fcn anlam\u0131 bu olsayd\u0131 bu ne t\u00fcrden bir \u00f6zg\u00fcrl\u00fck olurdu? \u015eayet yaln\u0131zca do\u011fru olan\u0131 yapma \u00f6zg\u00fcrl\u00fc\u011f\u00fcn olsayd\u0131, o zaman \u00f6zg\u00fcr olmazd\u0131n. \u00d6zg\u00fcrl\u00fck her iki alternatifi de ima eder; yanl\u0131\u015f\u0131 da do\u011fruyu da yapmay\u0131. \u00d6zg\u00fcrl\u00fck evet demeyi de hay\u0131r demeyi de ima eder. Ve bu [&hellip;]","og_url":"https:\/\/narteks.net\/index.php\/2010\/04\/08\/hayrdan-evete-osho\/","og_site_name":"narteks.net","article_published_time":"2010-04-08T11:30:04+00:00","og_image":[{"url":"http:\/\/t3.gstatic.com\/images?q=tbn:_XH7Mbx07cxW-M:http:\/\/citizensoulpower.files.wordpress.com\/2008\/06\/osho.jpg","type":"","width":"","height":""}],"author":"Tar\u0131k","twitter_card":"summary_large_image","twitter_creator":"@narteks","twitter_site":"@narteks","twitter_misc":{"Yazan:":"Tar\u0131k","Tahmini okuma s\u00fcresi":"5 dakika"},"schema":{"@context":"https:\/\/schema.org","@graph":[{"@type":"Article","@id":"https:\/\/narteks.net\/index.php\/2010\/04\/08\/hayrdan-evete-osho\/#article","isPartOf":{"@id":"https:\/\/narteks.net\/index.php\/2010\/04\/08\/hayrdan-evete-osho\/"},"author":{"name":"Tar\u0131k","@id":"https:\/\/narteks.net\/#\/schema\/person\/61f37d9834294b72d31d274e7ed79bca"},"headline":"Hay\u0131rdan Evete | Osho","datePublished":"2010-04-08T11:30:04+00:00","mainEntityOfPage":{"@id":"https:\/\/narteks.net\/index.php\/2010\/04\/08\/hayrdan-evete-osho\/"},"wordCount":964,"commentCount":0,"publisher":{"@id":"https:\/\/narteks.net\/#organization"},"image":{"@id":"https:\/\/narteks.net\/index.php\/2010\/04\/08\/hayrdan-evete-osho\/#primaryimage"},"thumbnailUrl":"http:\/\/t3.gstatic.com\/images?q=tbn:_XH7Mbx07cxW-M:http:\/\/citizensoulpower.files.wordpress.com\/2008\/06\/osho.jpg","articleSection":["Osho"],"inLanguage":"tr","potentialAction":[{"@type":"CommentAction","name":"Comment","target":["https:\/\/narteks.net\/index.php\/2010\/04\/08\/hayrdan-evete-osho\/#respond"]}]},{"@type":"WebPage","@id":"https:\/\/narteks.net\/index.php\/2010\/04\/08\/hayrdan-evete-osho\/","url":"https:\/\/narteks.net\/index.php\/2010\/04\/08\/hayrdan-evete-osho\/","name":"Hay\u0131rdan Evete | Osho - narteks.net","isPartOf":{"@id":"https:\/\/narteks.net\/#website"},"primaryImageOfPage":{"@id":"https:\/\/narteks.net\/index.php\/2010\/04\/08\/hayrdan-evete-osho\/#primaryimage"},"image":{"@id":"https:\/\/narteks.net\/index.php\/2010\/04\/08\/hayrdan-evete-osho\/#primaryimage"},"thumbnailUrl":"http:\/\/t3.gstatic.com\/images?q=tbn:_XH7Mbx07cxW-M:http:\/\/citizensoulpower.files.wordpress.com\/2008\/06\/osho.jpg","datePublished":"2010-04-08T11:30:04+00:00","breadcrumb":{"@id":"https:\/\/narteks.net\/index.php\/2010\/04\/08\/hayrdan-evete-osho\/#breadcrumb"},"inLanguage":"tr","potentialAction":[{"@type":"ReadAction","target":["https:\/\/narteks.net\/index.php\/2010\/04\/08\/hayrdan-evete-osho\/"]}]},{"@type":"ImageObject","inLanguage":"tr","@id":"https:\/\/narteks.net\/index.php\/2010\/04\/08\/hayrdan-evete-osho\/#primaryimage","url":"http:\/\/t3.gstatic.com\/images?q=tbn:_XH7Mbx07cxW-M:http:\/\/citizensoulpower.files.wordpress.com\/2008\/06\/osho.jpg","contentUrl":"http:\/\/t3.gstatic.com\/images?q=tbn:_XH7Mbx07cxW-M:http:\/\/citizensoulpower.files.wordpress.com\/2008\/06\/osho.jpg"},{"@type":"BreadcrumbList","@id":"https:\/\/narteks.net\/index.php\/2010\/04\/08\/hayrdan-evete-osho\/#breadcrumb","itemListElement":[{"@type":"ListItem","position":1,"name":"Anasayfa","item":"https:\/\/narteks.net\/"},{"@type":"ListItem","position":2,"name":"Hay\u0131rdan Evete | Osho"}]},{"@type":"WebSite","@id":"https:\/\/narteks.net\/#website","url":"https:\/\/narteks.net\/","name":"narteks.net","description":"K\u00fclt\u00fcr Sanat Edebiyat Felsefe","publisher":{"@id":"https:\/\/narteks.net\/#organization"},"alternateName":"K\u00fclt\u00fcr Sanat Edebiyat Felsefe","potentialAction":[{"@type":"SearchAction","target":{"@type":"EntryPoint","urlTemplate":"https:\/\/narteks.net\/?s={search_term_string}"},"query-input":{"@type":"PropertyValueSpecification","valueRequired":true,"valueName":"search_term_string"}}],"inLanguage":"tr"},{"@type":"Organization","@id":"https:\/\/narteks.net\/#organization","name":"narteks.net","url":"https:\/\/narteks.net\/","logo":{"@type":"ImageObject","inLanguage":"tr","@id":"https:\/\/narteks.net\/#\/schema\/logo\/image\/","url":"https:\/\/narteks.net\/wp-content\/uploads\/narteks.png","contentUrl":"https:\/\/narteks.net\/wp-content\/uploads\/narteks.png","width":300,"height":90,"caption":"narteks.net"},"image":{"@id":"https:\/\/narteks.net\/#\/schema\/logo\/image\/"},"sameAs":["https:\/\/x.com\/narteks","https:\/\/instagram.com\/narteksnet"]},{"@type":"Person","@id":"https:\/\/narteks.net\/#\/schema\/person\/61f37d9834294b72d31d274e7ed79bca","name":"Tar\u0131k","image":{"@type":"ImageObject","inLanguage":"tr","@id":"https:\/\/narteks.net\/#\/schema\/person\/image\/","url":"https:\/\/secure.gravatar.com\/avatar\/50865afb55632c4ae467e0af0930f6510aa2297d8014be502a55b14f3b7550cf?s=96&d=mm&r=g","contentUrl":"https:\/\/secure.gravatar.com\/avatar\/50865afb55632c4ae467e0af0930f6510aa2297d8014be502a55b14f3b7550cf?s=96&d=mm&r=g","caption":"Tar\u0131k"},"sameAs":["http:\/\/narteks.net"],"url":"https:\/\/narteks.net\/index.php\/author\/narbak\/"}]}},"_links":{"self":[{"href":"https:\/\/narteks.net\/index.php\/wp-json\/wp\/v2\/posts\/4450","targetHints":{"allow":["GET"]}}],"collection":[{"href":"https:\/\/narteks.net\/index.php\/wp-json\/wp\/v2\/posts"}],"about":[{"href":"https:\/\/narteks.net\/index.php\/wp-json\/wp\/v2\/types\/post"}],"author":[{"embeddable":true,"href":"https:\/\/narteks.net\/index.php\/wp-json\/wp\/v2\/users\/1"}],"replies":[{"embeddable":true,"href":"https:\/\/narteks.net\/index.php\/wp-json\/wp\/v2\/comments?post=4450"}],"version-history":[{"count":0,"href":"https:\/\/narteks.net\/index.php\/wp-json\/wp\/v2\/posts\/4450\/revisions"}],"wp:attachment":[{"href":"https:\/\/narteks.net\/index.php\/wp-json\/wp\/v2\/media?parent=4450"}],"wp:term":[{"taxonomy":"category","embeddable":true,"href":"https:\/\/narteks.net\/index.php\/wp-json\/wp\/v2\/categories?post=4450"},{"taxonomy":"post_tag","embeddable":true,"href":"https:\/\/narteks.net\/index.php\/wp-json\/wp\/v2\/tags?post=4450"}],"curies":[{"name":"wp","href":"https:\/\/api.w.org\/{rel}","templated":true}]}}