{"id":4456,"date":"2010-04-08T14:57:58","date_gmt":"2010-04-08T11:57:58","guid":{"rendered":"http:\/\/localhost\/wordpress\/2010\/04\/08\/sayilarin-politikasi-osho\/"},"modified":"2010-04-08T14:57:58","modified_gmt":"2010-04-08T11:57:58","slug":"sayilarin-politikasi-osho","status":"publish","type":"post","link":"https:\/\/narteks.net\/index.php\/2010\/04\/08\/sayilarin-politikasi-osho\/","title":{"rendered":"Say\u0131lar\u0131n Politikas\u0131 | Osho"},"content":{"rendered":"<p style=\"text-align: justify;\"><img loading=\"lazy\" decoding=\"async\" style=\"float: left;\" src=\"http:\/\/t2.gstatic.com\/images?q=tbn:aqMKkJD0J4LWRM:http:\/\/oshoviha.org\/oshohereandnow\/images\/osho240.jpg\" width=\"155\" height=\"205\" border=\"0\" \/>Toplumda, senin t\u0131pk\u0131 ba\u015fkalar\u0131 gibi davranaca\u011f\u0131n beklentisi hakimdir. Biraz farkl\u0131 davranmaya ba\u015flad\u0131\u011f\u0131n zaman bir yabanc\u0131ya d\u00f6n\u00fc\u015f\u00fcrs\u00fcn ve insanlar yabanc\u0131lardan \u00e7ok korkar.<\/p>\n<p>O y\u00fczden iki insan\u0131n bir araya geldi\u011fi her yerde; otob\u00fcste, trende, ya da otob\u00fcs dura\u011f\u0131nda sessiz kalamaz. \u00c7\u00fcnk\u00fc sessiz kald\u0131klar\u0131 zaman ikisi de yabanc\u0131 olarak kal\u0131r. Hemen birbiriyle tan\u0131\u015f\u0131rlar: &#8220;Ad\u0131n ne? Nereye gidiyorsun? Ne i\u015f yapars\u0131n? Nerelisin?&#8221; Sadece birka\u00e7 soru. Sonra rahatlarlar; sen de t\u0131pk\u0131 onlar gibi bir insanm\u0131\u015fs\u0131n.<\/p>\n<p>\u0130nsanlar her zaman uyumlu olduklar\u0131 kalabal\u0131klar i\u00e7inde olmak ister. Sen farkl\u0131 davranmaya ba\u015flad\u0131\u011f\u0131n an, b\u00fct\u00fcn kalabal\u0131k \u015f\u00fcphelenmeye ba\u015flar; bir \u015feyin ters gitti\u011fini d\u00fc\u015f\u00fcn\u00fcr. Seni tan\u0131yorlar ve de\u011fi\u015fimi g\u00f6rebiliyorlar. Seni, ger\u00e7ek benli\u011fini hi\u00e7 kabullenmedi\u011fin zaman tan\u0131m\u0131\u015flard\u0131r ve \u015fimdi birden ger\u00e7ek benli\u011fini kabul ederken g\u00f6r\u00fcyorlar. Bu toplumda kimse kendini kabullenmez. Herkes kendisini lanetler. Toplumun ya\u015fam tarz\u0131 budur: kendini lanetle. Ve e\u011fer sen kendini lanetlemiyorsan, kendini kabul ediyorsan, o zaman toplumdan ayr\u0131 d\u00fc\u015fm\u00fc\u015f olursun. Toplum ise, s\u00fcr\u00fcden ayr\u0131lm\u0131\u015f olan kimseye tahamm\u00fcl edemez \u00e7\u00fcnk\u00fc toplum say\u0131larla ya\u015far; buna say\u0131lar\u0131n politikas\u0131 denir. Say\u0131 \u00e7ok oldu\u011fu zaman insanlar kendini iyi hisseder. Say\u0131 \u00e7ok daha b\u00fcy\u00fck olunca ise insanlar hakl\u0131 oldu\u011funu hisseder; yan\u0131l\u0131yor olamazlar, milyonlarca insan onlarla birliktedir.<\/p>\n<p>D\u0131\u015flananlar\u0131n i\u00e7indeyse \u015f\u00fcpheler belirmeye ba\u015flar: &#8220;Kimse benimle de\u011fil. Hakl\u0131 oldu\u011fumun garantisi ne?&#8221;<\/p>\n<p>O y\u00fczden bana g\u00f6re bu d\u00fcnyada en b\u00fcy\u00fck cesaret bir birey olmakt\u0131r.<\/p>\n<p>Birey olmak i\u00e7in en \u00fcst seviyede korkusuzluk temeline sahip olmak gerekir: &#8220;B\u00fct\u00fcn d\u00fcnyan\u0131n bana kar\u015f\u0131 olmas\u0131 \u00f6nemli de\u011fil. \u00d6nemli olan \u015fey benim ge\u00e7erli bir deneyim ya\u015fam\u0131\u015f olmam. Ben rakamlara bakmam, yan\u0131mda ka\u00e7 ki\u015fi oldu\u011fuyla ilgilenmem. Ben sadece deneyimimin ge\u00e7erlili\u011fine bakar\u0131m. Bir papa\u011fan gibi ba\u015fkalar\u0131n\u0131n s\u00f6z\u00fcn\u00fc tekrar edip etmedi\u011fime ya da anlatt\u0131klar\u0131m\u0131n kayna\u011f\u0131n\u0131n kendi deneyimlerim olup olmad\u0131\u011f\u0131na bakar\u0131m. E\u011fer kendi deneyimimse, e\u011fer benim kan\u0131m\u0131n, kemi\u011fimin, ili\u011fimin bir par\u00e7as\u0131ysa, o zaman b\u00fct\u00fcn d\u00fcnya kar\u015f\u0131mda olsa bile ben yine de hakl\u0131y\u0131m ve onlar haks\u0131z. Gerisi \u00f6nemli de\u011fil, kendimi iyi hissetmem i\u00e7in onlar\u0131n oylar\u0131na ihtiyac\u0131m yok. Sadece ba\u015fkalar\u0131n\u0131n fikirlerini ta\u015f\u0131yan insanlar ba\u015fkalar\u0131n\u0131n deste\u011fine ihtiya\u00e7 duyar.&#8221;<\/p>\n<p>Ancak toplum bug\u00fcne kadar b\u00f6yle i\u015flemi\u015ftir. Seni bu sayede a\u011f\u0131lda tutabiliyorlar. E\u011fer onlar \u00fczg\u00fcnse, sen de \u00fczg\u00fcn olmak zorundas\u0131n; e\u011fer onlar mutsuzsa, sen de mutsuz olmak zorundas\u0131n. Onlar neyse, sen de ayn\u0131 \u015fey olmak zorundas\u0131n. Farkl\u0131 olmaya izin verilmez \u00e7\u00fcnk\u00fc farklar bireyli\u011fe ve \u00f6zg\u00fcnl\u00fc\u011fe giden yolu a\u00e7ar. Ama toplum bireylerden ve \u00f6zg\u00fcnl\u00fckten \u00e7ok korkar. Bu, birinin kalabal\u0131ktan ba\u011f\u0131ms\u0131z oldu\u011funu ve kalabal\u0131\u011f\u0131 hi\u00e7 umursamad\u0131\u011f\u0131n\u0131 g\u00f6sterir. Tanr\u0131lar\u0131n, tap\u0131naklar\u0131n, rahiplerin, kutsal metinlerin onun i\u00e7in art\u0131k anlams\u0131zd\u0131r.<\/p>\n<p>Art\u0131k onun kendi varl\u0131\u011f\u0131 ve y\u00f6ntemi vard\u0131r, kendi tarz\u0131 vard\u0131r; ya\u015fama, \u00f6lme, kutlama, \u015fark\u0131 s\u00f6yleme ve dans etme. O art\u0131k yuvas\u0131na d\u00f6nm\u00fc\u015ft\u00fcr.<\/p>\n<p>Kimse kalabal\u0131kla birlikte yuvas\u0131na d\u00f6nemez. \u0130nsan yuvas\u0131na ancak tek ba\u015f\u0131na ula\u015fabilir.<\/p>\n","protected":false},"excerpt":{"rendered":"<p>Toplumda, senin t\u0131pk\u0131 ba\u015fkalar\u0131 gibi davranaca\u011f\u0131n beklentisi hakimdir. Biraz farkl\u0131 davranmaya ba\u015flad\u0131\u011f\u0131n zaman bir yabanc\u0131ya d\u00f6n\u00fc\u015f\u00fcrs\u00fcn ve insanlar yabanc\u0131lardan \u00e7ok korkar. O y\u00fczden iki insan\u0131n bir araya geldi\u011fi her yerde; otob\u00fcste, trende, ya da otob\u00fcs dura\u011f\u0131nda sessiz kalamaz. \u00c7\u00fcnk\u00fc sessiz kald\u0131klar\u0131 zaman ikisi de yabanc\u0131 olarak kal\u0131r. Hemen birbiriyle tan\u0131\u015f\u0131rlar: &#8220;Ad\u0131n ne? Nereye gidiyorsun? Ne [&hellip;]<\/p>\n","protected":false},"author":1,"featured_media":0,"comment_status":"open","ping_status":"open","sticky":false,"template":"","format":"standard","meta":{"footnotes":""},"categories":[40],"tags":[],"class_list":["post-4456","post","type-post","status-publish","format-standard","category-osho"],"yoast_head":"<!-- This site is optimized with the Yoast SEO Premium plugin v24.9 (Yoast SEO v24.9) - https:\/\/yoast.com\/wordpress\/plugins\/seo\/ -->\n<title>Say\u0131lar\u0131n Politikas\u0131 | Osho - narteks.net<\/title>\n<meta name=\"robots\" content=\"index, follow, max-snippet:-1, max-image-preview:large, max-video-preview:-1\" \/>\n<link rel=\"canonical\" href=\"https:\/\/narteks.net\/index.php\/2010\/04\/08\/sayilarin-politikasi-osho\/\" \/>\n<meta property=\"og:locale\" content=\"tr_TR\" \/>\n<meta property=\"og:type\" content=\"article\" \/>\n<meta property=\"og:title\" content=\"Say\u0131lar\u0131n Politikas\u0131 | Osho\" \/>\n<meta property=\"og:description\" content=\"Toplumda, senin t\u0131pk\u0131 ba\u015fkalar\u0131 gibi davranaca\u011f\u0131n beklentisi hakimdir. Biraz farkl\u0131 davranmaya ba\u015flad\u0131\u011f\u0131n zaman bir yabanc\u0131ya d\u00f6n\u00fc\u015f\u00fcrs\u00fcn ve insanlar yabanc\u0131lardan \u00e7ok korkar. O y\u00fczden iki insan\u0131n bir araya geldi\u011fi her yerde; otob\u00fcste, trende, ya da otob\u00fcs dura\u011f\u0131nda sessiz kalamaz. \u00c7\u00fcnk\u00fc sessiz kald\u0131klar\u0131 zaman ikisi de yabanc\u0131 olarak kal\u0131r. Hemen birbiriyle tan\u0131\u015f\u0131rlar: &#8220;Ad\u0131n ne? Nereye gidiyorsun? Ne [&hellip;]\" \/>\n<meta property=\"og:url\" content=\"https:\/\/narteks.net\/index.php\/2010\/04\/08\/sayilarin-politikasi-osho\/\" \/>\n<meta property=\"og:site_name\" content=\"narteks.net\" \/>\n<meta property=\"article:published_time\" content=\"2010-04-08T11:57:58+00:00\" \/>\n<meta property=\"og:image\" content=\"http:\/\/t2.gstatic.com\/images?q=tbn:aqMKkJD0J4LWRM:http:\/\/oshoviha.org\/oshohereandnow\/images\/osho240.jpg\" \/>\n<meta name=\"author\" content=\"Tar\u0131k\" \/>\n<meta name=\"twitter:card\" content=\"summary_large_image\" \/>\n<meta name=\"twitter:creator\" content=\"@narteks\" \/>\n<meta name=\"twitter:site\" content=\"@narteks\" \/>\n<meta name=\"twitter:label1\" content=\"Yazan:\" \/>\n\t<meta name=\"twitter:data1\" content=\"Tar\u0131k\" \/>\n\t<meta name=\"twitter:label2\" content=\"Tahmini okuma s\u00fcresi\" \/>\n\t<meta name=\"twitter:data2\" content=\"3 dakika\" \/>\n<script type=\"application\/ld+json\" class=\"yoast-schema-graph\">{\"@context\":\"https:\/\/schema.org\",\"@graph\":[{\"@type\":\"Article\",\"@id\":\"https:\/\/narteks.net\/index.php\/2010\/04\/08\/sayilarin-politikasi-osho\/#article\",\"isPartOf\":{\"@id\":\"https:\/\/narteks.net\/index.php\/2010\/04\/08\/sayilarin-politikasi-osho\/\"},\"author\":{\"name\":\"Tar\u0131k\",\"@id\":\"https:\/\/narteks.net\/#\/schema\/person\/61f37d9834294b72d31d274e7ed79bca\"},\"headline\":\"Say\u0131lar\u0131n Politikas\u0131 | Osho\",\"datePublished\":\"2010-04-08T11:57:58+00:00\",\"mainEntityOfPage\":{\"@id\":\"https:\/\/narteks.net\/index.php\/2010\/04\/08\/sayilarin-politikasi-osho\/\"},\"wordCount\":600,\"commentCount\":0,\"publisher\":{\"@id\":\"https:\/\/narteks.net\/#organization\"},\"image\":{\"@id\":\"https:\/\/narteks.net\/index.php\/2010\/04\/08\/sayilarin-politikasi-osho\/#primaryimage\"},\"thumbnailUrl\":\"http:\/\/t2.gstatic.com\/images?q=tbn:aqMKkJD0J4LWRM:http:\/\/oshoviha.org\/oshohereandnow\/images\/osho240.jpg\",\"articleSection\":[\"Osho\"],\"inLanguage\":\"tr\",\"potentialAction\":[{\"@type\":\"CommentAction\",\"name\":\"Comment\",\"target\":[\"https:\/\/narteks.net\/index.php\/2010\/04\/08\/sayilarin-politikasi-osho\/#respond\"]}]},{\"@type\":\"WebPage\",\"@id\":\"https:\/\/narteks.net\/index.php\/2010\/04\/08\/sayilarin-politikasi-osho\/\",\"url\":\"https:\/\/narteks.net\/index.php\/2010\/04\/08\/sayilarin-politikasi-osho\/\",\"name\":\"Say\u0131lar\u0131n Politikas\u0131 | Osho - narteks.net\",\"isPartOf\":{\"@id\":\"https:\/\/narteks.net\/#website\"},\"primaryImageOfPage\":{\"@id\":\"https:\/\/narteks.net\/index.php\/2010\/04\/08\/sayilarin-politikasi-osho\/#primaryimage\"},\"image\":{\"@id\":\"https:\/\/narteks.net\/index.php\/2010\/04\/08\/sayilarin-politikasi-osho\/#primaryimage\"},\"thumbnailUrl\":\"http:\/\/t2.gstatic.com\/images?q=tbn:aqMKkJD0J4LWRM:http:\/\/oshoviha.org\/oshohereandnow\/images\/osho240.jpg\",\"datePublished\":\"2010-04-08T11:57:58+00:00\",\"breadcrumb\":{\"@id\":\"https:\/\/narteks.net\/index.php\/2010\/04\/08\/sayilarin-politikasi-osho\/#breadcrumb\"},\"inLanguage\":\"tr\",\"potentialAction\":[{\"@type\":\"ReadAction\",\"target\":[\"https:\/\/narteks.net\/index.php\/2010\/04\/08\/sayilarin-politikasi-osho\/\"]}]},{\"@type\":\"ImageObject\",\"inLanguage\":\"tr\",\"@id\":\"https:\/\/narteks.net\/index.php\/2010\/04\/08\/sayilarin-politikasi-osho\/#primaryimage\",\"url\":\"http:\/\/t2.gstatic.com\/images?q=tbn:aqMKkJD0J4LWRM:http:\/\/oshoviha.org\/oshohereandnow\/images\/osho240.jpg\",\"contentUrl\":\"http:\/\/t2.gstatic.com\/images?q=tbn:aqMKkJD0J4LWRM:http:\/\/oshoviha.org\/oshohereandnow\/images\/osho240.jpg\"},{\"@type\":\"BreadcrumbList\",\"@id\":\"https:\/\/narteks.net\/index.php\/2010\/04\/08\/sayilarin-politikasi-osho\/#breadcrumb\",\"itemListElement\":[{\"@type\":\"ListItem\",\"position\":1,\"name\":\"Anasayfa\",\"item\":\"https:\/\/narteks.net\/\"},{\"@type\":\"ListItem\",\"position\":2,\"name\":\"Say\u0131lar\u0131n Politikas\u0131 | Osho\"}]},{\"@type\":\"WebSite\",\"@id\":\"https:\/\/narteks.net\/#website\",\"url\":\"https:\/\/narteks.net\/\",\"name\":\"narteks.net\",\"description\":\"K\u00fclt\u00fcr Sanat Edebiyat Felsefe\",\"publisher\":{\"@id\":\"https:\/\/narteks.net\/#organization\"},\"alternateName\":\"K\u00fclt\u00fcr Sanat Edebiyat Felsefe\",\"potentialAction\":[{\"@type\":\"SearchAction\",\"target\":{\"@type\":\"EntryPoint\",\"urlTemplate\":\"https:\/\/narteks.net\/?s={search_term_string}\"},\"query-input\":{\"@type\":\"PropertyValueSpecification\",\"valueRequired\":true,\"valueName\":\"search_term_string\"}}],\"inLanguage\":\"tr\"},{\"@type\":\"Organization\",\"@id\":\"https:\/\/narteks.net\/#organization\",\"name\":\"narteks.net\",\"url\":\"https:\/\/narteks.net\/\",\"logo\":{\"@type\":\"ImageObject\",\"inLanguage\":\"tr\",\"@id\":\"https:\/\/narteks.net\/#\/schema\/logo\/image\/\",\"url\":\"https:\/\/narteks.net\/wp-content\/uploads\/narteks.png\",\"contentUrl\":\"https:\/\/narteks.net\/wp-content\/uploads\/narteks.png\",\"width\":300,\"height\":90,\"caption\":\"narteks.net\"},\"image\":{\"@id\":\"https:\/\/narteks.net\/#\/schema\/logo\/image\/\"},\"sameAs\":[\"https:\/\/x.com\/narteks\",\"https:\/\/instagram.com\/narteksnet\"]},{\"@type\":\"Person\",\"@id\":\"https:\/\/narteks.net\/#\/schema\/person\/61f37d9834294b72d31d274e7ed79bca\",\"name\":\"Tar\u0131k\",\"image\":{\"@type\":\"ImageObject\",\"inLanguage\":\"tr\",\"@id\":\"https:\/\/narteks.net\/#\/schema\/person\/image\/\",\"url\":\"https:\/\/secure.gravatar.com\/avatar\/50865afb55632c4ae467e0af0930f6510aa2297d8014be502a55b14f3b7550cf?s=96&d=mm&r=g\",\"contentUrl\":\"https:\/\/secure.gravatar.com\/avatar\/50865afb55632c4ae467e0af0930f6510aa2297d8014be502a55b14f3b7550cf?s=96&d=mm&r=g\",\"caption\":\"Tar\u0131k\"},\"sameAs\":[\"http:\/\/narteks.net\"],\"url\":\"https:\/\/narteks.net\/index.php\/author\/narbak\/\"}]}<\/script>\n<!-- \/ Yoast SEO Premium plugin. -->","yoast_head_json":{"title":"Say\u0131lar\u0131n Politikas\u0131 | Osho - narteks.net","robots":{"index":"index","follow":"follow","max-snippet":"max-snippet:-1","max-image-preview":"max-image-preview:large","max-video-preview":"max-video-preview:-1"},"canonical":"https:\/\/narteks.net\/index.php\/2010\/04\/08\/sayilarin-politikasi-osho\/","og_locale":"tr_TR","og_type":"article","og_title":"Say\u0131lar\u0131n Politikas\u0131 | Osho","og_description":"Toplumda, senin t\u0131pk\u0131 ba\u015fkalar\u0131 gibi davranaca\u011f\u0131n beklentisi hakimdir. Biraz farkl\u0131 davranmaya ba\u015flad\u0131\u011f\u0131n zaman bir yabanc\u0131ya d\u00f6n\u00fc\u015f\u00fcrs\u00fcn ve insanlar yabanc\u0131lardan \u00e7ok korkar. O y\u00fczden iki insan\u0131n bir araya geldi\u011fi her yerde; otob\u00fcste, trende, ya da otob\u00fcs dura\u011f\u0131nda sessiz kalamaz. \u00c7\u00fcnk\u00fc sessiz kald\u0131klar\u0131 zaman ikisi de yabanc\u0131 olarak kal\u0131r. Hemen birbiriyle tan\u0131\u015f\u0131rlar: &#8220;Ad\u0131n ne? Nereye gidiyorsun? Ne [&hellip;]","og_url":"https:\/\/narteks.net\/index.php\/2010\/04\/08\/sayilarin-politikasi-osho\/","og_site_name":"narteks.net","article_published_time":"2010-04-08T11:57:58+00:00","og_image":[{"url":"http:\/\/t2.gstatic.com\/images?q=tbn:aqMKkJD0J4LWRM:http:\/\/oshoviha.org\/oshohereandnow\/images\/osho240.jpg","type":"","width":"","height":""}],"author":"Tar\u0131k","twitter_card":"summary_large_image","twitter_creator":"@narteks","twitter_site":"@narteks","twitter_misc":{"Yazan:":"Tar\u0131k","Tahmini okuma s\u00fcresi":"3 dakika"},"schema":{"@context":"https:\/\/schema.org","@graph":[{"@type":"Article","@id":"https:\/\/narteks.net\/index.php\/2010\/04\/08\/sayilarin-politikasi-osho\/#article","isPartOf":{"@id":"https:\/\/narteks.net\/index.php\/2010\/04\/08\/sayilarin-politikasi-osho\/"},"author":{"name":"Tar\u0131k","@id":"https:\/\/narteks.net\/#\/schema\/person\/61f37d9834294b72d31d274e7ed79bca"},"headline":"Say\u0131lar\u0131n Politikas\u0131 | Osho","datePublished":"2010-04-08T11:57:58+00:00","mainEntityOfPage":{"@id":"https:\/\/narteks.net\/index.php\/2010\/04\/08\/sayilarin-politikasi-osho\/"},"wordCount":600,"commentCount":0,"publisher":{"@id":"https:\/\/narteks.net\/#organization"},"image":{"@id":"https:\/\/narteks.net\/index.php\/2010\/04\/08\/sayilarin-politikasi-osho\/#primaryimage"},"thumbnailUrl":"http:\/\/t2.gstatic.com\/images?q=tbn:aqMKkJD0J4LWRM:http:\/\/oshoviha.org\/oshohereandnow\/images\/osho240.jpg","articleSection":["Osho"],"inLanguage":"tr","potentialAction":[{"@type":"CommentAction","name":"Comment","target":["https:\/\/narteks.net\/index.php\/2010\/04\/08\/sayilarin-politikasi-osho\/#respond"]}]},{"@type":"WebPage","@id":"https:\/\/narteks.net\/index.php\/2010\/04\/08\/sayilarin-politikasi-osho\/","url":"https:\/\/narteks.net\/index.php\/2010\/04\/08\/sayilarin-politikasi-osho\/","name":"Say\u0131lar\u0131n Politikas\u0131 | Osho - narteks.net","isPartOf":{"@id":"https:\/\/narteks.net\/#website"},"primaryImageOfPage":{"@id":"https:\/\/narteks.net\/index.php\/2010\/04\/08\/sayilarin-politikasi-osho\/#primaryimage"},"image":{"@id":"https:\/\/narteks.net\/index.php\/2010\/04\/08\/sayilarin-politikasi-osho\/#primaryimage"},"thumbnailUrl":"http:\/\/t2.gstatic.com\/images?q=tbn:aqMKkJD0J4LWRM:http:\/\/oshoviha.org\/oshohereandnow\/images\/osho240.jpg","datePublished":"2010-04-08T11:57:58+00:00","breadcrumb":{"@id":"https:\/\/narteks.net\/index.php\/2010\/04\/08\/sayilarin-politikasi-osho\/#breadcrumb"},"inLanguage":"tr","potentialAction":[{"@type":"ReadAction","target":["https:\/\/narteks.net\/index.php\/2010\/04\/08\/sayilarin-politikasi-osho\/"]}]},{"@type":"ImageObject","inLanguage":"tr","@id":"https:\/\/narteks.net\/index.php\/2010\/04\/08\/sayilarin-politikasi-osho\/#primaryimage","url":"http:\/\/t2.gstatic.com\/images?q=tbn:aqMKkJD0J4LWRM:http:\/\/oshoviha.org\/oshohereandnow\/images\/osho240.jpg","contentUrl":"http:\/\/t2.gstatic.com\/images?q=tbn:aqMKkJD0J4LWRM:http:\/\/oshoviha.org\/oshohereandnow\/images\/osho240.jpg"},{"@type":"BreadcrumbList","@id":"https:\/\/narteks.net\/index.php\/2010\/04\/08\/sayilarin-politikasi-osho\/#breadcrumb","itemListElement":[{"@type":"ListItem","position":1,"name":"Anasayfa","item":"https:\/\/narteks.net\/"},{"@type":"ListItem","position":2,"name":"Say\u0131lar\u0131n Politikas\u0131 | Osho"}]},{"@type":"WebSite","@id":"https:\/\/narteks.net\/#website","url":"https:\/\/narteks.net\/","name":"narteks.net","description":"K\u00fclt\u00fcr Sanat Edebiyat Felsefe","publisher":{"@id":"https:\/\/narteks.net\/#organization"},"alternateName":"K\u00fclt\u00fcr Sanat Edebiyat Felsefe","potentialAction":[{"@type":"SearchAction","target":{"@type":"EntryPoint","urlTemplate":"https:\/\/narteks.net\/?s={search_term_string}"},"query-input":{"@type":"PropertyValueSpecification","valueRequired":true,"valueName":"search_term_string"}}],"inLanguage":"tr"},{"@type":"Organization","@id":"https:\/\/narteks.net\/#organization","name":"narteks.net","url":"https:\/\/narteks.net\/","logo":{"@type":"ImageObject","inLanguage":"tr","@id":"https:\/\/narteks.net\/#\/schema\/logo\/image\/","url":"https:\/\/narteks.net\/wp-content\/uploads\/narteks.png","contentUrl":"https:\/\/narteks.net\/wp-content\/uploads\/narteks.png","width":300,"height":90,"caption":"narteks.net"},"image":{"@id":"https:\/\/narteks.net\/#\/schema\/logo\/image\/"},"sameAs":["https:\/\/x.com\/narteks","https:\/\/instagram.com\/narteksnet"]},{"@type":"Person","@id":"https:\/\/narteks.net\/#\/schema\/person\/61f37d9834294b72d31d274e7ed79bca","name":"Tar\u0131k","image":{"@type":"ImageObject","inLanguage":"tr","@id":"https:\/\/narteks.net\/#\/schema\/person\/image\/","url":"https:\/\/secure.gravatar.com\/avatar\/50865afb55632c4ae467e0af0930f6510aa2297d8014be502a55b14f3b7550cf?s=96&d=mm&r=g","contentUrl":"https:\/\/secure.gravatar.com\/avatar\/50865afb55632c4ae467e0af0930f6510aa2297d8014be502a55b14f3b7550cf?s=96&d=mm&r=g","caption":"Tar\u0131k"},"sameAs":["http:\/\/narteks.net"],"url":"https:\/\/narteks.net\/index.php\/author\/narbak\/"}]}},"_links":{"self":[{"href":"https:\/\/narteks.net\/index.php\/wp-json\/wp\/v2\/posts\/4456","targetHints":{"allow":["GET"]}}],"collection":[{"href":"https:\/\/narteks.net\/index.php\/wp-json\/wp\/v2\/posts"}],"about":[{"href":"https:\/\/narteks.net\/index.php\/wp-json\/wp\/v2\/types\/post"}],"author":[{"embeddable":true,"href":"https:\/\/narteks.net\/index.php\/wp-json\/wp\/v2\/users\/1"}],"replies":[{"embeddable":true,"href":"https:\/\/narteks.net\/index.php\/wp-json\/wp\/v2\/comments?post=4456"}],"version-history":[{"count":0,"href":"https:\/\/narteks.net\/index.php\/wp-json\/wp\/v2\/posts\/4456\/revisions"}],"wp:attachment":[{"href":"https:\/\/narteks.net\/index.php\/wp-json\/wp\/v2\/media?parent=4456"}],"wp:term":[{"taxonomy":"category","embeddable":true,"href":"https:\/\/narteks.net\/index.php\/wp-json\/wp\/v2\/categories?post=4456"},{"taxonomy":"post_tag","embeddable":true,"href":"https:\/\/narteks.net\/index.php\/wp-json\/wp\/v2\/tags?post=4456"}],"curies":[{"name":"wp","href":"https:\/\/api.w.org\/{rel}","templated":true}]}}