{"id":4458,"date":"2010-04-08T15:04:10","date_gmt":"2010-04-08T12:04:10","guid":{"rendered":"http:\/\/localhost\/wordpress\/2010\/04\/08\/gercek-yuzunu-bul-osho\/"},"modified":"2010-04-08T15:04:10","modified_gmt":"2010-04-08T12:04:10","slug":"gercek-yuzunu-bul-osho","status":"publish","type":"post","link":"https:\/\/narteks.net\/index.php\/2010\/04\/08\/gercek-yuzunu-bul-osho\/","title":{"rendered":"Ger\u00e7ek Y\u00fcz\u00fcn\u00fc Bul | Osho"},"content":{"rendered":"<p style=\"text-align: justify;\"><img loading=\"lazy\" decoding=\"async\" style=\"float: left;\" src=\"http:\/\/t3.gstatic.com\/images?q=tbn:_XH7Mbx07cxW-M:http:\/\/citizensoulpower.files.wordpress.com\/2008\/06\/osho.jpg\" width=\"155\" height=\"205\" border=\"0\" \/>Neysen o ol ve d\u00fcnyay\u0131 asla hi\u00e7 umursama. O zaman derin bir rahatl\u0131k hissedeceksin ve kalbin huzurla dolacak. Zen insanlar\u0131n\u0131n &#8220;ger\u00e7ek y\u00fcz&#8221; dedi\u011fi \u015fey budur; gev\u015femi\u015f, gerginlikten uzak, iddias\u0131z, iki y\u00fczl\u00fc olmayan ve nas\u0131l davranman gerekti\u011fi hakk\u0131ndaki s\u00f6zde \u00f6\u011fretiler olmadan varolmak.<\/p>\n<p>Ve unutma, ger\u00e7ek y\u00fcz \u00e7ok \u015fiirsel bir ifade ama bu, farkl\u0131 bir y\u00fcz\u00fcn olaca\u011f\u0131 anlam\u0131na gelmiyor. Ayn\u0131 y\u00fcz b\u00fct\u00fcn gerginliklerinden ar\u0131nacak, ayn\u0131 y\u00fcz gev\u015feyecek, ayn\u0131 y\u00fcz \u00f6nyarg\u0131s\u0131z olacak, bu ayn\u0131 y\u00fcz ba\u015fkalar\u0131ndan \u00fcst\u00fcn g\u00f6rmeyecek kendisini. Bu yeni de\u011ferlere sahip ayn\u0131 y\u00fcz, senin ger\u00e7ek y\u00fcz\u00fcn olacak.<\/p>\n<p>\u00c7ok eski bir atas\u00f6z\u00fc vard\u0131r:<\/p>\n<p>Bir\u00e7ok ki\u015fi, korkak olma cesaretini g\u00f6steremedi\u011fi i\u00e7in kahraman olmu\u015ftur.<\/p>\n<p>E\u011fer bir korkaksan, bunun neresi yanl\u0131\u015f? Bir korkaks\u0131n. Ne g\u00fczel bir \u015fey. Korkaklara da ihtiya\u00e7 vard\u0131r, aksi halde kahramanlar\u0131 nereden bulacaks\u0131n? Korkaklar, kahraman yaratmak i\u00e7in zorunlu olan temeli olu\u015fturmak i\u00e7in kesinlikle gereklidir.<\/p>\n<p>Sadece kendin ol, her kimsen. As\u0131l sorun daha \u00f6nce hi\u00e7 kimsenin sana kendin ol dememi\u015f olmas\u0131. Herkes burnunu sokuyor, en s\u0131radan durumlarda bile herkes sana \u015f\u00f6yle ya da b\u00f6yle davranman gerekti\u011fini s\u00f6yl\u00fcyor.<\/p>\n<p>Ben okula giderken&#8230; k\u00fc\u00e7\u00fck bir \u00e7ocukken, bana nas\u0131l olmam gerekti\u011finin s\u00f6ylenmesinden nefret ederdim. \u00d6\u011fretmenler bana r\u00fc\u015fvet teklif etmeye ba\u015flad\u0131: &#8220;E\u011fer do\u011fru davran\u0131rsan, bir dahi olabilirsin.&#8221;<\/p>\n<p>Hemen kar\u015f\u0131l\u0131k verdim: &#8220;Dahili\u011fin can\u0131 cehenneme, ben sadece kendim olmak istiyorum.&#8221; Ayaklar\u0131m\u0131 masan\u0131n \u00fcst\u00fcne koyarak otururdum ve her \u00f6\u011fretmen rahats\u0131z olurdu. &#8220;Ne bi\u00e7im davran\u0131yorsun?&#8221; diye \u00e7\u0131k\u0131\u015f\u0131rlard\u0131.<\/p>\n<p>Ben de yan\u0131t verirdim: &#8220;Masa bana yapma demiyor ki! Bu, masayla benim aramda olan bir konu, siz neden bu kadar k\u0131z\u0131yorsunuz? Ayaklar\u0131m\u0131 sizin kafan\u0131za koymu\u015f de\u011filim ki! Siz de t\u0131pk\u0131 benim gibi rahat olmal\u0131s\u0131n\u0131z. Ayr\u0131ca bu \u015fekilde sizin \u00f6\u011fretti\u011finiz sa\u00e7mal\u0131klar\u0131 \u00e7ok daha iyi anlayaca\u011f\u0131m\u0131 hissediyorum.&#8221;<\/p>\n<p>S\u0131n\u0131f\u0131n bir duvar\u0131nda \u00e7ok g\u00fczel bir pencere vard\u0131 ve pencereden d\u0131\u015far\u0131daki a\u011fa\u00e7lar, ku\u015flar ve guguk ku\u015flar\u0131 g\u00f6r\u00fcn\u00fcyordu. \u00c7o\u011funlukla pencereden d\u0131\u015far\u0131 bakard\u0131m ve \u00f6\u011fretmen gelip, &#8220;Neden okula geliyorsun ki?&#8221; diye sorard\u0131.<\/p>\n<p>Hemen yan\u0131tlard\u0131m: &#8220;\u00c7\u00fcnk\u00fc evimde b\u00f6yle, b\u00fct\u00fcn g\u00f6ky\u00fcz\u00fcn\u00fcn g\u00f6r\u00fcnd\u00fc\u011f\u00fc bir pencere yok. Ve evimin oldu\u011fu yerde guguk ku\u015flar\u0131, ku\u015flar yok. Evim \u015fehirde, etraf\u0131nda bir s\u00fcr\u00fc ba\u015fka ev var, o kadar kalabal\u0131k ki ku\u015flar oraya gelmiyor. Guguk ku\u015flar\u0131 oradakilerin \u015fark\u0131lar\u0131yla kutsayacaklar\u0131 insanlar olmad\u0131\u011f\u0131n\u0131 hissediyor.<\/p>\n<p>Buraya sizi dinlemeye geldi\u011fim fikrini unutun! \u00dccretim \u00f6deniyor. Burada sadece bir hizmet\u00e7i oldu\u011funuzu unutmay\u0131n. E\u011fer s\u0131n\u0131fta kal\u0131rsam gelip size \u015fikayette bulunmayaca\u011f\u0131m; s\u0131n\u0131fta kal\u0131rsam \u00fcz\u00fclmeyece\u011fim. Ancak e\u011fer b\u00fct\u00fcn bir y\u0131l boyunca asl\u0131nda d\u0131\u015far\u0131daki guguk ku\u015flar\u0131n\u0131 dinlerken sizi dinliyormu\u015f gibi yaparsam, bu iki y\u00fczl\u00fc bir ya\u015fam\u0131n ba\u015flang\u0131c\u0131 olur ve ben iki y\u00fczl\u00fc olmak istemiyorum.&#8221;<\/p>\n<p>\u00d6\u011fretmenler, profes\u00f6rler her konuyu belirli bir \u015fekilde yapmam\u0131 istedi. O g\u00fcnlerde benim okulumda -ve belki de h\u00e2l\u00e2 devam ediyordur- herkes kep tak\u0131yordu. Benim keplere kar\u015f\u0131 hi\u00e7bir husumetim yok; \u00fcniversiteden ayr\u0131ld\u0131ktan sonra kep giymeye ba\u015flad\u0131m ama \u00fcniversiteden ayr\u0131l\u0131ncaya kadar hi\u00e7 giymedim. Rahats\u0131z olan ilk \u00f6\u011fretmen geldi ve &#8220;Okulun disiplinini bozuyorsun. Kepin nerede?&#8221; diye sordu.<\/p>\n<p>&#8220;Okul y\u00f6netmeli\u011fini getirin. Orada her \u00e7ocu\u011fun kep giymesi gerekti\u011finden s\u00f6z ediliyor mu? E\u011fer yoksa, okul kurallar\u0131na ayk\u0131r\u0131 olan bir \u015feyi bana dikte ettirmeye \u00e7al\u0131\u015f\u0131yorsunuz.&#8221; dedim.<\/p>\n<p>Beni m\u00fcd\u00fcre g\u00f6t\u00fcrd\u00fc ve ben de m\u00fcd\u00fcrle konu\u015ftum: &#8220;Ben haz\u0131r\u0131m. Bana kep takman\u0131n mecburi oldu\u011funu yazan maddeyi g\u00f6sterin. E\u011fer mecburiyse okuldan ayr\u0131lmam gerekebilir ama \u00f6nce kep takman\u0131n mecburi oldu\u011funun nerede yazd\u0131\u011f\u0131n\u0131 g\u00f6sterin.&#8221;<\/p>\n<p>Tabii b\u00f6yle bir yaz\u0131l\u0131 kural yoktu ve ben devam ettim: &#8220;Bana kep takmak i\u00e7in ge\u00e7erlili\u011fi olan mant\u0131kl\u0131 bir neden g\u00f6sterebilir misiniz? Zek\u00e2m\u0131 artt\u0131racak m\u0131? Hayat\u0131m\u0131 uzatacak m\u0131? Beni daha sa\u011fl\u0131kl\u0131 m\u0131 yapacak, daha anlay\u0131\u015fl\u0131 m\u0131 k\u0131lacak? Bildi\u011fim kadar\u0131yla Hindistan&#8217;da ba\u015fa bir \u015fey tak\u0131lmad\u0131\u011f\u0131 tek eyalet Bengal ve \u00fclkenin en zeki b\u00f6lgesi oras\u0131. Punjab ise tam tersi. Orada insanlar kep yerine sar\u0131k tak\u0131yor. O kadar b\u00fcy\u00fck sar\u0131klar kullan\u0131yorlar ki, sanki ka\u00e7maya \u00e7al\u0131\u015fan zekalar\u0131n\u0131 kafalar\u0131n\u0131n i\u00e7inde tutmaya \u00e7al\u0131\u015f\u0131yorlar. Sonu\u00e7ta Punjab \u00fclkenin en az zeki b\u00f6lgesi.&#8221;<\/p>\n<p>M\u00fcd\u00fcr cevap verdi: &#8220;S\u00f6ylediklerin mant\u0131kl\u0131 ama bu bir okul disiplini sorunu. E\u011fer sen kep takmazsan, ba\u015fkalar\u0131 da takmaz.&#8221;<\/p>\n<p>Ben de, &#8220;O zaman neden korkuyorsunuz? Bu gelene\u011fi terk edin.&#8221; dedim.<\/p>\n<p>Hi\u00e7 kimse kesinlikle hi\u00e7 \u00f6nemi olmayan konularda bile kendin olmana izin vermek istemiyor.<\/p>\n<p>Gen\u00e7li\u011fimde sa\u00e7lar\u0131m uzundu. S\u00fcrekli babam\u0131n d\u00fckkan\u0131na girip \u00e7\u0131kmak zorunda kal\u0131rd\u0131m \u00e7\u00fcnk\u00fc evimize giri\u015f sadece d\u00fckkandand\u0131. Ev, d\u00fckkan\u0131n arkas\u0131ndayd\u0131 ve d\u00fckkandan ge\u00e7mek zorundayd\u0131k. \u0130nsanlar &#8220;Bu kimin k\u0131z\u0131?&#8221; diye sorard\u0131. Sa\u00e7lar\u0131m o kadar uzundu ki, bir o\u011flan\u0131n bu kadar uzun sa\u00e7l\u0131 olabilece\u011fini hayal bile edemiyorlard\u0131.<\/p>\n<p>Babam epey bir utana s\u0131k\u0131la, &#8220;O, o\u011flan.&#8221; demi\u015fti.<\/p>\n<p>&#8220;Ama o zaman sa\u00e7lar\u0131 neden bu kadar uzun?&#8221; diye sordular.<\/p>\n<p>Bir g\u00fcn &#8211; bu babam\u0131n normal tavr\u0131 de\u011fildi &#8211; o kadar utan\u0131p, k\u0131zm\u0131\u015ft\u0131 ki gelip sa\u00e7lar\u0131m\u0131 kendi elleriyle kesmi\u015fti. D\u00fckkanda kuma\u015f kesmek i\u00e7in kulland\u0131\u011f\u0131 makas\u0131 al\u0131p sa\u00e7lar\u0131m\u0131 kesmi\u015fti. Ona bir \u015fey s\u00f6ylemedim&#8230; buna \u015fa\u015f\u0131rd\u0131. &#8220;Hi\u00e7bir \u015fey s\u00f6ylemeyecek misin?&#8221; diye sordu.<\/p>\n<p>&#8220;Kendi tarz\u0131mla s\u00f6yleyece\u011fim.&#8221; diye yan\u0131tlad\u0131m.<\/p>\n<p>&#8220;Ne demek istiyorsun?&#8221;<\/p>\n<p>&#8220;G\u00f6r\u00fcrs\u00fcn.&#8221; dedim. Evimizin kar\u015f\u0131s\u0131nda d\u00fckkan\u0131 olan afyon m\u00fcptelas\u0131 berbere gittim. O, sayg\u0131 duydu\u011fum tek insand\u0131. Yan yana bir s\u00fcr\u00fc berber d\u00fckkan\u0131 vard\u0131 ama ben o ihtiyar\u0131 \u00e7ok severdim. \u015eahs\u0131na m\u00fcnhas\u0131r bir adamd\u0131 ve beni \u00e7ok severdi; saatlerce konu\u015furduk. S\u00fcrekli sa\u00e7malard\u0131! Bir g\u00fcn bana \u015f\u00f6yle dedi: &#8220;B\u00fct\u00fcn afyon m\u00fcptelalar\u0131 bir araya gelip siyasi parti kurabilirse, \u00fclkeyi ele ge\u00e7irebilirdik!&#8221;<\/p>\n<p>&#8220;\u00c7ok iyi bir fikir!&#8221; dedim.<\/p>\n<p>&#8220;Ama&#8221; diye devam etti, &#8220;hepimiz afyon m\u00fcptelas\u0131 oldu\u011fumuz i\u00e7in, ben kendi fikirlerimi bile unutuyorum.&#8221;<\/p>\n<p>&#8220;Endi\u015fe etme. Ben buraday\u0131m ve hat\u0131rlar\u0131m. Sen bana bu \u00fclkede neleri de\u011fi\u015ftirmek istedi\u011fini, ne t\u00fcr bir siyasi ideoloji istedi\u011fini s\u00f6yle, ben hallederim.&#8221;<\/p>\n<p>Ama o g\u00fcn ona gidip sa\u00e7lar\u0131m\u0131 kaz\u0131mas\u0131n\u0131 s\u00f6yledim. Hindistan&#8217;da sadece babas\u0131 \u00f6lenler sa\u00e7lar\u0131n\u0131 kaz\u0131t\u0131r. Bir an i\u00e7in afyon m\u00fcptelas\u0131 berber bile ay\u0131ld\u0131 ve &#8220;Ne oldu? Baban m\u0131 \u00f6ld\u00fc?&#8221; diye sordu.<\/p>\n<p>&#8220;Sen bunu kafana takma. Dedi\u011fimi yap yeter; gerisi seni ilgilendirmez! Sa\u00e7lar\u0131m\u0131 kaz\u0131man\u0131 istiyorum&#8221; dedim.<\/p>\n<p>&#8220;Tamam!&#8221; dedi. &#8220;En kolay\u0131 bu. \u00c7o\u011fu zaman ba\u015f\u0131m derde giriyor, insanlar bana &#8216;sakal\u0131m\u0131 kes&#8217; diyor ve ben unutup kafalar\u0131n\u0131 kaz\u0131yorum. &#8216;Ne yapt\u0131n?&#8217; diye k\u0131z\u0131yorlar ve ben de &#8216;Ne k\u0131z\u0131yorsun? Olan olmu\u015f, bu y\u00fczden senden para almayaca\u011f\u0131m.&#8217; diyorum.&#8221;<\/p>\n<p>Hep gidip d\u00fckkan\u0131nda otururdum \u00e7\u00fcnk\u00fc s\u00fcrekli komik bir \u015feyler olurdu. Adam\u0131n b\u0131y\u0131\u011f\u0131n\u0131n yar\u0131s\u0131n\u0131 kesti\u011fi zaman birden akl\u0131na bir \u015fey gelir ve, &#8220;Bekle, \u00e7ok acil bir i\u015fim oldu\u011funu hat\u0131rlad\u0131m.&#8221; derdi. Adam arkas\u0131ndan ba\u011f\u0131r\u0131rd\u0131: &#8220;Ama ben koltukta kald\u0131m ve b\u0131y\u0131\u011f\u0131m\u0131n yar\u0131s\u0131 duruyor. D\u00fckkandan d\u0131\u015far\u0131 \u00e7\u0131kamam ki!&#8221; Berber, &#8220;Hemen geliyorum!&#8221; diye ba\u011f\u0131r\u0131rd\u0131.<\/p>\n<p>Ama saatler ge\u00e7mesine ra\u011fmen d\u00f6nmezdi ve koltuktaki adam s\u00f6ylenir dururdu: &#8220;Bu adam aptal m\u0131 ne?&#8221;<\/p>\n<p>Bir keresinde, bir adam\u0131n b\u0131y\u0131\u011f\u0131n\u0131n di\u011fer yar\u0131s\u0131n\u0131 ben kesmek zorunda kald\u0131m. Ona, &#8220;Art\u0131k \u00f6zg\u00fcrs\u00fcn. Bu d\u00fckkana bir daha gelme yeter. Adam sana \u00e7ok b\u00fcy\u00fck bir zarar vermedi, sadece \u00e7ok unutkan, hepsi bu.&#8221; dedim.<\/p>\n<p>Neyse. Berber, &#8220;Hakl\u0131s\u0131n. Beni ilgilendirmez. E\u011fer \u00f6lm\u00fc\u015fse, \u00f6lm\u00fc\u015ft\u00fcr.&#8221; dedi.<\/p>\n<p>Sa\u00e7lar\u0131m\u0131 tamamen kaz\u0131d\u0131 ve ben de eve gittim. D\u00fckkandan ge\u00e7tim. Babam ve b\u00fct\u00fcn m\u00fc\u015fteriler bana bakt\u0131. M\u00fc\u015fteriler hemen sordu: &#8220;Ne oldu? Bu kimin o\u011flu? Babas\u0131 \u00f6lm\u00fc\u015f.&#8221;<\/p>\n<p>Babam yan\u0131tlad\u0131: &#8220;O benim o\u011flum ve ben ya\u015f\u0131yorum! Bir \u015feyler yapaca\u011f\u0131n\u0131 biliyordum. Bana iyi bir cevap verdi.&#8221;<\/p>\n<p>Nereye gidersem gideyim insanlar hemen soruyordu: &#8220;Ne oldu? Baban \u00e7ok sa\u011fl\u0131kl\u0131 g\u00f6r\u00fcn\u00fcyordu.&#8221;<\/p>\n<p>&#8220;\u0130nsanlar her ya\u015fta \u00f6lebilir. Onun i\u00e7in endi\u015feleniyorsunuz ama benim sa\u00e7lar\u0131m i\u00e7in endi\u015felenen yok.&#8221;<\/p>\n<p>Bu, babam\u0131n bana yapt\u0131\u011f\u0131 son m\u00fcdahale oldu. \u00c7\u00fcnk\u00fc kar\u015f\u0131l\u0131\u011f\u0131n\u0131n daha tehlikeli olabilece\u011fini anlad\u0131! Hatta gidip sa\u00e7lar\u0131n \u00e7abuk uzamas\u0131 i\u00e7in kullan\u0131lan belirli bir ya\u011f ald\u0131. Bu \u00e7ok pahal\u0131 bir ya\u011fd\u0131r, Bengal&#8217;de yeti\u015fen javakusum ad\u0131ndaki bir \u00e7i\u00e7ekten \u00e7\u0131kart\u0131l\u0131r. \u00c7ok nadir bulunan, \u00e7ok pahal\u0131 bir ya\u011fd\u0131r. Sadece en zenginler kullan\u0131rd\u0131. Erkekler de\u011fil, kad\u0131nlar kullan\u0131rd\u0131. Sa\u00e7lar\u0131n\u0131 m\u00fcmk\u00fcn oldu\u011funca uzun tutmak i\u00e7in. Bengal&#8217;de sa\u00e7lar\u0131 yerleri s\u00fcp\u00fcren kad\u0131nlarla kar\u015f\u0131la\u015ft\u0131m. Bir bu\u00e7uk metre, iki metre uzunlu\u011funda sa\u00e7lar. O ya\u011f, \u00f6zellikle sa\u00e7lar\u0131 \u00e7ok g\u00fc\u00e7l\u00fc yap\u0131yor, hemen uzat\u0131yordu.<\/p>\n<p>&#8220;\u015eimdi anlad\u0131n.&#8221; dedim.<\/p>\n<p>&#8220;Evet, anlad\u0131m.&#8221; dedi. &#8220;Bu ya\u011f\u0131 hemen kullan; birka\u00e7 ay sonra sa\u00e7lar\u0131n geri gelecektir.&#8221;<\/p>\n<p>&#8220;Bu durumu sen yaratt\u0131n. Utanacak ne vard\u0131? &#8216;Benim k\u0131z\u0131m&#8217; diyebilirdin. Bu beni rahats\u0131z etmezdi. Ama bana bu \u015fekilde m\u00fcdahale etmen \u00e7ok yanl\u0131\u015ft\u0131. \u015eiddet dolu ve barbarcayd\u0131. Bana hi\u00e7bir \u015fey s\u00f6ylemeden gelip sa\u00e7lar\u0131m\u0131 kesmeye ba\u015flad\u0131n.&#8221; dedim.<\/p>\n<p>Hi\u00e7 kimse ba\u015fkas\u0131n\u0131n kendisi olmas\u0131na izin vermiyor. Bu fikirler o kadar derinine i\u015flemi\u015ftir ki, sanki kendi fikrinmi\u015f gibi g\u00f6r\u00fcn\u00fcr. Rahatla. B\u00fct\u00fcn bu \u015fartland\u0131rmalar\u0131 unut, kuruyan yapraklar\u0131n a\u011fa\u00e7lardan yere d\u00fc\u015fmesi gibi onlar\u0131 b\u0131rak. Plastik yapraklara, plastik \u00e7i\u00e7eklere sahip olmaktansa, yapraks\u0131z, \u00e7\u0131plak bir a\u011fa\u00e7 olmak daha iyidir.<\/p>\n<p>Ger\u00e7ek y\u00fcz sadece, herhangi bir ahlak kural\u0131n\u0131n, dinin, toplumun, ebeveynlerin, \u00f6\u011fretmenlerin, rahiplerin sana h\u00fckmetmesine izin vermemek demektir. Hi\u00e7 kimsenin hakimiyeti alt\u0131nda olmamak demektir. Sadece hayat\u0131n\u0131 i\u00e7sel duyarl\u0131l\u0131\u011f\u0131na uygun olarak ya\u015fa &#8211; ki bu duyarl\u0131l\u0131\u011f\u0131n var &#8211; ve ger\u00e7ek y\u00fcz\u00fcne sahip olacaks\u0131n.<\/p>\n","protected":false},"excerpt":{"rendered":"<p>Neysen o ol ve d\u00fcnyay\u0131 asla hi\u00e7 umursama. O zaman derin bir rahatl\u0131k hissedeceksin ve kalbin huzurla dolacak. Zen insanlar\u0131n\u0131n &#8220;ger\u00e7ek y\u00fcz&#8221; dedi\u011fi \u015fey budur; gev\u015femi\u015f, gerginlikten uzak, iddias\u0131z, iki y\u00fczl\u00fc olmayan ve nas\u0131l davranman gerekti\u011fi hakk\u0131ndaki s\u00f6zde \u00f6\u011fretiler olmadan varolmak. Ve unutma, ger\u00e7ek y\u00fcz \u00e7ok \u015fiirsel bir ifade ama bu, farkl\u0131 bir y\u00fcz\u00fcn olaca\u011f\u0131 [&hellip;]<\/p>\n","protected":false},"author":1,"featured_media":0,"comment_status":"open","ping_status":"open","sticky":false,"template":"","format":"standard","meta":{"footnotes":""},"categories":[40],"tags":[],"class_list":["post-4458","post","type-post","status-publish","format-standard","category-osho"],"yoast_head":"<!-- This site is optimized with the Yoast SEO Premium plugin v24.9 (Yoast SEO v24.9) - https:\/\/yoast.com\/wordpress\/plugins\/seo\/ -->\n<title>Ger\u00e7ek Y\u00fcz\u00fcn\u00fc Bul | Osho - narteks.net<\/title>\n<meta name=\"robots\" content=\"index, follow, max-snippet:-1, max-image-preview:large, max-video-preview:-1\" \/>\n<link rel=\"canonical\" href=\"https:\/\/narteks.net\/index.php\/2010\/04\/08\/gercek-yuzunu-bul-osho\/\" \/>\n<meta property=\"og:locale\" content=\"tr_TR\" \/>\n<meta property=\"og:type\" content=\"article\" \/>\n<meta property=\"og:title\" content=\"Ger\u00e7ek Y\u00fcz\u00fcn\u00fc Bul | Osho\" \/>\n<meta property=\"og:description\" content=\"Neysen o ol ve d\u00fcnyay\u0131 asla hi\u00e7 umursama. O zaman derin bir rahatl\u0131k hissedeceksin ve kalbin huzurla dolacak. Zen insanlar\u0131n\u0131n &#8220;ger\u00e7ek y\u00fcz&#8221; dedi\u011fi \u015fey budur; gev\u015femi\u015f, gerginlikten uzak, iddias\u0131z, iki y\u00fczl\u00fc olmayan ve nas\u0131l davranman gerekti\u011fi hakk\u0131ndaki s\u00f6zde \u00f6\u011fretiler olmadan varolmak. Ve unutma, ger\u00e7ek y\u00fcz \u00e7ok \u015fiirsel bir ifade ama bu, farkl\u0131 bir y\u00fcz\u00fcn olaca\u011f\u0131 [&hellip;]\" \/>\n<meta property=\"og:url\" content=\"https:\/\/narteks.net\/index.php\/2010\/04\/08\/gercek-yuzunu-bul-osho\/\" \/>\n<meta property=\"og:site_name\" content=\"narteks.net\" \/>\n<meta property=\"article:published_time\" content=\"2010-04-08T12:04:10+00:00\" \/>\n<meta property=\"og:image\" content=\"http:\/\/t3.gstatic.com\/images?q=tbn:_XH7Mbx07cxW-M:http:\/\/citizensoulpower.files.wordpress.com\/2008\/06\/osho.jpg\" \/>\n<meta name=\"author\" content=\"Tar\u0131k\" \/>\n<meta name=\"twitter:card\" content=\"summary_large_image\" \/>\n<meta name=\"twitter:creator\" content=\"@narteks\" \/>\n<meta name=\"twitter:site\" content=\"@narteks\" \/>\n<meta name=\"twitter:label1\" content=\"Yazan:\" \/>\n\t<meta name=\"twitter:data1\" content=\"Tar\u0131k\" \/>\n\t<meta name=\"twitter:label2\" content=\"Tahmini okuma s\u00fcresi\" \/>\n\t<meta name=\"twitter:data2\" content=\"9 dakika\" \/>\n<script type=\"application\/ld+json\" class=\"yoast-schema-graph\">{\"@context\":\"https:\/\/schema.org\",\"@graph\":[{\"@type\":\"Article\",\"@id\":\"https:\/\/narteks.net\/index.php\/2010\/04\/08\/gercek-yuzunu-bul-osho\/#article\",\"isPartOf\":{\"@id\":\"https:\/\/narteks.net\/index.php\/2010\/04\/08\/gercek-yuzunu-bul-osho\/\"},\"author\":{\"name\":\"Tar\u0131k\",\"@id\":\"https:\/\/narteks.net\/#\/schema\/person\/61f37d9834294b72d31d274e7ed79bca\"},\"headline\":\"Ger\u00e7ek Y\u00fcz\u00fcn\u00fc Bul | Osho\",\"datePublished\":\"2010-04-08T12:04:10+00:00\",\"mainEntityOfPage\":{\"@id\":\"https:\/\/narteks.net\/index.php\/2010\/04\/08\/gercek-yuzunu-bul-osho\/\"},\"wordCount\":1838,\"commentCount\":0,\"publisher\":{\"@id\":\"https:\/\/narteks.net\/#organization\"},\"image\":{\"@id\":\"https:\/\/narteks.net\/index.php\/2010\/04\/08\/gercek-yuzunu-bul-osho\/#primaryimage\"},\"thumbnailUrl\":\"http:\/\/t3.gstatic.com\/images?q=tbn:_XH7Mbx07cxW-M:http:\/\/citizensoulpower.files.wordpress.com\/2008\/06\/osho.jpg\",\"articleSection\":[\"Osho\"],\"inLanguage\":\"tr\",\"potentialAction\":[{\"@type\":\"CommentAction\",\"name\":\"Comment\",\"target\":[\"https:\/\/narteks.net\/index.php\/2010\/04\/08\/gercek-yuzunu-bul-osho\/#respond\"]}]},{\"@type\":\"WebPage\",\"@id\":\"https:\/\/narteks.net\/index.php\/2010\/04\/08\/gercek-yuzunu-bul-osho\/\",\"url\":\"https:\/\/narteks.net\/index.php\/2010\/04\/08\/gercek-yuzunu-bul-osho\/\",\"name\":\"Ger\u00e7ek Y\u00fcz\u00fcn\u00fc Bul | Osho - narteks.net\",\"isPartOf\":{\"@id\":\"https:\/\/narteks.net\/#website\"},\"primaryImageOfPage\":{\"@id\":\"https:\/\/narteks.net\/index.php\/2010\/04\/08\/gercek-yuzunu-bul-osho\/#primaryimage\"},\"image\":{\"@id\":\"https:\/\/narteks.net\/index.php\/2010\/04\/08\/gercek-yuzunu-bul-osho\/#primaryimage\"},\"thumbnailUrl\":\"http:\/\/t3.gstatic.com\/images?q=tbn:_XH7Mbx07cxW-M:http:\/\/citizensoulpower.files.wordpress.com\/2008\/06\/osho.jpg\",\"datePublished\":\"2010-04-08T12:04:10+00:00\",\"breadcrumb\":{\"@id\":\"https:\/\/narteks.net\/index.php\/2010\/04\/08\/gercek-yuzunu-bul-osho\/#breadcrumb\"},\"inLanguage\":\"tr\",\"potentialAction\":[{\"@type\":\"ReadAction\",\"target\":[\"https:\/\/narteks.net\/index.php\/2010\/04\/08\/gercek-yuzunu-bul-osho\/\"]}]},{\"@type\":\"ImageObject\",\"inLanguage\":\"tr\",\"@id\":\"https:\/\/narteks.net\/index.php\/2010\/04\/08\/gercek-yuzunu-bul-osho\/#primaryimage\",\"url\":\"http:\/\/t3.gstatic.com\/images?q=tbn:_XH7Mbx07cxW-M:http:\/\/citizensoulpower.files.wordpress.com\/2008\/06\/osho.jpg\",\"contentUrl\":\"http:\/\/t3.gstatic.com\/images?q=tbn:_XH7Mbx07cxW-M:http:\/\/citizensoulpower.files.wordpress.com\/2008\/06\/osho.jpg\"},{\"@type\":\"BreadcrumbList\",\"@id\":\"https:\/\/narteks.net\/index.php\/2010\/04\/08\/gercek-yuzunu-bul-osho\/#breadcrumb\",\"itemListElement\":[{\"@type\":\"ListItem\",\"position\":1,\"name\":\"Anasayfa\",\"item\":\"https:\/\/narteks.net\/\"},{\"@type\":\"ListItem\",\"position\":2,\"name\":\"Ger\u00e7ek Y\u00fcz\u00fcn\u00fc Bul | Osho\"}]},{\"@type\":\"WebSite\",\"@id\":\"https:\/\/narteks.net\/#website\",\"url\":\"https:\/\/narteks.net\/\",\"name\":\"narteks.net\",\"description\":\"K\u00fclt\u00fcr Sanat Edebiyat Felsefe\",\"publisher\":{\"@id\":\"https:\/\/narteks.net\/#organization\"},\"alternateName\":\"K\u00fclt\u00fcr Sanat Edebiyat Felsefe\",\"potentialAction\":[{\"@type\":\"SearchAction\",\"target\":{\"@type\":\"EntryPoint\",\"urlTemplate\":\"https:\/\/narteks.net\/?s={search_term_string}\"},\"query-input\":{\"@type\":\"PropertyValueSpecification\",\"valueRequired\":true,\"valueName\":\"search_term_string\"}}],\"inLanguage\":\"tr\"},{\"@type\":\"Organization\",\"@id\":\"https:\/\/narteks.net\/#organization\",\"name\":\"narteks.net\",\"url\":\"https:\/\/narteks.net\/\",\"logo\":{\"@type\":\"ImageObject\",\"inLanguage\":\"tr\",\"@id\":\"https:\/\/narteks.net\/#\/schema\/logo\/image\/\",\"url\":\"https:\/\/narteks.net\/wp-content\/uploads\/narteks.png\",\"contentUrl\":\"https:\/\/narteks.net\/wp-content\/uploads\/narteks.png\",\"width\":300,\"height\":90,\"caption\":\"narteks.net\"},\"image\":{\"@id\":\"https:\/\/narteks.net\/#\/schema\/logo\/image\/\"},\"sameAs\":[\"https:\/\/x.com\/narteks\",\"https:\/\/instagram.com\/narteksnet\"]},{\"@type\":\"Person\",\"@id\":\"https:\/\/narteks.net\/#\/schema\/person\/61f37d9834294b72d31d274e7ed79bca\",\"name\":\"Tar\u0131k\",\"image\":{\"@type\":\"ImageObject\",\"inLanguage\":\"tr\",\"@id\":\"https:\/\/narteks.net\/#\/schema\/person\/image\/\",\"url\":\"https:\/\/secure.gravatar.com\/avatar\/50865afb55632c4ae467e0af0930f6510aa2297d8014be502a55b14f3b7550cf?s=96&d=mm&r=g\",\"contentUrl\":\"https:\/\/secure.gravatar.com\/avatar\/50865afb55632c4ae467e0af0930f6510aa2297d8014be502a55b14f3b7550cf?s=96&d=mm&r=g\",\"caption\":\"Tar\u0131k\"},\"sameAs\":[\"http:\/\/narteks.net\"],\"url\":\"https:\/\/narteks.net\/index.php\/author\/narbak\/\"}]}<\/script>\n<!-- \/ Yoast SEO Premium plugin. -->","yoast_head_json":{"title":"Ger\u00e7ek Y\u00fcz\u00fcn\u00fc Bul | Osho - narteks.net","robots":{"index":"index","follow":"follow","max-snippet":"max-snippet:-1","max-image-preview":"max-image-preview:large","max-video-preview":"max-video-preview:-1"},"canonical":"https:\/\/narteks.net\/index.php\/2010\/04\/08\/gercek-yuzunu-bul-osho\/","og_locale":"tr_TR","og_type":"article","og_title":"Ger\u00e7ek Y\u00fcz\u00fcn\u00fc Bul | Osho","og_description":"Neysen o ol ve d\u00fcnyay\u0131 asla hi\u00e7 umursama. O zaman derin bir rahatl\u0131k hissedeceksin ve kalbin huzurla dolacak. Zen insanlar\u0131n\u0131n &#8220;ger\u00e7ek y\u00fcz&#8221; dedi\u011fi \u015fey budur; gev\u015femi\u015f, gerginlikten uzak, iddias\u0131z, iki y\u00fczl\u00fc olmayan ve nas\u0131l davranman gerekti\u011fi hakk\u0131ndaki s\u00f6zde \u00f6\u011fretiler olmadan varolmak. Ve unutma, ger\u00e7ek y\u00fcz \u00e7ok \u015fiirsel bir ifade ama bu, farkl\u0131 bir y\u00fcz\u00fcn olaca\u011f\u0131 [&hellip;]","og_url":"https:\/\/narteks.net\/index.php\/2010\/04\/08\/gercek-yuzunu-bul-osho\/","og_site_name":"narteks.net","article_published_time":"2010-04-08T12:04:10+00:00","og_image":[{"url":"http:\/\/t3.gstatic.com\/images?q=tbn:_XH7Mbx07cxW-M:http:\/\/citizensoulpower.files.wordpress.com\/2008\/06\/osho.jpg","type":"","width":"","height":""}],"author":"Tar\u0131k","twitter_card":"summary_large_image","twitter_creator":"@narteks","twitter_site":"@narteks","twitter_misc":{"Yazan:":"Tar\u0131k","Tahmini okuma s\u00fcresi":"9 dakika"},"schema":{"@context":"https:\/\/schema.org","@graph":[{"@type":"Article","@id":"https:\/\/narteks.net\/index.php\/2010\/04\/08\/gercek-yuzunu-bul-osho\/#article","isPartOf":{"@id":"https:\/\/narteks.net\/index.php\/2010\/04\/08\/gercek-yuzunu-bul-osho\/"},"author":{"name":"Tar\u0131k","@id":"https:\/\/narteks.net\/#\/schema\/person\/61f37d9834294b72d31d274e7ed79bca"},"headline":"Ger\u00e7ek Y\u00fcz\u00fcn\u00fc Bul | Osho","datePublished":"2010-04-08T12:04:10+00:00","mainEntityOfPage":{"@id":"https:\/\/narteks.net\/index.php\/2010\/04\/08\/gercek-yuzunu-bul-osho\/"},"wordCount":1838,"commentCount":0,"publisher":{"@id":"https:\/\/narteks.net\/#organization"},"image":{"@id":"https:\/\/narteks.net\/index.php\/2010\/04\/08\/gercek-yuzunu-bul-osho\/#primaryimage"},"thumbnailUrl":"http:\/\/t3.gstatic.com\/images?q=tbn:_XH7Mbx07cxW-M:http:\/\/citizensoulpower.files.wordpress.com\/2008\/06\/osho.jpg","articleSection":["Osho"],"inLanguage":"tr","potentialAction":[{"@type":"CommentAction","name":"Comment","target":["https:\/\/narteks.net\/index.php\/2010\/04\/08\/gercek-yuzunu-bul-osho\/#respond"]}]},{"@type":"WebPage","@id":"https:\/\/narteks.net\/index.php\/2010\/04\/08\/gercek-yuzunu-bul-osho\/","url":"https:\/\/narteks.net\/index.php\/2010\/04\/08\/gercek-yuzunu-bul-osho\/","name":"Ger\u00e7ek Y\u00fcz\u00fcn\u00fc Bul | Osho - narteks.net","isPartOf":{"@id":"https:\/\/narteks.net\/#website"},"primaryImageOfPage":{"@id":"https:\/\/narteks.net\/index.php\/2010\/04\/08\/gercek-yuzunu-bul-osho\/#primaryimage"},"image":{"@id":"https:\/\/narteks.net\/index.php\/2010\/04\/08\/gercek-yuzunu-bul-osho\/#primaryimage"},"thumbnailUrl":"http:\/\/t3.gstatic.com\/images?q=tbn:_XH7Mbx07cxW-M:http:\/\/citizensoulpower.files.wordpress.com\/2008\/06\/osho.jpg","datePublished":"2010-04-08T12:04:10+00:00","breadcrumb":{"@id":"https:\/\/narteks.net\/index.php\/2010\/04\/08\/gercek-yuzunu-bul-osho\/#breadcrumb"},"inLanguage":"tr","potentialAction":[{"@type":"ReadAction","target":["https:\/\/narteks.net\/index.php\/2010\/04\/08\/gercek-yuzunu-bul-osho\/"]}]},{"@type":"ImageObject","inLanguage":"tr","@id":"https:\/\/narteks.net\/index.php\/2010\/04\/08\/gercek-yuzunu-bul-osho\/#primaryimage","url":"http:\/\/t3.gstatic.com\/images?q=tbn:_XH7Mbx07cxW-M:http:\/\/citizensoulpower.files.wordpress.com\/2008\/06\/osho.jpg","contentUrl":"http:\/\/t3.gstatic.com\/images?q=tbn:_XH7Mbx07cxW-M:http:\/\/citizensoulpower.files.wordpress.com\/2008\/06\/osho.jpg"},{"@type":"BreadcrumbList","@id":"https:\/\/narteks.net\/index.php\/2010\/04\/08\/gercek-yuzunu-bul-osho\/#breadcrumb","itemListElement":[{"@type":"ListItem","position":1,"name":"Anasayfa","item":"https:\/\/narteks.net\/"},{"@type":"ListItem","position":2,"name":"Ger\u00e7ek Y\u00fcz\u00fcn\u00fc Bul | Osho"}]},{"@type":"WebSite","@id":"https:\/\/narteks.net\/#website","url":"https:\/\/narteks.net\/","name":"narteks.net","description":"K\u00fclt\u00fcr Sanat Edebiyat Felsefe","publisher":{"@id":"https:\/\/narteks.net\/#organization"},"alternateName":"K\u00fclt\u00fcr Sanat Edebiyat Felsefe","potentialAction":[{"@type":"SearchAction","target":{"@type":"EntryPoint","urlTemplate":"https:\/\/narteks.net\/?s={search_term_string}"},"query-input":{"@type":"PropertyValueSpecification","valueRequired":true,"valueName":"search_term_string"}}],"inLanguage":"tr"},{"@type":"Organization","@id":"https:\/\/narteks.net\/#organization","name":"narteks.net","url":"https:\/\/narteks.net\/","logo":{"@type":"ImageObject","inLanguage":"tr","@id":"https:\/\/narteks.net\/#\/schema\/logo\/image\/","url":"https:\/\/narteks.net\/wp-content\/uploads\/narteks.png","contentUrl":"https:\/\/narteks.net\/wp-content\/uploads\/narteks.png","width":300,"height":90,"caption":"narteks.net"},"image":{"@id":"https:\/\/narteks.net\/#\/schema\/logo\/image\/"},"sameAs":["https:\/\/x.com\/narteks","https:\/\/instagram.com\/narteksnet"]},{"@type":"Person","@id":"https:\/\/narteks.net\/#\/schema\/person\/61f37d9834294b72d31d274e7ed79bca","name":"Tar\u0131k","image":{"@type":"ImageObject","inLanguage":"tr","@id":"https:\/\/narteks.net\/#\/schema\/person\/image\/","url":"https:\/\/secure.gravatar.com\/avatar\/50865afb55632c4ae467e0af0930f6510aa2297d8014be502a55b14f3b7550cf?s=96&d=mm&r=g","contentUrl":"https:\/\/secure.gravatar.com\/avatar\/50865afb55632c4ae467e0af0930f6510aa2297d8014be502a55b14f3b7550cf?s=96&d=mm&r=g","caption":"Tar\u0131k"},"sameAs":["http:\/\/narteks.net"],"url":"https:\/\/narteks.net\/index.php\/author\/narbak\/"}]}},"_links":{"self":[{"href":"https:\/\/narteks.net\/index.php\/wp-json\/wp\/v2\/posts\/4458","targetHints":{"allow":["GET"]}}],"collection":[{"href":"https:\/\/narteks.net\/index.php\/wp-json\/wp\/v2\/posts"}],"about":[{"href":"https:\/\/narteks.net\/index.php\/wp-json\/wp\/v2\/types\/post"}],"author":[{"embeddable":true,"href":"https:\/\/narteks.net\/index.php\/wp-json\/wp\/v2\/users\/1"}],"replies":[{"embeddable":true,"href":"https:\/\/narteks.net\/index.php\/wp-json\/wp\/v2\/comments?post=4458"}],"version-history":[{"count":0,"href":"https:\/\/narteks.net\/index.php\/wp-json\/wp\/v2\/posts\/4458\/revisions"}],"wp:attachment":[{"href":"https:\/\/narteks.net\/index.php\/wp-json\/wp\/v2\/media?parent=4458"}],"wp:term":[{"taxonomy":"category","embeddable":true,"href":"https:\/\/narteks.net\/index.php\/wp-json\/wp\/v2\/categories?post=4458"},{"taxonomy":"post_tag","embeddable":true,"href":"https:\/\/narteks.net\/index.php\/wp-json\/wp\/v2\/tags?post=4458"}],"curies":[{"name":"wp","href":"https:\/\/api.w.org\/{rel}","templated":true}]}}