{"id":4460,"date":"2010-04-08T15:53:19","date_gmt":"2010-04-08T12:53:19","guid":{"rendered":"http:\/\/localhost\/wordpress\/2010\/04\/08\/onu-dinlerkeninsanlarin-da-ucabilecegini-dusunebilirsiniz-loreena-mckennitt-ve-sarkilari\/"},"modified":"2010-04-08T15:53:19","modified_gmt":"2010-04-08T12:53:19","slug":"onu-dinlerkeninsanlarin-da-ucabilecegini-dusunebilirsiniz-loreena-mckennitt-ve-sarkilari","status":"publish","type":"post","link":"https:\/\/narteks.net\/index.php\/2010\/04\/08\/onu-dinlerkeninsanlarin-da-ucabilecegini-dusunebilirsiniz-loreena-mckennitt-ve-sarkilari\/","title":{"rendered":"Onu dinlerken,insanlar\u0131n da u\u00e7abilece\u011fini d\u00fc\u015f\u00fcnebilirsiniz | Loreena Mckennitt ve \u015fark\u0131lar\u0131"},"content":{"rendered":"<p style=\"text-align: justify;\"><img loading=\"lazy\" decoding=\"async\" src=\"images\/stories\/loreena-mckennitt.jpg\" border=\"0\" width=\"155\" height=\"205\" style=\"float: left;\" \/>17 \u015eubat 1957\u00a0 Kanada do\u011fumlu Loreena McKennitt  vokalist, arpist ve piyanisttir. \u00d6zellikle g\u00fc\u00e7l\u00fc ve duygulu sesiyle yorumlad\u0131\u011f\u0131 Celt \u015fark\u0131lar\u0131yla ve \u00fcnl\u00fc \u015fiirleri Celt m\u00fczi\u011finin yap\u0131s\u0131na uygun bir bi\u00e7imde besteleyip seslendirmesiyle tan\u0131n\u0131r. Ayr\u0131ca bir\u00e7ok unutulmu\u015f anonim halk m\u00fczi\u011fini modern bir anlay\u0131\u015fla yeniden diriltmi\u015ftir.<\/p>\n<p style=\"text-align: justify;\">\u0130rlanda as\u0131ll\u0131 Kanadal\u0131 sanat\u00e7\u0131, 1978&#8217;de Dumaurier yetenek taramas\u0131n\u0131 kazand\u0131, \u00fclkesini ayn\u0131 y\u0131l UNESCO&#8217;nun Paris merkezinde ve yeniden 1985&#8217;te Japonya&#8217;daki Expo&#8217;da temsil etti. 1980&#8217;lerde Kanada\u2019n\u0131n \u00fcnl\u00fc Shakespeare Festivaline ev sahipli\u011fi yapan Stratford&#8217;a (Ontario) ta\u015f\u0131nd\u0131; &#8220;The Tempest&#8221; (1982) ve &#8220;The Two Gentlemen Of Verona&#8221; (1984) dahil, \u00e7e\u015fitli festival prod\u00fcksiyonlar\u0131nda oyuncu, \u015fark\u0131c\u0131 ve besteci olarak yer ald\u0131. 2001 ilkbahar\u0131nda festivale Richard Monette&#8217;in &#8220;The Merchant Of Venice&#8221; prod\u00fcksiyonunun bestecisi olarak d\u00f6nd\u00fc.<\/p>\n<p style=\"text-align: justify;\">1985&#8217;te McKennitt, &#8220;Elemental&#8221; adli ilk alb\u00fcm\u00fcn\u00fc kaydederek \u00e7iftlik evinin \u00f6n\u00fcnden ge\u00e7en k\u00f6y yolunun adini ta\u015f\u0131yan, \u00e7i\u00e7e\u011fi burnunda &#8220;Quinland Road&#8221; etiketi ile piyasaya s\u00fcrd\u00fc. 1987 ve 1989&#8217;daki iki yeni alb\u00fcm ve ba\u015far\u0131l\u0131 canl\u0131 performanslar\u0131 artan bir ilgi \u00e7ekerek 1991&#8217;de Warner Music Canada ile yeni bir ba\u015flang\u0131\u00e7 olu\u015fturacak nitelikte bir da\u011f\u0131t\u0131m anla\u015fmas\u0131 imzalad\u0131; bunun ilk meyvesi olan &#8220;The Visit&#8221;, uluslararas\u0131 bir ba\u015far\u0131 kazanarak alt\u0131n ve platin \u00f6d\u00fclleri listesinde ancak sanat\u00e7\u0131n\u0131n di\u011fer alb\u00fcmleri olan 1994&#8217;te &#8220;The Mask and Mirror&#8221; ve hatta daha da \u00f6tesi, d\u00fcnya \u00e7ap\u0131nda hit olan &#8220;The Book of Secrets&#8221; ge\u00e7ebildi.<\/p>\n<p>Peter Gabriel&#8217;in Wiltshire&#8217;daki Real World st\u00fcdyolar\u0131nda kaydedilen &#8220;The Book of Secrets&#8221; Billboard Top 20 single olurken MTV video hiti &#8220;The Mummers&#8217; Dance&#8221; gerek ABD radyosunda gerek d\u00fcnya \u00e7ap\u0131nda b\u00fcy\u00fck bir ba\u015far\u0131 kazand\u0131. Alb\u00fcm d\u00fcnya \u00e7ap\u0131nda d\u00f6rt milyonu a\u015fan sat\u0131\u015f rakamlar\u0131n\u0131 yakalad\u0131. \u00d6nceki iki alb\u00fcm gibi Billboard World Music listelerini t\u0131rmanarak listenin \u015fimdiye dek en basarili &#8220;crossover&#8221; alb\u00fcm\u00fc oldu. Ayr\u0131ca Yunanistan ve T\u00fcrkiye&#8217;nin alb\u00fcm listelerine ilk kez girip 1 numaraya yerle\u015firken Kanada&#8217;da 3 numara olman\u0131n yan\u0131 s\u0131ra, \u0130talya, Yeni Zelanda ve Almanya listelerinde ilk 10, ABD, \u0130spanya ve Fransa listelerinde ise ilk 20 aras\u0131na girdi.<\/p>\n<p>McKennitt, Kanada m\u00fczik end\u00fcstrisinin y\u0131ll\u0131k \u00f6d\u00fcl\u00fc olan Juno&#8217;yu iki kez kazand\u0131. Ayr\u0131ca kendisine 1997&#8217;de Billboard&#8217;un uluslararas\u0131 ba\u015far\u0131 \u00f6d\u00fcl\u00fc verildi. Bug\u00fcne dek ABD, Kanada, Avustralya, Yeni Zelanda, Brezilya, Fransa, \u0130spanya, \u0130talya, Yunanistan ve T\u00fcrkiye\u2019de alt\u0131n, platin ve \u00e7oklu platin sertifikalar\u0131 elde etti.<\/p>\n<p>\u00c7e\u015fitli filmler i\u00e7in m\u00fczik besteledi ve \u015fark\u0131lar\u0131 \u00e7e\u015fitli filmlerde yer ald\u0131. Bunlar aras\u0131nda &#8220;Jade&#8221;, &#8220;Highlander III&#8221;, &#8220;The Holy Man&#8221;, &#8220;Soldier&#8221; ve &#8220;The Santa Clause&#8221; gibi Hollywood prod\u00fcksiyonlar\u0131n\u0131n yani s\u0131ra Kanada Ulusal Film Kurulunun &#8220;Women And Spirituality&#8221; dizisi ve Jean-Claude Lauzon&#8217;un &#8220;L\u00e9olo&#8221; filmi yer almaktad\u0131r. Bir s\u00fcre \u00f6nce, 2001 y\u0131l\u0131nda g\u00f6sterime girmesi planlanan bir Kanada\/Venez\u00fcella ortak yap\u0131m\u0131 olan &#8220;A House With A view Of The Sea&#8221; filminde kullan\u0131lmak \u00fczere &#8220;Dante&#8217;s Prayer&#8221; par\u00e7as\u0131n\u0131n \u0130spanyolca versiyonunu kaydetti. Eserleri ayr\u0131ca &#8220;Northern Exposure&#8221;, &#8220;Due South&#8221;, &#8220;Legacy&#8221;, &#8220;Ez Streets&#8221;, &#8220;Boston Public&#8221;, &#8220;Big Kevin Little Kevin&#8221; ve &#8220;Strange Luck&#8221; gibi bir \u00e7ok televizyon dizisinde de yer ald\u0131. Loreena McKennitt ve m\u00fczi\u011fi hakk\u0131nda 1997 y\u0131l\u0131nda yap\u0131lan 30 dakikal\u0131k bir belgesel olan &#8220;No Journey&#8217;s End&#8221; gerek ABD gerekse di\u011fer \u00fclkelerin televizyonlar\u0131nda yayg\u0131n bi\u00e7imde g\u00f6sterildi.<\/p>\n<p>1999&#8217;da Loreena McKennitt, son kayd\u0131 olan ve grubu ile birlikte Salle Pleyel ve Massey Hall&#8217;de kaydedilen &#8220;Live In Paris and Toronto&#8221; isimli iki CD&#8217;li seti \u00e7ikardi. Hay\u0131r ama\u00e7l\u0131 bir proje olan bu alb\u00fcm, 1998&#8217;de Georgia K\u00f6rfezindeki bir deniz kazas\u0131nda ya\u015famlar\u0131n\u0131 yitiren \u00fc\u00e7 adam i\u00e7in Loreena McKennitt&#8217;in Ronald ve Richard Rees ile Greg Cook&#8217;un aileleriyle birlikte Kanada\u2019da kurdu\u011fu &#8220;Rhe Cook-Rees Memorial Fund For Water Search and Safety&#8221; adl\u0131 kurulu\u015fa gelir sa\u011flamaktad\u0131r.<\/p>\n<p>\u00a0<\/p>\n<p>\u00a0<\/p>\n<p>\n<object width=\"400\" height=\"300\" data=\"http:\/\/www.humyo.com\/E\/10422871-281475394863487\/10422871-281475394864161\/10422871-281475394864931\/10422871-281475394865505\/10422871-281475394866271\/10422871-281475394867251\/10422871-281475394867841\/10422871-281475394868309\/10422871-281475394868977\/10422871-281475394869535\/10422871-281475394869837\/10422871-281475394870681\/10422871-281475394871631\/10422871-281475394871853\/10422871-281475394872563\/10422871-281475394873305\/10422871-281475394873817\/10422871-281475394874545\/10422871-281475394875195\/10422871-281475394876059\/10422871-281475394876803\/10422871-281475394877437\/10422871-281475394877799\/10422871-281475394878303\/10422871-281475394878709\/10422871-281475394879451\/10422871-281475394880329\/10422871-281475394881051\/10422871-281475394882405\/10422871-281475394883703?a=eghcZTgjvWc%2CYsjn9JmgR40%2C114T0PEEM3A%2Co6onjEvkG_8%2Cjqo29VtzZfM%2CJE3MLJLyuqs%2CJdK4DWOSbQk%2CAMhgbe4Ljzo%2CdJx7BlhqHX0%2CeQRHILyuIWU%2CyQuNXuKu0WU%2CRwBKC5SptD4%2CZc3Sm9dSkyc%2C_V_6z1OgK3g%2CHf6RTou6yxk%2C4sr8c2rh-uY%2CCmAX5KMoKOM%2C9-QwUM6EkoI%2CrtfY1MaeRzk%2CfVbadod672Y%2C3Xuo8ShGetY%2CcWY_M3WX3JQ%2CYv8oaSvQKMw%2CpXG3lyiAVfE%2CDz8KtsZK1Xs%2CPk2aFZqVs7s%2CQlDdJdfARFA%2CepzcRZ4_GZ4%2CgrhZhO5a_y8%2C0fiTCIJM7Ac\" type=\"application\/x-shockwave-flash\"><param name=\"flashvars\" value=\"autostart=true&amp;usefullscreen=true&amp;\" \/><param name=\"src\" value=\"http:\/\/www.humyo.com\/E\/10422871-281475394863487\/10422871-281475394864161\/10422871-281475394864931\/10422871-281475394865505\/10422871-281475394866271\/10422871-281475394867251\/10422871-281475394867841\/10422871-281475394868309\/10422871-281475394868977\/10422871-281475394869535\/10422871-281475394869837\/10422871-281475394870681\/10422871-281475394871631\/10422871-281475394871853\/10422871-281475394872563\/10422871-281475394873305\/10422871-281475394873817\/10422871-281475394874545\/10422871-281475394875195\/10422871-281475394876059\/10422871-281475394876803\/10422871-281475394877437\/10422871-281475394877799\/10422871-281475394878303\/10422871-281475394878709\/10422871-281475394879451\/10422871-281475394880329\/10422871-281475394881051\/10422871-281475394882405\/10422871-281475394883703?a=eghcZTgjvWc%2CYsjn9JmgR40%2C114T0PEEM3A%2Co6onjEvkG_8%2Cjqo29VtzZfM%2CJE3MLJLyuqs%2CJdK4DWOSbQk%2CAMhgbe4Ljzo%2CdJx7BlhqHX0%2CeQRHILyuIWU%2CyQuNXuKu0WU%2CRwBKC5SptD4%2CZc3Sm9dSkyc%2C_V_6z1OgK3g%2CHf6RTou6yxk%2C4sr8c2rh-uY%2CCmAX5KMoKOM%2C9-QwUM6EkoI%2CrtfY1MaeRzk%2CfVbadod672Y%2C3Xuo8ShGetY%2CcWY_M3WX3JQ%2CYv8oaSvQKMw%2CpXG3lyiAVfE%2CDz8KtsZK1Xs%2CPk2aFZqVs7s%2CQlDdJdfARFA%2CepzcRZ4_GZ4%2CgrhZhO5a_y8%2C0fiTCIJM7Ac\" \/><param name=\"allowfullscreen\" value=\"true\" \/><\/object><\/p>\n","protected":false},"excerpt":{"rendered":"<p>17 \u015eubat 1957\u00a0 Kanada do\u011fumlu Loreena McKennitt vokalist, arpist ve piyanisttir. \u00d6zellikle g\u00fc\u00e7l\u00fc ve duygulu sesiyle yorumlad\u0131\u011f\u0131 Celt \u015fark\u0131lar\u0131yla ve \u00fcnl\u00fc \u015fiirleri Celt m\u00fczi\u011finin yap\u0131s\u0131na uygun bir bi\u00e7imde besteleyip seslendirmesiyle tan\u0131n\u0131r. Ayr\u0131ca bir\u00e7ok unutulmu\u015f anonim halk m\u00fczi\u011fini modern bir anlay\u0131\u015fla yeniden diriltmi\u015ftir. \u0130rlanda as\u0131ll\u0131 Kanadal\u0131 sanat\u00e7\u0131, 1978&#8217;de Dumaurier yetenek taramas\u0131n\u0131 kazand\u0131, \u00fclkesini ayn\u0131 y\u0131l UNESCO&#8217;nun [&hellip;]<\/p>\n","protected":false},"author":1,"featured_media":0,"comment_status":"open","ping_status":"open","sticky":false,"template":"","format":"standard","meta":{"footnotes":""},"categories":[125],"tags":[],"class_list":{"0":"post-4460","1":"post","2":"type-post","3":"status-publish","4":"format-standard","6":"category-dunya-dan-muzik"},"yoast_head":"<!-- This site is optimized with the Yoast SEO Premium plugin v24.9 (Yoast SEO v24.9) - https:\/\/yoast.com\/wordpress\/plugins\/seo\/ -->\n<title>Onu dinlerken,insanlar\u0131n da u\u00e7abilece\u011fini d\u00fc\u015f\u00fcnebilirsiniz | Loreena Mckennitt ve \u015fark\u0131lar\u0131 - narteks.net<\/title>\n<meta name=\"robots\" content=\"index, follow, max-snippet:-1, max-image-preview:large, max-video-preview:-1\" \/>\n<link rel=\"canonical\" href=\"https:\/\/narteks.net\/index.php\/2010\/04\/08\/onu-dinlerkeninsanlarin-da-ucabilecegini-dusunebilirsiniz-loreena-mckennitt-ve-sarkilari\/\" \/>\n<meta property=\"og:locale\" content=\"tr_TR\" \/>\n<meta property=\"og:type\" content=\"article\" \/>\n<meta property=\"og:title\" content=\"Onu dinlerken,insanlar\u0131n da u\u00e7abilece\u011fini d\u00fc\u015f\u00fcnebilirsiniz | Loreena Mckennitt ve \u015fark\u0131lar\u0131\" \/>\n<meta property=\"og:description\" content=\"17 \u015eubat 1957\u00a0 Kanada do\u011fumlu Loreena McKennitt vokalist, arpist ve piyanisttir. \u00d6zellikle g\u00fc\u00e7l\u00fc ve duygulu sesiyle yorumlad\u0131\u011f\u0131 Celt \u015fark\u0131lar\u0131yla ve \u00fcnl\u00fc \u015fiirleri Celt m\u00fczi\u011finin yap\u0131s\u0131na uygun bir bi\u00e7imde besteleyip seslendirmesiyle tan\u0131n\u0131r. Ayr\u0131ca bir\u00e7ok unutulmu\u015f anonim halk m\u00fczi\u011fini modern bir anlay\u0131\u015fla yeniden diriltmi\u015ftir. \u0130rlanda as\u0131ll\u0131 Kanadal\u0131 sanat\u00e7\u0131, 1978&#8217;de Dumaurier yetenek taramas\u0131n\u0131 kazand\u0131, \u00fclkesini ayn\u0131 y\u0131l UNESCO&#8217;nun [&hellip;]\" \/>\n<meta property=\"og:url\" content=\"https:\/\/narteks.net\/index.php\/2010\/04\/08\/onu-dinlerkeninsanlarin-da-ucabilecegini-dusunebilirsiniz-loreena-mckennitt-ve-sarkilari\/\" \/>\n<meta property=\"og:site_name\" content=\"narteks.net\" \/>\n<meta property=\"article:published_time\" content=\"2010-04-08T12:53:19+00:00\" \/>\n<meta property=\"og:image\" content=\"https:\/\/narteks.net\/wp-content\/uploads\/narteks.png\" \/>\n\t<meta property=\"og:image:width\" content=\"300\" \/>\n\t<meta property=\"og:image:height\" content=\"90\" \/>\n\t<meta property=\"og:image:type\" content=\"image\/png\" \/>\n<meta name=\"author\" content=\"Tar\u0131k\" \/>\n<meta name=\"twitter:card\" content=\"summary_large_image\" \/>\n<meta name=\"twitter:creator\" content=\"@narteks\" \/>\n<meta name=\"twitter:site\" content=\"@narteks\" \/>\n<meta name=\"twitter:label1\" content=\"Yazan:\" \/>\n\t<meta name=\"twitter:data1\" content=\"Tar\u0131k\" \/>\n\t<meta name=\"twitter:label2\" content=\"Tahmini okuma s\u00fcresi\" \/>\n\t<meta name=\"twitter:data2\" content=\"3 dakika\" \/>\n<script type=\"application\/ld+json\" class=\"yoast-schema-graph\">{\"@context\":\"https:\/\/schema.org\",\"@graph\":[{\"@type\":\"Article\",\"@id\":\"https:\/\/narteks.net\/index.php\/2010\/04\/08\/onu-dinlerkeninsanlarin-da-ucabilecegini-dusunebilirsiniz-loreena-mckennitt-ve-sarkilari\/#article\",\"isPartOf\":{\"@id\":\"https:\/\/narteks.net\/index.php\/2010\/04\/08\/onu-dinlerkeninsanlarin-da-ucabilecegini-dusunebilirsiniz-loreena-mckennitt-ve-sarkilari\/\"},\"author\":{\"name\":\"Tar\u0131k\",\"@id\":\"https:\/\/narteks.net\/#\/schema\/person\/61f37d9834294b72d31d274e7ed79bca\"},\"headline\":\"Onu dinlerken,insanlar\u0131n da u\u00e7abilece\u011fini d\u00fc\u015f\u00fcnebilirsiniz | Loreena Mckennitt ve \u015fark\u0131lar\u0131\",\"datePublished\":\"2010-04-08T12:53:19+00:00\",\"mainEntityOfPage\":{\"@id\":\"https:\/\/narteks.net\/index.php\/2010\/04\/08\/onu-dinlerkeninsanlarin-da-ucabilecegini-dusunebilirsiniz-loreena-mckennitt-ve-sarkilari\/\"},\"wordCount\":671,\"commentCount\":0,\"publisher\":{\"@id\":\"https:\/\/narteks.net\/#organization\"},\"articleSection\":[\"D\u00fcnya'dan M\u00fczik\"],\"inLanguage\":\"tr\",\"potentialAction\":[{\"@type\":\"CommentAction\",\"name\":\"Comment\",\"target\":[\"https:\/\/narteks.net\/index.php\/2010\/04\/08\/onu-dinlerkeninsanlarin-da-ucabilecegini-dusunebilirsiniz-loreena-mckennitt-ve-sarkilari\/#respond\"]}]},{\"@type\":\"WebPage\",\"@id\":\"https:\/\/narteks.net\/index.php\/2010\/04\/08\/onu-dinlerkeninsanlarin-da-ucabilecegini-dusunebilirsiniz-loreena-mckennitt-ve-sarkilari\/\",\"url\":\"https:\/\/narteks.net\/index.php\/2010\/04\/08\/onu-dinlerkeninsanlarin-da-ucabilecegini-dusunebilirsiniz-loreena-mckennitt-ve-sarkilari\/\",\"name\":\"Onu dinlerken,insanlar\u0131n da u\u00e7abilece\u011fini d\u00fc\u015f\u00fcnebilirsiniz | Loreena Mckennitt ve \u015fark\u0131lar\u0131 - narteks.net\",\"isPartOf\":{\"@id\":\"https:\/\/narteks.net\/#website\"},\"datePublished\":\"2010-04-08T12:53:19+00:00\",\"breadcrumb\":{\"@id\":\"https:\/\/narteks.net\/index.php\/2010\/04\/08\/onu-dinlerkeninsanlarin-da-ucabilecegini-dusunebilirsiniz-loreena-mckennitt-ve-sarkilari\/#breadcrumb\"},\"inLanguage\":\"tr\",\"potentialAction\":[{\"@type\":\"ReadAction\",\"target\":[\"https:\/\/narteks.net\/index.php\/2010\/04\/08\/onu-dinlerkeninsanlarin-da-ucabilecegini-dusunebilirsiniz-loreena-mckennitt-ve-sarkilari\/\"]}]},{\"@type\":\"BreadcrumbList\",\"@id\":\"https:\/\/narteks.net\/index.php\/2010\/04\/08\/onu-dinlerkeninsanlarin-da-ucabilecegini-dusunebilirsiniz-loreena-mckennitt-ve-sarkilari\/#breadcrumb\",\"itemListElement\":[{\"@type\":\"ListItem\",\"position\":1,\"name\":\"Anasayfa\",\"item\":\"https:\/\/narteks.net\/\"},{\"@type\":\"ListItem\",\"position\":2,\"name\":\"Onu dinlerken,insanlar\u0131n da u\u00e7abilece\u011fini d\u00fc\u015f\u00fcnebilirsiniz | Loreena Mckennitt ve \u015fark\u0131lar\u0131\"}]},{\"@type\":\"WebSite\",\"@id\":\"https:\/\/narteks.net\/#website\",\"url\":\"https:\/\/narteks.net\/\",\"name\":\"narteks.net\",\"description\":\"K\u00fclt\u00fcr Sanat Edebiyat Felsefe\",\"publisher\":{\"@id\":\"https:\/\/narteks.net\/#organization\"},\"alternateName\":\"K\u00fclt\u00fcr Sanat Edebiyat Felsefe\",\"potentialAction\":[{\"@type\":\"SearchAction\",\"target\":{\"@type\":\"EntryPoint\",\"urlTemplate\":\"https:\/\/narteks.net\/?s={search_term_string}\"},\"query-input\":{\"@type\":\"PropertyValueSpecification\",\"valueRequired\":true,\"valueName\":\"search_term_string\"}}],\"inLanguage\":\"tr\"},{\"@type\":\"Organization\",\"@id\":\"https:\/\/narteks.net\/#organization\",\"name\":\"narteks.net\",\"url\":\"https:\/\/narteks.net\/\",\"logo\":{\"@type\":\"ImageObject\",\"inLanguage\":\"tr\",\"@id\":\"https:\/\/narteks.net\/#\/schema\/logo\/image\/\",\"url\":\"https:\/\/narteks.net\/wp-content\/uploads\/narteks.png\",\"contentUrl\":\"https:\/\/narteks.net\/wp-content\/uploads\/narteks.png\",\"width\":300,\"height\":90,\"caption\":\"narteks.net\"},\"image\":{\"@id\":\"https:\/\/narteks.net\/#\/schema\/logo\/image\/\"},\"sameAs\":[\"https:\/\/x.com\/narteks\",\"https:\/\/instagram.com\/narteksnet\"]},{\"@type\":\"Person\",\"@id\":\"https:\/\/narteks.net\/#\/schema\/person\/61f37d9834294b72d31d274e7ed79bca\",\"name\":\"Tar\u0131k\",\"image\":{\"@type\":\"ImageObject\",\"inLanguage\":\"tr\",\"@id\":\"https:\/\/narteks.net\/#\/schema\/person\/image\/\",\"url\":\"https:\/\/secure.gravatar.com\/avatar\/50865afb55632c4ae467e0af0930f6510aa2297d8014be502a55b14f3b7550cf?s=96&d=mm&r=g\",\"contentUrl\":\"https:\/\/secure.gravatar.com\/avatar\/50865afb55632c4ae467e0af0930f6510aa2297d8014be502a55b14f3b7550cf?s=96&d=mm&r=g\",\"caption\":\"Tar\u0131k\"},\"sameAs\":[\"http:\/\/narteks.net\"],\"url\":\"https:\/\/narteks.net\/index.php\/author\/narbak\/\"}]}<\/script>\n<!-- \/ Yoast SEO Premium plugin. -->","yoast_head_json":{"title":"Onu dinlerken,insanlar\u0131n da u\u00e7abilece\u011fini d\u00fc\u015f\u00fcnebilirsiniz | Loreena Mckennitt ve \u015fark\u0131lar\u0131 - narteks.net","robots":{"index":"index","follow":"follow","max-snippet":"max-snippet:-1","max-image-preview":"max-image-preview:large","max-video-preview":"max-video-preview:-1"},"canonical":"https:\/\/narteks.net\/index.php\/2010\/04\/08\/onu-dinlerkeninsanlarin-da-ucabilecegini-dusunebilirsiniz-loreena-mckennitt-ve-sarkilari\/","og_locale":"tr_TR","og_type":"article","og_title":"Onu dinlerken,insanlar\u0131n da u\u00e7abilece\u011fini d\u00fc\u015f\u00fcnebilirsiniz | Loreena Mckennitt ve \u015fark\u0131lar\u0131","og_description":"17 \u015eubat 1957\u00a0 Kanada do\u011fumlu Loreena McKennitt vokalist, arpist ve piyanisttir. \u00d6zellikle g\u00fc\u00e7l\u00fc ve duygulu sesiyle yorumlad\u0131\u011f\u0131 Celt \u015fark\u0131lar\u0131yla ve \u00fcnl\u00fc \u015fiirleri Celt m\u00fczi\u011finin yap\u0131s\u0131na uygun bir bi\u00e7imde besteleyip seslendirmesiyle tan\u0131n\u0131r. Ayr\u0131ca bir\u00e7ok unutulmu\u015f anonim halk m\u00fczi\u011fini modern bir anlay\u0131\u015fla yeniden diriltmi\u015ftir. \u0130rlanda as\u0131ll\u0131 Kanadal\u0131 sanat\u00e7\u0131, 1978&#8217;de Dumaurier yetenek taramas\u0131n\u0131 kazand\u0131, \u00fclkesini ayn\u0131 y\u0131l UNESCO&#8217;nun [&hellip;]","og_url":"https:\/\/narteks.net\/index.php\/2010\/04\/08\/onu-dinlerkeninsanlarin-da-ucabilecegini-dusunebilirsiniz-loreena-mckennitt-ve-sarkilari\/","og_site_name":"narteks.net","article_published_time":"2010-04-08T12:53:19+00:00","og_image":[{"width":300,"height":90,"url":"https:\/\/narteks.net\/wp-content\/uploads\/narteks.png","type":"image\/png"}],"author":"Tar\u0131k","twitter_card":"summary_large_image","twitter_creator":"@narteks","twitter_site":"@narteks","twitter_misc":{"Yazan:":"Tar\u0131k","Tahmini okuma s\u00fcresi":"3 dakika"},"schema":{"@context":"https:\/\/schema.org","@graph":[{"@type":"Article","@id":"https:\/\/narteks.net\/index.php\/2010\/04\/08\/onu-dinlerkeninsanlarin-da-ucabilecegini-dusunebilirsiniz-loreena-mckennitt-ve-sarkilari\/#article","isPartOf":{"@id":"https:\/\/narteks.net\/index.php\/2010\/04\/08\/onu-dinlerkeninsanlarin-da-ucabilecegini-dusunebilirsiniz-loreena-mckennitt-ve-sarkilari\/"},"author":{"name":"Tar\u0131k","@id":"https:\/\/narteks.net\/#\/schema\/person\/61f37d9834294b72d31d274e7ed79bca"},"headline":"Onu dinlerken,insanlar\u0131n da u\u00e7abilece\u011fini d\u00fc\u015f\u00fcnebilirsiniz | Loreena Mckennitt ve \u015fark\u0131lar\u0131","datePublished":"2010-04-08T12:53:19+00:00","mainEntityOfPage":{"@id":"https:\/\/narteks.net\/index.php\/2010\/04\/08\/onu-dinlerkeninsanlarin-da-ucabilecegini-dusunebilirsiniz-loreena-mckennitt-ve-sarkilari\/"},"wordCount":671,"commentCount":0,"publisher":{"@id":"https:\/\/narteks.net\/#organization"},"articleSection":["D\u00fcnya'dan M\u00fczik"],"inLanguage":"tr","potentialAction":[{"@type":"CommentAction","name":"Comment","target":["https:\/\/narteks.net\/index.php\/2010\/04\/08\/onu-dinlerkeninsanlarin-da-ucabilecegini-dusunebilirsiniz-loreena-mckennitt-ve-sarkilari\/#respond"]}]},{"@type":"WebPage","@id":"https:\/\/narteks.net\/index.php\/2010\/04\/08\/onu-dinlerkeninsanlarin-da-ucabilecegini-dusunebilirsiniz-loreena-mckennitt-ve-sarkilari\/","url":"https:\/\/narteks.net\/index.php\/2010\/04\/08\/onu-dinlerkeninsanlarin-da-ucabilecegini-dusunebilirsiniz-loreena-mckennitt-ve-sarkilari\/","name":"Onu dinlerken,insanlar\u0131n da u\u00e7abilece\u011fini d\u00fc\u015f\u00fcnebilirsiniz | Loreena Mckennitt ve \u015fark\u0131lar\u0131 - narteks.net","isPartOf":{"@id":"https:\/\/narteks.net\/#website"},"datePublished":"2010-04-08T12:53:19+00:00","breadcrumb":{"@id":"https:\/\/narteks.net\/index.php\/2010\/04\/08\/onu-dinlerkeninsanlarin-da-ucabilecegini-dusunebilirsiniz-loreena-mckennitt-ve-sarkilari\/#breadcrumb"},"inLanguage":"tr","potentialAction":[{"@type":"ReadAction","target":["https:\/\/narteks.net\/index.php\/2010\/04\/08\/onu-dinlerkeninsanlarin-da-ucabilecegini-dusunebilirsiniz-loreena-mckennitt-ve-sarkilari\/"]}]},{"@type":"BreadcrumbList","@id":"https:\/\/narteks.net\/index.php\/2010\/04\/08\/onu-dinlerkeninsanlarin-da-ucabilecegini-dusunebilirsiniz-loreena-mckennitt-ve-sarkilari\/#breadcrumb","itemListElement":[{"@type":"ListItem","position":1,"name":"Anasayfa","item":"https:\/\/narteks.net\/"},{"@type":"ListItem","position":2,"name":"Onu dinlerken,insanlar\u0131n da u\u00e7abilece\u011fini d\u00fc\u015f\u00fcnebilirsiniz | Loreena Mckennitt ve \u015fark\u0131lar\u0131"}]},{"@type":"WebSite","@id":"https:\/\/narteks.net\/#website","url":"https:\/\/narteks.net\/","name":"narteks.net","description":"K\u00fclt\u00fcr Sanat Edebiyat Felsefe","publisher":{"@id":"https:\/\/narteks.net\/#organization"},"alternateName":"K\u00fclt\u00fcr Sanat Edebiyat Felsefe","potentialAction":[{"@type":"SearchAction","target":{"@type":"EntryPoint","urlTemplate":"https:\/\/narteks.net\/?s={search_term_string}"},"query-input":{"@type":"PropertyValueSpecification","valueRequired":true,"valueName":"search_term_string"}}],"inLanguage":"tr"},{"@type":"Organization","@id":"https:\/\/narteks.net\/#organization","name":"narteks.net","url":"https:\/\/narteks.net\/","logo":{"@type":"ImageObject","inLanguage":"tr","@id":"https:\/\/narteks.net\/#\/schema\/logo\/image\/","url":"https:\/\/narteks.net\/wp-content\/uploads\/narteks.png","contentUrl":"https:\/\/narteks.net\/wp-content\/uploads\/narteks.png","width":300,"height":90,"caption":"narteks.net"},"image":{"@id":"https:\/\/narteks.net\/#\/schema\/logo\/image\/"},"sameAs":["https:\/\/x.com\/narteks","https:\/\/instagram.com\/narteksnet"]},{"@type":"Person","@id":"https:\/\/narteks.net\/#\/schema\/person\/61f37d9834294b72d31d274e7ed79bca","name":"Tar\u0131k","image":{"@type":"ImageObject","inLanguage":"tr","@id":"https:\/\/narteks.net\/#\/schema\/person\/image\/","url":"https:\/\/secure.gravatar.com\/avatar\/50865afb55632c4ae467e0af0930f6510aa2297d8014be502a55b14f3b7550cf?s=96&d=mm&r=g","contentUrl":"https:\/\/secure.gravatar.com\/avatar\/50865afb55632c4ae467e0af0930f6510aa2297d8014be502a55b14f3b7550cf?s=96&d=mm&r=g","caption":"Tar\u0131k"},"sameAs":["http:\/\/narteks.net"],"url":"https:\/\/narteks.net\/index.php\/author\/narbak\/"}]}},"_links":{"self":[{"href":"https:\/\/narteks.net\/index.php\/wp-json\/wp\/v2\/posts\/4460","targetHints":{"allow":["GET"]}}],"collection":[{"href":"https:\/\/narteks.net\/index.php\/wp-json\/wp\/v2\/posts"}],"about":[{"href":"https:\/\/narteks.net\/index.php\/wp-json\/wp\/v2\/types\/post"}],"author":[{"embeddable":true,"href":"https:\/\/narteks.net\/index.php\/wp-json\/wp\/v2\/users\/1"}],"replies":[{"embeddable":true,"href":"https:\/\/narteks.net\/index.php\/wp-json\/wp\/v2\/comments?post=4460"}],"version-history":[{"count":0,"href":"https:\/\/narteks.net\/index.php\/wp-json\/wp\/v2\/posts\/4460\/revisions"}],"wp:attachment":[{"href":"https:\/\/narteks.net\/index.php\/wp-json\/wp\/v2\/media?parent=4460"}],"wp:term":[{"taxonomy":"category","embeddable":true,"href":"https:\/\/narteks.net\/index.php\/wp-json\/wp\/v2\/categories?post=4460"},{"taxonomy":"post_tag","embeddable":true,"href":"https:\/\/narteks.net\/index.php\/wp-json\/wp\/v2\/tags?post=4460"}],"curies":[{"name":"wp","href":"https:\/\/api.w.org\/{rel}","templated":true}]}}