{"id":4463,"date":"2010-04-09T11:51:28","date_gmt":"2010-04-09T08:51:28","guid":{"rendered":"http:\/\/localhost\/wordpress\/2010\/04\/09\/anadolu-ermeni-halk-muzigi-armenian-folk-music-of-anatolia-grup-knar\/"},"modified":"2010-04-09T11:51:28","modified_gmt":"2010-04-09T08:51:28","slug":"anadolu-ermeni-halk-muzigi-armenian-folk-music-of-anatolia-grup-knar","status":"publish","type":"post","link":"https:\/\/narteks.net\/index.php\/2010\/04\/09\/anadolu-ermeni-halk-muzigi-armenian-folk-music-of-anatolia-grup-knar\/","title":{"rendered":"Anadolu Ermeni Halk M\u00fczi\u011fi | Armenian Folk Music of Anatolia &#8211; Grup Knar"},"content":{"rendered":"<p style=\"text-align: justify;\"><img loading=\"lazy\" decoding=\"async\" src=\"images\/stories\/grupknar.jpg\" border=\"0\" width=\"155\" height=\"205\" style=\"float: left;\" \/>1992 y\u0131l\u0131nda halk danslar\u0131na e\u015flik etmek amac\u0131 ile bir araya gelen biz  grup elemanlar\u0131 \u00e7al\u0131\u015fmalar\u0131m\u0131z\u0131 cemaat korolar\u0131 na e\u015flik ederek  s\u00fcrd\u00fcrd\u00fck. KNAR (Lir) ad\u0131 alt\u0131nda  ilk \u00e7al\u0131\u015fmalar\u0131m\u0131za 1995 y\u0131l\u0131nda  ba\u015flad\u0131k. Grup olarak yurt i\u00e7i ve d\u0131\u015f\u0131nda \u00e7e\u015fitli sanatsal etkinliklere  kat\u0131larak Ermeni m\u00fczi\u011finden ve danslar\u0131ndan \u00f6rnekler verdik. Bunlar  a\u011f\u0131rl\u0131kl\u0131 olarak Ermenistan kaynakl\u0131 besteler ve d\u00fczenlemelerdi.<br \/>Bu  y\u00fczy\u0131l bas\u0131nda Anadolu&#8217;da ya\u015fanan zorunlu g\u00f6\u00e7den kaynaklanan sosyal  de\u011fi\u015fim ve toplumdaki modernle\u015fme hareketleri zaman i\u00e7erisinde Ermeni  toplumunun Anadolu&#8217;daki y\u00f6resel m\u00fcziklerinden uzakla\u015fmas\u0131nda etkin  olmu\u015ftur. Bug\u00fcn de T\u00fcrkiye&#8217;deki Ermeni n\u00fcfusunun tamam\u0131na yak\u0131n\u0131  \u0130stanbul&#8217;da ya\u015famaktad\u0131r. Bizler de k\u00f6klerimizin Anadolu&#8217;dan geldi\u011fi  bilinci ile 1997&#8217;den itibaren bu m\u00fczi\u011fin yok olma s\u00fcrecine girdi\u011fini  g\u00f6rerek \u00e7al\u0131\u015fmalar\u0131m\u0131z\u0131 bu y\u00f6ne \u00e7evirdik. Elinizde tuttu\u011funuz alb\u00fcm bu  y\u00f6ndeki \u00e7al\u0131\u015fmalar\u0131m\u0131z\u0131n ilk \u00fcr\u00fcn\u00fcd\u00fcr. Dile\u011fimiz sizlerin de deste\u011fi ile  Anadolu&#8217;nun renklili\u011fini g\u00f6steren bu t\u00fcr \u00e7al\u0131\u015fmalar\u0131n devam\u0131n\u0131n  gelmesidir.<\/p>\n<p><!--more--><\/p>\n<p>\u00a0<\/p>\n<p style=\"text-align: justify;\">\u00a0<\/p>\n<p><embed type=\"application\/x-shockwave-flash\" width=\"400\" height=\"300\" src=\"http:\/\/www.humyo.com\/E\/10422871-281475394642137\/10422871-281475394641725\/10422871-281475394643357\/10422871-281475394643929\/10422871-281475394644345\/10422871-281475394645119\/10422871-281475394645795\/10422871-281475394646307\/10422871-281475394646963\/10422871-281475394647473\/10422871-281475394648523\/10422871-281475394649173\/10422871-281475394650081\/10422871-281475394650963\/10422871-281475394651427\/10422871-281475394652043\/10422871-281475394652677\/10422871-281475394653325?a=FX2KX9vfb9o%2CBiQlufQDxtU%2CYlCr4y8glWA%2CAS6fDPIPhb4%2CZc6mrkXG6Z0%2CeNTGGrSv0xw%2CXsnU06iRxzM%2Czv64NCd9w_M%2Cd16uNkcKShg%2CbGvbIPa-ydM%2CI-ZIXborLrQ%2CNuCBKNj22LQ%2C1muqbn8IHg8%2C7bnPHzHoExw%2ClzQE6Jp4W5Y%2CbwRLMhjF2BA%2C3z6rb2XQrXI%2CQCKJEMxUdgA\" flashvars=\"autostart=true&amp;usefullscreen=true&amp;\" allowfullscreen=\"true\"><\/embed><\/p>\n","protected":false},"excerpt":{"rendered":"<p>1992 y\u0131l\u0131nda halk danslar\u0131na e\u015flik etmek amac\u0131 ile bir araya gelen biz grup elemanlar\u0131 \u00e7al\u0131\u015fmalar\u0131m\u0131z\u0131 cemaat korolar\u0131 na e\u015flik ederek s\u00fcrd\u00fcrd\u00fck. KNAR (Lir) ad\u0131 alt\u0131nda ilk \u00e7al\u0131\u015fmalar\u0131m\u0131za 1995 y\u0131l\u0131nda ba\u015flad\u0131k. Grup olarak yurt i\u00e7i ve d\u0131\u015f\u0131nda \u00e7e\u015fitli sanatsal etkinliklere kat\u0131larak Ermeni m\u00fczi\u011finden ve danslar\u0131ndan \u00f6rnekler verdik. Bunlar a\u011f\u0131rl\u0131kl\u0131 olarak Ermenistan kaynakl\u0131 besteler ve d\u00fczenlemelerdi.Bu y\u00fczy\u0131l [&hellip;]<\/p>\n","protected":false},"author":1,"featured_media":0,"comment_status":"open","ping_status":"open","sticky":false,"template":"","format":"standard","meta":{"footnotes":""},"categories":[127],"tags":[],"class_list":["post-4463","post","type-post","status-publish","format-standard","category-muzik-gruplari"],"yoast_head":"<!-- This site is optimized with the Yoast SEO Premium plugin v24.9 (Yoast SEO v24.9) - https:\/\/yoast.com\/wordpress\/plugins\/seo\/ -->\n<title>Anadolu Ermeni Halk M\u00fczi\u011fi | Armenian Folk Music of Anatolia - Grup Knar - narteks.net<\/title>\n<meta name=\"robots\" content=\"index, follow, max-snippet:-1, max-image-preview:large, max-video-preview:-1\" \/>\n<link rel=\"canonical\" href=\"https:\/\/narteks.net\/index.php\/2010\/04\/09\/anadolu-ermeni-halk-muzigi-armenian-folk-music-of-anatolia-grup-knar\/\" \/>\n<meta property=\"og:locale\" content=\"tr_TR\" \/>\n<meta property=\"og:type\" content=\"article\" \/>\n<meta property=\"og:title\" content=\"Anadolu Ermeni Halk M\u00fczi\u011fi | Armenian Folk Music of Anatolia - Grup Knar\" \/>\n<meta property=\"og:description\" content=\"1992 y\u0131l\u0131nda halk danslar\u0131na e\u015flik etmek amac\u0131 ile bir araya gelen biz grup elemanlar\u0131 \u00e7al\u0131\u015fmalar\u0131m\u0131z\u0131 cemaat korolar\u0131 na e\u015flik ederek s\u00fcrd\u00fcrd\u00fck. KNAR (Lir) ad\u0131 alt\u0131nda ilk \u00e7al\u0131\u015fmalar\u0131m\u0131za 1995 y\u0131l\u0131nda ba\u015flad\u0131k. Grup olarak yurt i\u00e7i ve d\u0131\u015f\u0131nda \u00e7e\u015fitli sanatsal etkinliklere kat\u0131larak Ermeni m\u00fczi\u011finden ve danslar\u0131ndan \u00f6rnekler verdik. Bunlar a\u011f\u0131rl\u0131kl\u0131 olarak Ermenistan kaynakl\u0131 besteler ve d\u00fczenlemelerdi.Bu y\u00fczy\u0131l [&hellip;]\" \/>\n<meta property=\"og:url\" content=\"https:\/\/narteks.net\/index.php\/2010\/04\/09\/anadolu-ermeni-halk-muzigi-armenian-folk-music-of-anatolia-grup-knar\/\" \/>\n<meta property=\"og:site_name\" content=\"narteks.net\" \/>\n<meta property=\"article:published_time\" content=\"2010-04-09T08:51:28+00:00\" \/>\n<meta property=\"og:image\" content=\"https:\/\/narteks.net\/wp-content\/uploads\/narteks.png\" \/>\n\t<meta property=\"og:image:width\" content=\"300\" \/>\n\t<meta property=\"og:image:height\" content=\"90\" \/>\n\t<meta property=\"og:image:type\" content=\"image\/png\" \/>\n<meta name=\"author\" content=\"Tar\u0131k\" \/>\n<meta name=\"twitter:card\" content=\"summary_large_image\" \/>\n<meta name=\"twitter:creator\" content=\"@narteks\" \/>\n<meta name=\"twitter:site\" content=\"@narteks\" \/>\n<meta name=\"twitter:label1\" content=\"Yazan:\" \/>\n\t<meta name=\"twitter:data1\" content=\"Tar\u0131k\" \/>\n\t<meta name=\"twitter:label2\" content=\"Tahmini okuma s\u00fcresi\" \/>\n\t<meta name=\"twitter:data2\" content=\"1 dakika\" \/>\n<script type=\"application\/ld+json\" class=\"yoast-schema-graph\">{\"@context\":\"https:\/\/schema.org\",\"@graph\":[{\"@type\":\"Article\",\"@id\":\"https:\/\/narteks.net\/index.php\/2010\/04\/09\/anadolu-ermeni-halk-muzigi-armenian-folk-music-of-anatolia-grup-knar\/#article\",\"isPartOf\":{\"@id\":\"https:\/\/narteks.net\/index.php\/2010\/04\/09\/anadolu-ermeni-halk-muzigi-armenian-folk-music-of-anatolia-grup-knar\/\"},\"author\":{\"name\":\"Tar\u0131k\",\"@id\":\"https:\/\/narteks.net\/#\/schema\/person\/61f37d9834294b72d31d274e7ed79bca\"},\"headline\":\"Anadolu Ermeni Halk M\u00fczi\u011fi | Armenian Folk Music of Anatolia &#8211; Grup Knar\",\"datePublished\":\"2010-04-09T08:51:28+00:00\",\"mainEntityOfPage\":{\"@id\":\"https:\/\/narteks.net\/index.php\/2010\/04\/09\/anadolu-ermeni-halk-muzigi-armenian-folk-music-of-anatolia-grup-knar\/\"},\"wordCount\":220,\"commentCount\":0,\"publisher\":{\"@id\":\"https:\/\/narteks.net\/#organization\"},\"articleSection\":[\"M\u00fczik Gruplar\u0131\"],\"inLanguage\":\"tr\",\"potentialAction\":[{\"@type\":\"CommentAction\",\"name\":\"Comment\",\"target\":[\"https:\/\/narteks.net\/index.php\/2010\/04\/09\/anadolu-ermeni-halk-muzigi-armenian-folk-music-of-anatolia-grup-knar\/#respond\"]}]},{\"@type\":\"WebPage\",\"@id\":\"https:\/\/narteks.net\/index.php\/2010\/04\/09\/anadolu-ermeni-halk-muzigi-armenian-folk-music-of-anatolia-grup-knar\/\",\"url\":\"https:\/\/narteks.net\/index.php\/2010\/04\/09\/anadolu-ermeni-halk-muzigi-armenian-folk-music-of-anatolia-grup-knar\/\",\"name\":\"Anadolu Ermeni Halk M\u00fczi\u011fi | Armenian Folk Music of Anatolia - Grup Knar - narteks.net\",\"isPartOf\":{\"@id\":\"https:\/\/narteks.net\/#website\"},\"datePublished\":\"2010-04-09T08:51:28+00:00\",\"breadcrumb\":{\"@id\":\"https:\/\/narteks.net\/index.php\/2010\/04\/09\/anadolu-ermeni-halk-muzigi-armenian-folk-music-of-anatolia-grup-knar\/#breadcrumb\"},\"inLanguage\":\"tr\",\"potentialAction\":[{\"@type\":\"ReadAction\",\"target\":[\"https:\/\/narteks.net\/index.php\/2010\/04\/09\/anadolu-ermeni-halk-muzigi-armenian-folk-music-of-anatolia-grup-knar\/\"]}]},{\"@type\":\"BreadcrumbList\",\"@id\":\"https:\/\/narteks.net\/index.php\/2010\/04\/09\/anadolu-ermeni-halk-muzigi-armenian-folk-music-of-anatolia-grup-knar\/#breadcrumb\",\"itemListElement\":[{\"@type\":\"ListItem\",\"position\":1,\"name\":\"Anasayfa\",\"item\":\"https:\/\/narteks.net\/\"},{\"@type\":\"ListItem\",\"position\":2,\"name\":\"Anadolu Ermeni Halk M\u00fczi\u011fi | Armenian Folk Music of Anatolia &#8211; Grup Knar\"}]},{\"@type\":\"WebSite\",\"@id\":\"https:\/\/narteks.net\/#website\",\"url\":\"https:\/\/narteks.net\/\",\"name\":\"narteks.net\",\"description\":\"K\u00fclt\u00fcr Sanat Edebiyat Felsefe\",\"publisher\":{\"@id\":\"https:\/\/narteks.net\/#organization\"},\"alternateName\":\"K\u00fclt\u00fcr Sanat Edebiyat Felsefe\",\"potentialAction\":[{\"@type\":\"SearchAction\",\"target\":{\"@type\":\"EntryPoint\",\"urlTemplate\":\"https:\/\/narteks.net\/?s={search_term_string}\"},\"query-input\":{\"@type\":\"PropertyValueSpecification\",\"valueRequired\":true,\"valueName\":\"search_term_string\"}}],\"inLanguage\":\"tr\"},{\"@type\":\"Organization\",\"@id\":\"https:\/\/narteks.net\/#organization\",\"name\":\"narteks.net\",\"url\":\"https:\/\/narteks.net\/\",\"logo\":{\"@type\":\"ImageObject\",\"inLanguage\":\"tr\",\"@id\":\"https:\/\/narteks.net\/#\/schema\/logo\/image\/\",\"url\":\"https:\/\/narteks.net\/wp-content\/uploads\/narteks.png\",\"contentUrl\":\"https:\/\/narteks.net\/wp-content\/uploads\/narteks.png\",\"width\":300,\"height\":90,\"caption\":\"narteks.net\"},\"image\":{\"@id\":\"https:\/\/narteks.net\/#\/schema\/logo\/image\/\"},\"sameAs\":[\"https:\/\/x.com\/narteks\",\"https:\/\/instagram.com\/narteksnet\"]},{\"@type\":\"Person\",\"@id\":\"https:\/\/narteks.net\/#\/schema\/person\/61f37d9834294b72d31d274e7ed79bca\",\"name\":\"Tar\u0131k\",\"image\":{\"@type\":\"ImageObject\",\"inLanguage\":\"tr\",\"@id\":\"https:\/\/narteks.net\/#\/schema\/person\/image\/\",\"url\":\"https:\/\/secure.gravatar.com\/avatar\/50865afb55632c4ae467e0af0930f6510aa2297d8014be502a55b14f3b7550cf?s=96&d=mm&r=g\",\"contentUrl\":\"https:\/\/secure.gravatar.com\/avatar\/50865afb55632c4ae467e0af0930f6510aa2297d8014be502a55b14f3b7550cf?s=96&d=mm&r=g\",\"caption\":\"Tar\u0131k\"},\"sameAs\":[\"http:\/\/narteks.net\"],\"url\":\"https:\/\/narteks.net\/index.php\/author\/narbak\/\"}]}<\/script>\n<!-- \/ Yoast SEO Premium plugin. -->","yoast_head_json":{"title":"Anadolu Ermeni Halk M\u00fczi\u011fi | Armenian Folk Music of Anatolia - Grup Knar - narteks.net","robots":{"index":"index","follow":"follow","max-snippet":"max-snippet:-1","max-image-preview":"max-image-preview:large","max-video-preview":"max-video-preview:-1"},"canonical":"https:\/\/narteks.net\/index.php\/2010\/04\/09\/anadolu-ermeni-halk-muzigi-armenian-folk-music-of-anatolia-grup-knar\/","og_locale":"tr_TR","og_type":"article","og_title":"Anadolu Ermeni Halk M\u00fczi\u011fi | Armenian Folk Music of Anatolia - Grup Knar","og_description":"1992 y\u0131l\u0131nda halk danslar\u0131na e\u015flik etmek amac\u0131 ile bir araya gelen biz grup elemanlar\u0131 \u00e7al\u0131\u015fmalar\u0131m\u0131z\u0131 cemaat korolar\u0131 na e\u015flik ederek s\u00fcrd\u00fcrd\u00fck. KNAR (Lir) ad\u0131 alt\u0131nda ilk \u00e7al\u0131\u015fmalar\u0131m\u0131za 1995 y\u0131l\u0131nda ba\u015flad\u0131k. Grup olarak yurt i\u00e7i ve d\u0131\u015f\u0131nda \u00e7e\u015fitli sanatsal etkinliklere kat\u0131larak Ermeni m\u00fczi\u011finden ve danslar\u0131ndan \u00f6rnekler verdik. Bunlar a\u011f\u0131rl\u0131kl\u0131 olarak Ermenistan kaynakl\u0131 besteler ve d\u00fczenlemelerdi.Bu y\u00fczy\u0131l [&hellip;]","og_url":"https:\/\/narteks.net\/index.php\/2010\/04\/09\/anadolu-ermeni-halk-muzigi-armenian-folk-music-of-anatolia-grup-knar\/","og_site_name":"narteks.net","article_published_time":"2010-04-09T08:51:28+00:00","og_image":[{"width":300,"height":90,"url":"https:\/\/narteks.net\/wp-content\/uploads\/narteks.png","type":"image\/png"}],"author":"Tar\u0131k","twitter_card":"summary_large_image","twitter_creator":"@narteks","twitter_site":"@narteks","twitter_misc":{"Yazan:":"Tar\u0131k","Tahmini okuma s\u00fcresi":"1 dakika"},"schema":{"@context":"https:\/\/schema.org","@graph":[{"@type":"Article","@id":"https:\/\/narteks.net\/index.php\/2010\/04\/09\/anadolu-ermeni-halk-muzigi-armenian-folk-music-of-anatolia-grup-knar\/#article","isPartOf":{"@id":"https:\/\/narteks.net\/index.php\/2010\/04\/09\/anadolu-ermeni-halk-muzigi-armenian-folk-music-of-anatolia-grup-knar\/"},"author":{"name":"Tar\u0131k","@id":"https:\/\/narteks.net\/#\/schema\/person\/61f37d9834294b72d31d274e7ed79bca"},"headline":"Anadolu Ermeni Halk M\u00fczi\u011fi | Armenian Folk Music of Anatolia &#8211; Grup Knar","datePublished":"2010-04-09T08:51:28+00:00","mainEntityOfPage":{"@id":"https:\/\/narteks.net\/index.php\/2010\/04\/09\/anadolu-ermeni-halk-muzigi-armenian-folk-music-of-anatolia-grup-knar\/"},"wordCount":220,"commentCount":0,"publisher":{"@id":"https:\/\/narteks.net\/#organization"},"articleSection":["M\u00fczik Gruplar\u0131"],"inLanguage":"tr","potentialAction":[{"@type":"CommentAction","name":"Comment","target":["https:\/\/narteks.net\/index.php\/2010\/04\/09\/anadolu-ermeni-halk-muzigi-armenian-folk-music-of-anatolia-grup-knar\/#respond"]}]},{"@type":"WebPage","@id":"https:\/\/narteks.net\/index.php\/2010\/04\/09\/anadolu-ermeni-halk-muzigi-armenian-folk-music-of-anatolia-grup-knar\/","url":"https:\/\/narteks.net\/index.php\/2010\/04\/09\/anadolu-ermeni-halk-muzigi-armenian-folk-music-of-anatolia-grup-knar\/","name":"Anadolu Ermeni Halk M\u00fczi\u011fi | Armenian Folk Music of Anatolia - Grup Knar - narteks.net","isPartOf":{"@id":"https:\/\/narteks.net\/#website"},"datePublished":"2010-04-09T08:51:28+00:00","breadcrumb":{"@id":"https:\/\/narteks.net\/index.php\/2010\/04\/09\/anadolu-ermeni-halk-muzigi-armenian-folk-music-of-anatolia-grup-knar\/#breadcrumb"},"inLanguage":"tr","potentialAction":[{"@type":"ReadAction","target":["https:\/\/narteks.net\/index.php\/2010\/04\/09\/anadolu-ermeni-halk-muzigi-armenian-folk-music-of-anatolia-grup-knar\/"]}]},{"@type":"BreadcrumbList","@id":"https:\/\/narteks.net\/index.php\/2010\/04\/09\/anadolu-ermeni-halk-muzigi-armenian-folk-music-of-anatolia-grup-knar\/#breadcrumb","itemListElement":[{"@type":"ListItem","position":1,"name":"Anasayfa","item":"https:\/\/narteks.net\/"},{"@type":"ListItem","position":2,"name":"Anadolu Ermeni Halk M\u00fczi\u011fi | Armenian Folk Music of Anatolia &#8211; Grup Knar"}]},{"@type":"WebSite","@id":"https:\/\/narteks.net\/#website","url":"https:\/\/narteks.net\/","name":"narteks.net","description":"K\u00fclt\u00fcr Sanat Edebiyat Felsefe","publisher":{"@id":"https:\/\/narteks.net\/#organization"},"alternateName":"K\u00fclt\u00fcr Sanat Edebiyat Felsefe","potentialAction":[{"@type":"SearchAction","target":{"@type":"EntryPoint","urlTemplate":"https:\/\/narteks.net\/?s={search_term_string}"},"query-input":{"@type":"PropertyValueSpecification","valueRequired":true,"valueName":"search_term_string"}}],"inLanguage":"tr"},{"@type":"Organization","@id":"https:\/\/narteks.net\/#organization","name":"narteks.net","url":"https:\/\/narteks.net\/","logo":{"@type":"ImageObject","inLanguage":"tr","@id":"https:\/\/narteks.net\/#\/schema\/logo\/image\/","url":"https:\/\/narteks.net\/wp-content\/uploads\/narteks.png","contentUrl":"https:\/\/narteks.net\/wp-content\/uploads\/narteks.png","width":300,"height":90,"caption":"narteks.net"},"image":{"@id":"https:\/\/narteks.net\/#\/schema\/logo\/image\/"},"sameAs":["https:\/\/x.com\/narteks","https:\/\/instagram.com\/narteksnet"]},{"@type":"Person","@id":"https:\/\/narteks.net\/#\/schema\/person\/61f37d9834294b72d31d274e7ed79bca","name":"Tar\u0131k","image":{"@type":"ImageObject","inLanguage":"tr","@id":"https:\/\/narteks.net\/#\/schema\/person\/image\/","url":"https:\/\/secure.gravatar.com\/avatar\/50865afb55632c4ae467e0af0930f6510aa2297d8014be502a55b14f3b7550cf?s=96&d=mm&r=g","contentUrl":"https:\/\/secure.gravatar.com\/avatar\/50865afb55632c4ae467e0af0930f6510aa2297d8014be502a55b14f3b7550cf?s=96&d=mm&r=g","caption":"Tar\u0131k"},"sameAs":["http:\/\/narteks.net"],"url":"https:\/\/narteks.net\/index.php\/author\/narbak\/"}]}},"_links":{"self":[{"href":"https:\/\/narteks.net\/index.php\/wp-json\/wp\/v2\/posts\/4463","targetHints":{"allow":["GET"]}}],"collection":[{"href":"https:\/\/narteks.net\/index.php\/wp-json\/wp\/v2\/posts"}],"about":[{"href":"https:\/\/narteks.net\/index.php\/wp-json\/wp\/v2\/types\/post"}],"author":[{"embeddable":true,"href":"https:\/\/narteks.net\/index.php\/wp-json\/wp\/v2\/users\/1"}],"replies":[{"embeddable":true,"href":"https:\/\/narteks.net\/index.php\/wp-json\/wp\/v2\/comments?post=4463"}],"version-history":[{"count":0,"href":"https:\/\/narteks.net\/index.php\/wp-json\/wp\/v2\/posts\/4463\/revisions"}],"wp:attachment":[{"href":"https:\/\/narteks.net\/index.php\/wp-json\/wp\/v2\/media?parent=4463"}],"wp:term":[{"taxonomy":"category","embeddable":true,"href":"https:\/\/narteks.net\/index.php\/wp-json\/wp\/v2\/categories?post=4463"},{"taxonomy":"post_tag","embeddable":true,"href":"https:\/\/narteks.net\/index.php\/wp-json\/wp\/v2\/tags?post=4463"}],"curies":[{"name":"wp","href":"https:\/\/api.w.org\/{rel}","templated":true}]}}