{"id":4465,"date":"2010-04-10T10:55:24","date_gmt":"2010-04-10T07:55:24","guid":{"rendered":"http:\/\/localhost\/wordpress\/2010\/04\/10\/dunya-kadin-ozanlari-seckisi-global-divas\/"},"modified":"2010-04-10T10:55:24","modified_gmt":"2010-04-10T07:55:24","slug":"dunya-kadin-ozanlari-seckisi-global-divas","status":"publish","type":"post","link":"https:\/\/narteks.net\/index.php\/2010\/04\/10\/dunya-kadin-ozanlari-seckisi-global-divas\/","title":{"rendered":"D\u00fcnya Kad\u0131n Ozanlar\u0131 Se\u00e7kisi ( Global Divas )"},"content":{"rendered":"<p style=\"text-align: justify;\"><img loading=\"lazy\" decoding=\"async\" src=\"images\/stories\/globadivas.jpg\" border=\"0\" width=\"155\" height=\"205\" style=\"float: left;\" \/>D\u00fcnyan\u0131n d\u00f6rt bir yan\u0131ndan kad\u0131n ozanlar\u0131n en g\u00fczel \u00fcr\u00fcnlerinden yap\u0131lan se\u00e7ki &#8220;global divas\/dunya kad\u0131n ozanlar\u0131&#8221; album\u00fcnde bir araya getirilmi\u015f. Alb\u00fcmde, d\u00fcnyan\u0131n en iyi kad\u0131n seslerinden biri olarak kabul edilen L\u00fcbnanli sanat\u00e7\u0131 Feyruz&#8217;dan rebetika m\u00fcziklerinin unutulmaz yorumcu ve bestecilerinden Roza Ezkenazi &#8216;ye, g\u00fcney afrika muzi\u011fi dendi\u011finde ilk akla gelen isimlerden Miriam Makeba &#8216;dan latin amerika &#8216;n\u0131n en iyi seslerinden biri olan Mercedes Sosa ya, ya\u015fayan en b\u00fcy\u00fck kad\u0131n flemenko\u00a0 \u015fark\u0131c\u0131lar\u0131ndan \u0130lan Carmen Linares &#8216;e kadar farkl\u0131 sanat\u00e7\u0131lar\u0131n \u00fcr\u00fcnleri yer al\u0131yor.<\/p>\n<p style=\"text-align: justify;\">1 Heiemo Og Nykkjen &#8211; Kirsten Braten-Berg 04:55<br \/>2 Spirit of the Winter Tree &#8211; Tiddas 03:36<br \/>3 Santa Barbara &#8211; Celina Gonzalez 03:31<br \/>4 Pihi Neito &#8211; Varttina 02:41<br \/>5 Keadilan &#8211; Nasida Ria (yok)<br \/>6 Moussolou &#8211; Oumou Sangare 05:12<br \/>7 Allein &#8211; Marlene Dietrich 05:03<br \/>8 Derya U Mazir &#8211; Djur Djura 03:48<br \/>9 Sonho Meu &#8211; Gal Costa and Maria Bethania 02:50<br \/>10 Cielito Lindo &#8211; Lydia Mendoza 02:43<br \/>11 Ime Prezakias &#8211; Tsifte Telli &#8211; Roza Eskenazi 03:13<br \/>12 Chaviou Elwara: El Barm (Theme) &#8211; Dimi Mint Abba 05:29<br \/>13 Ya Tayr &#8211; Fairuz 04:26<\/p>\n<p><!--more--><\/p>\n<p>\u00a0<\/p>\n<p>\u00a0<\/p>\n<p><embed type=\"application\/x-shockwave-flash\" width=\"400\" height=\"300\" src=\"http:\/\/www.humyo.com\/E\/10422871-281475394292413\/10422871-281476085654721\/10422871-281475394295231\/10422871-281475394296125\/10422871-281475394300073\/10422871-281475394321309\/10422871-281475394321341\/10422871-281475394321371\/10422871-281475394321495\/10422871-281475394321527\/10422871-281475394321533\/10422871-281475394321557\/10422871-281475394321581\/10422871-281475394321609?a=B1l1P_EUSeA%2C7SWTdBi2UYw%2ClOI_e-IsFzc%2CkWGaa2onko4%2C8dzYEXcyJrI%2CzeCU7s52fKQ%2CHQjG2rq7ECA%2CPG0FUq91eT0%2Cb6AR5yQUe6c%2CMv1VLI40gDc%2CLqDA48ZYn-M%2Cuzzb1LQlQ0U%2CpqCMILGIfJo%2Ckc9d-VTq7-M\" flashvars=\"autostart=true&amp;\"><\/embed><\/p>\n","protected":false},"excerpt":{"rendered":"<p>D\u00fcnyan\u0131n d\u00f6rt bir yan\u0131ndan kad\u0131n ozanlar\u0131n en g\u00fczel \u00fcr\u00fcnlerinden yap\u0131lan se\u00e7ki &#8220;global divas\/dunya kad\u0131n ozanlar\u0131&#8221; album\u00fcnde bir araya getirilmi\u015f. Alb\u00fcmde, d\u00fcnyan\u0131n en iyi kad\u0131n seslerinden biri olarak kabul edilen L\u00fcbnanli sanat\u00e7\u0131 Feyruz&#8217;dan rebetika m\u00fcziklerinin unutulmaz yorumcu ve bestecilerinden Roza Ezkenazi &#8216;ye, g\u00fcney afrika muzi\u011fi dendi\u011finde ilk akla gelen isimlerden Miriam Makeba &#8216;dan latin amerika &#8216;n\u0131n [&hellip;]<\/p>\n","protected":false},"author":1,"featured_media":0,"comment_status":"open","ping_status":"open","sticky":false,"template":"","format":"standard","meta":{"footnotes":""},"categories":[125],"tags":[],"class_list":["post-4465","post","type-post","status-publish","format-standard","category-dunya-dan-muzik"],"yoast_head":"<!-- This site is optimized with the Yoast SEO Premium plugin v24.9 (Yoast SEO v24.9) - https:\/\/yoast.com\/wordpress\/plugins\/seo\/ -->\n<title>D\u00fcnya Kad\u0131n Ozanlar\u0131 Se\u00e7kisi ( Global Divas ) - narteks.net<\/title>\n<meta name=\"robots\" content=\"index, follow, max-snippet:-1, max-image-preview:large, max-video-preview:-1\" \/>\n<link rel=\"canonical\" href=\"https:\/\/narteks.net\/index.php\/2010\/04\/10\/dunya-kadin-ozanlari-seckisi-global-divas\/\" \/>\n<meta property=\"og:locale\" content=\"tr_TR\" \/>\n<meta property=\"og:type\" content=\"article\" \/>\n<meta property=\"og:title\" content=\"D\u00fcnya Kad\u0131n Ozanlar\u0131 Se\u00e7kisi ( Global Divas )\" \/>\n<meta property=\"og:description\" content=\"D\u00fcnyan\u0131n d\u00f6rt bir yan\u0131ndan kad\u0131n ozanlar\u0131n en g\u00fczel \u00fcr\u00fcnlerinden yap\u0131lan se\u00e7ki &#8220;global divas\/dunya kad\u0131n ozanlar\u0131&#8221; album\u00fcnde bir araya getirilmi\u015f. Alb\u00fcmde, d\u00fcnyan\u0131n en iyi kad\u0131n seslerinden biri olarak kabul edilen L\u00fcbnanli sanat\u00e7\u0131 Feyruz&#8217;dan rebetika m\u00fcziklerinin unutulmaz yorumcu ve bestecilerinden Roza Ezkenazi &#8216;ye, g\u00fcney afrika muzi\u011fi dendi\u011finde ilk akla gelen isimlerden Miriam Makeba &#8216;dan latin amerika &#8216;n\u0131n [&hellip;]\" \/>\n<meta property=\"og:url\" content=\"https:\/\/narteks.net\/index.php\/2010\/04\/10\/dunya-kadin-ozanlari-seckisi-global-divas\/\" \/>\n<meta property=\"og:site_name\" content=\"narteks.net\" \/>\n<meta property=\"article:published_time\" content=\"2010-04-10T07:55:24+00:00\" \/>\n<meta property=\"og:image\" content=\"https:\/\/narteks.net\/wp-content\/uploads\/narteks.png\" \/>\n\t<meta property=\"og:image:width\" content=\"300\" \/>\n\t<meta property=\"og:image:height\" content=\"90\" \/>\n\t<meta property=\"og:image:type\" content=\"image\/png\" \/>\n<meta name=\"author\" content=\"Tar\u0131k\" \/>\n<meta name=\"twitter:card\" content=\"summary_large_image\" \/>\n<meta name=\"twitter:creator\" content=\"@narteks\" \/>\n<meta name=\"twitter:site\" content=\"@narteks\" \/>\n<meta name=\"twitter:label1\" content=\"Yazan:\" \/>\n\t<meta name=\"twitter:data1\" content=\"Tar\u0131k\" \/>\n\t<meta name=\"twitter:label2\" content=\"Tahmini okuma s\u00fcresi\" \/>\n\t<meta name=\"twitter:data2\" content=\"1 dakika\" \/>\n<script type=\"application\/ld+json\" class=\"yoast-schema-graph\">{\"@context\":\"https:\/\/schema.org\",\"@graph\":[{\"@type\":\"Article\",\"@id\":\"https:\/\/narteks.net\/index.php\/2010\/04\/10\/dunya-kadin-ozanlari-seckisi-global-divas\/#article\",\"isPartOf\":{\"@id\":\"https:\/\/narteks.net\/index.php\/2010\/04\/10\/dunya-kadin-ozanlari-seckisi-global-divas\/\"},\"author\":{\"name\":\"Tar\u0131k\",\"@id\":\"https:\/\/narteks.net\/#\/schema\/person\/61f37d9834294b72d31d274e7ed79bca\"},\"headline\":\"D\u00fcnya Kad\u0131n Ozanlar\u0131 Se\u00e7kisi ( Global Divas )\",\"datePublished\":\"2010-04-10T07:55:24+00:00\",\"mainEntityOfPage\":{\"@id\":\"https:\/\/narteks.net\/index.php\/2010\/04\/10\/dunya-kadin-ozanlari-seckisi-global-divas\/\"},\"wordCount\":197,\"commentCount\":0,\"publisher\":{\"@id\":\"https:\/\/narteks.net\/#organization\"},\"articleSection\":[\"D\u00fcnya'dan M\u00fczik\"],\"inLanguage\":\"tr\",\"potentialAction\":[{\"@type\":\"CommentAction\",\"name\":\"Comment\",\"target\":[\"https:\/\/narteks.net\/index.php\/2010\/04\/10\/dunya-kadin-ozanlari-seckisi-global-divas\/#respond\"]}]},{\"@type\":\"WebPage\",\"@id\":\"https:\/\/narteks.net\/index.php\/2010\/04\/10\/dunya-kadin-ozanlari-seckisi-global-divas\/\",\"url\":\"https:\/\/narteks.net\/index.php\/2010\/04\/10\/dunya-kadin-ozanlari-seckisi-global-divas\/\",\"name\":\"D\u00fcnya Kad\u0131n Ozanlar\u0131 Se\u00e7kisi ( Global Divas ) - narteks.net\",\"isPartOf\":{\"@id\":\"https:\/\/narteks.net\/#website\"},\"datePublished\":\"2010-04-10T07:55:24+00:00\",\"breadcrumb\":{\"@id\":\"https:\/\/narteks.net\/index.php\/2010\/04\/10\/dunya-kadin-ozanlari-seckisi-global-divas\/#breadcrumb\"},\"inLanguage\":\"tr\",\"potentialAction\":[{\"@type\":\"ReadAction\",\"target\":[\"https:\/\/narteks.net\/index.php\/2010\/04\/10\/dunya-kadin-ozanlari-seckisi-global-divas\/\"]}]},{\"@type\":\"BreadcrumbList\",\"@id\":\"https:\/\/narteks.net\/index.php\/2010\/04\/10\/dunya-kadin-ozanlari-seckisi-global-divas\/#breadcrumb\",\"itemListElement\":[{\"@type\":\"ListItem\",\"position\":1,\"name\":\"Anasayfa\",\"item\":\"https:\/\/narteks.net\/\"},{\"@type\":\"ListItem\",\"position\":2,\"name\":\"D\u00fcnya Kad\u0131n Ozanlar\u0131 Se\u00e7kisi ( Global Divas )\"}]},{\"@type\":\"WebSite\",\"@id\":\"https:\/\/narteks.net\/#website\",\"url\":\"https:\/\/narteks.net\/\",\"name\":\"narteks.net\",\"description\":\"K\u00fclt\u00fcr Sanat Edebiyat Felsefe\",\"publisher\":{\"@id\":\"https:\/\/narteks.net\/#organization\"},\"alternateName\":\"K\u00fclt\u00fcr Sanat Edebiyat Felsefe\",\"potentialAction\":[{\"@type\":\"SearchAction\",\"target\":{\"@type\":\"EntryPoint\",\"urlTemplate\":\"https:\/\/narteks.net\/?s={search_term_string}\"},\"query-input\":{\"@type\":\"PropertyValueSpecification\",\"valueRequired\":true,\"valueName\":\"search_term_string\"}}],\"inLanguage\":\"tr\"},{\"@type\":\"Organization\",\"@id\":\"https:\/\/narteks.net\/#organization\",\"name\":\"narteks.net\",\"url\":\"https:\/\/narteks.net\/\",\"logo\":{\"@type\":\"ImageObject\",\"inLanguage\":\"tr\",\"@id\":\"https:\/\/narteks.net\/#\/schema\/logo\/image\/\",\"url\":\"https:\/\/narteks.net\/wp-content\/uploads\/narteks.png\",\"contentUrl\":\"https:\/\/narteks.net\/wp-content\/uploads\/narteks.png\",\"width\":300,\"height\":90,\"caption\":\"narteks.net\"},\"image\":{\"@id\":\"https:\/\/narteks.net\/#\/schema\/logo\/image\/\"},\"sameAs\":[\"https:\/\/x.com\/narteks\",\"https:\/\/instagram.com\/narteksnet\"]},{\"@type\":\"Person\",\"@id\":\"https:\/\/narteks.net\/#\/schema\/person\/61f37d9834294b72d31d274e7ed79bca\",\"name\":\"Tar\u0131k\",\"image\":{\"@type\":\"ImageObject\",\"inLanguage\":\"tr\",\"@id\":\"https:\/\/narteks.net\/#\/schema\/person\/image\/\",\"url\":\"https:\/\/secure.gravatar.com\/avatar\/50865afb55632c4ae467e0af0930f6510aa2297d8014be502a55b14f3b7550cf?s=96&d=mm&r=g\",\"contentUrl\":\"https:\/\/secure.gravatar.com\/avatar\/50865afb55632c4ae467e0af0930f6510aa2297d8014be502a55b14f3b7550cf?s=96&d=mm&r=g\",\"caption\":\"Tar\u0131k\"},\"sameAs\":[\"http:\/\/narteks.net\"],\"url\":\"https:\/\/narteks.net\/index.php\/author\/narbak\/\"}]}<\/script>\n<!-- \/ Yoast SEO Premium plugin. -->","yoast_head_json":{"title":"D\u00fcnya Kad\u0131n Ozanlar\u0131 Se\u00e7kisi ( Global Divas ) - narteks.net","robots":{"index":"index","follow":"follow","max-snippet":"max-snippet:-1","max-image-preview":"max-image-preview:large","max-video-preview":"max-video-preview:-1"},"canonical":"https:\/\/narteks.net\/index.php\/2010\/04\/10\/dunya-kadin-ozanlari-seckisi-global-divas\/","og_locale":"tr_TR","og_type":"article","og_title":"D\u00fcnya Kad\u0131n Ozanlar\u0131 Se\u00e7kisi ( Global Divas )","og_description":"D\u00fcnyan\u0131n d\u00f6rt bir yan\u0131ndan kad\u0131n ozanlar\u0131n en g\u00fczel \u00fcr\u00fcnlerinden yap\u0131lan se\u00e7ki &#8220;global divas\/dunya kad\u0131n ozanlar\u0131&#8221; album\u00fcnde bir araya getirilmi\u015f. Alb\u00fcmde, d\u00fcnyan\u0131n en iyi kad\u0131n seslerinden biri olarak kabul edilen L\u00fcbnanli sanat\u00e7\u0131 Feyruz&#8217;dan rebetika m\u00fcziklerinin unutulmaz yorumcu ve bestecilerinden Roza Ezkenazi &#8216;ye, g\u00fcney afrika muzi\u011fi dendi\u011finde ilk akla gelen isimlerden Miriam Makeba &#8216;dan latin amerika &#8216;n\u0131n [&hellip;]","og_url":"https:\/\/narteks.net\/index.php\/2010\/04\/10\/dunya-kadin-ozanlari-seckisi-global-divas\/","og_site_name":"narteks.net","article_published_time":"2010-04-10T07:55:24+00:00","og_image":[{"width":300,"height":90,"url":"https:\/\/narteks.net\/wp-content\/uploads\/narteks.png","type":"image\/png"}],"author":"Tar\u0131k","twitter_card":"summary_large_image","twitter_creator":"@narteks","twitter_site":"@narteks","twitter_misc":{"Yazan:":"Tar\u0131k","Tahmini okuma s\u00fcresi":"1 dakika"},"schema":{"@context":"https:\/\/schema.org","@graph":[{"@type":"Article","@id":"https:\/\/narteks.net\/index.php\/2010\/04\/10\/dunya-kadin-ozanlari-seckisi-global-divas\/#article","isPartOf":{"@id":"https:\/\/narteks.net\/index.php\/2010\/04\/10\/dunya-kadin-ozanlari-seckisi-global-divas\/"},"author":{"name":"Tar\u0131k","@id":"https:\/\/narteks.net\/#\/schema\/person\/61f37d9834294b72d31d274e7ed79bca"},"headline":"D\u00fcnya Kad\u0131n Ozanlar\u0131 Se\u00e7kisi ( Global Divas )","datePublished":"2010-04-10T07:55:24+00:00","mainEntityOfPage":{"@id":"https:\/\/narteks.net\/index.php\/2010\/04\/10\/dunya-kadin-ozanlari-seckisi-global-divas\/"},"wordCount":197,"commentCount":0,"publisher":{"@id":"https:\/\/narteks.net\/#organization"},"articleSection":["D\u00fcnya'dan M\u00fczik"],"inLanguage":"tr","potentialAction":[{"@type":"CommentAction","name":"Comment","target":["https:\/\/narteks.net\/index.php\/2010\/04\/10\/dunya-kadin-ozanlari-seckisi-global-divas\/#respond"]}]},{"@type":"WebPage","@id":"https:\/\/narteks.net\/index.php\/2010\/04\/10\/dunya-kadin-ozanlari-seckisi-global-divas\/","url":"https:\/\/narteks.net\/index.php\/2010\/04\/10\/dunya-kadin-ozanlari-seckisi-global-divas\/","name":"D\u00fcnya Kad\u0131n Ozanlar\u0131 Se\u00e7kisi ( Global Divas ) - narteks.net","isPartOf":{"@id":"https:\/\/narteks.net\/#website"},"datePublished":"2010-04-10T07:55:24+00:00","breadcrumb":{"@id":"https:\/\/narteks.net\/index.php\/2010\/04\/10\/dunya-kadin-ozanlari-seckisi-global-divas\/#breadcrumb"},"inLanguage":"tr","potentialAction":[{"@type":"ReadAction","target":["https:\/\/narteks.net\/index.php\/2010\/04\/10\/dunya-kadin-ozanlari-seckisi-global-divas\/"]}]},{"@type":"BreadcrumbList","@id":"https:\/\/narteks.net\/index.php\/2010\/04\/10\/dunya-kadin-ozanlari-seckisi-global-divas\/#breadcrumb","itemListElement":[{"@type":"ListItem","position":1,"name":"Anasayfa","item":"https:\/\/narteks.net\/"},{"@type":"ListItem","position":2,"name":"D\u00fcnya Kad\u0131n Ozanlar\u0131 Se\u00e7kisi ( Global Divas )"}]},{"@type":"WebSite","@id":"https:\/\/narteks.net\/#website","url":"https:\/\/narteks.net\/","name":"narteks.net","description":"K\u00fclt\u00fcr Sanat Edebiyat Felsefe","publisher":{"@id":"https:\/\/narteks.net\/#organization"},"alternateName":"K\u00fclt\u00fcr Sanat Edebiyat Felsefe","potentialAction":[{"@type":"SearchAction","target":{"@type":"EntryPoint","urlTemplate":"https:\/\/narteks.net\/?s={search_term_string}"},"query-input":{"@type":"PropertyValueSpecification","valueRequired":true,"valueName":"search_term_string"}}],"inLanguage":"tr"},{"@type":"Organization","@id":"https:\/\/narteks.net\/#organization","name":"narteks.net","url":"https:\/\/narteks.net\/","logo":{"@type":"ImageObject","inLanguage":"tr","@id":"https:\/\/narteks.net\/#\/schema\/logo\/image\/","url":"https:\/\/narteks.net\/wp-content\/uploads\/narteks.png","contentUrl":"https:\/\/narteks.net\/wp-content\/uploads\/narteks.png","width":300,"height":90,"caption":"narteks.net"},"image":{"@id":"https:\/\/narteks.net\/#\/schema\/logo\/image\/"},"sameAs":["https:\/\/x.com\/narteks","https:\/\/instagram.com\/narteksnet"]},{"@type":"Person","@id":"https:\/\/narteks.net\/#\/schema\/person\/61f37d9834294b72d31d274e7ed79bca","name":"Tar\u0131k","image":{"@type":"ImageObject","inLanguage":"tr","@id":"https:\/\/narteks.net\/#\/schema\/person\/image\/","url":"https:\/\/secure.gravatar.com\/avatar\/50865afb55632c4ae467e0af0930f6510aa2297d8014be502a55b14f3b7550cf?s=96&d=mm&r=g","contentUrl":"https:\/\/secure.gravatar.com\/avatar\/50865afb55632c4ae467e0af0930f6510aa2297d8014be502a55b14f3b7550cf?s=96&d=mm&r=g","caption":"Tar\u0131k"},"sameAs":["http:\/\/narteks.net"],"url":"https:\/\/narteks.net\/index.php\/author\/narbak\/"}]}},"_links":{"self":[{"href":"https:\/\/narteks.net\/index.php\/wp-json\/wp\/v2\/posts\/4465","targetHints":{"allow":["GET"]}}],"collection":[{"href":"https:\/\/narteks.net\/index.php\/wp-json\/wp\/v2\/posts"}],"about":[{"href":"https:\/\/narteks.net\/index.php\/wp-json\/wp\/v2\/types\/post"}],"author":[{"embeddable":true,"href":"https:\/\/narteks.net\/index.php\/wp-json\/wp\/v2\/users\/1"}],"replies":[{"embeddable":true,"href":"https:\/\/narteks.net\/index.php\/wp-json\/wp\/v2\/comments?post=4465"}],"version-history":[{"count":0,"href":"https:\/\/narteks.net\/index.php\/wp-json\/wp\/v2\/posts\/4465\/revisions"}],"wp:attachment":[{"href":"https:\/\/narteks.net\/index.php\/wp-json\/wp\/v2\/media?parent=4465"}],"wp:term":[{"taxonomy":"category","embeddable":true,"href":"https:\/\/narteks.net\/index.php\/wp-json\/wp\/v2\/categories?post=4465"},{"taxonomy":"post_tag","embeddable":true,"href":"https:\/\/narteks.net\/index.php\/wp-json\/wp\/v2\/tags?post=4465"}],"curies":[{"name":"wp","href":"https:\/\/api.w.org\/{rel}","templated":true}]}}