{"id":4466,"date":"2010-04-10T13:11:07","date_gmt":"2010-04-10T10:11:07","guid":{"rendered":"http:\/\/localhost\/wordpress\/2010\/04\/10\/simdiye-dek-sagir-kalinmis-dogrular-icin-yeni-bir-vicdan-friedrich-nietzsche\/"},"modified":"2010-04-10T13:11:07","modified_gmt":"2010-04-10T10:11:07","slug":"simdiye-dek-sagir-kalinmis-dogrular-icin-yeni-bir-vicdan-friedrich-nietzsche","status":"publish","type":"post","link":"https:\/\/narteks.net\/index.php\/2010\/04\/10\/simdiye-dek-sagir-kalinmis-dogrular-icin-yeni-bir-vicdan-friedrich-nietzsche\/","title":{"rendered":"\u015eimdiye dek sa\u011f\u0131r kal\u0131nm\u0131\u015f do\u011frular i\u00e7in yeni bir vicdan | Friedrich Nietzsche"},"content":{"rendered":"<p><img loading=\"lazy\" decoding=\"async\" src=\"images\/stories\/nietzsche1.jpg\" border=\"0\" width=\"155\" height=\"205\" style=\"float: left;\" \/>Bu kitap en azlar\u0131nd\u0131r. Belki de onlardan hi\u00e7biri ya\u015fam\u0131yor daha. Onlar, benim Zerd\u00fc\u015ft&#8217;\u00fcm\u00fc anlayanlar olacaklar . Kendimi, daha bug\u00fcnden i\u015fitilecek kulaklar bulanlar ile nas\u0131l kar\u0131\u015ft\u0131rabilirdim ki? Ancak yar\u0131nd\u0131r benim olan. Kimileri \u00f6ld\u00fckten sonra do\u011far.<\/p>\n<p style=\"text-align: justify;\">Ki\u015finin beni anlamas\u0131n\u0131n, hem de zorunlukla anlamas\u0131n\u0131n ko\u015fullar\u0131, bunlar\u0131 pek iyi bilirim. Benim yaln\u0131zca i\u00e7tenli\u011fime, tutkuma dayanabilmek i\u00e7in, d\u00fc\u015f\u00fcnsel konularda kat\u0131l\u0131k kertesinde d\u00fcr\u00fcst olmas\u0131 gerekir ki\u015finin. Da\u011flarda ya\u015famaya, al\u0131\u015fk\u0131n olmas\u0131 gerekir , \u00e7a\u011f\u0131n siyasetinin ve halklar\u0131n \u00e7\u0131karc\u0131l\u0131klar\u0131n\u0131n sefil gevezeli\u011fini kendi alt\u0131nda g\u00f6rmeye ald\u0131rmaz olmu\u015f olmas\u0131 gerekir, hi\u00e7 sormamas\u0131 gerekir, do\u011fruluk yararl\u0131 m\u0131d\u0131r diye, bir k\u00f6t\u00fc kader olup \u00e7\u0131kar m\u0131 diye&#8230;<\/p>\n<p style=\"text-align: justify;\">Bug\u00fcn kimsenin sorma y\u00fcreklili\u011fini g\u00f6stermedi\u011fi sorulara sertli\u011fin verdi\u011fi yatk\u0131nl\u0131k\u00a0 yasaklanm\u0131\u015f olana y\u00fcreklilik labirente \u00f6nceden belirlenmi\u015flik. Yedi yaln\u0131zl\u0131kta edinilmi\u015f bir deneyim. Yeni bir m\u00fczik i\u00e7in yeni kulaklar. En uzaklar i\u00e7in yeni g\u00f6zler. \u015eimdiye dek sa\u011f\u0131r kal\u0131nm\u0131\u015f do\u011frular i\u00e7in yeni bir vicdan. Ve y\u00fcce \u00fcslubun iktisat istemi\u00a0 g\u00fcc\u00fcn\u00fc, heyecanlanmalar\u0131n\u0131 derli toplu tutmak&#8230; Kendi kendine sayg\u0131, kendi kendine sevgi, kendi kendisi kar\u015f\u0131s\u0131nda ko\u015fulsuz bir \u00f6zg\u00fcrl\u00fck&#8230;<\/p>\n<p style=\"text-align: justify;\">\u0130\u015fte! Bunlard\u0131r benim okurlar\u0131m ancak, benim sahici okurlar\u0131m, benim \u00f6nceden belirlenmi\u015f okurlar\u0131m. Geri kalan neye yarar ki .Geri kalan, insanl\u0131kt\u0131r yaln\u0131zca.Ki\u015finin, g\u00fcc\u00fcyle, ruhunun y\u00fcksekli\u011fiyle, insanl\u0131\u011fa tepeden bakmas\u0131 gerekir ,hor g\u00f6r\u00fc\u015f\u00fcyle&#8230;<\/p>\n<p style=\"text-align: justify;\">Kutup Y\u0131ld\u0131z\u0131<br \/><strong>Friedrich Nietzsche<\/strong><\/p>\n","protected":false},"excerpt":{"rendered":"<p>Bu kitap en azlar\u0131nd\u0131r. Belki de onlardan hi\u00e7biri ya\u015fam\u0131yor daha. Onlar, benim Zerd\u00fc\u015ft&#8217;\u00fcm\u00fc anlayanlar olacaklar . Kendimi, daha bug\u00fcnden i\u015fitilecek kulaklar bulanlar ile nas\u0131l kar\u0131\u015ft\u0131rabilirdim ki? Ancak yar\u0131nd\u0131r benim olan. Kimileri \u00f6ld\u00fckten sonra do\u011far. Ki\u015finin beni anlamas\u0131n\u0131n, hem de zorunlukla anlamas\u0131n\u0131n ko\u015fullar\u0131, bunlar\u0131 pek iyi bilirim. Benim yaln\u0131zca i\u00e7tenli\u011fime, tutkuma dayanabilmek i\u00e7in, d\u00fc\u015f\u00fcnsel konularda kat\u0131l\u0131k [&hellip;]<\/p>\n","protected":false},"author":1,"featured_media":0,"comment_status":"open","ping_status":"open","sticky":false,"template":"","format":"standard","meta":{"footnotes":""},"categories":[73],"tags":[],"class_list":["post-4466","post","type-post","status-publish","format-standard","category-friedrich-wilhelm-nietzsche"],"yoast_head":"<!-- This site is optimized with the Yoast SEO Premium plugin v24.9 (Yoast SEO v24.9) - https:\/\/yoast.com\/wordpress\/plugins\/seo\/ -->\n<title>\u015eimdiye dek sa\u011f\u0131r kal\u0131nm\u0131\u015f do\u011frular i\u00e7in yeni bir vicdan | Friedrich Nietzsche - narteks.net<\/title>\n<meta name=\"robots\" content=\"index, follow, max-snippet:-1, max-image-preview:large, max-video-preview:-1\" \/>\n<link rel=\"canonical\" href=\"https:\/\/narteks.net\/index.php\/2010\/04\/10\/simdiye-dek-sagir-kalinmis-dogrular-icin-yeni-bir-vicdan-friedrich-nietzsche\/\" \/>\n<meta property=\"og:locale\" content=\"tr_TR\" \/>\n<meta property=\"og:type\" content=\"article\" \/>\n<meta property=\"og:title\" content=\"\u015eimdiye dek sa\u011f\u0131r kal\u0131nm\u0131\u015f do\u011frular i\u00e7in yeni bir vicdan | Friedrich Nietzsche\" \/>\n<meta property=\"og:description\" content=\"Bu kitap en azlar\u0131nd\u0131r. Belki de onlardan hi\u00e7biri ya\u015fam\u0131yor daha. Onlar, benim Zerd\u00fc\u015ft&#8217;\u00fcm\u00fc anlayanlar olacaklar . Kendimi, daha bug\u00fcnden i\u015fitilecek kulaklar bulanlar ile nas\u0131l kar\u0131\u015ft\u0131rabilirdim ki? Ancak yar\u0131nd\u0131r benim olan. Kimileri \u00f6ld\u00fckten sonra do\u011far. Ki\u015finin beni anlamas\u0131n\u0131n, hem de zorunlukla anlamas\u0131n\u0131n ko\u015fullar\u0131, bunlar\u0131 pek iyi bilirim. Benim yaln\u0131zca i\u00e7tenli\u011fime, tutkuma dayanabilmek i\u00e7in, d\u00fc\u015f\u00fcnsel konularda kat\u0131l\u0131k [&hellip;]\" \/>\n<meta property=\"og:url\" content=\"https:\/\/narteks.net\/index.php\/2010\/04\/10\/simdiye-dek-sagir-kalinmis-dogrular-icin-yeni-bir-vicdan-friedrich-nietzsche\/\" \/>\n<meta property=\"og:site_name\" content=\"narteks.net\" \/>\n<meta property=\"article:published_time\" content=\"2010-04-10T10:11:07+00:00\" \/>\n<meta property=\"og:image\" content=\"https:\/\/narteks.net\/wp-content\/uploads\/narteks.png\" \/>\n\t<meta property=\"og:image:width\" content=\"300\" \/>\n\t<meta property=\"og:image:height\" content=\"90\" \/>\n\t<meta property=\"og:image:type\" content=\"image\/png\" \/>\n<meta name=\"author\" content=\"Tar\u0131k\" \/>\n<meta name=\"twitter:card\" content=\"summary_large_image\" \/>\n<meta name=\"twitter:creator\" content=\"@narteks\" \/>\n<meta name=\"twitter:site\" content=\"@narteks\" \/>\n<meta name=\"twitter:label1\" content=\"Yazan:\" \/>\n\t<meta name=\"twitter:data1\" content=\"Tar\u0131k\" \/>\n\t<meta name=\"twitter:label2\" content=\"Tahmini okuma s\u00fcresi\" \/>\n\t<meta name=\"twitter:data2\" content=\"1 dakika\" \/>\n<script type=\"application\/ld+json\" class=\"yoast-schema-graph\">{\"@context\":\"https:\/\/schema.org\",\"@graph\":[{\"@type\":\"Article\",\"@id\":\"https:\/\/narteks.net\/index.php\/2010\/04\/10\/simdiye-dek-sagir-kalinmis-dogrular-icin-yeni-bir-vicdan-friedrich-nietzsche\/#article\",\"isPartOf\":{\"@id\":\"https:\/\/narteks.net\/index.php\/2010\/04\/10\/simdiye-dek-sagir-kalinmis-dogrular-icin-yeni-bir-vicdan-friedrich-nietzsche\/\"},\"author\":{\"name\":\"Tar\u0131k\",\"@id\":\"https:\/\/narteks.net\/#\/schema\/person\/61f37d9834294b72d31d274e7ed79bca\"},\"headline\":\"\u015eimdiye dek sa\u011f\u0131r kal\u0131nm\u0131\u015f do\u011frular i\u00e7in yeni bir vicdan | Friedrich Nietzsche\",\"datePublished\":\"2010-04-10T10:11:07+00:00\",\"mainEntityOfPage\":{\"@id\":\"https:\/\/narteks.net\/index.php\/2010\/04\/10\/simdiye-dek-sagir-kalinmis-dogrular-icin-yeni-bir-vicdan-friedrich-nietzsche\/\"},\"wordCount\":301,\"commentCount\":0,\"publisher\":{\"@id\":\"https:\/\/narteks.net\/#organization\"},\"articleSection\":[\"Friedrich Wilhelm N\u0130ETZSCHE\"],\"inLanguage\":\"tr\",\"potentialAction\":[{\"@type\":\"CommentAction\",\"name\":\"Comment\",\"target\":[\"https:\/\/narteks.net\/index.php\/2010\/04\/10\/simdiye-dek-sagir-kalinmis-dogrular-icin-yeni-bir-vicdan-friedrich-nietzsche\/#respond\"]}]},{\"@type\":\"WebPage\",\"@id\":\"https:\/\/narteks.net\/index.php\/2010\/04\/10\/simdiye-dek-sagir-kalinmis-dogrular-icin-yeni-bir-vicdan-friedrich-nietzsche\/\",\"url\":\"https:\/\/narteks.net\/index.php\/2010\/04\/10\/simdiye-dek-sagir-kalinmis-dogrular-icin-yeni-bir-vicdan-friedrich-nietzsche\/\",\"name\":\"\u015eimdiye dek sa\u011f\u0131r kal\u0131nm\u0131\u015f do\u011frular i\u00e7in yeni bir vicdan | Friedrich Nietzsche - narteks.net\",\"isPartOf\":{\"@id\":\"https:\/\/narteks.net\/#website\"},\"datePublished\":\"2010-04-10T10:11:07+00:00\",\"breadcrumb\":{\"@id\":\"https:\/\/narteks.net\/index.php\/2010\/04\/10\/simdiye-dek-sagir-kalinmis-dogrular-icin-yeni-bir-vicdan-friedrich-nietzsche\/#breadcrumb\"},\"inLanguage\":\"tr\",\"potentialAction\":[{\"@type\":\"ReadAction\",\"target\":[\"https:\/\/narteks.net\/index.php\/2010\/04\/10\/simdiye-dek-sagir-kalinmis-dogrular-icin-yeni-bir-vicdan-friedrich-nietzsche\/\"]}]},{\"@type\":\"BreadcrumbList\",\"@id\":\"https:\/\/narteks.net\/index.php\/2010\/04\/10\/simdiye-dek-sagir-kalinmis-dogrular-icin-yeni-bir-vicdan-friedrich-nietzsche\/#breadcrumb\",\"itemListElement\":[{\"@type\":\"ListItem\",\"position\":1,\"name\":\"Anasayfa\",\"item\":\"https:\/\/narteks.net\/\"},{\"@type\":\"ListItem\",\"position\":2,\"name\":\"\u015eimdiye dek sa\u011f\u0131r kal\u0131nm\u0131\u015f do\u011frular i\u00e7in yeni bir vicdan | Friedrich Nietzsche\"}]},{\"@type\":\"WebSite\",\"@id\":\"https:\/\/narteks.net\/#website\",\"url\":\"https:\/\/narteks.net\/\",\"name\":\"narteks.net\",\"description\":\"K\u00fclt\u00fcr Sanat Edebiyat Felsefe\",\"publisher\":{\"@id\":\"https:\/\/narteks.net\/#organization\"},\"alternateName\":\"K\u00fclt\u00fcr Sanat Edebiyat Felsefe\",\"potentialAction\":[{\"@type\":\"SearchAction\",\"target\":{\"@type\":\"EntryPoint\",\"urlTemplate\":\"https:\/\/narteks.net\/?s={search_term_string}\"},\"query-input\":{\"@type\":\"PropertyValueSpecification\",\"valueRequired\":true,\"valueName\":\"search_term_string\"}}],\"inLanguage\":\"tr\"},{\"@type\":\"Organization\",\"@id\":\"https:\/\/narteks.net\/#organization\",\"name\":\"narteks.net\",\"url\":\"https:\/\/narteks.net\/\",\"logo\":{\"@type\":\"ImageObject\",\"inLanguage\":\"tr\",\"@id\":\"https:\/\/narteks.net\/#\/schema\/logo\/image\/\",\"url\":\"https:\/\/narteks.net\/wp-content\/uploads\/narteks.png\",\"contentUrl\":\"https:\/\/narteks.net\/wp-content\/uploads\/narteks.png\",\"width\":300,\"height\":90,\"caption\":\"narteks.net\"},\"image\":{\"@id\":\"https:\/\/narteks.net\/#\/schema\/logo\/image\/\"},\"sameAs\":[\"https:\/\/x.com\/narteks\",\"https:\/\/instagram.com\/narteksnet\"]},{\"@type\":\"Person\",\"@id\":\"https:\/\/narteks.net\/#\/schema\/person\/61f37d9834294b72d31d274e7ed79bca\",\"name\":\"Tar\u0131k\",\"image\":{\"@type\":\"ImageObject\",\"inLanguage\":\"tr\",\"@id\":\"https:\/\/narteks.net\/#\/schema\/person\/image\/\",\"url\":\"https:\/\/secure.gravatar.com\/avatar\/50865afb55632c4ae467e0af0930f6510aa2297d8014be502a55b14f3b7550cf?s=96&d=mm&r=g\",\"contentUrl\":\"https:\/\/secure.gravatar.com\/avatar\/50865afb55632c4ae467e0af0930f6510aa2297d8014be502a55b14f3b7550cf?s=96&d=mm&r=g\",\"caption\":\"Tar\u0131k\"},\"sameAs\":[\"http:\/\/narteks.net\"],\"url\":\"https:\/\/narteks.net\/index.php\/author\/narbak\/\"}]}<\/script>\n<!-- \/ Yoast SEO Premium plugin. -->","yoast_head_json":{"title":"\u015eimdiye dek sa\u011f\u0131r kal\u0131nm\u0131\u015f do\u011frular i\u00e7in yeni bir vicdan | Friedrich Nietzsche - narteks.net","robots":{"index":"index","follow":"follow","max-snippet":"max-snippet:-1","max-image-preview":"max-image-preview:large","max-video-preview":"max-video-preview:-1"},"canonical":"https:\/\/narteks.net\/index.php\/2010\/04\/10\/simdiye-dek-sagir-kalinmis-dogrular-icin-yeni-bir-vicdan-friedrich-nietzsche\/","og_locale":"tr_TR","og_type":"article","og_title":"\u015eimdiye dek sa\u011f\u0131r kal\u0131nm\u0131\u015f do\u011frular i\u00e7in yeni bir vicdan | Friedrich Nietzsche","og_description":"Bu kitap en azlar\u0131nd\u0131r. Belki de onlardan hi\u00e7biri ya\u015fam\u0131yor daha. Onlar, benim Zerd\u00fc\u015ft&#8217;\u00fcm\u00fc anlayanlar olacaklar . Kendimi, daha bug\u00fcnden i\u015fitilecek kulaklar bulanlar ile nas\u0131l kar\u0131\u015ft\u0131rabilirdim ki? Ancak yar\u0131nd\u0131r benim olan. Kimileri \u00f6ld\u00fckten sonra do\u011far. Ki\u015finin beni anlamas\u0131n\u0131n, hem de zorunlukla anlamas\u0131n\u0131n ko\u015fullar\u0131, bunlar\u0131 pek iyi bilirim. Benim yaln\u0131zca i\u00e7tenli\u011fime, tutkuma dayanabilmek i\u00e7in, d\u00fc\u015f\u00fcnsel konularda kat\u0131l\u0131k [&hellip;]","og_url":"https:\/\/narteks.net\/index.php\/2010\/04\/10\/simdiye-dek-sagir-kalinmis-dogrular-icin-yeni-bir-vicdan-friedrich-nietzsche\/","og_site_name":"narteks.net","article_published_time":"2010-04-10T10:11:07+00:00","og_image":[{"width":300,"height":90,"url":"https:\/\/narteks.net\/wp-content\/uploads\/narteks.png","type":"image\/png"}],"author":"Tar\u0131k","twitter_card":"summary_large_image","twitter_creator":"@narteks","twitter_site":"@narteks","twitter_misc":{"Yazan:":"Tar\u0131k","Tahmini okuma s\u00fcresi":"1 dakika"},"schema":{"@context":"https:\/\/schema.org","@graph":[{"@type":"Article","@id":"https:\/\/narteks.net\/index.php\/2010\/04\/10\/simdiye-dek-sagir-kalinmis-dogrular-icin-yeni-bir-vicdan-friedrich-nietzsche\/#article","isPartOf":{"@id":"https:\/\/narteks.net\/index.php\/2010\/04\/10\/simdiye-dek-sagir-kalinmis-dogrular-icin-yeni-bir-vicdan-friedrich-nietzsche\/"},"author":{"name":"Tar\u0131k","@id":"https:\/\/narteks.net\/#\/schema\/person\/61f37d9834294b72d31d274e7ed79bca"},"headline":"\u015eimdiye dek sa\u011f\u0131r kal\u0131nm\u0131\u015f do\u011frular i\u00e7in yeni bir vicdan | Friedrich Nietzsche","datePublished":"2010-04-10T10:11:07+00:00","mainEntityOfPage":{"@id":"https:\/\/narteks.net\/index.php\/2010\/04\/10\/simdiye-dek-sagir-kalinmis-dogrular-icin-yeni-bir-vicdan-friedrich-nietzsche\/"},"wordCount":301,"commentCount":0,"publisher":{"@id":"https:\/\/narteks.net\/#organization"},"articleSection":["Friedrich Wilhelm N\u0130ETZSCHE"],"inLanguage":"tr","potentialAction":[{"@type":"CommentAction","name":"Comment","target":["https:\/\/narteks.net\/index.php\/2010\/04\/10\/simdiye-dek-sagir-kalinmis-dogrular-icin-yeni-bir-vicdan-friedrich-nietzsche\/#respond"]}]},{"@type":"WebPage","@id":"https:\/\/narteks.net\/index.php\/2010\/04\/10\/simdiye-dek-sagir-kalinmis-dogrular-icin-yeni-bir-vicdan-friedrich-nietzsche\/","url":"https:\/\/narteks.net\/index.php\/2010\/04\/10\/simdiye-dek-sagir-kalinmis-dogrular-icin-yeni-bir-vicdan-friedrich-nietzsche\/","name":"\u015eimdiye dek sa\u011f\u0131r kal\u0131nm\u0131\u015f do\u011frular i\u00e7in yeni bir vicdan | Friedrich Nietzsche - narteks.net","isPartOf":{"@id":"https:\/\/narteks.net\/#website"},"datePublished":"2010-04-10T10:11:07+00:00","breadcrumb":{"@id":"https:\/\/narteks.net\/index.php\/2010\/04\/10\/simdiye-dek-sagir-kalinmis-dogrular-icin-yeni-bir-vicdan-friedrich-nietzsche\/#breadcrumb"},"inLanguage":"tr","potentialAction":[{"@type":"ReadAction","target":["https:\/\/narteks.net\/index.php\/2010\/04\/10\/simdiye-dek-sagir-kalinmis-dogrular-icin-yeni-bir-vicdan-friedrich-nietzsche\/"]}]},{"@type":"BreadcrumbList","@id":"https:\/\/narteks.net\/index.php\/2010\/04\/10\/simdiye-dek-sagir-kalinmis-dogrular-icin-yeni-bir-vicdan-friedrich-nietzsche\/#breadcrumb","itemListElement":[{"@type":"ListItem","position":1,"name":"Anasayfa","item":"https:\/\/narteks.net\/"},{"@type":"ListItem","position":2,"name":"\u015eimdiye dek sa\u011f\u0131r kal\u0131nm\u0131\u015f do\u011frular i\u00e7in yeni bir vicdan | Friedrich Nietzsche"}]},{"@type":"WebSite","@id":"https:\/\/narteks.net\/#website","url":"https:\/\/narteks.net\/","name":"narteks.net","description":"K\u00fclt\u00fcr Sanat Edebiyat Felsefe","publisher":{"@id":"https:\/\/narteks.net\/#organization"},"alternateName":"K\u00fclt\u00fcr Sanat Edebiyat Felsefe","potentialAction":[{"@type":"SearchAction","target":{"@type":"EntryPoint","urlTemplate":"https:\/\/narteks.net\/?s={search_term_string}"},"query-input":{"@type":"PropertyValueSpecification","valueRequired":true,"valueName":"search_term_string"}}],"inLanguage":"tr"},{"@type":"Organization","@id":"https:\/\/narteks.net\/#organization","name":"narteks.net","url":"https:\/\/narteks.net\/","logo":{"@type":"ImageObject","inLanguage":"tr","@id":"https:\/\/narteks.net\/#\/schema\/logo\/image\/","url":"https:\/\/narteks.net\/wp-content\/uploads\/narteks.png","contentUrl":"https:\/\/narteks.net\/wp-content\/uploads\/narteks.png","width":300,"height":90,"caption":"narteks.net"},"image":{"@id":"https:\/\/narteks.net\/#\/schema\/logo\/image\/"},"sameAs":["https:\/\/x.com\/narteks","https:\/\/instagram.com\/narteksnet"]},{"@type":"Person","@id":"https:\/\/narteks.net\/#\/schema\/person\/61f37d9834294b72d31d274e7ed79bca","name":"Tar\u0131k","image":{"@type":"ImageObject","inLanguage":"tr","@id":"https:\/\/narteks.net\/#\/schema\/person\/image\/","url":"https:\/\/secure.gravatar.com\/avatar\/50865afb55632c4ae467e0af0930f6510aa2297d8014be502a55b14f3b7550cf?s=96&d=mm&r=g","contentUrl":"https:\/\/secure.gravatar.com\/avatar\/50865afb55632c4ae467e0af0930f6510aa2297d8014be502a55b14f3b7550cf?s=96&d=mm&r=g","caption":"Tar\u0131k"},"sameAs":["http:\/\/narteks.net"],"url":"https:\/\/narteks.net\/index.php\/author\/narbak\/"}]}},"_links":{"self":[{"href":"https:\/\/narteks.net\/index.php\/wp-json\/wp\/v2\/posts\/4466","targetHints":{"allow":["GET"]}}],"collection":[{"href":"https:\/\/narteks.net\/index.php\/wp-json\/wp\/v2\/posts"}],"about":[{"href":"https:\/\/narteks.net\/index.php\/wp-json\/wp\/v2\/types\/post"}],"author":[{"embeddable":true,"href":"https:\/\/narteks.net\/index.php\/wp-json\/wp\/v2\/users\/1"}],"replies":[{"embeddable":true,"href":"https:\/\/narteks.net\/index.php\/wp-json\/wp\/v2\/comments?post=4466"}],"version-history":[{"count":0,"href":"https:\/\/narteks.net\/index.php\/wp-json\/wp\/v2\/posts\/4466\/revisions"}],"wp:attachment":[{"href":"https:\/\/narteks.net\/index.php\/wp-json\/wp\/v2\/media?parent=4466"}],"wp:term":[{"taxonomy":"category","embeddable":true,"href":"https:\/\/narteks.net\/index.php\/wp-json\/wp\/v2\/categories?post=4466"},{"taxonomy":"post_tag","embeddable":true,"href":"https:\/\/narteks.net\/index.php\/wp-json\/wp\/v2\/tags?post=4466"}],"curies":[{"name":"wp","href":"https:\/\/api.w.org\/{rel}","templated":true}]}}