{"id":447,"date":"2009-03-13T23:06:53","date_gmt":"2009-03-13T20:06:53","guid":{"rendered":"http:\/\/localhost\/wordpress\/2009\/03\/13\/molla-ahmed-in-turkusu\/"},"modified":"2009-03-13T23:06:53","modified_gmt":"2009-03-13T20:06:53","slug":"molla-ahmed-in-turkusu","status":"publish","type":"post","link":"https:\/\/narteks.net\/index.php\/2009\/03\/13\/molla-ahmed-in-turkusu\/","title":{"rendered":"Molla Ahmed&#8217;in T\u00fcrk\u00fcs\u00fc"},"content":{"rendered":"<p style=\"text-align: justify;\"><span style=\"font-size: 14pt;\"><strong>Molla Ahmed&#8217;in T\u00fcrk\u00fcs\u00fc<\/strong><\/span><\/p>\n<p>Aslen Babada\u011f&#8217;l\u0131d\u0131r. Gen\u00e7, yi\u011fit, yak\u0131\u015f\u0131kl\u0131 bir delikanl\u0131d\u0131r. Serde erkeklik var ya!ailesine k\u00fcser tutar gurbetin yolunu. Gelir \u015euhut il\u00e7esine. G\u00fc\u00e7l\u00fcl\u00fc\u011f\u00fc ve cesaretinden \u00f6t\u00fcr\u00fc delikanl\u0131lar aras\u0131nda kendini hemen sevdirir. Efeler alay\u0131n\u0131n ba\u015f\u0131 olur.Sesinin g\u00fczelli\u011finden dolay\u0131da m\u00fcezzinlik yapar ara s\u0131ra.Bu y\u00fczdende kendisine Molla lakap&#8217;\u0131n\u0131 takarlar. Molla Ahmet ayn\u0131 zamanda kasabada kahvecidir. Kasaban\u0131n zenginlerinden birinin k\u0131z\u0131 bu \u00f6zellikleri bulunan Molla Ahmed&#8217;e tutulur. Molla Ahmed&#8217;de bu k\u0131z\u0131 sever.<\/p>\n<p>Anadolu&#8217;da b\u00f6yle zengin ve g\u00fczel k\u0131zlar\u0131n g\u00f6nl\u00fcne girmek i\u00e7in delikanl\u0131lar aras\u0131nda rekabet bir g\u00f6renektir. &#8220;Macar&#8221; lakapl\u0131 namert de k\u0131za tutkundur. Arkada\u015flar\u0131yla birlikte Molla Ahmet&#8217;i bir k\u0131r alemine davet ederler. Mola Ahmet iyi y\u00fcreklidir, arkada\u015f&#8217;lar\u0131n\u0131n namert \u00e7\u0131kacaklar\u0131na hi\u00e7 ihtimal vermez. K\u0131sa bir e\u011flenceden sonra ans\u0131z\u0131n Ahmet&#8217;i k\u0131sk\u0131vrak ba\u011flarlar. Hi\u00e7 ac\u0131mas\u0131z elini, kolunu , baca\u011f\u0131n\u0131 par\u00e7a par\u00e7a edip sazl\u0131\u011f\u0131n oraya b\u0131rak\u0131r uzakla\u015f\u0131rlar.<\/p>\n<p>Yak\u0131n k\u00f6ylerin k\u00f6pekleri a\u011f\u0131zlar\u0131nda et par\u00e7alar\u0131yla dola\u015ft\u0131klar\u0131nda k\u00f6yl\u00fcler Molla Ahmet&#8217;i \u00e7oraplar\u0131ndan tan\u0131rlar. Su\u00e7lular yakalan\u0131r adalete teslim edilirler. Olay halk i\u00e7inde nefretle an\u0131l\u0131r. Olay, t\u00fcrk\u00fcde b\u00fct\u00fcn inceli\u011fiyle dile getirilmi\u015ftir.<\/p>\n<p>MOLLA AHMED<\/p>\n<p>Anne beni k\u0131rk p\u0131narda kestiler,<br \/>Cepken&#8217;imi saz dal\u0131na ast\u0131lar.<br \/>Anam babam benden umut kestiler.<br \/>Dalg\u0131n uykulardan uyan Ahmed&#8217;im<\/p>\n<p>Ya\u011fl\u0131 kamalara dayan Ahmed&#8217;im<br \/>Yakubo\u011flu kamalar\u0131 ya\u011fl\u0131yor,<br \/>Neslihan k\u0131z siyim siyim a\u011fl\u0131yor,<br \/>Katil Macar kollar\u0131m\u0131 ba\u011fl\u0131yor.<\/p>\n<p>Ku\u015f gibi meydanlarda d\u00f6nen Ahmed&#8217;im<br \/>Neslihan yoluma \u00f6len Ahmed&#8217;im.<br \/>Bir incecik yol gidiyor Bazlar&#8217;a,<br \/>Ilg\u0131t \u0131lg\u0131t kan\u0131m akt\u0131 sazlara,<\/p>\n<p>Selam s\u00f6ylen anam ile k\u0131zlara.<br \/>Dalg\u0131n uykulardan uyanamad\u0131m,<br \/>Ya\u011fl\u0131 kamalara dayanamad\u0131m.<br \/>Bi\u00e7ildi mi Seydi k\u00f6y&#8217;\u00fcn \u00e7ay\u0131r\u0131,<\/p>\n<p>Kadir MEVLA&#8217;m can\u0131 candan ay\u0131r\u0131,<br \/>Hi\u00e7 kalmam\u0131\u015f Neslihan&#8217;\u0131n hay\u0131r\u0131<br \/>Ko\u00e7 gibi meydanlarda d\u00f6nen Ahmed&#8217;im<br \/>Dostlar d\u00fc\u015fman imi\u015f ben bilemedim.<\/p>\n<p>Ay\u015feg\u00fcl G\u00f6ktepe (Radyo Program Yap\u0131mc\u0131s\u0131)<\/p>\n","protected":false},"excerpt":{"rendered":"<p>Molla Ahmed&#8217;in T\u00fcrk\u00fcs\u00fc Aslen Babada\u011f&#8217;l\u0131d\u0131r. Gen\u00e7, yi\u011fit, yak\u0131\u015f\u0131kl\u0131 bir delikanl\u0131d\u0131r. Serde erkeklik var ya!ailesine k\u00fcser tutar gurbetin yolunu. Gelir \u015euhut il\u00e7esine. G\u00fc\u00e7l\u00fcl\u00fc\u011f\u00fc ve cesaretinden \u00f6t\u00fcr\u00fc delikanl\u0131lar aras\u0131nda kendini hemen sevdirir. Efeler alay\u0131n\u0131n ba\u015f\u0131 olur.Sesinin g\u00fczelli\u011finden dolay\u0131da m\u00fcezzinlik yapar ara s\u0131ra.Bu y\u00fczdende kendisine Molla lakap&#8217;\u0131n\u0131 takarlar. Molla Ahmet ayn\u0131 zamanda kasabada kahvecidir. Kasaban\u0131n zenginlerinden birinin k\u0131z\u0131 [&hellip;]<\/p>\n","protected":false},"author":1,"featured_media":0,"comment_status":"open","ping_status":"open","sticky":false,"template":"","format":"standard","meta":{"footnotes":""},"categories":[55],"tags":[],"class_list":{"0":"post-447","1":"post","2":"type-post","3":"status-publish","4":"format-standard","6":"category-oykuleriyle-turkuler"},"yoast_head":"<!-- This site is optimized with the Yoast SEO Premium plugin v24.9 (Yoast SEO v24.9) - https:\/\/yoast.com\/wordpress\/plugins\/seo\/ -->\n<title>Molla Ahmed&#039;in T\u00fcrk\u00fcs\u00fc - narteks.net<\/title>\n<meta name=\"robots\" content=\"index, follow, max-snippet:-1, max-image-preview:large, max-video-preview:-1\" \/>\n<link rel=\"canonical\" href=\"https:\/\/narteks.net\/index.php\/2009\/03\/13\/molla-ahmed-in-turkusu\/\" \/>\n<meta property=\"og:locale\" content=\"tr_TR\" \/>\n<meta property=\"og:type\" content=\"article\" \/>\n<meta property=\"og:title\" content=\"Molla Ahmed&#039;in T\u00fcrk\u00fcs\u00fc\" \/>\n<meta property=\"og:description\" content=\"Molla Ahmed&#8217;in T\u00fcrk\u00fcs\u00fc Aslen Babada\u011f&#8217;l\u0131d\u0131r. Gen\u00e7, yi\u011fit, yak\u0131\u015f\u0131kl\u0131 bir delikanl\u0131d\u0131r. Serde erkeklik var ya!ailesine k\u00fcser tutar gurbetin yolunu. Gelir \u015euhut il\u00e7esine. G\u00fc\u00e7l\u00fcl\u00fc\u011f\u00fc ve cesaretinden \u00f6t\u00fcr\u00fc delikanl\u0131lar aras\u0131nda kendini hemen sevdirir. Efeler alay\u0131n\u0131n ba\u015f\u0131 olur.Sesinin g\u00fczelli\u011finden dolay\u0131da m\u00fcezzinlik yapar ara s\u0131ra.Bu y\u00fczdende kendisine Molla lakap&#8217;\u0131n\u0131 takarlar. Molla Ahmet ayn\u0131 zamanda kasabada kahvecidir. Kasaban\u0131n zenginlerinden birinin k\u0131z\u0131 [&hellip;]\" \/>\n<meta property=\"og:url\" content=\"https:\/\/narteks.net\/index.php\/2009\/03\/13\/molla-ahmed-in-turkusu\/\" \/>\n<meta property=\"og:site_name\" content=\"narteks.net\" \/>\n<meta property=\"article:published_time\" content=\"2009-03-13T20:06:53+00:00\" \/>\n<meta property=\"og:image\" content=\"https:\/\/narteks.net\/wp-content\/uploads\/narteks.png\" \/>\n\t<meta property=\"og:image:width\" content=\"300\" \/>\n\t<meta property=\"og:image:height\" content=\"90\" \/>\n\t<meta property=\"og:image:type\" content=\"image\/png\" \/>\n<meta name=\"author\" content=\"Tar\u0131k\" \/>\n<meta name=\"twitter:card\" content=\"summary_large_image\" \/>\n<meta name=\"twitter:creator\" content=\"@narteks\" \/>\n<meta name=\"twitter:site\" content=\"@narteks\" \/>\n<meta name=\"twitter:label1\" content=\"Yazan:\" \/>\n\t<meta name=\"twitter:data1\" content=\"Tar\u0131k\" \/>\n\t<meta name=\"twitter:label2\" content=\"Tahmini okuma s\u00fcresi\" \/>\n\t<meta name=\"twitter:data2\" content=\"2 dakika\" \/>\n<script type=\"application\/ld+json\" class=\"yoast-schema-graph\">{\"@context\":\"https:\/\/schema.org\",\"@graph\":[{\"@type\":\"Article\",\"@id\":\"https:\/\/narteks.net\/index.php\/2009\/03\/13\/molla-ahmed-in-turkusu\/#article\",\"isPartOf\":{\"@id\":\"https:\/\/narteks.net\/index.php\/2009\/03\/13\/molla-ahmed-in-turkusu\/\"},\"author\":{\"name\":\"Tar\u0131k\",\"@id\":\"https:\/\/narteks.net\/#\/schema\/person\/61f37d9834294b72d31d274e7ed79bca\"},\"headline\":\"Molla Ahmed&#8217;in T\u00fcrk\u00fcs\u00fc\",\"datePublished\":\"2009-03-13T20:06:53+00:00\",\"mainEntityOfPage\":{\"@id\":\"https:\/\/narteks.net\/index.php\/2009\/03\/13\/molla-ahmed-in-turkusu\/\"},\"wordCount\":380,\"commentCount\":0,\"publisher\":{\"@id\":\"https:\/\/narteks.net\/#organization\"},\"articleSection\":[\"\u00d6yk\u00fcleriyle T\u00fcrk\u00fcler\"],\"inLanguage\":\"tr\",\"potentialAction\":[{\"@type\":\"CommentAction\",\"name\":\"Comment\",\"target\":[\"https:\/\/narteks.net\/index.php\/2009\/03\/13\/molla-ahmed-in-turkusu\/#respond\"]}]},{\"@type\":\"WebPage\",\"@id\":\"https:\/\/narteks.net\/index.php\/2009\/03\/13\/molla-ahmed-in-turkusu\/\",\"url\":\"https:\/\/narteks.net\/index.php\/2009\/03\/13\/molla-ahmed-in-turkusu\/\",\"name\":\"Molla Ahmed'in T\u00fcrk\u00fcs\u00fc - narteks.net\",\"isPartOf\":{\"@id\":\"https:\/\/narteks.net\/#website\"},\"datePublished\":\"2009-03-13T20:06:53+00:00\",\"breadcrumb\":{\"@id\":\"https:\/\/narteks.net\/index.php\/2009\/03\/13\/molla-ahmed-in-turkusu\/#breadcrumb\"},\"inLanguage\":\"tr\",\"potentialAction\":[{\"@type\":\"ReadAction\",\"target\":[\"https:\/\/narteks.net\/index.php\/2009\/03\/13\/molla-ahmed-in-turkusu\/\"]}]},{\"@type\":\"BreadcrumbList\",\"@id\":\"https:\/\/narteks.net\/index.php\/2009\/03\/13\/molla-ahmed-in-turkusu\/#breadcrumb\",\"itemListElement\":[{\"@type\":\"ListItem\",\"position\":1,\"name\":\"Anasayfa\",\"item\":\"https:\/\/narteks.net\/\"},{\"@type\":\"ListItem\",\"position\":2,\"name\":\"Molla Ahmed&#8217;in T\u00fcrk\u00fcs\u00fc\"}]},{\"@type\":\"WebSite\",\"@id\":\"https:\/\/narteks.net\/#website\",\"url\":\"https:\/\/narteks.net\/\",\"name\":\"narteks.net\",\"description\":\"K\u00fclt\u00fcr Sanat Edebiyat Felsefe\",\"publisher\":{\"@id\":\"https:\/\/narteks.net\/#organization\"},\"alternateName\":\"K\u00fclt\u00fcr Sanat Edebiyat Felsefe\",\"potentialAction\":[{\"@type\":\"SearchAction\",\"target\":{\"@type\":\"EntryPoint\",\"urlTemplate\":\"https:\/\/narteks.net\/?s={search_term_string}\"},\"query-input\":{\"@type\":\"PropertyValueSpecification\",\"valueRequired\":true,\"valueName\":\"search_term_string\"}}],\"inLanguage\":\"tr\"},{\"@type\":\"Organization\",\"@id\":\"https:\/\/narteks.net\/#organization\",\"name\":\"narteks.net\",\"url\":\"https:\/\/narteks.net\/\",\"logo\":{\"@type\":\"ImageObject\",\"inLanguage\":\"tr\",\"@id\":\"https:\/\/narteks.net\/#\/schema\/logo\/image\/\",\"url\":\"https:\/\/narteks.net\/wp-content\/uploads\/narteks.png\",\"contentUrl\":\"https:\/\/narteks.net\/wp-content\/uploads\/narteks.png\",\"width\":300,\"height\":90,\"caption\":\"narteks.net\"},\"image\":{\"@id\":\"https:\/\/narteks.net\/#\/schema\/logo\/image\/\"},\"sameAs\":[\"https:\/\/x.com\/narteks\",\"https:\/\/instagram.com\/narteksnet\"]},{\"@type\":\"Person\",\"@id\":\"https:\/\/narteks.net\/#\/schema\/person\/61f37d9834294b72d31d274e7ed79bca\",\"name\":\"Tar\u0131k\",\"image\":{\"@type\":\"ImageObject\",\"inLanguage\":\"tr\",\"@id\":\"https:\/\/narteks.net\/#\/schema\/person\/image\/\",\"url\":\"https:\/\/secure.gravatar.com\/avatar\/50865afb55632c4ae467e0af0930f6510aa2297d8014be502a55b14f3b7550cf?s=96&d=mm&r=g\",\"contentUrl\":\"https:\/\/secure.gravatar.com\/avatar\/50865afb55632c4ae467e0af0930f6510aa2297d8014be502a55b14f3b7550cf?s=96&d=mm&r=g\",\"caption\":\"Tar\u0131k\"},\"sameAs\":[\"http:\/\/narteks.net\"],\"url\":\"https:\/\/narteks.net\/index.php\/author\/narbak\/\"}]}<\/script>\n<!-- \/ Yoast SEO Premium plugin. -->","yoast_head_json":{"title":"Molla Ahmed'in T\u00fcrk\u00fcs\u00fc - narteks.net","robots":{"index":"index","follow":"follow","max-snippet":"max-snippet:-1","max-image-preview":"max-image-preview:large","max-video-preview":"max-video-preview:-1"},"canonical":"https:\/\/narteks.net\/index.php\/2009\/03\/13\/molla-ahmed-in-turkusu\/","og_locale":"tr_TR","og_type":"article","og_title":"Molla Ahmed'in T\u00fcrk\u00fcs\u00fc","og_description":"Molla Ahmed&#8217;in T\u00fcrk\u00fcs\u00fc Aslen Babada\u011f&#8217;l\u0131d\u0131r. Gen\u00e7, yi\u011fit, yak\u0131\u015f\u0131kl\u0131 bir delikanl\u0131d\u0131r. Serde erkeklik var ya!ailesine k\u00fcser tutar gurbetin yolunu. Gelir \u015euhut il\u00e7esine. G\u00fc\u00e7l\u00fcl\u00fc\u011f\u00fc ve cesaretinden \u00f6t\u00fcr\u00fc delikanl\u0131lar aras\u0131nda kendini hemen sevdirir. Efeler alay\u0131n\u0131n ba\u015f\u0131 olur.Sesinin g\u00fczelli\u011finden dolay\u0131da m\u00fcezzinlik yapar ara s\u0131ra.Bu y\u00fczdende kendisine Molla lakap&#8217;\u0131n\u0131 takarlar. Molla Ahmet ayn\u0131 zamanda kasabada kahvecidir. Kasaban\u0131n zenginlerinden birinin k\u0131z\u0131 [&hellip;]","og_url":"https:\/\/narteks.net\/index.php\/2009\/03\/13\/molla-ahmed-in-turkusu\/","og_site_name":"narteks.net","article_published_time":"2009-03-13T20:06:53+00:00","og_image":[{"width":300,"height":90,"url":"https:\/\/narteks.net\/wp-content\/uploads\/narteks.png","type":"image\/png"}],"author":"Tar\u0131k","twitter_card":"summary_large_image","twitter_creator":"@narteks","twitter_site":"@narteks","twitter_misc":{"Yazan:":"Tar\u0131k","Tahmini okuma s\u00fcresi":"2 dakika"},"schema":{"@context":"https:\/\/schema.org","@graph":[{"@type":"Article","@id":"https:\/\/narteks.net\/index.php\/2009\/03\/13\/molla-ahmed-in-turkusu\/#article","isPartOf":{"@id":"https:\/\/narteks.net\/index.php\/2009\/03\/13\/molla-ahmed-in-turkusu\/"},"author":{"name":"Tar\u0131k","@id":"https:\/\/narteks.net\/#\/schema\/person\/61f37d9834294b72d31d274e7ed79bca"},"headline":"Molla Ahmed&#8217;in T\u00fcrk\u00fcs\u00fc","datePublished":"2009-03-13T20:06:53+00:00","mainEntityOfPage":{"@id":"https:\/\/narteks.net\/index.php\/2009\/03\/13\/molla-ahmed-in-turkusu\/"},"wordCount":380,"commentCount":0,"publisher":{"@id":"https:\/\/narteks.net\/#organization"},"articleSection":["\u00d6yk\u00fcleriyle T\u00fcrk\u00fcler"],"inLanguage":"tr","potentialAction":[{"@type":"CommentAction","name":"Comment","target":["https:\/\/narteks.net\/index.php\/2009\/03\/13\/molla-ahmed-in-turkusu\/#respond"]}]},{"@type":"WebPage","@id":"https:\/\/narteks.net\/index.php\/2009\/03\/13\/molla-ahmed-in-turkusu\/","url":"https:\/\/narteks.net\/index.php\/2009\/03\/13\/molla-ahmed-in-turkusu\/","name":"Molla Ahmed'in T\u00fcrk\u00fcs\u00fc - narteks.net","isPartOf":{"@id":"https:\/\/narteks.net\/#website"},"datePublished":"2009-03-13T20:06:53+00:00","breadcrumb":{"@id":"https:\/\/narteks.net\/index.php\/2009\/03\/13\/molla-ahmed-in-turkusu\/#breadcrumb"},"inLanguage":"tr","potentialAction":[{"@type":"ReadAction","target":["https:\/\/narteks.net\/index.php\/2009\/03\/13\/molla-ahmed-in-turkusu\/"]}]},{"@type":"BreadcrumbList","@id":"https:\/\/narteks.net\/index.php\/2009\/03\/13\/molla-ahmed-in-turkusu\/#breadcrumb","itemListElement":[{"@type":"ListItem","position":1,"name":"Anasayfa","item":"https:\/\/narteks.net\/"},{"@type":"ListItem","position":2,"name":"Molla Ahmed&#8217;in T\u00fcrk\u00fcs\u00fc"}]},{"@type":"WebSite","@id":"https:\/\/narteks.net\/#website","url":"https:\/\/narteks.net\/","name":"narteks.net","description":"K\u00fclt\u00fcr Sanat Edebiyat Felsefe","publisher":{"@id":"https:\/\/narteks.net\/#organization"},"alternateName":"K\u00fclt\u00fcr Sanat Edebiyat Felsefe","potentialAction":[{"@type":"SearchAction","target":{"@type":"EntryPoint","urlTemplate":"https:\/\/narteks.net\/?s={search_term_string}"},"query-input":{"@type":"PropertyValueSpecification","valueRequired":true,"valueName":"search_term_string"}}],"inLanguage":"tr"},{"@type":"Organization","@id":"https:\/\/narteks.net\/#organization","name":"narteks.net","url":"https:\/\/narteks.net\/","logo":{"@type":"ImageObject","inLanguage":"tr","@id":"https:\/\/narteks.net\/#\/schema\/logo\/image\/","url":"https:\/\/narteks.net\/wp-content\/uploads\/narteks.png","contentUrl":"https:\/\/narteks.net\/wp-content\/uploads\/narteks.png","width":300,"height":90,"caption":"narteks.net"},"image":{"@id":"https:\/\/narteks.net\/#\/schema\/logo\/image\/"},"sameAs":["https:\/\/x.com\/narteks","https:\/\/instagram.com\/narteksnet"]},{"@type":"Person","@id":"https:\/\/narteks.net\/#\/schema\/person\/61f37d9834294b72d31d274e7ed79bca","name":"Tar\u0131k","image":{"@type":"ImageObject","inLanguage":"tr","@id":"https:\/\/narteks.net\/#\/schema\/person\/image\/","url":"https:\/\/secure.gravatar.com\/avatar\/50865afb55632c4ae467e0af0930f6510aa2297d8014be502a55b14f3b7550cf?s=96&d=mm&r=g","contentUrl":"https:\/\/secure.gravatar.com\/avatar\/50865afb55632c4ae467e0af0930f6510aa2297d8014be502a55b14f3b7550cf?s=96&d=mm&r=g","caption":"Tar\u0131k"},"sameAs":["http:\/\/narteks.net"],"url":"https:\/\/narteks.net\/index.php\/author\/narbak\/"}]}},"_links":{"self":[{"href":"https:\/\/narteks.net\/index.php\/wp-json\/wp\/v2\/posts\/447","targetHints":{"allow":["GET"]}}],"collection":[{"href":"https:\/\/narteks.net\/index.php\/wp-json\/wp\/v2\/posts"}],"about":[{"href":"https:\/\/narteks.net\/index.php\/wp-json\/wp\/v2\/types\/post"}],"author":[{"embeddable":true,"href":"https:\/\/narteks.net\/index.php\/wp-json\/wp\/v2\/users\/1"}],"replies":[{"embeddable":true,"href":"https:\/\/narteks.net\/index.php\/wp-json\/wp\/v2\/comments?post=447"}],"version-history":[{"count":0,"href":"https:\/\/narteks.net\/index.php\/wp-json\/wp\/v2\/posts\/447\/revisions"}],"wp:attachment":[{"href":"https:\/\/narteks.net\/index.php\/wp-json\/wp\/v2\/media?parent=447"}],"wp:term":[{"taxonomy":"category","embeddable":true,"href":"https:\/\/narteks.net\/index.php\/wp-json\/wp\/v2\/categories?post=447"},{"taxonomy":"post_tag","embeddable":true,"href":"https:\/\/narteks.net\/index.php\/wp-json\/wp\/v2\/tags?post=447"}],"curies":[{"name":"wp","href":"https:\/\/api.w.org\/{rel}","templated":true}]}}