{"id":4471,"date":"2010-04-12T15:22:45","date_gmt":"2010-04-12T12:22:45","guid":{"rendered":"http:\/\/localhost\/wordpress\/2010\/04\/12\/aramizdaki-tek-fark-devlet-ki-biz-ondan-vazgectik-evrim-alatas\/"},"modified":"2010-04-12T15:22:45","modified_gmt":"2010-04-12T12:22:45","slug":"aramizdaki-tek-fark-devlet-ki-biz-ondan-vazgectik-evrim-alatas","status":"publish","type":"post","link":"https:\/\/narteks.net\/index.php\/2010\/04\/12\/aramizdaki-tek-fark-devlet-ki-biz-ondan-vazgectik-evrim-alatas\/","title":{"rendered":"Aram\u0131zdaki Tek Fark Devlet, Ki Biz Ondan Vazge\u00e7tik | Evrim Alata\u015f"},"content":{"rendered":"<p style=\"text-align: justify;\"><img loading=\"lazy\" decoding=\"async\" style=\"float: left;\" src=\"data:image\/jpeg;base64,\/9j\/4AAQSkZJRgABAQAAAQABAAD\/2wCEAAkGBxISEhUTEhIVFRUVFxUVGBUWFRUVFRUYFRUXFxUVFRUYHSggGBolGxUVITEhJSkrLi4uFx8zODMtNygtLisBCgoKDg0OGhAQGi0fHx8tLS0tLS0tLS0tLS0tLS0tKy0tLS0tLS0tLS0tLS0tLS0tLS0tLS0tLS0tLS0tLS0tLf\/AABEIAMMBAwMBIgACEQEDEQH\/xAAcAAABBQEBAQAAAAAAAAAAAAAFAAIDBAYBBwj\/xAA6EAABAwMCBAQEBAQHAAMAAAABAAIRAwQhBTESQVFhBhMicTKBkaFCscHRBxQjUiQzYnLh8PEWc6L\/xAAZAQADAQEBAAAAAAAAAAAAAAABAgMABAX\/xAAoEQACAgICAQMEAgMAAAAAAAAAAQIRAyESMUEEMlETQmFxIvAUIzP\/2gAMAwEAAhEDEQA\/APIbdv8AUjmJV61u2uBDiGls74B9lXpCXF5GJBn81QufiMbSVOrM0qJLgk+sjDpg9YMLtM4VugGvtHNM+ZSeHN6cDx6m9AZE91RYYCMoi0FtLugDwv8Ahgx2Kr064ZxRnOPaVQNSUxzkqgMoJBCpqDj2UP8AMnqqkrvdNQy0XWXRCk\/mHdUOBT2vK1DqXyWH3T53Thdu5lRDHdRFvMIUgBe21QiJG3REbe\/YS44kxCy4T21ISygmakamrqEkbkj\/ALCL2lEVPWBk4Kx1ndiRxfVbjRPhYWQJOR1UMiaVE3BkdzScJgcIaPqm6ZeNLi0khzsN6AojqFNwqQBLShVW18t4cY3kRy90q12GrDtGpWZLajOJrcEnn3Cgu5DXcBABEgxMdlJb376xl59MQPfqVVZZ1GOdkOYfshKQkjPPeQOOpBmchRUridic7hHL22BbDQN5g7FQM08kgwBmSPbojGarZosbSIa2RuOXfmqbCKj4DDxcuLaeyKPuaY\/CCefRT6S1xcHekAnA6LOWjdBSg5j6PDVpxADSe4RCx4KJNVk8HBwDqC7cqpVt6zafG8t4OI+n8RU9hVp1GSQQwmCf7SldpAYLu7cvkD4hJBPMdFCyl5lHHpqU5EdR0Ru+sDTaAw+Y3cHmPZBq1CR5tMniaPUOZ9wpZG+v6mJJlRlYOZ0cP+whz39oE\/mpn3DT6tv7h+qa4g55clJKnsWJOH+kYmDCjo0mmMEHP2SoEiQef6KWwpuIE4JLgOuVv5Rug20Np2ZImEkXbbuaA3hOAkpfXma5HljzhQuCcXYTAV7qRVFyjctZR4Wk8by4P6cECB7zJVIlcXQmKJHCkuJFYx0BO5rgCSwTsJ9GnJXAET0y3kpW6GjG2OttOc5FrbSwFftreArjaSnZ0KKAVfRWn8P0Q260JwEsM9jutk2ipDb9VuTQHFM8zLS0wRBRzw3rJoVBxZYevLuimu6HxAuaM\/mslkHhOCCm1JEnGmey3dVrmU6jYdxdNshZu4bxVByl0QhXhjWXNHluOJkdijht+JwcTtkhcs9EclxZy4vmteKUctxhSW1ZzHRlzeZ6T1Q0Wj3vc8DJ27BGNJpHiY2CQfinmAp+KJ3fYq9oXw0fE\/LcdOSiqW72vY4yBkOjYwi9azL6zarHFrWnhjr\/ALURdozo4nHhaTgHJM84St+FtgTMxXtKbsgdZj81LRs4a0NMZgH36o7f+H6lIEMbIPOELpUMinUkRs0CSUYQl0w00WW2RptJf6nSI9UiDvsjttZN8lkNljyRDsT7FNtrRrAQ1xLRzcPsURc3\/D0yXY4nZA9PPknnEV3YJ1OlDw1o8tzRs7Y9I6hB70Anbyqn\/wCH9kU1DU2P9FZvEG7OG6pBrS2GPDgfwv8A0KnJbsRmK16zIdxAQeYG3yTLSryd9Oi0OpWfpI4SIyAeXsVk69EtJjdNKNowZr3AEY2VjT6Dqh4mDPY7LPtvy5vDGQiGl3rsNEg9lGSaWx7ZpqlKrPP6hJWKArcI3KSlxfww0eJuK4EikvcKRQklw7LoWHHFcSlcWMPXGpck5owsHyS21EuIC2Gl2QaAUJ0K1n1LTU2KbZ0QVImaApWhRtUrCgMPYFLCiCkCBh7mAhZLxXokjzqYyMuHUdVsAlUYCIOQt0wNXo8ssa55br0Lw+9tenJOdj8uqwviHTjb1sfC4lze3UK3oOq+U8GfS74h+qTPDlHRCceSryj0ijSc3eI2x+6nr12tw0T+EdUyjeNeyRtAyFHRIY3jfE8h+q86P5OOmFaNekzg4zEZ4e\/Uo0a7TTJDg8tbjrLlgXgvJJMDmefsFas7stJFIjP93ZWx5LMvweq2FQPa1rsyz7gLHVbem26cKj+CqyHU3fhe07T9wp9E8SgMh4AcxzQY6OMH81mv4gVhUZxAxWt3lh6vpu9TD3ifzXU3aGs0d5cUXOJLgCdwDieZUf8AMtNNtFrpDXF0A5Mzz+a830jXix3C9gcCdzut7a1qLnMgNgjcclGeVxM2UbvM4dE9AcIfc0mRLSQfYrT3tW2bjjPeCgn8wahinTe4dSIH1XNKTfSEYBffPbiZHfKF3VUO7LUXNgBlxaOoGYWeu30WuMjiHIoxyy+GAAXAIdIVmnWDHB0nIlKs9pcYbg7BVX1uAjiaDGw6LopyGRp23T4+Jx7gpIVS8S1AAA1key6h9IYxSRXE5eiWXRxcBTkyETDiuhINXGNWMOBwpqYULFboDmlZSGzQ+H8tR9iC6S2AEWNYDcqfZ0dE4KlpId\/PM5uT6WpUgYLvsjRgoAkMJja7THCZlS1qZIwlsNDTU6mFQudTDSA31HoJVBlGrUf6yWtEj\/xFbevRpbcI7mJQckBgjxHR8+gZEPZ6gDv3A+SxVEr10VqNdsekn5SvMdesvJrvZy3HsU8XqicluzQeEL88YpF2HY3wexWi1W5Dn74bs1ee2FYggjt\/6tVQ4nEGdxMlcuXGnIhmhq0G6LadQCXEO6BS1OBlRrWmXCDH6oHWuyw8NIcToyensiPkOa1tSCHvxtlGMa\/Rzo7d1H031CIhwIQ3Vb51c8ThBDWtPeOqnpWdaq4tDTzknkOqmudMcRwNEADJ6oNmaMvVyYbklb\/w1prKlvTh5Y9rjxHq3OFnGWApg8I4nEbop4aqFrmh4JEH08ismmrFXZ6V4f061P8Al0TVdEGq\/wCEH5\/ooNcfZ2wIq1C939jTDR2gLNO8WVS7yWgMpj+3H1Ko1LAOa97zhxJE5JVOarQzQP8AEHiXzvRRYKbNsbn3Kz7KBLg3hJJ5DdXXQCeFoJnHZG9Oo+XSL2gGpHxHlKk2KkBq2jtax8EF7SNuvQLM3DCT6t5yty2ydVc6rSHpptJqZ59QFka1o8ku3Ekz81oN3Y5TbYvOQMFJaFmjVoH9OpsOgXE\/KXwY8+CcuALjl2FhyQXUgsERK6wrjRIK6xYKRzorNqcqspqW6D6Gj2arT6kBXTaceSSFU0dga3icf+FDqWuxhn1P6KN+EdLaSthB+m0hl2fcqvUoUoMYPvKEWRq13GCHEZ9U5Xbh5Y6CA13Yy0ouD+RFkXwaLTfTzlHLSvJhZLSrkg52KPeZEEJEq0yna0DfEeocHpHxGfkFl6L+OoG5yRJ3PutFrtiah8xpH+rseyGWem+oTPyVYpJWRmm9BrU9BdbBlSnWkyIBgHKp+MrUmnTqn4h6T81oLCyacnJ6kyfkn6tYB9J9ONxj3GyDe7Nx1R5vauyPdaeze4sAmIxPZZezYeLh5zH3WttrctA5jeP3U8pOfsIaNw6m6WnhH9xzKJ2\/iV8+o8RGBKrVdPfUHECMfh5K9p3hljnNY93rcctG0JFKPk5qNH4evRwOc9olwP0S1W5aWQ0RPLmpxYMZIaYDfSB14UOqMIMk4gkHulaQzRJZ0GmBtAJPyGUNovyDkCSjViAabyNw2J7lCKDS0EwfSfkg66FrZZp0Q6WsIYG+pzjzPZVRVkwX4GB79gg2pX1Q1iGdFa0K1J\/qVZjcf6incRnHZfGlONUEiAfop9SrMjhpnMwVI+8LpgYP2hU7HT+IOcDGee5ypN+TKOwr4Ta1lV9NzvTVpvaRPOEGbfUab2UmU95a5zs\/RMubV\/EPKJ4uKJHUoZdWz6dYteIe3cHeeqybWgNU6DVzqnluLHvfxNwZ37faElrLGwo1qbKlVrC9zQTIzgQPsAuroDR8\/AJjgnBJwXSV8ChJqS5OUDCZuujdcG64TlEx0K5ZU5cFUbt7opp7M\/RJJ6HgrYQuqh4OEc\/so7WwMSSNo2lEbSjnZE2tHRTi6LuN7YDoWRb8Jd8pCZXt+0fmjVZUTT4jsnTbBxSI7OkcIyyYUdvSxhWmsSS7KR6HW4nB2Kr1bEtOFbphXhTDgiBg60r8JiEToP4lRNDKvWVNBoxgvEVoKV06MB3rHz3+6P2N5xUAWgDEEnt0VP8AiDRh1F\/+5p+x\/dU\/DbH1QaYPpBlCatWc+RWqCv8AMFg4j8Kou1l4rB7DB2B90Uuq7AxzHjYYPLCykgnfmkgk9nPk0en1Xua2XZESfpJKGuvvOt5AgAmO4lSVL4OtAGPBdIZ3I2Ks2DKYYKJA9OO8lFpLZo7dF3SgGWcEZeTHWFUu7xtOi5sbwruo2\/Dw0mggU2j6uQTUqZIInaZlJxTY6j5B5oAv42wQW79Fe0yu3iDM8LB9Ss2y9cRwtw0bqTTNSDHkumCnYGg5cuc2oYIh32THXsZJhpJAyqt1es4XHi9TvhHQIJqH+XxTJB26KfC2bSDVHVQareAEcJBPeCiHj0\/40PH46bHfVqxFleODgOZwStHrV8atSmTuymG\/RLkXF0I2E7TTrjgbNYDG07dPsuLNVPFbgYIkjG\/RJdCgPSMgCuymrq6AnFxq6EljDimxsnnZcWC0SNbsjGntQmkdkTsX5UplsfZo7UYVsNVay2V8MUkzoorVKaZ5SuliieFTkCiBtWCrgriEJu2mQBzROk5gZxOPyGT9EjdjUSUnSr1mwmYOwQ6hdtOwI\/3CERtJEmUFLwBoqU7nOeRj90XtUD1K3LXcbdjuiGl1pRs1asD\/AMQac0qZ6VPzaf2Wc8M6g6i8xs4QVrPGYHkA9Ht\/IrCae+Xo9xJS7NPrDi6kDiDvCAingozcX1LyixrXSdpQlx9BWxp0cmVLtD9Iugyqxzj6Gukra+G7llas+p+Hj\/8AF5yHT8ltfA1QGk5vOZWyKomgtmwdU4nkk4QLVrtg4gTmDCv3LiAI54WU1euDUIdyH3SQ2yr0gI66iRHv7rrmnyTU7wq1Rm5RPUaHl29Ns5cRKdiFarRqvaHEQAB9Eqz3OBbG7emyLUKZ4Gg7QEq9IDbZLyBw8mWo0y1zZ3kT9VobipL57Idqbi0BwGZAVthmD2U826kTkqL1h4MqVqbagGHydu5SXtPh2jT\/AJajERwNSSfXYnI+W2iF2U0pNXol0daVx267Ca4LGJDsnNH3XGN+isUi2OEhBsokQcWwRGyd9UOYMgjqEQtB6yRt+qWQ8DUaYizEJ004RRpXKzpQ8qJwUrlDUK1hKtQS\/wBlIR2SotzKlc1MCyAEyiNrUOxQx9w0HGVYs7ueUR1RSQzTaDPlyCDzVO2pcDy1R1tRLBIHFJiANypLWv5jgYjdaRLaIPFLeK2d7hYXRmgn5reeJ\/8AJj+5wH2KwdlLHEcwSfcJo9EpbdBh5GypXrvSVYfUBEhUbrLSuhHFWwexy0XhC+NOoQGzI2Wbpoz4dcBUnshxT0xm62je1NUYBLmER3WP1esKjy4K\/q1V3lkYys\/UHDsZ6hLKEYvQYyclsc2CWjuEa8Q+WW0oJ3Ejt2QrTG8VRvuiOuuk08fiwUrjezXuhxqHzMT5cCMZV6l5fCTJgbyNlSq3PqDYyrFdpYM7EJXBAWX5BeoWoewEcyc8uyjoYaJ5CFebchwLAJ9P3UJo\/wBInmMQufKnVBa5I0+leMHUqLKcfCI+6SyPmFJQ4k7Rk3LgKc5NXrFbHpTK43ZIFYcsWlUDDtjsn1KUSBkZz7KoW5wpzLSQexPula2FS8CthxFrY2lGaVCAhzKfluDhkfujtueIbKc2Xxr5L9gEUaENtsIpT2UGXE5QOVhxUSBgfc3hbhrS49Aqwrvd8QI7FX2UvVKsFreYCaLSAmCxT\/1AfJSUbHi+KqY6DCtvosPJS29No2CfmhrVBC2t2yOEelvM8ynMpRUlSUDhTcCEnZFvZnfGl2GNpgnm50dYEfqscLgPM7HkiPjG88y4LRtTHB+\/3Qa2YZ22VVH+Jy8v9mgiKwAhQ3FT0lMr1M4CrVnOIhVj0TnXJjWIlo1QB8lC2iFe02oGuPEN0V2I3o0V64VKcNOd8ICyZM9Vq\/DbG1HOAjDZQTU6PDUcC2IMJcnY0OiTQhNXbAGyt6rdte5jGMIAdueqXho8FQnlGeyV9qBbXiAWzxDCi7chX2yOs2XCOe\/Jaxvgl1ZjeC4bUcRMN2aOhJWSvtRDyDgeyG1tZrUT\/RquYf8ASSE84ya0aHH7kepaR\/DWpTcHPeCPxNBz25LP+ItCNtXLT8JzI5j91pPDnjJzbXzHOLi4CS7JnshOr31Os11RznOcTLSdgOYXDKbvZ3wxpR0BuGl\/aT3SQ2rWyYJSWs3FGHa\/K6eaYQpaIXpHGdaFwKSAmlsbIDomtKMmemfmn3dE8JdMkZKjtakHO2ZU91cgMLQZLoBjYCUm+Qz6LFqzjYPoVesWvYY3afsqmiO9JB6ow1qnN06OjGrSZepNV9myoW5VxjlNqyljyVG8p5TA1CgjGpye1qRWANDFPSoqHiVmlUR0Fl+i2AuX1Utpuc0EmMACcnZdsqbqjgxgJJwB\/wB5L0PTtJbSphpAJ3ce6E5qJy5p8Vrs+ea+mvmXNMnOQVDUty0CNyYH6r6QraXRd8VNv0Cx+teGqH81Q9ADXOqNd78Mt\/JBepvs5Md3bPJKNhJziOaVWzbydK9gq\/w+t3kkFzfbZVT\/AA0pjLah9imXqYk3yZ5ZQsmfjOO26kNjROznD5L1P\/4BQx6PfJT6n8P6Dp4SWn7BL\/kRNsyHguxpNquIdI4YM8lF4yNIu\/piSRyPMLTP8Ji1pVT5gIcNo6LzPUar3vMYjCvCXJWi8PaXdGrEPiQJEZ59lHqLGmv6mktAjB2T\/D+j1K9TAnhgnKs21sXXT2dB+WEknTbQr8sho2tmfiNRo5ZUN5otB2WPd7HKJ3umVMzTwhlOkWuzI7QhGba7EUg1XeKFq2m0EjeeQHdBn6pVLOA\/DMo5qGpUzTaWs+GA9v8AcECvaXqBp\/Acx07JFBeT0oztaB77x07pKUsd\/YUk9fgGvkzameADjZMqMhcC6ziRYakTv2SYFNTtnOBjAkSTyQSbY96KLXmUQbQJExy+iL6fojG+p2e5\/RWdVtoty4Ddwn2lXeGlbJqe6BulNwfdGWBDbBuEUYvPn2ejj0ieirbQqjArTCkGHFcynBPDUbMMCc1qcApWNWAxjKSuW1rKVKmr9EAQniTkzYaRp9OmxvlkBxA4nbkzuJU1KnVa45JHdD6LeHHMbdwcgqd9xUiGvj3Ry+hn3F2ee532W3efMmAFW1K2dUGAOIEOa4HZw2KrGvXMy4H7BOo3NdvJpC45QlB7VBUkXtNvqjxDqfCRv+\/srzS7mg7dTeSJaQBuRzV0apPUfJI0G0XwRzCr1GZwqjdUB25dcJVr3G6HEDBviprjTDYgGQSF4\/qVuKdYsG4591634nu\/6DjIkZheL6pWfUqucXbrvwqoIoujefw+tS5tcggEwAfkrdh4SNKt5xqhzsyDsZ6p\/wDC4gUXz\/ctsKTTmAuXJJqboRsyeoPiAaII7FDryjS3NFwxnmtvUtmndoVavasdMgQpqRteTB0bG3qVMgtaRMu2ws7q1RjXODHSG7d1t9bs2McIBLRIIHdYjVNOLK0AGHDE8uy6IO0dmP2lS2viGgHfP5pJ7rU9FxPYeJk6lRx3K4ydt\/zUtpbOqODWAklbTRfD7aXqcOJ\/XkPZejjxOf6PPlNRM9a6Y6Jc3bPD9D+q0FnQHDjY\/l0Vu7o8Lg4bEQf3U1C2EY+i6IQUXozk2hlpR4Dwx6XY68J5R2V6hZgtdTcJaQfukaXDHUZP6KxSflF7AjHttzSe6m7dp+o5H6K5TRTxNYFzRWYMs37t\/wCEIt3SJXm5sfFnoYZ8kW2qVpUDVKHLno6LJgVI1yrcSeHoGLTXKekqDais27lhWglSUj3YhRMKTnJ0xKNHo1zxUWOPxMJpu+Xwn6R9USO6y3hC44n3NHsx494g\/kFpg7iaCvUxSuCZ52WNSaHEKB08lZhQOVaT0yRxt4RjEKxRvWc8IBe1CHJjq0gKE\/RYp+K\/RrZrv5hpHwgg81E61pnb0qrQqcNMRz5KGvrBbPoK8jP6eWGX4KxlYK1+1BpVCOX3C8puQJd7r1LUL8vo1CcbiF5RWklx2yV0R6LVo9J\/hzRcLcuDolxwtLXqV2gxBWa\/h5VY61jiy0mR0WntYG75+a4ct8mSplSlqVUfGwEq+dTbw5ZlSEsO8LrrWmdoCmmZIyFa5865dTZu0cR7H8IQPWXloDahJqMM7bgq9rFf+Vvaj6IBJbGduLqsjqutVH1JeAHDfoeq6oQdWjuU9D6jCTIJMpIadRPKAElTizcg\/wCF7djaQIaATueZRopJL3Y+xHkfcyG5HpKfZt9ISSSvsquiX9x+aTt\/mkklGL1sJEHKxhYGveBgBxgdMpJLm9V7UX9P7mTtTmpJLz2dyHBdKSSAw9ivWq6kgZl1y45cSTEzvgo\/4+r\/APV+rVs7fn7fqkkvS9P7Dg9R7ycbKB\/xJJLpRzgfVfiVSmkkmCujRM\/y2\/NUNVMNB5z+qSS5vVf8ZGj7iEUWubDhIQy80a3Lc0m\/dJJeHEZmWfRFJzhTlgg7Ej9UOp6pWG1R31SSVAwZK\/Va+P6jvqjWiarWc4A1CRjokkpT6GZU8QVD5pM5WV1RxJCSS6sfSOx+0HlxSSSVyR\/\/2Q==\" width=\"155\" height=\"205\" border=\"0\" \/><\/p>\n<p style=\"text-align: justify;\">Ba\u011f\u0131\u015flay\u0131n\u0131z efendim, bir s\u00fcredir sizler-bizler ruh haline kap\u0131lm\u0131\u015f durumday\u0131m. Diyarbak\u0131r\u2019da temelli bulunman\u0131n verdi\u011fi bir aidiyet hali midir bilmiyorum ama m\u00fctemadiyen bir \u201cseslenme\u201d durumunun i\u00e7inde buluyorum kendimi. \u00d6ncelikle, \u0130stanbul\u2019dayken \u201ch\u00fcmanizm\u201d ekseninde tart\u0131\u015ft\u0131\u011f\u0131m\u0131z K\u00fcrt sorununun, Diyarbak\u0131r\u2019da ba\u015fka bir \u015fekil arzetti\u011fini s\u00f6ylemeliyim. Ve san\u0131r\u0131m temel s\u0131k\u0131nt\u0131m\u0131z da burada ba\u015fl\u0131yor. \u00c7\u00fcnk\u00fc K\u00fcrt sorunu, K\u00fcrtlerin bu sorunun varl\u0131\u011f\u0131n\u0131 dillendirirken kar\u015f\u0131la\u015ft\u0131klar\u0131 uygulamalar sorunu de\u011fildir. Ayr\u0131ca K\u00fcrt sorunu, son zamanlarda reva\u00e7ta oldu\u011fu \u00fczere K\u00fcrtlerin sosyal veya politik ya\u015famlar\u0131nda uygulad\u0131klar\u0131 \u015fiddet sorunu da de\u011fildir. K\u00fcrt sorunu bir K\u00fcrtl\u00fck sorunudur. Bunun alt\u0131n\u0131 doldurmaya bu yaz\u0131n\u0131n g\u00fcc\u00fc yetmez. Bu yaz\u0131, K\u00fcrd\u00fcn halini anlatabilirse ne ala\u2026<\/p>\n<p>Nereden ba\u015flayabiliriz? Da\u011fdakilerle s\u0131n\u0131rl\u0131 alg\u0131lanan bir sava\u015f halinin analizinden mi, K\u00fcrt toplumunun politik-ekonomik-sosyal \u00e7\u00f6z\u00fcmlemesinden mi, yoksa b\u00fct\u00fcn bunlar\u0131 de\u011ferlendiren t\u00fcm kesimlerin yakla\u015f\u0131mlar\u0131ndaki mesafeyi elimize bir metre alarak \u00f6l\u00e7mekten mi? Veya bunlar\u0131n hepsini bir kenara b\u0131rak\u0131p, \u00e7\u00f6z\u00fcm \u00f6nerilerini mi konu\u015fsak? San\u0131r\u0131m benim yapabilece\u011fim en iyi \u015fey, yaz\u0131n\u0131n giri\u015finde de s\u00f6yledi\u011fim \u00fczere meselenin bu taraf\u0131nda olup bitenleri aktarmak ve bu taraftan bir bak\u0131\u015f\u0131n, di\u011fer tarafa ula\u015fana kadar nas\u0131l bir mutasyona u\u011frad\u0131\u011f\u0131n\u0131 \u00f6zetlemek olacak. Ayr\u0131ca \u201cbu taraf-di\u011fer taraf\u201d tan\u0131mlamalar\u0131n\u0131 \u015fimdilik bir co\u011frafi durum olarak ele alal\u0131m. Malumunuz, bu \u201cco\u011frafi durum\u201d en \u00e7ok mahkemelerde ba\u015fvurulan bir y\u00f6ntemdir ve h\u00e2l\u00e2 da ikna edicili\u011fini korumaktad\u0131r.<\/p>\n<p>Gerilere gidelim mi emin de\u011filim. Detaylar\u0131na girmeden \u00f6zetleyebiliriz. \u0130\u015fin \u201ctam te\u00e7hizat\u201da b\u00fcr\u00fcnd\u00fc\u011f\u00fc d\u00f6nemler&#8230; Ve asl\u0131nda \u201co taraflara\u201d yans\u0131yan K\u00fcrtlerin sadece kendi etnik k\u00f6kenlerini bir a\u00e7\u0131kl\u0131\u011fa kavu\u015fturma e\u011filimi olsa da, i\u015fin bir de \u201cbizi yakan\u201d b\u00f6l\u00fcm\u00fc vard\u0131 ve \u00fczerinde pek de durulmad\u0131. 1980\u2019lerin sonunda ba\u015flay\u0131p, 1990\u2019lar\u0131n ortalar\u0131nda hepten alevlenen \u00e7at\u0131\u015fmal\u0131 s\u00fcre\u00e7, olduk\u00e7a geri bir noktadan ba\u015flamas\u0131 itibari ile ziyadesiyle hepimize a\u011f\u0131r bedeller \u00f6dettirdi. Ben, bir \u201cs\u0131n\u0131r\u201d \u015fehri Malatya\u2019n\u0131n k\u00f6y\u00fcnde b\u00fcy\u00fcrken ve de T\u00fcrk\u00e7e bilmeyen dedemin, K\u00fcrt\u00e7e ve T\u00fcrk\u00e7eyi bilen babam\u0131n ve hi\u00e7 K\u00fcrt\u00e7e bilmeyen karde\u015flerimin bu iki ku\u015fakta u\u011frad\u0131\u011f\u0131 haf\u0131zas\u0131zl\u0131k durumunu anlamaya \u00e7al\u0131\u015f\u0131rken, k\u00f6y\u00fcn \u00e7ocuklar\u0131 \u00e7oktan toplan\u0131p da\u011flar\u0131n yolunu tutmu\u015ftu. Bu d\u00f6nem hepimizin ezberinin bozuldu\u011fu d\u00f6nemdi. \u00c7\u00fcnk\u00fc Allah\u2019\u0131n huzurunda herkesin bir oldu\u011funu d\u00fc\u015f\u00fcnen bir melleden, kom\u00fcnizmin ihti\u015fam\u0131 ile sars\u0131l\u0131p da kendi i\u00e7inde Maocular ve Stalinistler diye ayr\u0131lan bizim k\u00f6yl\u00fclere kadar herkesin ya\u015fam\u0131 de\u011fi\u015fti. Bu \u201chat\u0131rlatma\u201d d\u00f6nemi Malatya\u2019dan \u00f6te tarafa asker cenazeleri ve \u00fclkenin b\u00f6l\u00fcnmeye \u00e7al\u0131\u015f\u0131lmas\u0131 olarak yans\u0131rken, i\u015fin bu taraf\u0131nda ayr\u0131 bir alt\u00fcst olu\u015f h\u00fck\u00fcm s\u00fcr\u00fcyordu. Bu alt\u00fcst olu\u015f h\u00e2l\u00e2 da yan\u0131lg\u0131l\u0131 bir bi\u00e7imde anla\u015f\u0131ld\u0131\u011f\u0131 \u00fczere devleti b\u00f6lme, bir co\u011frafyan\u0131n ba\u011f\u0131ms\u0131zl\u0131\u011f\u0131n\u0131 ilan etme hareketi de\u011fildi sadece!<\/p>\n<p> \u015e\u0131rnak\u2019\u0131n bir da\u011f k\u00f6y\u00fcnde ya\u015f\u0131 13\u2019e vard\u0131\u011f\u0131 gibi evlendirilmeyi bekleyen k\u0131z \u00e7ocuklar\u0131ndan tutal\u0131m, memleketin \u0130smet Pa\u015fa taraf\u0131ndan y\u00f6netildi\u011fini zanneden ya\u015fl\u0131lara kadar, herkesin hayat\u0131 de\u011fi\u015fti ve bu co\u011frafyan\u0131n sosyal yap\u0131s\u0131, sadece g\u00f6\u00e7 gibi dalgalanmalarla de\u011fil, bamba\u015fka bir olu\u015fumla tan\u0131\u015fmayla beraber \u00e7alkaland\u0131. O evlenmeyi bekleyen k\u0131zlar da\u011flara gitti. Kad\u0131nlar\u0131n \u201c\u015fehitlik\u201d mertebesine d\u00fcnya g\u00f6z\u00fc ile \u201cula\u015fabilecekleri\u201d bir k\u00fclt\u00fcr gelip oturdu herkesin d\u00fcnyas\u0131na. Daha da a\u00e7al\u0131m, 1990\u2019lar\u0131n ilk y\u0131llar\u0131 itibari ile \u00fcniversiteler ve liselerdeki K\u00fcrt \u00e7ocuklar, gen\u00e7ler, mezuniyetlerini beklemedi. \u0130stanbul\u2019da Siyasal Bilgiler Fak\u00fcltesi\u2019nde okuyan bir gen\u00e7 k\u0131z, Mardinli bir \u00e7oban\u0131n komutan\u0131 oldu, ya da tersi. Diyarbak\u0131r, Batman\u2019da liseli \u00f6\u011frencilerinin haftasonlar\u0131 okullar\u0131n bah\u00e7elerinde mar\u015flar s\u00f6yleyip halaylar \u00e7ekerek topluca da\u011fa gitmeleri hangi politik-sosyal \u00e7\u00f6z\u00fcmlemenin konusu olabildi peki? Ya da \u015f\u00f6yle diyelim, 60 ya\u015f\u0131nda bir adama bir inek bedeli ba\u015fl\u0131k paras\u0131yla \u201cverildi\u011fi\u201d i\u00e7in solu\u011fu da\u011flarda alan \u0130ran ya da Irakl\u0131 K\u00fcrt k\u0131zlar i\u00e7in; Avrupa\u2019ya yerle\u015fip de oran\u0131n k\u00fclt\u00fcr\u00fcn\u00fc alm\u0131\u015f, e\u011fitimini g\u00f6rm\u00fc\u015f, ekonomik durumu yerinde olan bir gen\u00e7 i\u00e7in neyin adresiydi da\u011flar? Bu sorulara yan\u0131t arayan ve \u0130stanbul\u2019dan, Ankara\u2019dan bakan bir entellekt\u00fcelin, Bat\u0131l\u0131 oryantalistlerin Hz. Ay\u015fe\u2019yi yorumlarkenki \u201c\u0130slam\u2019\u0131n k\u00f6lesi\u201d yan\u0131lg\u0131s\u0131na d\u00fc\u015fmemesi gerekiyor. \u00c7\u00fcnk\u00fc kanaatimce s\u0131k\u0131nt\u0131 burada ba\u015fl\u0131yor. Ve burada ba\u015flad\u0131\u011f\u0131 i\u00e7in \u201cBirlikte cepheye mermi ta\u015f\u0131m\u0131\u015ft\u0131k\u201d diyen ortalama demokratlarla uluslar\u0131n kendi kaderini tayin hakk\u0131 ile \u201cbiz karde\u015fiz\u201d ifadeleri aras\u0131na s\u0131k\u0131\u015fan sol kesim h\u00e2l\u00e2 K\u00fcrtlerin \u201ckendilerine gelmesini\u201d bekliyor. Ayd\u0131n-entellekt\u00fcel-akademisyen kesiminde ise \u201cdaha usturuplu\u201d laflar edecek birtak\u0131m beyaz K\u00fcrtlerin \u00e7\u0131kmas\u0131 bekleniyor, Godot\u2019yu bekler gibi. O kutlu ki\u015filer \u00e7\u0131kana kadar ya da K\u00fcrtler \u201ckendilerine gelene\u201d kadar herkes onlar ad\u0131na d\u00fc\u015f\u00fcn\u00fcp, K\u00fcrd\u00fcn \u201ciyi\u201d halini tasavvur ediyor. Diyarbak\u0131r\u2019\u0131n bir \u201ceyvan gecesi\u201dnde, Bedri Ayseli\u2019nin \u201cK\u00f6rolasan Suzan Suzi\u201dsini rak\u0131 e\u015fli\u011finde dinleyip, telefonlar\u0131nda Hasan Cemaller\u2019den Taha Akyol\u2019lara uzanan fihristler tutup, bir besmele k\u0131vam\u0131nda \u00d6calan\u2019\u0131n ne de yanl\u0131\u015f \u015feyler s\u00f6yledi\u011finden ba\u015flayarak \u201cYaz\u0131k oluyor bunca \u00e7oluk \u00e7ocu\u011fa\u201d diyen ve b\u00fct\u00fcn bu otuz y\u0131ll\u0131k d\u00f6nemi \u201cNe manas\u0131 vard\u0131 karde\u015fim\u201dle \u00f6zetleyen K\u00fcrtleri&#8230; Diyarbak\u0131r Cezaevi\u2019nde yedi\u011fi dayaklar\u0131n izini v\u00fccudunda h\u00e2l\u00e2 ta\u015f\u0131yan, ya Irak taraf\u0131ndan ya da bu taraftan fark etmez, bir devlet elinin kafas\u0131n\u0131 ok\u015fayaca\u011f\u0131 siyasi partiler hayal edenleri&#8230; Lakin yirmi y\u0131l \u00f6nce duvarlar\u0131nda \u201cT\u00fcrk\u00e7e konu\u015f \u00e7ok konu\u015f\u201d yazan Diyarbak\u0131r Cezaevi\u2019nde K\u00fcrt\u00e7e konu\u015ftu\u011fu i\u00e7in dayak yiyenler; \u015fimdi bu i\u00e7ki masas\u0131nda, Bedri Ayseli\u2019ye bir pe\u00e7eteye cizittirerek \u201cKa Kurd\u00ee j\u00ee b\u00eaje kek\u00ea!\u201d (Karde\u015f hele K\u00fcrt\u00e7e s\u00f6yle) demekteler&#8230; Bu da kaderin K\u00fcrde cilvesi olsun\u2026<\/p>\n<p> Velhas\u0131l herkes kendi K\u00fcrd\u00fcn\u00fc istiyor. Fakat sevgili arkada\u015flar, b\u00fct\u00fcn bu hik\u00e2yelerin alt\u0131nda K\u00fcrd\u00fcn \u0131slah s\u00fcre\u00e7leri vard\u0131r. Kim neye ne oranda diren\u00e7 g\u00f6sterebildiyse g\u00f6sterdi! Ba\u011f\u0131\u015flay\u0131n, bu uzun d\u00f6nemi bilmiyorsunuz, hi\u00e7 u\u011framad\u0131n\u0131z buralara, ama Lozan\u2019dan sonra biz epeyce yorulduk. Cepheye ta\u015f\u0131d\u0131\u011f\u0131m\u0131z mermilerden belimiz burkulmu\u015ftu, ancak do\u011frulttuk. Ve do\u011fruldu\u011fumuz vakit etraf\u0131m\u0131za bir bakt\u0131k ki halimiz hal de\u011fil! Kim ki bu hali anlaya \u00e7al\u0131\u015f\u0131yorsa, o vakit, istatistik ve anket sonu\u00e7lar\u0131n\u0131n d\u0131\u015f\u0131na \u00e7\u0131k\u0131p, K\u00fcrtlerin din\u00ee-k\u00fclt\u00fcrel-ekonomik dokusunu iyiden iyiye incelesin. \u00c7\u00fcnk\u00fc elli ya\u015flar\u0131nda bir Dersimli kad\u0131n\u0131n \u201cHeeooowww, Mao gibi bizim de y\u00fcr\u00fcy\u00fc\u015f\u00fcm uzundur\u201d demesinden; atm\u0131\u015f ya\u015flar\u0131nda bir K\u00fcrt esnaf\u0131n, 1999\u2019da PKK\u2019nin ba\u011f\u0131ms\u0131z K\u00fcrdistan fikrinden vazge\u00e7mesini yorumlarken, \u201cBisiklete binmeden u\u00e7ak istemek olmazd\u0131. Canla kanla derdimizi anlatt\u0131k. \u015eimdi u\u00e7a\u011fa binebiliriz\u201d demesine uzanan bir d\u00f6nemdir. Zira bu d\u00f6nem K\u00fcrtler sadece tabut saymad\u0131.<\/p>\n<p>Peki neydi bu ya\u015fl\u0131 adam\u0131n i\u00e7inde pedallar\u0131 d\u00f6nen bisiklet?<\/p>\n<p>K\u00fcrt sorununu sa\u011fduyulu analiz eden entellekt\u00fceller dahi, bu meselenin \u00e7\u0131k\u0131\u015f yolunu ve y\u00f6ntemlerini tart\u0131\u015f\u0131rken \u00e7eli\u015fkiye d\u00fc\u015f\u00fcyor. Baz\u0131 yazarlar, K\u00fcrtlerin en basit haklar\u0131n\u0131 bile kazanmalar\u0131nda PKK\u2019nin silahl\u0131 ayaklanmas\u0131n\u0131n etkin oldu\u011funu ifade edip \u201cne yaz\u0131k ki\u201d diye ba\u011flarlarken d\u00fc\u015f\u00fcncelerini, ba\u015fka yaz\u0131lar\u0131nda \u201cNas\u0131l olur da bir \u00fclkenin s\u0131n\u0131rlar\u0131 i\u00e7inde birileri eline silah\u0131 al\u0131p da\u011fa \u00e7\u0131kar, ard\u0131ndan da o \u00fclkenin asker\u00ee ve siyasi otoritelerinden kar\u015f\u0131l\u0131kl\u0131 anla\u015fma beklerler\u201d noktas\u0131na ula\u015f\u0131yorlar. Bu kafa kar\u0131\u015f\u0131kl\u0131\u011f\u0131n\u0131n temelinde, bir \u00fcst-kimlik psikolojisi ve bu psikolojinin yaratt\u0131\u011f\u0131 mesafe, mesafenin ula\u015ft\u0131rd\u0131\u011f\u0131 tan\u0131mama yatmaktad\u0131r. Fakat eli vicdana, \u015fapkay\u0131 \u00f6ne koyal\u0131m: Hangi \u201cetnisiteye\u201d mensup olduklar\u0131n\u0131 h\u00e2l\u00e2 bilmedi\u011fimiz ve bir t\u00fcrl\u00fc yerinde oynamayan \u015fu 30 bin \u00f6l\u00fc rakam\u0131n\u0131n kar\u015f\u0131l\u0131\u011f\u0131nda var\u0131lan nokta nedir? Ayn\u0131 \u015feye d\u00f6n\u00fcyorum. \u201cEn geri noktada ba\u015flam\u0131\u015f olma\u201d itibari ile bu kadar \u00f6l\u00fcn\u00fcn, alt-\u00fcst olu\u015fun kar\u015f\u0131l\u0131\u011f\u0131 \u201cK\u00fcrd\u00fcm\u201d diyebilmek, yazabilmek, konu\u015fabilmektir! Daha da geri olan, K\u00fcrt sorununu dilimiz d\u00f6nd\u00fc\u011f\u00fcnce tart\u0131\u015fabilmektir. 30 bin \u00f6l\u00fc, bu konuyu ancak tart\u0131\u015fabilme noktas\u0131na getirdi. \u0130\u015fte \u015fimdi do\u011fru noktalarda tart\u0131\u015fmazsak, 30 bin ki\u015fi daha \u00f6lebilir, \u00f6l\u00fcyor da\u2026 Peki bu ayaklanma olmasayd\u0131, devletin \u201cevrimle\u015fme\u201d s\u00fcreciyle beraber t\u00fcm bunlar hayata ge\u00e7er miydi? 12 Eyl\u00fcl yasalar\u0131 ile y\u00f6netildi\u011fimizi hat\u0131rlataraktan soruyu d\u00fczenlemi\u015f olay\u0131m\u2026<\/p>\n<p> U\u00c7AK NE?<\/p>\n<p>1999\u2019dan sonra PKK h\u0131zl\u0131 bir de\u011fi\u015fime girdi. Kimileri bunu \u00d6calan\u2019\u0131n tutukluluk halinden kaynakl\u0131 \u201cidam korkusu\u201dna yorup kenara \u00e7ekildi. Ancak bu arada ciddi stratejik de\u011fi\u015fiklikler ya\u015fand\u0131. En \u00f6nemlisi, ba\u011f\u0131ms\u0131z devletten vazge\u00e7ildi. Pe\u015fi s\u0131ra bir\u00e7ok \u00f6neri geli\u015fti ve nihayetinde iktidardan uzakla\u015f\u0131l\u0131p, demokratik konfederalizm son durak oldu. Ve bu s\u00fcre\u00e7 ate\u015fkesler, kar\u015f\u0131l\u0131kl\u0131 masaya oturup k\u00fclt\u00fcrel ve siyasi haklar\u0131n tan\u0131nmas\u0131 talebi ile devam ediyor. \u00d6zellikle 1999 ile 2005 y\u0131llar\u0131 aras\u0131nda ise da\u011f kadrolar\u0131 ve \u015fehirlerdeki t\u00fcm kurumlar\u0131, organlar\u0131yla beraber bu s\u00fcre\u00e7 tart\u0131\u015f\u0131ld\u0131. Sava\u015fs\u0131z ge\u00e7en d\u00f6nemde ise da\u011f kadrolar\u0131n\u0131n t\u00fcm\u00fc kendini bu yeni d\u00f6neme uyarlad\u0131. Birimle\u015fmelere gittiler ve k\u00fclt\u00fcr sanat komiteleri, bilim komiteleri olu\u015fturdular. Yani \u015fimdi \u201csa\u011f\u201d yakalanan bir PKK\u2019liyi ya da Diyarbak\u0131r\u2019da bir PKK sempatizan\u0131 genci al\u0131p konu\u015fsan\u0131z, size S\u00fcmerlerden ba\u015flay\u0131p Foucault\u2019ya kadar uzanan bir iktidar \u00e7\u00f6z\u00fcmlemesinde bulunur. Lakin ayn\u0131 genci bir g\u00f6steride panzer ta\u015flarken g\u00f6r\u00fcrseniz, size \u00f6nerim biraz tebess\u00fcm ederek Edward Said\u2019i anman\u0131zd\u0131r. Biliyorum zor, ama K\u00fcrd\u00fcn hali budur! Demem o ki bu meseleyi irdelerken, bu i\u015fin hem politik hem de asker\u00ee halini da\u011fa kilitlememek gerekir. \u0130lla da da\u011fa kilitleneceksek, o zaman asker\u00ee te\u00e7hizattan ibaret \u201cda\u011f ke\u00e7ileri\u201d gelmesin ak\u0131llara. \u00c7\u00fcnk\u00fc orada da benzer s\u00fcre\u00e7 ya\u015fan\u0131yor. Bu s\u00fcre\u00e7 bir yan\u0131yla kafa kar\u0131\u015f\u0131kl\u0131\u011f\u0131 da yarat\u0131yor, do\u011fru. \u00c7\u00fcnk\u00fc bir taraf\u0131nda s\u0131rt\u0131nda kele\u015f bulunmak suretiyle bilim sanat komiteleri olu\u015fturan, iktidar \u00e7\u00f6z\u00fcmlemeleri yapan ve daha da \u00f6tesi ekolojik ya\u015fama d\u00f6n\u00fc\u015f konusunda ad\u0131mlar ve \u00f6nermelerde bulunan, bir taraf\u0131ndan yanm\u0131\u015f y\u0131k\u0131lm\u0131\u015f k\u00f6yler dururken, organik tar\u0131mdan bahseden; bir eliyle \u00e7ift e\u015flili\u011fi yasaklay\u0131p, di\u011fer eliyle kad\u0131n\u0131n mitolojiden tutup da mevcut sistem i\u00e7indeki duru\u015funa kadar \u00e7\u00f6z\u00fcmlemesini yapan bir hareket var kar\u015f\u0131m\u0131zda. Ya da kar\u015f\u0131n\u0131zda\u2026 Bu yap\u0131n\u0131n kar\u015f\u0131s\u0131nda ise \u201ck\u00f6k\u00fcn\u00fc kaz\u0131yaca\u011f\u0131z\u201d diyen bir dil var. Yani pratik \u00e7\u00f6z\u00fcm \u00f6nerileri, taktikler, stratejiler, arg\u00fcmanlar ve \u00fctopyalar\u0131 aras\u0131na s\u0131k\u0131\u015fm\u0131\u015f bir hareket\u2026 1980\u2019de yola \u00e7\u0131k\u0131p, 2007 itibariyle elbette arg\u00fcmanlar\u0131n\u0131 ve asker\u00ee pozisyonunu de\u011fi\u015ftirecektir. De\u011fi\u015fiyor da. Fakat s\u0131k\u0131\u015fm\u0131\u015fl\u0131\u011f\u0131n kayna\u011f\u0131, b\u00fct\u00fcn bu de\u011fi\u015fime ra\u011fmen sorunun \u00e7\u00f6z\u00fcm\u00fcne dair \u00f6nermelerin kar\u015f\u0131s\u0131ndaki \u00e7\u00f6z\u00fcms\u00fczl\u00fckt\u00fcr. \u00d6calan\u2019\u0131n g\u00f6r\u00fc\u015fme notlar\u0131n\u0131 okuyan gen\u00e7ler bir yandan d\u00f6rt elle Kuantum fizi\u011fine sar\u0131l\u0131rken, bir yandan da yukar\u0131da \u00f6rnekte bahsetti\u011fim gibi ta\u015f at\u0131yorlar. Bu s\u0131k\u0131\u015fma hali siyasi arenada da ya\u015fan\u0131yor. Belediyeler, siyaseten \u201ctek se\u00e7ilmi\u015fler\u201d olarak bir yandan siyasi misyonlar\u0131n\u0131 oynamaya \u00e7al\u0131\u015f\u0131rken, \u00f6te yandan belediyecilik hizmetleri veriyorlar. Hal b\u00f6yle olunca, cenazelerde tahsis edilen ambulanslardan tutal\u0131m, en k\u00fc\u00e7\u00fck bir ka\u015f karartmada bile bildi\u011finiz \u00fczere Osman Baydemir ba\u015fta olmak \u00fczere pek \u00e7o\u011fu \u201cdevletin mal\u0131n\u0131 yedirten\u201d adam durumuna geliyor. Buradaki ince durum, K\u00fcrtlerin siyasi temsilcilerinin se\u00e7ilerek Meclise girmesinde kilitlidir. Bu olmad\u0131\u011f\u0131 s\u00fcrece, belediye ba\u015fkanlar\u0131 bu s\u0131k\u0131\u015fm\u0131\u015fl\u0131\u011f\u0131 ya\u015fayacakt\u0131r.<\/p>\n<p>DTP ise her ne kadar \u201ca\u00e7\u0131l\u0131m ve T\u00fcrkiyelile\u015fme\u201d esprisiyle ortaya \u00e7\u0131km\u0131\u015f olsa da ayn\u0131 s\u0131k\u0131\u015fm\u0131\u015fl\u0131\u011f\u0131 ya\u015f\u0131yor. \u0130ki toplumun birbirinden koptu\u011fu bir d\u00f6nemde K\u00fcrt orijinli bir partinin T\u00fcrkiyelile\u015fmesini beklemek komik olur. DTP de di\u011fer b\u00fct\u00fcn partiler gibi iktidara aday olmaya \u00e7al\u0131\u015fmaktan ziyade, bir sivil toplum \u00f6rg\u00fct\u00fc, dernek pozisyonunu y\u00fcr\u00fctmek zorunda kal\u0131yor. \u00c7\u00fcnk\u00fc her alanda oldu\u011fu gibi bu alanda da sadece K\u00fcrtlerin kendileri hakk\u0131nda konu\u015fmalar\u0131 abes bulunuyor. 27 y\u0131l, hangi bahis \u00fczerine ge\u00e7erse ge\u00e7sin bir gelenek olu\u015fturur. Hem sizde, hem de sizi takip edenlerde olu\u015fur bu gelenek. Niyetler de\u011fi\u015fse de kal\u0131plar\u0131 k\u0131rmak kolay olmaz. Daha da k\u00f6t\u00fcs\u00fc, kucak a\u00e7ay\u0131m derken, s\u00fcren \u00e7at\u0131\u015fmalar ve \u00f6l\u00fcler kollar\u0131n\u0131za d\u00fc\u015fer, kan\u0131n d\u00fc\u015ft\u00fc\u011f\u00fc her yerde oldu\u011fu gibi, siyasete de d\u00fc\u015fmanl\u0131k damgas\u0131n\u0131 vurur. Bildi\u011finiz \u00fczere s\u00fcrekli dillendirilen \u201ci\u00e7 \u00e7at\u0131\u015fma\u201d korkusu ufaktan ufa\u011fa kendisini belli ediyor. Bursa\u2019da Bal\u0131kesir\u2019de yak\u0131lan K\u00fcrt evlerinin yans\u0131mas\u0131 burada da tersinden kendisini g\u00f6steriyor. Sadece \u00e7at\u0131\u015fmalarla de\u011fil, patlak veren herhangi bir olayda, gen\u00e7lerin kimlik kontrol\u00fc yap\u0131p T\u00fcrk k\u00f6kenli aramas\u0131na kadar\u2026<\/p>\n<p>DURUMU E\u015e\u0130TLEMEK<\/p>\n<p>\u015eimdi gelelim bug\u00fcne, i\u015fin dertli k\u0131sm\u0131na ve yaz\u0131ya ba\u015fl\u0131k olan meseleye&#8230; \u00d6ncelikle durumu e\u015fitlemek gerekiyor. Nedir e\u015fitlemek? B\u00fct\u00fcn silahl\u0131 olu\u015fumlar\u0131n, otoritelerin uza\u011f\u0131nda, kar\u015f\u0131l\u0131kl\u0131 oturup, \u015femam\u0131z\u0131 \u00e7\u0131karal\u0131m. Silaha merak\u0131m yok ve nazar\u0131mda \u00f6l\u00fcm hi\u00e7bir kutsall\u0131k bar\u0131nd\u0131rmaz. \u201c\u015eehitlere\u201d ve \u201cgazilere\u201d uza\u011f\u0131m. Ve hatta t\u00fcm politik e\u011filimlerden s\u0131yr\u0131lm\u0131\u015f durumda, \u00e7ekime u\u011framam\u0131\u015f bir K\u00fcrt olarak masan\u0131n bu taraf\u0131na oturdu\u011fumu varsay\u0131yorum. Daha da a\u00e7ay\u0131m, bu yaz\u0131y\u0131 okuyanlar, belki sadece bu meseleye yazarak kafa yoruyorsunuz; ben de \u00f6yleyim. Diyorum ki, aram\u0131zdaki tek fark devletsizliktir, ki bu taraf ondan vazge\u00e7ti! \u015eeman\u0131n ba\u015f\u0131ndaki unsur silindi yani. Geriye kalanlar\u0131 s\u0131ralayal\u0131m. Me\u015fru veya gayr\u0131me\u015fru, \u00f6nemli de\u011fil. Silahl\u0131 birlikler mi? \u0130ki tarafta da var\u2026 Asker\u00ee ve sivil siyaset\u00e7iler mi, eyvallah, o da var. K\u00fclt\u00fcr bakanl\u0131klar\u0131ndan, medyaya, i\u015fadamlar\u0131ndan sanat\u00e7\u0131lar\u0131na, televizyonlar\u0131ndan radyolar\u0131na, bayra\u011f\u0131ndan milli mar\u015f\u0131na ve kadrolar\u0131na kadar o tarafta ne varsa, bu tarafta da var. Bayraklar ve mar\u015flar, silahlar ve bombalar \u00e7ok mu \u00f6nemlidir toplumlar i\u00e7in? \u00c7ok mu mubaht\u0131r t\u00fcm bunlar? \u00d6nemli de\u011fil. Durum e\u015fit! B\u00fct\u00fcn olumlu ve olumsuz yanlar\u0131yla&#8230; Ama gayr\u0131me\u015fru! Mesele \u015fu ki, b\u00fct\u00fcn bunlar\u0131n varl\u0131\u011f\u0131 akl\u0131selim bir bi\u00e7imde kabul edildi\u011fi anda durum kolayla\u015facak. \u00c7\u00f6z\u00fcm de kolayla\u015facak. Bahsetti\u011fim \u015fey empati kurmak, yaralar\u0131 sarmak falan de\u011fil. Biz size gelelim \u00e7ay i\u00e7elim, siz bize gelin kurabiye yiyin de de\u011fil. En a\u00e7\u0131k yan\u0131yla, iki g\u00fc\u00e7, iki taraf var ortada. Bu e\u015fitleme halinin siyasi ve asker\u00ee otoritelerce dikkate al\u0131nmas\u0131 gerekti\u011fi \u00fczerinde durmuyorum \u015fu anda. O uzun mesele. Bizler i\u00e7in yaz\u0131yorum bunu. Bu meseleyi dert edenler i\u00e7in. Kimli\u011fimizden ve biz fark\u0131na varmadan damarlar\u0131m\u0131zda dola\u015fan asil kanlardan be\u015f saniyelik \u00f6d\u00fcn verelim. \u0130\u015fte ger\u00e7ek burada ba\u015fl\u0131yor. Sert, kabullenmesi zor, ama ger\u00e7ek!<\/p>\n<p>PEK\u0130 NE YAPAB\u0130L\u0130R\u0130Z?<\/p>\n<p>\u00d6ncelikle ziyadesiyle i\u00e7selle\u015fmi\u015f \u201c\u00fcst-kimlik\u201dten s\u0131yr\u0131lmak gerekiyor. Bu kimlik, mesela Zapatistalar\u0131 d\u00fcnyay\u0131 de\u011fi\u015ftirmeyi, d\u00f6n\u00fc\u015ft\u00fcrmeyi hedefleyen hareket olarak ciddi bir yere koyup, heyecan duyarken, kendi topraklar\u0131nda ya\u015fanan ve milyonlarca insan\u0131n hayat\u0131n\u0131 etkileyen, binlercesinin can\u0131na mal olan bu s\u00fcreci h\u00e2l\u00e2 \u201cgeri\u201d n\u00fcveler bar\u0131nd\u0131ran bir y\u00f6ns\u00fcz ba\u015fkald\u0131r\u0131 olarak de\u011ferlendirmekten uzakla\u015fmal\u0131d\u0131r. (Bir k\u00fc\u00e7\u00fck test yap\u0131n, PKK\u2019liler i\u00e7in gerilla demeye ka\u00e7 ki\u015finin dili vard\u0131? Oysa buralarda b\u0131rak\u0131n gerillay\u0131, Heval yani arkada\u015f, yer yer \u00c7\u00eatir\u00ean yani iyiler derler!) Zapatistalar \u201cdaha iyi bir d\u00fcnya i\u00e7in\u201d yola \u00e7\u0131km\u0131\u015f, yoksullu\u011fa sava\u015f a\u00e7m\u0131\u015f g\u00fcn\u00fcm\u00fcz\u00fcn \u201c\u00e7i\u00e7ek \u00e7ocuklar\u0131\u201d gibi alg\u0131lan\u0131p, i\u00e7ten desteklenirken \u2013ki eyvalla kat\u0131l\u0131yorum- Meksika\u2019da d\u00f6k\u00fclen kan\u0131n on kat\u0131n\u0131n bu co\u011frafyada d\u00f6k\u00fcld\u00fc\u011f\u00fc ve bu kan\u0131n herkesin eline, y\u00fcz\u00fcne, g\u00f6z\u00fcne bula\u015ft\u0131\u011f\u0131n\u0131 unutmayal\u0131m. Burada may\u0131nla oynarken, ya da sokaklarda bombalar\u0131n patlamas\u0131yla, daha da ileri gideyim, gen\u00e7ler uzuvlar\u0131 kopar\u0131lm\u0131\u015f halde ailelerine teslim edilmesiyle ya\u015fanan bir s\u00fcrecin \u201c\u015fanl\u0131 bir isyan\u201d diye alk\u0131\u015flanmas\u0131n\u0131 beklemiyorum. Ama \u00f6lenlerin y\u00fcz\u00fc suyu h\u00fcrmetine ve sa\u011f kalanlar\u0131n haysiyetini incitmeden konu\u015fup yazmak gerekiyor. Geli\u015ftirilen en de\u011fme \u00e7\u00f6z\u00fcm \u00f6nerileri bile kelaynaklar\u0131 koruma alt\u0131na alma hissiyat\u0131ndan uza\u011fa gitmiyor. Yaz\u0131n\u0131n giri\u015finde de s\u00f6yledi\u011fim \u00fczere, K\u00fcrtlerin sorunu, varl\u0131klar\u0131n\u0131 dillendirirken ya\u015fad\u0131klar\u0131 hak ihlalleri sorunu de\u011fildir! Tek ba\u015f\u0131na varl\u0131k sorunudur. Genel af tart\u0131\u015fmalar\u0131nda dahi hen\u00fcz \u201cko\u015fulsuz\u201d ifadesini hi\u00e7 kimse kullanma cesaretini g\u00f6stermemi\u015ftir. Ha keza \u00f6nerilen modeller \u00fczerinde de durulmam\u0131\u015ft\u0131r. G\u00fcney Afrika\u2019da uygulanan Hakikatler ve Uzla\u015fma deneyimini sadece K\u00fcrtler g\u00fcndemine alm\u0131\u015ft\u0131r. Bu ve benzer deneyimlere dair \u00f6neriler ise ayd\u0131n-entellekt\u00fceller taraf\u0131ndan sadece \u201ckendi i\u00e7inde tutars\u0131z ama d\u00fc\u015f\u00fcn\u00fclebilir\u201d \u00f6neriler olarak yorumlanm\u0131\u015ft\u0131r. Peki nas\u0131l affedece\u011fiz? Unutmamak gerekir, bir affedilme s\u00fcrecine girilecekse e\u011fer, K\u00fcrtlerin de affetmesi gereken \u00e7ok \u015fey olacakt\u0131r. Ba\u011f\u0131\u015flanmas\u0131 gerekenler sadece K\u00fcrtler de\u011fildir! Bu noktan\u0131n etraf\u0131nda d\u00f6n\u00fcp durmak ve \u201cko\u015fulsuz ba\u011f\u0131\u015flama\u201d cesaretini dahi g\u00f6sterememek \u00fcst-kimlik ruh halinin esiri olmakt\u0131r.<\/p>\n<p>\u00d6NCE ANLAMAK, TANIMAK&#8230;<\/p>\n<p>Bu s\u00fcre\u00e7 akl\u0131selim bir bi\u00e7imde ray\u0131na oturmazsa ve \u00e7\u00f6z\u00fcmlenmezse nereye gider? \u0130\u015fte Godot\u2019lar burada beliriyor. ABD\u2019nin Irak\u2019a m\u00fcdahale etmesiyle beraber K\u00fcrtlerin fiil\u00ee ba\u011f\u0131ms\u0131zl\u0131\u011fa gitmeleri sadece o co\u011frafyay\u0131 etkilemedi. \u00d6zellikle h\u0131zla Dubaile\u015fen Kuzey Irak, T\u00fcrkiyeli K\u00fcrtler i\u00e7in ciddi bir ekonomi adresi olmaya ba\u015flad\u0131. Ve enteresand\u0131r ki g\u00f6z\u00fcn\u00fc Kuzey Irak\u2019a dikip, T\u00fcrkiye ve di\u011fer \u00fclkelerdeki K\u00fcrtlerin de federasyon ya da ba\u011f\u0131ms\u0131zl\u0131\u011fa gitmesini savunan kimi kesimler seslerini y\u00fckseltmeye ba\u015flad\u0131 ve de sadece PKK\u2019ye muhalefet ettikleri i\u00e7in destek g\u00f6r\u00fcyorlar. B\u00f6yle d\u00fc\u015f\u00fcnen K\u00fcrt siyaset\u00e7ilerden bir grubun ge\u00e7ti\u011fimiz g\u00fcnlerde Diyarbak\u0131r\u2019da yapt\u0131\u011f\u0131 bir toplant\u0131da da federasyon e\u011filimi \u00e7\u0131kt\u0131.<\/p>\n<p>Bu yaz\u0131da madde madde \u00e7\u00f6z\u00fcm \u00f6nerileri sunacak de\u011filim. Sunulmu\u015f \u00e7\u00f6z\u00fcm \u00f6nerileri zaten var. Sadece \u00e7\u00f6z\u00fcm \u00f6nerileri de de\u011fil, iyi niyet g\u00f6sterileri ve at\u0131lm\u0131\u015f ad\u0131mlar da var tek tarafl\u0131. Bu g\u00fcne kadar 5 ate\u015fkes \u00e7a\u011fr\u0131s\u0131 kar\u015f\u0131l\u0131ks\u0131z kald\u0131; iyi niyet g\u00f6stergesi olarak g\u00f6nderilen iki grup apar topar cezaevine konuldu. \u00d6zal\u2019dan Erbakan\u2019a kadar pek \u00e7ok ki\u015fi alttan alta g\u00f6r\u00fc\u015fmeler de yapt\u0131, ama bu mesele onlar\u0131n ba\u015f\u0131n\u0131 da yedi.<\/p>\n<p>\u00d6nce sorunlar tan\u0131mlan\u0131r, \u00e7\u00f6z\u00fclmeye ba\u015flar ve toplumsal yaralar\u0131n tedavisi sonra gelir. Cenazelerin kald\u0131r\u0131ld\u0131\u011f\u0131, \u00f6fkenin art\u0131k sokaklara ta\u015ft\u0131\u011f\u0131 bir ortamda sadece \u201ciki t\u00fcrl\u00fc K\u00fcrt var, baz\u0131lar\u0131 karde\u015flerimiz, baz\u0131lar\u0131 b\u00f6l\u00fcc\u00fc\u201d diye tan\u0131mlayarak ba\u015flanamaz i\u015fe. \u00c7ok a\u00e7\u0131k: Ko\u015fulsuz genel aftan, k\u00f6ye d\u00f6n\u00fc\u015flerden, yani sava\u015f\u0131n sonu\u00e7lar\u0131ndan, sava\u015f\u0131n nedenine, yani anayasal vatanda\u015fl\u0131\u011fa kadar uzan\u0131yor bu zincir. Akla yatm\u0131yor mu? Bir tek \u015fey s\u00f6yleyebilirim. Tan\u0131nmak! Tan\u0131nmak dendi\u011finde kendiniz i\u00e7in ne d\u00fc\u015f\u00fcn\u00fcrseniz, akl\u0131n\u0131zdan ge\u00e7en her ne ise, i\u015fte K\u00fcrtler bunu istiyor. Televizyonu a\u00e7t\u0131\u011f\u0131m\u0131zda uzun bir kaval\u0131n ard\u0131ndan gelen \u201cHay\u00ea hay\u00ea\u201d seslerinin gerisini bekliyoruz lakin gelen bir K\u00fcrt\u00e7e c\u00fcmle duyam\u0131yoruz. Demeyin i\u00e7inizden, \u201cYa istedi\u011finiz televizyon mu, biz b\u0131kt\u0131k!\u201d Yan\u0131t\u0131m \u00e7ok net olur: \u201cBizim zaten \u00e7anaktan izledi\u011fimiz yedi sekiz televizyonumuz var. Ama unutmay\u0131n, siz bu yemekten s\u0131k\u0131lm\u0131\u015fs\u0131n\u0131z, biz ise daha tadamad\u0131k&#8230; Tad\u0131n\u0131 tarif etmeyin, b\u0131rak\u0131n bir ka\u015f\u0131k yiyelim&#8230; S\u00f6z, tencere sizin!\u201d Zaten deyim de var ya, \u201cK\u00fcrt yer i\u00e7er, \u00e7ar\u0131\u011f\u0131na bakar!\u201d diye.<\/p>\n<p> Devam edelim\u2026 K\u00fcrtler k\u00fcf\u00fcr yememekten tutal\u0131m, sadece duru\u015fma salonlar\u0131nda ifadeleri T\u00fcrk\u00e7eye bilirki\u015filerce \u00e7evrilerekten kamusal alanda yer almamaya kadar; da\u011fdaki gen\u00e7lerin inip, \u015fehirlerde istedi\u011fi hayat\u0131 ya\u015famalar\u0131na kadar ve bu ini\u015f esnas\u0131nda da \u201cAllah benden belam\u0131 vermi\u015f, beni Avrupa\u2019ya yollayacaklar\u0131n\u0131 s\u00f6ylediler, ama yalanm\u0131\u015f, ya\u015fas\u0131n T\u00fcrkiye Cumhuriyeti\u201d demelerinin beklenmemesine kadar; \u00e7ocuklar\u0131n ilkokula ba\u015flad\u0131klar\u0131nda sopa yiye yiye T\u00fcrk\u00e7e\u2019yi \u00f6\u011frenmek zorunda b\u0131rak\u0131lmamas\u0131ndan, kap\u0131c\u0131 rol\u00fcnden kurtulmaya kadar \u00e7ok \u015fey istiyor. Ve bu istekleri hayata ge\u00e7ene kadar K\u00fcrtler rahat durmayacak, \u00e7ok \u00fczg\u00fcn\u00fcm!<\/p>\n<p> T\u00fcrkiye\u2019de K\u00fcrt sorunu \u00e7\u00f6z\u00fclmezse, K\u00fcrtlerin g\u00f6z\u00fcn\u00fc dikece\u011fi ve dillendirecekleri bir model ise halihaz\u0131rda duruyor: Kuzey Irak! Hele de ABD\u2019nin \u00e7\u0131kar\u0131na bir ortam olu\u015ftu\u011fu anda bu kolayl\u0131kla ger\u00e7ekle\u015febilir. Ve ayd\u0131nlar-entellekt\u00fceller, demokrat ve sol kesimde T\u00fcrkiyeli K\u00fcrtlere kar\u015f\u0131 bir mesafe ba\u015flam\u0131\u015f durumda ki bu sanald\u0131r. \u00c7\u00fcnk\u00fc K\u00fcrt hareketi h\u00e2l\u00e2 anti-emperyalisttir. Kendi i\u00e7erisinde b\u00f6l\u00fcnmesi bile oryantalist bir kafayla yorumlan\u0131p \u201cHabil-Kabil karde\u015fler\u201d diye tan\u0131mland\u0131 fakat bu hareketin b\u00f6l\u00fcnmesindeki temel nokta, emperyalizm yanl\u0131lar\u0131 ile anti-emperyalistlerin \u00e7at\u0131\u015fmas\u0131yd\u0131. Ancak \u00f6n\u00fcne gelen her yeme\u011fe burun k\u0131v\u0131ran bir sarayl\u0131 \u00e7ocuk gibi, i\u015fin bu taraf\u0131ndan sunulan t\u00fcm \u00e7\u00f6z\u00fcm \u00f6nerilerine burun k\u0131vr\u0131ld\u0131k\u00e7a, tutars\u0131z bulunduk\u00e7a ve tekrar s\u00f6yleyeyim, bu halk sadece \u201ckoruma alt\u0131na al\u0131nmas\u0131 gereken\u201d garibanlar olarak alg\u0131land\u0131k\u00e7a, hemen yan\u0131 ba\u015f\u0131m\u0131zdaki devlet modeli, hepimiz i\u00e7in \u00e7ok geri bir noktad\u0131r ama el sallay\u0131p durur. Ki takip edildiyse e\u011fer, PKK y\u00f6neticileri son bir ay i\u00e7inde iki defa dillendirdiler, \u201cBa\u015fka yerden \u00e7\u00f6z\u00fcm bekleriz \u00f6yleyse\u201d diye. Yani i\u015fin amiyane \u00f6zeti \u015fudur: \u201cAdam\u0131 zorla emperyalist yapmay\u0131n!\u201d<\/p>\n<p>\u0130\u015f o noktaya geldi\u011finde, hi\u00e7birimizin s\u00f6yleyece\u011fi iki \u00e7ift s\u00f6z olmaz. Ve o vakit ger\u00e7ek bir Habil-Kabil hik\u00e2yesinin i\u00e7inde buluruz kendimizi. \u00c7\u00fcnk\u00fc bu d\u00f6nem uzad\u0131k\u00e7a, yasalar kotar\u0131lsa bile iki halk birbirini affetmeyecek noktaya ula\u015facak!<\/p>\n","protected":false},"excerpt":{"rendered":"<p>Ba\u011f\u0131\u015flay\u0131n\u0131z efendim, bir s\u00fcredir sizler-bizler ruh haline kap\u0131lm\u0131\u015f durumday\u0131m. Diyarbak\u0131r\u2019da temelli bulunman\u0131n verdi\u011fi bir aidiyet hali midir bilmiyorum ama m\u00fctemadiyen bir \u201cseslenme\u201d durumunun i\u00e7inde buluyorum kendimi. \u00d6ncelikle, \u0130stanbul\u2019dayken \u201ch\u00fcmanizm\u201d ekseninde tart\u0131\u015ft\u0131\u011f\u0131m\u0131z K\u00fcrt sorununun, Diyarbak\u0131r\u2019da ba\u015fka bir \u015fekil arzetti\u011fini s\u00f6ylemeliyim. Ve san\u0131r\u0131m temel s\u0131k\u0131nt\u0131m\u0131z da burada ba\u015fl\u0131yor. \u00c7\u00fcnk\u00fc K\u00fcrt sorunu, K\u00fcrtlerin bu sorunun varl\u0131\u011f\u0131n\u0131 dillendirirken kar\u015f\u0131la\u015ft\u0131klar\u0131 [&hellip;]<\/p>\n","protected":false},"author":1,"featured_media":0,"comment_status":"open","ping_status":"open","sticky":false,"template":"","format":"standard","meta":{"footnotes":""},"categories":[98],"tags":[],"class_list":{"0":"post-4471","1":"post","2":"type-post","3":"status-publish","4":"format-standard","6":"category-turkiye"},"yoast_head":"<!-- This site is optimized with the Yoast SEO Premium plugin v24.9 (Yoast SEO v24.9) - https:\/\/yoast.com\/wordpress\/plugins\/seo\/ -->\n<title>Aram\u0131zdaki Tek Fark Devlet, Ki Biz Ondan Vazge\u00e7tik | Evrim Alata\u015f - narteks.net<\/title>\n<meta name=\"robots\" content=\"index, follow, max-snippet:-1, max-image-preview:large, max-video-preview:-1\" \/>\n<link rel=\"canonical\" href=\"https:\/\/narteks.net\/index.php\/2010\/04\/12\/aramizdaki-tek-fark-devlet-ki-biz-ondan-vazgectik-evrim-alatas\/\" \/>\n<meta property=\"og:locale\" content=\"tr_TR\" \/>\n<meta property=\"og:type\" content=\"article\" \/>\n<meta property=\"og:title\" content=\"Aram\u0131zdaki Tek Fark Devlet, Ki Biz Ondan Vazge\u00e7tik | Evrim Alata\u015f\" \/>\n<meta property=\"og:description\" content=\"Ba\u011f\u0131\u015flay\u0131n\u0131z efendim, bir s\u00fcredir sizler-bizler ruh haline kap\u0131lm\u0131\u015f durumday\u0131m. Diyarbak\u0131r\u2019da temelli bulunman\u0131n verdi\u011fi bir aidiyet hali midir bilmiyorum ama m\u00fctemadiyen bir \u201cseslenme\u201d durumunun i\u00e7inde buluyorum kendimi. \u00d6ncelikle, \u0130stanbul\u2019dayken \u201ch\u00fcmanizm\u201d ekseninde tart\u0131\u015ft\u0131\u011f\u0131m\u0131z K\u00fcrt sorununun, Diyarbak\u0131r\u2019da ba\u015fka bir \u015fekil arzetti\u011fini s\u00f6ylemeliyim. Ve san\u0131r\u0131m temel s\u0131k\u0131nt\u0131m\u0131z da burada ba\u015fl\u0131yor. \u00c7\u00fcnk\u00fc K\u00fcrt sorunu, K\u00fcrtlerin bu sorunun varl\u0131\u011f\u0131n\u0131 dillendirirken kar\u015f\u0131la\u015ft\u0131klar\u0131 [&hellip;]\" \/>\n<meta property=\"og:url\" content=\"https:\/\/narteks.net\/index.php\/2010\/04\/12\/aramizdaki-tek-fark-devlet-ki-biz-ondan-vazgectik-evrim-alatas\/\" \/>\n<meta property=\"og:site_name\" content=\"narteks.net\" \/>\n<meta property=\"article:published_time\" content=\"2010-04-12T12:22:45+00:00\" \/>\n<meta property=\"og:image\" content=\"https:\/\/narteks.net\/wp-content\/uploads\/narteks.png\" \/>\n\t<meta property=\"og:image:width\" content=\"300\" \/>\n\t<meta property=\"og:image:height\" content=\"90\" \/>\n\t<meta property=\"og:image:type\" content=\"image\/png\" \/>\n<meta name=\"author\" content=\"Tar\u0131k\" \/>\n<meta name=\"twitter:card\" content=\"summary_large_image\" \/>\n<meta name=\"twitter:creator\" content=\"@narteks\" \/>\n<meta name=\"twitter:site\" content=\"@narteks\" \/>\n<meta name=\"twitter:label1\" content=\"Yazan:\" \/>\n\t<meta name=\"twitter:data1\" content=\"Tar\u0131k\" \/>\n\t<meta name=\"twitter:label2\" content=\"Tahmini okuma s\u00fcresi\" \/>\n\t<meta name=\"twitter:data2\" content=\"20 dakika\" \/>\n<script type=\"application\/ld+json\" class=\"yoast-schema-graph\">{\"@context\":\"https:\/\/schema.org\",\"@graph\":[{\"@type\":\"Article\",\"@id\":\"https:\/\/narteks.net\/index.php\/2010\/04\/12\/aramizdaki-tek-fark-devlet-ki-biz-ondan-vazgectik-evrim-alatas\/#article\",\"isPartOf\":{\"@id\":\"https:\/\/narteks.net\/index.php\/2010\/04\/12\/aramizdaki-tek-fark-devlet-ki-biz-ondan-vazgectik-evrim-alatas\/\"},\"author\":{\"name\":\"Tar\u0131k\",\"@id\":\"https:\/\/narteks.net\/#\/schema\/person\/61f37d9834294b72d31d274e7ed79bca\"},\"headline\":\"Aram\u0131zdaki Tek Fark Devlet, Ki Biz Ondan Vazge\u00e7tik | Evrim Alata\u015f\",\"datePublished\":\"2010-04-12T12:22:45+00:00\",\"mainEntityOfPage\":{\"@id\":\"https:\/\/narteks.net\/index.php\/2010\/04\/12\/aramizdaki-tek-fark-devlet-ki-biz-ondan-vazgectik-evrim-alatas\/\"},\"wordCount\":3955,\"commentCount\":0,\"publisher\":{\"@id\":\"https:\/\/narteks.net\/#organization\"},\"articleSection\":[\"T\u00fcrkiye\"],\"inLanguage\":\"tr\",\"potentialAction\":[{\"@type\":\"CommentAction\",\"name\":\"Comment\",\"target\":[\"https:\/\/narteks.net\/index.php\/2010\/04\/12\/aramizdaki-tek-fark-devlet-ki-biz-ondan-vazgectik-evrim-alatas\/#respond\"]}]},{\"@type\":\"WebPage\",\"@id\":\"https:\/\/narteks.net\/index.php\/2010\/04\/12\/aramizdaki-tek-fark-devlet-ki-biz-ondan-vazgectik-evrim-alatas\/\",\"url\":\"https:\/\/narteks.net\/index.php\/2010\/04\/12\/aramizdaki-tek-fark-devlet-ki-biz-ondan-vazgectik-evrim-alatas\/\",\"name\":\"Aram\u0131zdaki Tek Fark Devlet, Ki Biz Ondan Vazge\u00e7tik | Evrim Alata\u015f - narteks.net\",\"isPartOf\":{\"@id\":\"https:\/\/narteks.net\/#website\"},\"datePublished\":\"2010-04-12T12:22:45+00:00\",\"breadcrumb\":{\"@id\":\"https:\/\/narteks.net\/index.php\/2010\/04\/12\/aramizdaki-tek-fark-devlet-ki-biz-ondan-vazgectik-evrim-alatas\/#breadcrumb\"},\"inLanguage\":\"tr\",\"potentialAction\":[{\"@type\":\"ReadAction\",\"target\":[\"https:\/\/narteks.net\/index.php\/2010\/04\/12\/aramizdaki-tek-fark-devlet-ki-biz-ondan-vazgectik-evrim-alatas\/\"]}]},{\"@type\":\"BreadcrumbList\",\"@id\":\"https:\/\/narteks.net\/index.php\/2010\/04\/12\/aramizdaki-tek-fark-devlet-ki-biz-ondan-vazgectik-evrim-alatas\/#breadcrumb\",\"itemListElement\":[{\"@type\":\"ListItem\",\"position\":1,\"name\":\"Anasayfa\",\"item\":\"https:\/\/narteks.net\/\"},{\"@type\":\"ListItem\",\"position\":2,\"name\":\"Aram\u0131zdaki Tek Fark Devlet, Ki Biz Ondan Vazge\u00e7tik | Evrim Alata\u015f\"}]},{\"@type\":\"WebSite\",\"@id\":\"https:\/\/narteks.net\/#website\",\"url\":\"https:\/\/narteks.net\/\",\"name\":\"narteks.net\",\"description\":\"K\u00fclt\u00fcr Sanat Edebiyat Felsefe\",\"publisher\":{\"@id\":\"https:\/\/narteks.net\/#organization\"},\"alternateName\":\"K\u00fclt\u00fcr Sanat Edebiyat Felsefe\",\"potentialAction\":[{\"@type\":\"SearchAction\",\"target\":{\"@type\":\"EntryPoint\",\"urlTemplate\":\"https:\/\/narteks.net\/?s={search_term_string}\"},\"query-input\":{\"@type\":\"PropertyValueSpecification\",\"valueRequired\":true,\"valueName\":\"search_term_string\"}}],\"inLanguage\":\"tr\"},{\"@type\":\"Organization\",\"@id\":\"https:\/\/narteks.net\/#organization\",\"name\":\"narteks.net\",\"url\":\"https:\/\/narteks.net\/\",\"logo\":{\"@type\":\"ImageObject\",\"inLanguage\":\"tr\",\"@id\":\"https:\/\/narteks.net\/#\/schema\/logo\/image\/\",\"url\":\"https:\/\/narteks.net\/wp-content\/uploads\/narteks.png\",\"contentUrl\":\"https:\/\/narteks.net\/wp-content\/uploads\/narteks.png\",\"width\":300,\"height\":90,\"caption\":\"narteks.net\"},\"image\":{\"@id\":\"https:\/\/narteks.net\/#\/schema\/logo\/image\/\"},\"sameAs\":[\"https:\/\/x.com\/narteks\",\"https:\/\/instagram.com\/narteksnet\"]},{\"@type\":\"Person\",\"@id\":\"https:\/\/narteks.net\/#\/schema\/person\/61f37d9834294b72d31d274e7ed79bca\",\"name\":\"Tar\u0131k\",\"image\":{\"@type\":\"ImageObject\",\"inLanguage\":\"tr\",\"@id\":\"https:\/\/narteks.net\/#\/schema\/person\/image\/\",\"url\":\"https:\/\/secure.gravatar.com\/avatar\/50865afb55632c4ae467e0af0930f6510aa2297d8014be502a55b14f3b7550cf?s=96&d=mm&r=g\",\"contentUrl\":\"https:\/\/secure.gravatar.com\/avatar\/50865afb55632c4ae467e0af0930f6510aa2297d8014be502a55b14f3b7550cf?s=96&d=mm&r=g\",\"caption\":\"Tar\u0131k\"},\"sameAs\":[\"http:\/\/narteks.net\"],\"url\":\"https:\/\/narteks.net\/index.php\/author\/narbak\/\"}]}<\/script>\n<!-- \/ Yoast SEO Premium plugin. -->","yoast_head_json":{"title":"Aram\u0131zdaki Tek Fark Devlet, Ki Biz Ondan Vazge\u00e7tik | Evrim Alata\u015f - narteks.net","robots":{"index":"index","follow":"follow","max-snippet":"max-snippet:-1","max-image-preview":"max-image-preview:large","max-video-preview":"max-video-preview:-1"},"canonical":"https:\/\/narteks.net\/index.php\/2010\/04\/12\/aramizdaki-tek-fark-devlet-ki-biz-ondan-vazgectik-evrim-alatas\/","og_locale":"tr_TR","og_type":"article","og_title":"Aram\u0131zdaki Tek Fark Devlet, Ki Biz Ondan Vazge\u00e7tik | Evrim Alata\u015f","og_description":"Ba\u011f\u0131\u015flay\u0131n\u0131z efendim, bir s\u00fcredir sizler-bizler ruh haline kap\u0131lm\u0131\u015f durumday\u0131m. Diyarbak\u0131r\u2019da temelli bulunman\u0131n verdi\u011fi bir aidiyet hali midir bilmiyorum ama m\u00fctemadiyen bir \u201cseslenme\u201d durumunun i\u00e7inde buluyorum kendimi. \u00d6ncelikle, \u0130stanbul\u2019dayken \u201ch\u00fcmanizm\u201d ekseninde tart\u0131\u015ft\u0131\u011f\u0131m\u0131z K\u00fcrt sorununun, Diyarbak\u0131r\u2019da ba\u015fka bir \u015fekil arzetti\u011fini s\u00f6ylemeliyim. Ve san\u0131r\u0131m temel s\u0131k\u0131nt\u0131m\u0131z da burada ba\u015fl\u0131yor. \u00c7\u00fcnk\u00fc K\u00fcrt sorunu, K\u00fcrtlerin bu sorunun varl\u0131\u011f\u0131n\u0131 dillendirirken kar\u015f\u0131la\u015ft\u0131klar\u0131 [&hellip;]","og_url":"https:\/\/narteks.net\/index.php\/2010\/04\/12\/aramizdaki-tek-fark-devlet-ki-biz-ondan-vazgectik-evrim-alatas\/","og_site_name":"narteks.net","article_published_time":"2010-04-12T12:22:45+00:00","og_image":[{"width":300,"height":90,"url":"https:\/\/narteks.net\/wp-content\/uploads\/narteks.png","type":"image\/png"}],"author":"Tar\u0131k","twitter_card":"summary_large_image","twitter_creator":"@narteks","twitter_site":"@narteks","twitter_misc":{"Yazan:":"Tar\u0131k","Tahmini okuma s\u00fcresi":"20 dakika"},"schema":{"@context":"https:\/\/schema.org","@graph":[{"@type":"Article","@id":"https:\/\/narteks.net\/index.php\/2010\/04\/12\/aramizdaki-tek-fark-devlet-ki-biz-ondan-vazgectik-evrim-alatas\/#article","isPartOf":{"@id":"https:\/\/narteks.net\/index.php\/2010\/04\/12\/aramizdaki-tek-fark-devlet-ki-biz-ondan-vazgectik-evrim-alatas\/"},"author":{"name":"Tar\u0131k","@id":"https:\/\/narteks.net\/#\/schema\/person\/61f37d9834294b72d31d274e7ed79bca"},"headline":"Aram\u0131zdaki Tek Fark Devlet, Ki Biz Ondan Vazge\u00e7tik | Evrim Alata\u015f","datePublished":"2010-04-12T12:22:45+00:00","mainEntityOfPage":{"@id":"https:\/\/narteks.net\/index.php\/2010\/04\/12\/aramizdaki-tek-fark-devlet-ki-biz-ondan-vazgectik-evrim-alatas\/"},"wordCount":3955,"commentCount":0,"publisher":{"@id":"https:\/\/narteks.net\/#organization"},"articleSection":["T\u00fcrkiye"],"inLanguage":"tr","potentialAction":[{"@type":"CommentAction","name":"Comment","target":["https:\/\/narteks.net\/index.php\/2010\/04\/12\/aramizdaki-tek-fark-devlet-ki-biz-ondan-vazgectik-evrim-alatas\/#respond"]}]},{"@type":"WebPage","@id":"https:\/\/narteks.net\/index.php\/2010\/04\/12\/aramizdaki-tek-fark-devlet-ki-biz-ondan-vazgectik-evrim-alatas\/","url":"https:\/\/narteks.net\/index.php\/2010\/04\/12\/aramizdaki-tek-fark-devlet-ki-biz-ondan-vazgectik-evrim-alatas\/","name":"Aram\u0131zdaki Tek Fark Devlet, Ki Biz Ondan Vazge\u00e7tik | Evrim Alata\u015f - narteks.net","isPartOf":{"@id":"https:\/\/narteks.net\/#website"},"datePublished":"2010-04-12T12:22:45+00:00","breadcrumb":{"@id":"https:\/\/narteks.net\/index.php\/2010\/04\/12\/aramizdaki-tek-fark-devlet-ki-biz-ondan-vazgectik-evrim-alatas\/#breadcrumb"},"inLanguage":"tr","potentialAction":[{"@type":"ReadAction","target":["https:\/\/narteks.net\/index.php\/2010\/04\/12\/aramizdaki-tek-fark-devlet-ki-biz-ondan-vazgectik-evrim-alatas\/"]}]},{"@type":"BreadcrumbList","@id":"https:\/\/narteks.net\/index.php\/2010\/04\/12\/aramizdaki-tek-fark-devlet-ki-biz-ondan-vazgectik-evrim-alatas\/#breadcrumb","itemListElement":[{"@type":"ListItem","position":1,"name":"Anasayfa","item":"https:\/\/narteks.net\/"},{"@type":"ListItem","position":2,"name":"Aram\u0131zdaki Tek Fark Devlet, Ki Biz Ondan Vazge\u00e7tik | Evrim Alata\u015f"}]},{"@type":"WebSite","@id":"https:\/\/narteks.net\/#website","url":"https:\/\/narteks.net\/","name":"narteks.net","description":"K\u00fclt\u00fcr Sanat Edebiyat Felsefe","publisher":{"@id":"https:\/\/narteks.net\/#organization"},"alternateName":"K\u00fclt\u00fcr Sanat Edebiyat Felsefe","potentialAction":[{"@type":"SearchAction","target":{"@type":"EntryPoint","urlTemplate":"https:\/\/narteks.net\/?s={search_term_string}"},"query-input":{"@type":"PropertyValueSpecification","valueRequired":true,"valueName":"search_term_string"}}],"inLanguage":"tr"},{"@type":"Organization","@id":"https:\/\/narteks.net\/#organization","name":"narteks.net","url":"https:\/\/narteks.net\/","logo":{"@type":"ImageObject","inLanguage":"tr","@id":"https:\/\/narteks.net\/#\/schema\/logo\/image\/","url":"https:\/\/narteks.net\/wp-content\/uploads\/narteks.png","contentUrl":"https:\/\/narteks.net\/wp-content\/uploads\/narteks.png","width":300,"height":90,"caption":"narteks.net"},"image":{"@id":"https:\/\/narteks.net\/#\/schema\/logo\/image\/"},"sameAs":["https:\/\/x.com\/narteks","https:\/\/instagram.com\/narteksnet"]},{"@type":"Person","@id":"https:\/\/narteks.net\/#\/schema\/person\/61f37d9834294b72d31d274e7ed79bca","name":"Tar\u0131k","image":{"@type":"ImageObject","inLanguage":"tr","@id":"https:\/\/narteks.net\/#\/schema\/person\/image\/","url":"https:\/\/secure.gravatar.com\/avatar\/50865afb55632c4ae467e0af0930f6510aa2297d8014be502a55b14f3b7550cf?s=96&d=mm&r=g","contentUrl":"https:\/\/secure.gravatar.com\/avatar\/50865afb55632c4ae467e0af0930f6510aa2297d8014be502a55b14f3b7550cf?s=96&d=mm&r=g","caption":"Tar\u0131k"},"sameAs":["http:\/\/narteks.net"],"url":"https:\/\/narteks.net\/index.php\/author\/narbak\/"}]}},"_links":{"self":[{"href":"https:\/\/narteks.net\/index.php\/wp-json\/wp\/v2\/posts\/4471","targetHints":{"allow":["GET"]}}],"collection":[{"href":"https:\/\/narteks.net\/index.php\/wp-json\/wp\/v2\/posts"}],"about":[{"href":"https:\/\/narteks.net\/index.php\/wp-json\/wp\/v2\/types\/post"}],"author":[{"embeddable":true,"href":"https:\/\/narteks.net\/index.php\/wp-json\/wp\/v2\/users\/1"}],"replies":[{"embeddable":true,"href":"https:\/\/narteks.net\/index.php\/wp-json\/wp\/v2\/comments?post=4471"}],"version-history":[{"count":0,"href":"https:\/\/narteks.net\/index.php\/wp-json\/wp\/v2\/posts\/4471\/revisions"}],"wp:attachment":[{"href":"https:\/\/narteks.net\/index.php\/wp-json\/wp\/v2\/media?parent=4471"}],"wp:term":[{"taxonomy":"category","embeddable":true,"href":"https:\/\/narteks.net\/index.php\/wp-json\/wp\/v2\/categories?post=4471"},{"taxonomy":"post_tag","embeddable":true,"href":"https:\/\/narteks.net\/index.php\/wp-json\/wp\/v2\/tags?post=4471"}],"curies":[{"name":"wp","href":"https:\/\/api.w.org\/{rel}","templated":true}]}}